




{"id":29609,"date":"2012-03-26T17:32:00","date_gmt":"2012-03-26T14:32:00","guid":{"rendered":"http:\/\/qtmm.org\/?p=29609"},"modified":"2022-01-21T17:34:26","modified_gmt":"2022-01-21T14:34:26","slug":"qirimnin-tarihiy-medeniy-mirasi-leyhasi-calisip-basladi","status":"publish","type":"post","link":"https:\/\/qtmm.org\/qt\/qirimnin-tarihiy-medeniy-mirasi-leyhasi-calisip-basladi\/","title":{"rendered":"\u00abQ\u0131r\u0131mn\u0131\u00f1 tarihiy-medeniy miras\u0131\u00bb leyhas\u0131 \u00e7al\u0131\u015f\u0131p ba\u015flad\u0131"},"content":{"rendered":"\n<p>2012 senesi mart 24 k\u00fcn\u00fc Q\u0131r\u0131mtatar halq\u0131 Meclisini\u00f1 reisi Mustafa Cemilev Q\u0131r\u0131m\u011fa &#8220;Q\u0131r\u0131mn\u0131\u00f1 tarihiy-medeniy miras\u0131&#8221; leyhas\u0131n\u0131 \u00f6m\u00fcrge ke\u00e7ir\u00fcv \u00e7er\u00e7ivesinde te\u015frif buyur\u011fan bir gruppa t\u00fcrkiyeli alimlerni Meclis \u00f6fiisinde qabul etti.<\/p>\n\n\n\n<p>T\u00fcrkiye delegatsiyas\u0131n\u0131 belli tarih\u00e7\u0131, A\u00f1aradaki &#8220;Bilkent&#8221; universitetini\u00f1 professor\u0131 Haqan QIRIMLI, doktor Nicole Nur KAN\u00c7AL, \u0130stanbul universiteti, T\u00fcrkiye Cumhuriyeti Nazirler \u015furas\u0131 \u00c7eteldeki t\u00fcrklerni\u00f1 i\u015fleri boyunca departamenti yan\u0131nda Balqanlar ve \u015earqiy Avropa devletlerini\u00f1 koordinator\u0131 Memet QILI\u00c7, bun\u0131\u00f1 kibi de T\u00fcrkiye Cumhuriyeti Nazirler \u015furas\u0131 \u00c7eteldeki t\u00fcrklerni\u00f1 i\u015fleri boyunca departamentini\u00f1 hadimleri Yeliz OZ, Veysel G\u00dcZD\u00dcZ, Tarihiy abidelerni\u00f1 restavratsiyas\u0131 boyunca T\u00fcrkiye vaquflar\u0131 ba\u015f idaresini\u00f1 hadimleri G\u00f6k\u00e7e G\u00dcNEL i G\u00fcl\u015fen D\u0130\u015eL\u0130 temsil ettiler.<\/p>\n\n\n\n<figure class=\"wp-block-image size-full\"><img loading=\"lazy\" decoding=\"async\" width=\"800\" height=\"533\" src=\"http:\/\/qtmm.org\/wp-content\/uploads\/2022\/01\/1_23-1.jpeg\" alt=\"\" class=\"wp-image-29614\" srcset=\"https:\/\/qtmm.org\/wp-content\/uploads\/2022\/01\/1_23-1.jpeg 800w, https:\/\/qtmm.org\/wp-content\/uploads\/2022\/01\/1_23-1-300x200.jpeg 300w, https:\/\/qtmm.org\/wp-content\/uploads\/2022\/01\/1_23-1-768x512.jpeg 768w\" sizes=\"auto, (max-width: 800px) 100vw, 800px\" \/><\/figure>\n\n\n\n<p>K\u00f6r\u00fc\u015f\u00fcvde Meclis reisini\u00f1 birinci muavini Refat \u00c7ubarov, Meclis t\u0131\u015fq\u0131 al\u00e2qalar b\u00f6l\u00fcgini\u00f1 ba\u015f\u0131 Ali Hamzin, Meclis reisini\u00f1 T\u00fcrkiyenen al\u00e2qalar boyunca mesleat\u00e7\u0131s\u0131 \u0130smet Y\u00fcksel ve &#8220;Bizim Q\u0131r\u0131m&#8221; Halqara gen\u00e7ler te\u015fkil\u00e2t\u0131n\u0131\u00f1 reisi Abduraman Egiz i\u015ftirak ettiler.<\/p>\n\n\n\n<p>&#8220;Q\u0131r\u0131mn\u0131\u00f1 tarihiy-medeniy miras\u0131&#8221; leyhas\u0131n\u0131\u00f1 ker\u00e7ekle\u015ftirilmesi i\u00e7\u00fcn, &#8211; dedi Haqan Q\u0131r\u0131ml\u0131, &#8211; T\u00fcrkiye ve Q\u0131r\u0131mda tarih, ilim, sanat\u015f\u0131nasl\u0131q, mimarl\u0131q, resim saas\u0131nda \u00e7al\u0131\u015fqan m\u00fctehass\u0131s ve ekspertlerden ibaret y\u00fcksek professional gruppa \u015fekillendirildi. Leyha \u00e7er\u00e7ivesinde q\u0131r\u0131mtatar halq\u0131n\u0131\u00f1 saqlan\u0131p qal\u011fan tarih ve medeniy abideleri \u00f6grenilecek. Ara\u015ft\u0131rma i\u015flerni\u00f1 b\u00fct\u00fcn basq\u0131\u00e7lar\u0131 resim ve video\u011fa \u00e7ekilecek. Delegatsiyan\u0131\u00f1 eki basq\u0131\u00e7tan ibaret i\u015flerini\u00f1 neticesi olaraq fotoekpozitsiyan\u0131\u00f1 az\u0131rlanmas\u0131 ve ekspeditsiya renkli katalog\u0131n\u0131\u00f1 ne\u015fir etilmesi k\u00f6zde tutula&#8221;.<\/p>\n\n\n\n<figure class=\"wp-block-image size-full\"><img loading=\"lazy\" decoding=\"async\" width=\"800\" height=\"533\" src=\"http:\/\/qtmm.org\/wp-content\/uploads\/2022\/01\/6_2-1.jpeg\" alt=\"\" class=\"wp-image-29618\" srcset=\"https:\/\/qtmm.org\/wp-content\/uploads\/2022\/01\/6_2-1.jpeg 800w, https:\/\/qtmm.org\/wp-content\/uploads\/2022\/01\/6_2-1-300x200.jpeg 300w, https:\/\/qtmm.org\/wp-content\/uploads\/2022\/01\/6_2-1-768x512.jpeg 768w\" sizes=\"auto, (max-width: 800px) 100vw, 800px\" \/><\/figure>\n\n\n\n<p>Bundan da \u011fayr\u0131, leyha i\u015ftirak\u00e7ilerini\u00f1 esas maqsad\u0131 \u2013 q\u0131r\u0131mtatar halq\u0131 tarihiy-medeniy abideleri \u011fayr\u0131dan tiklenilmesine yard\u0131m et\u00fcv, mimarl\u0131q yadik\u00e2rl\u0131qlar\u0131n\u0131\u00f1 bug\u00fcnki vaziyetini belgilev ve t\u00fcrkiy halqlar aras\u0131nda Q\u0131r\u0131m hanl\u0131\u011f\u0131 devrine ait ulu mirasn\u0131\u00f1 \u011fayr\u0131dan tiklenilmesi zarurl\u0131\u011f\u0131 husus\u0131ndaki fikirni tarqatmaqt\u0131r.<\/p>\n\n\n\n<figure class=\"wp-block-image size-full\"><img loading=\"lazy\" decoding=\"async\" width=\"800\" height=\"533\" src=\"http:\/\/qtmm.org\/wp-content\/uploads\/2022\/01\/8_1-1.jpeg\" alt=\"\" class=\"wp-image-29622\" srcset=\"https:\/\/qtmm.org\/wp-content\/uploads\/2022\/01\/8_1-1.jpeg 800w, https:\/\/qtmm.org\/wp-content\/uploads\/2022\/01\/8_1-1-300x200.jpeg 300w, https:\/\/qtmm.org\/wp-content\/uploads\/2022\/01\/8_1-1-768x512.jpeg 768w\" sizes=\"auto, (max-width: 800px) 100vw, 800px\" \/><\/figure>\n\n\n\n<p>Q\u0131r\u0131mtatar halq\u0131 Meclisini\u00f1 reisi Mustafa Cemilev T\u00fcrkiye Cumhuriyeti Nazirler \u015furas\u0131 \u00c7eteldeki t\u00fcrklerni\u00f1 i\u015fleri boyunca departamentine q\u0131r\u0131mtatar halq\u0131 i\u00e7\u00fcn bu qadar m\u00fcim ve zarur ol\u011fan &#8220;Q\u0131r\u0131mn\u0131\u00f1 tarihiy-medeniy miras\u0131&#8221; leyhas\u0131 i\u00e7\u00fcn teren minnetdarl\u0131\u011f\u0131n\u0131 bildirdi. &#8220;Q\u0131r\u0131mtatar halq\u0131 uzun y\u0131llar devam\u0131nda \u011fay\u0131p etilgen \u00f6z miras\u0131n\u0131 direm-direm toplamaqta, &#8211; Mustafa Cemilev.- Bug\u00fcn qarda\u015f t\u00fcrk halq\u0131ndan ameliy yard\u0131m al\u011fan q\u0131r\u0131mtatarlar tarihiy asabal\u0131\u011f\u0131m\u0131z ve nesiller hat\u0131ras\u0131n\u0131 \u011fayr\u0131dan tiklev o\u011frundaki areketleri\u00f1izge pek y\u00fcksek q\u0131ymet keseler&#8221;.<\/p>\n","protected":false},"excerpt":{"rendered":"<p>2012 senesi mart 24 k\u00fcn\u00fc Q\u0131r\u0131mtatar halq\u0131 Meclisini\u00f1 reisi Mustafa Cemilev Q\u0131r\u0131m\u011fa &#8220;Q\u0131r\u0131mn\u0131\u00f1 tarihiy-medeniy miras\u0131&#8221; leyhas\u0131n\u0131 \u00f6m\u00fcrge ke\u00e7ir\u00fcv \u00e7er\u00e7ivesinde te\u015frif buyur\u011fan bir gruppa t\u00fcrkiyeli alimlerni Meclis \u00f6fiisinde qabul etti. T\u00fcrkiye delegatsiyas\u0131n\u0131 belli tarih\u00e7\u0131, A\u00f1aradaki &#8220;Bilkent&#8221; universitetini\u00f1 professor\u0131 Haqan QIRIMLI, doktor Nicole Nur KAN\u00c7AL, \u0130stanbul universiteti, T\u00fcrkiye Cumhuriyeti Nazirler \u015furas\u0131 \u00c7eteldeki t\u00fcrklerni\u00f1 i\u015fleri boyunca departamenti yan\u0131nda [&hellip;]<\/p>\n","protected":false},"author":1,"featured_media":29610,"comment_status":"open","ping_status":"open","sticky":false,"template":"","format":"standard","meta":{"inline_featured_image":false,"footnotes":""},"categories":[265],"tags":[],"class_list":["post-29609","post","type-post","status-publish","format-standard","has-post-thumbnail","hentry","category-haberler"],"acf":[],"yoast_head":"<!-- This site is optimized with the Yoast SEO plugin v27.4 - https:\/\/yoast.com\/product\/yoast-seo-wordpress\/ -->\n<title>\u00abQ\u0131r\u0131mn\u0131\u00f1 tarihiy-medeniy miras\u0131\u00bb leyhas\u0131 \u00e7al\u0131\u015f\u0131p ba\u015flad\u0131 - \u041c\u0435\u0434\u0436\u043b\u0456\u0441<\/title>\n<meta name=\"robots\" content=\"index, follow, max-snippet:-1, max-image-preview:large, max-video-preview:-1\" \/>\n<link rel=\"canonical\" href=\"https:\/\/qtmm.org\/qt\/qirimnin-tarihiy-medeniy-mirasi-leyhasi-calisip-basladi\/\" \/>\n<meta property=\"og:locale\" content=\"en_US\" \/>\n<meta property=\"og:type\" content=\"article\" \/>\n<meta property=\"og:title\" content=\"\u00abQ\u0131r\u0131mn\u0131\u00f1 tarihiy-medeniy miras\u0131\u00bb leyhas\u0131 \u00e7al\u0131\u015f\u0131p ba\u015flad\u0131 - \u041c\u0435\u0434\u0436\u043b\u0456\u0441\" \/>\n<meta property=\"og:description\" content=\"2012 senesi mart 24 k\u00fcn\u00fc Q\u0131r\u0131mtatar halq\u0131 Meclisini\u00f1 reisi Mustafa Cemilev Q\u0131r\u0131m\u011fa &#8220;Q\u0131r\u0131mn\u0131\u00f1 tarihiy-medeniy miras\u0131&#8221; leyhas\u0131n\u0131 \u00f6m\u00fcrge ke\u00e7ir\u00fcv \u00e7er\u00e7ivesinde te\u015frif buyur\u011fan bir gruppa t\u00fcrkiyeli alimlerni Meclis \u00f6fiisinde qabul etti. T\u00fcrkiye delegatsiyas\u0131n\u0131 belli tarih\u00e7\u0131, A\u00f1aradaki &#8220;Bilkent&#8221; universitetini\u00f1 professor\u0131 Haqan QIRIMLI, doktor Nicole Nur KAN\u00c7AL, \u0130stanbul universiteti, T\u00fcrkiye Cumhuriyeti Nazirler \u015furas\u0131 \u00c7eteldeki t\u00fcrklerni\u00f1 i\u015fleri boyunca departamenti yan\u0131nda [&hellip;]\" \/>\n<meta property=\"og:url\" content=\"https:\/\/qtmm.org\/qt\/qirimnin-tarihiy-medeniy-mirasi-leyhasi-calisip-basladi\/\" \/>\n<meta property=\"og:site_name\" content=\"\u041c\u0435\u0434\u0436\u043b\u0456\u0441\" \/>\n<meta property=\"article:publisher\" content=\"https:\/\/www.facebook.com\/qtmm.info\/\" \/>\n<meta property=\"article:published_time\" content=\"2012-03-26T14:32:00+00:00\" \/>\n<meta property=\"article:modified_time\" content=\"2022-01-21T14:34:26+00:00\" \/>\n<meta property=\"og:image\" content=\"https:\/\/qtmm.org\/wp-content\/uploads\/2022\/01\/4_11-1.jpeg\" \/>\n\t<meta property=\"og:image:width\" content=\"800\" \/>\n\t<meta property=\"og:image:height\" content=\"533\" \/>\n\t<meta property=\"og:image:type\" content=\"image\/jpeg\" \/>\n<meta name=\"author\" content=\"Developer\" \/>\n<meta name=\"twitter:card\" content=\"summary_large_image\" \/>\n<meta name=\"twitter:label1\" content=\"Written by\" \/>\n\t<meta name=\"twitter:data1\" content=\"Developer\" \/>\n\t<meta name=\"twitter:label2\" content=\"Est. reading time\" \/>\n\t<meta name=\"twitter:data2\" content=\"2 minutes\" \/>\n<script type=\"application\/ld+json\" class=\"yoast-schema-graph\">{\"@context\":\"https:\\\/\\\/schema.org\",\"@graph\":[{\"@type\":\"Article\",\"@id\":\"https:\\\/\\\/qtmm.org\\\/qt\\\/qirimnin-tarihiy-medeniy-mirasi-leyhasi-calisip-basladi\\\/#article\",\"isPartOf\":{\"@id\":\"https:\\\/\\\/qtmm.org\\\/qt\\\/qirimnin-tarihiy-medeniy-mirasi-leyhasi-calisip-basladi\\\/\"},\"author\":{\"name\":\"Developer\",\"@id\":\"https:\\\/\\\/qtmm.org\\\/qt\\\/#\\\/schema\\\/person\\\/de562469f971dec226ac06e60bbf74a7\"},\"headline\":\"\u00abQ\u0131r\u0131mn\u0131\u00f1 tarihiy-medeniy miras\u0131\u00bb leyhas\u0131 \u00e7al\u0131\u015f\u0131p ba\u015flad\u0131\",\"datePublished\":\"2012-03-26T14:32:00+00:00\",\"dateModified\":\"2022-01-21T14:34:26+00:00\",\"mainEntityOfPage\":{\"@id\":\"https:\\\/\\\/qtmm.org\\\/qt\\\/qirimnin-tarihiy-medeniy-mirasi-leyhasi-calisip-basladi\\\/\"},\"wordCount\":452,\"commentCount\":0,\"publisher\":{\"@id\":\"https:\\\/\\\/qtmm.org\\\/qt\\\/#organization\"},\"image\":{\"@id\":\"https:\\\/\\\/qtmm.org\\\/qt\\\/qirimnin-tarihiy-medeniy-mirasi-leyhasi-calisip-basladi\\\/#primaryimage\"},\"thumbnailUrl\":\"https:\\\/\\\/qtmm.org\\\/wp-content\\\/uploads\\\/2022\\\/01\\\/4_11-1.jpeg\",\"articleSection\":[\"Haberler\"],\"inLanguage\":\"qt\",\"potentialAction\":[{\"@type\":\"CommentAction\",\"name\":\"Comment\",\"target\":[\"https:\\\/\\\/qtmm.org\\\/qt\\\/qirimnin-tarihiy-medeniy-mirasi-leyhasi-calisip-basladi\\\/#respond\"]}]},{\"@type\":\"WebPage\",\"@id\":\"https:\\\/\\\/qtmm.org\\\/qt\\\/qirimnin-tarihiy-medeniy-mirasi-leyhasi-calisip-basladi\\\/\",\"url\":\"https:\\\/\\\/qtmm.org\\\/qt\\\/qirimnin-tarihiy-medeniy-mirasi-leyhasi-calisip-basladi\\\/\",\"name\":\"\u00abQ\u0131r\u0131mn\u0131\u00f1 tarihiy-medeniy miras\u0131\u00bb leyhas\u0131 \u00e7al\u0131\u015f\u0131p ba\u015flad\u0131 - \u041c\u0435\u0434\u0436\u043b\u0456\u0441\",\"isPartOf\":{\"@id\":\"https:\\\/\\\/qtmm.org\\\/qt\\\/#website\"},\"primaryImageOfPage\":{\"@id\":\"https:\\\/\\\/qtmm.org\\\/qt\\\/qirimnin-tarihiy-medeniy-mirasi-leyhasi-calisip-basladi\\\/#primaryimage\"},\"image\":{\"@id\":\"https:\\\/\\\/qtmm.org\\\/qt\\\/qirimnin-tarihiy-medeniy-mirasi-leyhasi-calisip-basladi\\\/#primaryimage\"},\"thumbnailUrl\":\"https:\\\/\\\/qtmm.org\\\/wp-content\\\/uploads\\\/2022\\\/01\\\/4_11-1.jpeg\",\"datePublished\":\"2012-03-26T14:32:00+00:00\",\"dateModified\":\"2022-01-21T14:34:26+00:00\",\"breadcrumb\":{\"@id\":\"https:\\\/\\\/qtmm.org\\\/qt\\\/qirimnin-tarihiy-medeniy-mirasi-leyhasi-calisip-basladi\\\/#breadcrumb\"},\"inLanguage\":\"qt\",\"potentialAction\":[{\"@type\":\"ReadAction\",\"target\":[\"https:\\\/\\\/qtmm.org\\\/qt\\\/qirimnin-tarihiy-medeniy-mirasi-leyhasi-calisip-basladi\\\/\"]}]},{\"@type\":\"ImageObject\",\"inLanguage\":\"qt\",\"@id\":\"https:\\\/\\\/qtmm.org\\\/qt\\\/qirimnin-tarihiy-medeniy-mirasi-leyhasi-calisip-basladi\\\/#primaryimage\",\"url\":\"https:\\\/\\\/qtmm.org\\\/wp-content\\\/uploads\\\/2022\\\/01\\\/4_11-1.jpeg\",\"contentUrl\":\"https:\\\/\\\/qtmm.org\\\/wp-content\\\/uploads\\\/2022\\\/01\\\/4_11-1.jpeg\",\"width\":800,\"height\":533},{\"@type\":\"BreadcrumbList\",\"@id\":\"https:\\\/\\\/qtmm.org\\\/qt\\\/qirimnin-tarihiy-medeniy-mirasi-leyhasi-calisip-basladi\\\/#breadcrumb\",\"itemListElement\":[{\"@type\":\"ListItem\",\"position\":1,\"name\":\"\u0413\u043e\u043b\u043e\u0432\u043d\u0430\",\"item\":\"https:\\\/\\\/qtmm.org\\\/qt\\\/\"},{\"@type\":\"ListItem\",\"position\":2,\"name\":\"\u00abQ\u0131r\u0131mn\u0131\u00f1 tarihiy-medeniy miras\u0131\u00bb leyhas\u0131 \u00e7al\u0131\u015f\u0131p ba\u015flad\u0131\"}]},{\"@type\":\"WebSite\",\"@id\":\"https:\\\/\\\/qtmm.org\\\/qt\\\/#website\",\"url\":\"https:\\\/\\\/qtmm.org\\\/qt\\\/\",\"name\":\"\u041c\u0435\u0434\u0436\u043b\u0456\u0441\",\"description\":\"\",\"publisher\":{\"@id\":\"https:\\\/\\\/qtmm.org\\\/qt\\\/#organization\"},\"potentialAction\":[{\"@type\":\"SearchAction\",\"target\":{\"@type\":\"EntryPoint\",\"urlTemplate\":\"https:\\\/\\\/qtmm.org\\\/qt\\\/?s={search_term_string}\"},\"query-input\":{\"@type\":\"PropertyValueSpecification\",\"valueRequired\":true,\"valueName\":\"search_term_string\"}}],\"inLanguage\":\"qt\"},{\"@type\":\"Organization\",\"@id\":\"https:\\\/\\\/qtmm.org\\\/qt\\\/#organization\",\"name\":\"\u041c\u0435\u0434\u0436\u043b\u0456\u0441\",\"url\":\"https:\\\/\\\/qtmm.org\\\/qt\\\/\",\"logo\":{\"@type\":\"ImageObject\",\"inLanguage\":\"qt\",\"@id\":\"https:\\\/\\\/qtmm.org\\\/qt\\\/#\\\/schema\\\/logo\\\/image\\\/\",\"url\":\"https:\\\/\\\/qtmm.org\\\/wp-content\\\/uploads\\\/2024\\\/12\\\/ua-mejlis-logo-rgb.svg\",\"contentUrl\":\"https:\\\/\\\/qtmm.org\\\/wp-content\\\/uploads\\\/2024\\\/12\\\/ua-mejlis-logo-rgb.svg\",\"caption\":\"\u041c\u0435\u0434\u0436\u043b\u0456\u0441\"},\"image\":{\"@id\":\"https:\\\/\\\/qtmm.org\\\/qt\\\/#\\\/schema\\\/logo\\\/image\\\/\"},\"sameAs\":[\"https:\\\/\\\/www.facebook.com\\\/qtmm.info\\\/\"]},{\"@type\":\"Person\",\"@id\":\"https:\\\/\\\/qtmm.org\\\/qt\\\/#\\\/schema\\\/person\\\/de562469f971dec226ac06e60bbf74a7\",\"name\":\"Developer\",\"image\":{\"@type\":\"ImageObject\",\"inLanguage\":\"qt\",\"@id\":\"https:\\\/\\\/secure.gravatar.com\\\/avatar\\\/392b4cc8fbfeb00b39dfeeab4ee6edded39ffd48e25858637e4765810300227e?s=96&d=mm&r=g\",\"url\":\"https:\\\/\\\/secure.gravatar.com\\\/avatar\\\/392b4cc8fbfeb00b39dfeeab4ee6edded39ffd48e25858637e4765810300227e?s=96&d=mm&r=g\",\"contentUrl\":\"https:\\\/\\\/secure.gravatar.com\\\/avatar\\\/392b4cc8fbfeb00b39dfeeab4ee6edded39ffd48e25858637e4765810300227e?s=96&d=mm&r=g\",\"caption\":\"Developer\"},\"url\":\"https:\\\/\\\/qtmm.org\\\/qt\\\/author\\\/Developer\\\/\"}]}<\/script>\n<!-- \/ Yoast SEO plugin. -->","yoast_head_json":{"title":"\u00abQ\u0131r\u0131mn\u0131\u00f1 tarihiy-medeniy miras\u0131\u00bb leyhas\u0131 \u00e7al\u0131\u015f\u0131p ba\u015flad\u0131 - \u041c\u0435\u0434\u0436\u043b\u0456\u0441","robots":{"index":"index","follow":"follow","max-snippet":"max-snippet:-1","max-image-preview":"max-image-preview:large","max-video-preview":"max-video-preview:-1"},"canonical":"https:\/\/qtmm.org\/qt\/qirimnin-tarihiy-medeniy-mirasi-leyhasi-calisip-basladi\/","og_locale":"en_US","og_type":"article","og_title":"\u00abQ\u0131r\u0131mn\u0131\u00f1 tarihiy-medeniy miras\u0131\u00bb leyhas\u0131 \u00e7al\u0131\u015f\u0131p ba\u015flad\u0131 - \u041c\u0435\u0434\u0436\u043b\u0456\u0441","og_description":"2012 senesi mart 24 k\u00fcn\u00fc Q\u0131r\u0131mtatar halq\u0131 Meclisini\u00f1 reisi Mustafa Cemilev Q\u0131r\u0131m\u011fa &#8220;Q\u0131r\u0131mn\u0131\u00f1 tarihiy-medeniy miras\u0131&#8221; leyhas\u0131n\u0131 \u00f6m\u00fcrge ke\u00e7ir\u00fcv \u00e7er\u00e7ivesinde te\u015frif buyur\u011fan bir gruppa t\u00fcrkiyeli alimlerni Meclis \u00f6fiisinde qabul etti. T\u00fcrkiye delegatsiyas\u0131n\u0131 belli tarih\u00e7\u0131, A\u00f1aradaki &#8220;Bilkent&#8221; universitetini\u00f1 professor\u0131 Haqan QIRIMLI, doktor Nicole Nur KAN\u00c7AL, \u0130stanbul universiteti, T\u00fcrkiye Cumhuriyeti Nazirler \u015furas\u0131 \u00c7eteldeki t\u00fcrklerni\u00f1 i\u015fleri boyunca departamenti yan\u0131nda [&hellip;]","og_url":"https:\/\/qtmm.org\/qt\/qirimnin-tarihiy-medeniy-mirasi-leyhasi-calisip-basladi\/","og_site_name":"\u041c\u0435\u0434\u0436\u043b\u0456\u0441","article_publisher":"https:\/\/www.facebook.com\/qtmm.info\/","article_published_time":"2012-03-26T14:32:00+00:00","article_modified_time":"2022-01-21T14:34:26+00:00","og_image":[{"width":800,"height":533,"url":"https:\/\/qtmm.org\/wp-content\/uploads\/2022\/01\/4_11-1.jpeg","type":"image\/jpeg"}],"author":"Developer","twitter_card":"summary_large_image","twitter_misc":{"Written by":"Developer","Est. reading time":"2 minutes"},"schema":{"@context":"https:\/\/schema.org","@graph":[{"@type":"Article","@id":"https:\/\/qtmm.org\/qt\/qirimnin-tarihiy-medeniy-mirasi-leyhasi-calisip-basladi\/#article","isPartOf":{"@id":"https:\/\/qtmm.org\/qt\/qirimnin-tarihiy-medeniy-mirasi-leyhasi-calisip-basladi\/"},"author":{"name":"Developer","@id":"https:\/\/qtmm.org\/qt\/#\/schema\/person\/de562469f971dec226ac06e60bbf74a7"},"headline":"\u00abQ\u0131r\u0131mn\u0131\u00f1 tarihiy-medeniy miras\u0131\u00bb leyhas\u0131 \u00e7al\u0131\u015f\u0131p ba\u015flad\u0131","datePublished":"2012-03-26T14:32:00+00:00","dateModified":"2022-01-21T14:34:26+00:00","mainEntityOfPage":{"@id":"https:\/\/qtmm.org\/qt\/qirimnin-tarihiy-medeniy-mirasi-leyhasi-calisip-basladi\/"},"wordCount":452,"commentCount":0,"publisher":{"@id":"https:\/\/qtmm.org\/qt\/#organization"},"image":{"@id":"https:\/\/qtmm.org\/qt\/qirimnin-tarihiy-medeniy-mirasi-leyhasi-calisip-basladi\/#primaryimage"},"thumbnailUrl":"https:\/\/qtmm.org\/wp-content\/uploads\/2022\/01\/4_11-1.jpeg","articleSection":["Haberler"],"inLanguage":"qt","potentialAction":[{"@type":"CommentAction","name":"Comment","target":["https:\/\/qtmm.org\/qt\/qirimnin-tarihiy-medeniy-mirasi-leyhasi-calisip-basladi\/#respond"]}]},{"@type":"WebPage","@id":"https:\/\/qtmm.org\/qt\/qirimnin-tarihiy-medeniy-mirasi-leyhasi-calisip-basladi\/","url":"https:\/\/qtmm.org\/qt\/qirimnin-tarihiy-medeniy-mirasi-leyhasi-calisip-basladi\/","name":"\u00abQ\u0131r\u0131mn\u0131\u00f1 tarihiy-medeniy miras\u0131\u00bb leyhas\u0131 \u00e7al\u0131\u015f\u0131p ba\u015flad\u0131 - \u041c\u0435\u0434\u0436\u043b\u0456\u0441","isPartOf":{"@id":"https:\/\/qtmm.org\/qt\/#website"},"primaryImageOfPage":{"@id":"https:\/\/qtmm.org\/qt\/qirimnin-tarihiy-medeniy-mirasi-leyhasi-calisip-basladi\/#primaryimage"},"image":{"@id":"https:\/\/qtmm.org\/qt\/qirimnin-tarihiy-medeniy-mirasi-leyhasi-calisip-basladi\/#primaryimage"},"thumbnailUrl":"https:\/\/qtmm.org\/wp-content\/uploads\/2022\/01\/4_11-1.jpeg","datePublished":"2012-03-26T14:32:00+00:00","dateModified":"2022-01-21T14:34:26+00:00","breadcrumb":{"@id":"https:\/\/qtmm.org\/qt\/qirimnin-tarihiy-medeniy-mirasi-leyhasi-calisip-basladi\/#breadcrumb"},"inLanguage":"qt","potentialAction":[{"@type":"ReadAction","target":["https:\/\/qtmm.org\/qt\/qirimnin-tarihiy-medeniy-mirasi-leyhasi-calisip-basladi\/"]}]},{"@type":"ImageObject","inLanguage":"qt","@id":"https:\/\/qtmm.org\/qt\/qirimnin-tarihiy-medeniy-mirasi-leyhasi-calisip-basladi\/#primaryimage","url":"https:\/\/qtmm.org\/wp-content\/uploads\/2022\/01\/4_11-1.jpeg","contentUrl":"https:\/\/qtmm.org\/wp-content\/uploads\/2022\/01\/4_11-1.jpeg","width":800,"height":533},{"@type":"BreadcrumbList","@id":"https:\/\/qtmm.org\/qt\/qirimnin-tarihiy-medeniy-mirasi-leyhasi-calisip-basladi\/#breadcrumb","itemListElement":[{"@type":"ListItem","position":1,"name":"\u0413\u043e\u043b\u043e\u0432\u043d\u0430","item":"https:\/\/qtmm.org\/qt\/"},{"@type":"ListItem","position":2,"name":"\u00abQ\u0131r\u0131mn\u0131\u00f1 tarihiy-medeniy miras\u0131\u00bb leyhas\u0131 \u00e7al\u0131\u015f\u0131p ba\u015flad\u0131"}]},{"@type":"WebSite","@id":"https:\/\/qtmm.org\/qt\/#website","url":"https:\/\/qtmm.org\/qt\/","name":"\u041c\u0435\u0434\u0436\u043b\u0456\u0441","description":"","publisher":{"@id":"https:\/\/qtmm.org\/qt\/#organization"},"potentialAction":[{"@type":"SearchAction","target":{"@type":"EntryPoint","urlTemplate":"https:\/\/qtmm.org\/qt\/?s={search_term_string}"},"query-input":{"@type":"PropertyValueSpecification","valueRequired":true,"valueName":"search_term_string"}}],"inLanguage":"qt"},{"@type":"Organization","@id":"https:\/\/qtmm.org\/qt\/#organization","name":"\u041c\u0435\u0434\u0436\u043b\u0456\u0441","url":"https:\/\/qtmm.org\/qt\/","logo":{"@type":"ImageObject","inLanguage":"qt","@id":"https:\/\/qtmm.org\/qt\/#\/schema\/logo\/image\/","url":"https:\/\/qtmm.org\/wp-content\/uploads\/2024\/12\/ua-mejlis-logo-rgb.svg","contentUrl":"https:\/\/qtmm.org\/wp-content\/uploads\/2024\/12\/ua-mejlis-logo-rgb.svg","caption":"\u041c\u0435\u0434\u0436\u043b\u0456\u0441"},"image":{"@id":"https:\/\/qtmm.org\/qt\/#\/schema\/logo\/image\/"},"sameAs":["https:\/\/www.facebook.com\/qtmm.info\/"]},{"@type":"Person","@id":"https:\/\/qtmm.org\/qt\/#\/schema\/person\/de562469f971dec226ac06e60bbf74a7","name":"Developer","image":{"@type":"ImageObject","inLanguage":"qt","@id":"https:\/\/secure.gravatar.com\/avatar\/392b4cc8fbfeb00b39dfeeab4ee6edded39ffd48e25858637e4765810300227e?s=96&d=mm&r=g","url":"https:\/\/secure.gravatar.com\/avatar\/392b4cc8fbfeb00b39dfeeab4ee6edded39ffd48e25858637e4765810300227e?s=96&d=mm&r=g","contentUrl":"https:\/\/secure.gravatar.com\/avatar\/392b4cc8fbfeb00b39dfeeab4ee6edded39ffd48e25858637e4765810300227e?s=96&d=mm&r=g","caption":"Developer"},"url":"https:\/\/qtmm.org\/qt\/author\/Developer\/"}]}},"_links":{"self":[{"href":"https:\/\/qtmm.org\/qt\/wp-json\/wp\/v2\/posts\/29609","targetHints":{"allow":["GET"]}}],"collection":[{"href":"https:\/\/qtmm.org\/qt\/wp-json\/wp\/v2\/posts"}],"about":[{"href":"https:\/\/qtmm.org\/qt\/wp-json\/wp\/v2\/types\/post"}],"author":[{"embeddable":true,"href":"https:\/\/qtmm.org\/qt\/wp-json\/wp\/v2\/users\/1"}],"replies":[{"embeddable":true,"href":"https:\/\/qtmm.org\/qt\/wp-json\/wp\/v2\/comments?post=29609"}],"version-history":[{"count":1,"href":"https:\/\/qtmm.org\/qt\/wp-json\/wp\/v2\/posts\/29609\/revisions"}],"predecessor-version":[{"id":29626,"href":"https:\/\/qtmm.org\/qt\/wp-json\/wp\/v2\/posts\/29609\/revisions\/29626"}],"wp:featuredmedia":[{"embeddable":true,"href":"https:\/\/qtmm.org\/qt\/wp-json\/wp\/v2\/media\/29610"}],"wp:attachment":[{"href":"https:\/\/qtmm.org\/qt\/wp-json\/wp\/v2\/media?parent=29609"}],"wp:term":[{"taxonomy":"category","embeddable":true,"href":"https:\/\/qtmm.org\/qt\/wp-json\/wp\/v2\/categories?post=29609"},{"taxonomy":"post_tag","embeddable":true,"href":"https:\/\/qtmm.org\/qt\/wp-json\/wp\/v2\/tags?post=29609"}],"curies":[{"name":"wp","href":"https:\/\/api.w.org\/{rel}","templated":true}]}}