




{"id":29607,"date":"2012-03-23T17:31:00","date_gmt":"2012-03-23T14:31:00","guid":{"rendered":"http:\/\/qtmm.org\/?p=29607"},"modified":"2022-01-21T17:32:29","modified_gmt":"2022-01-21T14:32:29","slug":"qirimtatar-halqi-meclisinin-sarayli-qiyat-koy-mezarliginda-vahsiylik-boyunca-beyanati","status":"publish","type":"post","link":"https:\/\/qtmm.org\/qt\/qirimtatar-halqi-meclisinin-sarayli-qiyat-koy-mezarliginda-vahsiylik-boyunca-beyanati\/","title":{"rendered":"Q\u0131r\u0131mtatar halq\u0131 Meclisini\u00f1 Sarayl\u0131-Q\u0131yat k\u00f6y mezarl\u0131\u011f\u0131nda vah\u015fiylik boyunca beyanat\u0131"},"content":{"rendered":"\n<p>Q\u0131r\u0131mda kene vah\u015fiylik yap\u0131ld\u0131 \u2013 mart 20-ge ke\u00e7er gecesi Aqmescit rayon\u0131 Sarayl\u0131-Q\u0131yat k\u00f6y\u00fcndeki musulman mezarl\u0131\u011f\u0131nda belgilenmegen \u015fah\u0131slar ba\u015fta\u015flar ve qabirlerni aqaret ettiler.<\/p>\n\n\n\n<p>Vandallarn\u0131\u00f1 yapqan vah\u015fiyligi aqibetinde G\u00fclsum Mametni\u00f1 ba\u015fta\u015f\u0131 darma-da\u011f\u0131n etilgen. Seithalil Amet o\u011flun\u0131\u00f1 ba\u015fta\u015f\u0131 parlan\u011fan, daa eki ba\u015fta\u015flarda ise ayaqqap izleri qal\u011fan. Bundan \u011fayr\u0131 daa eki qabirni avtomobil bas\u0131p ke\u00e7ken.<\/p>\n\n\n\n<p>2012 senesi mart 21 k\u00fcn\u00fc Ukraina \u0130\u00e7ki \u0130\u015fler Nazirligini\u00f1 Q\u0131r\u0131mdaki Ba\u015f idaresi Aqmescit rayon b\u00f6l\u00fcgi mezarl\u0131qta vandall\u0131q yapqan\u0131 \u015f\u00fcbe alt\u0131nda al\u0131n\u011fan \u015fah\u0131s tap\u0131l\u0131p, militsiya b\u00f6l\u00fcgine ketirilgeni ve sor\u011fu etilgenini il\u00e2n etti.<\/p>\n\n\n\n<p>Ukraina \u0130\u00e7ki \u0130\u015fler Nazirligini\u00f1 Q\u0131r\u0131mdaki Ba\u015f idaresini\u00f1 resmiy saifesinde bildirilgenine k\u00f6re, \u015f\u00fcbeli insan ( Sarayl\u0131-Q\u0131yat k\u00f6y\u00fcni\u00f1 1979 sene do\u011fuml\u0131 sakini) \u00f6z areketini b\u00f6yle a\u00f1latqan: &#8220;mart 20 k\u00fcn\u00fc mezarl\u0131qqa aqrabas\u0131n\u0131\u00f1 qabirini ziyaret etmege bar\u011fan. Mezarl\u0131qqa kirgende yol \u00e7amurl\u0131 ol\u011fan\u0131 sebebinden avtomobil \u00e7etke sapqan ve neticede bir qa\u00e7 ba\u015fta\u015f zararlan\u011fan. Bundan so\u00f1 ma\u015fina tay\u011fan ve bir ba\u015fta\u015fqa \u00e7arp\u0131p, on\u0131 \u00e7atlatqan.<\/p>\n\n\n\n<p>Bu vaziyetten \u00f6z ba\u015f\u0131na \u00e7\u0131q\u0131p olamayca\u011f\u0131n\u0131 a\u00f1la\u011fan so\u00f1 grajdanin yan\u0131ndan ke\u00e7eyatqan &#8220;Cip&#8221; avtomobilini\u00f1 aydavc\u0131s\u0131na yard\u0131m sorap muracaat ete. B\u00f6yleliknen avtomobilni \u00e7amur i\u00e7inden \u00e7\u0131qara. Avtomobil saibi \u00f6z qabaat\u0131n\u0131 boynuna al\u0131p, militsiya hadimlerine bu i\u015fni e\u00f1qasstan yapma\u011fan\u0131n\u0131 a\u00f1latt\u0131. Ba\u015fta\u015flar on\u0131\u00f1 qolays\u0131z areketlerini\u00f1 neticesidir&#8221;.<\/p>\n\n\n\n<p>Militsiya organlar\u0131 \u015f\u00fcbe alt\u0131ndaki insann\u0131\u00f1 a\u00f1latqanlar\u0131 ker\u00e7ek ol\u011fan\u0131nda cemaatn\u0131 qand\u0131rma\u011fa t\u0131r\u0131\u015fqanlar\u0131 i\u00e7 bir qal\u0131pqa s\u0131\u011fmay. Taqiqat\u00e7\u0131lar parlanma\u011fan ba\u015fta\u015flar \u00fczerinde olarn\u0131 da bozmaq areketlerini\u00f1 izleri qal\u011fan\u0131na asl\u0131 da emiyet bermey. Bu \u2013 avtomobil izleri degil.<\/p>\n\n\n\n<p>Q\u0131r\u0131mtatar halq\u0131 Meclisini\u00f1 Prezidium\u0131 Q\u0131r\u0131mda musulman qabristanlar\u0131na ve camilerge nisbeten yap\u0131l\u011fan vah\u015fiylik sistem t\u00fcs al\u0131p ba\u015fla\u011fan\u0131n\u0131, , bu, \u00f6z nevbetinde , militsiya organlar\u0131 cinayet\u00e7ilerni qad\u0131rma\u011fan\u0131 ve cezalama\u011fan\u0131 sebebinden ol\u011fan\u0131n\u0131 qayd eterek, Q\u0131r\u0131m Muhtar Cumhuriyeti Prokuraturas\u0131ndan Sarayl\u0131-Q\u0131yatta musulman mezarl\u0131\u011f\u0131nda ba\u015fta\u015flarn\u0131 q\u0131r\u011fan insanlarn\u0131 tapmaq ve keregi kibi taqiqat al\u0131p barmaqn\u0131 talap ete.<\/p>\n\n\n\n<p class=\"has-text-align-right\"><strong>Q\u0131r\u0131mtatar halq\u0131 Meclisini\u00f1 prezidium\u0131nda<\/strong><\/p>\n\n\n\n<p class=\"has-text-align-right\"><strong>2012 senesi mart 23-te qabul etildi.<\/strong><\/p>\n","protected":false},"excerpt":{"rendered":"<p>Q\u0131r\u0131mda kene vah\u015fiylik yap\u0131ld\u0131 \u2013 mart 20-ge ke\u00e7er gecesi Aqmescit rayon\u0131 Sarayl\u0131-Q\u0131yat k\u00f6y\u00fcndeki musulman mezarl\u0131\u011f\u0131nda belgilenmegen \u015fah\u0131slar ba\u015fta\u015flar ve qabirlerni aqaret ettiler. Vandallarn\u0131\u00f1 yapqan vah\u015fiyligi aqibetinde G\u00fclsum Mametni\u00f1 ba\u015fta\u015f\u0131 darma-da\u011f\u0131n etilgen. Seithalil Amet o\u011flun\u0131\u00f1 ba\u015fta\u015f\u0131 parlan\u011fan, daa eki ba\u015fta\u015flarda ise ayaqqap izleri qal\u011fan. Bundan \u011fayr\u0131 daa eki qabirni avtomobil bas\u0131p ke\u00e7ken. 2012 senesi mart 21 [&hellip;]<\/p>\n","protected":false},"author":1,"featured_media":0,"comment_status":"open","ping_status":"open","sticky":false,"template":"","format":"standard","meta":{"inline_featured_image":false,"footnotes":""},"categories":[265],"tags":[],"class_list":["post-29607","post","type-post","status-publish","format-standard","hentry","category-haberler"],"acf":[],"yoast_head":"<!-- This site is optimized with the Yoast SEO plugin v27.4 - https:\/\/yoast.com\/product\/yoast-seo-wordpress\/ -->\n<title>Q\u0131r\u0131mtatar halq\u0131 Meclisini\u00f1 Sarayl\u0131-Q\u0131yat k\u00f6y mezarl\u0131\u011f\u0131nda vah\u015fiylik boyunca beyanat\u0131 - \u041c\u0435\u0434\u0436\u043b\u0456\u0441<\/title>\n<meta name=\"robots\" content=\"index, follow, max-snippet:-1, max-image-preview:large, max-video-preview:-1\" \/>\n<link rel=\"canonical\" href=\"https:\/\/qtmm.org\/qt\/qirimtatar-halqi-meclisinin-sarayli-qiyat-koy-mezarliginda-vahsiylik-boyunca-beyanati\/\" \/>\n<meta property=\"og:locale\" content=\"en_US\" \/>\n<meta property=\"og:type\" content=\"article\" \/>\n<meta property=\"og:title\" content=\"Q\u0131r\u0131mtatar halq\u0131 Meclisini\u00f1 Sarayl\u0131-Q\u0131yat k\u00f6y mezarl\u0131\u011f\u0131nda vah\u015fiylik boyunca beyanat\u0131 - \u041c\u0435\u0434\u0436\u043b\u0456\u0441\" \/>\n<meta property=\"og:description\" content=\"Q\u0131r\u0131mda kene vah\u015fiylik yap\u0131ld\u0131 \u2013 mart 20-ge ke\u00e7er gecesi Aqmescit rayon\u0131 Sarayl\u0131-Q\u0131yat k\u00f6y\u00fcndeki musulman mezarl\u0131\u011f\u0131nda belgilenmegen \u015fah\u0131slar ba\u015fta\u015flar ve qabirlerni aqaret ettiler. Vandallarn\u0131\u00f1 yapqan vah\u015fiyligi aqibetinde G\u00fclsum Mametni\u00f1 ba\u015fta\u015f\u0131 darma-da\u011f\u0131n etilgen. Seithalil Amet o\u011flun\u0131\u00f1 ba\u015fta\u015f\u0131 parlan\u011fan, daa eki ba\u015fta\u015flarda ise ayaqqap izleri qal\u011fan. Bundan \u011fayr\u0131 daa eki qabirni avtomobil bas\u0131p ke\u00e7ken. 2012 senesi mart 21 [&hellip;]\" \/>\n<meta property=\"og:url\" content=\"https:\/\/qtmm.org\/qt\/qirimtatar-halqi-meclisinin-sarayli-qiyat-koy-mezarliginda-vahsiylik-boyunca-beyanati\/\" \/>\n<meta property=\"og:site_name\" content=\"\u041c\u0435\u0434\u0436\u043b\u0456\u0441\" \/>\n<meta property=\"article:publisher\" content=\"https:\/\/www.facebook.com\/qtmm.info\/\" \/>\n<meta property=\"article:published_time\" content=\"2012-03-23T14:31:00+00:00\" \/>\n<meta property=\"article:modified_time\" content=\"2022-01-21T14:32:29+00:00\" \/>\n<meta name=\"author\" content=\"Developer\" \/>\n<meta name=\"twitter:card\" content=\"summary_large_image\" \/>\n<meta name=\"twitter:label1\" content=\"Written by\" \/>\n\t<meta name=\"twitter:data1\" content=\"Developer\" \/>\n\t<meta name=\"twitter:label2\" content=\"Est. reading time\" \/>\n\t<meta name=\"twitter:data2\" content=\"2 minutes\" \/>\n<script type=\"application\/ld+json\" class=\"yoast-schema-graph\">{\"@context\":\"https:\\\/\\\/schema.org\",\"@graph\":[{\"@type\":\"Article\",\"@id\":\"https:\\\/\\\/qtmm.org\\\/qt\\\/qirimtatar-halqi-meclisinin-sarayli-qiyat-koy-mezarliginda-vahsiylik-boyunca-beyanati\\\/#article\",\"isPartOf\":{\"@id\":\"https:\\\/\\\/qtmm.org\\\/qt\\\/qirimtatar-halqi-meclisinin-sarayli-qiyat-koy-mezarliginda-vahsiylik-boyunca-beyanati\\\/\"},\"author\":{\"name\":\"Developer\",\"@id\":\"https:\\\/\\\/qtmm.org\\\/qt\\\/#\\\/schema\\\/person\\\/de562469f971dec226ac06e60bbf74a7\"},\"headline\":\"Q\u0131r\u0131mtatar halq\u0131 Meclisini\u00f1 Sarayl\u0131-Q\u0131yat k\u00f6y mezarl\u0131\u011f\u0131nda vah\u015fiylik boyunca beyanat\u0131\",\"datePublished\":\"2012-03-23T14:31:00+00:00\",\"dateModified\":\"2022-01-21T14:32:29+00:00\",\"mainEntityOfPage\":{\"@id\":\"https:\\\/\\\/qtmm.org\\\/qt\\\/qirimtatar-halqi-meclisinin-sarayli-qiyat-koy-mezarliginda-vahsiylik-boyunca-beyanati\\\/\"},\"wordCount\":418,\"commentCount\":0,\"publisher\":{\"@id\":\"https:\\\/\\\/qtmm.org\\\/qt\\\/#organization\"},\"articleSection\":[\"Haberler\"],\"inLanguage\":\"qt\",\"potentialAction\":[{\"@type\":\"CommentAction\",\"name\":\"Comment\",\"target\":[\"https:\\\/\\\/qtmm.org\\\/qt\\\/qirimtatar-halqi-meclisinin-sarayli-qiyat-koy-mezarliginda-vahsiylik-boyunca-beyanati\\\/#respond\"]}]},{\"@type\":\"WebPage\",\"@id\":\"https:\\\/\\\/qtmm.org\\\/qt\\\/qirimtatar-halqi-meclisinin-sarayli-qiyat-koy-mezarliginda-vahsiylik-boyunca-beyanati\\\/\",\"url\":\"https:\\\/\\\/qtmm.org\\\/qt\\\/qirimtatar-halqi-meclisinin-sarayli-qiyat-koy-mezarliginda-vahsiylik-boyunca-beyanati\\\/\",\"name\":\"Q\u0131r\u0131mtatar halq\u0131 Meclisini\u00f1 Sarayl\u0131-Q\u0131yat k\u00f6y mezarl\u0131\u011f\u0131nda vah\u015fiylik boyunca beyanat\u0131 - \u041c\u0435\u0434\u0436\u043b\u0456\u0441\",\"isPartOf\":{\"@id\":\"https:\\\/\\\/qtmm.org\\\/qt\\\/#website\"},\"datePublished\":\"2012-03-23T14:31:00+00:00\",\"dateModified\":\"2022-01-21T14:32:29+00:00\",\"breadcrumb\":{\"@id\":\"https:\\\/\\\/qtmm.org\\\/qt\\\/qirimtatar-halqi-meclisinin-sarayli-qiyat-koy-mezarliginda-vahsiylik-boyunca-beyanati\\\/#breadcrumb\"},\"inLanguage\":\"qt\",\"potentialAction\":[{\"@type\":\"ReadAction\",\"target\":[\"https:\\\/\\\/qtmm.org\\\/qt\\\/qirimtatar-halqi-meclisinin-sarayli-qiyat-koy-mezarliginda-vahsiylik-boyunca-beyanati\\\/\"]}]},{\"@type\":\"BreadcrumbList\",\"@id\":\"https:\\\/\\\/qtmm.org\\\/qt\\\/qirimtatar-halqi-meclisinin-sarayli-qiyat-koy-mezarliginda-vahsiylik-boyunca-beyanati\\\/#breadcrumb\",\"itemListElement\":[{\"@type\":\"ListItem\",\"position\":1,\"name\":\"\u0413\u043e\u043b\u043e\u0432\u043d\u0430\",\"item\":\"https:\\\/\\\/qtmm.org\\\/qt\\\/\"},{\"@type\":\"ListItem\",\"position\":2,\"name\":\"Q\u0131r\u0131mtatar halq\u0131 Meclisini\u00f1 Sarayl\u0131-Q\u0131yat k\u00f6y mezarl\u0131\u011f\u0131nda vah\u015fiylik boyunca beyanat\u0131\"}]},{\"@type\":\"WebSite\",\"@id\":\"https:\\\/\\\/qtmm.org\\\/qt\\\/#website\",\"url\":\"https:\\\/\\\/qtmm.org\\\/qt\\\/\",\"name\":\"\u041c\u0435\u0434\u0436\u043b\u0456\u0441\",\"description\":\"\",\"publisher\":{\"@id\":\"https:\\\/\\\/qtmm.org\\\/qt\\\/#organization\"},\"potentialAction\":[{\"@type\":\"SearchAction\",\"target\":{\"@type\":\"EntryPoint\",\"urlTemplate\":\"https:\\\/\\\/qtmm.org\\\/qt\\\/?s={search_term_string}\"},\"query-input\":{\"@type\":\"PropertyValueSpecification\",\"valueRequired\":true,\"valueName\":\"search_term_string\"}}],\"inLanguage\":\"qt\"},{\"@type\":\"Organization\",\"@id\":\"https:\\\/\\\/qtmm.org\\\/qt\\\/#organization\",\"name\":\"\u041c\u0435\u0434\u0436\u043b\u0456\u0441\",\"url\":\"https:\\\/\\\/qtmm.org\\\/qt\\\/\",\"logo\":{\"@type\":\"ImageObject\",\"inLanguage\":\"qt\",\"@id\":\"https:\\\/\\\/qtmm.org\\\/qt\\\/#\\\/schema\\\/logo\\\/image\\\/\",\"url\":\"https:\\\/\\\/qtmm.org\\\/wp-content\\\/uploads\\\/2024\\\/12\\\/ua-mejlis-logo-rgb.svg\",\"contentUrl\":\"https:\\\/\\\/qtmm.org\\\/wp-content\\\/uploads\\\/2024\\\/12\\\/ua-mejlis-logo-rgb.svg\",\"caption\":\"\u041c\u0435\u0434\u0436\u043b\u0456\u0441\"},\"image\":{\"@id\":\"https:\\\/\\\/qtmm.org\\\/qt\\\/#\\\/schema\\\/logo\\\/image\\\/\"},\"sameAs\":[\"https:\\\/\\\/www.facebook.com\\\/qtmm.info\\\/\"]},{\"@type\":\"Person\",\"@id\":\"https:\\\/\\\/qtmm.org\\\/qt\\\/#\\\/schema\\\/person\\\/de562469f971dec226ac06e60bbf74a7\",\"name\":\"Developer\",\"image\":{\"@type\":\"ImageObject\",\"inLanguage\":\"qt\",\"@id\":\"https:\\\/\\\/secure.gravatar.com\\\/avatar\\\/392b4cc8fbfeb00b39dfeeab4ee6edded39ffd48e25858637e4765810300227e?s=96&d=mm&r=g\",\"url\":\"https:\\\/\\\/secure.gravatar.com\\\/avatar\\\/392b4cc8fbfeb00b39dfeeab4ee6edded39ffd48e25858637e4765810300227e?s=96&d=mm&r=g\",\"contentUrl\":\"https:\\\/\\\/secure.gravatar.com\\\/avatar\\\/392b4cc8fbfeb00b39dfeeab4ee6edded39ffd48e25858637e4765810300227e?s=96&d=mm&r=g\",\"caption\":\"Developer\"},\"url\":\"https:\\\/\\\/qtmm.org\\\/qt\\\/author\\\/Developer\\\/\"}]}<\/script>\n<!-- \/ Yoast SEO plugin. -->","yoast_head_json":{"title":"Q\u0131r\u0131mtatar halq\u0131 Meclisini\u00f1 Sarayl\u0131-Q\u0131yat k\u00f6y mezarl\u0131\u011f\u0131nda vah\u015fiylik boyunca beyanat\u0131 - \u041c\u0435\u0434\u0436\u043b\u0456\u0441","robots":{"index":"index","follow":"follow","max-snippet":"max-snippet:-1","max-image-preview":"max-image-preview:large","max-video-preview":"max-video-preview:-1"},"canonical":"https:\/\/qtmm.org\/qt\/qirimtatar-halqi-meclisinin-sarayli-qiyat-koy-mezarliginda-vahsiylik-boyunca-beyanati\/","og_locale":"en_US","og_type":"article","og_title":"Q\u0131r\u0131mtatar halq\u0131 Meclisini\u00f1 Sarayl\u0131-Q\u0131yat k\u00f6y mezarl\u0131\u011f\u0131nda vah\u015fiylik boyunca beyanat\u0131 - \u041c\u0435\u0434\u0436\u043b\u0456\u0441","og_description":"Q\u0131r\u0131mda kene vah\u015fiylik yap\u0131ld\u0131 \u2013 mart 20-ge ke\u00e7er gecesi Aqmescit rayon\u0131 Sarayl\u0131-Q\u0131yat k\u00f6y\u00fcndeki musulman mezarl\u0131\u011f\u0131nda belgilenmegen \u015fah\u0131slar ba\u015fta\u015flar ve qabirlerni aqaret ettiler. Vandallarn\u0131\u00f1 yapqan vah\u015fiyligi aqibetinde G\u00fclsum Mametni\u00f1 ba\u015fta\u015f\u0131 darma-da\u011f\u0131n etilgen. Seithalil Amet o\u011flun\u0131\u00f1 ba\u015fta\u015f\u0131 parlan\u011fan, daa eki ba\u015fta\u015flarda ise ayaqqap izleri qal\u011fan. Bundan \u011fayr\u0131 daa eki qabirni avtomobil bas\u0131p ke\u00e7ken. 2012 senesi mart 21 [&hellip;]","og_url":"https:\/\/qtmm.org\/qt\/qirimtatar-halqi-meclisinin-sarayli-qiyat-koy-mezarliginda-vahsiylik-boyunca-beyanati\/","og_site_name":"\u041c\u0435\u0434\u0436\u043b\u0456\u0441","article_publisher":"https:\/\/www.facebook.com\/qtmm.info\/","article_published_time":"2012-03-23T14:31:00+00:00","article_modified_time":"2022-01-21T14:32:29+00:00","author":"Developer","twitter_card":"summary_large_image","twitter_misc":{"Written by":"Developer","Est. reading time":"2 minutes"},"schema":{"@context":"https:\/\/schema.org","@graph":[{"@type":"Article","@id":"https:\/\/qtmm.org\/qt\/qirimtatar-halqi-meclisinin-sarayli-qiyat-koy-mezarliginda-vahsiylik-boyunca-beyanati\/#article","isPartOf":{"@id":"https:\/\/qtmm.org\/qt\/qirimtatar-halqi-meclisinin-sarayli-qiyat-koy-mezarliginda-vahsiylik-boyunca-beyanati\/"},"author":{"name":"Developer","@id":"https:\/\/qtmm.org\/qt\/#\/schema\/person\/de562469f971dec226ac06e60bbf74a7"},"headline":"Q\u0131r\u0131mtatar halq\u0131 Meclisini\u00f1 Sarayl\u0131-Q\u0131yat k\u00f6y mezarl\u0131\u011f\u0131nda vah\u015fiylik boyunca beyanat\u0131","datePublished":"2012-03-23T14:31:00+00:00","dateModified":"2022-01-21T14:32:29+00:00","mainEntityOfPage":{"@id":"https:\/\/qtmm.org\/qt\/qirimtatar-halqi-meclisinin-sarayli-qiyat-koy-mezarliginda-vahsiylik-boyunca-beyanati\/"},"wordCount":418,"commentCount":0,"publisher":{"@id":"https:\/\/qtmm.org\/qt\/#organization"},"articleSection":["Haberler"],"inLanguage":"qt","potentialAction":[{"@type":"CommentAction","name":"Comment","target":["https:\/\/qtmm.org\/qt\/qirimtatar-halqi-meclisinin-sarayli-qiyat-koy-mezarliginda-vahsiylik-boyunca-beyanati\/#respond"]}]},{"@type":"WebPage","@id":"https:\/\/qtmm.org\/qt\/qirimtatar-halqi-meclisinin-sarayli-qiyat-koy-mezarliginda-vahsiylik-boyunca-beyanati\/","url":"https:\/\/qtmm.org\/qt\/qirimtatar-halqi-meclisinin-sarayli-qiyat-koy-mezarliginda-vahsiylik-boyunca-beyanati\/","name":"Q\u0131r\u0131mtatar halq\u0131 Meclisini\u00f1 Sarayl\u0131-Q\u0131yat k\u00f6y mezarl\u0131\u011f\u0131nda vah\u015fiylik boyunca beyanat\u0131 - \u041c\u0435\u0434\u0436\u043b\u0456\u0441","isPartOf":{"@id":"https:\/\/qtmm.org\/qt\/#website"},"datePublished":"2012-03-23T14:31:00+00:00","dateModified":"2022-01-21T14:32:29+00:00","breadcrumb":{"@id":"https:\/\/qtmm.org\/qt\/qirimtatar-halqi-meclisinin-sarayli-qiyat-koy-mezarliginda-vahsiylik-boyunca-beyanati\/#breadcrumb"},"inLanguage":"qt","potentialAction":[{"@type":"ReadAction","target":["https:\/\/qtmm.org\/qt\/qirimtatar-halqi-meclisinin-sarayli-qiyat-koy-mezarliginda-vahsiylik-boyunca-beyanati\/"]}]},{"@type":"BreadcrumbList","@id":"https:\/\/qtmm.org\/qt\/qirimtatar-halqi-meclisinin-sarayli-qiyat-koy-mezarliginda-vahsiylik-boyunca-beyanati\/#breadcrumb","itemListElement":[{"@type":"ListItem","position":1,"name":"\u0413\u043e\u043b\u043e\u0432\u043d\u0430","item":"https:\/\/qtmm.org\/qt\/"},{"@type":"ListItem","position":2,"name":"Q\u0131r\u0131mtatar halq\u0131 Meclisini\u00f1 Sarayl\u0131-Q\u0131yat k\u00f6y mezarl\u0131\u011f\u0131nda vah\u015fiylik boyunca beyanat\u0131"}]},{"@type":"WebSite","@id":"https:\/\/qtmm.org\/qt\/#website","url":"https:\/\/qtmm.org\/qt\/","name":"\u041c\u0435\u0434\u0436\u043b\u0456\u0441","description":"","publisher":{"@id":"https:\/\/qtmm.org\/qt\/#organization"},"potentialAction":[{"@type":"SearchAction","target":{"@type":"EntryPoint","urlTemplate":"https:\/\/qtmm.org\/qt\/?s={search_term_string}"},"query-input":{"@type":"PropertyValueSpecification","valueRequired":true,"valueName":"search_term_string"}}],"inLanguage":"qt"},{"@type":"Organization","@id":"https:\/\/qtmm.org\/qt\/#organization","name":"\u041c\u0435\u0434\u0436\u043b\u0456\u0441","url":"https:\/\/qtmm.org\/qt\/","logo":{"@type":"ImageObject","inLanguage":"qt","@id":"https:\/\/qtmm.org\/qt\/#\/schema\/logo\/image\/","url":"https:\/\/qtmm.org\/wp-content\/uploads\/2024\/12\/ua-mejlis-logo-rgb.svg","contentUrl":"https:\/\/qtmm.org\/wp-content\/uploads\/2024\/12\/ua-mejlis-logo-rgb.svg","caption":"\u041c\u0435\u0434\u0436\u043b\u0456\u0441"},"image":{"@id":"https:\/\/qtmm.org\/qt\/#\/schema\/logo\/image\/"},"sameAs":["https:\/\/www.facebook.com\/qtmm.info\/"]},{"@type":"Person","@id":"https:\/\/qtmm.org\/qt\/#\/schema\/person\/de562469f971dec226ac06e60bbf74a7","name":"Developer","image":{"@type":"ImageObject","inLanguage":"qt","@id":"https:\/\/secure.gravatar.com\/avatar\/392b4cc8fbfeb00b39dfeeab4ee6edded39ffd48e25858637e4765810300227e?s=96&d=mm&r=g","url":"https:\/\/secure.gravatar.com\/avatar\/392b4cc8fbfeb00b39dfeeab4ee6edded39ffd48e25858637e4765810300227e?s=96&d=mm&r=g","contentUrl":"https:\/\/secure.gravatar.com\/avatar\/392b4cc8fbfeb00b39dfeeab4ee6edded39ffd48e25858637e4765810300227e?s=96&d=mm&r=g","caption":"Developer"},"url":"https:\/\/qtmm.org\/qt\/author\/Developer\/"}]}},"_links":{"self":[{"href":"https:\/\/qtmm.org\/qt\/wp-json\/wp\/v2\/posts\/29607","targetHints":{"allow":["GET"]}}],"collection":[{"href":"https:\/\/qtmm.org\/qt\/wp-json\/wp\/v2\/posts"}],"about":[{"href":"https:\/\/qtmm.org\/qt\/wp-json\/wp\/v2\/types\/post"}],"author":[{"embeddable":true,"href":"https:\/\/qtmm.org\/qt\/wp-json\/wp\/v2\/users\/1"}],"replies":[{"embeddable":true,"href":"https:\/\/qtmm.org\/qt\/wp-json\/wp\/v2\/comments?post=29607"}],"version-history":[{"count":1,"href":"https:\/\/qtmm.org\/qt\/wp-json\/wp\/v2\/posts\/29607\/revisions"}],"predecessor-version":[{"id":29608,"href":"https:\/\/qtmm.org\/qt\/wp-json\/wp\/v2\/posts\/29607\/revisions\/29608"}],"wp:attachment":[{"href":"https:\/\/qtmm.org\/qt\/wp-json\/wp\/v2\/media?parent=29607"}],"wp:term":[{"taxonomy":"category","embeddable":true,"href":"https:\/\/qtmm.org\/qt\/wp-json\/wp\/v2\/categories?post=29607"},{"taxonomy":"post_tag","embeddable":true,"href":"https:\/\/qtmm.org\/qt\/wp-json\/wp\/v2\/tags?post=29607"}],"curies":[{"name":"wp","href":"https:\/\/api.w.org\/{rel}","templated":true}]}}