




{"id":29581,"date":"2012-03-23T17:29:00","date_gmt":"2012-03-23T14:29:00","guid":{"rendered":"http:\/\/qtmm.org\/?p=29581"},"modified":"2022-01-21T17:31:15","modified_gmt":"2022-01-21T14:31:15","slug":"uygur-pen-merkezinin-prezidenti-hayser-abdurasul-ozgun-meclisni-ziyaret-etti","status":"publish","type":"post","link":"https:\/\/qtmm.org\/qt\/uygur-pen-merkezinin-prezidenti-hayser-abdurasul-ozgun-meclisni-ziyaret-etti\/","title":{"rendered":"Uy\u011fur PEN merkezini\u00f1 prezidenti Hayser Abdurasul Ozgun Meclisni ziyaret etti"},"content":{"rendered":"\n<p>2012 senesi mart 23 k\u00fcn\u00fc Meclis ofisinde Q\u0131r\u0131mtatar halq\u0131 Meclisini\u00f1 azalar\u0131 \u015eevket Qaybullayev, Ali Hamzin ve Zair Smedl\u00e2yev Halqara PEN-klub\u0131 yan\u0131nda Uy\u011fur PEN merkezini\u00f1 prezidenti Hayser Abdurasul Ozgun ile k\u00f6r\u00fc\u015ftiler.<\/p>\n\n\n\n<p>K\u00f6r\u00fc\u015f\u00fcvde belli q\u0131r\u0131mtatar yaz\u0131c\u0131s\u0131 \u00dcriye Edemova ve &#8220;Y\u0131ld\u0131z&#8221; mecmuas\u0131n\u0131\u00f1 ba\u015f muarriri Dil\u00e2ver Osmanov da i\u015ftirak ettiler.<\/p>\n\n\n\n<p>\u0130sve\u00e7reden kelgen musafir Hayser Abdurasul Ozgunni\u00f1 aytqan\u0131na k\u00f6re Q\u0131r\u0131mn\u0131 ziyaret etmekten ba\u015f maqsad Q\u0131r\u0131m ile tan\u0131\u015f olmaq ve Q\u0131r\u0131mtatar halq\u0131 Meclisini\u00f1 azalar\u0131nen, bun\u0131\u00f1 kibi de q\u0131r\u0131mtatar yaz\u0131c\u0131 ve \u015fairlerinen k\u00f6r\u00fc\u015fmektir. Subetimizni\u00f1 ba\u015f mevzus\u0131 &#8211; Ural-Altay Pen-klubn\u0131\u00f1 1U Halqara Konferentsiyas\u0131n\u0131 (VI Ural-Altay PEN-birli\u011fi Konferans\u0131) ke\u00e7ir\u00fcv meselesidir, dep qayd etti Ozgun<\/p>\n\n\n\n<p>Hayser Ozgun, ke\u00e7irilmesi k\u00f6zde tutul\u011fan konferentsiya boyunca d\u00fcnyaca belli uquqqooruy\u0131c\u0131, Q\u0131r\u0131mtatar halq\u0131 Meclisini\u00f1 reisi Mustafa Cemilevni\u00f1 fikirinen pek meraqlan\u011fan\u0131n\u0131 bildirdi. &#8220;Mustafa Cemilevnen k\u00f6r\u00fc\u015f\u00fcv menim i\u00e7\u00fcn \u015fereftir, \u00e7\u00fcnki o, musulman ve t\u00fcrk d\u00fcnyas\u0131n\u0131\u00f1 b\u00fcy\u00fck \u011furur\u0131d\u0131r&#8221;, &#8211; dedi Ozgun.<\/p>\n\n\n\n<p>Hayser Ozgun Halqara PEN merkezini\u00f1 terkibiy q\u0131sm\u0131 ol\u011fan ve ofisi \u0130sve\u00e7rede yerle\u015fken, vek\u00e2letligi Qazahistanda bulun\u011fan Uy\u011fur PEN merkezini\u00f1 meydan\u011fa kel\u00fcv tarih\u0131n\u0131 tafsil\u00e2tl\u0131 tarif etti. Uy\u011fur PEN-merkezi \u00f6z konferentsiyalar\u0131n\u0131 T\u00fcrkiye, Mo\u011folstan, Macaristanda ke\u00e7irip, nevbetteki d\u00f6rt\u00fcncisini Q\u0131r\u0131mda \u00f6tkermek qarar\u0131n\u0131 al\u011fan. &#8220;Mezk\u00fcr qarar tesadufen al\u0131nmad\u0131, &#8211; devam etti musafir. \u2013 Bizim halqlarn\u0131 bir \u00e7oq \u015fey, birinci nevbette tilimizni\u00f1 be\u00f1zerligi, birle\u015ftire. Aram\u0131zda deyerlik farq yoq, olsa da \u2013 pek az&#8221;. Konferentsiyan\u0131 2012 senesi yazda, bese-belli q\u0131r\u0131mtatarlarn\u0131\u00f1 sab\u0131q paytaht\u0131 \u2013 Ba\u011f\u00e7asarayda ke\u00e7irmek planla\u015ft\u0131r\u0131la. Tedbirde t\u00fcrk tilli devletler, bun\u0131\u00f1 kibi Yaponiya, Koreya ve Estoniyadan kelgen delegatlar i\u015ftirak etecek. Konferentsiyan\u0131\u00f1 i\u015f tilleri \u2013 q\u0131r\u0131mtatar ve ingliz tilleri olacaq.<\/p>\n\n\n\n<p><em><strong>Mal\u00fcmat i\u00e7\u00fcn:<\/strong><\/em><\/p>\n\n\n\n<p>PEN-klub \u2014 \u00e7e\u015fit edebiy janrlarda \u00e7al\u0131\u015fqan professional yaz\u0131c\u0131 ve jurnalistlerni birle\u015ftirgen, \u00fck\u00fcmetten t\u0131\u015f halqara te\u015fkil\u00e2tt\u0131r. On\u0131\u00f1 maqsad\u0131 b\u00fct\u00fcn d\u00fcnya yaz\u0131c\u0131lar\u0131n\u0131\u00f1 icadiy i\u015fbirligine qoltutmaq, bun\u0131\u00f1 kibi de bediiy tercime tecribesini inki\u015faf ettirmektir. Te\u015fkil\u00e2t apste bulun\u011fan, maddiy zorluqlar \u00e7ekken, siyasiy rejim taraf\u0131ndan basq\u0131 etilgen yaz\u0131c\u0131lar\u011fa qoltuta.<br>&nbsp;<\/p>\n\n\n\n<figure class=\"wp-block-gallery columns-3 is-cropped wp-block-gallery-1 is-layout-flex wp-block-gallery-is-layout-flex\"><ul class=\"blocks-gallery-grid\"><li class=\"blocks-gallery-item\"><figure><a href=\"http:\/\/qtmm.org\/wp-content\/uploads\/2022\/01\/4f6d68ff62e30.jpeg\"><img loading=\"lazy\" decoding=\"async\" width=\"640\" height=\"480\" src=\"http:\/\/qtmm.org\/wp-content\/uploads\/2022\/01\/4f6d68ff62e30.jpeg\" alt=\"\" data-id=\"29582\" data-full-url=\"http:\/\/qtmm.org\/wp-content\/uploads\/2022\/01\/4f6d68ff62e30.jpeg\" data-link=\"http:\/\/qtmm.org\/?attachment_id=29582\" class=\"wp-image-29582\" srcset=\"https:\/\/qtmm.org\/wp-content\/uploads\/2022\/01\/4f6d68ff62e30.jpeg 640w, https:\/\/qtmm.org\/wp-content\/uploads\/2022\/01\/4f6d68ff62e30-300x225.jpeg 300w\" sizes=\"auto, (max-width: 640px) 100vw, 640px\" \/><\/a><\/figure><\/li><li class=\"blocks-gallery-item\"><figure><a href=\"http:\/\/qtmm.org\/wp-content\/uploads\/2022\/01\/4f6d68ff81e4c.jpeg\"><img loading=\"lazy\" decoding=\"async\" width=\"640\" height=\"480\" src=\"http:\/\/qtmm.org\/wp-content\/uploads\/2022\/01\/4f6d68ff81e4c.jpeg\" alt=\"\" data-id=\"29586\" data-full-url=\"http:\/\/qtmm.org\/wp-content\/uploads\/2022\/01\/4f6d68ff81e4c.jpeg\" data-link=\"http:\/\/qtmm.org\/?attachment_id=29586\" class=\"wp-image-29586\" srcset=\"https:\/\/qtmm.org\/wp-content\/uploads\/2022\/01\/4f6d68ff81e4c.jpeg 640w, https:\/\/qtmm.org\/wp-content\/uploads\/2022\/01\/4f6d68ff81e4c-300x225.jpeg 300w\" sizes=\"auto, (max-width: 640px) 100vw, 640px\" \/><\/a><\/figure><\/li><li class=\"blocks-gallery-item\"><figure><a href=\"http:\/\/qtmm.org\/wp-content\/uploads\/2022\/01\/4f6d68ff36345.jpeg\"><img loading=\"lazy\" decoding=\"async\" width=\"640\" height=\"480\" src=\"http:\/\/qtmm.org\/wp-content\/uploads\/2022\/01\/4f6d68ff36345.jpeg\" alt=\"\" data-id=\"29590\" data-full-url=\"http:\/\/qtmm.org\/wp-content\/uploads\/2022\/01\/4f6d68ff36345.jpeg\" data-link=\"http:\/\/qtmm.org\/?attachment_id=29590\" class=\"wp-image-29590\" srcset=\"https:\/\/qtmm.org\/wp-content\/uploads\/2022\/01\/4f6d68ff36345.jpeg 640w, https:\/\/qtmm.org\/wp-content\/uploads\/2022\/01\/4f6d68ff36345-300x225.jpeg 300w\" sizes=\"auto, (max-width: 640px) 100vw, 640px\" \/><\/a><\/figure><\/li><li class=\"blocks-gallery-item\"><figure><a href=\"http:\/\/qtmm.org\/wp-content\/uploads\/2022\/01\/4f6d68ffa06ba.jpeg\"><img loading=\"lazy\" decoding=\"async\" width=\"640\" height=\"480\" src=\"http:\/\/qtmm.org\/wp-content\/uploads\/2022\/01\/4f6d68ffa06ba.jpeg\" alt=\"\" data-id=\"29594\" data-full-url=\"http:\/\/qtmm.org\/wp-content\/uploads\/2022\/01\/4f6d68ffa06ba.jpeg\" data-link=\"http:\/\/qtmm.org\/?attachment_id=29594\" class=\"wp-image-29594\" srcset=\"https:\/\/qtmm.org\/wp-content\/uploads\/2022\/01\/4f6d68ffa06ba.jpeg 640w, https:\/\/qtmm.org\/wp-content\/uploads\/2022\/01\/4f6d68ffa06ba-300x225.jpeg 300w\" sizes=\"auto, (max-width: 640px) 100vw, 640px\" \/><\/a><\/figure><\/li><li class=\"blocks-gallery-item\"><figure><a href=\"http:\/\/qtmm.org\/wp-content\/uploads\/2022\/01\/4f6d68ffc162e.jpeg\"><img loading=\"lazy\" decoding=\"async\" width=\"640\" height=\"480\" src=\"http:\/\/qtmm.org\/wp-content\/uploads\/2022\/01\/4f6d68ffc162e.jpeg\" alt=\"\" data-id=\"29598\" data-full-url=\"http:\/\/qtmm.org\/wp-content\/uploads\/2022\/01\/4f6d68ffc162e.jpeg\" data-link=\"http:\/\/qtmm.org\/?attachment_id=29598\" class=\"wp-image-29598\" srcset=\"https:\/\/qtmm.org\/wp-content\/uploads\/2022\/01\/4f6d68ffc162e.jpeg 640w, https:\/\/qtmm.org\/wp-content\/uploads\/2022\/01\/4f6d68ffc162e-300x225.jpeg 300w\" sizes=\"auto, (max-width: 640px) 100vw, 640px\" \/><\/a><\/figure><\/li><li class=\"blocks-gallery-item\"><figure><a href=\"http:\/\/qtmm.org\/wp-content\/uploads\/2022\/01\/4f6d68ffe38bc.jpeg\"><img loading=\"lazy\" decoding=\"async\" width=\"640\" height=\"480\" src=\"http:\/\/qtmm.org\/wp-content\/uploads\/2022\/01\/4f6d68ffe38bc.jpeg\" alt=\"\" data-id=\"29602\" data-full-url=\"http:\/\/qtmm.org\/wp-content\/uploads\/2022\/01\/4f6d68ffe38bc.jpeg\" data-link=\"http:\/\/qtmm.org\/?attachment_id=29602\" class=\"wp-image-29602\" srcset=\"https:\/\/qtmm.org\/wp-content\/uploads\/2022\/01\/4f6d68ffe38bc.jpeg 640w, https:\/\/qtmm.org\/wp-content\/uploads\/2022\/01\/4f6d68ffe38bc-300x225.jpeg 300w\" sizes=\"auto, (max-width: 640px) 100vw, 640px\" \/><\/a><\/figure><\/li><\/ul><\/figure>\n","protected":false},"excerpt":{"rendered":"<p>2012 senesi mart 23 k\u00fcn\u00fc Meclis ofisinde Q\u0131r\u0131mtatar halq\u0131 Meclisini\u00f1 azalar\u0131 \u015eevket Qaybullayev, Ali Hamzin ve Zair Smedl\u00e2yev Halqara PEN-klub\u0131 yan\u0131nda Uy\u011fur PEN merkezini\u00f1 prezidenti Hayser Abdurasul Ozgun ile k\u00f6r\u00fc\u015ftiler. K\u00f6r\u00fc\u015f\u00fcvde belli q\u0131r\u0131mtatar yaz\u0131c\u0131s\u0131 \u00dcriye Edemova ve &#8220;Y\u0131ld\u0131z&#8221; mecmuas\u0131n\u0131\u00f1 ba\u015f muarriri Dil\u00e2ver Osmanov da i\u015ftirak ettiler. \u0130sve\u00e7reden kelgen musafir Hayser Abdurasul Ozgunni\u00f1 aytqan\u0131na k\u00f6re Q\u0131r\u0131mn\u0131 [&hellip;]<\/p>\n","protected":false},"author":1,"featured_media":29602,"comment_status":"open","ping_status":"open","sticky":false,"template":"","format":"standard","meta":{"inline_featured_image":false,"footnotes":""},"categories":[265],"tags":[],"class_list":["post-29581","post","type-post","status-publish","format-standard","has-post-thumbnail","hentry","category-haberler"],"acf":[],"yoast_head":"<!-- This site is optimized with the Yoast SEO plugin v27.4 - https:\/\/yoast.com\/product\/yoast-seo-wordpress\/ -->\n<title>Uy\u011fur PEN merkezini\u00f1 prezidenti Hayser Abdurasul Ozgun Meclisni ziyaret etti - \u041c\u0435\u0434\u0436\u043b\u0456\u0441<\/title>\n<meta name=\"robots\" content=\"index, follow, max-snippet:-1, max-image-preview:large, max-video-preview:-1\" \/>\n<link rel=\"canonical\" href=\"https:\/\/qtmm.org\/qt\/uygur-pen-merkezinin-prezidenti-hayser-abdurasul-ozgun-meclisni-ziyaret-etti\/\" \/>\n<meta property=\"og:locale\" content=\"en_US\" \/>\n<meta property=\"og:type\" content=\"article\" \/>\n<meta property=\"og:title\" content=\"Uy\u011fur PEN merkezini\u00f1 prezidenti Hayser Abdurasul Ozgun Meclisni ziyaret etti - \u041c\u0435\u0434\u0436\u043b\u0456\u0441\" \/>\n<meta property=\"og:description\" content=\"2012 senesi mart 23 k\u00fcn\u00fc Meclis ofisinde Q\u0131r\u0131mtatar halq\u0131 Meclisini\u00f1 azalar\u0131 \u015eevket Qaybullayev, Ali Hamzin ve Zair Smedl\u00e2yev Halqara PEN-klub\u0131 yan\u0131nda Uy\u011fur PEN merkezini\u00f1 prezidenti Hayser Abdurasul Ozgun ile k\u00f6r\u00fc\u015ftiler. K\u00f6r\u00fc\u015f\u00fcvde belli q\u0131r\u0131mtatar yaz\u0131c\u0131s\u0131 \u00dcriye Edemova ve &#8220;Y\u0131ld\u0131z&#8221; mecmuas\u0131n\u0131\u00f1 ba\u015f muarriri Dil\u00e2ver Osmanov da i\u015ftirak ettiler. \u0130sve\u00e7reden kelgen musafir Hayser Abdurasul Ozgunni\u00f1 aytqan\u0131na k\u00f6re Q\u0131r\u0131mn\u0131 [&hellip;]\" \/>\n<meta property=\"og:url\" content=\"https:\/\/qtmm.org\/qt\/uygur-pen-merkezinin-prezidenti-hayser-abdurasul-ozgun-meclisni-ziyaret-etti\/\" \/>\n<meta property=\"og:site_name\" content=\"\u041c\u0435\u0434\u0436\u043b\u0456\u0441\" \/>\n<meta property=\"article:publisher\" content=\"https:\/\/www.facebook.com\/qtmm.info\/\" \/>\n<meta property=\"article:published_time\" content=\"2012-03-23T14:29:00+00:00\" \/>\n<meta property=\"article:modified_time\" content=\"2022-01-21T14:31:15+00:00\" \/>\n<meta property=\"og:image\" content=\"https:\/\/qtmm.org\/wp-content\/uploads\/2022\/01\/4f6d68ffe38bc.jpeg\" \/>\n\t<meta property=\"og:image:width\" content=\"640\" \/>\n\t<meta property=\"og:image:height\" content=\"480\" \/>\n\t<meta property=\"og:image:type\" content=\"image\/jpeg\" \/>\n<meta name=\"author\" content=\"Developer\" \/>\n<meta name=\"twitter:card\" content=\"summary_large_image\" \/>\n<meta name=\"twitter:label1\" content=\"Written by\" \/>\n\t<meta name=\"twitter:data1\" content=\"Developer\" \/>\n\t<meta name=\"twitter:label2\" content=\"Est. reading time\" \/>\n\t<meta name=\"twitter:data2\" content=\"2 minutes\" \/>\n<script type=\"application\/ld+json\" class=\"yoast-schema-graph\">{\"@context\":\"https:\\\/\\\/schema.org\",\"@graph\":[{\"@type\":\"Article\",\"@id\":\"https:\\\/\\\/qtmm.org\\\/qt\\\/uygur-pen-merkezinin-prezidenti-hayser-abdurasul-ozgun-meclisni-ziyaret-etti\\\/#article\",\"isPartOf\":{\"@id\":\"https:\\\/\\\/qtmm.org\\\/qt\\\/uygur-pen-merkezinin-prezidenti-hayser-abdurasul-ozgun-meclisni-ziyaret-etti\\\/\"},\"author\":{\"name\":\"Developer\",\"@id\":\"https:\\\/\\\/qtmm.org\\\/qt\\\/#\\\/schema\\\/person\\\/de562469f971dec226ac06e60bbf74a7\"},\"headline\":\"Uy\u011fur PEN merkezini\u00f1 prezidenti Hayser Abdurasul Ozgun Meclisni ziyaret etti\",\"datePublished\":\"2012-03-23T14:29:00+00:00\",\"dateModified\":\"2022-01-21T14:31:15+00:00\",\"mainEntityOfPage\":{\"@id\":\"https:\\\/\\\/qtmm.org\\\/qt\\\/uygur-pen-merkezinin-prezidenti-hayser-abdurasul-ozgun-meclisni-ziyaret-etti\\\/\"},\"wordCount\":404,\"commentCount\":0,\"publisher\":{\"@id\":\"https:\\\/\\\/qtmm.org\\\/qt\\\/#organization\"},\"image\":{\"@id\":\"https:\\\/\\\/qtmm.org\\\/qt\\\/uygur-pen-merkezinin-prezidenti-hayser-abdurasul-ozgun-meclisni-ziyaret-etti\\\/#primaryimage\"},\"thumbnailUrl\":\"https:\\\/\\\/qtmm.org\\\/wp-content\\\/uploads\\\/2022\\\/01\\\/4f6d68ffe38bc.jpeg\",\"articleSection\":[\"Haberler\"],\"inLanguage\":\"qt\",\"potentialAction\":[{\"@type\":\"CommentAction\",\"name\":\"Comment\",\"target\":[\"https:\\\/\\\/qtmm.org\\\/qt\\\/uygur-pen-merkezinin-prezidenti-hayser-abdurasul-ozgun-meclisni-ziyaret-etti\\\/#respond\"]}]},{\"@type\":\"WebPage\",\"@id\":\"https:\\\/\\\/qtmm.org\\\/qt\\\/uygur-pen-merkezinin-prezidenti-hayser-abdurasul-ozgun-meclisni-ziyaret-etti\\\/\",\"url\":\"https:\\\/\\\/qtmm.org\\\/qt\\\/uygur-pen-merkezinin-prezidenti-hayser-abdurasul-ozgun-meclisni-ziyaret-etti\\\/\",\"name\":\"Uy\u011fur PEN merkezini\u00f1 prezidenti Hayser Abdurasul Ozgun Meclisni ziyaret etti - \u041c\u0435\u0434\u0436\u043b\u0456\u0441\",\"isPartOf\":{\"@id\":\"https:\\\/\\\/qtmm.org\\\/qt\\\/#website\"},\"primaryImageOfPage\":{\"@id\":\"https:\\\/\\\/qtmm.org\\\/qt\\\/uygur-pen-merkezinin-prezidenti-hayser-abdurasul-ozgun-meclisni-ziyaret-etti\\\/#primaryimage\"},\"image\":{\"@id\":\"https:\\\/\\\/qtmm.org\\\/qt\\\/uygur-pen-merkezinin-prezidenti-hayser-abdurasul-ozgun-meclisni-ziyaret-etti\\\/#primaryimage\"},\"thumbnailUrl\":\"https:\\\/\\\/qtmm.org\\\/wp-content\\\/uploads\\\/2022\\\/01\\\/4f6d68ffe38bc.jpeg\",\"datePublished\":\"2012-03-23T14:29:00+00:00\",\"dateModified\":\"2022-01-21T14:31:15+00:00\",\"breadcrumb\":{\"@id\":\"https:\\\/\\\/qtmm.org\\\/qt\\\/uygur-pen-merkezinin-prezidenti-hayser-abdurasul-ozgun-meclisni-ziyaret-etti\\\/#breadcrumb\"},\"inLanguage\":\"qt\",\"potentialAction\":[{\"@type\":\"ReadAction\",\"target\":[\"https:\\\/\\\/qtmm.org\\\/qt\\\/uygur-pen-merkezinin-prezidenti-hayser-abdurasul-ozgun-meclisni-ziyaret-etti\\\/\"]}]},{\"@type\":\"ImageObject\",\"inLanguage\":\"qt\",\"@id\":\"https:\\\/\\\/qtmm.org\\\/qt\\\/uygur-pen-merkezinin-prezidenti-hayser-abdurasul-ozgun-meclisni-ziyaret-etti\\\/#primaryimage\",\"url\":\"https:\\\/\\\/qtmm.org\\\/wp-content\\\/uploads\\\/2022\\\/01\\\/4f6d68ffe38bc.jpeg\",\"contentUrl\":\"https:\\\/\\\/qtmm.org\\\/wp-content\\\/uploads\\\/2022\\\/01\\\/4f6d68ffe38bc.jpeg\",\"width\":640,\"height\":480},{\"@type\":\"BreadcrumbList\",\"@id\":\"https:\\\/\\\/qtmm.org\\\/qt\\\/uygur-pen-merkezinin-prezidenti-hayser-abdurasul-ozgun-meclisni-ziyaret-etti\\\/#breadcrumb\",\"itemListElement\":[{\"@type\":\"ListItem\",\"position\":1,\"name\":\"\u0413\u043e\u043b\u043e\u0432\u043d\u0430\",\"item\":\"https:\\\/\\\/qtmm.org\\\/qt\\\/\"},{\"@type\":\"ListItem\",\"position\":2,\"name\":\"Uy\u011fur PEN merkezini\u00f1 prezidenti Hayser Abdurasul Ozgun Meclisni ziyaret etti\"}]},{\"@type\":\"WebSite\",\"@id\":\"https:\\\/\\\/qtmm.org\\\/qt\\\/#website\",\"url\":\"https:\\\/\\\/qtmm.org\\\/qt\\\/\",\"name\":\"\u041c\u0435\u0434\u0436\u043b\u0456\u0441\",\"description\":\"\",\"publisher\":{\"@id\":\"https:\\\/\\\/qtmm.org\\\/qt\\\/#organization\"},\"potentialAction\":[{\"@type\":\"SearchAction\",\"target\":{\"@type\":\"EntryPoint\",\"urlTemplate\":\"https:\\\/\\\/qtmm.org\\\/qt\\\/?s={search_term_string}\"},\"query-input\":{\"@type\":\"PropertyValueSpecification\",\"valueRequired\":true,\"valueName\":\"search_term_string\"}}],\"inLanguage\":\"qt\"},{\"@type\":\"Organization\",\"@id\":\"https:\\\/\\\/qtmm.org\\\/qt\\\/#organization\",\"name\":\"\u041c\u0435\u0434\u0436\u043b\u0456\u0441\",\"url\":\"https:\\\/\\\/qtmm.org\\\/qt\\\/\",\"logo\":{\"@type\":\"ImageObject\",\"inLanguage\":\"qt\",\"@id\":\"https:\\\/\\\/qtmm.org\\\/qt\\\/#\\\/schema\\\/logo\\\/image\\\/\",\"url\":\"https:\\\/\\\/qtmm.org\\\/wp-content\\\/uploads\\\/2024\\\/12\\\/ua-mejlis-logo-rgb.svg\",\"contentUrl\":\"https:\\\/\\\/qtmm.org\\\/wp-content\\\/uploads\\\/2024\\\/12\\\/ua-mejlis-logo-rgb.svg\",\"caption\":\"\u041c\u0435\u0434\u0436\u043b\u0456\u0441\"},\"image\":{\"@id\":\"https:\\\/\\\/qtmm.org\\\/qt\\\/#\\\/schema\\\/logo\\\/image\\\/\"},\"sameAs\":[\"https:\\\/\\\/www.facebook.com\\\/qtmm.info\\\/\"]},{\"@type\":\"Person\",\"@id\":\"https:\\\/\\\/qtmm.org\\\/qt\\\/#\\\/schema\\\/person\\\/de562469f971dec226ac06e60bbf74a7\",\"name\":\"Developer\",\"image\":{\"@type\":\"ImageObject\",\"inLanguage\":\"qt\",\"@id\":\"https:\\\/\\\/secure.gravatar.com\\\/avatar\\\/392b4cc8fbfeb00b39dfeeab4ee6edded39ffd48e25858637e4765810300227e?s=96&d=mm&r=g\",\"url\":\"https:\\\/\\\/secure.gravatar.com\\\/avatar\\\/392b4cc8fbfeb00b39dfeeab4ee6edded39ffd48e25858637e4765810300227e?s=96&d=mm&r=g\",\"contentUrl\":\"https:\\\/\\\/secure.gravatar.com\\\/avatar\\\/392b4cc8fbfeb00b39dfeeab4ee6edded39ffd48e25858637e4765810300227e?s=96&d=mm&r=g\",\"caption\":\"Developer\"},\"url\":\"https:\\\/\\\/qtmm.org\\\/qt\\\/author\\\/Developer\\\/\"}]}<\/script>\n<!-- \/ Yoast SEO plugin. -->","yoast_head_json":{"title":"Uy\u011fur PEN merkezini\u00f1 prezidenti Hayser Abdurasul Ozgun Meclisni ziyaret etti - \u041c\u0435\u0434\u0436\u043b\u0456\u0441","robots":{"index":"index","follow":"follow","max-snippet":"max-snippet:-1","max-image-preview":"max-image-preview:large","max-video-preview":"max-video-preview:-1"},"canonical":"https:\/\/qtmm.org\/qt\/uygur-pen-merkezinin-prezidenti-hayser-abdurasul-ozgun-meclisni-ziyaret-etti\/","og_locale":"en_US","og_type":"article","og_title":"Uy\u011fur PEN merkezini\u00f1 prezidenti Hayser Abdurasul Ozgun Meclisni ziyaret etti - \u041c\u0435\u0434\u0436\u043b\u0456\u0441","og_description":"2012 senesi mart 23 k\u00fcn\u00fc Meclis ofisinde Q\u0131r\u0131mtatar halq\u0131 Meclisini\u00f1 azalar\u0131 \u015eevket Qaybullayev, Ali Hamzin ve Zair Smedl\u00e2yev Halqara PEN-klub\u0131 yan\u0131nda Uy\u011fur PEN merkezini\u00f1 prezidenti Hayser Abdurasul Ozgun ile k\u00f6r\u00fc\u015ftiler. K\u00f6r\u00fc\u015f\u00fcvde belli q\u0131r\u0131mtatar yaz\u0131c\u0131s\u0131 \u00dcriye Edemova ve &#8220;Y\u0131ld\u0131z&#8221; mecmuas\u0131n\u0131\u00f1 ba\u015f muarriri Dil\u00e2ver Osmanov da i\u015ftirak ettiler. \u0130sve\u00e7reden kelgen musafir Hayser Abdurasul Ozgunni\u00f1 aytqan\u0131na k\u00f6re Q\u0131r\u0131mn\u0131 [&hellip;]","og_url":"https:\/\/qtmm.org\/qt\/uygur-pen-merkezinin-prezidenti-hayser-abdurasul-ozgun-meclisni-ziyaret-etti\/","og_site_name":"\u041c\u0435\u0434\u0436\u043b\u0456\u0441","article_publisher":"https:\/\/www.facebook.com\/qtmm.info\/","article_published_time":"2012-03-23T14:29:00+00:00","article_modified_time":"2022-01-21T14:31:15+00:00","og_image":[{"width":640,"height":480,"url":"https:\/\/qtmm.org\/wp-content\/uploads\/2022\/01\/4f6d68ffe38bc.jpeg","type":"image\/jpeg"}],"author":"Developer","twitter_card":"summary_large_image","twitter_misc":{"Written by":"Developer","Est. reading time":"2 minutes"},"schema":{"@context":"https:\/\/schema.org","@graph":[{"@type":"Article","@id":"https:\/\/qtmm.org\/qt\/uygur-pen-merkezinin-prezidenti-hayser-abdurasul-ozgun-meclisni-ziyaret-etti\/#article","isPartOf":{"@id":"https:\/\/qtmm.org\/qt\/uygur-pen-merkezinin-prezidenti-hayser-abdurasul-ozgun-meclisni-ziyaret-etti\/"},"author":{"name":"Developer","@id":"https:\/\/qtmm.org\/qt\/#\/schema\/person\/de562469f971dec226ac06e60bbf74a7"},"headline":"Uy\u011fur PEN merkezini\u00f1 prezidenti Hayser Abdurasul Ozgun Meclisni ziyaret etti","datePublished":"2012-03-23T14:29:00+00:00","dateModified":"2022-01-21T14:31:15+00:00","mainEntityOfPage":{"@id":"https:\/\/qtmm.org\/qt\/uygur-pen-merkezinin-prezidenti-hayser-abdurasul-ozgun-meclisni-ziyaret-etti\/"},"wordCount":404,"commentCount":0,"publisher":{"@id":"https:\/\/qtmm.org\/qt\/#organization"},"image":{"@id":"https:\/\/qtmm.org\/qt\/uygur-pen-merkezinin-prezidenti-hayser-abdurasul-ozgun-meclisni-ziyaret-etti\/#primaryimage"},"thumbnailUrl":"https:\/\/qtmm.org\/wp-content\/uploads\/2022\/01\/4f6d68ffe38bc.jpeg","articleSection":["Haberler"],"inLanguage":"qt","potentialAction":[{"@type":"CommentAction","name":"Comment","target":["https:\/\/qtmm.org\/qt\/uygur-pen-merkezinin-prezidenti-hayser-abdurasul-ozgun-meclisni-ziyaret-etti\/#respond"]}]},{"@type":"WebPage","@id":"https:\/\/qtmm.org\/qt\/uygur-pen-merkezinin-prezidenti-hayser-abdurasul-ozgun-meclisni-ziyaret-etti\/","url":"https:\/\/qtmm.org\/qt\/uygur-pen-merkezinin-prezidenti-hayser-abdurasul-ozgun-meclisni-ziyaret-etti\/","name":"Uy\u011fur PEN merkezini\u00f1 prezidenti Hayser Abdurasul Ozgun Meclisni ziyaret etti - \u041c\u0435\u0434\u0436\u043b\u0456\u0441","isPartOf":{"@id":"https:\/\/qtmm.org\/qt\/#website"},"primaryImageOfPage":{"@id":"https:\/\/qtmm.org\/qt\/uygur-pen-merkezinin-prezidenti-hayser-abdurasul-ozgun-meclisni-ziyaret-etti\/#primaryimage"},"image":{"@id":"https:\/\/qtmm.org\/qt\/uygur-pen-merkezinin-prezidenti-hayser-abdurasul-ozgun-meclisni-ziyaret-etti\/#primaryimage"},"thumbnailUrl":"https:\/\/qtmm.org\/wp-content\/uploads\/2022\/01\/4f6d68ffe38bc.jpeg","datePublished":"2012-03-23T14:29:00+00:00","dateModified":"2022-01-21T14:31:15+00:00","breadcrumb":{"@id":"https:\/\/qtmm.org\/qt\/uygur-pen-merkezinin-prezidenti-hayser-abdurasul-ozgun-meclisni-ziyaret-etti\/#breadcrumb"},"inLanguage":"qt","potentialAction":[{"@type":"ReadAction","target":["https:\/\/qtmm.org\/qt\/uygur-pen-merkezinin-prezidenti-hayser-abdurasul-ozgun-meclisni-ziyaret-etti\/"]}]},{"@type":"ImageObject","inLanguage":"qt","@id":"https:\/\/qtmm.org\/qt\/uygur-pen-merkezinin-prezidenti-hayser-abdurasul-ozgun-meclisni-ziyaret-etti\/#primaryimage","url":"https:\/\/qtmm.org\/wp-content\/uploads\/2022\/01\/4f6d68ffe38bc.jpeg","contentUrl":"https:\/\/qtmm.org\/wp-content\/uploads\/2022\/01\/4f6d68ffe38bc.jpeg","width":640,"height":480},{"@type":"BreadcrumbList","@id":"https:\/\/qtmm.org\/qt\/uygur-pen-merkezinin-prezidenti-hayser-abdurasul-ozgun-meclisni-ziyaret-etti\/#breadcrumb","itemListElement":[{"@type":"ListItem","position":1,"name":"\u0413\u043e\u043b\u043e\u0432\u043d\u0430","item":"https:\/\/qtmm.org\/qt\/"},{"@type":"ListItem","position":2,"name":"Uy\u011fur PEN merkezini\u00f1 prezidenti Hayser Abdurasul Ozgun Meclisni ziyaret etti"}]},{"@type":"WebSite","@id":"https:\/\/qtmm.org\/qt\/#website","url":"https:\/\/qtmm.org\/qt\/","name":"\u041c\u0435\u0434\u0436\u043b\u0456\u0441","description":"","publisher":{"@id":"https:\/\/qtmm.org\/qt\/#organization"},"potentialAction":[{"@type":"SearchAction","target":{"@type":"EntryPoint","urlTemplate":"https:\/\/qtmm.org\/qt\/?s={search_term_string}"},"query-input":{"@type":"PropertyValueSpecification","valueRequired":true,"valueName":"search_term_string"}}],"inLanguage":"qt"},{"@type":"Organization","@id":"https:\/\/qtmm.org\/qt\/#organization","name":"\u041c\u0435\u0434\u0436\u043b\u0456\u0441","url":"https:\/\/qtmm.org\/qt\/","logo":{"@type":"ImageObject","inLanguage":"qt","@id":"https:\/\/qtmm.org\/qt\/#\/schema\/logo\/image\/","url":"https:\/\/qtmm.org\/wp-content\/uploads\/2024\/12\/ua-mejlis-logo-rgb.svg","contentUrl":"https:\/\/qtmm.org\/wp-content\/uploads\/2024\/12\/ua-mejlis-logo-rgb.svg","caption":"\u041c\u0435\u0434\u0436\u043b\u0456\u0441"},"image":{"@id":"https:\/\/qtmm.org\/qt\/#\/schema\/logo\/image\/"},"sameAs":["https:\/\/www.facebook.com\/qtmm.info\/"]},{"@type":"Person","@id":"https:\/\/qtmm.org\/qt\/#\/schema\/person\/de562469f971dec226ac06e60bbf74a7","name":"Developer","image":{"@type":"ImageObject","inLanguage":"qt","@id":"https:\/\/secure.gravatar.com\/avatar\/392b4cc8fbfeb00b39dfeeab4ee6edded39ffd48e25858637e4765810300227e?s=96&d=mm&r=g","url":"https:\/\/secure.gravatar.com\/avatar\/392b4cc8fbfeb00b39dfeeab4ee6edded39ffd48e25858637e4765810300227e?s=96&d=mm&r=g","contentUrl":"https:\/\/secure.gravatar.com\/avatar\/392b4cc8fbfeb00b39dfeeab4ee6edded39ffd48e25858637e4765810300227e?s=96&d=mm&r=g","caption":"Developer"},"url":"https:\/\/qtmm.org\/qt\/author\/Developer\/"}]}},"_links":{"self":[{"href":"https:\/\/qtmm.org\/qt\/wp-json\/wp\/v2\/posts\/29581","targetHints":{"allow":["GET"]}}],"collection":[{"href":"https:\/\/qtmm.org\/qt\/wp-json\/wp\/v2\/posts"}],"about":[{"href":"https:\/\/qtmm.org\/qt\/wp-json\/wp\/v2\/types\/post"}],"author":[{"embeddable":true,"href":"https:\/\/qtmm.org\/qt\/wp-json\/wp\/v2\/users\/1"}],"replies":[{"embeddable":true,"href":"https:\/\/qtmm.org\/qt\/wp-json\/wp\/v2\/comments?post=29581"}],"version-history":[{"count":1,"href":"https:\/\/qtmm.org\/qt\/wp-json\/wp\/v2\/posts\/29581\/revisions"}],"predecessor-version":[{"id":29606,"href":"https:\/\/qtmm.org\/qt\/wp-json\/wp\/v2\/posts\/29581\/revisions\/29606"}],"wp:featuredmedia":[{"embeddable":true,"href":"https:\/\/qtmm.org\/qt\/wp-json\/wp\/v2\/media\/29602"}],"wp:attachment":[{"href":"https:\/\/qtmm.org\/qt\/wp-json\/wp\/v2\/media?parent=29581"}],"wp:term":[{"taxonomy":"category","embeddable":true,"href":"https:\/\/qtmm.org\/qt\/wp-json\/wp\/v2\/categories?post=29581"},{"taxonomy":"post_tag","embeddable":true,"href":"https:\/\/qtmm.org\/qt\/wp-json\/wp\/v2\/tags?post=29581"}],"curies":[{"name":"wp","href":"https:\/\/api.w.org\/{rel}","templated":true}]}}