




{"id":29293,"date":"2012-03-19T17:13:00","date_gmt":"2012-03-19T14:13:00","guid":{"rendered":"http:\/\/qtmm.org\/?p=29293"},"modified":"2022-01-21T17:16:39","modified_gmt":"2022-01-21T14:16:39","slug":"yedi-quyu-regional-meclisinin-reisi-olaraq-elvira-akimova-saylandi","status":"publish","type":"post","link":"https:\/\/qtmm.org\/qt\/yedi-quyu-regional-meclisinin-reisi-olaraq-elvira-akimova-saylandi\/","title":{"rendered":"Yedi Quyu regional meclisini\u00f1 reisi olaraq Elvira Akimova sayland\u0131"},"content":{"rendered":"\n<p>2012 senesi mart 18 k\u00fcn\u00fc Yedi Quyu (Lenin) rayon\u0131 q\u0131r\u0131mtatarlar\u0131n\u0131\u00f1 konferentsiyas\u0131 ol\u0131p ke\u00e7ti.<\/p>\n\n\n\n<p>Konferentsiya i\u015finde 24 maalliy meclislerni temsil etken 103 delegat, bun\u0131\u00f1 kibi de Qurultay Tefti\u015f komissiyas\u0131 reisini\u00f1 muavini Qurtseit Abdullayev ve Q\u0131r\u0131mtatar halq\u0131 Meclisi K\u00e2tibiyetini\u00f1 ba\u015f\u0131, Yerli meclislerge saylavlarn\u0131 az\u0131rlav ve ke\u00e7ir\u00fcv boyunca komissiyan\u0131\u00f1 k\u00e2tibi Zair Smedl\u00e2yev i\u015ftirak ettiler.<\/p>\n\n\n\n<p>Konferentsiyan\u0131 Yerli meclislerge saylavlarn\u0131 az\u0131rlav ve ke\u00e7ir\u00fcv boyunca komissiyan\u0131\u00f1 reisi, Q\u0131r\u0131mtatar halq\u0131 Meclisi reisini\u00f1 birinci muavini Refat \u00c7ubarov al\u0131p bard\u0131.<\/p>\n\n\n\n<figure class=\"wp-block-image size-full\"><img loading=\"lazy\" decoding=\"async\" width=\"800\" height=\"467\" src=\"http:\/\/qtmm.org\/wp-content\/uploads\/2022\/01\/p3180016_1-1.jpeg\" alt=\"\" class=\"wp-image-29298\" srcset=\"https:\/\/qtmm.org\/wp-content\/uploads\/2022\/01\/p3180016_1-1.jpeg 800w, https:\/\/qtmm.org\/wp-content\/uploads\/2022\/01\/p3180016_1-1-300x175.jpeg 300w, https:\/\/qtmm.org\/wp-content\/uploads\/2022\/01\/p3180016_1-1-768x448.jpeg 768w\" sizes=\"auto, (max-width: 800px) 100vw, 800px\" \/><\/figure>\n\n\n\n<p>Konferentsiyan\u0131\u00f1 k\u00fcn tertibine ts\u00e7 mesele qoyuld\u0131:<\/p>\n\n\n\n<p>1. Yedi Quyu regional meclis reisini saylav aqq\u0131nda;<\/p>\n\n\n\n<p>2. Yedi Quyu regional meclisini\u00f1 erk\u00e2n\u0131 aqq\u0131nda;<\/p>\n\n\n\n<p>3. Eski musulman mezarl\u0131qlar\u0131n\u0131\u00f1 vaziyeti aqq\u0131nda.<\/p>\n\n\n\n<p>Yedi Quyu regional meclis reisini\u00f1 vazifesine Nadir Acaripov, Elvira Akimova ve \u015eevhi Nafeyevni\u00f1 namzetleri k\u00f6sterildi. Gizli rey ber\u00fcv neticeleri boyunca Yedi Quyu regional meclisini\u00f1 reisi olaraq Elvira Akimova sayland\u0131.<\/p>\n\n\n\n<figure class=\"wp-block-image size-full\"><img loading=\"lazy\" decoding=\"async\" width=\"800\" height=\"600\" src=\"http:\/\/qtmm.org\/wp-content\/uploads\/2022\/01\/p3180005-1.jpeg\" alt=\"\" class=\"wp-image-29302\" srcset=\"https:\/\/qtmm.org\/wp-content\/uploads\/2022\/01\/p3180005-1.jpeg 800w, https:\/\/qtmm.org\/wp-content\/uploads\/2022\/01\/p3180005-1-300x225.jpeg 300w, https:\/\/qtmm.org\/wp-content\/uploads\/2022\/01\/p3180005-1-768x576.jpeg 768w\" sizes=\"auto, (max-width: 800px) 100vw, 800px\" \/><\/figure>\n\n\n\n<figure class=\"wp-block-image size-full\"><img loading=\"lazy\" decoding=\"async\" width=\"800\" height=\"600\" src=\"http:\/\/qtmm.org\/wp-content\/uploads\/2022\/01\/p3180077-1.jpeg\" alt=\"\" class=\"wp-image-29306\" srcset=\"https:\/\/qtmm.org\/wp-content\/uploads\/2022\/01\/p3180077-1.jpeg 800w, https:\/\/qtmm.org\/wp-content\/uploads\/2022\/01\/p3180077-1-300x225.jpeg 300w, https:\/\/qtmm.org\/wp-content\/uploads\/2022\/01\/p3180077-1-768x576.jpeg 768w\" sizes=\"auto, (max-width: 800px) 100vw, 800px\" \/><\/figure>\n\n\n\n<p>Yedi Quyu regional meclis reisini\u00f1 teklifi boyunca Yedi Quyu regional meclisini\u00f1 erk\u00e2n\u0131na qo\u015fumca olaraq Enver Abdulmecitov, Arsen Abilvapov, Eskender Apkel\u00e2mov, Lenur Abl\u00e2zimov, \u0130braim Bormambetov , Memet \u0130smailov, Dil\u00e2ver Melgaziyev ve rayon imam\u0131 Rustem Memetov kirsetildiler.<br>K\u00fcn tertibini\u00f1 \u00fc\u00e7\u00fcnci meselesi boyunca konferentsiya delegatlar\u0131 bir a\u011f\u0131zdan muracaat qabul ettiler.<\/p>\n\n\n\n<figure class=\"wp-block-image size-full\"><img loading=\"lazy\" decoding=\"async\" width=\"800\" height=\"523\" src=\"http:\/\/qtmm.org\/wp-content\/uploads\/2022\/01\/p3180085-1.jpeg\" alt=\"\" class=\"wp-image-29310\" srcset=\"https:\/\/qtmm.org\/wp-content\/uploads\/2022\/01\/p3180085-1.jpeg 800w, https:\/\/qtmm.org\/wp-content\/uploads\/2022\/01\/p3180085-1-300x196.jpeg 300w, https:\/\/qtmm.org\/wp-content\/uploads\/2022\/01\/p3180085-1-768x502.jpeg 768w\" sizes=\"auto, (max-width: 800px) 100vw, 800px\" \/><\/figure>\n\n\n\n<p><em>Mal\u00fcmat i\u00e7\u00fcn:<\/em><\/p>\n\n\n\n<figure class=\"wp-block-image\"><img decoding=\"async\" src=\"https:\/\/qtmm.org\/public\/images\/ckeditor\/image\/quick-folder\/ek.jpg\" alt=\"\"\/><\/figure>\n\n\n\n<p><strong>Akimova Elvira \u015eevqiyevna<\/strong><\/p>\n\n\n\n<p>1970 senesi mart 24-te Andijan \u015feerinde&nbsp;<\/p>\n\n\n\n<p>Aliy mal\u00fcmatl\u0131 &#8211; Herson devlet pedagogika institut\u0131, slav\u00e2n filologiyas\u0131 fakulteti (1995 g.);<br>&#8211; Q\u0131r\u0131m cumhuriyet diplomdan so\u00f1 tasil institut\u0131, q\u0131r\u0131mtatar filologiyas\u0131 fakulteti (2004 g.).<\/p>\n\n\n\n<p>Al-az\u0131rda K\u00fcrpe (Kalinovka) oqutuv-terbiyelev kompleksi direktor\u0131n\u0131\u00f1 oqutuv-terbiyelev i\u015fleri boyunca muavini ol\u0131p \u00e7al\u0131\u015fa.<\/p>\n\n\n\n<p>Ocal\u0131q i\u015f staj\u0131 \u2013 14 y\u0131l. Devlet h\u0131zmeti staj\u0131 \u2013 3 y\u0131l.<\/p>\n\n\n\n<p>Evli. Bir q\u0131z\u0131 ve eki o\u011flu bar.<\/p>\n\n\n\n<p><strong>Haberlerge video<\/strong><\/p>\n\n\n\n<figure class=\"wp-block-embed is-type-rich is-provider-embed-handler wp-block-embed-embed-handler wp-embed-aspect-4-3 wp-has-aspect-ratio\"><div class=\"wp-block-embed__wrapper\">\n<iframe loading=\"lazy\" title=\"Yedi Quyu regional meclisini\u00f1 reisi olaraq Elvira Akimova sayland\u0131\" width=\"640\" height=\"480\" src=\"https:\/\/www.youtube.com\/embed\/YSTJ7-7yZeY?feature=oembed\" frameborder=\"0\" allow=\"accelerometer; autoplay; clipboard-write; encrypted-media; gyroscope; picture-in-picture; web-share\" referrerpolicy=\"strict-origin-when-cross-origin\" allowfullscreen><\/iframe>\n<\/div><\/figure>\n","protected":false},"excerpt":{"rendered":"<p>2012 senesi mart 18 k\u00fcn\u00fc Yedi Quyu (Lenin) rayon\u0131 q\u0131r\u0131mtatarlar\u0131n\u0131\u00f1 konferentsiyas\u0131 ol\u0131p ke\u00e7ti. Konferentsiya i\u015finde 24 maalliy meclislerni temsil etken 103 delegat, bun\u0131\u00f1 kibi de Qurultay Tefti\u015f komissiyas\u0131 reisini\u00f1 muavini Qurtseit Abdullayev ve Q\u0131r\u0131mtatar halq\u0131 Meclisi K\u00e2tibiyetini\u00f1 ba\u015f\u0131, Yerli meclislerge saylavlarn\u0131 az\u0131rlav ve ke\u00e7ir\u00fcv boyunca komissiyan\u0131\u00f1 k\u00e2tibi Zair Smedl\u00e2yev i\u015ftirak ettiler. Konferentsiyan\u0131 Yerli meclislerge saylavlarn\u0131 [&hellip;]<\/p>\n","protected":false},"author":1,"featured_media":29294,"comment_status":"open","ping_status":"open","sticky":false,"template":"","format":"standard","meta":{"inline_featured_image":false,"footnotes":""},"categories":[265],"tags":[],"class_list":["post-29293","post","type-post","status-publish","format-standard","has-post-thumbnail","hentry","category-haberler"],"acf":[],"yoast_head":"<!-- This site is optimized with the Yoast SEO plugin v27.4 - https:\/\/yoast.com\/product\/yoast-seo-wordpress\/ -->\n<title>Yedi Quyu regional meclisini\u00f1 reisi olaraq Elvira Akimova sayland\u0131 - \u041c\u0435\u0434\u0436\u043b\u0456\u0441<\/title>\n<meta name=\"robots\" content=\"index, follow, max-snippet:-1, max-image-preview:large, max-video-preview:-1\" \/>\n<link rel=\"canonical\" href=\"https:\/\/qtmm.org\/qt\/yedi-quyu-regional-meclisinin-reisi-olaraq-elvira-akimova-saylandi\/\" \/>\n<meta property=\"og:locale\" content=\"en_US\" \/>\n<meta property=\"og:type\" content=\"article\" \/>\n<meta property=\"og:title\" content=\"Yedi Quyu regional meclisini\u00f1 reisi olaraq Elvira Akimova sayland\u0131 - \u041c\u0435\u0434\u0436\u043b\u0456\u0441\" \/>\n<meta property=\"og:description\" content=\"2012 senesi mart 18 k\u00fcn\u00fc Yedi Quyu (Lenin) rayon\u0131 q\u0131r\u0131mtatarlar\u0131n\u0131\u00f1 konferentsiyas\u0131 ol\u0131p ke\u00e7ti. Konferentsiya i\u015finde 24 maalliy meclislerni temsil etken 103 delegat, bun\u0131\u00f1 kibi de Qurultay Tefti\u015f komissiyas\u0131 reisini\u00f1 muavini Qurtseit Abdullayev ve Q\u0131r\u0131mtatar halq\u0131 Meclisi K\u00e2tibiyetini\u00f1 ba\u015f\u0131, Yerli meclislerge saylavlarn\u0131 az\u0131rlav ve ke\u00e7ir\u00fcv boyunca komissiyan\u0131\u00f1 k\u00e2tibi Zair Smedl\u00e2yev i\u015ftirak ettiler. Konferentsiyan\u0131 Yerli meclislerge saylavlarn\u0131 [&hellip;]\" \/>\n<meta property=\"og:url\" content=\"https:\/\/qtmm.org\/qt\/yedi-quyu-regional-meclisinin-reisi-olaraq-elvira-akimova-saylandi\/\" \/>\n<meta property=\"og:site_name\" content=\"\u041c\u0435\u0434\u0436\u043b\u0456\u0441\" \/>\n<meta property=\"article:publisher\" content=\"https:\/\/www.facebook.com\/qtmm.info\/\" \/>\n<meta property=\"article:published_time\" content=\"2012-03-19T14:13:00+00:00\" \/>\n<meta property=\"article:modified_time\" content=\"2022-01-21T14:16:39+00:00\" \/>\n<meta property=\"og:image\" content=\"https:\/\/qtmm.org\/wp-content\/uploads\/2022\/01\/p3180019-1.jpeg\" \/>\n\t<meta property=\"og:image:width\" content=\"800\" \/>\n\t<meta property=\"og:image:height\" content=\"427\" \/>\n\t<meta property=\"og:image:type\" content=\"image\/jpeg\" \/>\n<meta name=\"author\" content=\"Developer\" \/>\n<meta name=\"twitter:card\" content=\"summary_large_image\" \/>\n<meta name=\"twitter:label1\" content=\"Written by\" \/>\n\t<meta name=\"twitter:data1\" content=\"Developer\" \/>\n\t<meta name=\"twitter:label2\" content=\"Est. reading time\" \/>\n\t<meta name=\"twitter:data2\" content=\"1 minute\" \/>\n<script type=\"application\/ld+json\" class=\"yoast-schema-graph\">{\"@context\":\"https:\\\/\\\/schema.org\",\"@graph\":[{\"@type\":\"Article\",\"@id\":\"https:\\\/\\\/qtmm.org\\\/qt\\\/yedi-quyu-regional-meclisinin-reisi-olaraq-elvira-akimova-saylandi\\\/#article\",\"isPartOf\":{\"@id\":\"https:\\\/\\\/qtmm.org\\\/qt\\\/yedi-quyu-regional-meclisinin-reisi-olaraq-elvira-akimova-saylandi\\\/\"},\"author\":{\"name\":\"Developer\",\"@id\":\"https:\\\/\\\/qtmm.org\\\/qt\\\/#\\\/schema\\\/person\\\/de562469f971dec226ac06e60bbf74a7\"},\"headline\":\"Yedi Quyu regional meclisini\u00f1 reisi olaraq Elvira Akimova sayland\u0131\",\"datePublished\":\"2012-03-19T14:13:00+00:00\",\"dateModified\":\"2022-01-21T14:16:39+00:00\",\"mainEntityOfPage\":{\"@id\":\"https:\\\/\\\/qtmm.org\\\/qt\\\/yedi-quyu-regional-meclisinin-reisi-olaraq-elvira-akimova-saylandi\\\/\"},\"wordCount\":304,\"commentCount\":0,\"publisher\":{\"@id\":\"https:\\\/\\\/qtmm.org\\\/qt\\\/#organization\"},\"image\":{\"@id\":\"https:\\\/\\\/qtmm.org\\\/qt\\\/yedi-quyu-regional-meclisinin-reisi-olaraq-elvira-akimova-saylandi\\\/#primaryimage\"},\"thumbnailUrl\":\"https:\\\/\\\/qtmm.org\\\/wp-content\\\/uploads\\\/2022\\\/01\\\/p3180019-1.jpeg\",\"articleSection\":[\"Haberler\"],\"inLanguage\":\"qt\",\"potentialAction\":[{\"@type\":\"CommentAction\",\"name\":\"Comment\",\"target\":[\"https:\\\/\\\/qtmm.org\\\/qt\\\/yedi-quyu-regional-meclisinin-reisi-olaraq-elvira-akimova-saylandi\\\/#respond\"]}]},{\"@type\":\"WebPage\",\"@id\":\"https:\\\/\\\/qtmm.org\\\/qt\\\/yedi-quyu-regional-meclisinin-reisi-olaraq-elvira-akimova-saylandi\\\/\",\"url\":\"https:\\\/\\\/qtmm.org\\\/qt\\\/yedi-quyu-regional-meclisinin-reisi-olaraq-elvira-akimova-saylandi\\\/\",\"name\":\"Yedi Quyu regional meclisini\u00f1 reisi olaraq Elvira Akimova sayland\u0131 - \u041c\u0435\u0434\u0436\u043b\u0456\u0441\",\"isPartOf\":{\"@id\":\"https:\\\/\\\/qtmm.org\\\/qt\\\/#website\"},\"primaryImageOfPage\":{\"@id\":\"https:\\\/\\\/qtmm.org\\\/qt\\\/yedi-quyu-regional-meclisinin-reisi-olaraq-elvira-akimova-saylandi\\\/#primaryimage\"},\"image\":{\"@id\":\"https:\\\/\\\/qtmm.org\\\/qt\\\/yedi-quyu-regional-meclisinin-reisi-olaraq-elvira-akimova-saylandi\\\/#primaryimage\"},\"thumbnailUrl\":\"https:\\\/\\\/qtmm.org\\\/wp-content\\\/uploads\\\/2022\\\/01\\\/p3180019-1.jpeg\",\"datePublished\":\"2012-03-19T14:13:00+00:00\",\"dateModified\":\"2022-01-21T14:16:39+00:00\",\"breadcrumb\":{\"@id\":\"https:\\\/\\\/qtmm.org\\\/qt\\\/yedi-quyu-regional-meclisinin-reisi-olaraq-elvira-akimova-saylandi\\\/#breadcrumb\"},\"inLanguage\":\"qt\",\"potentialAction\":[{\"@type\":\"ReadAction\",\"target\":[\"https:\\\/\\\/qtmm.org\\\/qt\\\/yedi-quyu-regional-meclisinin-reisi-olaraq-elvira-akimova-saylandi\\\/\"]}]},{\"@type\":\"ImageObject\",\"inLanguage\":\"qt\",\"@id\":\"https:\\\/\\\/qtmm.org\\\/qt\\\/yedi-quyu-regional-meclisinin-reisi-olaraq-elvira-akimova-saylandi\\\/#primaryimage\",\"url\":\"https:\\\/\\\/qtmm.org\\\/wp-content\\\/uploads\\\/2022\\\/01\\\/p3180019-1.jpeg\",\"contentUrl\":\"https:\\\/\\\/qtmm.org\\\/wp-content\\\/uploads\\\/2022\\\/01\\\/p3180019-1.jpeg\",\"width\":800,\"height\":427},{\"@type\":\"BreadcrumbList\",\"@id\":\"https:\\\/\\\/qtmm.org\\\/qt\\\/yedi-quyu-regional-meclisinin-reisi-olaraq-elvira-akimova-saylandi\\\/#breadcrumb\",\"itemListElement\":[{\"@type\":\"ListItem\",\"position\":1,\"name\":\"\u0413\u043e\u043b\u043e\u0432\u043d\u0430\",\"item\":\"https:\\\/\\\/qtmm.org\\\/qt\\\/\"},{\"@type\":\"ListItem\",\"position\":2,\"name\":\"Yedi Quyu regional meclisini\u00f1 reisi olaraq Elvira Akimova sayland\u0131\"}]},{\"@type\":\"WebSite\",\"@id\":\"https:\\\/\\\/qtmm.org\\\/qt\\\/#website\",\"url\":\"https:\\\/\\\/qtmm.org\\\/qt\\\/\",\"name\":\"\u041c\u0435\u0434\u0436\u043b\u0456\u0441\",\"description\":\"\",\"publisher\":{\"@id\":\"https:\\\/\\\/qtmm.org\\\/qt\\\/#organization\"},\"potentialAction\":[{\"@type\":\"SearchAction\",\"target\":{\"@type\":\"EntryPoint\",\"urlTemplate\":\"https:\\\/\\\/qtmm.org\\\/qt\\\/?s={search_term_string}\"},\"query-input\":{\"@type\":\"PropertyValueSpecification\",\"valueRequired\":true,\"valueName\":\"search_term_string\"}}],\"inLanguage\":\"qt\"},{\"@type\":\"Organization\",\"@id\":\"https:\\\/\\\/qtmm.org\\\/qt\\\/#organization\",\"name\":\"\u041c\u0435\u0434\u0436\u043b\u0456\u0441\",\"url\":\"https:\\\/\\\/qtmm.org\\\/qt\\\/\",\"logo\":{\"@type\":\"ImageObject\",\"inLanguage\":\"qt\",\"@id\":\"https:\\\/\\\/qtmm.org\\\/qt\\\/#\\\/schema\\\/logo\\\/image\\\/\",\"url\":\"https:\\\/\\\/qtmm.org\\\/wp-content\\\/uploads\\\/2024\\\/12\\\/ua-mejlis-logo-rgb.svg\",\"contentUrl\":\"https:\\\/\\\/qtmm.org\\\/wp-content\\\/uploads\\\/2024\\\/12\\\/ua-mejlis-logo-rgb.svg\",\"caption\":\"\u041c\u0435\u0434\u0436\u043b\u0456\u0441\"},\"image\":{\"@id\":\"https:\\\/\\\/qtmm.org\\\/qt\\\/#\\\/schema\\\/logo\\\/image\\\/\"},\"sameAs\":[\"https:\\\/\\\/www.facebook.com\\\/qtmm.info\\\/\"]},{\"@type\":\"Person\",\"@id\":\"https:\\\/\\\/qtmm.org\\\/qt\\\/#\\\/schema\\\/person\\\/de562469f971dec226ac06e60bbf74a7\",\"name\":\"Developer\",\"image\":{\"@type\":\"ImageObject\",\"inLanguage\":\"qt\",\"@id\":\"https:\\\/\\\/secure.gravatar.com\\\/avatar\\\/392b4cc8fbfeb00b39dfeeab4ee6edded39ffd48e25858637e4765810300227e?s=96&d=mm&r=g\",\"url\":\"https:\\\/\\\/secure.gravatar.com\\\/avatar\\\/392b4cc8fbfeb00b39dfeeab4ee6edded39ffd48e25858637e4765810300227e?s=96&d=mm&r=g\",\"contentUrl\":\"https:\\\/\\\/secure.gravatar.com\\\/avatar\\\/392b4cc8fbfeb00b39dfeeab4ee6edded39ffd48e25858637e4765810300227e?s=96&d=mm&r=g\",\"caption\":\"Developer\"},\"url\":\"https:\\\/\\\/qtmm.org\\\/qt\\\/author\\\/Developer\\\/\"}]}<\/script>\n<!-- \/ Yoast SEO plugin. -->","yoast_head_json":{"title":"Yedi Quyu regional meclisini\u00f1 reisi olaraq Elvira Akimova sayland\u0131 - \u041c\u0435\u0434\u0436\u043b\u0456\u0441","robots":{"index":"index","follow":"follow","max-snippet":"max-snippet:-1","max-image-preview":"max-image-preview:large","max-video-preview":"max-video-preview:-1"},"canonical":"https:\/\/qtmm.org\/qt\/yedi-quyu-regional-meclisinin-reisi-olaraq-elvira-akimova-saylandi\/","og_locale":"en_US","og_type":"article","og_title":"Yedi Quyu regional meclisini\u00f1 reisi olaraq Elvira Akimova sayland\u0131 - \u041c\u0435\u0434\u0436\u043b\u0456\u0441","og_description":"2012 senesi mart 18 k\u00fcn\u00fc Yedi Quyu (Lenin) rayon\u0131 q\u0131r\u0131mtatarlar\u0131n\u0131\u00f1 konferentsiyas\u0131 ol\u0131p ke\u00e7ti. Konferentsiya i\u015finde 24 maalliy meclislerni temsil etken 103 delegat, bun\u0131\u00f1 kibi de Qurultay Tefti\u015f komissiyas\u0131 reisini\u00f1 muavini Qurtseit Abdullayev ve Q\u0131r\u0131mtatar halq\u0131 Meclisi K\u00e2tibiyetini\u00f1 ba\u015f\u0131, Yerli meclislerge saylavlarn\u0131 az\u0131rlav ve ke\u00e7ir\u00fcv boyunca komissiyan\u0131\u00f1 k\u00e2tibi Zair Smedl\u00e2yev i\u015ftirak ettiler. Konferentsiyan\u0131 Yerli meclislerge saylavlarn\u0131 [&hellip;]","og_url":"https:\/\/qtmm.org\/qt\/yedi-quyu-regional-meclisinin-reisi-olaraq-elvira-akimova-saylandi\/","og_site_name":"\u041c\u0435\u0434\u0436\u043b\u0456\u0441","article_publisher":"https:\/\/www.facebook.com\/qtmm.info\/","article_published_time":"2012-03-19T14:13:00+00:00","article_modified_time":"2022-01-21T14:16:39+00:00","og_image":[{"width":800,"height":427,"url":"https:\/\/qtmm.org\/wp-content\/uploads\/2022\/01\/p3180019-1.jpeg","type":"image\/jpeg"}],"author":"Developer","twitter_card":"summary_large_image","twitter_misc":{"Written by":"Developer","Est. reading time":"1 minute"},"schema":{"@context":"https:\/\/schema.org","@graph":[{"@type":"Article","@id":"https:\/\/qtmm.org\/qt\/yedi-quyu-regional-meclisinin-reisi-olaraq-elvira-akimova-saylandi\/#article","isPartOf":{"@id":"https:\/\/qtmm.org\/qt\/yedi-quyu-regional-meclisinin-reisi-olaraq-elvira-akimova-saylandi\/"},"author":{"name":"Developer","@id":"https:\/\/qtmm.org\/qt\/#\/schema\/person\/de562469f971dec226ac06e60bbf74a7"},"headline":"Yedi Quyu regional meclisini\u00f1 reisi olaraq Elvira Akimova sayland\u0131","datePublished":"2012-03-19T14:13:00+00:00","dateModified":"2022-01-21T14:16:39+00:00","mainEntityOfPage":{"@id":"https:\/\/qtmm.org\/qt\/yedi-quyu-regional-meclisinin-reisi-olaraq-elvira-akimova-saylandi\/"},"wordCount":304,"commentCount":0,"publisher":{"@id":"https:\/\/qtmm.org\/qt\/#organization"},"image":{"@id":"https:\/\/qtmm.org\/qt\/yedi-quyu-regional-meclisinin-reisi-olaraq-elvira-akimova-saylandi\/#primaryimage"},"thumbnailUrl":"https:\/\/qtmm.org\/wp-content\/uploads\/2022\/01\/p3180019-1.jpeg","articleSection":["Haberler"],"inLanguage":"qt","potentialAction":[{"@type":"CommentAction","name":"Comment","target":["https:\/\/qtmm.org\/qt\/yedi-quyu-regional-meclisinin-reisi-olaraq-elvira-akimova-saylandi\/#respond"]}]},{"@type":"WebPage","@id":"https:\/\/qtmm.org\/qt\/yedi-quyu-regional-meclisinin-reisi-olaraq-elvira-akimova-saylandi\/","url":"https:\/\/qtmm.org\/qt\/yedi-quyu-regional-meclisinin-reisi-olaraq-elvira-akimova-saylandi\/","name":"Yedi Quyu regional meclisini\u00f1 reisi olaraq Elvira Akimova sayland\u0131 - \u041c\u0435\u0434\u0436\u043b\u0456\u0441","isPartOf":{"@id":"https:\/\/qtmm.org\/qt\/#website"},"primaryImageOfPage":{"@id":"https:\/\/qtmm.org\/qt\/yedi-quyu-regional-meclisinin-reisi-olaraq-elvira-akimova-saylandi\/#primaryimage"},"image":{"@id":"https:\/\/qtmm.org\/qt\/yedi-quyu-regional-meclisinin-reisi-olaraq-elvira-akimova-saylandi\/#primaryimage"},"thumbnailUrl":"https:\/\/qtmm.org\/wp-content\/uploads\/2022\/01\/p3180019-1.jpeg","datePublished":"2012-03-19T14:13:00+00:00","dateModified":"2022-01-21T14:16:39+00:00","breadcrumb":{"@id":"https:\/\/qtmm.org\/qt\/yedi-quyu-regional-meclisinin-reisi-olaraq-elvira-akimova-saylandi\/#breadcrumb"},"inLanguage":"qt","potentialAction":[{"@type":"ReadAction","target":["https:\/\/qtmm.org\/qt\/yedi-quyu-regional-meclisinin-reisi-olaraq-elvira-akimova-saylandi\/"]}]},{"@type":"ImageObject","inLanguage":"qt","@id":"https:\/\/qtmm.org\/qt\/yedi-quyu-regional-meclisinin-reisi-olaraq-elvira-akimova-saylandi\/#primaryimage","url":"https:\/\/qtmm.org\/wp-content\/uploads\/2022\/01\/p3180019-1.jpeg","contentUrl":"https:\/\/qtmm.org\/wp-content\/uploads\/2022\/01\/p3180019-1.jpeg","width":800,"height":427},{"@type":"BreadcrumbList","@id":"https:\/\/qtmm.org\/qt\/yedi-quyu-regional-meclisinin-reisi-olaraq-elvira-akimova-saylandi\/#breadcrumb","itemListElement":[{"@type":"ListItem","position":1,"name":"\u0413\u043e\u043b\u043e\u0432\u043d\u0430","item":"https:\/\/qtmm.org\/qt\/"},{"@type":"ListItem","position":2,"name":"Yedi Quyu regional meclisini\u00f1 reisi olaraq Elvira Akimova sayland\u0131"}]},{"@type":"WebSite","@id":"https:\/\/qtmm.org\/qt\/#website","url":"https:\/\/qtmm.org\/qt\/","name":"\u041c\u0435\u0434\u0436\u043b\u0456\u0441","description":"","publisher":{"@id":"https:\/\/qtmm.org\/qt\/#organization"},"potentialAction":[{"@type":"SearchAction","target":{"@type":"EntryPoint","urlTemplate":"https:\/\/qtmm.org\/qt\/?s={search_term_string}"},"query-input":{"@type":"PropertyValueSpecification","valueRequired":true,"valueName":"search_term_string"}}],"inLanguage":"qt"},{"@type":"Organization","@id":"https:\/\/qtmm.org\/qt\/#organization","name":"\u041c\u0435\u0434\u0436\u043b\u0456\u0441","url":"https:\/\/qtmm.org\/qt\/","logo":{"@type":"ImageObject","inLanguage":"qt","@id":"https:\/\/qtmm.org\/qt\/#\/schema\/logo\/image\/","url":"https:\/\/qtmm.org\/wp-content\/uploads\/2024\/12\/ua-mejlis-logo-rgb.svg","contentUrl":"https:\/\/qtmm.org\/wp-content\/uploads\/2024\/12\/ua-mejlis-logo-rgb.svg","caption":"\u041c\u0435\u0434\u0436\u043b\u0456\u0441"},"image":{"@id":"https:\/\/qtmm.org\/qt\/#\/schema\/logo\/image\/"},"sameAs":["https:\/\/www.facebook.com\/qtmm.info\/"]},{"@type":"Person","@id":"https:\/\/qtmm.org\/qt\/#\/schema\/person\/de562469f971dec226ac06e60bbf74a7","name":"Developer","image":{"@type":"ImageObject","inLanguage":"qt","@id":"https:\/\/secure.gravatar.com\/avatar\/392b4cc8fbfeb00b39dfeeab4ee6edded39ffd48e25858637e4765810300227e?s=96&d=mm&r=g","url":"https:\/\/secure.gravatar.com\/avatar\/392b4cc8fbfeb00b39dfeeab4ee6edded39ffd48e25858637e4765810300227e?s=96&d=mm&r=g","contentUrl":"https:\/\/secure.gravatar.com\/avatar\/392b4cc8fbfeb00b39dfeeab4ee6edded39ffd48e25858637e4765810300227e?s=96&d=mm&r=g","caption":"Developer"},"url":"https:\/\/qtmm.org\/qt\/author\/Developer\/"}]}},"_links":{"self":[{"href":"https:\/\/qtmm.org\/qt\/wp-json\/wp\/v2\/posts\/29293","targetHints":{"allow":["GET"]}}],"collection":[{"href":"https:\/\/qtmm.org\/qt\/wp-json\/wp\/v2\/posts"}],"about":[{"href":"https:\/\/qtmm.org\/qt\/wp-json\/wp\/v2\/types\/post"}],"author":[{"embeddable":true,"href":"https:\/\/qtmm.org\/qt\/wp-json\/wp\/v2\/users\/1"}],"replies":[{"embeddable":true,"href":"https:\/\/qtmm.org\/qt\/wp-json\/wp\/v2\/comments?post=29293"}],"version-history":[{"count":1,"href":"https:\/\/qtmm.org\/qt\/wp-json\/wp\/v2\/posts\/29293\/revisions"}],"predecessor-version":[{"id":29314,"href":"https:\/\/qtmm.org\/qt\/wp-json\/wp\/v2\/posts\/29293\/revisions\/29314"}],"wp:featuredmedia":[{"embeddable":true,"href":"https:\/\/qtmm.org\/qt\/wp-json\/wp\/v2\/media\/29294"}],"wp:attachment":[{"href":"https:\/\/qtmm.org\/qt\/wp-json\/wp\/v2\/media?parent=29293"}],"wp:term":[{"taxonomy":"category","embeddable":true,"href":"https:\/\/qtmm.org\/qt\/wp-json\/wp\/v2\/categories?post=29293"},{"taxonomy":"post_tag","embeddable":true,"href":"https:\/\/qtmm.org\/qt\/wp-json\/wp\/v2\/tags?post=29293"}],"curies":[{"name":"wp","href":"https:\/\/api.w.org\/{rel}","templated":true}]}}