




{"id":29271,"date":"2012-03-17T17:12:00","date_gmt":"2012-03-17T14:12:00","guid":{"rendered":"http:\/\/qtmm.org\/?p=29271"},"modified":"2022-01-21T17:13:26","modified_gmt":"2022-01-21T14:13:26","slug":"mustafa-cemilev-rusiye-cezalangan-halqlari-birliginin-delegatsiyasini-qabul-etti","status":"publish","type":"post","link":"https:\/\/qtmm.org\/qt\/mustafa-cemilev-rusiye-cezalangan-halqlari-birliginin-delegatsiyasini-qabul-etti\/","title":{"rendered":"Mustafa Cemilev \u00abRusiye cezalan\u011fan halqlar\u0131 birligi\u00bbni\u00f1 delegatsiyas\u0131n\u0131 qabul etti"},"content":{"rendered":"\n<p>2012 senesi mart 17 k\u00fcn\u00fc Q\u0131r\u0131mtatar halq\u0131 Meclisini\u00f1 reisi Mustafa Cemilev Meclis ofisinde Arkadiy Gor\u00e2yev reislik yapqan &#8220;Rusiye cezalan\u011fan halqlar\u0131 birligi&#8221;ni\u00f1 delegatsiyas\u0131n\u0131 qabul etti<\/p>\n\n\n\n<p>Delegatsiya erk\u00e2n\u0131na Balqar halq\u0131 qartlar ke\u00f1e\u015fini\u00f1 reisi \u0130smail Saban\u00e7iyev, &#8220;\u00c7e\u00e7enler cemaat \u015furas\u0131&#8221; Da\u011f\u0131stan regional cemaat te\u015fkil\u00e2t\u0131 reisini\u00f1 muavini Sultan \u015eavhalov, \u0130n\u011fu\u015f Cumhuriyeti &#8220;Mehk-Khel&#8221; Regional cemaat areketi Aliy ke\u00f1e\u015fini\u00f1 azas\u0131 \u0130ssa Ahilgov, Qara\u00e7ay-\u00c7erkes &#8220;Qara\u00e7ay&#8221; cemaat fond\u0131n\u0131\u00f1 prezidenti Hasan Halke\u00e7ev kirdiler.<\/p>\n\n\n\n<p>B\u00fct\u00fcnd\u00fcnya q\u0131r\u0131mtatarlar kongressini\u00f1 prezidenti Refat \u00c7ubarov, Meclisni\u00f1 informatsion siyaseti ve cemaat te\u015fkil\u00e2tlar\u0131nen al\u00e2qalar boyunca idare ba\u015f\u0131 \u015eevket Qaybullayev, Meclisni\u00f1 t\u0131\u015fq\u0131 al\u00e2qalar b\u00f6l\u00fcgini\u00f1 ba\u015f\u0131 Ali Hamzin, Q\u0131r\u0131mtatar halq\u0131 genotsidini \u00f6gren\u00fcv ve on\u0131\u00f1 aqibetlerini yoq et\u00fcv boyunca Qurultayn\u0131\u00f1 mahsus komissiyas\u0131 reisini\u00f1 muavini Elvedin \u00c7ubarov i\u015ftirak etken k\u00f6r\u00fc\u015f\u00fcv devam\u0131nda Mustafa Cemilev ve Refat \u00c7ubarov musafirlerni\u00f1 q\u0131r\u0131mtatar halq\u0131n\u0131\u00f1 Q\u0131r\u0131m\u011fa qaytuv o\u011frundaki k\u00fcre\u015fini\u00f1 tarih\u0131na, Ukrainada q\u0131r\u0131mtatarlarn\u0131\u00f1 bug\u00fcnki vaziyeti, \u00f6z-\u00f6z\u00fcni idare et\u00fcv milliy organlarn\u0131\u00f1 faaliyetine ve \u00f6z halq\u0131n\u0131\u00f1 problemlerini \u00e7ez\u00fcvlde devlet organlar\u0131nen \u00f6zara \u00e7al\u0131\u015fuv\u011fa dair suallerine cevap berdiler.<\/p>\n\n\n\n<p><br>&#8220;Rusiye cezalan\u011fan halqlar\u0131n\u0131\u00f1 birligi&#8221; delegatsiyas\u0131n\u0131\u00f1 azalar\u0131 Kavkaz ve Qalm\u0131qstann\u0131\u00f1 s\u00fcrg\u00fcn etilgen halqlar\u0131n\u0131\u00f1 aq-uquqlar\u0131 tiklenilmesi saas\u0131ndaki meseleler husus\u0131nda s\u00f6z y\u00fcrsettiler. Musafirlerni\u00f1 qayd etkenine k\u00f6re, bu ceryan em federal, em regional seviyede manialar\u011fa rastkele. Rusiye Federatsiyas\u0131 bundan yigirmi y\u0131l evelsi qabul etken &#8220;Cezalan\u011fan halqlarn\u0131\u00f1 aqlan\u0131luv\u0131 aqq\u0131nda&#8221; ve &#8220;Siyasiy basq\u0131 qurbanlar\u0131n\u0131 aqlav aqq\u0131nda&#8221; qanunlar\u0131 deyerlik \u00e7al\u0131\u015fmay ve demek ki, Rusiyede ke\u00e7mi\u015fte ceza ve basq\u0131\u011fa o\u011frat\u0131l\u011fan halqlar\u011fa nisbeten yap\u0131l\u011fan cinayetni\u00f1 aqibetlerini yoq et\u00fcvni asl\u0131 da teminlemey.<\/p>\n\n\n\n<p>Bun\u0131\u00f1 kibi de k\u00f6r\u00fc\u015f\u00fcvde tolus\u0131 aqlanuv meseleleri boyunca \u00e7e\u015fit saalarda birlikte i\u015f al\u0131p baruv imk\u00e2nlar\u0131, SSSR devrinde s\u00fcrg\u00fcn etilgen halqlarn\u0131\u00f1 \u00f6g\u00fcnde devletni\u00f1 mes\u00fclieti muzakere olund\u0131. Taraflar SSSR cezalan\u011fan halqlar qurultay\u0131n\u0131 ke\u00e7ir\u00fcvni\u00f1 zarurl\u0131\u011f\u0131 husus\u0131ndaki fikirnen raz\u0131 ol\u0131p, qurultayn\u0131 Ukrainada ke\u00e7irmek imk\u00e2nlar\u0131n\u0131 baqt\u0131lar.<\/p>\n\n\n\n<figure class=\"wp-block-gallery columns-3 is-cropped wp-block-gallery-1 is-layout-flex wp-block-gallery-is-layout-flex\"><ul class=\"blocks-gallery-grid\"><li class=\"blocks-gallery-item\"><figure><a href=\"http:\/\/qtmm.org\/wp-content\/uploads\/2022\/01\/4f671db7b709a.jpeg\"><img loading=\"lazy\" decoding=\"async\" width=\"640\" height=\"480\" src=\"http:\/\/qtmm.org\/wp-content\/uploads\/2022\/01\/4f671db7b709a.jpeg\" alt=\"\" data-id=\"29272\" data-full-url=\"http:\/\/qtmm.org\/wp-content\/uploads\/2022\/01\/4f671db7b709a.jpeg\" data-link=\"http:\/\/qtmm.org\/?attachment_id=29272\" class=\"wp-image-29272\" srcset=\"https:\/\/qtmm.org\/wp-content\/uploads\/2022\/01\/4f671db7b709a.jpeg 640w, https:\/\/qtmm.org\/wp-content\/uploads\/2022\/01\/4f671db7b709a-300x225.jpeg 300w\" sizes=\"auto, (max-width: 640px) 100vw, 640px\" \/><\/a><\/figure><\/li><li class=\"blocks-gallery-item\"><figure><a href=\"http:\/\/qtmm.org\/wp-content\/uploads\/2022\/01\/4f671db7d5ca1.jpeg\"><img loading=\"lazy\" decoding=\"async\" width=\"640\" height=\"480\" src=\"http:\/\/qtmm.org\/wp-content\/uploads\/2022\/01\/4f671db7d5ca1.jpeg\" alt=\"\" data-id=\"29276\" data-full-url=\"http:\/\/qtmm.org\/wp-content\/uploads\/2022\/01\/4f671db7d5ca1.jpeg\" data-link=\"http:\/\/qtmm.org\/?attachment_id=29276\" class=\"wp-image-29276\" srcset=\"https:\/\/qtmm.org\/wp-content\/uploads\/2022\/01\/4f671db7d5ca1.jpeg 640w, https:\/\/qtmm.org\/wp-content\/uploads\/2022\/01\/4f671db7d5ca1-300x225.jpeg 300w\" sizes=\"auto, (max-width: 640px) 100vw, 640px\" \/><\/a><\/figure><\/li><li class=\"blocks-gallery-item\"><figure><a href=\"http:\/\/qtmm.org\/wp-content\/uploads\/2022\/01\/4f671db78e3fd.jpeg\"><img loading=\"lazy\" decoding=\"async\" width=\"640\" height=\"480\" src=\"http:\/\/qtmm.org\/wp-content\/uploads\/2022\/01\/4f671db78e3fd.jpeg\" alt=\"\" data-id=\"29280\" data-full-url=\"http:\/\/qtmm.org\/wp-content\/uploads\/2022\/01\/4f671db78e3fd.jpeg\" data-link=\"http:\/\/qtmm.org\/?attachment_id=29280\" class=\"wp-image-29280\" srcset=\"https:\/\/qtmm.org\/wp-content\/uploads\/2022\/01\/4f671db78e3fd.jpeg 640w, https:\/\/qtmm.org\/wp-content\/uploads\/2022\/01\/4f671db78e3fd-300x225.jpeg 300w\" sizes=\"auto, (max-width: 640px) 100vw, 640px\" \/><\/a><\/figure><\/li><li class=\"blocks-gallery-item\"><figure><a href=\"http:\/\/qtmm.org\/wp-content\/uploads\/2022\/01\/4f671db769df2.jpeg\"><img loading=\"lazy\" decoding=\"async\" width=\"640\" height=\"480\" src=\"http:\/\/qtmm.org\/wp-content\/uploads\/2022\/01\/4f671db769df2.jpeg\" alt=\"\" data-id=\"29284\" data-full-url=\"http:\/\/qtmm.org\/wp-content\/uploads\/2022\/01\/4f671db769df2.jpeg\" data-link=\"http:\/\/qtmm.org\/?attachment_id=29284\" class=\"wp-image-29284\" srcset=\"https:\/\/qtmm.org\/wp-content\/uploads\/2022\/01\/4f671db769df2.jpeg 640w, https:\/\/qtmm.org\/wp-content\/uploads\/2022\/01\/4f671db769df2-300x225.jpeg 300w\" sizes=\"auto, (max-width: 640px) 100vw, 640px\" \/><\/a><\/figure><\/li><li class=\"blocks-gallery-item\"><figure><a href=\"http:\/\/qtmm.org\/wp-content\/uploads\/2022\/01\/4f671db74192c.jpeg\"><img loading=\"lazy\" decoding=\"async\" width=\"640\" height=\"480\" src=\"http:\/\/qtmm.org\/wp-content\/uploads\/2022\/01\/4f671db74192c.jpeg\" alt=\"\" data-id=\"29288\" data-full-url=\"http:\/\/qtmm.org\/wp-content\/uploads\/2022\/01\/4f671db74192c.jpeg\" data-link=\"http:\/\/qtmm.org\/?attachment_id=29288\" class=\"wp-image-29288\" srcset=\"https:\/\/qtmm.org\/wp-content\/uploads\/2022\/01\/4f671db74192c.jpeg 640w, https:\/\/qtmm.org\/wp-content\/uploads\/2022\/01\/4f671db74192c-300x225.jpeg 300w\" sizes=\"auto, (max-width: 640px) 100vw, 640px\" \/><\/a><\/figure><\/li><\/ul><\/figure>\n","protected":false},"excerpt":{"rendered":"<p>2012 senesi mart 17 k\u00fcn\u00fc Q\u0131r\u0131mtatar halq\u0131 Meclisini\u00f1 reisi Mustafa Cemilev Meclis ofisinde Arkadiy Gor\u00e2yev reislik yapqan &#8220;Rusiye cezalan\u011fan halqlar\u0131 birligi&#8221;ni\u00f1 delegatsiyas\u0131n\u0131 qabul etti Delegatsiya erk\u00e2n\u0131na Balqar halq\u0131 qartlar ke\u00f1e\u015fini\u00f1 reisi \u0130smail Saban\u00e7iyev, &#8220;\u00c7e\u00e7enler cemaat \u015furas\u0131&#8221; Da\u011f\u0131stan regional cemaat te\u015fkil\u00e2t\u0131 reisini\u00f1 muavini Sultan \u015eavhalov, \u0130n\u011fu\u015f Cumhuriyeti &#8220;Mehk-Khel&#8221; Regional cemaat areketi Aliy ke\u00f1e\u015fini\u00f1 azas\u0131 \u0130ssa Ahilgov, [&hellip;]<\/p>\n","protected":false},"author":1,"featured_media":29276,"comment_status":"open","ping_status":"open","sticky":false,"template":"","format":"standard","meta":{"inline_featured_image":false,"footnotes":""},"categories":[265],"tags":[],"class_list":["post-29271","post","type-post","status-publish","format-standard","has-post-thumbnail","hentry","category-haberler"],"acf":[],"yoast_head":"<!-- This site is optimized with the Yoast SEO plugin v27.4 - https:\/\/yoast.com\/product\/yoast-seo-wordpress\/ -->\n<title>Mustafa Cemilev \u00abRusiye cezalan\u011fan halqlar\u0131 birligi\u00bbni\u00f1 delegatsiyas\u0131n\u0131 qabul etti - \u041c\u0435\u0434\u0436\u043b\u0456\u0441<\/title>\n<meta name=\"robots\" content=\"index, follow, max-snippet:-1, max-image-preview:large, max-video-preview:-1\" \/>\n<link rel=\"canonical\" href=\"https:\/\/qtmm.org\/qt\/mustafa-cemilev-rusiye-cezalangan-halqlari-birliginin-delegatsiyasini-qabul-etti\/\" \/>\n<meta property=\"og:locale\" content=\"en_US\" \/>\n<meta property=\"og:type\" content=\"article\" \/>\n<meta property=\"og:title\" content=\"Mustafa Cemilev \u00abRusiye cezalan\u011fan halqlar\u0131 birligi\u00bbni\u00f1 delegatsiyas\u0131n\u0131 qabul etti - \u041c\u0435\u0434\u0436\u043b\u0456\u0441\" \/>\n<meta property=\"og:description\" content=\"2012 senesi mart 17 k\u00fcn\u00fc Q\u0131r\u0131mtatar halq\u0131 Meclisini\u00f1 reisi Mustafa Cemilev Meclis ofisinde Arkadiy Gor\u00e2yev reislik yapqan &#8220;Rusiye cezalan\u011fan halqlar\u0131 birligi&#8221;ni\u00f1 delegatsiyas\u0131n\u0131 qabul etti Delegatsiya erk\u00e2n\u0131na Balqar halq\u0131 qartlar ke\u00f1e\u015fini\u00f1 reisi \u0130smail Saban\u00e7iyev, &#8220;\u00c7e\u00e7enler cemaat \u015furas\u0131&#8221; Da\u011f\u0131stan regional cemaat te\u015fkil\u00e2t\u0131 reisini\u00f1 muavini Sultan \u015eavhalov, \u0130n\u011fu\u015f Cumhuriyeti &#8220;Mehk-Khel&#8221; Regional cemaat areketi Aliy ke\u00f1e\u015fini\u00f1 azas\u0131 \u0130ssa Ahilgov, [&hellip;]\" \/>\n<meta property=\"og:url\" content=\"https:\/\/qtmm.org\/qt\/mustafa-cemilev-rusiye-cezalangan-halqlari-birliginin-delegatsiyasini-qabul-etti\/\" \/>\n<meta property=\"og:site_name\" content=\"\u041c\u0435\u0434\u0436\u043b\u0456\u0441\" \/>\n<meta property=\"article:publisher\" content=\"https:\/\/www.facebook.com\/qtmm.info\/\" \/>\n<meta property=\"article:published_time\" content=\"2012-03-17T14:12:00+00:00\" \/>\n<meta property=\"article:modified_time\" content=\"2022-01-21T14:13:26+00:00\" \/>\n<meta property=\"og:image\" content=\"https:\/\/qtmm.org\/wp-content\/uploads\/2022\/01\/4f671db7d5ca1.jpeg\" \/>\n\t<meta property=\"og:image:width\" content=\"640\" \/>\n\t<meta property=\"og:image:height\" content=\"480\" \/>\n\t<meta property=\"og:image:type\" content=\"image\/jpeg\" \/>\n<meta name=\"author\" content=\"Developer\" \/>\n<meta name=\"twitter:card\" content=\"summary_large_image\" \/>\n<meta name=\"twitter:label1\" content=\"Written by\" \/>\n\t<meta name=\"twitter:data1\" content=\"Developer\" \/>\n\t<meta name=\"twitter:label2\" content=\"Est. reading time\" \/>\n\t<meta name=\"twitter:data2\" content=\"2 minutes\" \/>\n<script type=\"application\/ld+json\" class=\"yoast-schema-graph\">{\"@context\":\"https:\\\/\\\/schema.org\",\"@graph\":[{\"@type\":\"Article\",\"@id\":\"https:\\\/\\\/qtmm.org\\\/qt\\\/mustafa-cemilev-rusiye-cezalangan-halqlari-birliginin-delegatsiyasini-qabul-etti\\\/#article\",\"isPartOf\":{\"@id\":\"https:\\\/\\\/qtmm.org\\\/qt\\\/mustafa-cemilev-rusiye-cezalangan-halqlari-birliginin-delegatsiyasini-qabul-etti\\\/\"},\"author\":{\"name\":\"Developer\",\"@id\":\"https:\\\/\\\/qtmm.org\\\/qt\\\/#\\\/schema\\\/person\\\/de562469f971dec226ac06e60bbf74a7\"},\"headline\":\"Mustafa Cemilev \u00abRusiye cezalan\u011fan halqlar\u0131 birligi\u00bbni\u00f1 delegatsiyas\u0131n\u0131 qabul etti\",\"datePublished\":\"2012-03-17T14:12:00+00:00\",\"dateModified\":\"2022-01-21T14:13:26+00:00\",\"mainEntityOfPage\":{\"@id\":\"https:\\\/\\\/qtmm.org\\\/qt\\\/mustafa-cemilev-rusiye-cezalangan-halqlari-birliginin-delegatsiyasini-qabul-etti\\\/\"},\"wordCount\":383,\"commentCount\":0,\"publisher\":{\"@id\":\"https:\\\/\\\/qtmm.org\\\/qt\\\/#organization\"},\"image\":{\"@id\":\"https:\\\/\\\/qtmm.org\\\/qt\\\/mustafa-cemilev-rusiye-cezalangan-halqlari-birliginin-delegatsiyasini-qabul-etti\\\/#primaryimage\"},\"thumbnailUrl\":\"https:\\\/\\\/qtmm.org\\\/wp-content\\\/uploads\\\/2022\\\/01\\\/4f671db7d5ca1.jpeg\",\"articleSection\":[\"Haberler\"],\"inLanguage\":\"qt\",\"potentialAction\":[{\"@type\":\"CommentAction\",\"name\":\"Comment\",\"target\":[\"https:\\\/\\\/qtmm.org\\\/qt\\\/mustafa-cemilev-rusiye-cezalangan-halqlari-birliginin-delegatsiyasini-qabul-etti\\\/#respond\"]}]},{\"@type\":\"WebPage\",\"@id\":\"https:\\\/\\\/qtmm.org\\\/qt\\\/mustafa-cemilev-rusiye-cezalangan-halqlari-birliginin-delegatsiyasini-qabul-etti\\\/\",\"url\":\"https:\\\/\\\/qtmm.org\\\/qt\\\/mustafa-cemilev-rusiye-cezalangan-halqlari-birliginin-delegatsiyasini-qabul-etti\\\/\",\"name\":\"Mustafa Cemilev \u00abRusiye cezalan\u011fan halqlar\u0131 birligi\u00bbni\u00f1 delegatsiyas\u0131n\u0131 qabul etti - \u041c\u0435\u0434\u0436\u043b\u0456\u0441\",\"isPartOf\":{\"@id\":\"https:\\\/\\\/qtmm.org\\\/qt\\\/#website\"},\"primaryImageOfPage\":{\"@id\":\"https:\\\/\\\/qtmm.org\\\/qt\\\/mustafa-cemilev-rusiye-cezalangan-halqlari-birliginin-delegatsiyasini-qabul-etti\\\/#primaryimage\"},\"image\":{\"@id\":\"https:\\\/\\\/qtmm.org\\\/qt\\\/mustafa-cemilev-rusiye-cezalangan-halqlari-birliginin-delegatsiyasini-qabul-etti\\\/#primaryimage\"},\"thumbnailUrl\":\"https:\\\/\\\/qtmm.org\\\/wp-content\\\/uploads\\\/2022\\\/01\\\/4f671db7d5ca1.jpeg\",\"datePublished\":\"2012-03-17T14:12:00+00:00\",\"dateModified\":\"2022-01-21T14:13:26+00:00\",\"breadcrumb\":{\"@id\":\"https:\\\/\\\/qtmm.org\\\/qt\\\/mustafa-cemilev-rusiye-cezalangan-halqlari-birliginin-delegatsiyasini-qabul-etti\\\/#breadcrumb\"},\"inLanguage\":\"qt\",\"potentialAction\":[{\"@type\":\"ReadAction\",\"target\":[\"https:\\\/\\\/qtmm.org\\\/qt\\\/mustafa-cemilev-rusiye-cezalangan-halqlari-birliginin-delegatsiyasini-qabul-etti\\\/\"]}]},{\"@type\":\"ImageObject\",\"inLanguage\":\"qt\",\"@id\":\"https:\\\/\\\/qtmm.org\\\/qt\\\/mustafa-cemilev-rusiye-cezalangan-halqlari-birliginin-delegatsiyasini-qabul-etti\\\/#primaryimage\",\"url\":\"https:\\\/\\\/qtmm.org\\\/wp-content\\\/uploads\\\/2022\\\/01\\\/4f671db7d5ca1.jpeg\",\"contentUrl\":\"https:\\\/\\\/qtmm.org\\\/wp-content\\\/uploads\\\/2022\\\/01\\\/4f671db7d5ca1.jpeg\",\"width\":640,\"height\":480},{\"@type\":\"BreadcrumbList\",\"@id\":\"https:\\\/\\\/qtmm.org\\\/qt\\\/mustafa-cemilev-rusiye-cezalangan-halqlari-birliginin-delegatsiyasini-qabul-etti\\\/#breadcrumb\",\"itemListElement\":[{\"@type\":\"ListItem\",\"position\":1,\"name\":\"\u0413\u043e\u043b\u043e\u0432\u043d\u0430\",\"item\":\"https:\\\/\\\/qtmm.org\\\/qt\\\/\"},{\"@type\":\"ListItem\",\"position\":2,\"name\":\"Mustafa Cemilev \u00abRusiye cezalan\u011fan halqlar\u0131 birligi\u00bbni\u00f1 delegatsiyas\u0131n\u0131 qabul etti\"}]},{\"@type\":\"WebSite\",\"@id\":\"https:\\\/\\\/qtmm.org\\\/qt\\\/#website\",\"url\":\"https:\\\/\\\/qtmm.org\\\/qt\\\/\",\"name\":\"\u041c\u0435\u0434\u0436\u043b\u0456\u0441\",\"description\":\"\",\"publisher\":{\"@id\":\"https:\\\/\\\/qtmm.org\\\/qt\\\/#organization\"},\"potentialAction\":[{\"@type\":\"SearchAction\",\"target\":{\"@type\":\"EntryPoint\",\"urlTemplate\":\"https:\\\/\\\/qtmm.org\\\/qt\\\/?s={search_term_string}\"},\"query-input\":{\"@type\":\"PropertyValueSpecification\",\"valueRequired\":true,\"valueName\":\"search_term_string\"}}],\"inLanguage\":\"qt\"},{\"@type\":\"Organization\",\"@id\":\"https:\\\/\\\/qtmm.org\\\/qt\\\/#organization\",\"name\":\"\u041c\u0435\u0434\u0436\u043b\u0456\u0441\",\"url\":\"https:\\\/\\\/qtmm.org\\\/qt\\\/\",\"logo\":{\"@type\":\"ImageObject\",\"inLanguage\":\"qt\",\"@id\":\"https:\\\/\\\/qtmm.org\\\/qt\\\/#\\\/schema\\\/logo\\\/image\\\/\",\"url\":\"https:\\\/\\\/qtmm.org\\\/wp-content\\\/uploads\\\/2024\\\/12\\\/ua-mejlis-logo-rgb.svg\",\"contentUrl\":\"https:\\\/\\\/qtmm.org\\\/wp-content\\\/uploads\\\/2024\\\/12\\\/ua-mejlis-logo-rgb.svg\",\"caption\":\"\u041c\u0435\u0434\u0436\u043b\u0456\u0441\"},\"image\":{\"@id\":\"https:\\\/\\\/qtmm.org\\\/qt\\\/#\\\/schema\\\/logo\\\/image\\\/\"},\"sameAs\":[\"https:\\\/\\\/www.facebook.com\\\/qtmm.info\\\/\"]},{\"@type\":\"Person\",\"@id\":\"https:\\\/\\\/qtmm.org\\\/qt\\\/#\\\/schema\\\/person\\\/de562469f971dec226ac06e60bbf74a7\",\"name\":\"Developer\",\"image\":{\"@type\":\"ImageObject\",\"inLanguage\":\"qt\",\"@id\":\"https:\\\/\\\/secure.gravatar.com\\\/avatar\\\/392b4cc8fbfeb00b39dfeeab4ee6edded39ffd48e25858637e4765810300227e?s=96&d=mm&r=g\",\"url\":\"https:\\\/\\\/secure.gravatar.com\\\/avatar\\\/392b4cc8fbfeb00b39dfeeab4ee6edded39ffd48e25858637e4765810300227e?s=96&d=mm&r=g\",\"contentUrl\":\"https:\\\/\\\/secure.gravatar.com\\\/avatar\\\/392b4cc8fbfeb00b39dfeeab4ee6edded39ffd48e25858637e4765810300227e?s=96&d=mm&r=g\",\"caption\":\"Developer\"},\"url\":\"https:\\\/\\\/qtmm.org\\\/qt\\\/author\\\/Developer\\\/\"}]}<\/script>\n<!-- \/ Yoast SEO plugin. -->","yoast_head_json":{"title":"Mustafa Cemilev \u00abRusiye cezalan\u011fan halqlar\u0131 birligi\u00bbni\u00f1 delegatsiyas\u0131n\u0131 qabul etti - \u041c\u0435\u0434\u0436\u043b\u0456\u0441","robots":{"index":"index","follow":"follow","max-snippet":"max-snippet:-1","max-image-preview":"max-image-preview:large","max-video-preview":"max-video-preview:-1"},"canonical":"https:\/\/qtmm.org\/qt\/mustafa-cemilev-rusiye-cezalangan-halqlari-birliginin-delegatsiyasini-qabul-etti\/","og_locale":"en_US","og_type":"article","og_title":"Mustafa Cemilev \u00abRusiye cezalan\u011fan halqlar\u0131 birligi\u00bbni\u00f1 delegatsiyas\u0131n\u0131 qabul etti - \u041c\u0435\u0434\u0436\u043b\u0456\u0441","og_description":"2012 senesi mart 17 k\u00fcn\u00fc Q\u0131r\u0131mtatar halq\u0131 Meclisini\u00f1 reisi Mustafa Cemilev Meclis ofisinde Arkadiy Gor\u00e2yev reislik yapqan &#8220;Rusiye cezalan\u011fan halqlar\u0131 birligi&#8221;ni\u00f1 delegatsiyas\u0131n\u0131 qabul etti Delegatsiya erk\u00e2n\u0131na Balqar halq\u0131 qartlar ke\u00f1e\u015fini\u00f1 reisi \u0130smail Saban\u00e7iyev, &#8220;\u00c7e\u00e7enler cemaat \u015furas\u0131&#8221; Da\u011f\u0131stan regional cemaat te\u015fkil\u00e2t\u0131 reisini\u00f1 muavini Sultan \u015eavhalov, \u0130n\u011fu\u015f Cumhuriyeti &#8220;Mehk-Khel&#8221; Regional cemaat areketi Aliy ke\u00f1e\u015fini\u00f1 azas\u0131 \u0130ssa Ahilgov, [&hellip;]","og_url":"https:\/\/qtmm.org\/qt\/mustafa-cemilev-rusiye-cezalangan-halqlari-birliginin-delegatsiyasini-qabul-etti\/","og_site_name":"\u041c\u0435\u0434\u0436\u043b\u0456\u0441","article_publisher":"https:\/\/www.facebook.com\/qtmm.info\/","article_published_time":"2012-03-17T14:12:00+00:00","article_modified_time":"2022-01-21T14:13:26+00:00","og_image":[{"width":640,"height":480,"url":"https:\/\/qtmm.org\/wp-content\/uploads\/2022\/01\/4f671db7d5ca1.jpeg","type":"image\/jpeg"}],"author":"Developer","twitter_card":"summary_large_image","twitter_misc":{"Written by":"Developer","Est. reading time":"2 minutes"},"schema":{"@context":"https:\/\/schema.org","@graph":[{"@type":"Article","@id":"https:\/\/qtmm.org\/qt\/mustafa-cemilev-rusiye-cezalangan-halqlari-birliginin-delegatsiyasini-qabul-etti\/#article","isPartOf":{"@id":"https:\/\/qtmm.org\/qt\/mustafa-cemilev-rusiye-cezalangan-halqlari-birliginin-delegatsiyasini-qabul-etti\/"},"author":{"name":"Developer","@id":"https:\/\/qtmm.org\/qt\/#\/schema\/person\/de562469f971dec226ac06e60bbf74a7"},"headline":"Mustafa Cemilev \u00abRusiye cezalan\u011fan halqlar\u0131 birligi\u00bbni\u00f1 delegatsiyas\u0131n\u0131 qabul etti","datePublished":"2012-03-17T14:12:00+00:00","dateModified":"2022-01-21T14:13:26+00:00","mainEntityOfPage":{"@id":"https:\/\/qtmm.org\/qt\/mustafa-cemilev-rusiye-cezalangan-halqlari-birliginin-delegatsiyasini-qabul-etti\/"},"wordCount":383,"commentCount":0,"publisher":{"@id":"https:\/\/qtmm.org\/qt\/#organization"},"image":{"@id":"https:\/\/qtmm.org\/qt\/mustafa-cemilev-rusiye-cezalangan-halqlari-birliginin-delegatsiyasini-qabul-etti\/#primaryimage"},"thumbnailUrl":"https:\/\/qtmm.org\/wp-content\/uploads\/2022\/01\/4f671db7d5ca1.jpeg","articleSection":["Haberler"],"inLanguage":"qt","potentialAction":[{"@type":"CommentAction","name":"Comment","target":["https:\/\/qtmm.org\/qt\/mustafa-cemilev-rusiye-cezalangan-halqlari-birliginin-delegatsiyasini-qabul-etti\/#respond"]}]},{"@type":"WebPage","@id":"https:\/\/qtmm.org\/qt\/mustafa-cemilev-rusiye-cezalangan-halqlari-birliginin-delegatsiyasini-qabul-etti\/","url":"https:\/\/qtmm.org\/qt\/mustafa-cemilev-rusiye-cezalangan-halqlari-birliginin-delegatsiyasini-qabul-etti\/","name":"Mustafa Cemilev \u00abRusiye cezalan\u011fan halqlar\u0131 birligi\u00bbni\u00f1 delegatsiyas\u0131n\u0131 qabul etti - \u041c\u0435\u0434\u0436\u043b\u0456\u0441","isPartOf":{"@id":"https:\/\/qtmm.org\/qt\/#website"},"primaryImageOfPage":{"@id":"https:\/\/qtmm.org\/qt\/mustafa-cemilev-rusiye-cezalangan-halqlari-birliginin-delegatsiyasini-qabul-etti\/#primaryimage"},"image":{"@id":"https:\/\/qtmm.org\/qt\/mustafa-cemilev-rusiye-cezalangan-halqlari-birliginin-delegatsiyasini-qabul-etti\/#primaryimage"},"thumbnailUrl":"https:\/\/qtmm.org\/wp-content\/uploads\/2022\/01\/4f671db7d5ca1.jpeg","datePublished":"2012-03-17T14:12:00+00:00","dateModified":"2022-01-21T14:13:26+00:00","breadcrumb":{"@id":"https:\/\/qtmm.org\/qt\/mustafa-cemilev-rusiye-cezalangan-halqlari-birliginin-delegatsiyasini-qabul-etti\/#breadcrumb"},"inLanguage":"qt","potentialAction":[{"@type":"ReadAction","target":["https:\/\/qtmm.org\/qt\/mustafa-cemilev-rusiye-cezalangan-halqlari-birliginin-delegatsiyasini-qabul-etti\/"]}]},{"@type":"ImageObject","inLanguage":"qt","@id":"https:\/\/qtmm.org\/qt\/mustafa-cemilev-rusiye-cezalangan-halqlari-birliginin-delegatsiyasini-qabul-etti\/#primaryimage","url":"https:\/\/qtmm.org\/wp-content\/uploads\/2022\/01\/4f671db7d5ca1.jpeg","contentUrl":"https:\/\/qtmm.org\/wp-content\/uploads\/2022\/01\/4f671db7d5ca1.jpeg","width":640,"height":480},{"@type":"BreadcrumbList","@id":"https:\/\/qtmm.org\/qt\/mustafa-cemilev-rusiye-cezalangan-halqlari-birliginin-delegatsiyasini-qabul-etti\/#breadcrumb","itemListElement":[{"@type":"ListItem","position":1,"name":"\u0413\u043e\u043b\u043e\u0432\u043d\u0430","item":"https:\/\/qtmm.org\/qt\/"},{"@type":"ListItem","position":2,"name":"Mustafa Cemilev \u00abRusiye cezalan\u011fan halqlar\u0131 birligi\u00bbni\u00f1 delegatsiyas\u0131n\u0131 qabul etti"}]},{"@type":"WebSite","@id":"https:\/\/qtmm.org\/qt\/#website","url":"https:\/\/qtmm.org\/qt\/","name":"\u041c\u0435\u0434\u0436\u043b\u0456\u0441","description":"","publisher":{"@id":"https:\/\/qtmm.org\/qt\/#organization"},"potentialAction":[{"@type":"SearchAction","target":{"@type":"EntryPoint","urlTemplate":"https:\/\/qtmm.org\/qt\/?s={search_term_string}"},"query-input":{"@type":"PropertyValueSpecification","valueRequired":true,"valueName":"search_term_string"}}],"inLanguage":"qt"},{"@type":"Organization","@id":"https:\/\/qtmm.org\/qt\/#organization","name":"\u041c\u0435\u0434\u0436\u043b\u0456\u0441","url":"https:\/\/qtmm.org\/qt\/","logo":{"@type":"ImageObject","inLanguage":"qt","@id":"https:\/\/qtmm.org\/qt\/#\/schema\/logo\/image\/","url":"https:\/\/qtmm.org\/wp-content\/uploads\/2024\/12\/ua-mejlis-logo-rgb.svg","contentUrl":"https:\/\/qtmm.org\/wp-content\/uploads\/2024\/12\/ua-mejlis-logo-rgb.svg","caption":"\u041c\u0435\u0434\u0436\u043b\u0456\u0441"},"image":{"@id":"https:\/\/qtmm.org\/qt\/#\/schema\/logo\/image\/"},"sameAs":["https:\/\/www.facebook.com\/qtmm.info\/"]},{"@type":"Person","@id":"https:\/\/qtmm.org\/qt\/#\/schema\/person\/de562469f971dec226ac06e60bbf74a7","name":"Developer","image":{"@type":"ImageObject","inLanguage":"qt","@id":"https:\/\/secure.gravatar.com\/avatar\/392b4cc8fbfeb00b39dfeeab4ee6edded39ffd48e25858637e4765810300227e?s=96&d=mm&r=g","url":"https:\/\/secure.gravatar.com\/avatar\/392b4cc8fbfeb00b39dfeeab4ee6edded39ffd48e25858637e4765810300227e?s=96&d=mm&r=g","contentUrl":"https:\/\/secure.gravatar.com\/avatar\/392b4cc8fbfeb00b39dfeeab4ee6edded39ffd48e25858637e4765810300227e?s=96&d=mm&r=g","caption":"Developer"},"url":"https:\/\/qtmm.org\/qt\/author\/Developer\/"}]}},"_links":{"self":[{"href":"https:\/\/qtmm.org\/qt\/wp-json\/wp\/v2\/posts\/29271","targetHints":{"allow":["GET"]}}],"collection":[{"href":"https:\/\/qtmm.org\/qt\/wp-json\/wp\/v2\/posts"}],"about":[{"href":"https:\/\/qtmm.org\/qt\/wp-json\/wp\/v2\/types\/post"}],"author":[{"embeddable":true,"href":"https:\/\/qtmm.org\/qt\/wp-json\/wp\/v2\/users\/1"}],"replies":[{"embeddable":true,"href":"https:\/\/qtmm.org\/qt\/wp-json\/wp\/v2\/comments?post=29271"}],"version-history":[{"count":1,"href":"https:\/\/qtmm.org\/qt\/wp-json\/wp\/v2\/posts\/29271\/revisions"}],"predecessor-version":[{"id":29292,"href":"https:\/\/qtmm.org\/qt\/wp-json\/wp\/v2\/posts\/29271\/revisions\/29292"}],"wp:featuredmedia":[{"embeddable":true,"href":"https:\/\/qtmm.org\/qt\/wp-json\/wp\/v2\/media\/29276"}],"wp:attachment":[{"href":"https:\/\/qtmm.org\/qt\/wp-json\/wp\/v2\/media?parent=29271"}],"wp:term":[{"taxonomy":"category","embeddable":true,"href":"https:\/\/qtmm.org\/qt\/wp-json\/wp\/v2\/categories?post=29271"},{"taxonomy":"post_tag","embeddable":true,"href":"https:\/\/qtmm.org\/qt\/wp-json\/wp\/v2\/tags?post=29271"}],"curies":[{"name":"wp","href":"https:\/\/api.w.org\/{rel}","templated":true}]}}