




{"id":29269,"date":"2012-03-16T17:11:00","date_gmt":"2012-03-16T14:11:00","guid":{"rendered":"http:\/\/qtmm.org\/?p=29269"},"modified":"2022-01-21T17:12:06","modified_gmt":"2022-01-21T14:12:06","slug":"zair-smedlayev-mamut-sultan-territorial-komissiyasinda-ic-bir-turlu-dava-yoqtir","status":"publish","type":"post","link":"https:\/\/qtmm.org\/qt\/zair-smedlayev-mamut-sultan-territorial-komissiyasinda-ic-bir-turlu-dava-yoqtir\/","title":{"rendered":"Zair Smedl\u00e2yev: \u00abMamut Sultan territorial komissiyas\u0131nda i\u00e7 bir t\u00fcrl\u00fc dava yoqt\u0131r\u00bb"},"content":{"rendered":"\n<p>Al-az\u0131rda Q\u0131r\u0131mn\u0131\u00f1 d\u00f6rt region\u0131nda yerli meclislerge saylavlar kete. Aqmescit rayon\u0131nda yerli meclislerge namzetlerni k\u00f6ster\u00fcv yek\u00fcnlengen olsa, Aqme\u00e7itte devam eite, Alu\u015fta ve Yalta regionlar\u0131nda ise ba\u015fland\u0131.&nbsp;<\/p>\n\n\n\n<p>Maalliy meclislerge saylavlarn\u0131 az\u0131rlav ve te\u015fkil\u00e2tland\u0131ruv boyunca komissiyan\u0131\u00f1 k\u00e2tibi Zair Smedl\u00e2yev Saylav ceryan\u0131n\u0131\u00f1 keti\u015fat\u0131na izaat bere.&nbsp;<\/p>\n\n\n\n<p>&#8220;Bug\u00fcnde-bug\u00fcn Maalliy meclislerge saylavlarn\u0131 az\u0131rlav ve te\u015fkil\u00e2tland\u0131ruv boyunca komissiyas\u0131 yerli territorial saylav komissiyalar\u0131ndan protokollarn\u0131 qabul ete&#8221;, &#8211; dedi Zair Smedl\u00e2yev. Endi bu regiondan yerli meclisler azal\u0131\u011f\u0131na namzetligini k\u00f6stergenler kendilerini\u00f1 saylav kampaniyalar\u0131n\u0131 te\u015fkil etip, \u00f6z planlar\u0131, bu vaq\u0131tqa qadar yapqan faaliyetleri aqq\u0131nda ik\u00e2ye etecekler. Bun\u0131 esasen yerli territorial saylav komissiyalar\u0131 ya da Maalliy meclislerge saylavlarn\u0131 az\u0131rlav ve te\u015fkil\u00e2tland\u0131ruv boyunca komissiyas\u0131 degil de namzetlerni\u00f1 \u00f6zleri yapmaq kerekler.<\/p>\n\n\n\n<p>Saylav ceryan\u0131n\u0131\u00f1 keti\u015fat\u0131nen Maalliy meclislerge saylavlarn\u0131 az\u0131rlav ve te\u015fkil\u00e2tland\u0131ruv boyunca komissiya k\u00fctleviy matbuat vastalar\u0131nda , televizion programmalarda muntazam s\u00fcrette tan\u0131\u015f eteler.&nbsp;<\/p>\n\n\n\n<p>&#8220;Ke\u00e7enlerde\u00a0ATR\u00a0telekanal\u0131 Mamut Sultan territorial komissiyas\u0131nda dava \u00e7\u0131qqan\u0131 aqkq\u0131nda haber berdi. Kesinliknen qayd etem, anda i\u00e7 bir t\u00fcrl\u00fc dava yoqt\u0131r. Ebet farql\u0131 fikirler bildirildi, bu tabiiy bir al. Reqabet ol\u011fan yerde fikirler de \u00e7e\u015fit olabilir. Eger yerli territorital komissiyalar bir hul\u00e2sa\u011fa kelip olamasalar, o zaman Maalliy meclislerge saylavlarn\u0131 az\u0131rlav ve te\u015fkil\u00e2tland\u0131ruv boyunca komissiyas\u0131, davan\u0131 \u00e7ez\u00fcvde yard\u0131m\u011fa kele, &#8211; dedi Zair Smedl\u00e2yev. Bun\u0131\u00f1 kibi o \u015fun\u0131 da qayd etti ki, Maalliy meclislerge saylavlarn\u0131 az\u0131rlav ve te\u015fkil\u00e2tland\u0131ruv boyunca merkeziy komissiya yerli komissiyalarn\u0131\u00f1 erk\u00e2n\u0131n\u0131 \u00f6yle \u015fekillendire ki, o\u00f1a \u00e7e\u015fit cemaat te\u015fkil\u00e2tlar\u0131n\u0131\u00f1 vekilleri de kirsetilsin. Bu \u00f6z nevbetinde do\u011fru ve adaletli saylavlarn\u0131\u00f1 ke\u00e7irilmesini teminler.\u00a0<br>&#8220;\u0130\u015f grafigi ve territorial komissiyalarn\u0131\u00f1 bulun\u011fan yeri aqq\u0131nda il\u00e2nlar cemaat yerlerinde,\u00a0<a href=\"http:\/\/www.avdet.org\/\" target=\"_blank\" rel=\"noreferrer noopener\">&#8220;Avdet&#8221;<\/a>\u00a0gazetas\u0131 ve\u00a0Q\u0131r\u0131mtatar halq\u0131 Meclisini\u00f1 \u0130nternet saifesinde yerle\u015ftirildi&#8221;, &#8211; dep haber etti Zair Smedl\u00e2yev ve yaq\u0131n vaq\u0131tta er bir q\u0131r\u0131mtatar ailesine yerli meclislerge saylavlarda i\u015ftirak etmek i\u00e7\u00fcn davetnameler yollan\u0131laca\u011f\u0131n\u0131 bildirdi.\u00a0<\/p>\n","protected":false},"excerpt":{"rendered":"<p>Al-az\u0131rda Q\u0131r\u0131mn\u0131\u00f1 d\u00f6rt region\u0131nda yerli meclislerge saylavlar kete. Aqmescit rayon\u0131nda yerli meclislerge namzetlerni k\u00f6ster\u00fcv yek\u00fcnlengen olsa, Aqme\u00e7itte devam eite, Alu\u015fta ve Yalta regionlar\u0131nda ise ba\u015fland\u0131.&nbsp; Maalliy meclislerge saylavlarn\u0131 az\u0131rlav ve te\u015fkil\u00e2tland\u0131ruv boyunca komissiyan\u0131\u00f1 k\u00e2tibi Zair Smedl\u00e2yev Saylav ceryan\u0131n\u0131\u00f1 keti\u015fat\u0131na izaat bere.&nbsp; &#8220;Bug\u00fcnde-bug\u00fcn Maalliy meclislerge saylavlarn\u0131 az\u0131rlav ve te\u015fkil\u00e2tland\u0131ruv boyunca komissiyas\u0131 yerli territorial saylav komissiyalar\u0131ndan protokollarn\u0131 [&hellip;]<\/p>\n","protected":false},"author":1,"featured_media":0,"comment_status":"open","ping_status":"open","sticky":false,"template":"","format":"standard","meta":{"inline_featured_image":false,"footnotes":""},"categories":[265],"tags":[],"class_list":["post-29269","post","type-post","status-publish","format-standard","hentry","category-haberler"],"acf":[],"yoast_head":"<!-- This site is optimized with the Yoast SEO plugin v27.4 - https:\/\/yoast.com\/product\/yoast-seo-wordpress\/ -->\n<title>Zair Smedl\u00e2yev: \u00abMamut Sultan territorial komissiyas\u0131nda i\u00e7 bir t\u00fcrl\u00fc dava yoqt\u0131r\u00bb - \u041c\u0435\u0434\u0436\u043b\u0456\u0441<\/title>\n<meta name=\"robots\" content=\"index, follow, max-snippet:-1, max-image-preview:large, max-video-preview:-1\" \/>\n<link rel=\"canonical\" href=\"https:\/\/qtmm.org\/qt\/zair-smedlayev-mamut-sultan-territorial-komissiyasinda-ic-bir-turlu-dava-yoqtir\/\" \/>\n<meta property=\"og:locale\" content=\"en_US\" \/>\n<meta property=\"og:type\" content=\"article\" \/>\n<meta property=\"og:title\" content=\"Zair Smedl\u00e2yev: \u00abMamut Sultan territorial komissiyas\u0131nda i\u00e7 bir t\u00fcrl\u00fc dava yoqt\u0131r\u00bb - \u041c\u0435\u0434\u0436\u043b\u0456\u0441\" \/>\n<meta property=\"og:description\" content=\"Al-az\u0131rda Q\u0131r\u0131mn\u0131\u00f1 d\u00f6rt region\u0131nda yerli meclislerge saylavlar kete. Aqmescit rayon\u0131nda yerli meclislerge namzetlerni k\u00f6ster\u00fcv yek\u00fcnlengen olsa, Aqme\u00e7itte devam eite, Alu\u015fta ve Yalta regionlar\u0131nda ise ba\u015fland\u0131.&nbsp; Maalliy meclislerge saylavlarn\u0131 az\u0131rlav ve te\u015fkil\u00e2tland\u0131ruv boyunca komissiyan\u0131\u00f1 k\u00e2tibi Zair Smedl\u00e2yev Saylav ceryan\u0131n\u0131\u00f1 keti\u015fat\u0131na izaat bere.&nbsp; &#8220;Bug\u00fcnde-bug\u00fcn Maalliy meclislerge saylavlarn\u0131 az\u0131rlav ve te\u015fkil\u00e2tland\u0131ruv boyunca komissiyas\u0131 yerli territorial saylav komissiyalar\u0131ndan protokollarn\u0131 [&hellip;]\" \/>\n<meta property=\"og:url\" content=\"https:\/\/qtmm.org\/qt\/zair-smedlayev-mamut-sultan-territorial-komissiyasinda-ic-bir-turlu-dava-yoqtir\/\" \/>\n<meta property=\"og:site_name\" content=\"\u041c\u0435\u0434\u0436\u043b\u0456\u0441\" \/>\n<meta property=\"article:publisher\" content=\"https:\/\/www.facebook.com\/qtmm.info\/\" \/>\n<meta property=\"article:published_time\" content=\"2012-03-16T14:11:00+00:00\" \/>\n<meta property=\"article:modified_time\" content=\"2022-01-21T14:12:06+00:00\" \/>\n<meta name=\"author\" content=\"Developer\" \/>\n<meta name=\"twitter:card\" content=\"summary_large_image\" \/>\n<meta name=\"twitter:label1\" content=\"Written by\" \/>\n\t<meta name=\"twitter:data1\" content=\"Developer\" \/>\n\t<meta name=\"twitter:label2\" content=\"Est. reading time\" \/>\n\t<meta name=\"twitter:data2\" content=\"2 minutes\" \/>\n<script type=\"application\/ld+json\" class=\"yoast-schema-graph\">{\"@context\":\"https:\\\/\\\/schema.org\",\"@graph\":[{\"@type\":\"Article\",\"@id\":\"https:\\\/\\\/qtmm.org\\\/qt\\\/zair-smedlayev-mamut-sultan-territorial-komissiyasinda-ic-bir-turlu-dava-yoqtir\\\/#article\",\"isPartOf\":{\"@id\":\"https:\\\/\\\/qtmm.org\\\/qt\\\/zair-smedlayev-mamut-sultan-territorial-komissiyasinda-ic-bir-turlu-dava-yoqtir\\\/\"},\"author\":{\"name\":\"Developer\",\"@id\":\"https:\\\/\\\/qtmm.org\\\/qt\\\/#\\\/schema\\\/person\\\/de562469f971dec226ac06e60bbf74a7\"},\"headline\":\"Zair Smedl\u00e2yev: \u00abMamut Sultan territorial komissiyas\u0131nda i\u00e7 bir t\u00fcrl\u00fc dava yoqt\u0131r\u00bb\",\"datePublished\":\"2012-03-16T14:11:00+00:00\",\"dateModified\":\"2022-01-21T14:12:06+00:00\",\"mainEntityOfPage\":{\"@id\":\"https:\\\/\\\/qtmm.org\\\/qt\\\/zair-smedlayev-mamut-sultan-territorial-komissiyasinda-ic-bir-turlu-dava-yoqtir\\\/\"},\"wordCount\":382,\"commentCount\":0,\"publisher\":{\"@id\":\"https:\\\/\\\/qtmm.org\\\/qt\\\/#organization\"},\"articleSection\":[\"Haberler\"],\"inLanguage\":\"qt\",\"potentialAction\":[{\"@type\":\"CommentAction\",\"name\":\"Comment\",\"target\":[\"https:\\\/\\\/qtmm.org\\\/qt\\\/zair-smedlayev-mamut-sultan-territorial-komissiyasinda-ic-bir-turlu-dava-yoqtir\\\/#respond\"]}]},{\"@type\":\"WebPage\",\"@id\":\"https:\\\/\\\/qtmm.org\\\/qt\\\/zair-smedlayev-mamut-sultan-territorial-komissiyasinda-ic-bir-turlu-dava-yoqtir\\\/\",\"url\":\"https:\\\/\\\/qtmm.org\\\/qt\\\/zair-smedlayev-mamut-sultan-territorial-komissiyasinda-ic-bir-turlu-dava-yoqtir\\\/\",\"name\":\"Zair Smedl\u00e2yev: \u00abMamut Sultan territorial komissiyas\u0131nda i\u00e7 bir t\u00fcrl\u00fc dava yoqt\u0131r\u00bb - \u041c\u0435\u0434\u0436\u043b\u0456\u0441\",\"isPartOf\":{\"@id\":\"https:\\\/\\\/qtmm.org\\\/qt\\\/#website\"},\"datePublished\":\"2012-03-16T14:11:00+00:00\",\"dateModified\":\"2022-01-21T14:12:06+00:00\",\"breadcrumb\":{\"@id\":\"https:\\\/\\\/qtmm.org\\\/qt\\\/zair-smedlayev-mamut-sultan-territorial-komissiyasinda-ic-bir-turlu-dava-yoqtir\\\/#breadcrumb\"},\"inLanguage\":\"qt\",\"potentialAction\":[{\"@type\":\"ReadAction\",\"target\":[\"https:\\\/\\\/qtmm.org\\\/qt\\\/zair-smedlayev-mamut-sultan-territorial-komissiyasinda-ic-bir-turlu-dava-yoqtir\\\/\"]}]},{\"@type\":\"BreadcrumbList\",\"@id\":\"https:\\\/\\\/qtmm.org\\\/qt\\\/zair-smedlayev-mamut-sultan-territorial-komissiyasinda-ic-bir-turlu-dava-yoqtir\\\/#breadcrumb\",\"itemListElement\":[{\"@type\":\"ListItem\",\"position\":1,\"name\":\"\u0413\u043e\u043b\u043e\u0432\u043d\u0430\",\"item\":\"https:\\\/\\\/qtmm.org\\\/qt\\\/\"},{\"@type\":\"ListItem\",\"position\":2,\"name\":\"Zair Smedl\u00e2yev: \u00abMamut Sultan territorial komissiyas\u0131nda i\u00e7 bir t\u00fcrl\u00fc dava yoqt\u0131r\u00bb\"}]},{\"@type\":\"WebSite\",\"@id\":\"https:\\\/\\\/qtmm.org\\\/qt\\\/#website\",\"url\":\"https:\\\/\\\/qtmm.org\\\/qt\\\/\",\"name\":\"\u041c\u0435\u0434\u0436\u043b\u0456\u0441\",\"description\":\"\",\"publisher\":{\"@id\":\"https:\\\/\\\/qtmm.org\\\/qt\\\/#organization\"},\"potentialAction\":[{\"@type\":\"SearchAction\",\"target\":{\"@type\":\"EntryPoint\",\"urlTemplate\":\"https:\\\/\\\/qtmm.org\\\/qt\\\/?s={search_term_string}\"},\"query-input\":{\"@type\":\"PropertyValueSpecification\",\"valueRequired\":true,\"valueName\":\"search_term_string\"}}],\"inLanguage\":\"qt\"},{\"@type\":\"Organization\",\"@id\":\"https:\\\/\\\/qtmm.org\\\/qt\\\/#organization\",\"name\":\"\u041c\u0435\u0434\u0436\u043b\u0456\u0441\",\"url\":\"https:\\\/\\\/qtmm.org\\\/qt\\\/\",\"logo\":{\"@type\":\"ImageObject\",\"inLanguage\":\"qt\",\"@id\":\"https:\\\/\\\/qtmm.org\\\/qt\\\/#\\\/schema\\\/logo\\\/image\\\/\",\"url\":\"https:\\\/\\\/qtmm.org\\\/wp-content\\\/uploads\\\/2024\\\/12\\\/ua-mejlis-logo-rgb.svg\",\"contentUrl\":\"https:\\\/\\\/qtmm.org\\\/wp-content\\\/uploads\\\/2024\\\/12\\\/ua-mejlis-logo-rgb.svg\",\"caption\":\"\u041c\u0435\u0434\u0436\u043b\u0456\u0441\"},\"image\":{\"@id\":\"https:\\\/\\\/qtmm.org\\\/qt\\\/#\\\/schema\\\/logo\\\/image\\\/\"},\"sameAs\":[\"https:\\\/\\\/www.facebook.com\\\/qtmm.info\\\/\"]},{\"@type\":\"Person\",\"@id\":\"https:\\\/\\\/qtmm.org\\\/qt\\\/#\\\/schema\\\/person\\\/de562469f971dec226ac06e60bbf74a7\",\"name\":\"Developer\",\"image\":{\"@type\":\"ImageObject\",\"inLanguage\":\"qt\",\"@id\":\"https:\\\/\\\/secure.gravatar.com\\\/avatar\\\/392b4cc8fbfeb00b39dfeeab4ee6edded39ffd48e25858637e4765810300227e?s=96&d=mm&r=g\",\"url\":\"https:\\\/\\\/secure.gravatar.com\\\/avatar\\\/392b4cc8fbfeb00b39dfeeab4ee6edded39ffd48e25858637e4765810300227e?s=96&d=mm&r=g\",\"contentUrl\":\"https:\\\/\\\/secure.gravatar.com\\\/avatar\\\/392b4cc8fbfeb00b39dfeeab4ee6edded39ffd48e25858637e4765810300227e?s=96&d=mm&r=g\",\"caption\":\"Developer\"},\"url\":\"https:\\\/\\\/qtmm.org\\\/qt\\\/author\\\/Developer\\\/\"}]}<\/script>\n<!-- \/ Yoast SEO plugin. -->","yoast_head_json":{"title":"Zair Smedl\u00e2yev: \u00abMamut Sultan territorial komissiyas\u0131nda i\u00e7 bir t\u00fcrl\u00fc dava yoqt\u0131r\u00bb - \u041c\u0435\u0434\u0436\u043b\u0456\u0441","robots":{"index":"index","follow":"follow","max-snippet":"max-snippet:-1","max-image-preview":"max-image-preview:large","max-video-preview":"max-video-preview:-1"},"canonical":"https:\/\/qtmm.org\/qt\/zair-smedlayev-mamut-sultan-territorial-komissiyasinda-ic-bir-turlu-dava-yoqtir\/","og_locale":"en_US","og_type":"article","og_title":"Zair Smedl\u00e2yev: \u00abMamut Sultan territorial komissiyas\u0131nda i\u00e7 bir t\u00fcrl\u00fc dava yoqt\u0131r\u00bb - \u041c\u0435\u0434\u0436\u043b\u0456\u0441","og_description":"Al-az\u0131rda Q\u0131r\u0131mn\u0131\u00f1 d\u00f6rt region\u0131nda yerli meclislerge saylavlar kete. Aqmescit rayon\u0131nda yerli meclislerge namzetlerni k\u00f6ster\u00fcv yek\u00fcnlengen olsa, Aqme\u00e7itte devam eite, Alu\u015fta ve Yalta regionlar\u0131nda ise ba\u015fland\u0131.&nbsp; Maalliy meclislerge saylavlarn\u0131 az\u0131rlav ve te\u015fkil\u00e2tland\u0131ruv boyunca komissiyan\u0131\u00f1 k\u00e2tibi Zair Smedl\u00e2yev Saylav ceryan\u0131n\u0131\u00f1 keti\u015fat\u0131na izaat bere.&nbsp; &#8220;Bug\u00fcnde-bug\u00fcn Maalliy meclislerge saylavlarn\u0131 az\u0131rlav ve te\u015fkil\u00e2tland\u0131ruv boyunca komissiyas\u0131 yerli territorial saylav komissiyalar\u0131ndan protokollarn\u0131 [&hellip;]","og_url":"https:\/\/qtmm.org\/qt\/zair-smedlayev-mamut-sultan-territorial-komissiyasinda-ic-bir-turlu-dava-yoqtir\/","og_site_name":"\u041c\u0435\u0434\u0436\u043b\u0456\u0441","article_publisher":"https:\/\/www.facebook.com\/qtmm.info\/","article_published_time":"2012-03-16T14:11:00+00:00","article_modified_time":"2022-01-21T14:12:06+00:00","author":"Developer","twitter_card":"summary_large_image","twitter_misc":{"Written by":"Developer","Est. reading time":"2 minutes"},"schema":{"@context":"https:\/\/schema.org","@graph":[{"@type":"Article","@id":"https:\/\/qtmm.org\/qt\/zair-smedlayev-mamut-sultan-territorial-komissiyasinda-ic-bir-turlu-dava-yoqtir\/#article","isPartOf":{"@id":"https:\/\/qtmm.org\/qt\/zair-smedlayev-mamut-sultan-territorial-komissiyasinda-ic-bir-turlu-dava-yoqtir\/"},"author":{"name":"Developer","@id":"https:\/\/qtmm.org\/qt\/#\/schema\/person\/de562469f971dec226ac06e60bbf74a7"},"headline":"Zair Smedl\u00e2yev: \u00abMamut Sultan territorial komissiyas\u0131nda i\u00e7 bir t\u00fcrl\u00fc dava yoqt\u0131r\u00bb","datePublished":"2012-03-16T14:11:00+00:00","dateModified":"2022-01-21T14:12:06+00:00","mainEntityOfPage":{"@id":"https:\/\/qtmm.org\/qt\/zair-smedlayev-mamut-sultan-territorial-komissiyasinda-ic-bir-turlu-dava-yoqtir\/"},"wordCount":382,"commentCount":0,"publisher":{"@id":"https:\/\/qtmm.org\/qt\/#organization"},"articleSection":["Haberler"],"inLanguage":"qt","potentialAction":[{"@type":"CommentAction","name":"Comment","target":["https:\/\/qtmm.org\/qt\/zair-smedlayev-mamut-sultan-territorial-komissiyasinda-ic-bir-turlu-dava-yoqtir\/#respond"]}]},{"@type":"WebPage","@id":"https:\/\/qtmm.org\/qt\/zair-smedlayev-mamut-sultan-territorial-komissiyasinda-ic-bir-turlu-dava-yoqtir\/","url":"https:\/\/qtmm.org\/qt\/zair-smedlayev-mamut-sultan-territorial-komissiyasinda-ic-bir-turlu-dava-yoqtir\/","name":"Zair Smedl\u00e2yev: \u00abMamut Sultan territorial komissiyas\u0131nda i\u00e7 bir t\u00fcrl\u00fc dava yoqt\u0131r\u00bb - \u041c\u0435\u0434\u0436\u043b\u0456\u0441","isPartOf":{"@id":"https:\/\/qtmm.org\/qt\/#website"},"datePublished":"2012-03-16T14:11:00+00:00","dateModified":"2022-01-21T14:12:06+00:00","breadcrumb":{"@id":"https:\/\/qtmm.org\/qt\/zair-smedlayev-mamut-sultan-territorial-komissiyasinda-ic-bir-turlu-dava-yoqtir\/#breadcrumb"},"inLanguage":"qt","potentialAction":[{"@type":"ReadAction","target":["https:\/\/qtmm.org\/qt\/zair-smedlayev-mamut-sultan-territorial-komissiyasinda-ic-bir-turlu-dava-yoqtir\/"]}]},{"@type":"BreadcrumbList","@id":"https:\/\/qtmm.org\/qt\/zair-smedlayev-mamut-sultan-territorial-komissiyasinda-ic-bir-turlu-dava-yoqtir\/#breadcrumb","itemListElement":[{"@type":"ListItem","position":1,"name":"\u0413\u043e\u043b\u043e\u0432\u043d\u0430","item":"https:\/\/qtmm.org\/qt\/"},{"@type":"ListItem","position":2,"name":"Zair Smedl\u00e2yev: \u00abMamut Sultan territorial komissiyas\u0131nda i\u00e7 bir t\u00fcrl\u00fc dava yoqt\u0131r\u00bb"}]},{"@type":"WebSite","@id":"https:\/\/qtmm.org\/qt\/#website","url":"https:\/\/qtmm.org\/qt\/","name":"\u041c\u0435\u0434\u0436\u043b\u0456\u0441","description":"","publisher":{"@id":"https:\/\/qtmm.org\/qt\/#organization"},"potentialAction":[{"@type":"SearchAction","target":{"@type":"EntryPoint","urlTemplate":"https:\/\/qtmm.org\/qt\/?s={search_term_string}"},"query-input":{"@type":"PropertyValueSpecification","valueRequired":true,"valueName":"search_term_string"}}],"inLanguage":"qt"},{"@type":"Organization","@id":"https:\/\/qtmm.org\/qt\/#organization","name":"\u041c\u0435\u0434\u0436\u043b\u0456\u0441","url":"https:\/\/qtmm.org\/qt\/","logo":{"@type":"ImageObject","inLanguage":"qt","@id":"https:\/\/qtmm.org\/qt\/#\/schema\/logo\/image\/","url":"https:\/\/qtmm.org\/wp-content\/uploads\/2024\/12\/ua-mejlis-logo-rgb.svg","contentUrl":"https:\/\/qtmm.org\/wp-content\/uploads\/2024\/12\/ua-mejlis-logo-rgb.svg","caption":"\u041c\u0435\u0434\u0436\u043b\u0456\u0441"},"image":{"@id":"https:\/\/qtmm.org\/qt\/#\/schema\/logo\/image\/"},"sameAs":["https:\/\/www.facebook.com\/qtmm.info\/"]},{"@type":"Person","@id":"https:\/\/qtmm.org\/qt\/#\/schema\/person\/de562469f971dec226ac06e60bbf74a7","name":"Developer","image":{"@type":"ImageObject","inLanguage":"qt","@id":"https:\/\/secure.gravatar.com\/avatar\/392b4cc8fbfeb00b39dfeeab4ee6edded39ffd48e25858637e4765810300227e?s=96&d=mm&r=g","url":"https:\/\/secure.gravatar.com\/avatar\/392b4cc8fbfeb00b39dfeeab4ee6edded39ffd48e25858637e4765810300227e?s=96&d=mm&r=g","contentUrl":"https:\/\/secure.gravatar.com\/avatar\/392b4cc8fbfeb00b39dfeeab4ee6edded39ffd48e25858637e4765810300227e?s=96&d=mm&r=g","caption":"Developer"},"url":"https:\/\/qtmm.org\/qt\/author\/Developer\/"}]}},"_links":{"self":[{"href":"https:\/\/qtmm.org\/qt\/wp-json\/wp\/v2\/posts\/29269","targetHints":{"allow":["GET"]}}],"collection":[{"href":"https:\/\/qtmm.org\/qt\/wp-json\/wp\/v2\/posts"}],"about":[{"href":"https:\/\/qtmm.org\/qt\/wp-json\/wp\/v2\/types\/post"}],"author":[{"embeddable":true,"href":"https:\/\/qtmm.org\/qt\/wp-json\/wp\/v2\/users\/1"}],"replies":[{"embeddable":true,"href":"https:\/\/qtmm.org\/qt\/wp-json\/wp\/v2\/comments?post=29269"}],"version-history":[{"count":1,"href":"https:\/\/qtmm.org\/qt\/wp-json\/wp\/v2\/posts\/29269\/revisions"}],"predecessor-version":[{"id":29270,"href":"https:\/\/qtmm.org\/qt\/wp-json\/wp\/v2\/posts\/29269\/revisions\/29270"}],"wp:attachment":[{"href":"https:\/\/qtmm.org\/qt\/wp-json\/wp\/v2\/media?parent=29269"}],"wp:term":[{"taxonomy":"category","embeddable":true,"href":"https:\/\/qtmm.org\/qt\/wp-json\/wp\/v2\/categories?post=29269"},{"taxonomy":"post_tag","embeddable":true,"href":"https:\/\/qtmm.org\/qt\/wp-json\/wp\/v2\/tags?post=29269"}],"curies":[{"name":"wp","href":"https:\/\/api.w.org\/{rel}","templated":true}]}}