




{"id":29267,"date":"2012-03-14T17:10:00","date_gmt":"2012-03-14T14:10:00","guid":{"rendered":"http:\/\/qtmm.org\/?p=29267"},"modified":"2022-01-21T17:10:57","modified_gmt":"2022-01-21T14:10:57","slug":"ukraina-nazirler-kabineti-ukraina-yuqari-scurasina","status":"publish","type":"post","link":"https:\/\/qtmm.org\/qt\/ukraina-nazirler-kabineti-ukraina-yuqari-scurasina\/","title":{"rendered":"Ukraina Nazirler kabineti Ukraina Yuqar\u0131 \u015e\u00e7uras\u0131na"},"content":{"rendered":"\n<p>2012 senesi mart 12-de Ukraina Nazirler kabineti Ukraina Yuqar\u0131 \u015e\u00e7uras\u0131na \u00f6z\u00fc az\u0131rla\u011fan &#8220;Ukraina devlet etnik milliy k\u00f6ntseptsiyas\u0131 aqq\u0131nda&#8221; Qanun\u0131n\u0131\u00f1 evelden \u00fck\u00fcmet topla\u015fuv\u0131nda maqullengen leyhas\u0131n\u0131 taqdim etti<\/p>\n\n\n\n<p>Belli ki, cemaat taraf\u0131ndan muzakere etil\u00fcvini\u00f1 neticeleri boyunca mezk\u00fcr Qanunn\u0131\u00f1 Ukraina halq deputat\u0131, Q\u0131r\u0131mtatar halq\u0131 Meclisini\u00f1 reisi Mustafa Cemilev teklif etken leyhas\u0131 Ukraina parlamentine daa mart 7 k\u00fcn\u00fc kirsetilgen edi.<\/p>\n","protected":false},"excerpt":{"rendered":"<p>2012 senesi mart 12-de Ukraina Nazirler kabineti Ukraina Yuqar\u0131 \u015e\u00e7uras\u0131na \u00f6z\u00fc az\u0131rla\u011fan &#8220;Ukraina devlet etnik milliy k\u00f6ntseptsiyas\u0131 aqq\u0131nda&#8221; Qanun\u0131n\u0131\u00f1 evelden \u00fck\u00fcmet topla\u015fuv\u0131nda maqullengen leyhas\u0131n\u0131 taqdim etti Belli ki, cemaat taraf\u0131ndan muzakere etil\u00fcvini\u00f1 neticeleri boyunca mezk\u00fcr Qanunn\u0131\u00f1 Ukraina halq deputat\u0131, Q\u0131r\u0131mtatar halq\u0131 Meclisini\u00f1 reisi Mustafa Cemilev teklif etken leyhas\u0131 Ukraina parlamentine daa mart 7 k\u00fcn\u00fc kirsetilgen [&hellip;]<\/p>\n","protected":false},"author":1,"featured_media":0,"comment_status":"open","ping_status":"open","sticky":false,"template":"","format":"standard","meta":{"inline_featured_image":false,"footnotes":""},"categories":[265],"tags":[],"class_list":["post-29267","post","type-post","status-publish","format-standard","hentry","category-haberler"],"acf":[],"yoast_head":"<!-- This site is optimized with the Yoast SEO plugin v27.4 - https:\/\/yoast.com\/product\/yoast-seo-wordpress\/ -->\n<title>Ukraina Nazirler kabineti Ukraina Yuqar\u0131 \u015e\u00e7uras\u0131na - \u041c\u0435\u0434\u0436\u043b\u0456\u0441<\/title>\n<meta name=\"robots\" content=\"index, follow, max-snippet:-1, max-image-preview:large, max-video-preview:-1\" \/>\n<link rel=\"canonical\" href=\"https:\/\/qtmm.org\/qt\/ukraina-nazirler-kabineti-ukraina-yuqari-scurasina\/\" \/>\n<meta property=\"og:locale\" content=\"en_US\" \/>\n<meta property=\"og:type\" content=\"article\" \/>\n<meta property=\"og:title\" content=\"Ukraina Nazirler kabineti Ukraina Yuqar\u0131 \u015e\u00e7uras\u0131na - \u041c\u0435\u0434\u0436\u043b\u0456\u0441\" \/>\n<meta property=\"og:description\" content=\"2012 senesi mart 12-de Ukraina Nazirler kabineti Ukraina Yuqar\u0131 \u015e\u00e7uras\u0131na \u00f6z\u00fc az\u0131rla\u011fan &#8220;Ukraina devlet etnik milliy k\u00f6ntseptsiyas\u0131 aqq\u0131nda&#8221; Qanun\u0131n\u0131\u00f1 evelden \u00fck\u00fcmet topla\u015fuv\u0131nda maqullengen leyhas\u0131n\u0131 taqdim etti Belli ki, cemaat taraf\u0131ndan muzakere etil\u00fcvini\u00f1 neticeleri boyunca mezk\u00fcr Qanunn\u0131\u00f1 Ukraina halq deputat\u0131, Q\u0131r\u0131mtatar halq\u0131 Meclisini\u00f1 reisi Mustafa Cemilev teklif etken leyhas\u0131 Ukraina parlamentine daa mart 7 k\u00fcn\u00fc kirsetilgen [&hellip;]\" \/>\n<meta property=\"og:url\" content=\"https:\/\/qtmm.org\/qt\/ukraina-nazirler-kabineti-ukraina-yuqari-scurasina\/\" \/>\n<meta property=\"og:site_name\" content=\"\u041c\u0435\u0434\u0436\u043b\u0456\u0441\" \/>\n<meta property=\"article:publisher\" content=\"https:\/\/www.facebook.com\/qtmm.info\/\" \/>\n<meta property=\"article:published_time\" content=\"2012-03-14T14:10:00+00:00\" \/>\n<meta property=\"article:modified_time\" content=\"2022-01-21T14:10:57+00:00\" \/>\n<meta name=\"author\" content=\"Developer\" \/>\n<meta name=\"twitter:card\" content=\"summary_large_image\" \/>\n<meta name=\"twitter:label1\" content=\"Written by\" \/>\n\t<meta name=\"twitter:data1\" content=\"Developer\" \/>\n<script type=\"application\/ld+json\" class=\"yoast-schema-graph\">{\"@context\":\"https:\\\/\\\/schema.org\",\"@graph\":[{\"@type\":\"Article\",\"@id\":\"https:\\\/\\\/qtmm.org\\\/qt\\\/ukraina-nazirler-kabineti-ukraina-yuqari-scurasina\\\/#article\",\"isPartOf\":{\"@id\":\"https:\\\/\\\/qtmm.org\\\/qt\\\/ukraina-nazirler-kabineti-ukraina-yuqari-scurasina\\\/\"},\"author\":{\"name\":\"Developer\",\"@id\":\"https:\\\/\\\/qtmm.org\\\/qt\\\/#\\\/schema\\\/person\\\/de562469f971dec226ac06e60bbf74a7\"},\"headline\":\"Ukraina Nazirler kabineti Ukraina Yuqar\u0131 \u015e\u00e7uras\u0131na\",\"datePublished\":\"2012-03-14T14:10:00+00:00\",\"dateModified\":\"2022-01-21T14:10:57+00:00\",\"mainEntityOfPage\":{\"@id\":\"https:\\\/\\\/qtmm.org\\\/qt\\\/ukraina-nazirler-kabineti-ukraina-yuqari-scurasina\\\/\"},\"wordCount\":77,\"commentCount\":0,\"publisher\":{\"@id\":\"https:\\\/\\\/qtmm.org\\\/qt\\\/#organization\"},\"articleSection\":[\"Haberler\"],\"inLanguage\":\"qt\",\"potentialAction\":[{\"@type\":\"CommentAction\",\"name\":\"Comment\",\"target\":[\"https:\\\/\\\/qtmm.org\\\/qt\\\/ukraina-nazirler-kabineti-ukraina-yuqari-scurasina\\\/#respond\"]}]},{\"@type\":\"WebPage\",\"@id\":\"https:\\\/\\\/qtmm.org\\\/qt\\\/ukraina-nazirler-kabineti-ukraina-yuqari-scurasina\\\/\",\"url\":\"https:\\\/\\\/qtmm.org\\\/qt\\\/ukraina-nazirler-kabineti-ukraina-yuqari-scurasina\\\/\",\"name\":\"Ukraina Nazirler kabineti Ukraina Yuqar\u0131 \u015e\u00e7uras\u0131na - \u041c\u0435\u0434\u0436\u043b\u0456\u0441\",\"isPartOf\":{\"@id\":\"https:\\\/\\\/qtmm.org\\\/qt\\\/#website\"},\"datePublished\":\"2012-03-14T14:10:00+00:00\",\"dateModified\":\"2022-01-21T14:10:57+00:00\",\"breadcrumb\":{\"@id\":\"https:\\\/\\\/qtmm.org\\\/qt\\\/ukraina-nazirler-kabineti-ukraina-yuqari-scurasina\\\/#breadcrumb\"},\"inLanguage\":\"qt\",\"potentialAction\":[{\"@type\":\"ReadAction\",\"target\":[\"https:\\\/\\\/qtmm.org\\\/qt\\\/ukraina-nazirler-kabineti-ukraina-yuqari-scurasina\\\/\"]}]},{\"@type\":\"BreadcrumbList\",\"@id\":\"https:\\\/\\\/qtmm.org\\\/qt\\\/ukraina-nazirler-kabineti-ukraina-yuqari-scurasina\\\/#breadcrumb\",\"itemListElement\":[{\"@type\":\"ListItem\",\"position\":1,\"name\":\"\u0413\u043e\u043b\u043e\u0432\u043d\u0430\",\"item\":\"https:\\\/\\\/qtmm.org\\\/qt\\\/\"},{\"@type\":\"ListItem\",\"position\":2,\"name\":\"Ukraina Nazirler kabineti Ukraina Yuqar\u0131 \u015e\u00e7uras\u0131na\"}]},{\"@type\":\"WebSite\",\"@id\":\"https:\\\/\\\/qtmm.org\\\/qt\\\/#website\",\"url\":\"https:\\\/\\\/qtmm.org\\\/qt\\\/\",\"name\":\"\u041c\u0435\u0434\u0436\u043b\u0456\u0441\",\"description\":\"\",\"publisher\":{\"@id\":\"https:\\\/\\\/qtmm.org\\\/qt\\\/#organization\"},\"potentialAction\":[{\"@type\":\"SearchAction\",\"target\":{\"@type\":\"EntryPoint\",\"urlTemplate\":\"https:\\\/\\\/qtmm.org\\\/qt\\\/?s={search_term_string}\"},\"query-input\":{\"@type\":\"PropertyValueSpecification\",\"valueRequired\":true,\"valueName\":\"search_term_string\"}}],\"inLanguage\":\"qt\"},{\"@type\":\"Organization\",\"@id\":\"https:\\\/\\\/qtmm.org\\\/qt\\\/#organization\",\"name\":\"\u041c\u0435\u0434\u0436\u043b\u0456\u0441\",\"url\":\"https:\\\/\\\/qtmm.org\\\/qt\\\/\",\"logo\":{\"@type\":\"ImageObject\",\"inLanguage\":\"qt\",\"@id\":\"https:\\\/\\\/qtmm.org\\\/qt\\\/#\\\/schema\\\/logo\\\/image\\\/\",\"url\":\"https:\\\/\\\/qtmm.org\\\/wp-content\\\/uploads\\\/2024\\\/12\\\/ua-mejlis-logo-rgb.svg\",\"contentUrl\":\"https:\\\/\\\/qtmm.org\\\/wp-content\\\/uploads\\\/2024\\\/12\\\/ua-mejlis-logo-rgb.svg\",\"caption\":\"\u041c\u0435\u0434\u0436\u043b\u0456\u0441\"},\"image\":{\"@id\":\"https:\\\/\\\/qtmm.org\\\/qt\\\/#\\\/schema\\\/logo\\\/image\\\/\"},\"sameAs\":[\"https:\\\/\\\/www.facebook.com\\\/qtmm.info\\\/\"]},{\"@type\":\"Person\",\"@id\":\"https:\\\/\\\/qtmm.org\\\/qt\\\/#\\\/schema\\\/person\\\/de562469f971dec226ac06e60bbf74a7\",\"name\":\"Developer\",\"image\":{\"@type\":\"ImageObject\",\"inLanguage\":\"qt\",\"@id\":\"https:\\\/\\\/secure.gravatar.com\\\/avatar\\\/392b4cc8fbfeb00b39dfeeab4ee6edded39ffd48e25858637e4765810300227e?s=96&d=mm&r=g\",\"url\":\"https:\\\/\\\/secure.gravatar.com\\\/avatar\\\/392b4cc8fbfeb00b39dfeeab4ee6edded39ffd48e25858637e4765810300227e?s=96&d=mm&r=g\",\"contentUrl\":\"https:\\\/\\\/secure.gravatar.com\\\/avatar\\\/392b4cc8fbfeb00b39dfeeab4ee6edded39ffd48e25858637e4765810300227e?s=96&d=mm&r=g\",\"caption\":\"Developer\"},\"url\":\"https:\\\/\\\/qtmm.org\\\/qt\\\/author\\\/Developer\\\/\"}]}<\/script>\n<!-- \/ Yoast SEO plugin. -->","yoast_head_json":{"title":"Ukraina Nazirler kabineti Ukraina Yuqar\u0131 \u015e\u00e7uras\u0131na - \u041c\u0435\u0434\u0436\u043b\u0456\u0441","robots":{"index":"index","follow":"follow","max-snippet":"max-snippet:-1","max-image-preview":"max-image-preview:large","max-video-preview":"max-video-preview:-1"},"canonical":"https:\/\/qtmm.org\/qt\/ukraina-nazirler-kabineti-ukraina-yuqari-scurasina\/","og_locale":"en_US","og_type":"article","og_title":"Ukraina Nazirler kabineti Ukraina Yuqar\u0131 \u015e\u00e7uras\u0131na - \u041c\u0435\u0434\u0436\u043b\u0456\u0441","og_description":"2012 senesi mart 12-de Ukraina Nazirler kabineti Ukraina Yuqar\u0131 \u015e\u00e7uras\u0131na \u00f6z\u00fc az\u0131rla\u011fan &#8220;Ukraina devlet etnik milliy k\u00f6ntseptsiyas\u0131 aqq\u0131nda&#8221; Qanun\u0131n\u0131\u00f1 evelden \u00fck\u00fcmet topla\u015fuv\u0131nda maqullengen leyhas\u0131n\u0131 taqdim etti Belli ki, cemaat taraf\u0131ndan muzakere etil\u00fcvini\u00f1 neticeleri boyunca mezk\u00fcr Qanunn\u0131\u00f1 Ukraina halq deputat\u0131, Q\u0131r\u0131mtatar halq\u0131 Meclisini\u00f1 reisi Mustafa Cemilev teklif etken leyhas\u0131 Ukraina parlamentine daa mart 7 k\u00fcn\u00fc kirsetilgen [&hellip;]","og_url":"https:\/\/qtmm.org\/qt\/ukraina-nazirler-kabineti-ukraina-yuqari-scurasina\/","og_site_name":"\u041c\u0435\u0434\u0436\u043b\u0456\u0441","article_publisher":"https:\/\/www.facebook.com\/qtmm.info\/","article_published_time":"2012-03-14T14:10:00+00:00","article_modified_time":"2022-01-21T14:10:57+00:00","author":"Developer","twitter_card":"summary_large_image","twitter_misc":{"Written by":"Developer"},"schema":{"@context":"https:\/\/schema.org","@graph":[{"@type":"Article","@id":"https:\/\/qtmm.org\/qt\/ukraina-nazirler-kabineti-ukraina-yuqari-scurasina\/#article","isPartOf":{"@id":"https:\/\/qtmm.org\/qt\/ukraina-nazirler-kabineti-ukraina-yuqari-scurasina\/"},"author":{"name":"Developer","@id":"https:\/\/qtmm.org\/qt\/#\/schema\/person\/de562469f971dec226ac06e60bbf74a7"},"headline":"Ukraina Nazirler kabineti Ukraina Yuqar\u0131 \u015e\u00e7uras\u0131na","datePublished":"2012-03-14T14:10:00+00:00","dateModified":"2022-01-21T14:10:57+00:00","mainEntityOfPage":{"@id":"https:\/\/qtmm.org\/qt\/ukraina-nazirler-kabineti-ukraina-yuqari-scurasina\/"},"wordCount":77,"commentCount":0,"publisher":{"@id":"https:\/\/qtmm.org\/qt\/#organization"},"articleSection":["Haberler"],"inLanguage":"qt","potentialAction":[{"@type":"CommentAction","name":"Comment","target":["https:\/\/qtmm.org\/qt\/ukraina-nazirler-kabineti-ukraina-yuqari-scurasina\/#respond"]}]},{"@type":"WebPage","@id":"https:\/\/qtmm.org\/qt\/ukraina-nazirler-kabineti-ukraina-yuqari-scurasina\/","url":"https:\/\/qtmm.org\/qt\/ukraina-nazirler-kabineti-ukraina-yuqari-scurasina\/","name":"Ukraina Nazirler kabineti Ukraina Yuqar\u0131 \u015e\u00e7uras\u0131na - \u041c\u0435\u0434\u0436\u043b\u0456\u0441","isPartOf":{"@id":"https:\/\/qtmm.org\/qt\/#website"},"datePublished":"2012-03-14T14:10:00+00:00","dateModified":"2022-01-21T14:10:57+00:00","breadcrumb":{"@id":"https:\/\/qtmm.org\/qt\/ukraina-nazirler-kabineti-ukraina-yuqari-scurasina\/#breadcrumb"},"inLanguage":"qt","potentialAction":[{"@type":"ReadAction","target":["https:\/\/qtmm.org\/qt\/ukraina-nazirler-kabineti-ukraina-yuqari-scurasina\/"]}]},{"@type":"BreadcrumbList","@id":"https:\/\/qtmm.org\/qt\/ukraina-nazirler-kabineti-ukraina-yuqari-scurasina\/#breadcrumb","itemListElement":[{"@type":"ListItem","position":1,"name":"\u0413\u043e\u043b\u043e\u0432\u043d\u0430","item":"https:\/\/qtmm.org\/qt\/"},{"@type":"ListItem","position":2,"name":"Ukraina Nazirler kabineti Ukraina Yuqar\u0131 \u015e\u00e7uras\u0131na"}]},{"@type":"WebSite","@id":"https:\/\/qtmm.org\/qt\/#website","url":"https:\/\/qtmm.org\/qt\/","name":"\u041c\u0435\u0434\u0436\u043b\u0456\u0441","description":"","publisher":{"@id":"https:\/\/qtmm.org\/qt\/#organization"},"potentialAction":[{"@type":"SearchAction","target":{"@type":"EntryPoint","urlTemplate":"https:\/\/qtmm.org\/qt\/?s={search_term_string}"},"query-input":{"@type":"PropertyValueSpecification","valueRequired":true,"valueName":"search_term_string"}}],"inLanguage":"qt"},{"@type":"Organization","@id":"https:\/\/qtmm.org\/qt\/#organization","name":"\u041c\u0435\u0434\u0436\u043b\u0456\u0441","url":"https:\/\/qtmm.org\/qt\/","logo":{"@type":"ImageObject","inLanguage":"qt","@id":"https:\/\/qtmm.org\/qt\/#\/schema\/logo\/image\/","url":"https:\/\/qtmm.org\/wp-content\/uploads\/2024\/12\/ua-mejlis-logo-rgb.svg","contentUrl":"https:\/\/qtmm.org\/wp-content\/uploads\/2024\/12\/ua-mejlis-logo-rgb.svg","caption":"\u041c\u0435\u0434\u0436\u043b\u0456\u0441"},"image":{"@id":"https:\/\/qtmm.org\/qt\/#\/schema\/logo\/image\/"},"sameAs":["https:\/\/www.facebook.com\/qtmm.info\/"]},{"@type":"Person","@id":"https:\/\/qtmm.org\/qt\/#\/schema\/person\/de562469f971dec226ac06e60bbf74a7","name":"Developer","image":{"@type":"ImageObject","inLanguage":"qt","@id":"https:\/\/secure.gravatar.com\/avatar\/392b4cc8fbfeb00b39dfeeab4ee6edded39ffd48e25858637e4765810300227e?s=96&d=mm&r=g","url":"https:\/\/secure.gravatar.com\/avatar\/392b4cc8fbfeb00b39dfeeab4ee6edded39ffd48e25858637e4765810300227e?s=96&d=mm&r=g","contentUrl":"https:\/\/secure.gravatar.com\/avatar\/392b4cc8fbfeb00b39dfeeab4ee6edded39ffd48e25858637e4765810300227e?s=96&d=mm&r=g","caption":"Developer"},"url":"https:\/\/qtmm.org\/qt\/author\/Developer\/"}]}},"_links":{"self":[{"href":"https:\/\/qtmm.org\/qt\/wp-json\/wp\/v2\/posts\/29267","targetHints":{"allow":["GET"]}}],"collection":[{"href":"https:\/\/qtmm.org\/qt\/wp-json\/wp\/v2\/posts"}],"about":[{"href":"https:\/\/qtmm.org\/qt\/wp-json\/wp\/v2\/types\/post"}],"author":[{"embeddable":true,"href":"https:\/\/qtmm.org\/qt\/wp-json\/wp\/v2\/users\/1"}],"replies":[{"embeddable":true,"href":"https:\/\/qtmm.org\/qt\/wp-json\/wp\/v2\/comments?post=29267"}],"version-history":[{"count":1,"href":"https:\/\/qtmm.org\/qt\/wp-json\/wp\/v2\/posts\/29267\/revisions"}],"predecessor-version":[{"id":29268,"href":"https:\/\/qtmm.org\/qt\/wp-json\/wp\/v2\/posts\/29267\/revisions\/29268"}],"wp:attachment":[{"href":"https:\/\/qtmm.org\/qt\/wp-json\/wp\/v2\/media?parent=29267"}],"wp:term":[{"taxonomy":"category","embeddable":true,"href":"https:\/\/qtmm.org\/qt\/wp-json\/wp\/v2\/categories?post=29267"},{"taxonomy":"post_tag","embeddable":true,"href":"https:\/\/qtmm.org\/qt\/wp-json\/wp\/v2\/tags?post=29267"}],"curies":[{"name":"wp","href":"https:\/\/api.w.org\/{rel}","templated":true}]}}