




{"id":29191,"date":"2012-03-09T17:05:00","date_gmt":"2012-03-09T14:05:00","guid":{"rendered":"http:\/\/qtmm.org\/?p=29191"},"modified":"2022-01-21T17:06:48","modified_gmt":"2022-01-21T14:06:48","slug":"meclis-reisi-mustafa-cemilev-taras-sevcenko-doggan-kunune-bagislangan-tedbirde-istirak-etti","status":"publish","type":"post","link":"https:\/\/qtmm.org\/qt\/meclis-reisi-mustafa-cemilev-taras-sevcenko-doggan-kunune-bagislangan-tedbirde-istirak-etti\/","title":{"rendered":"Meclis reisi Mustafa Cemilev Taras \u015eev\u00e7enko do\u011f\u011fan k\u00fcn\u00fcne ba\u011f\u0131\u015flan\u011fan tedbirde i\u015ftirak etti"},"content":{"rendered":"\n<p>2012 senesi mart 9 k\u00fcn\u00fc b\u00fcy\u00fck Ukrainan\u0131\u00f1 milliy deas\u0131, \u015fair ve ressam Taras \u015eev\u00e7enko do\u011f\u011fan\u0131na 198 y\u0131l told\u0131. Bu k\u00fcn\u00fc bi\u00f1lernen insan, \u015fu c\u00fcmleden Ukraina Prezidenti Viktor Yanukovi\u00e7 de, milliy qaraman, Kobzarni\u00f1 qabirini ziyaret etmege keldi.<\/p>\n\n\n\n<p>Ukraina Prezidenti Viktor Yanukovi\u00e7 Memuriyetini\u00f1 daveti boyunca Milliy Meclis reisi Mustafa Cemilev Taras \u015eev\u00e7enko do\u011f\u011fan k\u00fcn\u00fcne ba\u011f\u0131\u015flan\u011fan tantanal\u0131 tedbirlerde i\u015ftirak etip, \u00c7erkass\u0131 vil\u00e2yetindeki Kanevde Tarasov da\u011f\u0131nda Taras Grigoryevi\u00e7 \u015eev\u00e7enkon\u0131\u00f1 mezar\u0131na &#8220;Q\u0131r\u0131mtatar halq\u0131 Meclisinden&#8221; dep yaz\u0131l\u0131 bir sepet \u00e7e\u00e7ek qoyd\u0131.<\/p>\n\n\n\n<p>Taras Grigoryevi\u00e7ni\u00f1 mezar\u0131na \u00e7e\u00e7ek qoyma\u011fa kelgenlerni qar\u015f\u0131la\u011fan Ukraina Prezidenti Viktor Yanukovi\u00e7 Mustafa Cemilevge hat\u0131ra merasimindeki i\u015ftiraki i\u00e7\u00fcn te\u015fekk\u00fcr bildirdi.<\/p>\n\n\n\n<p>Do\u011f\u011fan k\u00fcnni qayd et\u00fcv merasimleri \u00e7er\u00e7ivesinde Kanevde Taras \u015eev\u00e7enko m\u00fczeyinde Ukraina Prezidenti Viktor Yanukovi\u00e7 2012 senesi \u015eev\u00e7enko muk\u00e2fat\u0131n\u0131\u00f1 saiplerine diplomlar\u0131n\u0131 berdi.<\/p>\n\n\n\n<p>\u015eev\u00e7enkon\u0131 a\u00f1ma ve qabirine \u00e7e\u00e7ekler qoyuv tedbirlerinde Kiyevde q\u0131r\u0131mtatar cemiyetini\u00f1 reisi Aslan \u00dcmerov da i\u015ftirak etti.<\/p>\n\n\n\n<figure class=\"wp-block-gallery columns-3 is-cropped wp-block-gallery-1 is-layout-flex wp-block-gallery-is-layout-flex\"><ul class=\"blocks-gallery-grid\"><li class=\"blocks-gallery-item\"><figure><a href=\"http:\/\/qtmm.org\/wp-content\/uploads\/2022\/01\/4f5a7551e97f8.jpeg\"><img loading=\"lazy\" decoding=\"async\" width=\"640\" height=\"480\" src=\"http:\/\/qtmm.org\/wp-content\/uploads\/2022\/01\/4f5a7551e97f8.jpeg\" alt=\"\" data-id=\"29192\" data-full-url=\"http:\/\/qtmm.org\/wp-content\/uploads\/2022\/01\/4f5a7551e97f8.jpeg\" data-link=\"http:\/\/qtmm.org\/?attachment_id=29192\" class=\"wp-image-29192\" srcset=\"https:\/\/qtmm.org\/wp-content\/uploads\/2022\/01\/4f5a7551e97f8.jpeg 640w, https:\/\/qtmm.org\/wp-content\/uploads\/2022\/01\/4f5a7551e97f8-300x225.jpeg 300w\" sizes=\"auto, (max-width: 640px) 100vw, 640px\" \/><\/a><\/figure><\/li><li class=\"blocks-gallery-item\"><figure><a href=\"http:\/\/qtmm.org\/wp-content\/uploads\/2022\/01\/4f5a7552b1998.jpeg\"><img loading=\"lazy\" decoding=\"async\" width=\"640\" height=\"480\" src=\"http:\/\/qtmm.org\/wp-content\/uploads\/2022\/01\/4f5a7552b1998.jpeg\" alt=\"\" data-id=\"29196\" data-full-url=\"http:\/\/qtmm.org\/wp-content\/uploads\/2022\/01\/4f5a7552b1998.jpeg\" data-link=\"http:\/\/qtmm.org\/?attachment_id=29196\" class=\"wp-image-29196\" srcset=\"https:\/\/qtmm.org\/wp-content\/uploads\/2022\/01\/4f5a7552b1998.jpeg 640w, https:\/\/qtmm.org\/wp-content\/uploads\/2022\/01\/4f5a7552b1998-300x225.jpeg 300w\" sizes=\"auto, (max-width: 640px) 100vw, 640px\" \/><\/a><\/figure><\/li><li class=\"blocks-gallery-item\"><figure><a href=\"http:\/\/qtmm.org\/wp-content\/uploads\/2022\/01\/4f5a7552e617f.jpeg\"><img loading=\"lazy\" decoding=\"async\" width=\"640\" height=\"480\" src=\"http:\/\/qtmm.org\/wp-content\/uploads\/2022\/01\/4f5a7552e617f.jpeg\" alt=\"\" data-id=\"29200\" data-full-url=\"http:\/\/qtmm.org\/wp-content\/uploads\/2022\/01\/4f5a7552e617f.jpeg\" data-link=\"http:\/\/qtmm.org\/?attachment_id=29200\" class=\"wp-image-29200\" srcset=\"https:\/\/qtmm.org\/wp-content\/uploads\/2022\/01\/4f5a7552e617f.jpeg 640w, https:\/\/qtmm.org\/wp-content\/uploads\/2022\/01\/4f5a7552e617f-300x225.jpeg 300w\" sizes=\"auto, (max-width: 640px) 100vw, 640px\" \/><\/a><\/figure><\/li><li class=\"blocks-gallery-item\"><figure><a href=\"http:\/\/qtmm.org\/wp-content\/uploads\/2022\/01\/4f5a75521f59b.jpeg\"><img loading=\"lazy\" decoding=\"async\" width=\"640\" height=\"480\" src=\"http:\/\/qtmm.org\/wp-content\/uploads\/2022\/01\/4f5a75521f59b.jpeg\" alt=\"\" data-id=\"29204\" data-full-url=\"http:\/\/qtmm.org\/wp-content\/uploads\/2022\/01\/4f5a75521f59b.jpeg\" data-link=\"http:\/\/qtmm.org\/?attachment_id=29204\" class=\"wp-image-29204\" srcset=\"https:\/\/qtmm.org\/wp-content\/uploads\/2022\/01\/4f5a75521f59b.jpeg 640w, https:\/\/qtmm.org\/wp-content\/uploads\/2022\/01\/4f5a75521f59b-300x225.jpeg 300w\" sizes=\"auto, (max-width: 640px) 100vw, 640px\" \/><\/a><\/figure><\/li><li class=\"blocks-gallery-item\"><figure><a href=\"http:\/\/qtmm.org\/wp-content\/uploads\/2022\/01\/4f5a755281bf5.jpeg\"><img loading=\"lazy\" decoding=\"async\" width=\"640\" height=\"480\" src=\"http:\/\/qtmm.org\/wp-content\/uploads\/2022\/01\/4f5a755281bf5.jpeg\" alt=\"\" data-id=\"29208\" data-full-url=\"http:\/\/qtmm.org\/wp-content\/uploads\/2022\/01\/4f5a755281bf5.jpeg\" data-link=\"http:\/\/qtmm.org\/?attachment_id=29208\" class=\"wp-image-29208\" srcset=\"https:\/\/qtmm.org\/wp-content\/uploads\/2022\/01\/4f5a755281bf5.jpeg 640w, https:\/\/qtmm.org\/wp-content\/uploads\/2022\/01\/4f5a755281bf5-300x225.jpeg 300w\" sizes=\"auto, (max-width: 640px) 100vw, 640px\" \/><\/a><\/figure><\/li><li class=\"blocks-gallery-item\"><figure><a href=\"http:\/\/qtmm.org\/wp-content\/uploads\/2022\/01\/4f5a75525493c.jpeg\"><img loading=\"lazy\" decoding=\"async\" width=\"640\" height=\"480\" src=\"http:\/\/qtmm.org\/wp-content\/uploads\/2022\/01\/4f5a75525493c.jpeg\" alt=\"\" data-id=\"29212\" data-full-url=\"http:\/\/qtmm.org\/wp-content\/uploads\/2022\/01\/4f5a75525493c.jpeg\" data-link=\"http:\/\/qtmm.org\/?attachment_id=29212\" class=\"wp-image-29212\" srcset=\"https:\/\/qtmm.org\/wp-content\/uploads\/2022\/01\/4f5a75525493c.jpeg 640w, https:\/\/qtmm.org\/wp-content\/uploads\/2022\/01\/4f5a75525493c-300x225.jpeg 300w\" sizes=\"auto, (max-width: 640px) 100vw, 640px\" \/><\/a><\/figure><\/li><li class=\"blocks-gallery-item\"><figure><a href=\"http:\/\/qtmm.org\/wp-content\/uploads\/2022\/01\/4f5a755321126.jpeg\"><img loading=\"lazy\" decoding=\"async\" width=\"640\" height=\"480\" src=\"http:\/\/qtmm.org\/wp-content\/uploads\/2022\/01\/4f5a755321126.jpeg\" alt=\"\" data-id=\"29216\" data-full-url=\"http:\/\/qtmm.org\/wp-content\/uploads\/2022\/01\/4f5a755321126.jpeg\" data-link=\"http:\/\/qtmm.org\/qt\/?attachment_id=29216\" class=\"wp-image-29216\" srcset=\"https:\/\/qtmm.org\/wp-content\/uploads\/2022\/01\/4f5a755321126.jpeg 640w, https:\/\/qtmm.org\/wp-content\/uploads\/2022\/01\/4f5a755321126-300x225.jpeg 300w\" sizes=\"auto, (max-width: 640px) 100vw, 640px\" \/><\/a><\/figure><\/li><\/ul><\/figure>\n","protected":false},"excerpt":{"rendered":"<p>2012 senesi mart 9 k\u00fcn\u00fc b\u00fcy\u00fck Ukrainan\u0131\u00f1 milliy deas\u0131, \u015fair ve ressam Taras \u015eev\u00e7enko do\u011f\u011fan\u0131na 198 y\u0131l told\u0131. Bu k\u00fcn\u00fc bi\u00f1lernen insan, \u015fu c\u00fcmleden Ukraina Prezidenti Viktor Yanukovi\u00e7 de, milliy qaraman, Kobzarni\u00f1 qabirini ziyaret etmege keldi. Ukraina Prezidenti Viktor Yanukovi\u00e7 Memuriyetini\u00f1 daveti boyunca Milliy Meclis reisi Mustafa Cemilev Taras \u015eev\u00e7enko do\u011f\u011fan k\u00fcn\u00fcne ba\u011f\u0131\u015flan\u011fan tantanal\u0131 tedbirlerde [&hellip;]<\/p>\n","protected":false},"author":1,"featured_media":29192,"comment_status":"open","ping_status":"open","sticky":false,"template":"","format":"standard","meta":{"inline_featured_image":false,"footnotes":""},"categories":[265],"tags":[],"class_list":["post-29191","post","type-post","status-publish","format-standard","has-post-thumbnail","hentry","category-haberler"],"acf":[],"yoast_head":"<!-- This site is optimized with the Yoast SEO plugin v27.4 - https:\/\/yoast.com\/product\/yoast-seo-wordpress\/ -->\n<title>Meclis reisi Mustafa Cemilev Taras \u015eev\u00e7enko do\u011f\u011fan k\u00fcn\u00fcne ba\u011f\u0131\u015flan\u011fan tedbirde i\u015ftirak etti - \u041c\u0435\u0434\u0436\u043b\u0456\u0441<\/title>\n<meta name=\"robots\" content=\"index, follow, max-snippet:-1, max-image-preview:large, max-video-preview:-1\" \/>\n<link rel=\"canonical\" href=\"https:\/\/qtmm.org\/qt\/meclis-reisi-mustafa-cemilev-taras-sevcenko-doggan-kunune-bagislangan-tedbirde-istirak-etti\/\" \/>\n<meta property=\"og:locale\" content=\"en_US\" \/>\n<meta property=\"og:type\" content=\"article\" \/>\n<meta property=\"og:title\" content=\"Meclis reisi Mustafa Cemilev Taras \u015eev\u00e7enko do\u011f\u011fan k\u00fcn\u00fcne ba\u011f\u0131\u015flan\u011fan tedbirde i\u015ftirak etti - \u041c\u0435\u0434\u0436\u043b\u0456\u0441\" \/>\n<meta property=\"og:description\" content=\"2012 senesi mart 9 k\u00fcn\u00fc b\u00fcy\u00fck Ukrainan\u0131\u00f1 milliy deas\u0131, \u015fair ve ressam Taras \u015eev\u00e7enko do\u011f\u011fan\u0131na 198 y\u0131l told\u0131. Bu k\u00fcn\u00fc bi\u00f1lernen insan, \u015fu c\u00fcmleden Ukraina Prezidenti Viktor Yanukovi\u00e7 de, milliy qaraman, Kobzarni\u00f1 qabirini ziyaret etmege keldi. Ukraina Prezidenti Viktor Yanukovi\u00e7 Memuriyetini\u00f1 daveti boyunca Milliy Meclis reisi Mustafa Cemilev Taras \u015eev\u00e7enko do\u011f\u011fan k\u00fcn\u00fcne ba\u011f\u0131\u015flan\u011fan tantanal\u0131 tedbirlerde [&hellip;]\" \/>\n<meta property=\"og:url\" content=\"https:\/\/qtmm.org\/qt\/meclis-reisi-mustafa-cemilev-taras-sevcenko-doggan-kunune-bagislangan-tedbirde-istirak-etti\/\" \/>\n<meta property=\"og:site_name\" content=\"\u041c\u0435\u0434\u0436\u043b\u0456\u0441\" \/>\n<meta property=\"article:publisher\" content=\"https:\/\/www.facebook.com\/qtmm.info\/\" \/>\n<meta property=\"article:published_time\" content=\"2012-03-09T14:05:00+00:00\" \/>\n<meta property=\"article:modified_time\" content=\"2022-01-21T14:06:48+00:00\" \/>\n<meta property=\"og:image\" content=\"https:\/\/qtmm.org\/wp-content\/uploads\/2022\/01\/4f5a7551e97f8.jpeg\" \/>\n\t<meta property=\"og:image:width\" content=\"640\" \/>\n\t<meta property=\"og:image:height\" content=\"480\" \/>\n\t<meta property=\"og:image:type\" content=\"image\/jpeg\" \/>\n<meta name=\"author\" content=\"Developer\" \/>\n<meta name=\"twitter:card\" content=\"summary_large_image\" \/>\n<meta name=\"twitter:label1\" content=\"Written by\" \/>\n\t<meta name=\"twitter:data1\" content=\"Developer\" \/>\n\t<meta name=\"twitter:label2\" content=\"Est. reading time\" \/>\n\t<meta name=\"twitter:data2\" content=\"1 minute\" \/>\n<script type=\"application\/ld+json\" class=\"yoast-schema-graph\">{\"@context\":\"https:\\\/\\\/schema.org\",\"@graph\":[{\"@type\":\"Article\",\"@id\":\"https:\\\/\\\/qtmm.org\\\/qt\\\/meclis-reisi-mustafa-cemilev-taras-sevcenko-doggan-kunune-bagislangan-tedbirde-istirak-etti\\\/#article\",\"isPartOf\":{\"@id\":\"https:\\\/\\\/qtmm.org\\\/qt\\\/meclis-reisi-mustafa-cemilev-taras-sevcenko-doggan-kunune-bagislangan-tedbirde-istirak-etti\\\/\"},\"author\":{\"name\":\"Developer\",\"@id\":\"https:\\\/\\\/qtmm.org\\\/qt\\\/#\\\/schema\\\/person\\\/de562469f971dec226ac06e60bbf74a7\"},\"headline\":\"Meclis reisi Mustafa Cemilev Taras \u015eev\u00e7enko do\u011f\u011fan k\u00fcn\u00fcne ba\u011f\u0131\u015flan\u011fan tedbirde i\u015ftirak etti\",\"datePublished\":\"2012-03-09T14:05:00+00:00\",\"dateModified\":\"2022-01-21T14:06:48+00:00\",\"mainEntityOfPage\":{\"@id\":\"https:\\\/\\\/qtmm.org\\\/qt\\\/meclis-reisi-mustafa-cemilev-taras-sevcenko-doggan-kunune-bagislangan-tedbirde-istirak-etti\\\/\"},\"wordCount\":198,\"commentCount\":0,\"publisher\":{\"@id\":\"https:\\\/\\\/qtmm.org\\\/qt\\\/#organization\"},\"image\":{\"@id\":\"https:\\\/\\\/qtmm.org\\\/qt\\\/meclis-reisi-mustafa-cemilev-taras-sevcenko-doggan-kunune-bagislangan-tedbirde-istirak-etti\\\/#primaryimage\"},\"thumbnailUrl\":\"https:\\\/\\\/qtmm.org\\\/wp-content\\\/uploads\\\/2022\\\/01\\\/4f5a7551e97f8.jpeg\",\"articleSection\":[\"Haberler\"],\"inLanguage\":\"qt\",\"potentialAction\":[{\"@type\":\"CommentAction\",\"name\":\"Comment\",\"target\":[\"https:\\\/\\\/qtmm.org\\\/qt\\\/meclis-reisi-mustafa-cemilev-taras-sevcenko-doggan-kunune-bagislangan-tedbirde-istirak-etti\\\/#respond\"]}]},{\"@type\":\"WebPage\",\"@id\":\"https:\\\/\\\/qtmm.org\\\/qt\\\/meclis-reisi-mustafa-cemilev-taras-sevcenko-doggan-kunune-bagislangan-tedbirde-istirak-etti\\\/\",\"url\":\"https:\\\/\\\/qtmm.org\\\/qt\\\/meclis-reisi-mustafa-cemilev-taras-sevcenko-doggan-kunune-bagislangan-tedbirde-istirak-etti\\\/\",\"name\":\"Meclis reisi Mustafa Cemilev Taras \u015eev\u00e7enko do\u011f\u011fan k\u00fcn\u00fcne ba\u011f\u0131\u015flan\u011fan tedbirde i\u015ftirak etti - \u041c\u0435\u0434\u0436\u043b\u0456\u0441\",\"isPartOf\":{\"@id\":\"https:\\\/\\\/qtmm.org\\\/qt\\\/#website\"},\"primaryImageOfPage\":{\"@id\":\"https:\\\/\\\/qtmm.org\\\/qt\\\/meclis-reisi-mustafa-cemilev-taras-sevcenko-doggan-kunune-bagislangan-tedbirde-istirak-etti\\\/#primaryimage\"},\"image\":{\"@id\":\"https:\\\/\\\/qtmm.org\\\/qt\\\/meclis-reisi-mustafa-cemilev-taras-sevcenko-doggan-kunune-bagislangan-tedbirde-istirak-etti\\\/#primaryimage\"},\"thumbnailUrl\":\"https:\\\/\\\/qtmm.org\\\/wp-content\\\/uploads\\\/2022\\\/01\\\/4f5a7551e97f8.jpeg\",\"datePublished\":\"2012-03-09T14:05:00+00:00\",\"dateModified\":\"2022-01-21T14:06:48+00:00\",\"breadcrumb\":{\"@id\":\"https:\\\/\\\/qtmm.org\\\/qt\\\/meclis-reisi-mustafa-cemilev-taras-sevcenko-doggan-kunune-bagislangan-tedbirde-istirak-etti\\\/#breadcrumb\"},\"inLanguage\":\"qt\",\"potentialAction\":[{\"@type\":\"ReadAction\",\"target\":[\"https:\\\/\\\/qtmm.org\\\/qt\\\/meclis-reisi-mustafa-cemilev-taras-sevcenko-doggan-kunune-bagislangan-tedbirde-istirak-etti\\\/\"]}]},{\"@type\":\"ImageObject\",\"inLanguage\":\"qt\",\"@id\":\"https:\\\/\\\/qtmm.org\\\/qt\\\/meclis-reisi-mustafa-cemilev-taras-sevcenko-doggan-kunune-bagislangan-tedbirde-istirak-etti\\\/#primaryimage\",\"url\":\"https:\\\/\\\/qtmm.org\\\/wp-content\\\/uploads\\\/2022\\\/01\\\/4f5a7551e97f8.jpeg\",\"contentUrl\":\"https:\\\/\\\/qtmm.org\\\/wp-content\\\/uploads\\\/2022\\\/01\\\/4f5a7551e97f8.jpeg\",\"width\":640,\"height\":480},{\"@type\":\"BreadcrumbList\",\"@id\":\"https:\\\/\\\/qtmm.org\\\/qt\\\/meclis-reisi-mustafa-cemilev-taras-sevcenko-doggan-kunune-bagislangan-tedbirde-istirak-etti\\\/#breadcrumb\",\"itemListElement\":[{\"@type\":\"ListItem\",\"position\":1,\"name\":\"\u0413\u043e\u043b\u043e\u0432\u043d\u0430\",\"item\":\"https:\\\/\\\/qtmm.org\\\/qt\\\/\"},{\"@type\":\"ListItem\",\"position\":2,\"name\":\"Meclis reisi Mustafa Cemilev Taras \u015eev\u00e7enko do\u011f\u011fan k\u00fcn\u00fcne ba\u011f\u0131\u015flan\u011fan tedbirde i\u015ftirak etti\"}]},{\"@type\":\"WebSite\",\"@id\":\"https:\\\/\\\/qtmm.org\\\/qt\\\/#website\",\"url\":\"https:\\\/\\\/qtmm.org\\\/qt\\\/\",\"name\":\"\u041c\u0435\u0434\u0436\u043b\u0456\u0441\",\"description\":\"\",\"publisher\":{\"@id\":\"https:\\\/\\\/qtmm.org\\\/qt\\\/#organization\"},\"potentialAction\":[{\"@type\":\"SearchAction\",\"target\":{\"@type\":\"EntryPoint\",\"urlTemplate\":\"https:\\\/\\\/qtmm.org\\\/qt\\\/?s={search_term_string}\"},\"query-input\":{\"@type\":\"PropertyValueSpecification\",\"valueRequired\":true,\"valueName\":\"search_term_string\"}}],\"inLanguage\":\"qt\"},{\"@type\":\"Organization\",\"@id\":\"https:\\\/\\\/qtmm.org\\\/qt\\\/#organization\",\"name\":\"\u041c\u0435\u0434\u0436\u043b\u0456\u0441\",\"url\":\"https:\\\/\\\/qtmm.org\\\/qt\\\/\",\"logo\":{\"@type\":\"ImageObject\",\"inLanguage\":\"qt\",\"@id\":\"https:\\\/\\\/qtmm.org\\\/qt\\\/#\\\/schema\\\/logo\\\/image\\\/\",\"url\":\"https:\\\/\\\/qtmm.org\\\/wp-content\\\/uploads\\\/2024\\\/12\\\/ua-mejlis-logo-rgb.svg\",\"contentUrl\":\"https:\\\/\\\/qtmm.org\\\/wp-content\\\/uploads\\\/2024\\\/12\\\/ua-mejlis-logo-rgb.svg\",\"caption\":\"\u041c\u0435\u0434\u0436\u043b\u0456\u0441\"},\"image\":{\"@id\":\"https:\\\/\\\/qtmm.org\\\/qt\\\/#\\\/schema\\\/logo\\\/image\\\/\"},\"sameAs\":[\"https:\\\/\\\/www.facebook.com\\\/qtmm.info\\\/\"]},{\"@type\":\"Person\",\"@id\":\"https:\\\/\\\/qtmm.org\\\/qt\\\/#\\\/schema\\\/person\\\/de562469f971dec226ac06e60bbf74a7\",\"name\":\"Developer\",\"image\":{\"@type\":\"ImageObject\",\"inLanguage\":\"qt\",\"@id\":\"https:\\\/\\\/secure.gravatar.com\\\/avatar\\\/392b4cc8fbfeb00b39dfeeab4ee6edded39ffd48e25858637e4765810300227e?s=96&d=mm&r=g\",\"url\":\"https:\\\/\\\/secure.gravatar.com\\\/avatar\\\/392b4cc8fbfeb00b39dfeeab4ee6edded39ffd48e25858637e4765810300227e?s=96&d=mm&r=g\",\"contentUrl\":\"https:\\\/\\\/secure.gravatar.com\\\/avatar\\\/392b4cc8fbfeb00b39dfeeab4ee6edded39ffd48e25858637e4765810300227e?s=96&d=mm&r=g\",\"caption\":\"Developer\"},\"url\":\"https:\\\/\\\/qtmm.org\\\/qt\\\/author\\\/Developer\\\/\"}]}<\/script>\n<!-- \/ Yoast SEO plugin. -->","yoast_head_json":{"title":"Meclis reisi Mustafa Cemilev Taras \u015eev\u00e7enko do\u011f\u011fan k\u00fcn\u00fcne ba\u011f\u0131\u015flan\u011fan tedbirde i\u015ftirak etti - \u041c\u0435\u0434\u0436\u043b\u0456\u0441","robots":{"index":"index","follow":"follow","max-snippet":"max-snippet:-1","max-image-preview":"max-image-preview:large","max-video-preview":"max-video-preview:-1"},"canonical":"https:\/\/qtmm.org\/qt\/meclis-reisi-mustafa-cemilev-taras-sevcenko-doggan-kunune-bagislangan-tedbirde-istirak-etti\/","og_locale":"en_US","og_type":"article","og_title":"Meclis reisi Mustafa Cemilev Taras \u015eev\u00e7enko do\u011f\u011fan k\u00fcn\u00fcne ba\u011f\u0131\u015flan\u011fan tedbirde i\u015ftirak etti - \u041c\u0435\u0434\u0436\u043b\u0456\u0441","og_description":"2012 senesi mart 9 k\u00fcn\u00fc b\u00fcy\u00fck Ukrainan\u0131\u00f1 milliy deas\u0131, \u015fair ve ressam Taras \u015eev\u00e7enko do\u011f\u011fan\u0131na 198 y\u0131l told\u0131. Bu k\u00fcn\u00fc bi\u00f1lernen insan, \u015fu c\u00fcmleden Ukraina Prezidenti Viktor Yanukovi\u00e7 de, milliy qaraman, Kobzarni\u00f1 qabirini ziyaret etmege keldi. Ukraina Prezidenti Viktor Yanukovi\u00e7 Memuriyetini\u00f1 daveti boyunca Milliy Meclis reisi Mustafa Cemilev Taras \u015eev\u00e7enko do\u011f\u011fan k\u00fcn\u00fcne ba\u011f\u0131\u015flan\u011fan tantanal\u0131 tedbirlerde [&hellip;]","og_url":"https:\/\/qtmm.org\/qt\/meclis-reisi-mustafa-cemilev-taras-sevcenko-doggan-kunune-bagislangan-tedbirde-istirak-etti\/","og_site_name":"\u041c\u0435\u0434\u0436\u043b\u0456\u0441","article_publisher":"https:\/\/www.facebook.com\/qtmm.info\/","article_published_time":"2012-03-09T14:05:00+00:00","article_modified_time":"2022-01-21T14:06:48+00:00","og_image":[{"width":640,"height":480,"url":"https:\/\/qtmm.org\/wp-content\/uploads\/2022\/01\/4f5a7551e97f8.jpeg","type":"image\/jpeg"}],"author":"Developer","twitter_card":"summary_large_image","twitter_misc":{"Written by":"Developer","Est. reading time":"1 minute"},"schema":{"@context":"https:\/\/schema.org","@graph":[{"@type":"Article","@id":"https:\/\/qtmm.org\/qt\/meclis-reisi-mustafa-cemilev-taras-sevcenko-doggan-kunune-bagislangan-tedbirde-istirak-etti\/#article","isPartOf":{"@id":"https:\/\/qtmm.org\/qt\/meclis-reisi-mustafa-cemilev-taras-sevcenko-doggan-kunune-bagislangan-tedbirde-istirak-etti\/"},"author":{"name":"Developer","@id":"https:\/\/qtmm.org\/qt\/#\/schema\/person\/de562469f971dec226ac06e60bbf74a7"},"headline":"Meclis reisi Mustafa Cemilev Taras \u015eev\u00e7enko do\u011f\u011fan k\u00fcn\u00fcne ba\u011f\u0131\u015flan\u011fan tedbirde i\u015ftirak etti","datePublished":"2012-03-09T14:05:00+00:00","dateModified":"2022-01-21T14:06:48+00:00","mainEntityOfPage":{"@id":"https:\/\/qtmm.org\/qt\/meclis-reisi-mustafa-cemilev-taras-sevcenko-doggan-kunune-bagislangan-tedbirde-istirak-etti\/"},"wordCount":198,"commentCount":0,"publisher":{"@id":"https:\/\/qtmm.org\/qt\/#organization"},"image":{"@id":"https:\/\/qtmm.org\/qt\/meclis-reisi-mustafa-cemilev-taras-sevcenko-doggan-kunune-bagislangan-tedbirde-istirak-etti\/#primaryimage"},"thumbnailUrl":"https:\/\/qtmm.org\/wp-content\/uploads\/2022\/01\/4f5a7551e97f8.jpeg","articleSection":["Haberler"],"inLanguage":"qt","potentialAction":[{"@type":"CommentAction","name":"Comment","target":["https:\/\/qtmm.org\/qt\/meclis-reisi-mustafa-cemilev-taras-sevcenko-doggan-kunune-bagislangan-tedbirde-istirak-etti\/#respond"]}]},{"@type":"WebPage","@id":"https:\/\/qtmm.org\/qt\/meclis-reisi-mustafa-cemilev-taras-sevcenko-doggan-kunune-bagislangan-tedbirde-istirak-etti\/","url":"https:\/\/qtmm.org\/qt\/meclis-reisi-mustafa-cemilev-taras-sevcenko-doggan-kunune-bagislangan-tedbirde-istirak-etti\/","name":"Meclis reisi Mustafa Cemilev Taras \u015eev\u00e7enko do\u011f\u011fan k\u00fcn\u00fcne ba\u011f\u0131\u015flan\u011fan tedbirde i\u015ftirak etti - \u041c\u0435\u0434\u0436\u043b\u0456\u0441","isPartOf":{"@id":"https:\/\/qtmm.org\/qt\/#website"},"primaryImageOfPage":{"@id":"https:\/\/qtmm.org\/qt\/meclis-reisi-mustafa-cemilev-taras-sevcenko-doggan-kunune-bagislangan-tedbirde-istirak-etti\/#primaryimage"},"image":{"@id":"https:\/\/qtmm.org\/qt\/meclis-reisi-mustafa-cemilev-taras-sevcenko-doggan-kunune-bagislangan-tedbirde-istirak-etti\/#primaryimage"},"thumbnailUrl":"https:\/\/qtmm.org\/wp-content\/uploads\/2022\/01\/4f5a7551e97f8.jpeg","datePublished":"2012-03-09T14:05:00+00:00","dateModified":"2022-01-21T14:06:48+00:00","breadcrumb":{"@id":"https:\/\/qtmm.org\/qt\/meclis-reisi-mustafa-cemilev-taras-sevcenko-doggan-kunune-bagislangan-tedbirde-istirak-etti\/#breadcrumb"},"inLanguage":"qt","potentialAction":[{"@type":"ReadAction","target":["https:\/\/qtmm.org\/qt\/meclis-reisi-mustafa-cemilev-taras-sevcenko-doggan-kunune-bagislangan-tedbirde-istirak-etti\/"]}]},{"@type":"ImageObject","inLanguage":"qt","@id":"https:\/\/qtmm.org\/qt\/meclis-reisi-mustafa-cemilev-taras-sevcenko-doggan-kunune-bagislangan-tedbirde-istirak-etti\/#primaryimage","url":"https:\/\/qtmm.org\/wp-content\/uploads\/2022\/01\/4f5a7551e97f8.jpeg","contentUrl":"https:\/\/qtmm.org\/wp-content\/uploads\/2022\/01\/4f5a7551e97f8.jpeg","width":640,"height":480},{"@type":"BreadcrumbList","@id":"https:\/\/qtmm.org\/qt\/meclis-reisi-mustafa-cemilev-taras-sevcenko-doggan-kunune-bagislangan-tedbirde-istirak-etti\/#breadcrumb","itemListElement":[{"@type":"ListItem","position":1,"name":"\u0413\u043e\u043b\u043e\u0432\u043d\u0430","item":"https:\/\/qtmm.org\/qt\/"},{"@type":"ListItem","position":2,"name":"Meclis reisi Mustafa Cemilev Taras \u015eev\u00e7enko do\u011f\u011fan k\u00fcn\u00fcne ba\u011f\u0131\u015flan\u011fan tedbirde i\u015ftirak etti"}]},{"@type":"WebSite","@id":"https:\/\/qtmm.org\/qt\/#website","url":"https:\/\/qtmm.org\/qt\/","name":"\u041c\u0435\u0434\u0436\u043b\u0456\u0441","description":"","publisher":{"@id":"https:\/\/qtmm.org\/qt\/#organization"},"potentialAction":[{"@type":"SearchAction","target":{"@type":"EntryPoint","urlTemplate":"https:\/\/qtmm.org\/qt\/?s={search_term_string}"},"query-input":{"@type":"PropertyValueSpecification","valueRequired":true,"valueName":"search_term_string"}}],"inLanguage":"qt"},{"@type":"Organization","@id":"https:\/\/qtmm.org\/qt\/#organization","name":"\u041c\u0435\u0434\u0436\u043b\u0456\u0441","url":"https:\/\/qtmm.org\/qt\/","logo":{"@type":"ImageObject","inLanguage":"qt","@id":"https:\/\/qtmm.org\/qt\/#\/schema\/logo\/image\/","url":"https:\/\/qtmm.org\/wp-content\/uploads\/2024\/12\/ua-mejlis-logo-rgb.svg","contentUrl":"https:\/\/qtmm.org\/wp-content\/uploads\/2024\/12\/ua-mejlis-logo-rgb.svg","caption":"\u041c\u0435\u0434\u0436\u043b\u0456\u0441"},"image":{"@id":"https:\/\/qtmm.org\/qt\/#\/schema\/logo\/image\/"},"sameAs":["https:\/\/www.facebook.com\/qtmm.info\/"]},{"@type":"Person","@id":"https:\/\/qtmm.org\/qt\/#\/schema\/person\/de562469f971dec226ac06e60bbf74a7","name":"Developer","image":{"@type":"ImageObject","inLanguage":"qt","@id":"https:\/\/secure.gravatar.com\/avatar\/392b4cc8fbfeb00b39dfeeab4ee6edded39ffd48e25858637e4765810300227e?s=96&d=mm&r=g","url":"https:\/\/secure.gravatar.com\/avatar\/392b4cc8fbfeb00b39dfeeab4ee6edded39ffd48e25858637e4765810300227e?s=96&d=mm&r=g","contentUrl":"https:\/\/secure.gravatar.com\/avatar\/392b4cc8fbfeb00b39dfeeab4ee6edded39ffd48e25858637e4765810300227e?s=96&d=mm&r=g","caption":"Developer"},"url":"https:\/\/qtmm.org\/qt\/author\/Developer\/"}]}},"_links":{"self":[{"href":"https:\/\/qtmm.org\/qt\/wp-json\/wp\/v2\/posts\/29191","targetHints":{"allow":["GET"]}}],"collection":[{"href":"https:\/\/qtmm.org\/qt\/wp-json\/wp\/v2\/posts"}],"about":[{"href":"https:\/\/qtmm.org\/qt\/wp-json\/wp\/v2\/types\/post"}],"author":[{"embeddable":true,"href":"https:\/\/qtmm.org\/qt\/wp-json\/wp\/v2\/users\/1"}],"replies":[{"embeddable":true,"href":"https:\/\/qtmm.org\/qt\/wp-json\/wp\/v2\/comments?post=29191"}],"version-history":[{"count":1,"href":"https:\/\/qtmm.org\/qt\/wp-json\/wp\/v2\/posts\/29191\/revisions"}],"predecessor-version":[{"id":29220,"href":"https:\/\/qtmm.org\/qt\/wp-json\/wp\/v2\/posts\/29191\/revisions\/29220"}],"wp:featuredmedia":[{"embeddable":true,"href":"https:\/\/qtmm.org\/qt\/wp-json\/wp\/v2\/media\/29192"}],"wp:attachment":[{"href":"https:\/\/qtmm.org\/qt\/wp-json\/wp\/v2\/media?parent=29191"}],"wp:term":[{"taxonomy":"category","embeddable":true,"href":"https:\/\/qtmm.org\/qt\/wp-json\/wp\/v2\/categories?post=29191"},{"taxonomy":"post_tag","embeddable":true,"href":"https:\/\/qtmm.org\/qt\/wp-json\/wp\/v2\/tags?post=29191"}],"curies":[{"name":"wp","href":"https:\/\/api.w.org\/{rel}","templated":true}]}}