




{"id":29165,"date":"2012-03-09T17:02:00","date_gmt":"2012-03-09T14:02:00","guid":{"rendered":"http:\/\/qtmm.org\/?p=29165"},"modified":"2022-01-21T17:04:47","modified_gmt":"2022-01-21T14:04:47","slug":"kuresiniz-yenersiniz","status":"publish","type":"post","link":"https:\/\/qtmm.org\/qt\/kuresiniz-yenersiniz\/","title":{"rendered":"\u00abK\u00fcre\u015fi\u00f1iz \u2013 ye\u00f1ersi\u00f1iz!\u00bb"},"content":{"rendered":"\n<p>Aqmescitni\u00f1 merkezinde ulu ukrain \u015fairi, yaz\u0131c\u0131 ve ressam\u0131 Taras Grigoryevi\u00e7 \u015eev\u00e7enko do\u011f\u011fan\u0131n\u0131\u00f1 198 y\u0131ll\u0131\u011f\u0131 \u015ferefine tantanal\u0131 mitingge on\u0131\u00f1 ad\u0131n\u0131 ta\u015f\u0131\u011fan ba\u011f\u00e7adaki eykeli yan\u0131nda Q\u0131r\u0131m paytaht\u0131n\u0131\u00f1 cemaat\u00e7\u0131l\u0131\u011f\u0131 topland\u0131.<\/p>\n\n\n\n<p>Er y\u0131l\u0131 ol\u011fan\u0131 kibi tantanal\u0131 miting ve Taras \u015eev\u00e7enko eykeline \u00e7e\u00e7ekler qoyuv merasiminde q\u0131r\u0131mtatar halq\u0131 milliy areketi, Milliy Meclis ve q\u0131r\u0131mtatar gen\u00e7ler te\u015fkil\u00e2tlar\u0131n\u0131\u00f1 azalar\u0131 da i\u015ftirak ettiler.<\/p>\n\n\n\n<p>Tantanal\u0131 miting i\u015ftirak\u00e7ileri \u00f6g\u00fcnde \u00e7\u0131q\u0131\u015fta bulun\u011fan Milliy Meclis reisini\u00f1 birinci muavini, Q\u0131r\u0131m Yuqar\u0131 \u015euras\u0131n\u0131\u00f1 deputat\u0131 Refat \u00c7ubarov b\u00f6yle dedi:<\/p>\n\n\n\n<p>&#8220;Zemaneviy ukrainlerni biri-birilerinen daa da s\u0131q\u0131 ba\u011flamaq i\u00e7\u00fcn d\u00fcnyada \u00e7oq \u015fey &#8211; ukrain topra\u011f\u0131, tuv\u011fan til, \u00f6z devlet\u00e7iligi bar kibi kele. Amma m\u0131nda da \u00e7e\u015fit problemler mevcut. Amma bahtqa qar\u015f\u0131, Ukraina tarih\u0131nda Taras \u015eev\u00e7enko kibi s\u0131ma bar eken, on\u0131\u00f1 istidatl\u0131 eserleri ve \u00f6lmez vasiyetleri er bir ukrainge bug\u00fcnki qarama-qar\u0131\u015f\u0131q vaq\u0131tta do\u011fru yoln\u0131 k\u00f6stere.<\/p>\n\n\n\n<p>Eger menden kimdir \u015eev\u00e7enko vasiyetlerini\u00f1 manas\u0131n\u0131 eki s\u00f6znen ifadelemekni rica etse, men ulu Kobzarni\u00f1 &#8220;Kavkaz&#8221; adl\u0131 poemas\u0131ndan \u00f6lmeycek \u015fu s\u00f6zlerini ketirir edim : &#8220;K\u00fcre\u015fi\u00f1iz \u2013 ye\u00f1ersi\u00f1iz!&#8221;.<\/p>\n\n\n\n<p>Amma, teess\u00fcf ki, baz\u0131lar\u0131 Taras \u015eev\u00e7enko k\u00f6stergen yoldan ketemiz, dep amelde on\u0131\u00f1 \u011fayelerini bozd\u0131lar ve \u00f6z k\u00fcre\u015fini ukrain milletini\u00f1 deas\u0131 arzula\u011fan Ukrainan\u0131 qurma\u011fa keder etkenlerge qar\u015f\u0131 degil de, \u00f6z fikirde\u015flerine qar\u015f\u0131 do\u011frultalar.<\/p>\n\n\n\n<p>Ayd\u0131\u00f1\u0131z, \u015fu s\u00f6zlerni\u00f1 manas\u0131n\u0131 unutmay\u0131q ve kelecegimiz i\u00e7\u00fcn berarer areket eteyik ki, er bir halq \u00e7astl\u0131 ols\u0131n. \u0130\u015fte, \u00f6z aqlar\u0131m\u0131z i\u00e7\u00fcn k\u00fcre\u015feyik, l\u00e2kin qom\u015fular\u0131m\u0131zn\u0131\u00f1 da aqlar\u0131n\u0131 untumay\u0131q. Taras \u015eev\u00e7enkon\u0131\u00f1 daa bir vasiyetine riayet eteyik: &#8220;\u00d6z\u00fc\u00f1izninqden utanma\u00f1\u0131z, ba\u015fqalar\u0131ndan da \u00f6greni\u00f1iz!&#8221;<\/p>\n\n\n\n<p>Men eminim ki, Ukraina ve bizim tuv\u011fan Q\u0131r\u0131m\u0131m\u0131zda \u00f6yle bir zaman kelir ki, adalet tiklenir ve er kes te\u00f1 ol\u0131p, biri-birini \u00fcrmet eter. Ayn\u0131 \u015fun\u0131\u00f1 i\u00e7\u00fcn de m\u0131nda bu tedbirde ukrain cemiyetinen omuz\u011fa-omuz berip q\u0131r\u0131mtatar halq\u0131 milliy areketini\u00f1 veteranlar\u0131, Q\u0131r\u0131mtatar halq\u0131 Meclisini\u00f1 azalar\u0131 ve q\u0131r\u0131mtatar gen\u00e7ler te\u015fkil\u00e2tlar\u0131n\u0131\u00f1 azalar\u0131 turmaqta&#8221;.<\/p>\n\n\n\n<p>&#8220;Bug\u00fcn biz b\u00fct\u00fcn d\u00fcnyada abide ve eykelleri pek \u00e7oq ol\u011fan bir insann\u0131\u00f1 hat\u0131ras\u0131n\u0131 a\u00f1maq i\u00e7\u00fcn topland\u0131q, &#8211; dedi \u00f6z \u00e7\u0131q\u0131\u015f\u0131nda &#8220;Front Zm\u0456n&#8221; Q\u0131r\u0131m te\u015fkil\u00e2t\u0131n\u0131\u00f1 ba\u015f\u0131 Aleksey Burbak. \u2013 Men ukrain s\u00f6z\u00fcni\u00f1 tek ke\u00e7mi\u015fi degil de, kelecegi olaca\u011f\u0131n\u0131 ve biz on\u0131 beraber quraca\u011f\u0131m\u0131zn\u0131 isteyim. T. \u015eev\u00e7enko \u00f6g\u00fcnde \u00e7e\u015fit milletler, \u00e7e\u015fit din ve \u00e7e\u015fit firqa vekilleri toplan\u011fan\u0131ndan pek memn\u00fcnim ve er keske te\u015fekk\u00fcr bildirem. Sa\u011f olu\u00f1\u0131z!&#8221;<\/p>\n\n\n\n<p>Ulu Kobzarni\u00f1 hat\u0131ras\u0131n\u0131 a\u00f1maq i\u00e7\u00fcn Aqmescit ve Q\u0131r\u0131m mitropoliti Lazar, Ukraina halq partiyas\u0131 Q\u0131r\u0131m te\u015fkil\u00e2t\u0131n\u0131\u00f1 reisi \u00d6leg Fomu\u015fkin, Ukraina Millet\u00e7iler kongressi Q\u0131r\u0131m b\u00f6l\u00fcgini\u00f1 ba\u015f\u0131 Vasiliy Ov\u00e7aruk da keldiler. Mitingni\u00f1 so\u00f1unda Taras \u015eev\u00e7enko eykeline \u00e7e\u00e7ekler qoyul\u0131p, er kes Ukrain muz\u0131kal\u0131 teatrine Taras \u015eev\u00e7enko do\u011f\u011fan\u0131n\u0131\u00f1 198 y\u0131ll\u0131\u011f\u0131na ba\u011f\u0131\u015flan\u011fan kontsertke davet etildi.<\/p>\n\n\n\n<p class=\"has-text-align-right\"><strong><em>Foto: \u00a0\u00a0<a rel=\"noreferrer noopener\" href=\"https:\/\/www.facebook.com\/profile.php?id=100001057405818\" target=\"_blank\">Vladimir Pritula<\/a>\u00a0ve Meclis matbuat h\u0131zmeti<\/em><\/strong><\/p>\n\n\n\n<figure class=\"wp-block-gallery columns-3 is-cropped wp-block-gallery-1 is-layout-flex wp-block-gallery-is-layout-flex\"><ul class=\"blocks-gallery-grid\"><li class=\"blocks-gallery-item\"><figure><a href=\"http:\/\/qtmm.org\/wp-content\/uploads\/2022\/01\/4f5de1b4cffdb.jpeg\"><img loading=\"lazy\" decoding=\"async\" width=\"640\" height=\"480\" src=\"http:\/\/qtmm.org\/wp-content\/uploads\/2022\/01\/4f5de1b4cffdb.jpeg\" alt=\"\" data-id=\"29166\" data-full-url=\"http:\/\/qtmm.org\/wp-content\/uploads\/2022\/01\/4f5de1b4cffdb.jpeg\" data-link=\"http:\/\/qtmm.org\/qt\/?attachment_id=29166\" class=\"wp-image-29166\" srcset=\"https:\/\/qtmm.org\/wp-content\/uploads\/2022\/01\/4f5de1b4cffdb.jpeg 640w, https:\/\/qtmm.org\/wp-content\/uploads\/2022\/01\/4f5de1b4cffdb-300x225.jpeg 300w\" sizes=\"auto, (max-width: 640px) 100vw, 640px\" \/><\/a><\/figure><\/li><li class=\"blocks-gallery-item\"><figure><a href=\"http:\/\/qtmm.org\/wp-content\/uploads\/2022\/01\/4f5de1b6cd556.jpeg\"><img loading=\"lazy\" decoding=\"async\" width=\"640\" height=\"480\" src=\"http:\/\/qtmm.org\/wp-content\/uploads\/2022\/01\/4f5de1b6cd556.jpeg\" alt=\"\" data-id=\"29170\" data-full-url=\"http:\/\/qtmm.org\/wp-content\/uploads\/2022\/01\/4f5de1b6cd556.jpeg\" data-link=\"http:\/\/qtmm.org\/qt\/?attachment_id=29170\" class=\"wp-image-29170\" srcset=\"https:\/\/qtmm.org\/wp-content\/uploads\/2022\/01\/4f5de1b6cd556.jpeg 640w, https:\/\/qtmm.org\/wp-content\/uploads\/2022\/01\/4f5de1b6cd556-300x225.jpeg 300w\" sizes=\"auto, (max-width: 640px) 100vw, 640px\" \/><\/a><\/figure><\/li><li class=\"blocks-gallery-item\"><figure><a href=\"http:\/\/qtmm.org\/wp-content\/uploads\/2022\/01\/4f5de1b6f32ce.jpeg\"><img loading=\"lazy\" decoding=\"async\" width=\"640\" height=\"480\" src=\"http:\/\/qtmm.org\/wp-content\/uploads\/2022\/01\/4f5de1b6f32ce.jpeg\" alt=\"\" data-id=\"29174\" data-full-url=\"http:\/\/qtmm.org\/wp-content\/uploads\/2022\/01\/4f5de1b6f32ce.jpeg\" data-link=\"http:\/\/qtmm.org\/qt\/?attachment_id=29174\" class=\"wp-image-29174\" srcset=\"https:\/\/qtmm.org\/wp-content\/uploads\/2022\/01\/4f5de1b6f32ce.jpeg 640w, https:\/\/qtmm.org\/wp-content\/uploads\/2022\/01\/4f5de1b6f32ce-300x225.jpeg 300w\" sizes=\"auto, (max-width: 640px) 100vw, 640px\" \/><\/a><\/figure><\/li><li class=\"blocks-gallery-item\"><figure><a href=\"http:\/\/qtmm.org\/wp-content\/uploads\/2022\/01\/4f5de1b67a12c.jpeg\"><img loading=\"lazy\" decoding=\"async\" width=\"640\" height=\"480\" src=\"http:\/\/qtmm.org\/wp-content\/uploads\/2022\/01\/4f5de1b67a12c.jpeg\" alt=\"\" data-id=\"29178\" data-full-url=\"http:\/\/qtmm.org\/wp-content\/uploads\/2022\/01\/4f5de1b67a12c.jpeg\" data-link=\"http:\/\/qtmm.org\/qt\/?attachment_id=29178\" class=\"wp-image-29178\" srcset=\"https:\/\/qtmm.org\/wp-content\/uploads\/2022\/01\/4f5de1b67a12c.jpeg 640w, https:\/\/qtmm.org\/wp-content\/uploads\/2022\/01\/4f5de1b67a12c-300x225.jpeg 300w\" sizes=\"auto, (max-width: 640px) 100vw, 640px\" \/><\/a><\/figure><\/li><li class=\"blocks-gallery-item\"><figure><a href=\"http:\/\/qtmm.org\/wp-content\/uploads\/2022\/01\/4f5de1b69acb1.jpeg\"><img loading=\"lazy\" decoding=\"async\" width=\"640\" height=\"480\" src=\"http:\/\/qtmm.org\/wp-content\/uploads\/2022\/01\/4f5de1b69acb1.jpeg\" alt=\"\" data-id=\"29182\" data-full-url=\"http:\/\/qtmm.org\/wp-content\/uploads\/2022\/01\/4f5de1b69acb1.jpeg\" data-link=\"http:\/\/qtmm.org\/qt\/?attachment_id=29182\" class=\"wp-image-29182\" srcset=\"https:\/\/qtmm.org\/wp-content\/uploads\/2022\/01\/4f5de1b69acb1.jpeg 640w, https:\/\/qtmm.org\/wp-content\/uploads\/2022\/01\/4f5de1b69acb1-300x225.jpeg 300w\" sizes=\"auto, (max-width: 640px) 100vw, 640px\" \/><\/a><\/figure><\/li><li class=\"blocks-gallery-item\"><figure><a href=\"http:\/\/qtmm.org\/wp-content\/uploads\/2022\/01\/4f5de1b71e48c.jpeg\"><img loading=\"lazy\" decoding=\"async\" width=\"640\" height=\"480\" src=\"http:\/\/qtmm.org\/wp-content\/uploads\/2022\/01\/4f5de1b71e48c.jpeg\" alt=\"\" data-id=\"29186\" data-full-url=\"http:\/\/qtmm.org\/wp-content\/uploads\/2022\/01\/4f5de1b71e48c.jpeg\" data-link=\"http:\/\/qtmm.org\/qt\/?attachment_id=29186\" class=\"wp-image-29186\" srcset=\"https:\/\/qtmm.org\/wp-content\/uploads\/2022\/01\/4f5de1b71e48c.jpeg 640w, https:\/\/qtmm.org\/wp-content\/uploads\/2022\/01\/4f5de1b71e48c-300x225.jpeg 300w\" sizes=\"auto, (max-width: 640px) 100vw, 640px\" \/><\/a><\/figure><\/li><\/ul><\/figure>\n","protected":false},"excerpt":{"rendered":"<p>Aqmescitni\u00f1 merkezinde ulu ukrain \u015fairi, yaz\u0131c\u0131 ve ressam\u0131 Taras Grigoryevi\u00e7 \u015eev\u00e7enko do\u011f\u011fan\u0131n\u0131\u00f1 198 y\u0131ll\u0131\u011f\u0131 \u015ferefine tantanal\u0131 mitingge on\u0131\u00f1 ad\u0131n\u0131 ta\u015f\u0131\u011fan ba\u011f\u00e7adaki eykeli yan\u0131nda Q\u0131r\u0131m paytaht\u0131n\u0131\u00f1 cemaat\u00e7\u0131l\u0131\u011f\u0131 topland\u0131. Er y\u0131l\u0131 ol\u011fan\u0131 kibi tantanal\u0131 miting ve Taras \u015eev\u00e7enko eykeline \u00e7e\u00e7ekler qoyuv merasiminde q\u0131r\u0131mtatar halq\u0131 milliy areketi, Milliy Meclis ve q\u0131r\u0131mtatar gen\u00e7ler te\u015fkil\u00e2tlar\u0131n\u0131\u00f1 azalar\u0131 da i\u015ftirak ettiler. Tantanal\u0131 [&hellip;]<\/p>\n","protected":false},"author":1,"featured_media":29166,"comment_status":"open","ping_status":"open","sticky":false,"template":"","format":"standard","meta":{"inline_featured_image":false,"footnotes":""},"categories":[265],"tags":[],"class_list":["post-29165","post","type-post","status-publish","format-standard","has-post-thumbnail","hentry","category-haberler"],"acf":[],"yoast_head":"<!-- This site is optimized with the Yoast SEO plugin v27.4 - https:\/\/yoast.com\/product\/yoast-seo-wordpress\/ -->\n<title>\u00abK\u00fcre\u015fi\u00f1iz \u2013 ye\u00f1ersi\u00f1iz!\u00bb - \u041c\u0435\u0434\u0436\u043b\u0456\u0441<\/title>\n<meta name=\"robots\" content=\"index, follow, max-snippet:-1, max-image-preview:large, max-video-preview:-1\" \/>\n<link rel=\"canonical\" href=\"https:\/\/qtmm.org\/qt\/kuresiniz-yenersiniz\/\" \/>\n<meta property=\"og:locale\" content=\"en_US\" \/>\n<meta property=\"og:type\" content=\"article\" \/>\n<meta property=\"og:title\" content=\"\u00abK\u00fcre\u015fi\u00f1iz \u2013 ye\u00f1ersi\u00f1iz!\u00bb - \u041c\u0435\u0434\u0436\u043b\u0456\u0441\" \/>\n<meta property=\"og:description\" content=\"Aqmescitni\u00f1 merkezinde ulu ukrain \u015fairi, yaz\u0131c\u0131 ve ressam\u0131 Taras Grigoryevi\u00e7 \u015eev\u00e7enko do\u011f\u011fan\u0131n\u0131\u00f1 198 y\u0131ll\u0131\u011f\u0131 \u015ferefine tantanal\u0131 mitingge on\u0131\u00f1 ad\u0131n\u0131 ta\u015f\u0131\u011fan ba\u011f\u00e7adaki eykeli yan\u0131nda Q\u0131r\u0131m paytaht\u0131n\u0131\u00f1 cemaat\u00e7\u0131l\u0131\u011f\u0131 topland\u0131. Er y\u0131l\u0131 ol\u011fan\u0131 kibi tantanal\u0131 miting ve Taras \u015eev\u00e7enko eykeline \u00e7e\u00e7ekler qoyuv merasiminde q\u0131r\u0131mtatar halq\u0131 milliy areketi, Milliy Meclis ve q\u0131r\u0131mtatar gen\u00e7ler te\u015fkil\u00e2tlar\u0131n\u0131\u00f1 azalar\u0131 da i\u015ftirak ettiler. Tantanal\u0131 [&hellip;]\" \/>\n<meta property=\"og:url\" content=\"https:\/\/qtmm.org\/qt\/kuresiniz-yenersiniz\/\" \/>\n<meta property=\"og:site_name\" content=\"\u041c\u0435\u0434\u0436\u043b\u0456\u0441\" \/>\n<meta property=\"article:publisher\" content=\"https:\/\/www.facebook.com\/qtmm.info\/\" \/>\n<meta property=\"article:published_time\" content=\"2012-03-09T14:02:00+00:00\" \/>\n<meta property=\"article:modified_time\" content=\"2022-01-21T14:04:47+00:00\" \/>\n<meta property=\"og:image\" content=\"https:\/\/qtmm.org\/wp-content\/uploads\/2022\/01\/4f5de1b4cffdb.jpeg\" \/>\n\t<meta property=\"og:image:width\" content=\"640\" \/>\n\t<meta property=\"og:image:height\" content=\"480\" \/>\n\t<meta property=\"og:image:type\" content=\"image\/jpeg\" \/>\n<meta name=\"author\" content=\"Developer\" \/>\n<meta name=\"twitter:card\" content=\"summary_large_image\" \/>\n<meta name=\"twitter:label1\" content=\"Written by\" \/>\n\t<meta name=\"twitter:data1\" content=\"Developer\" \/>\n\t<meta name=\"twitter:label2\" content=\"Est. reading time\" \/>\n\t<meta name=\"twitter:data2\" content=\"3 minutes\" \/>\n<script type=\"application\/ld+json\" class=\"yoast-schema-graph\">{\"@context\":\"https:\\\/\\\/schema.org\",\"@graph\":[{\"@type\":\"Article\",\"@id\":\"https:\\\/\\\/qtmm.org\\\/qt\\\/kuresiniz-yenersiniz\\\/#article\",\"isPartOf\":{\"@id\":\"https:\\\/\\\/qtmm.org\\\/qt\\\/kuresiniz-yenersiniz\\\/\"},\"author\":{\"name\":\"Developer\",\"@id\":\"https:\\\/\\\/qtmm.org\\\/qt\\\/#\\\/schema\\\/person\\\/de562469f971dec226ac06e60bbf74a7\"},\"headline\":\"\u00abK\u00fcre\u015fi\u00f1iz \u2013 ye\u00f1ersi\u00f1iz!\u00bb\",\"datePublished\":\"2012-03-09T14:02:00+00:00\",\"dateModified\":\"2022-01-21T14:04:47+00:00\",\"mainEntityOfPage\":{\"@id\":\"https:\\\/\\\/qtmm.org\\\/qt\\\/kuresiniz-yenersiniz\\\/\"},\"wordCount\":574,\"commentCount\":0,\"publisher\":{\"@id\":\"https:\\\/\\\/qtmm.org\\\/qt\\\/#organization\"},\"image\":{\"@id\":\"https:\\\/\\\/qtmm.org\\\/qt\\\/kuresiniz-yenersiniz\\\/#primaryimage\"},\"thumbnailUrl\":\"https:\\\/\\\/qtmm.org\\\/wp-content\\\/uploads\\\/2022\\\/01\\\/4f5de1b4cffdb.jpeg\",\"articleSection\":[\"Haberler\"],\"inLanguage\":\"qt\",\"potentialAction\":[{\"@type\":\"CommentAction\",\"name\":\"Comment\",\"target\":[\"https:\\\/\\\/qtmm.org\\\/qt\\\/kuresiniz-yenersiniz\\\/#respond\"]}]},{\"@type\":\"WebPage\",\"@id\":\"https:\\\/\\\/qtmm.org\\\/qt\\\/kuresiniz-yenersiniz\\\/\",\"url\":\"https:\\\/\\\/qtmm.org\\\/qt\\\/kuresiniz-yenersiniz\\\/\",\"name\":\"\u00abK\u00fcre\u015fi\u00f1iz \u2013 ye\u00f1ersi\u00f1iz!\u00bb - \u041c\u0435\u0434\u0436\u043b\u0456\u0441\",\"isPartOf\":{\"@id\":\"https:\\\/\\\/qtmm.org\\\/qt\\\/#website\"},\"primaryImageOfPage\":{\"@id\":\"https:\\\/\\\/qtmm.org\\\/qt\\\/kuresiniz-yenersiniz\\\/#primaryimage\"},\"image\":{\"@id\":\"https:\\\/\\\/qtmm.org\\\/qt\\\/kuresiniz-yenersiniz\\\/#primaryimage\"},\"thumbnailUrl\":\"https:\\\/\\\/qtmm.org\\\/wp-content\\\/uploads\\\/2022\\\/01\\\/4f5de1b4cffdb.jpeg\",\"datePublished\":\"2012-03-09T14:02:00+00:00\",\"dateModified\":\"2022-01-21T14:04:47+00:00\",\"breadcrumb\":{\"@id\":\"https:\\\/\\\/qtmm.org\\\/qt\\\/kuresiniz-yenersiniz\\\/#breadcrumb\"},\"inLanguage\":\"qt\",\"potentialAction\":[{\"@type\":\"ReadAction\",\"target\":[\"https:\\\/\\\/qtmm.org\\\/qt\\\/kuresiniz-yenersiniz\\\/\"]}]},{\"@type\":\"ImageObject\",\"inLanguage\":\"qt\",\"@id\":\"https:\\\/\\\/qtmm.org\\\/qt\\\/kuresiniz-yenersiniz\\\/#primaryimage\",\"url\":\"https:\\\/\\\/qtmm.org\\\/wp-content\\\/uploads\\\/2022\\\/01\\\/4f5de1b4cffdb.jpeg\",\"contentUrl\":\"https:\\\/\\\/qtmm.org\\\/wp-content\\\/uploads\\\/2022\\\/01\\\/4f5de1b4cffdb.jpeg\",\"width\":640,\"height\":480},{\"@type\":\"BreadcrumbList\",\"@id\":\"https:\\\/\\\/qtmm.org\\\/qt\\\/kuresiniz-yenersiniz\\\/#breadcrumb\",\"itemListElement\":[{\"@type\":\"ListItem\",\"position\":1,\"name\":\"\u0413\u043e\u043b\u043e\u0432\u043d\u0430\",\"item\":\"https:\\\/\\\/qtmm.org\\\/qt\\\/\"},{\"@type\":\"ListItem\",\"position\":2,\"name\":\"\u00abK\u00fcre\u015fi\u00f1iz \u2013 ye\u00f1ersi\u00f1iz!\u00bb\"}]},{\"@type\":\"WebSite\",\"@id\":\"https:\\\/\\\/qtmm.org\\\/qt\\\/#website\",\"url\":\"https:\\\/\\\/qtmm.org\\\/qt\\\/\",\"name\":\"\u041c\u0435\u0434\u0436\u043b\u0456\u0441\",\"description\":\"\",\"publisher\":{\"@id\":\"https:\\\/\\\/qtmm.org\\\/qt\\\/#organization\"},\"potentialAction\":[{\"@type\":\"SearchAction\",\"target\":{\"@type\":\"EntryPoint\",\"urlTemplate\":\"https:\\\/\\\/qtmm.org\\\/qt\\\/?s={search_term_string}\"},\"query-input\":{\"@type\":\"PropertyValueSpecification\",\"valueRequired\":true,\"valueName\":\"search_term_string\"}}],\"inLanguage\":\"qt\"},{\"@type\":\"Organization\",\"@id\":\"https:\\\/\\\/qtmm.org\\\/qt\\\/#organization\",\"name\":\"\u041c\u0435\u0434\u0436\u043b\u0456\u0441\",\"url\":\"https:\\\/\\\/qtmm.org\\\/qt\\\/\",\"logo\":{\"@type\":\"ImageObject\",\"inLanguage\":\"qt\",\"@id\":\"https:\\\/\\\/qtmm.org\\\/qt\\\/#\\\/schema\\\/logo\\\/image\\\/\",\"url\":\"https:\\\/\\\/qtmm.org\\\/wp-content\\\/uploads\\\/2024\\\/12\\\/ua-mejlis-logo-rgb.svg\",\"contentUrl\":\"https:\\\/\\\/qtmm.org\\\/wp-content\\\/uploads\\\/2024\\\/12\\\/ua-mejlis-logo-rgb.svg\",\"caption\":\"\u041c\u0435\u0434\u0436\u043b\u0456\u0441\"},\"image\":{\"@id\":\"https:\\\/\\\/qtmm.org\\\/qt\\\/#\\\/schema\\\/logo\\\/image\\\/\"},\"sameAs\":[\"https:\\\/\\\/www.facebook.com\\\/qtmm.info\\\/\"]},{\"@type\":\"Person\",\"@id\":\"https:\\\/\\\/qtmm.org\\\/qt\\\/#\\\/schema\\\/person\\\/de562469f971dec226ac06e60bbf74a7\",\"name\":\"Developer\",\"image\":{\"@type\":\"ImageObject\",\"inLanguage\":\"qt\",\"@id\":\"https:\\\/\\\/secure.gravatar.com\\\/avatar\\\/392b4cc8fbfeb00b39dfeeab4ee6edded39ffd48e25858637e4765810300227e?s=96&d=mm&r=g\",\"url\":\"https:\\\/\\\/secure.gravatar.com\\\/avatar\\\/392b4cc8fbfeb00b39dfeeab4ee6edded39ffd48e25858637e4765810300227e?s=96&d=mm&r=g\",\"contentUrl\":\"https:\\\/\\\/secure.gravatar.com\\\/avatar\\\/392b4cc8fbfeb00b39dfeeab4ee6edded39ffd48e25858637e4765810300227e?s=96&d=mm&r=g\",\"caption\":\"Developer\"},\"url\":\"https:\\\/\\\/qtmm.org\\\/qt\\\/author\\\/Developer\\\/\"}]}<\/script>\n<!-- \/ Yoast SEO plugin. -->","yoast_head_json":{"title":"\u00abK\u00fcre\u015fi\u00f1iz \u2013 ye\u00f1ersi\u00f1iz!\u00bb - \u041c\u0435\u0434\u0436\u043b\u0456\u0441","robots":{"index":"index","follow":"follow","max-snippet":"max-snippet:-1","max-image-preview":"max-image-preview:large","max-video-preview":"max-video-preview:-1"},"canonical":"https:\/\/qtmm.org\/qt\/kuresiniz-yenersiniz\/","og_locale":"en_US","og_type":"article","og_title":"\u00abK\u00fcre\u015fi\u00f1iz \u2013 ye\u00f1ersi\u00f1iz!\u00bb - \u041c\u0435\u0434\u0436\u043b\u0456\u0441","og_description":"Aqmescitni\u00f1 merkezinde ulu ukrain \u015fairi, yaz\u0131c\u0131 ve ressam\u0131 Taras Grigoryevi\u00e7 \u015eev\u00e7enko do\u011f\u011fan\u0131n\u0131\u00f1 198 y\u0131ll\u0131\u011f\u0131 \u015ferefine tantanal\u0131 mitingge on\u0131\u00f1 ad\u0131n\u0131 ta\u015f\u0131\u011fan ba\u011f\u00e7adaki eykeli yan\u0131nda Q\u0131r\u0131m paytaht\u0131n\u0131\u00f1 cemaat\u00e7\u0131l\u0131\u011f\u0131 topland\u0131. Er y\u0131l\u0131 ol\u011fan\u0131 kibi tantanal\u0131 miting ve Taras \u015eev\u00e7enko eykeline \u00e7e\u00e7ekler qoyuv merasiminde q\u0131r\u0131mtatar halq\u0131 milliy areketi, Milliy Meclis ve q\u0131r\u0131mtatar gen\u00e7ler te\u015fkil\u00e2tlar\u0131n\u0131\u00f1 azalar\u0131 da i\u015ftirak ettiler. Tantanal\u0131 [&hellip;]","og_url":"https:\/\/qtmm.org\/qt\/kuresiniz-yenersiniz\/","og_site_name":"\u041c\u0435\u0434\u0436\u043b\u0456\u0441","article_publisher":"https:\/\/www.facebook.com\/qtmm.info\/","article_published_time":"2012-03-09T14:02:00+00:00","article_modified_time":"2022-01-21T14:04:47+00:00","og_image":[{"width":640,"height":480,"url":"https:\/\/qtmm.org\/wp-content\/uploads\/2022\/01\/4f5de1b4cffdb.jpeg","type":"image\/jpeg"}],"author":"Developer","twitter_card":"summary_large_image","twitter_misc":{"Written by":"Developer","Est. reading time":"3 minutes"},"schema":{"@context":"https:\/\/schema.org","@graph":[{"@type":"Article","@id":"https:\/\/qtmm.org\/qt\/kuresiniz-yenersiniz\/#article","isPartOf":{"@id":"https:\/\/qtmm.org\/qt\/kuresiniz-yenersiniz\/"},"author":{"name":"Developer","@id":"https:\/\/qtmm.org\/qt\/#\/schema\/person\/de562469f971dec226ac06e60bbf74a7"},"headline":"\u00abK\u00fcre\u015fi\u00f1iz \u2013 ye\u00f1ersi\u00f1iz!\u00bb","datePublished":"2012-03-09T14:02:00+00:00","dateModified":"2022-01-21T14:04:47+00:00","mainEntityOfPage":{"@id":"https:\/\/qtmm.org\/qt\/kuresiniz-yenersiniz\/"},"wordCount":574,"commentCount":0,"publisher":{"@id":"https:\/\/qtmm.org\/qt\/#organization"},"image":{"@id":"https:\/\/qtmm.org\/qt\/kuresiniz-yenersiniz\/#primaryimage"},"thumbnailUrl":"https:\/\/qtmm.org\/wp-content\/uploads\/2022\/01\/4f5de1b4cffdb.jpeg","articleSection":["Haberler"],"inLanguage":"qt","potentialAction":[{"@type":"CommentAction","name":"Comment","target":["https:\/\/qtmm.org\/qt\/kuresiniz-yenersiniz\/#respond"]}]},{"@type":"WebPage","@id":"https:\/\/qtmm.org\/qt\/kuresiniz-yenersiniz\/","url":"https:\/\/qtmm.org\/qt\/kuresiniz-yenersiniz\/","name":"\u00abK\u00fcre\u015fi\u00f1iz \u2013 ye\u00f1ersi\u00f1iz!\u00bb - \u041c\u0435\u0434\u0436\u043b\u0456\u0441","isPartOf":{"@id":"https:\/\/qtmm.org\/qt\/#website"},"primaryImageOfPage":{"@id":"https:\/\/qtmm.org\/qt\/kuresiniz-yenersiniz\/#primaryimage"},"image":{"@id":"https:\/\/qtmm.org\/qt\/kuresiniz-yenersiniz\/#primaryimage"},"thumbnailUrl":"https:\/\/qtmm.org\/wp-content\/uploads\/2022\/01\/4f5de1b4cffdb.jpeg","datePublished":"2012-03-09T14:02:00+00:00","dateModified":"2022-01-21T14:04:47+00:00","breadcrumb":{"@id":"https:\/\/qtmm.org\/qt\/kuresiniz-yenersiniz\/#breadcrumb"},"inLanguage":"qt","potentialAction":[{"@type":"ReadAction","target":["https:\/\/qtmm.org\/qt\/kuresiniz-yenersiniz\/"]}]},{"@type":"ImageObject","inLanguage":"qt","@id":"https:\/\/qtmm.org\/qt\/kuresiniz-yenersiniz\/#primaryimage","url":"https:\/\/qtmm.org\/wp-content\/uploads\/2022\/01\/4f5de1b4cffdb.jpeg","contentUrl":"https:\/\/qtmm.org\/wp-content\/uploads\/2022\/01\/4f5de1b4cffdb.jpeg","width":640,"height":480},{"@type":"BreadcrumbList","@id":"https:\/\/qtmm.org\/qt\/kuresiniz-yenersiniz\/#breadcrumb","itemListElement":[{"@type":"ListItem","position":1,"name":"\u0413\u043e\u043b\u043e\u0432\u043d\u0430","item":"https:\/\/qtmm.org\/qt\/"},{"@type":"ListItem","position":2,"name":"\u00abK\u00fcre\u015fi\u00f1iz \u2013 ye\u00f1ersi\u00f1iz!\u00bb"}]},{"@type":"WebSite","@id":"https:\/\/qtmm.org\/qt\/#website","url":"https:\/\/qtmm.org\/qt\/","name":"\u041c\u0435\u0434\u0436\u043b\u0456\u0441","description":"","publisher":{"@id":"https:\/\/qtmm.org\/qt\/#organization"},"potentialAction":[{"@type":"SearchAction","target":{"@type":"EntryPoint","urlTemplate":"https:\/\/qtmm.org\/qt\/?s={search_term_string}"},"query-input":{"@type":"PropertyValueSpecification","valueRequired":true,"valueName":"search_term_string"}}],"inLanguage":"qt"},{"@type":"Organization","@id":"https:\/\/qtmm.org\/qt\/#organization","name":"\u041c\u0435\u0434\u0436\u043b\u0456\u0441","url":"https:\/\/qtmm.org\/qt\/","logo":{"@type":"ImageObject","inLanguage":"qt","@id":"https:\/\/qtmm.org\/qt\/#\/schema\/logo\/image\/","url":"https:\/\/qtmm.org\/wp-content\/uploads\/2024\/12\/ua-mejlis-logo-rgb.svg","contentUrl":"https:\/\/qtmm.org\/wp-content\/uploads\/2024\/12\/ua-mejlis-logo-rgb.svg","caption":"\u041c\u0435\u0434\u0436\u043b\u0456\u0441"},"image":{"@id":"https:\/\/qtmm.org\/qt\/#\/schema\/logo\/image\/"},"sameAs":["https:\/\/www.facebook.com\/qtmm.info\/"]},{"@type":"Person","@id":"https:\/\/qtmm.org\/qt\/#\/schema\/person\/de562469f971dec226ac06e60bbf74a7","name":"Developer","image":{"@type":"ImageObject","inLanguage":"qt","@id":"https:\/\/secure.gravatar.com\/avatar\/392b4cc8fbfeb00b39dfeeab4ee6edded39ffd48e25858637e4765810300227e?s=96&d=mm&r=g","url":"https:\/\/secure.gravatar.com\/avatar\/392b4cc8fbfeb00b39dfeeab4ee6edded39ffd48e25858637e4765810300227e?s=96&d=mm&r=g","contentUrl":"https:\/\/secure.gravatar.com\/avatar\/392b4cc8fbfeb00b39dfeeab4ee6edded39ffd48e25858637e4765810300227e?s=96&d=mm&r=g","caption":"Developer"},"url":"https:\/\/qtmm.org\/qt\/author\/Developer\/"}]}},"_links":{"self":[{"href":"https:\/\/qtmm.org\/qt\/wp-json\/wp\/v2\/posts\/29165","targetHints":{"allow":["GET"]}}],"collection":[{"href":"https:\/\/qtmm.org\/qt\/wp-json\/wp\/v2\/posts"}],"about":[{"href":"https:\/\/qtmm.org\/qt\/wp-json\/wp\/v2\/types\/post"}],"author":[{"embeddable":true,"href":"https:\/\/qtmm.org\/qt\/wp-json\/wp\/v2\/users\/1"}],"replies":[{"embeddable":true,"href":"https:\/\/qtmm.org\/qt\/wp-json\/wp\/v2\/comments?post=29165"}],"version-history":[{"count":1,"href":"https:\/\/qtmm.org\/qt\/wp-json\/wp\/v2\/posts\/29165\/revisions"}],"predecessor-version":[{"id":29190,"href":"https:\/\/qtmm.org\/qt\/wp-json\/wp\/v2\/posts\/29165\/revisions\/29190"}],"wp:featuredmedia":[{"embeddable":true,"href":"https:\/\/qtmm.org\/qt\/wp-json\/wp\/v2\/media\/29166"}],"wp:attachment":[{"href":"https:\/\/qtmm.org\/qt\/wp-json\/wp\/v2\/media?parent=29165"}],"wp:term":[{"taxonomy":"category","embeddable":true,"href":"https:\/\/qtmm.org\/qt\/wp-json\/wp\/v2\/categories?post=29165"},{"taxonomy":"post_tag","embeddable":true,"href":"https:\/\/qtmm.org\/qt\/wp-json\/wp\/v2\/tags?post=29165"}],"curies":[{"name":"wp","href":"https:\/\/api.w.org\/{rel}","templated":true}]}}