




{"id":29069,"date":"2012-03-06T16:52:00","date_gmt":"2012-03-06T13:52:00","guid":{"rendered":"http:\/\/qtmm.org\/?p=29069"},"modified":"2022-01-21T16:52:55","modified_gmt":"2022-01-21T13:52:55","slug":"qadinlarni-yilnin-365-kunu-devaminda-sevmek-ve-qorcalamaq-bizim-borcumizdir-dedi-qirimtatar-halqi-meclisi-reisinin-muavini-remzi-ilyasov","status":"publish","type":"post","link":"https:\/\/qtmm.org\/qt\/qadinlarni-yilnin-365-kunu-devaminda-sevmek-ve-qorcalamaq-bizim-borcumizdir-dedi-qirimtatar-halqi-meclisi-reisinin-muavini-remzi-ilyasov\/","title":{"rendered":"\u00abQad\u0131nlarn\u0131 y\u0131ln\u0131\u00f1 365 k\u00fcn\u00fc devam\u0131nda sevmek ve qor\u00e7alamaq &#8211; bizim borcum\u0131zd\u0131r\u00bb, &#8211; dedi Q\u0131r\u0131mtatar halq\u0131 Meclisi reisini\u00f1 muavini Remzi \u0130lyasov"},"content":{"rendered":"\n<p>Bu y\u0131l\u0131 birinci baar bayram\u0131n\u0131 qayd etmek i\u00e7\u00fcn Q\u0131r\u0131mtatar qad\u0131nlar birligi Q\u0131r\u0131mtatar halq\u0131 Meclisini\u00f1 muavini, Q\u0131r\u0131m Yuqar\u0131 \u015euras\u0131 Milletlerara munasebetler ve s\u00fcrg\u00fcn etilgen grajdanlarn\u0131\u00f1 i\u015fleri boyunca daimiy komissiyan\u0131\u00f1 reisi Remzi \u0130lyasov ve Aqmescit \u015feer \u015furas\u0131n\u0131\u00f1 deputatlar\u0131 Sad\u0131h Tabah ve Seytumer Berberovn\u0131\u00f1 qoltutuv\u0131nda 2012 senesi mart 6 k\u00fcn\u00fc &#8220;Marakand&#8221; konferentsiyalar salon\u0131na devlet ve cumhuriyet muk\u00e2fatlar\u0131n\u0131\u00f1 saibeleri, Q\u0131r\u0131mtatar qad\u0131nlar ligas\u0131n\u0131\u00f1 azalar\u0131, icadiy ve ilmiy ziyal\u0131lar, Q\u0131r\u0131mtatar halq\u0131 Meclisini\u00f1 hadimleri, jurnalistlerni davet etti.<\/p>\n\n\n\n<p>Qad\u0131nlarn\u0131 hay\u0131rlamaq i\u00e7\u00fcn Q\u0131r\u0131mtatar halq\u0131 Meclisini\u00f1 muavini, Q\u0131r\u0131m Yuqar\u0131 \u015euras\u0131 Milletlerara munasebetler ve s\u00fcrg\u00fcn etilgen grajdanlarn\u0131\u00f1 i\u015fleri boyunca daimiy komissiyan\u0131\u00f1 reisi Remzi \u0130lyasov, Milletlerara munasebetler ve s\u00fcrg\u00fcn etilgen grajdanlarn\u0131\u00f1 i\u015fleri boyunca cumhuriyet komitetini\u00f1 reisi Edem Dudakov, Cumhuriyet informatsiya komiteti reisini\u00f1 birinci muavini \u015eevket Memetov, Meclis azas\u0131, Aqmescit \u015feer \u015furas\u0131n\u0131\u00f1 deputat\u0131 Sad\u0131h Tabah, Aqmescit \u015feer \u015furas\u0131n\u0131\u00f1 deputat\u0131 Seytumer Berberov keldiler.<\/p>\n\n\n\n<p>&#8220;Bizim q\u0131r\u0131mtatar qad\u0131nlar\u0131m\u0131z aqq\u0131nda men daima b\u00fcy\u00fck say\u011f\u0131 ve sevginen aytam. Bizim musulman terbiyemizni\u00f1 temeli olarn\u0131\u00f1 omuzlar\u0131ndad\u0131r. Menden Mart 8-ni bizim bayram\u0131m\u0131z, dep saymaq ve qayd etmek m\u00fcmk\u00fcnmi, dep sorad\u0131lar. Zan\u0131mca, bu bayramn\u0131 faqat Klara Tsetkinni\u00f1 ad\u0131nen ba\u011flamaq ya\u00f1l\u0131\u015ft\u0131r. 8 mart bu as\u0131l\u0131nda halqara qad\u0131nlar bayram\u0131, qad\u0131nlar k\u00fcn\u00fcdir. Amma bun\u0131\u00f1nen analar\u0131m\u0131z, \u00f6m\u00fcr arqada\u015flar\u0131m\u0131z, apte ve qarda\u015flar\u0131m\u0131zn\u0131 yal\u0131\u00f1\u0131z bu k\u00fcn\u00fc hay\u0131rlamaq kerek, demek olmaz. Biz y\u0131ln\u0131\u00f1 365 k\u00fcn\u00fc devam\u0131nda olar\u011fa diqqat ay\u0131rmaq kerekmiz!&#8221;, &#8211; dep hay\u0131rlad\u0131 salonda bulun\u011fan qad\u0131nlarn\u0131 Remzi \u0130lyasov. Bun\u0131\u00f1 kibi de o, qad\u0131nlar ve erkekler bayramlar\u0131n\u0131 tesis etip, olarn\u0131 &#8220;Analar k\u00fcn\u00fc&#8221; ve &#8220;Babalar k\u00fcn\u00fc&#8221;, dep adland\u0131rmaq teklifinen muracaat etti. &#8220;Bu bizim milliy bayramlar\u0131m\u0131z olur&#8221;, &#8211; dedi \u0130lyasov.<\/p>\n\n\n\n<p>&#8220;Q\u0131r\u0131mtatar qad\u0131n\u0131 \u2013 bu i\u015fkir, aile oca\u011f\u0131n\u0131\u00f1 qoruy\u0131c\u0131s\u0131, sevgen ana, ikmetli ve sab\u0131rl\u0131 qar\u0131&#8221;, &#8211; dedi &#8220;Arz\u0131&#8221; mecmuas\u0131n\u0131\u00f1 ba\u015f muarriri Lentara Halilova ve b\u00fct\u00fcn qad\u0131nlar\u011fa qaviy sa\u011fl\u0131q ve eyilikler tiledi. \u015eun\u0131 da qayd etmeli ki, &#8220;Arz\u0131&#8221; mecmuas\u0131n\u0131\u00f1 nevbetteki san\u0131 ayn\u0131 bayram k\u00fcnlerinde d\u00fcnya y\u00fcz\u00fcni k\u00f6rdi.<\/p>\n\n\n\n<p>Milliy areketke qo\u015fqan issesi, icadiy muvafaqiyetleri, ilmiy ye\u00f1i\u015fleri i\u00e7\u00fcn halq\u0131m\u0131zn\u0131\u00f1 faal qad\u0131nlar\u0131 Ay\u015fe Seytmuratova, Safinar Cemileva, Safure Kacametova, G\u00fclnar Ya\u011fyayeva, Safiye Eminova ve Lentara Halilova fahriy yarl\u0131qlarnen taqdirlendiler. Yarl\u0131qlarn\u0131 Milletlerara munasebetler ve s\u00fcrg\u00fcn etilgen grajdanlarn\u0131\u00f1 i\u015fleri boyunca cumhuriyet komitetini\u00f1 reisi Edem Dudakov taqdim etti.<\/p>\n\n\n\n<p>Tantanal\u0131 merasimni tatl\u0131larnen donat\u0131l\u011fan sofra yara\u015ft\u0131rd\u0131.<\/p>\n","protected":false},"excerpt":{"rendered":"<p>Bu y\u0131l\u0131 birinci baar bayram\u0131n\u0131 qayd etmek i\u00e7\u00fcn Q\u0131r\u0131mtatar qad\u0131nlar birligi Q\u0131r\u0131mtatar halq\u0131 Meclisini\u00f1 muavini, Q\u0131r\u0131m Yuqar\u0131 \u015euras\u0131 Milletlerara munasebetler ve s\u00fcrg\u00fcn etilgen grajdanlarn\u0131\u00f1 i\u015fleri boyunca daimiy komissiyan\u0131\u00f1 reisi Remzi \u0130lyasov ve Aqmescit \u015feer \u015furas\u0131n\u0131\u00f1 deputatlar\u0131 Sad\u0131h Tabah ve Seytumer Berberovn\u0131\u00f1 qoltutuv\u0131nda 2012 senesi mart 6 k\u00fcn\u00fc &#8220;Marakand&#8221; konferentsiyalar salon\u0131na devlet ve cumhuriyet muk\u00e2fatlar\u0131n\u0131\u00f1 saibeleri, [&hellip;]<\/p>\n","protected":false},"author":1,"featured_media":0,"comment_status":"open","ping_status":"open","sticky":false,"template":"","format":"standard","meta":{"inline_featured_image":false,"footnotes":""},"categories":[265],"tags":[],"class_list":["post-29069","post","type-post","status-publish","format-standard","hentry","category-haberler"],"acf":[],"yoast_head":"<!-- This site is optimized with the Yoast SEO plugin v27.4 - https:\/\/yoast.com\/product\/yoast-seo-wordpress\/ -->\n<title>\u00abQad\u0131nlarn\u0131 y\u0131ln\u0131\u00f1 365 k\u00fcn\u00fc devam\u0131nda sevmek ve qor\u00e7alamaq - bizim borcum\u0131zd\u0131r\u00bb, - dedi Q\u0131r\u0131mtatar halq\u0131 Meclisi reisini\u00f1 muavini Remzi \u0130lyasov - \u041c\u0435\u0434\u0436\u043b\u0456\u0441<\/title>\n<meta name=\"robots\" content=\"index, follow, max-snippet:-1, max-image-preview:large, max-video-preview:-1\" \/>\n<link rel=\"canonical\" href=\"https:\/\/qtmm.org\/qt\/qadinlarni-yilnin-365-kunu-devaminda-sevmek-ve-qorcalamaq-bizim-borcumizdir-dedi-qirimtatar-halqi-meclisi-reisinin-muavini-remzi-ilyasov\/\" \/>\n<meta property=\"og:locale\" content=\"en_US\" \/>\n<meta property=\"og:type\" content=\"article\" \/>\n<meta property=\"og:title\" content=\"\u00abQad\u0131nlarn\u0131 y\u0131ln\u0131\u00f1 365 k\u00fcn\u00fc devam\u0131nda sevmek ve qor\u00e7alamaq - bizim borcum\u0131zd\u0131r\u00bb, - dedi Q\u0131r\u0131mtatar halq\u0131 Meclisi reisini\u00f1 muavini Remzi \u0130lyasov - \u041c\u0435\u0434\u0436\u043b\u0456\u0441\" \/>\n<meta property=\"og:description\" content=\"Bu y\u0131l\u0131 birinci baar bayram\u0131n\u0131 qayd etmek i\u00e7\u00fcn Q\u0131r\u0131mtatar qad\u0131nlar birligi Q\u0131r\u0131mtatar halq\u0131 Meclisini\u00f1 muavini, Q\u0131r\u0131m Yuqar\u0131 \u015euras\u0131 Milletlerara munasebetler ve s\u00fcrg\u00fcn etilgen grajdanlarn\u0131\u00f1 i\u015fleri boyunca daimiy komissiyan\u0131\u00f1 reisi Remzi \u0130lyasov ve Aqmescit \u015feer \u015furas\u0131n\u0131\u00f1 deputatlar\u0131 Sad\u0131h Tabah ve Seytumer Berberovn\u0131\u00f1 qoltutuv\u0131nda 2012 senesi mart 6 k\u00fcn\u00fc &#8220;Marakand&#8221; konferentsiyalar salon\u0131na devlet ve cumhuriyet muk\u00e2fatlar\u0131n\u0131\u00f1 saibeleri, [&hellip;]\" \/>\n<meta property=\"og:url\" content=\"https:\/\/qtmm.org\/qt\/qadinlarni-yilnin-365-kunu-devaminda-sevmek-ve-qorcalamaq-bizim-borcumizdir-dedi-qirimtatar-halqi-meclisi-reisinin-muavini-remzi-ilyasov\/\" \/>\n<meta property=\"og:site_name\" content=\"\u041c\u0435\u0434\u0436\u043b\u0456\u0441\" \/>\n<meta property=\"article:publisher\" content=\"https:\/\/www.facebook.com\/qtmm.info\/\" \/>\n<meta property=\"article:published_time\" content=\"2012-03-06T13:52:00+00:00\" \/>\n<meta property=\"article:modified_time\" content=\"2022-01-21T13:52:55+00:00\" \/>\n<meta name=\"author\" content=\"Developer\" \/>\n<meta name=\"twitter:card\" content=\"summary_large_image\" \/>\n<meta name=\"twitter:label1\" content=\"Written by\" \/>\n\t<meta name=\"twitter:data1\" content=\"Developer\" \/>\n\t<meta name=\"twitter:label2\" content=\"Est. reading time\" \/>\n\t<meta name=\"twitter:data2\" content=\"2 minutes\" \/>\n<script type=\"application\/ld+json\" class=\"yoast-schema-graph\">{\"@context\":\"https:\\\/\\\/schema.org\",\"@graph\":[{\"@type\":\"Article\",\"@id\":\"https:\\\/\\\/qtmm.org\\\/qt\\\/qadinlarni-yilnin-365-kunu-devaminda-sevmek-ve-qorcalamaq-bizim-borcumizdir-dedi-qirimtatar-halqi-meclisi-reisinin-muavini-remzi-ilyasov\\\/#article\",\"isPartOf\":{\"@id\":\"https:\\\/\\\/qtmm.org\\\/qt\\\/qadinlarni-yilnin-365-kunu-devaminda-sevmek-ve-qorcalamaq-bizim-borcumizdir-dedi-qirimtatar-halqi-meclisi-reisinin-muavini-remzi-ilyasov\\\/\"},\"author\":{\"name\":\"Developer\",\"@id\":\"https:\\\/\\\/qtmm.org\\\/qt\\\/#\\\/schema\\\/person\\\/de562469f971dec226ac06e60bbf74a7\"},\"headline\":\"\u00abQad\u0131nlarn\u0131 y\u0131ln\u0131\u00f1 365 k\u00fcn\u00fc devam\u0131nda sevmek ve qor\u00e7alamaq &#8211; bizim borcum\u0131zd\u0131r\u00bb, &#8211; dedi Q\u0131r\u0131mtatar halq\u0131 Meclisi reisini\u00f1 muavini Remzi \u0130lyasov\",\"datePublished\":\"2012-03-06T13:52:00+00:00\",\"dateModified\":\"2022-01-21T13:52:55+00:00\",\"mainEntityOfPage\":{\"@id\":\"https:\\\/\\\/qtmm.org\\\/qt\\\/qadinlarni-yilnin-365-kunu-devaminda-sevmek-ve-qorcalamaq-bizim-borcumizdir-dedi-qirimtatar-halqi-meclisi-reisinin-muavini-remzi-ilyasov\\\/\"},\"wordCount\":495,\"commentCount\":0,\"publisher\":{\"@id\":\"https:\\\/\\\/qtmm.org\\\/qt\\\/#organization\"},\"articleSection\":[\"Haberler\"],\"inLanguage\":\"qt\",\"potentialAction\":[{\"@type\":\"CommentAction\",\"name\":\"Comment\",\"target\":[\"https:\\\/\\\/qtmm.org\\\/qt\\\/qadinlarni-yilnin-365-kunu-devaminda-sevmek-ve-qorcalamaq-bizim-borcumizdir-dedi-qirimtatar-halqi-meclisi-reisinin-muavini-remzi-ilyasov\\\/#respond\"]}]},{\"@type\":\"WebPage\",\"@id\":\"https:\\\/\\\/qtmm.org\\\/qt\\\/qadinlarni-yilnin-365-kunu-devaminda-sevmek-ve-qorcalamaq-bizim-borcumizdir-dedi-qirimtatar-halqi-meclisi-reisinin-muavini-remzi-ilyasov\\\/\",\"url\":\"https:\\\/\\\/qtmm.org\\\/qt\\\/qadinlarni-yilnin-365-kunu-devaminda-sevmek-ve-qorcalamaq-bizim-borcumizdir-dedi-qirimtatar-halqi-meclisi-reisinin-muavini-remzi-ilyasov\\\/\",\"name\":\"\u00abQad\u0131nlarn\u0131 y\u0131ln\u0131\u00f1 365 k\u00fcn\u00fc devam\u0131nda sevmek ve qor\u00e7alamaq - bizim borcum\u0131zd\u0131r\u00bb, - dedi Q\u0131r\u0131mtatar halq\u0131 Meclisi reisini\u00f1 muavini Remzi \u0130lyasov - \u041c\u0435\u0434\u0436\u043b\u0456\u0441\",\"isPartOf\":{\"@id\":\"https:\\\/\\\/qtmm.org\\\/qt\\\/#website\"},\"datePublished\":\"2012-03-06T13:52:00+00:00\",\"dateModified\":\"2022-01-21T13:52:55+00:00\",\"breadcrumb\":{\"@id\":\"https:\\\/\\\/qtmm.org\\\/qt\\\/qadinlarni-yilnin-365-kunu-devaminda-sevmek-ve-qorcalamaq-bizim-borcumizdir-dedi-qirimtatar-halqi-meclisi-reisinin-muavini-remzi-ilyasov\\\/#breadcrumb\"},\"inLanguage\":\"qt\",\"potentialAction\":[{\"@type\":\"ReadAction\",\"target\":[\"https:\\\/\\\/qtmm.org\\\/qt\\\/qadinlarni-yilnin-365-kunu-devaminda-sevmek-ve-qorcalamaq-bizim-borcumizdir-dedi-qirimtatar-halqi-meclisi-reisinin-muavini-remzi-ilyasov\\\/\"]}]},{\"@type\":\"BreadcrumbList\",\"@id\":\"https:\\\/\\\/qtmm.org\\\/qt\\\/qadinlarni-yilnin-365-kunu-devaminda-sevmek-ve-qorcalamaq-bizim-borcumizdir-dedi-qirimtatar-halqi-meclisi-reisinin-muavini-remzi-ilyasov\\\/#breadcrumb\",\"itemListElement\":[{\"@type\":\"ListItem\",\"position\":1,\"name\":\"\u0413\u043e\u043b\u043e\u0432\u043d\u0430\",\"item\":\"https:\\\/\\\/qtmm.org\\\/qt\\\/\"},{\"@type\":\"ListItem\",\"position\":2,\"name\":\"\u00abQad\u0131nlarn\u0131 y\u0131ln\u0131\u00f1 365 k\u00fcn\u00fc devam\u0131nda sevmek ve qor\u00e7alamaq &#8211; bizim borcum\u0131zd\u0131r\u00bb, &#8211; dedi Q\u0131r\u0131mtatar halq\u0131 Meclisi reisini\u00f1 muavini Remzi \u0130lyasov\"}]},{\"@type\":\"WebSite\",\"@id\":\"https:\\\/\\\/qtmm.org\\\/qt\\\/#website\",\"url\":\"https:\\\/\\\/qtmm.org\\\/qt\\\/\",\"name\":\"\u041c\u0435\u0434\u0436\u043b\u0456\u0441\",\"description\":\"\",\"publisher\":{\"@id\":\"https:\\\/\\\/qtmm.org\\\/qt\\\/#organization\"},\"potentialAction\":[{\"@type\":\"SearchAction\",\"target\":{\"@type\":\"EntryPoint\",\"urlTemplate\":\"https:\\\/\\\/qtmm.org\\\/qt\\\/?s={search_term_string}\"},\"query-input\":{\"@type\":\"PropertyValueSpecification\",\"valueRequired\":true,\"valueName\":\"search_term_string\"}}],\"inLanguage\":\"qt\"},{\"@type\":\"Organization\",\"@id\":\"https:\\\/\\\/qtmm.org\\\/qt\\\/#organization\",\"name\":\"\u041c\u0435\u0434\u0436\u043b\u0456\u0441\",\"url\":\"https:\\\/\\\/qtmm.org\\\/qt\\\/\",\"logo\":{\"@type\":\"ImageObject\",\"inLanguage\":\"qt\",\"@id\":\"https:\\\/\\\/qtmm.org\\\/qt\\\/#\\\/schema\\\/logo\\\/image\\\/\",\"url\":\"https:\\\/\\\/qtmm.org\\\/wp-content\\\/uploads\\\/2024\\\/12\\\/ua-mejlis-logo-rgb.svg\",\"contentUrl\":\"https:\\\/\\\/qtmm.org\\\/wp-content\\\/uploads\\\/2024\\\/12\\\/ua-mejlis-logo-rgb.svg\",\"caption\":\"\u041c\u0435\u0434\u0436\u043b\u0456\u0441\"},\"image\":{\"@id\":\"https:\\\/\\\/qtmm.org\\\/qt\\\/#\\\/schema\\\/logo\\\/image\\\/\"},\"sameAs\":[\"https:\\\/\\\/www.facebook.com\\\/qtmm.info\\\/\"]},{\"@type\":\"Person\",\"@id\":\"https:\\\/\\\/qtmm.org\\\/qt\\\/#\\\/schema\\\/person\\\/de562469f971dec226ac06e60bbf74a7\",\"name\":\"Developer\",\"image\":{\"@type\":\"ImageObject\",\"inLanguage\":\"qt\",\"@id\":\"https:\\\/\\\/secure.gravatar.com\\\/avatar\\\/392b4cc8fbfeb00b39dfeeab4ee6edded39ffd48e25858637e4765810300227e?s=96&d=mm&r=g\",\"url\":\"https:\\\/\\\/secure.gravatar.com\\\/avatar\\\/392b4cc8fbfeb00b39dfeeab4ee6edded39ffd48e25858637e4765810300227e?s=96&d=mm&r=g\",\"contentUrl\":\"https:\\\/\\\/secure.gravatar.com\\\/avatar\\\/392b4cc8fbfeb00b39dfeeab4ee6edded39ffd48e25858637e4765810300227e?s=96&d=mm&r=g\",\"caption\":\"Developer\"},\"url\":\"https:\\\/\\\/qtmm.org\\\/qt\\\/author\\\/Developer\\\/\"}]}<\/script>\n<!-- \/ Yoast SEO plugin. -->","yoast_head_json":{"title":"\u00abQad\u0131nlarn\u0131 y\u0131ln\u0131\u00f1 365 k\u00fcn\u00fc devam\u0131nda sevmek ve qor\u00e7alamaq - bizim borcum\u0131zd\u0131r\u00bb, - dedi Q\u0131r\u0131mtatar halq\u0131 Meclisi reisini\u00f1 muavini Remzi \u0130lyasov - \u041c\u0435\u0434\u0436\u043b\u0456\u0441","robots":{"index":"index","follow":"follow","max-snippet":"max-snippet:-1","max-image-preview":"max-image-preview:large","max-video-preview":"max-video-preview:-1"},"canonical":"https:\/\/qtmm.org\/qt\/qadinlarni-yilnin-365-kunu-devaminda-sevmek-ve-qorcalamaq-bizim-borcumizdir-dedi-qirimtatar-halqi-meclisi-reisinin-muavini-remzi-ilyasov\/","og_locale":"en_US","og_type":"article","og_title":"\u00abQad\u0131nlarn\u0131 y\u0131ln\u0131\u00f1 365 k\u00fcn\u00fc devam\u0131nda sevmek ve qor\u00e7alamaq - bizim borcum\u0131zd\u0131r\u00bb, - dedi Q\u0131r\u0131mtatar halq\u0131 Meclisi reisini\u00f1 muavini Remzi \u0130lyasov - \u041c\u0435\u0434\u0436\u043b\u0456\u0441","og_description":"Bu y\u0131l\u0131 birinci baar bayram\u0131n\u0131 qayd etmek i\u00e7\u00fcn Q\u0131r\u0131mtatar qad\u0131nlar birligi Q\u0131r\u0131mtatar halq\u0131 Meclisini\u00f1 muavini, Q\u0131r\u0131m Yuqar\u0131 \u015euras\u0131 Milletlerara munasebetler ve s\u00fcrg\u00fcn etilgen grajdanlarn\u0131\u00f1 i\u015fleri boyunca daimiy komissiyan\u0131\u00f1 reisi Remzi \u0130lyasov ve Aqmescit \u015feer \u015furas\u0131n\u0131\u00f1 deputatlar\u0131 Sad\u0131h Tabah ve Seytumer Berberovn\u0131\u00f1 qoltutuv\u0131nda 2012 senesi mart 6 k\u00fcn\u00fc &#8220;Marakand&#8221; konferentsiyalar salon\u0131na devlet ve cumhuriyet muk\u00e2fatlar\u0131n\u0131\u00f1 saibeleri, [&hellip;]","og_url":"https:\/\/qtmm.org\/qt\/qadinlarni-yilnin-365-kunu-devaminda-sevmek-ve-qorcalamaq-bizim-borcumizdir-dedi-qirimtatar-halqi-meclisi-reisinin-muavini-remzi-ilyasov\/","og_site_name":"\u041c\u0435\u0434\u0436\u043b\u0456\u0441","article_publisher":"https:\/\/www.facebook.com\/qtmm.info\/","article_published_time":"2012-03-06T13:52:00+00:00","article_modified_time":"2022-01-21T13:52:55+00:00","author":"Developer","twitter_card":"summary_large_image","twitter_misc":{"Written by":"Developer","Est. reading time":"2 minutes"},"schema":{"@context":"https:\/\/schema.org","@graph":[{"@type":"Article","@id":"https:\/\/qtmm.org\/qt\/qadinlarni-yilnin-365-kunu-devaminda-sevmek-ve-qorcalamaq-bizim-borcumizdir-dedi-qirimtatar-halqi-meclisi-reisinin-muavini-remzi-ilyasov\/#article","isPartOf":{"@id":"https:\/\/qtmm.org\/qt\/qadinlarni-yilnin-365-kunu-devaminda-sevmek-ve-qorcalamaq-bizim-borcumizdir-dedi-qirimtatar-halqi-meclisi-reisinin-muavini-remzi-ilyasov\/"},"author":{"name":"Developer","@id":"https:\/\/qtmm.org\/qt\/#\/schema\/person\/de562469f971dec226ac06e60bbf74a7"},"headline":"\u00abQad\u0131nlarn\u0131 y\u0131ln\u0131\u00f1 365 k\u00fcn\u00fc devam\u0131nda sevmek ve qor\u00e7alamaq &#8211; bizim borcum\u0131zd\u0131r\u00bb, &#8211; dedi Q\u0131r\u0131mtatar halq\u0131 Meclisi reisini\u00f1 muavini Remzi \u0130lyasov","datePublished":"2012-03-06T13:52:00+00:00","dateModified":"2022-01-21T13:52:55+00:00","mainEntityOfPage":{"@id":"https:\/\/qtmm.org\/qt\/qadinlarni-yilnin-365-kunu-devaminda-sevmek-ve-qorcalamaq-bizim-borcumizdir-dedi-qirimtatar-halqi-meclisi-reisinin-muavini-remzi-ilyasov\/"},"wordCount":495,"commentCount":0,"publisher":{"@id":"https:\/\/qtmm.org\/qt\/#organization"},"articleSection":["Haberler"],"inLanguage":"qt","potentialAction":[{"@type":"CommentAction","name":"Comment","target":["https:\/\/qtmm.org\/qt\/qadinlarni-yilnin-365-kunu-devaminda-sevmek-ve-qorcalamaq-bizim-borcumizdir-dedi-qirimtatar-halqi-meclisi-reisinin-muavini-remzi-ilyasov\/#respond"]}]},{"@type":"WebPage","@id":"https:\/\/qtmm.org\/qt\/qadinlarni-yilnin-365-kunu-devaminda-sevmek-ve-qorcalamaq-bizim-borcumizdir-dedi-qirimtatar-halqi-meclisi-reisinin-muavini-remzi-ilyasov\/","url":"https:\/\/qtmm.org\/qt\/qadinlarni-yilnin-365-kunu-devaminda-sevmek-ve-qorcalamaq-bizim-borcumizdir-dedi-qirimtatar-halqi-meclisi-reisinin-muavini-remzi-ilyasov\/","name":"\u00abQad\u0131nlarn\u0131 y\u0131ln\u0131\u00f1 365 k\u00fcn\u00fc devam\u0131nda sevmek ve qor\u00e7alamaq - bizim borcum\u0131zd\u0131r\u00bb, - dedi Q\u0131r\u0131mtatar halq\u0131 Meclisi reisini\u00f1 muavini Remzi \u0130lyasov - \u041c\u0435\u0434\u0436\u043b\u0456\u0441","isPartOf":{"@id":"https:\/\/qtmm.org\/qt\/#website"},"datePublished":"2012-03-06T13:52:00+00:00","dateModified":"2022-01-21T13:52:55+00:00","breadcrumb":{"@id":"https:\/\/qtmm.org\/qt\/qadinlarni-yilnin-365-kunu-devaminda-sevmek-ve-qorcalamaq-bizim-borcumizdir-dedi-qirimtatar-halqi-meclisi-reisinin-muavini-remzi-ilyasov\/#breadcrumb"},"inLanguage":"qt","potentialAction":[{"@type":"ReadAction","target":["https:\/\/qtmm.org\/qt\/qadinlarni-yilnin-365-kunu-devaminda-sevmek-ve-qorcalamaq-bizim-borcumizdir-dedi-qirimtatar-halqi-meclisi-reisinin-muavini-remzi-ilyasov\/"]}]},{"@type":"BreadcrumbList","@id":"https:\/\/qtmm.org\/qt\/qadinlarni-yilnin-365-kunu-devaminda-sevmek-ve-qorcalamaq-bizim-borcumizdir-dedi-qirimtatar-halqi-meclisi-reisinin-muavini-remzi-ilyasov\/#breadcrumb","itemListElement":[{"@type":"ListItem","position":1,"name":"\u0413\u043e\u043b\u043e\u0432\u043d\u0430","item":"https:\/\/qtmm.org\/qt\/"},{"@type":"ListItem","position":2,"name":"\u00abQad\u0131nlarn\u0131 y\u0131ln\u0131\u00f1 365 k\u00fcn\u00fc devam\u0131nda sevmek ve qor\u00e7alamaq &#8211; bizim borcum\u0131zd\u0131r\u00bb, &#8211; dedi Q\u0131r\u0131mtatar halq\u0131 Meclisi reisini\u00f1 muavini Remzi \u0130lyasov"}]},{"@type":"WebSite","@id":"https:\/\/qtmm.org\/qt\/#website","url":"https:\/\/qtmm.org\/qt\/","name":"\u041c\u0435\u0434\u0436\u043b\u0456\u0441","description":"","publisher":{"@id":"https:\/\/qtmm.org\/qt\/#organization"},"potentialAction":[{"@type":"SearchAction","target":{"@type":"EntryPoint","urlTemplate":"https:\/\/qtmm.org\/qt\/?s={search_term_string}"},"query-input":{"@type":"PropertyValueSpecification","valueRequired":true,"valueName":"search_term_string"}}],"inLanguage":"qt"},{"@type":"Organization","@id":"https:\/\/qtmm.org\/qt\/#organization","name":"\u041c\u0435\u0434\u0436\u043b\u0456\u0441","url":"https:\/\/qtmm.org\/qt\/","logo":{"@type":"ImageObject","inLanguage":"qt","@id":"https:\/\/qtmm.org\/qt\/#\/schema\/logo\/image\/","url":"https:\/\/qtmm.org\/wp-content\/uploads\/2024\/12\/ua-mejlis-logo-rgb.svg","contentUrl":"https:\/\/qtmm.org\/wp-content\/uploads\/2024\/12\/ua-mejlis-logo-rgb.svg","caption":"\u041c\u0435\u0434\u0436\u043b\u0456\u0441"},"image":{"@id":"https:\/\/qtmm.org\/qt\/#\/schema\/logo\/image\/"},"sameAs":["https:\/\/www.facebook.com\/qtmm.info\/"]},{"@type":"Person","@id":"https:\/\/qtmm.org\/qt\/#\/schema\/person\/de562469f971dec226ac06e60bbf74a7","name":"Developer","image":{"@type":"ImageObject","inLanguage":"qt","@id":"https:\/\/secure.gravatar.com\/avatar\/392b4cc8fbfeb00b39dfeeab4ee6edded39ffd48e25858637e4765810300227e?s=96&d=mm&r=g","url":"https:\/\/secure.gravatar.com\/avatar\/392b4cc8fbfeb00b39dfeeab4ee6edded39ffd48e25858637e4765810300227e?s=96&d=mm&r=g","contentUrl":"https:\/\/secure.gravatar.com\/avatar\/392b4cc8fbfeb00b39dfeeab4ee6edded39ffd48e25858637e4765810300227e?s=96&d=mm&r=g","caption":"Developer"},"url":"https:\/\/qtmm.org\/qt\/author\/Developer\/"}]}},"_links":{"self":[{"href":"https:\/\/qtmm.org\/qt\/wp-json\/wp\/v2\/posts\/29069","targetHints":{"allow":["GET"]}}],"collection":[{"href":"https:\/\/qtmm.org\/qt\/wp-json\/wp\/v2\/posts"}],"about":[{"href":"https:\/\/qtmm.org\/qt\/wp-json\/wp\/v2\/types\/post"}],"author":[{"embeddable":true,"href":"https:\/\/qtmm.org\/qt\/wp-json\/wp\/v2\/users\/1"}],"replies":[{"embeddable":true,"href":"https:\/\/qtmm.org\/qt\/wp-json\/wp\/v2\/comments?post=29069"}],"version-history":[{"count":1,"href":"https:\/\/qtmm.org\/qt\/wp-json\/wp\/v2\/posts\/29069\/revisions"}],"predecessor-version":[{"id":29070,"href":"https:\/\/qtmm.org\/qt\/wp-json\/wp\/v2\/posts\/29069\/revisions\/29070"}],"wp:attachment":[{"href":"https:\/\/qtmm.org\/qt\/wp-json\/wp\/v2\/media?parent=29069"}],"wp:term":[{"taxonomy":"category","embeddable":true,"href":"https:\/\/qtmm.org\/qt\/wp-json\/wp\/v2\/categories?post=29069"},{"taxonomy":"post_tag","embeddable":true,"href":"https:\/\/qtmm.org\/qt\/wp-json\/wp\/v2\/tags?post=29069"}],"curies":[{"name":"wp","href":"https:\/\/api.w.org\/{rel}","templated":true}]}}