




{"id":29067,"date":"2012-03-04T16:51:00","date_gmt":"2012-03-04T13:51:00","guid":{"rendered":"http:\/\/qtmm.org\/?p=29067"},"modified":"2022-01-21T16:52:20","modified_gmt":"2022-01-21T13:52:20","slug":"elvida-refat-aga-elvida-qiymetli-safdas","status":"publish","type":"post","link":"https:\/\/qtmm.org\/qt\/elvida-refat-aga-elvida-qiymetli-safdas\/","title":{"rendered":"Elvida, Refat a\u011fa, elvida, q\u0131ymetli safda\u015f!"},"content":{"rendered":"\n<p>2-martta Miliy areketimizni\u00f1 faal i\u015ftirak\u00e7isi, II-IV Q\u0131r\u0131mtatar Milliy Qurultay (1991-2007) delegat\u0131, 1993-1996 ss. Q\u0131r\u0131mtatar Milliy Meclisni\u00f1 ana tili, medeniyet ve din tiklenilmesi boyunca b\u00f6l\u00fcgini\u00f1 yolba\u015f\u00e7\u0131s\u0131, 1996-2007 seneleri Qurultay Tefti\u015f Komissiyas\u0131n\u0131\u00f1 azas\u0131, belli tarih\u00e7\u0131 ve \u00fclke\u015f\u0131nas Refat a\u011fa K\u00fcrti vefat etti.<\/p>\n\n\n\n<p>Saf\u0131m\u0131zn\u0131 ate\u015fin vatanperver, milletsever, ke\u00e7mi\u015fimizni terenden a\u00f1la\u011fan ve bilgilerini daima q\u0131r\u0131mtatar halq menfaat\u0131na i\u015fletken insan terk etti.<\/p>\n\n\n\n<p>Refat a\u011fa 1925 senesi Aqmescit \u015feerinde do\u011fd\u0131. On\u0131\u00f1 bala ve \u00f6sm\u00fcrlik \u00e7a\u011f\u0131 er ceetten pek a\u011f\u0131r zaman\u011fa, gen\u00e7ligi ise qanl\u0131-amans\u0131z cenkke rastkeldi. Ya\u015f\u0131na baqmay, o, cebege t\u00fc\u015fe. Kurslarn\u0131 ke\u00e7ip, subay ve cenkni\u00f1 so\u00f1unace bronetank b\u00f6l\u00fcklerini\u00f1 komandiri ola.<\/p>\n\n\n\n<p>R. K\u00fcrti orduda qala, arbiy akademiyan\u0131 bitire, yolba\u015f\u00e7\u0131 vazifelerde h\u0131zmet, halq\u0131nen beraber de\u015fetli s\u00fcrg\u00fcnlikke t\u00fc\u015fken yaq\u0131nlar\u0131na yard\u0131m ete. Polkovnik unvan\u0131nda istefa\u011fa \u00e7\u0131qqan so\u00f1, grajdan i\u015flerinde \u00e7al\u0131\u015fa.<\/p>\n\n\n\n<p>Daa orduda ol\u011fanda, 1950-60 seneleri, o, tarihnen meraqlana, Q\u0131r\u0131mn\u0131\u00f1 ke\u00e7mi\u015finen ba\u011fl\u0131 malzemeler toplay ve mustaqil s\u00fcrette bu ilimni \u00f6grene. Refat a\u011fan\u0131\u00f1 bilgileri ket-kete terenle\u015fip, o\u00f1a sovet, \u015fovinist tarih\u00e7\u0131larn\u0131\u00f1 Q\u0131r\u0131mnen ba\u011fl\u0131 &#8220;i\u015fleri&#8221;ni\u00f1 uydurma ve sahteligini k\u00f6stermege, milletimiz \u00f6z Vatan\u0131nda as\u0131l, tam\u0131r ol\u011fan\u0131n\u0131 isbatlama\u011fa imk\u00e2n bere.<\/p>\n\n\n\n<p>On\u0131 Q\u0131r\u0131mn\u0131\u00f1 ilk Ortaas\u0131r deviri, halq\u0131m\u0131zn\u0131\u00f1 Q\u0131r\u0131mnen ebediy ba\u011f\u0131 ve etnogenezi, yar\u0131madada \u0130sl\u00e2m dini \u00fck\u00fcm etmekten evel, yani qadimiylikten kelip saqlan\u011fan urf-adetlerimiz, milliy ananelerimiz, umumen, medeniyetimiz ziyade meraqland\u0131ra em de o, bu saada e\u00f1 bilgili m\u00fctehass\u0131slar\u0131m\u0131zdan biri edi.<\/p>\n\n\n\n<p>Ondan da \u011fayr\u0131, Refat a\u011fa halq\u0131m\u0131z\u011fa nisbeten 1944 sene ba\u015flan\u011fan misilsiz cinayetni b\u00fcy\u00fck \u011fayret ile \u00f6grenmege t\u0131r\u0131\u015ft\u0131. &#8220;Deportatsiya. Kak eto b\u0131lo&#8221; hat\u0131rlavlar c\u0131ynt\u0131\u011f\u0131 \u00fc\u00e7 kitab\u0131n\u0131\u00f1 tertip eticisi, 2005-2012 ss. q\u0131r\u0131mtatar halq\u0131 genotsidini ve on\u0131\u00f1 aqibetlerini\u00f1 \u00f6g\u00fcni almaq boyunca Qurultay meydan\u011fa ketirgen Mahsus Komissiyan\u0131\u00f1 azas\u0131 old\u0131.<\/p>\n\n\n\n<p>Refat a\u011fa K\u00fcrti 18-may\u0131s umumq\u0131r\u0131m matem mitingini\u00f1 az\u0131rlanuv\u0131nda 20 y\u0131l devam\u0131nda e\u00f1 faal \u015fekilde i\u015ftirak etip keldi, bu ve ba\u015fqa cemaat i\u015flerinde \u00f6z mes\u00fclietligi, sadeligi, mul\u00e2imligi, merametligi ile b\u00fcy\u00fck say\u011f\u0131 qazand\u0131.<\/p>\n\n\n\n<p>O, bizim hat\u0131ram\u0131zda b\u00f6yle ol\u0131p da ya\u015faycaq. On\u0131\u00f1 \u00f6m\u00fcr arqada\u015f\u0131 Leyl\u00e2 aptege, balalar\u0131, torunlar\u0131 ve diger yaq\u0131nlar\u0131na samimiy taziyemizni bildiremiz ve ba\u015f sa\u011fl\u0131\u011f\u0131 tileymiz.<\/p>\n\n\n\n<p class=\"has-text-align-center\"><strong>Safda\u015f\u0131m\u0131z Refat a\u011fa K\u00fcrti Allan\u0131\u00f1 rahmetinde olsun!<\/strong><\/p>\n\n\n\n<p class=\"has-text-align-right\"><strong><em>Q\u0131r\u0131mtatar Milliy Meclis<br>ve V Q\u0131r\u0131mtatar Milliy Qurultay<br>Tefti\u015f Komissiyas\u0131n\u0131\u00f1 azalar\u0131.<\/em><\/strong><\/p>\n","protected":false},"excerpt":{"rendered":"<p>2-martta Miliy areketimizni\u00f1 faal i\u015ftirak\u00e7isi, II-IV Q\u0131r\u0131mtatar Milliy Qurultay (1991-2007) delegat\u0131, 1993-1996 ss. Q\u0131r\u0131mtatar Milliy Meclisni\u00f1 ana tili, medeniyet ve din tiklenilmesi boyunca b\u00f6l\u00fcgini\u00f1 yolba\u015f\u00e7\u0131s\u0131, 1996-2007 seneleri Qurultay Tefti\u015f Komissiyas\u0131n\u0131\u00f1 azas\u0131, belli tarih\u00e7\u0131 ve \u00fclke\u015f\u0131nas Refat a\u011fa K\u00fcrti vefat etti. Saf\u0131m\u0131zn\u0131 ate\u015fin vatanperver, milletsever, ke\u00e7mi\u015fimizni terenden a\u00f1la\u011fan ve bilgilerini daima q\u0131r\u0131mtatar halq menfaat\u0131na i\u015fletken insan [&hellip;]<\/p>\n","protected":false},"author":1,"featured_media":0,"comment_status":"open","ping_status":"open","sticky":false,"template":"","format":"standard","meta":{"inline_featured_image":false,"footnotes":""},"categories":[265],"tags":[],"class_list":["post-29067","post","type-post","status-publish","format-standard","hentry","category-haberler"],"acf":[],"yoast_head":"<!-- This site is optimized with the Yoast SEO plugin v27.4 - https:\/\/yoast.com\/product\/yoast-seo-wordpress\/ -->\n<title>Elvida, Refat a\u011fa, elvida, q\u0131ymetli safda\u015f! - \u041c\u0435\u0434\u0436\u043b\u0456\u0441<\/title>\n<meta name=\"robots\" content=\"index, follow, max-snippet:-1, max-image-preview:large, max-video-preview:-1\" \/>\n<link rel=\"canonical\" href=\"https:\/\/qtmm.org\/qt\/elvida-refat-aga-elvida-qiymetli-safdas\/\" \/>\n<meta property=\"og:locale\" content=\"en_US\" \/>\n<meta property=\"og:type\" content=\"article\" \/>\n<meta property=\"og:title\" content=\"Elvida, Refat a\u011fa, elvida, q\u0131ymetli safda\u015f! - \u041c\u0435\u0434\u0436\u043b\u0456\u0441\" \/>\n<meta property=\"og:description\" content=\"2-martta Miliy areketimizni\u00f1 faal i\u015ftirak\u00e7isi, II-IV Q\u0131r\u0131mtatar Milliy Qurultay (1991-2007) delegat\u0131, 1993-1996 ss. Q\u0131r\u0131mtatar Milliy Meclisni\u00f1 ana tili, medeniyet ve din tiklenilmesi boyunca b\u00f6l\u00fcgini\u00f1 yolba\u015f\u00e7\u0131s\u0131, 1996-2007 seneleri Qurultay Tefti\u015f Komissiyas\u0131n\u0131\u00f1 azas\u0131, belli tarih\u00e7\u0131 ve \u00fclke\u015f\u0131nas Refat a\u011fa K\u00fcrti vefat etti. Saf\u0131m\u0131zn\u0131 ate\u015fin vatanperver, milletsever, ke\u00e7mi\u015fimizni terenden a\u00f1la\u011fan ve bilgilerini daima q\u0131r\u0131mtatar halq menfaat\u0131na i\u015fletken insan [&hellip;]\" \/>\n<meta property=\"og:url\" content=\"https:\/\/qtmm.org\/qt\/elvida-refat-aga-elvida-qiymetli-safdas\/\" \/>\n<meta property=\"og:site_name\" content=\"\u041c\u0435\u0434\u0436\u043b\u0456\u0441\" \/>\n<meta property=\"article:publisher\" content=\"https:\/\/www.facebook.com\/qtmm.info\/\" \/>\n<meta property=\"article:published_time\" content=\"2012-03-04T13:51:00+00:00\" \/>\n<meta property=\"article:modified_time\" content=\"2022-01-21T13:52:20+00:00\" \/>\n<meta name=\"author\" content=\"Developer\" \/>\n<meta name=\"twitter:card\" content=\"summary_large_image\" \/>\n<meta name=\"twitter:label1\" content=\"Written by\" \/>\n\t<meta name=\"twitter:data1\" content=\"Developer\" \/>\n\t<meta name=\"twitter:label2\" content=\"Est. reading time\" \/>\n\t<meta name=\"twitter:data2\" content=\"2 minutes\" \/>\n<script type=\"application\/ld+json\" class=\"yoast-schema-graph\">{\"@context\":\"https:\\\/\\\/schema.org\",\"@graph\":[{\"@type\":\"Article\",\"@id\":\"https:\\\/\\\/qtmm.org\\\/qt\\\/elvida-refat-aga-elvida-qiymetli-safdas\\\/#article\",\"isPartOf\":{\"@id\":\"https:\\\/\\\/qtmm.org\\\/qt\\\/elvida-refat-aga-elvida-qiymetli-safdas\\\/\"},\"author\":{\"name\":\"Developer\",\"@id\":\"https:\\\/\\\/qtmm.org\\\/qt\\\/#\\\/schema\\\/person\\\/de562469f971dec226ac06e60bbf74a7\"},\"headline\":\"Elvida, Refat a\u011fa, elvida, q\u0131ymetli safda\u015f!\",\"datePublished\":\"2012-03-04T13:51:00+00:00\",\"dateModified\":\"2022-01-21T13:52:20+00:00\",\"mainEntityOfPage\":{\"@id\":\"https:\\\/\\\/qtmm.org\\\/qt\\\/elvida-refat-aga-elvida-qiymetli-safdas\\\/\"},\"wordCount\":466,\"commentCount\":0,\"publisher\":{\"@id\":\"https:\\\/\\\/qtmm.org\\\/qt\\\/#organization\"},\"articleSection\":[\"Haberler\"],\"inLanguage\":\"qt\",\"potentialAction\":[{\"@type\":\"CommentAction\",\"name\":\"Comment\",\"target\":[\"https:\\\/\\\/qtmm.org\\\/qt\\\/elvida-refat-aga-elvida-qiymetli-safdas\\\/#respond\"]}]},{\"@type\":\"WebPage\",\"@id\":\"https:\\\/\\\/qtmm.org\\\/qt\\\/elvida-refat-aga-elvida-qiymetli-safdas\\\/\",\"url\":\"https:\\\/\\\/qtmm.org\\\/qt\\\/elvida-refat-aga-elvida-qiymetli-safdas\\\/\",\"name\":\"Elvida, Refat a\u011fa, elvida, q\u0131ymetli safda\u015f! - \u041c\u0435\u0434\u0436\u043b\u0456\u0441\",\"isPartOf\":{\"@id\":\"https:\\\/\\\/qtmm.org\\\/qt\\\/#website\"},\"datePublished\":\"2012-03-04T13:51:00+00:00\",\"dateModified\":\"2022-01-21T13:52:20+00:00\",\"breadcrumb\":{\"@id\":\"https:\\\/\\\/qtmm.org\\\/qt\\\/elvida-refat-aga-elvida-qiymetli-safdas\\\/#breadcrumb\"},\"inLanguage\":\"qt\",\"potentialAction\":[{\"@type\":\"ReadAction\",\"target\":[\"https:\\\/\\\/qtmm.org\\\/qt\\\/elvida-refat-aga-elvida-qiymetli-safdas\\\/\"]}]},{\"@type\":\"BreadcrumbList\",\"@id\":\"https:\\\/\\\/qtmm.org\\\/qt\\\/elvida-refat-aga-elvida-qiymetli-safdas\\\/#breadcrumb\",\"itemListElement\":[{\"@type\":\"ListItem\",\"position\":1,\"name\":\"\u0413\u043e\u043b\u043e\u0432\u043d\u0430\",\"item\":\"https:\\\/\\\/qtmm.org\\\/qt\\\/\"},{\"@type\":\"ListItem\",\"position\":2,\"name\":\"Elvida, Refat a\u011fa, elvida, q\u0131ymetli safda\u015f!\"}]},{\"@type\":\"WebSite\",\"@id\":\"https:\\\/\\\/qtmm.org\\\/qt\\\/#website\",\"url\":\"https:\\\/\\\/qtmm.org\\\/qt\\\/\",\"name\":\"\u041c\u0435\u0434\u0436\u043b\u0456\u0441\",\"description\":\"\",\"publisher\":{\"@id\":\"https:\\\/\\\/qtmm.org\\\/qt\\\/#organization\"},\"potentialAction\":[{\"@type\":\"SearchAction\",\"target\":{\"@type\":\"EntryPoint\",\"urlTemplate\":\"https:\\\/\\\/qtmm.org\\\/qt\\\/?s={search_term_string}\"},\"query-input\":{\"@type\":\"PropertyValueSpecification\",\"valueRequired\":true,\"valueName\":\"search_term_string\"}}],\"inLanguage\":\"qt\"},{\"@type\":\"Organization\",\"@id\":\"https:\\\/\\\/qtmm.org\\\/qt\\\/#organization\",\"name\":\"\u041c\u0435\u0434\u0436\u043b\u0456\u0441\",\"url\":\"https:\\\/\\\/qtmm.org\\\/qt\\\/\",\"logo\":{\"@type\":\"ImageObject\",\"inLanguage\":\"qt\",\"@id\":\"https:\\\/\\\/qtmm.org\\\/qt\\\/#\\\/schema\\\/logo\\\/image\\\/\",\"url\":\"https:\\\/\\\/qtmm.org\\\/wp-content\\\/uploads\\\/2024\\\/12\\\/ua-mejlis-logo-rgb.svg\",\"contentUrl\":\"https:\\\/\\\/qtmm.org\\\/wp-content\\\/uploads\\\/2024\\\/12\\\/ua-mejlis-logo-rgb.svg\",\"caption\":\"\u041c\u0435\u0434\u0436\u043b\u0456\u0441\"},\"image\":{\"@id\":\"https:\\\/\\\/qtmm.org\\\/qt\\\/#\\\/schema\\\/logo\\\/image\\\/\"},\"sameAs\":[\"https:\\\/\\\/www.facebook.com\\\/qtmm.info\\\/\"]},{\"@type\":\"Person\",\"@id\":\"https:\\\/\\\/qtmm.org\\\/qt\\\/#\\\/schema\\\/person\\\/de562469f971dec226ac06e60bbf74a7\",\"name\":\"Developer\",\"image\":{\"@type\":\"ImageObject\",\"inLanguage\":\"qt\",\"@id\":\"https:\\\/\\\/secure.gravatar.com\\\/avatar\\\/392b4cc8fbfeb00b39dfeeab4ee6edded39ffd48e25858637e4765810300227e?s=96&d=mm&r=g\",\"url\":\"https:\\\/\\\/secure.gravatar.com\\\/avatar\\\/392b4cc8fbfeb00b39dfeeab4ee6edded39ffd48e25858637e4765810300227e?s=96&d=mm&r=g\",\"contentUrl\":\"https:\\\/\\\/secure.gravatar.com\\\/avatar\\\/392b4cc8fbfeb00b39dfeeab4ee6edded39ffd48e25858637e4765810300227e?s=96&d=mm&r=g\",\"caption\":\"Developer\"},\"url\":\"https:\\\/\\\/qtmm.org\\\/qt\\\/author\\\/Developer\\\/\"}]}<\/script>\n<!-- \/ Yoast SEO plugin. -->","yoast_head_json":{"title":"Elvida, Refat a\u011fa, elvida, q\u0131ymetli safda\u015f! - \u041c\u0435\u0434\u0436\u043b\u0456\u0441","robots":{"index":"index","follow":"follow","max-snippet":"max-snippet:-1","max-image-preview":"max-image-preview:large","max-video-preview":"max-video-preview:-1"},"canonical":"https:\/\/qtmm.org\/qt\/elvida-refat-aga-elvida-qiymetli-safdas\/","og_locale":"en_US","og_type":"article","og_title":"Elvida, Refat a\u011fa, elvida, q\u0131ymetli safda\u015f! - \u041c\u0435\u0434\u0436\u043b\u0456\u0441","og_description":"2-martta Miliy areketimizni\u00f1 faal i\u015ftirak\u00e7isi, II-IV Q\u0131r\u0131mtatar Milliy Qurultay (1991-2007) delegat\u0131, 1993-1996 ss. Q\u0131r\u0131mtatar Milliy Meclisni\u00f1 ana tili, medeniyet ve din tiklenilmesi boyunca b\u00f6l\u00fcgini\u00f1 yolba\u015f\u00e7\u0131s\u0131, 1996-2007 seneleri Qurultay Tefti\u015f Komissiyas\u0131n\u0131\u00f1 azas\u0131, belli tarih\u00e7\u0131 ve \u00fclke\u015f\u0131nas Refat a\u011fa K\u00fcrti vefat etti. Saf\u0131m\u0131zn\u0131 ate\u015fin vatanperver, milletsever, ke\u00e7mi\u015fimizni terenden a\u00f1la\u011fan ve bilgilerini daima q\u0131r\u0131mtatar halq menfaat\u0131na i\u015fletken insan [&hellip;]","og_url":"https:\/\/qtmm.org\/qt\/elvida-refat-aga-elvida-qiymetli-safdas\/","og_site_name":"\u041c\u0435\u0434\u0436\u043b\u0456\u0441","article_publisher":"https:\/\/www.facebook.com\/qtmm.info\/","article_published_time":"2012-03-04T13:51:00+00:00","article_modified_time":"2022-01-21T13:52:20+00:00","author":"Developer","twitter_card":"summary_large_image","twitter_misc":{"Written by":"Developer","Est. reading time":"2 minutes"},"schema":{"@context":"https:\/\/schema.org","@graph":[{"@type":"Article","@id":"https:\/\/qtmm.org\/qt\/elvida-refat-aga-elvida-qiymetli-safdas\/#article","isPartOf":{"@id":"https:\/\/qtmm.org\/qt\/elvida-refat-aga-elvida-qiymetli-safdas\/"},"author":{"name":"Developer","@id":"https:\/\/qtmm.org\/qt\/#\/schema\/person\/de562469f971dec226ac06e60bbf74a7"},"headline":"Elvida, Refat a\u011fa, elvida, q\u0131ymetli safda\u015f!","datePublished":"2012-03-04T13:51:00+00:00","dateModified":"2022-01-21T13:52:20+00:00","mainEntityOfPage":{"@id":"https:\/\/qtmm.org\/qt\/elvida-refat-aga-elvida-qiymetli-safdas\/"},"wordCount":466,"commentCount":0,"publisher":{"@id":"https:\/\/qtmm.org\/qt\/#organization"},"articleSection":["Haberler"],"inLanguage":"qt","potentialAction":[{"@type":"CommentAction","name":"Comment","target":["https:\/\/qtmm.org\/qt\/elvida-refat-aga-elvida-qiymetli-safdas\/#respond"]}]},{"@type":"WebPage","@id":"https:\/\/qtmm.org\/qt\/elvida-refat-aga-elvida-qiymetli-safdas\/","url":"https:\/\/qtmm.org\/qt\/elvida-refat-aga-elvida-qiymetli-safdas\/","name":"Elvida, Refat a\u011fa, elvida, q\u0131ymetli safda\u015f! - \u041c\u0435\u0434\u0436\u043b\u0456\u0441","isPartOf":{"@id":"https:\/\/qtmm.org\/qt\/#website"},"datePublished":"2012-03-04T13:51:00+00:00","dateModified":"2022-01-21T13:52:20+00:00","breadcrumb":{"@id":"https:\/\/qtmm.org\/qt\/elvida-refat-aga-elvida-qiymetli-safdas\/#breadcrumb"},"inLanguage":"qt","potentialAction":[{"@type":"ReadAction","target":["https:\/\/qtmm.org\/qt\/elvida-refat-aga-elvida-qiymetli-safdas\/"]}]},{"@type":"BreadcrumbList","@id":"https:\/\/qtmm.org\/qt\/elvida-refat-aga-elvida-qiymetli-safdas\/#breadcrumb","itemListElement":[{"@type":"ListItem","position":1,"name":"\u0413\u043e\u043b\u043e\u0432\u043d\u0430","item":"https:\/\/qtmm.org\/qt\/"},{"@type":"ListItem","position":2,"name":"Elvida, Refat a\u011fa, elvida, q\u0131ymetli safda\u015f!"}]},{"@type":"WebSite","@id":"https:\/\/qtmm.org\/qt\/#website","url":"https:\/\/qtmm.org\/qt\/","name":"\u041c\u0435\u0434\u0436\u043b\u0456\u0441","description":"","publisher":{"@id":"https:\/\/qtmm.org\/qt\/#organization"},"potentialAction":[{"@type":"SearchAction","target":{"@type":"EntryPoint","urlTemplate":"https:\/\/qtmm.org\/qt\/?s={search_term_string}"},"query-input":{"@type":"PropertyValueSpecification","valueRequired":true,"valueName":"search_term_string"}}],"inLanguage":"qt"},{"@type":"Organization","@id":"https:\/\/qtmm.org\/qt\/#organization","name":"\u041c\u0435\u0434\u0436\u043b\u0456\u0441","url":"https:\/\/qtmm.org\/qt\/","logo":{"@type":"ImageObject","inLanguage":"qt","@id":"https:\/\/qtmm.org\/qt\/#\/schema\/logo\/image\/","url":"https:\/\/qtmm.org\/wp-content\/uploads\/2024\/12\/ua-mejlis-logo-rgb.svg","contentUrl":"https:\/\/qtmm.org\/wp-content\/uploads\/2024\/12\/ua-mejlis-logo-rgb.svg","caption":"\u041c\u0435\u0434\u0436\u043b\u0456\u0441"},"image":{"@id":"https:\/\/qtmm.org\/qt\/#\/schema\/logo\/image\/"},"sameAs":["https:\/\/www.facebook.com\/qtmm.info\/"]},{"@type":"Person","@id":"https:\/\/qtmm.org\/qt\/#\/schema\/person\/de562469f971dec226ac06e60bbf74a7","name":"Developer","image":{"@type":"ImageObject","inLanguage":"qt","@id":"https:\/\/secure.gravatar.com\/avatar\/392b4cc8fbfeb00b39dfeeab4ee6edded39ffd48e25858637e4765810300227e?s=96&d=mm&r=g","url":"https:\/\/secure.gravatar.com\/avatar\/392b4cc8fbfeb00b39dfeeab4ee6edded39ffd48e25858637e4765810300227e?s=96&d=mm&r=g","contentUrl":"https:\/\/secure.gravatar.com\/avatar\/392b4cc8fbfeb00b39dfeeab4ee6edded39ffd48e25858637e4765810300227e?s=96&d=mm&r=g","caption":"Developer"},"url":"https:\/\/qtmm.org\/qt\/author\/Developer\/"}]}},"_links":{"self":[{"href":"https:\/\/qtmm.org\/qt\/wp-json\/wp\/v2\/posts\/29067","targetHints":{"allow":["GET"]}}],"collection":[{"href":"https:\/\/qtmm.org\/qt\/wp-json\/wp\/v2\/posts"}],"about":[{"href":"https:\/\/qtmm.org\/qt\/wp-json\/wp\/v2\/types\/post"}],"author":[{"embeddable":true,"href":"https:\/\/qtmm.org\/qt\/wp-json\/wp\/v2\/users\/1"}],"replies":[{"embeddable":true,"href":"https:\/\/qtmm.org\/qt\/wp-json\/wp\/v2\/comments?post=29067"}],"version-history":[{"count":1,"href":"https:\/\/qtmm.org\/qt\/wp-json\/wp\/v2\/posts\/29067\/revisions"}],"predecessor-version":[{"id":29068,"href":"https:\/\/qtmm.org\/qt\/wp-json\/wp\/v2\/posts\/29067\/revisions\/29068"}],"wp:attachment":[{"href":"https:\/\/qtmm.org\/qt\/wp-json\/wp\/v2\/media?parent=29067"}],"wp:term":[{"taxonomy":"category","embeddable":true,"href":"https:\/\/qtmm.org\/qt\/wp-json\/wp\/v2\/categories?post=29067"},{"taxonomy":"post_tag","embeddable":true,"href":"https:\/\/qtmm.org\/qt\/wp-json\/wp\/v2\/tags?post=29067"}],"curies":[{"name":"wp","href":"https:\/\/api.w.org\/{rel}","templated":true}]}}