




{"id":29057,"date":"2012-03-02T16:49:00","date_gmt":"2012-03-02T13:49:00","guid":{"rendered":"http:\/\/qtmm.org\/?p=29057"},"modified":"2022-01-21T16:51:30","modified_gmt":"2022-01-21T13:51:30","slug":"yalta-regioninin-yerli-meclislerine-saylavlar-ve-alusta-regionindaki-bazi-maalliy-meclislerge-gayridan-saylavlarni-keciruv-muddeti-tasdiqlandi","status":"publish","type":"post","link":"https:\/\/qtmm.org\/qt\/yalta-regioninin-yerli-meclislerine-saylavlar-ve-alusta-regionindaki-bazi-maalliy-meclislerge-gayridan-saylavlarni-keciruv-muddeti-tasdiqlandi\/","title":{"rendered":"Yalta region\u0131n\u0131\u00f1 yerli meclislerine saylavlar ve Alu\u015fta region\u0131ndaki baz\u0131 maalliy meclislerge \u011fayr\u0131dan saylavlarn\u0131 ke\u00e7ir\u00fcv m\u00fcddeti tasdiqland\u0131"},"content":{"rendered":"\n<p>Mart 1 k\u00fcn\u00fc Aqmescit \u015feerinde Yerli meclislerge saylavlarn\u0131 az\u0131rlav ve ke\u00e7ir\u00fcv boyunca komissiyan\u0131\u00f1 topla\u015fuv\u0131 ol\u0131p ke\u00e7ti.<\/p>\n\n\n\n<p>Q\u0131r\u0131mtatar halq\u0131 Meclisini\u00f1 reisi Mustafa Cemilevni\u00f1 te\u015febb\u00fcsinen meydan\u011fa ketirilgen Komissiyan\u0131\u00f1 topla\u015fuv\u0131n\u0131 on\u0131\u00f1 reisi, Milliy Meclis reisini\u00f1 birinci muavini Refat \u00c7ubarov al\u0131p bard\u0131.<\/p>\n\n\n\n<p>K\u00fcn tertibine eki mesele qoyuld\u0131: Alu\u015fta region\u0131n\u0131\u00f1 yerli meclislerine saylav boyunca K\u00fc\u00e7\u00fck \u00dczen maalliy territorial saylav komissiyas\u0131n\u0131\u00f1 erk\u00e2n\u0131 aqq\u0131nda ve cemaat te\u015fkil\u00e2tlar\u0131n\u0131\u00f1 teklifi boyunca Yalta region\u0131ndaki yerli territorial saylav komissiyalar\u0131n\u0131\u00f1 erk\u00e2n\u0131na qo\u015fumcalar kirset\u00fcv.<\/p>\n\n\n\n<p>Rey ber\u00fcv neticelerine k\u00f6re birinci mesele boyunca K\u00fc\u00e7\u00fck \u00dczen maalliy territorial saylav komissiyas\u0131n\u0131\u00f1 erk\u00e2n\u0131n\u0131 Alu\u015fta region\u0131 komissiyas\u0131 azalar\u0131nen seminar ke\u00e7irilgenge qadar de\u00f1i\u015ftirmeden qald\u0131rmaq qarar\u0131 al\u0131nd\u0131.<\/p>\n\n\n\n<p>Ekinci mesele boyunca ise yerli territorial saylav komissiyalar\u0131n\u0131\u00f1 azal\u0131\u011f\u0131na cemaat te\u015fkil\u00e2tlar\u0131 teklif etken namzetlerni kirsetmek qararla\u015ft\u0131r\u0131ld\u0131.<\/p>\n\n\n\n<figure class=\"wp-block-image size-full\"><img loading=\"lazy\" decoding=\"async\" width=\"650\" height=\"400\" src=\"http:\/\/qtmm.org\/wp-content\/uploads\/2022\/01\/2_22-1.jpeg\" alt=\"\" class=\"wp-image-29062\" srcset=\"https:\/\/qtmm.org\/wp-content\/uploads\/2022\/01\/2_22-1.jpeg 650w, https:\/\/qtmm.org\/wp-content\/uploads\/2022\/01\/2_22-1-300x185.jpeg 300w\" sizes=\"auto, (max-width: 650px) 100vw, 650px\" \/><\/figure>\n\n\n\n<p><em>Mal\u00fcmat i\u00e7\u00fcn:<\/em><\/p>\n\n\n\n<p><strong>Alu\u015fta \u015feeri, Alu\u015fta region\u0131n\u0131\u00f1 B\u00fcy\u00fck Lambat, K\u00fc\u00e7\u00fck \u00dczen, K\u00f6rbek\u00fcl yerli meclislerine saylavlar 2012 senesi aprel 28-de ke\u00e7irilecek.<br>Saylav i\u015fi 2012 senesi mart 14-ten ba\u015flana.<\/strong><\/p>\n\n\n\n<p><strong>Yalta region\u0131n\u0131\u00f1 yerli meclislerine saylavlar 2012 senesi aprel 29-da \u00f6tkerilecek. .<br>Saylav ceryan\u0131 2012 senesi mart 15-ten ba\u015flay<\/strong>.<\/p>\n","protected":false},"excerpt":{"rendered":"<p>Mart 1 k\u00fcn\u00fc Aqmescit \u015feerinde Yerli meclislerge saylavlarn\u0131 az\u0131rlav ve ke\u00e7ir\u00fcv boyunca komissiyan\u0131\u00f1 topla\u015fuv\u0131 ol\u0131p ke\u00e7ti. Q\u0131r\u0131mtatar halq\u0131 Meclisini\u00f1 reisi Mustafa Cemilevni\u00f1 te\u015febb\u00fcsinen meydan\u011fa ketirilgen Komissiyan\u0131\u00f1 topla\u015fuv\u0131n\u0131 on\u0131\u00f1 reisi, Milliy Meclis reisini\u00f1 birinci muavini Refat \u00c7ubarov al\u0131p bard\u0131. K\u00fcn tertibine eki mesele qoyuld\u0131: Alu\u015fta region\u0131n\u0131\u00f1 yerli meclislerine saylav boyunca K\u00fc\u00e7\u00fck \u00dczen maalliy territorial saylav komissiyas\u0131n\u0131\u00f1 [&hellip;]<\/p>\n","protected":false},"author":1,"featured_media":29058,"comment_status":"open","ping_status":"open","sticky":false,"template":"","format":"standard","meta":{"inline_featured_image":false,"footnotes":""},"categories":[265],"tags":[],"class_list":["post-29057","post","type-post","status-publish","format-standard","has-post-thumbnail","hentry","category-haberler"],"acf":[],"yoast_head":"<!-- This site is optimized with the Yoast SEO plugin v27.4 - https:\/\/yoast.com\/product\/yoast-seo-wordpress\/ -->\n<title>Yalta region\u0131n\u0131\u00f1 yerli meclislerine saylavlar ve Alu\u015fta region\u0131ndaki baz\u0131 maalliy meclislerge \u011fayr\u0131dan saylavlarn\u0131 ke\u00e7ir\u00fcv m\u00fcddeti tasdiqland\u0131 - \u041c\u0435\u0434\u0436\u043b\u0456\u0441<\/title>\n<meta name=\"robots\" content=\"index, follow, max-snippet:-1, max-image-preview:large, max-video-preview:-1\" \/>\n<link rel=\"canonical\" href=\"https:\/\/qtmm.org\/qt\/yalta-regioninin-yerli-meclislerine-saylavlar-ve-alusta-regionindaki-bazi-maalliy-meclislerge-gayridan-saylavlarni-keciruv-muddeti-tasdiqlandi\/\" \/>\n<meta property=\"og:locale\" content=\"en_US\" \/>\n<meta property=\"og:type\" content=\"article\" \/>\n<meta property=\"og:title\" content=\"Yalta region\u0131n\u0131\u00f1 yerli meclislerine saylavlar ve Alu\u015fta region\u0131ndaki baz\u0131 maalliy meclislerge \u011fayr\u0131dan saylavlarn\u0131 ke\u00e7ir\u00fcv m\u00fcddeti tasdiqland\u0131 - \u041c\u0435\u0434\u0436\u043b\u0456\u0441\" \/>\n<meta property=\"og:description\" content=\"Mart 1 k\u00fcn\u00fc Aqmescit \u015feerinde Yerli meclislerge saylavlarn\u0131 az\u0131rlav ve ke\u00e7ir\u00fcv boyunca komissiyan\u0131\u00f1 topla\u015fuv\u0131 ol\u0131p ke\u00e7ti. Q\u0131r\u0131mtatar halq\u0131 Meclisini\u00f1 reisi Mustafa Cemilevni\u00f1 te\u015febb\u00fcsinen meydan\u011fa ketirilgen Komissiyan\u0131\u00f1 topla\u015fuv\u0131n\u0131 on\u0131\u00f1 reisi, Milliy Meclis reisini\u00f1 birinci muavini Refat \u00c7ubarov al\u0131p bard\u0131. K\u00fcn tertibine eki mesele qoyuld\u0131: Alu\u015fta region\u0131n\u0131\u00f1 yerli meclislerine saylav boyunca K\u00fc\u00e7\u00fck \u00dczen maalliy territorial saylav komissiyas\u0131n\u0131\u00f1 [&hellip;]\" \/>\n<meta property=\"og:url\" content=\"https:\/\/qtmm.org\/qt\/yalta-regioninin-yerli-meclislerine-saylavlar-ve-alusta-regionindaki-bazi-maalliy-meclislerge-gayridan-saylavlarni-keciruv-muddeti-tasdiqlandi\/\" \/>\n<meta property=\"og:site_name\" content=\"\u041c\u0435\u0434\u0436\u043b\u0456\u0441\" \/>\n<meta property=\"article:publisher\" content=\"https:\/\/www.facebook.com\/qtmm.info\/\" \/>\n<meta property=\"article:published_time\" content=\"2012-03-02T13:49:00+00:00\" \/>\n<meta property=\"article:modified_time\" content=\"2022-01-21T13:51:30+00:00\" \/>\n<meta property=\"og:image\" content=\"https:\/\/qtmm.org\/wp-content\/uploads\/2022\/01\/1_22-1.jpeg\" \/>\n\t<meta property=\"og:image:width\" content=\"650\" \/>\n\t<meta property=\"og:image:height\" content=\"400\" \/>\n\t<meta property=\"og:image:type\" content=\"image\/jpeg\" \/>\n<meta name=\"author\" content=\"Developer\" \/>\n<meta name=\"twitter:card\" content=\"summary_large_image\" \/>\n<meta name=\"twitter:label1\" content=\"Written by\" \/>\n\t<meta name=\"twitter:data1\" content=\"Developer\" \/>\n\t<meta name=\"twitter:label2\" content=\"Est. reading time\" \/>\n\t<meta name=\"twitter:data2\" content=\"1 minute\" \/>\n<script type=\"application\/ld+json\" class=\"yoast-schema-graph\">{\"@context\":\"https:\\\/\\\/schema.org\",\"@graph\":[{\"@type\":\"Article\",\"@id\":\"https:\\\/\\\/qtmm.org\\\/qt\\\/yalta-regioninin-yerli-meclislerine-saylavlar-ve-alusta-regionindaki-bazi-maalliy-meclislerge-gayridan-saylavlarni-keciruv-muddeti-tasdiqlandi\\\/#article\",\"isPartOf\":{\"@id\":\"https:\\\/\\\/qtmm.org\\\/qt\\\/yalta-regioninin-yerli-meclislerine-saylavlar-ve-alusta-regionindaki-bazi-maalliy-meclislerge-gayridan-saylavlarni-keciruv-muddeti-tasdiqlandi\\\/\"},\"author\":{\"name\":\"Developer\",\"@id\":\"https:\\\/\\\/qtmm.org\\\/qt\\\/#\\\/schema\\\/person\\\/de562469f971dec226ac06e60bbf74a7\"},\"headline\":\"Yalta region\u0131n\u0131\u00f1 yerli meclislerine saylavlar ve Alu\u015fta region\u0131ndaki baz\u0131 maalliy meclislerge \u011fayr\u0131dan saylavlarn\u0131 ke\u00e7ir\u00fcv m\u00fcddeti tasdiqland\u0131\",\"datePublished\":\"2012-03-02T13:49:00+00:00\",\"dateModified\":\"2022-01-21T13:51:30+00:00\",\"mainEntityOfPage\":{\"@id\":\"https:\\\/\\\/qtmm.org\\\/qt\\\/yalta-regioninin-yerli-meclislerine-saylavlar-ve-alusta-regionindaki-bazi-maalliy-meclislerge-gayridan-saylavlarni-keciruv-muddeti-tasdiqlandi\\\/\"},\"wordCount\":239,\"commentCount\":0,\"publisher\":{\"@id\":\"https:\\\/\\\/qtmm.org\\\/qt\\\/#organization\"},\"image\":{\"@id\":\"https:\\\/\\\/qtmm.org\\\/qt\\\/yalta-regioninin-yerli-meclislerine-saylavlar-ve-alusta-regionindaki-bazi-maalliy-meclislerge-gayridan-saylavlarni-keciruv-muddeti-tasdiqlandi\\\/#primaryimage\"},\"thumbnailUrl\":\"https:\\\/\\\/qtmm.org\\\/wp-content\\\/uploads\\\/2022\\\/01\\\/1_22-1.jpeg\",\"articleSection\":[\"Haberler\"],\"inLanguage\":\"qt\",\"potentialAction\":[{\"@type\":\"CommentAction\",\"name\":\"Comment\",\"target\":[\"https:\\\/\\\/qtmm.org\\\/qt\\\/yalta-regioninin-yerli-meclislerine-saylavlar-ve-alusta-regionindaki-bazi-maalliy-meclislerge-gayridan-saylavlarni-keciruv-muddeti-tasdiqlandi\\\/#respond\"]}]},{\"@type\":\"WebPage\",\"@id\":\"https:\\\/\\\/qtmm.org\\\/qt\\\/yalta-regioninin-yerli-meclislerine-saylavlar-ve-alusta-regionindaki-bazi-maalliy-meclislerge-gayridan-saylavlarni-keciruv-muddeti-tasdiqlandi\\\/\",\"url\":\"https:\\\/\\\/qtmm.org\\\/qt\\\/yalta-regioninin-yerli-meclislerine-saylavlar-ve-alusta-regionindaki-bazi-maalliy-meclislerge-gayridan-saylavlarni-keciruv-muddeti-tasdiqlandi\\\/\",\"name\":\"Yalta region\u0131n\u0131\u00f1 yerli meclislerine saylavlar ve Alu\u015fta region\u0131ndaki baz\u0131 maalliy meclislerge \u011fayr\u0131dan saylavlarn\u0131 ke\u00e7ir\u00fcv m\u00fcddeti tasdiqland\u0131 - \u041c\u0435\u0434\u0436\u043b\u0456\u0441\",\"isPartOf\":{\"@id\":\"https:\\\/\\\/qtmm.org\\\/qt\\\/#website\"},\"primaryImageOfPage\":{\"@id\":\"https:\\\/\\\/qtmm.org\\\/qt\\\/yalta-regioninin-yerli-meclislerine-saylavlar-ve-alusta-regionindaki-bazi-maalliy-meclislerge-gayridan-saylavlarni-keciruv-muddeti-tasdiqlandi\\\/#primaryimage\"},\"image\":{\"@id\":\"https:\\\/\\\/qtmm.org\\\/qt\\\/yalta-regioninin-yerli-meclislerine-saylavlar-ve-alusta-regionindaki-bazi-maalliy-meclislerge-gayridan-saylavlarni-keciruv-muddeti-tasdiqlandi\\\/#primaryimage\"},\"thumbnailUrl\":\"https:\\\/\\\/qtmm.org\\\/wp-content\\\/uploads\\\/2022\\\/01\\\/1_22-1.jpeg\",\"datePublished\":\"2012-03-02T13:49:00+00:00\",\"dateModified\":\"2022-01-21T13:51:30+00:00\",\"breadcrumb\":{\"@id\":\"https:\\\/\\\/qtmm.org\\\/qt\\\/yalta-regioninin-yerli-meclislerine-saylavlar-ve-alusta-regionindaki-bazi-maalliy-meclislerge-gayridan-saylavlarni-keciruv-muddeti-tasdiqlandi\\\/#breadcrumb\"},\"inLanguage\":\"qt\",\"potentialAction\":[{\"@type\":\"ReadAction\",\"target\":[\"https:\\\/\\\/qtmm.org\\\/qt\\\/yalta-regioninin-yerli-meclislerine-saylavlar-ve-alusta-regionindaki-bazi-maalliy-meclislerge-gayridan-saylavlarni-keciruv-muddeti-tasdiqlandi\\\/\"]}]},{\"@type\":\"ImageObject\",\"inLanguage\":\"qt\",\"@id\":\"https:\\\/\\\/qtmm.org\\\/qt\\\/yalta-regioninin-yerli-meclislerine-saylavlar-ve-alusta-regionindaki-bazi-maalliy-meclislerge-gayridan-saylavlarni-keciruv-muddeti-tasdiqlandi\\\/#primaryimage\",\"url\":\"https:\\\/\\\/qtmm.org\\\/wp-content\\\/uploads\\\/2022\\\/01\\\/1_22-1.jpeg\",\"contentUrl\":\"https:\\\/\\\/qtmm.org\\\/wp-content\\\/uploads\\\/2022\\\/01\\\/1_22-1.jpeg\",\"width\":650,\"height\":400},{\"@type\":\"BreadcrumbList\",\"@id\":\"https:\\\/\\\/qtmm.org\\\/qt\\\/yalta-regioninin-yerli-meclislerine-saylavlar-ve-alusta-regionindaki-bazi-maalliy-meclislerge-gayridan-saylavlarni-keciruv-muddeti-tasdiqlandi\\\/#breadcrumb\",\"itemListElement\":[{\"@type\":\"ListItem\",\"position\":1,\"name\":\"\u0413\u043e\u043b\u043e\u0432\u043d\u0430\",\"item\":\"https:\\\/\\\/qtmm.org\\\/qt\\\/\"},{\"@type\":\"ListItem\",\"position\":2,\"name\":\"Yalta region\u0131n\u0131\u00f1 yerli meclislerine saylavlar ve Alu\u015fta region\u0131ndaki baz\u0131 maalliy meclislerge \u011fayr\u0131dan saylavlarn\u0131 ke\u00e7ir\u00fcv m\u00fcddeti tasdiqland\u0131\"}]},{\"@type\":\"WebSite\",\"@id\":\"https:\\\/\\\/qtmm.org\\\/qt\\\/#website\",\"url\":\"https:\\\/\\\/qtmm.org\\\/qt\\\/\",\"name\":\"\u041c\u0435\u0434\u0436\u043b\u0456\u0441\",\"description\":\"\",\"publisher\":{\"@id\":\"https:\\\/\\\/qtmm.org\\\/qt\\\/#organization\"},\"potentialAction\":[{\"@type\":\"SearchAction\",\"target\":{\"@type\":\"EntryPoint\",\"urlTemplate\":\"https:\\\/\\\/qtmm.org\\\/qt\\\/?s={search_term_string}\"},\"query-input\":{\"@type\":\"PropertyValueSpecification\",\"valueRequired\":true,\"valueName\":\"search_term_string\"}}],\"inLanguage\":\"qt\"},{\"@type\":\"Organization\",\"@id\":\"https:\\\/\\\/qtmm.org\\\/qt\\\/#organization\",\"name\":\"\u041c\u0435\u0434\u0436\u043b\u0456\u0441\",\"url\":\"https:\\\/\\\/qtmm.org\\\/qt\\\/\",\"logo\":{\"@type\":\"ImageObject\",\"inLanguage\":\"qt\",\"@id\":\"https:\\\/\\\/qtmm.org\\\/qt\\\/#\\\/schema\\\/logo\\\/image\\\/\",\"url\":\"https:\\\/\\\/qtmm.org\\\/wp-content\\\/uploads\\\/2024\\\/12\\\/ua-mejlis-logo-rgb.svg\",\"contentUrl\":\"https:\\\/\\\/qtmm.org\\\/wp-content\\\/uploads\\\/2024\\\/12\\\/ua-mejlis-logo-rgb.svg\",\"caption\":\"\u041c\u0435\u0434\u0436\u043b\u0456\u0441\"},\"image\":{\"@id\":\"https:\\\/\\\/qtmm.org\\\/qt\\\/#\\\/schema\\\/logo\\\/image\\\/\"},\"sameAs\":[\"https:\\\/\\\/www.facebook.com\\\/qtmm.info\\\/\"]},{\"@type\":\"Person\",\"@id\":\"https:\\\/\\\/qtmm.org\\\/qt\\\/#\\\/schema\\\/person\\\/de562469f971dec226ac06e60bbf74a7\",\"name\":\"Developer\",\"image\":{\"@type\":\"ImageObject\",\"inLanguage\":\"qt\",\"@id\":\"https:\\\/\\\/secure.gravatar.com\\\/avatar\\\/392b4cc8fbfeb00b39dfeeab4ee6edded39ffd48e25858637e4765810300227e?s=96&d=mm&r=g\",\"url\":\"https:\\\/\\\/secure.gravatar.com\\\/avatar\\\/392b4cc8fbfeb00b39dfeeab4ee6edded39ffd48e25858637e4765810300227e?s=96&d=mm&r=g\",\"contentUrl\":\"https:\\\/\\\/secure.gravatar.com\\\/avatar\\\/392b4cc8fbfeb00b39dfeeab4ee6edded39ffd48e25858637e4765810300227e?s=96&d=mm&r=g\",\"caption\":\"Developer\"},\"url\":\"https:\\\/\\\/qtmm.org\\\/qt\\\/author\\\/Developer\\\/\"}]}<\/script>\n<!-- \/ Yoast SEO plugin. -->","yoast_head_json":{"title":"Yalta region\u0131n\u0131\u00f1 yerli meclislerine saylavlar ve Alu\u015fta region\u0131ndaki baz\u0131 maalliy meclislerge \u011fayr\u0131dan saylavlarn\u0131 ke\u00e7ir\u00fcv m\u00fcddeti tasdiqland\u0131 - \u041c\u0435\u0434\u0436\u043b\u0456\u0441","robots":{"index":"index","follow":"follow","max-snippet":"max-snippet:-1","max-image-preview":"max-image-preview:large","max-video-preview":"max-video-preview:-1"},"canonical":"https:\/\/qtmm.org\/qt\/yalta-regioninin-yerli-meclislerine-saylavlar-ve-alusta-regionindaki-bazi-maalliy-meclislerge-gayridan-saylavlarni-keciruv-muddeti-tasdiqlandi\/","og_locale":"en_US","og_type":"article","og_title":"Yalta region\u0131n\u0131\u00f1 yerli meclislerine saylavlar ve Alu\u015fta region\u0131ndaki baz\u0131 maalliy meclislerge \u011fayr\u0131dan saylavlarn\u0131 ke\u00e7ir\u00fcv m\u00fcddeti tasdiqland\u0131 - \u041c\u0435\u0434\u0436\u043b\u0456\u0441","og_description":"Mart 1 k\u00fcn\u00fc Aqmescit \u015feerinde Yerli meclislerge saylavlarn\u0131 az\u0131rlav ve ke\u00e7ir\u00fcv boyunca komissiyan\u0131\u00f1 topla\u015fuv\u0131 ol\u0131p ke\u00e7ti. Q\u0131r\u0131mtatar halq\u0131 Meclisini\u00f1 reisi Mustafa Cemilevni\u00f1 te\u015febb\u00fcsinen meydan\u011fa ketirilgen Komissiyan\u0131\u00f1 topla\u015fuv\u0131n\u0131 on\u0131\u00f1 reisi, Milliy Meclis reisini\u00f1 birinci muavini Refat \u00c7ubarov al\u0131p bard\u0131. K\u00fcn tertibine eki mesele qoyuld\u0131: Alu\u015fta region\u0131n\u0131\u00f1 yerli meclislerine saylav boyunca K\u00fc\u00e7\u00fck \u00dczen maalliy territorial saylav komissiyas\u0131n\u0131\u00f1 [&hellip;]","og_url":"https:\/\/qtmm.org\/qt\/yalta-regioninin-yerli-meclislerine-saylavlar-ve-alusta-regionindaki-bazi-maalliy-meclislerge-gayridan-saylavlarni-keciruv-muddeti-tasdiqlandi\/","og_site_name":"\u041c\u0435\u0434\u0436\u043b\u0456\u0441","article_publisher":"https:\/\/www.facebook.com\/qtmm.info\/","article_published_time":"2012-03-02T13:49:00+00:00","article_modified_time":"2022-01-21T13:51:30+00:00","og_image":[{"width":650,"height":400,"url":"https:\/\/qtmm.org\/wp-content\/uploads\/2022\/01\/1_22-1.jpeg","type":"image\/jpeg"}],"author":"Developer","twitter_card":"summary_large_image","twitter_misc":{"Written by":"Developer","Est. reading time":"1 minute"},"schema":{"@context":"https:\/\/schema.org","@graph":[{"@type":"Article","@id":"https:\/\/qtmm.org\/qt\/yalta-regioninin-yerli-meclislerine-saylavlar-ve-alusta-regionindaki-bazi-maalliy-meclislerge-gayridan-saylavlarni-keciruv-muddeti-tasdiqlandi\/#article","isPartOf":{"@id":"https:\/\/qtmm.org\/qt\/yalta-regioninin-yerli-meclislerine-saylavlar-ve-alusta-regionindaki-bazi-maalliy-meclislerge-gayridan-saylavlarni-keciruv-muddeti-tasdiqlandi\/"},"author":{"name":"Developer","@id":"https:\/\/qtmm.org\/qt\/#\/schema\/person\/de562469f971dec226ac06e60bbf74a7"},"headline":"Yalta region\u0131n\u0131\u00f1 yerli meclislerine saylavlar ve Alu\u015fta region\u0131ndaki baz\u0131 maalliy meclislerge \u011fayr\u0131dan saylavlarn\u0131 ke\u00e7ir\u00fcv m\u00fcddeti tasdiqland\u0131","datePublished":"2012-03-02T13:49:00+00:00","dateModified":"2022-01-21T13:51:30+00:00","mainEntityOfPage":{"@id":"https:\/\/qtmm.org\/qt\/yalta-regioninin-yerli-meclislerine-saylavlar-ve-alusta-regionindaki-bazi-maalliy-meclislerge-gayridan-saylavlarni-keciruv-muddeti-tasdiqlandi\/"},"wordCount":239,"commentCount":0,"publisher":{"@id":"https:\/\/qtmm.org\/qt\/#organization"},"image":{"@id":"https:\/\/qtmm.org\/qt\/yalta-regioninin-yerli-meclislerine-saylavlar-ve-alusta-regionindaki-bazi-maalliy-meclislerge-gayridan-saylavlarni-keciruv-muddeti-tasdiqlandi\/#primaryimage"},"thumbnailUrl":"https:\/\/qtmm.org\/wp-content\/uploads\/2022\/01\/1_22-1.jpeg","articleSection":["Haberler"],"inLanguage":"qt","potentialAction":[{"@type":"CommentAction","name":"Comment","target":["https:\/\/qtmm.org\/qt\/yalta-regioninin-yerli-meclislerine-saylavlar-ve-alusta-regionindaki-bazi-maalliy-meclislerge-gayridan-saylavlarni-keciruv-muddeti-tasdiqlandi\/#respond"]}]},{"@type":"WebPage","@id":"https:\/\/qtmm.org\/qt\/yalta-regioninin-yerli-meclislerine-saylavlar-ve-alusta-regionindaki-bazi-maalliy-meclislerge-gayridan-saylavlarni-keciruv-muddeti-tasdiqlandi\/","url":"https:\/\/qtmm.org\/qt\/yalta-regioninin-yerli-meclislerine-saylavlar-ve-alusta-regionindaki-bazi-maalliy-meclislerge-gayridan-saylavlarni-keciruv-muddeti-tasdiqlandi\/","name":"Yalta region\u0131n\u0131\u00f1 yerli meclislerine saylavlar ve Alu\u015fta region\u0131ndaki baz\u0131 maalliy meclislerge \u011fayr\u0131dan saylavlarn\u0131 ke\u00e7ir\u00fcv m\u00fcddeti tasdiqland\u0131 - \u041c\u0435\u0434\u0436\u043b\u0456\u0441","isPartOf":{"@id":"https:\/\/qtmm.org\/qt\/#website"},"primaryImageOfPage":{"@id":"https:\/\/qtmm.org\/qt\/yalta-regioninin-yerli-meclislerine-saylavlar-ve-alusta-regionindaki-bazi-maalliy-meclislerge-gayridan-saylavlarni-keciruv-muddeti-tasdiqlandi\/#primaryimage"},"image":{"@id":"https:\/\/qtmm.org\/qt\/yalta-regioninin-yerli-meclislerine-saylavlar-ve-alusta-regionindaki-bazi-maalliy-meclislerge-gayridan-saylavlarni-keciruv-muddeti-tasdiqlandi\/#primaryimage"},"thumbnailUrl":"https:\/\/qtmm.org\/wp-content\/uploads\/2022\/01\/1_22-1.jpeg","datePublished":"2012-03-02T13:49:00+00:00","dateModified":"2022-01-21T13:51:30+00:00","breadcrumb":{"@id":"https:\/\/qtmm.org\/qt\/yalta-regioninin-yerli-meclislerine-saylavlar-ve-alusta-regionindaki-bazi-maalliy-meclislerge-gayridan-saylavlarni-keciruv-muddeti-tasdiqlandi\/#breadcrumb"},"inLanguage":"qt","potentialAction":[{"@type":"ReadAction","target":["https:\/\/qtmm.org\/qt\/yalta-regioninin-yerli-meclislerine-saylavlar-ve-alusta-regionindaki-bazi-maalliy-meclislerge-gayridan-saylavlarni-keciruv-muddeti-tasdiqlandi\/"]}]},{"@type":"ImageObject","inLanguage":"qt","@id":"https:\/\/qtmm.org\/qt\/yalta-regioninin-yerli-meclislerine-saylavlar-ve-alusta-regionindaki-bazi-maalliy-meclislerge-gayridan-saylavlarni-keciruv-muddeti-tasdiqlandi\/#primaryimage","url":"https:\/\/qtmm.org\/wp-content\/uploads\/2022\/01\/1_22-1.jpeg","contentUrl":"https:\/\/qtmm.org\/wp-content\/uploads\/2022\/01\/1_22-1.jpeg","width":650,"height":400},{"@type":"BreadcrumbList","@id":"https:\/\/qtmm.org\/qt\/yalta-regioninin-yerli-meclislerine-saylavlar-ve-alusta-regionindaki-bazi-maalliy-meclislerge-gayridan-saylavlarni-keciruv-muddeti-tasdiqlandi\/#breadcrumb","itemListElement":[{"@type":"ListItem","position":1,"name":"\u0413\u043e\u043b\u043e\u0432\u043d\u0430","item":"https:\/\/qtmm.org\/qt\/"},{"@type":"ListItem","position":2,"name":"Yalta region\u0131n\u0131\u00f1 yerli meclislerine saylavlar ve Alu\u015fta region\u0131ndaki baz\u0131 maalliy meclislerge \u011fayr\u0131dan saylavlarn\u0131 ke\u00e7ir\u00fcv m\u00fcddeti tasdiqland\u0131"}]},{"@type":"WebSite","@id":"https:\/\/qtmm.org\/qt\/#website","url":"https:\/\/qtmm.org\/qt\/","name":"\u041c\u0435\u0434\u0436\u043b\u0456\u0441","description":"","publisher":{"@id":"https:\/\/qtmm.org\/qt\/#organization"},"potentialAction":[{"@type":"SearchAction","target":{"@type":"EntryPoint","urlTemplate":"https:\/\/qtmm.org\/qt\/?s={search_term_string}"},"query-input":{"@type":"PropertyValueSpecification","valueRequired":true,"valueName":"search_term_string"}}],"inLanguage":"qt"},{"@type":"Organization","@id":"https:\/\/qtmm.org\/qt\/#organization","name":"\u041c\u0435\u0434\u0436\u043b\u0456\u0441","url":"https:\/\/qtmm.org\/qt\/","logo":{"@type":"ImageObject","inLanguage":"qt","@id":"https:\/\/qtmm.org\/qt\/#\/schema\/logo\/image\/","url":"https:\/\/qtmm.org\/wp-content\/uploads\/2024\/12\/ua-mejlis-logo-rgb.svg","contentUrl":"https:\/\/qtmm.org\/wp-content\/uploads\/2024\/12\/ua-mejlis-logo-rgb.svg","caption":"\u041c\u0435\u0434\u0436\u043b\u0456\u0441"},"image":{"@id":"https:\/\/qtmm.org\/qt\/#\/schema\/logo\/image\/"},"sameAs":["https:\/\/www.facebook.com\/qtmm.info\/"]},{"@type":"Person","@id":"https:\/\/qtmm.org\/qt\/#\/schema\/person\/de562469f971dec226ac06e60bbf74a7","name":"Developer","image":{"@type":"ImageObject","inLanguage":"qt","@id":"https:\/\/secure.gravatar.com\/avatar\/392b4cc8fbfeb00b39dfeeab4ee6edded39ffd48e25858637e4765810300227e?s=96&d=mm&r=g","url":"https:\/\/secure.gravatar.com\/avatar\/392b4cc8fbfeb00b39dfeeab4ee6edded39ffd48e25858637e4765810300227e?s=96&d=mm&r=g","contentUrl":"https:\/\/secure.gravatar.com\/avatar\/392b4cc8fbfeb00b39dfeeab4ee6edded39ffd48e25858637e4765810300227e?s=96&d=mm&r=g","caption":"Developer"},"url":"https:\/\/qtmm.org\/qt\/author\/Developer\/"}]}},"_links":{"self":[{"href":"https:\/\/qtmm.org\/qt\/wp-json\/wp\/v2\/posts\/29057","targetHints":{"allow":["GET"]}}],"collection":[{"href":"https:\/\/qtmm.org\/qt\/wp-json\/wp\/v2\/posts"}],"about":[{"href":"https:\/\/qtmm.org\/qt\/wp-json\/wp\/v2\/types\/post"}],"author":[{"embeddable":true,"href":"https:\/\/qtmm.org\/qt\/wp-json\/wp\/v2\/users\/1"}],"replies":[{"embeddable":true,"href":"https:\/\/qtmm.org\/qt\/wp-json\/wp\/v2\/comments?post=29057"}],"version-history":[{"count":1,"href":"https:\/\/qtmm.org\/qt\/wp-json\/wp\/v2\/posts\/29057\/revisions"}],"predecessor-version":[{"id":29066,"href":"https:\/\/qtmm.org\/qt\/wp-json\/wp\/v2\/posts\/29057\/revisions\/29066"}],"wp:featuredmedia":[{"embeddable":true,"href":"https:\/\/qtmm.org\/qt\/wp-json\/wp\/v2\/media\/29058"}],"wp:attachment":[{"href":"https:\/\/qtmm.org\/qt\/wp-json\/wp\/v2\/media?parent=29057"}],"wp:term":[{"taxonomy":"category","embeddable":true,"href":"https:\/\/qtmm.org\/qt\/wp-json\/wp\/v2\/categories?post=29057"},{"taxonomy":"post_tag","embeddable":true,"href":"https:\/\/qtmm.org\/qt\/wp-json\/wp\/v2\/tags?post=29057"}],"curies":[{"name":"wp","href":"https:\/\/api.w.org\/{rel}","templated":true}]}}