




{"id":29051,"date":"2012-03-01T16:46:00","date_gmt":"2012-03-01T13:46:00","guid":{"rendered":"http:\/\/qtmm.org\/?p=29051"},"modified":"2022-01-21T16:49:28","modified_gmt":"2022-01-21T13:49:28","slug":"zarur-meselelerni-cezmek-icun-ameliy-adimlar-atmaq-kerek","status":"publish","type":"post","link":"https:\/\/qtmm.org\/qt\/zarur-meselelerni-cezmek-icun-ameliy-adimlar-atmaq-kerek\/","title":{"rendered":"Zarur meselelerni \u00e7ezmek i\u00e7\u00fcn ameliy ad\u0131mlar atmaq kerek"},"content":{"rendered":"\n<p>Fevral 29 k\u00fcn\u00fc Q\u0131r\u0131m Yuqar\u0131 \u015euras\u0131n\u0131\u00f1 Milletlerara munasebetleri ve deportatsiya\u011fa o\u011fra\u011fan grajdanlarn\u0131\u00f1 Daimiy komissiyas\u0131nda Q\u0131r\u0131mtatar Yaz\u0131c\u0131lar\u0131 birligini\u00f1 keni\u015fletilgen topla\u015fuv\u0131 ol\u0131p ke\u00e7ti.<\/p>\n\n\n\n<p>Topla\u015fuvda QMC Yuqar\u0131 \u015euras\u0131 Milletlerara munasebetler ve s\u00fcrg\u00fcn olun\u011fan grajdanlarn\u0131\u00f1 meseleleri boyunca daimiy komissiyas\u0131n\u0131\u00f1 reisi, Milliy Meclis reisini\u00f1 muavini Remzi \u0130lyasov, Reskomnats reisi Edem Dudakov, Milliy Meclis medeniyet ve tasil idaresini\u00f1 reberi, QMC Yuqar\u0131 \u015euras\u0131n\u0131\u00f1 deputat\u0131 Safure Kacametova, k\u00fctleviy informatsiya vastalar\u0131n\u0131\u00f1 vekilleri de i\u015ftirak ettiler.<\/p>\n\n\n\n<p>Edebiyat \u2013 maneviyatn\u0131\u00f1 k\u00fczg\u00fcsidir. So\u00f1ki devirde edebiyatn\u0131\u00f1 da, maneviyatn\u0131\u00f1 da qadiri bilinmey. Edebiyat\u00e7\u0131lar \u00f6z ya\u011f\u0131na \u00f6zleri qavur\u0131lalar. Biri eser yaza, on\u0131 \u00e7\u0131qar\u0131p olamay, biri kitap \u00e7\u0131qara, on\u0131 sat\u0131p olamay. Daa biri roman yaz\u011fan olsa da, emek aqq\u0131mn\u0131 alma\u011fance on\u0131 basmam, dey. Q\u0131sqas\u0131, bug\u00fcn yaz\u0131c\u0131n\u0131\u00f1 ya\u015fay\u0131\u015f\u0131 da qolay degil.<\/p>\n\n\n\n<p>Topla\u015fuv devam\u0131nda milliy edebiyat\u0131m\u0131zn\u0131\u00f1 \u015fimdiki vaziyeti, edebiyat\u0131m\u0131zn\u0131 k\u00fctleviyle\u015ftir\u00fcv, ya\u015f istidatlarnen \u00e7al\u0131\u015fuv, yaz\u0131c\u0131lar\u011fa qalem aqq\u0131 t\u00f6lev ve olarn\u0131\u00f1 m\u00fcelliflik aqlar\u0131n\u0131 qor\u00e7alav kibi meseleler baq\u0131ld\u0131. Yaz\u0131c\u0131lar birligini\u00f1 reisi Riza Faz\u0131l bu meseleler pek aktual ol\u011fan\u0131na baqmadan, vaziyet y\u0131l-y\u0131ldan a\u011f\u0131rla\u015fayatqan\u0131, yaz\u0131c\u0131lar\u011fa devletten yard\u0131m ve diqqat ay\u0131r\u0131lma\u011fan\u0131, kitap ve derslikler \u00e7\u0131qaruvda qar\u0131\u015f\u0131ql\u0131qqa yol berileyatqan\u0131n\u0131 qayd etti.<\/p>\n\n\n\n<p>&#8220;Y\u0131ld\u0131z&#8221; mecmuas\u0131n\u0131\u00f1 ba\u015f muarriri Dil\u00e2ver Osmanov mecmuan\u0131\u00f1 vaziyeti ve planlar\u0131 husus\u0131nda aytt\u0131. Yaz\u0131c\u0131lar birligini\u00f1 idare azalar\u0131ndan Abl\u00e2ziz Veliyev, \u00dcriye Edemova, \u015eeryan Ali, Zakir Qurtnezir \u00f6z \u00e7\u0131q\u0131\u015flar\u0131nda bediiy edebiyan\u0131 ne\u015fir et\u00fcv, q\u0131r\u0131mtatar tilinde edebiy-bediiy ne\u015friyatn\u0131 ya\u00f1\u0131dan tiklev, m\u00fcelliflik aqlar\u0131na riayet et\u00fcv, yaz\u0131c\u0131larn\u0131 ra\u011fbet lendir\u00fcv, &#8220;\u0130lham&#8221; edebiy birle\u015fmesine qoltutuv, ya\u015f qalemlerni\u00f1 almanah\u0131n\u0131 \u00e7\u0131qaruv meselelerini k\u00f6terdiler.<\/p>\n\n\n\n<p>Safure Kacametova yaz\u0131c\u0131larn\u0131\u00f1 \u00e7\u0131q\u0131\u015flar\u0131n\u0131 diqqatnen di\u00f1legen so\u00f1, cemiyette yaz\u0131c\u0131lar ve ocalarn\u0131\u00f1 rol\u00fc \u011fayet emiyetli ol\u011fan\u0131n\u0131 aytaraq, topla\u015fuvda k\u00f6terilgen meseleler ker\u00e7ekten de beraberlikte \u00e7ezilmek kerekligini qayd etti. Ayn\u0131 vaq\u0131tta o, yaz\u0131c\u0131lar\u011fa daa da faal olmaqn\u0131, Q\u0131r\u0131m ve Ukraina akimiyet organlar\u0131na, halqara te\u015fkil\u00e2tlar\u011fa konkret leyha ve tekliflernen muracaat etmekni tevsiye etti.<\/p>\n\n\n\n<p>Zarur meselelerni \u00e7ezmek i\u00e7\u00fcn ameliy ad\u0131mlar atmal\u0131. Yaz\u0131c\u0131lar\u0131m\u0131z &#8220;Maarif\u00e7i&#8221; birle\u015fmesini\u00f1 &#8220;Atal\u0131q&#8221; programmas\u0131 boyunca Q\u0131r\u0131mn\u0131\u00f1 bir \u00e7oq mekteplerinde bulund\u0131lar, programman\u0131\u00f1 ameliy yard\u0131m\u0131 b\u00fcy\u00fck old\u0131. Endi bu programman\u0131 yaz\u0131c\u0131larn\u0131\u00f1 \u00f6zleri de devam etseler yah\u015f\u0131 olur. Q\u0131r\u0131mtatar tilinde bediiy ne\u015friyatn\u0131 m\u0131tlaqa \u011fayr\u0131dan tiklep, on\u0131\u00f1 i\u015fini &#8220;Q\u0131r\u0131moquvpedne\u015fir&#8221;de devam ettirmeli. Yaz\u0131c\u0131lar birligi &#8220;\u0130lham&#8221; edebiy birle\u015fmesini de \u00f6z imayesi alt\u0131na almal\u0131lar, \u2013 dedi o.<\/p>\n\n\n\n<p>Edem Dudakov ve Remzi \u0130lyasov tekliflerge qoltut\u0131p, yaz\u0131c\u0131lar\u011fa imk\u00e2n\u0131 ol\u011fan\u0131 qadar yard\u0131m etmekni i\u015fand\u0131rd\u0131lar ve, kene de, yaz\u0131c\u0131larn\u0131 er bir saada ziyadece faallik k\u00f6stermege \u00e7a\u011f\u0131rd\u0131lar.<\/p>\n","protected":false},"excerpt":{"rendered":"<p>Fevral 29 k\u00fcn\u00fc Q\u0131r\u0131m Yuqar\u0131 \u015euras\u0131n\u0131\u00f1 Milletlerara munasebetleri ve deportatsiya\u011fa o\u011fra\u011fan grajdanlarn\u0131\u00f1 Daimiy komissiyas\u0131nda Q\u0131r\u0131mtatar Yaz\u0131c\u0131lar\u0131 birligini\u00f1 keni\u015fletilgen topla\u015fuv\u0131 ol\u0131p ke\u00e7ti. Topla\u015fuvda QMC Yuqar\u0131 \u015euras\u0131 Milletlerara munasebetler ve s\u00fcrg\u00fcn olun\u011fan grajdanlarn\u0131\u00f1 meseleleri boyunca daimiy komissiyas\u0131n\u0131\u00f1 reisi, Milliy Meclis reisini\u00f1 muavini Remzi \u0130lyasov, Reskomnats reisi Edem Dudakov, Milliy Meclis medeniyet ve tasil idaresini\u00f1 reberi, QMC Yuqar\u0131 [&hellip;]<\/p>\n","protected":false},"author":1,"featured_media":29052,"comment_status":"open","ping_status":"open","sticky":false,"template":"","format":"standard","meta":{"inline_featured_image":false,"footnotes":""},"categories":[265],"tags":[],"class_list":["post-29051","post","type-post","status-publish","format-standard","has-post-thumbnail","hentry","category-haberler"],"acf":[],"yoast_head":"<!-- This site is optimized with the Yoast SEO plugin v27.4 - https:\/\/yoast.com\/product\/yoast-seo-wordpress\/ -->\n<title>Zarur meselelerni \u00e7ezmek i\u00e7\u00fcn ameliy ad\u0131mlar atmaq kerek - \u041c\u0435\u0434\u0436\u043b\u0456\u0441<\/title>\n<meta name=\"robots\" content=\"index, follow, max-snippet:-1, max-image-preview:large, max-video-preview:-1\" \/>\n<link rel=\"canonical\" href=\"https:\/\/qtmm.org\/qt\/zarur-meselelerni-cezmek-icun-ameliy-adimlar-atmaq-kerek\/\" \/>\n<meta property=\"og:locale\" content=\"en_US\" \/>\n<meta property=\"og:type\" content=\"article\" \/>\n<meta property=\"og:title\" content=\"Zarur meselelerni \u00e7ezmek i\u00e7\u00fcn ameliy ad\u0131mlar atmaq kerek - \u041c\u0435\u0434\u0436\u043b\u0456\u0441\" \/>\n<meta property=\"og:description\" content=\"Fevral 29 k\u00fcn\u00fc Q\u0131r\u0131m Yuqar\u0131 \u015euras\u0131n\u0131\u00f1 Milletlerara munasebetleri ve deportatsiya\u011fa o\u011fra\u011fan grajdanlarn\u0131\u00f1 Daimiy komissiyas\u0131nda Q\u0131r\u0131mtatar Yaz\u0131c\u0131lar\u0131 birligini\u00f1 keni\u015fletilgen topla\u015fuv\u0131 ol\u0131p ke\u00e7ti. Topla\u015fuvda QMC Yuqar\u0131 \u015euras\u0131 Milletlerara munasebetler ve s\u00fcrg\u00fcn olun\u011fan grajdanlarn\u0131\u00f1 meseleleri boyunca daimiy komissiyas\u0131n\u0131\u00f1 reisi, Milliy Meclis reisini\u00f1 muavini Remzi \u0130lyasov, Reskomnats reisi Edem Dudakov, Milliy Meclis medeniyet ve tasil idaresini\u00f1 reberi, QMC Yuqar\u0131 [&hellip;]\" \/>\n<meta property=\"og:url\" content=\"https:\/\/qtmm.org\/qt\/zarur-meselelerni-cezmek-icun-ameliy-adimlar-atmaq-kerek\/\" \/>\n<meta property=\"og:site_name\" content=\"\u041c\u0435\u0434\u0436\u043b\u0456\u0441\" \/>\n<meta property=\"article:publisher\" content=\"https:\/\/www.facebook.com\/qtmm.info\/\" \/>\n<meta property=\"article:published_time\" content=\"2012-03-01T13:46:00+00:00\" \/>\n<meta property=\"article:modified_time\" content=\"2022-01-21T13:49:28+00:00\" \/>\n<meta property=\"og:image\" content=\"https:\/\/qtmm.org\/wp-content\/uploads\/2022\/01\/2_21-1.jpeg\" \/>\n\t<meta property=\"og:image:width\" content=\"650\" \/>\n\t<meta property=\"og:image:height\" content=\"390\" \/>\n\t<meta property=\"og:image:type\" content=\"image\/jpeg\" \/>\n<meta name=\"author\" content=\"Developer\" \/>\n<meta name=\"twitter:card\" content=\"summary_large_image\" \/>\n<meta name=\"twitter:label1\" content=\"Written by\" \/>\n\t<meta name=\"twitter:data1\" content=\"Developer\" \/>\n\t<meta name=\"twitter:label2\" content=\"Est. reading time\" \/>\n\t<meta name=\"twitter:data2\" content=\"3 minutes\" \/>\n<script type=\"application\/ld+json\" class=\"yoast-schema-graph\">{\"@context\":\"https:\\\/\\\/schema.org\",\"@graph\":[{\"@type\":\"Article\",\"@id\":\"https:\\\/\\\/qtmm.org\\\/qt\\\/zarur-meselelerni-cezmek-icun-ameliy-adimlar-atmaq-kerek\\\/#article\",\"isPartOf\":{\"@id\":\"https:\\\/\\\/qtmm.org\\\/qt\\\/zarur-meselelerni-cezmek-icun-ameliy-adimlar-atmaq-kerek\\\/\"},\"author\":{\"name\":\"Developer\",\"@id\":\"https:\\\/\\\/qtmm.org\\\/qt\\\/#\\\/schema\\\/person\\\/de562469f971dec226ac06e60bbf74a7\"},\"headline\":\"Zarur meselelerni \u00e7ezmek i\u00e7\u00fcn ameliy ad\u0131mlar atmaq kerek\",\"datePublished\":\"2012-03-01T13:46:00+00:00\",\"dateModified\":\"2022-01-21T13:49:28+00:00\",\"mainEntityOfPage\":{\"@id\":\"https:\\\/\\\/qtmm.org\\\/qt\\\/zarur-meselelerni-cezmek-icun-ameliy-adimlar-atmaq-kerek\\\/\"},\"wordCount\":532,\"commentCount\":0,\"publisher\":{\"@id\":\"https:\\\/\\\/qtmm.org\\\/qt\\\/#organization\"},\"image\":{\"@id\":\"https:\\\/\\\/qtmm.org\\\/qt\\\/zarur-meselelerni-cezmek-icun-ameliy-adimlar-atmaq-kerek\\\/#primaryimage\"},\"thumbnailUrl\":\"https:\\\/\\\/qtmm.org\\\/wp-content\\\/uploads\\\/2022\\\/01\\\/2_21-1.jpeg\",\"articleSection\":[\"Haberler\"],\"inLanguage\":\"qt\",\"potentialAction\":[{\"@type\":\"CommentAction\",\"name\":\"Comment\",\"target\":[\"https:\\\/\\\/qtmm.org\\\/qt\\\/zarur-meselelerni-cezmek-icun-ameliy-adimlar-atmaq-kerek\\\/#respond\"]}]},{\"@type\":\"WebPage\",\"@id\":\"https:\\\/\\\/qtmm.org\\\/qt\\\/zarur-meselelerni-cezmek-icun-ameliy-adimlar-atmaq-kerek\\\/\",\"url\":\"https:\\\/\\\/qtmm.org\\\/qt\\\/zarur-meselelerni-cezmek-icun-ameliy-adimlar-atmaq-kerek\\\/\",\"name\":\"Zarur meselelerni \u00e7ezmek i\u00e7\u00fcn ameliy ad\u0131mlar atmaq kerek - \u041c\u0435\u0434\u0436\u043b\u0456\u0441\",\"isPartOf\":{\"@id\":\"https:\\\/\\\/qtmm.org\\\/qt\\\/#website\"},\"primaryImageOfPage\":{\"@id\":\"https:\\\/\\\/qtmm.org\\\/qt\\\/zarur-meselelerni-cezmek-icun-ameliy-adimlar-atmaq-kerek\\\/#primaryimage\"},\"image\":{\"@id\":\"https:\\\/\\\/qtmm.org\\\/qt\\\/zarur-meselelerni-cezmek-icun-ameliy-adimlar-atmaq-kerek\\\/#primaryimage\"},\"thumbnailUrl\":\"https:\\\/\\\/qtmm.org\\\/wp-content\\\/uploads\\\/2022\\\/01\\\/2_21-1.jpeg\",\"datePublished\":\"2012-03-01T13:46:00+00:00\",\"dateModified\":\"2022-01-21T13:49:28+00:00\",\"breadcrumb\":{\"@id\":\"https:\\\/\\\/qtmm.org\\\/qt\\\/zarur-meselelerni-cezmek-icun-ameliy-adimlar-atmaq-kerek\\\/#breadcrumb\"},\"inLanguage\":\"qt\",\"potentialAction\":[{\"@type\":\"ReadAction\",\"target\":[\"https:\\\/\\\/qtmm.org\\\/qt\\\/zarur-meselelerni-cezmek-icun-ameliy-adimlar-atmaq-kerek\\\/\"]}]},{\"@type\":\"ImageObject\",\"inLanguage\":\"qt\",\"@id\":\"https:\\\/\\\/qtmm.org\\\/qt\\\/zarur-meselelerni-cezmek-icun-ameliy-adimlar-atmaq-kerek\\\/#primaryimage\",\"url\":\"https:\\\/\\\/qtmm.org\\\/wp-content\\\/uploads\\\/2022\\\/01\\\/2_21-1.jpeg\",\"contentUrl\":\"https:\\\/\\\/qtmm.org\\\/wp-content\\\/uploads\\\/2022\\\/01\\\/2_21-1.jpeg\",\"width\":650,\"height\":390},{\"@type\":\"BreadcrumbList\",\"@id\":\"https:\\\/\\\/qtmm.org\\\/qt\\\/zarur-meselelerni-cezmek-icun-ameliy-adimlar-atmaq-kerek\\\/#breadcrumb\",\"itemListElement\":[{\"@type\":\"ListItem\",\"position\":1,\"name\":\"\u0413\u043e\u043b\u043e\u0432\u043d\u0430\",\"item\":\"https:\\\/\\\/qtmm.org\\\/qt\\\/\"},{\"@type\":\"ListItem\",\"position\":2,\"name\":\"Zarur meselelerni \u00e7ezmek i\u00e7\u00fcn ameliy ad\u0131mlar atmaq kerek\"}]},{\"@type\":\"WebSite\",\"@id\":\"https:\\\/\\\/qtmm.org\\\/qt\\\/#website\",\"url\":\"https:\\\/\\\/qtmm.org\\\/qt\\\/\",\"name\":\"\u041c\u0435\u0434\u0436\u043b\u0456\u0441\",\"description\":\"\",\"publisher\":{\"@id\":\"https:\\\/\\\/qtmm.org\\\/qt\\\/#organization\"},\"potentialAction\":[{\"@type\":\"SearchAction\",\"target\":{\"@type\":\"EntryPoint\",\"urlTemplate\":\"https:\\\/\\\/qtmm.org\\\/qt\\\/?s={search_term_string}\"},\"query-input\":{\"@type\":\"PropertyValueSpecification\",\"valueRequired\":true,\"valueName\":\"search_term_string\"}}],\"inLanguage\":\"qt\"},{\"@type\":\"Organization\",\"@id\":\"https:\\\/\\\/qtmm.org\\\/qt\\\/#organization\",\"name\":\"\u041c\u0435\u0434\u0436\u043b\u0456\u0441\",\"url\":\"https:\\\/\\\/qtmm.org\\\/qt\\\/\",\"logo\":{\"@type\":\"ImageObject\",\"inLanguage\":\"qt\",\"@id\":\"https:\\\/\\\/qtmm.org\\\/qt\\\/#\\\/schema\\\/logo\\\/image\\\/\",\"url\":\"https:\\\/\\\/qtmm.org\\\/wp-content\\\/uploads\\\/2024\\\/12\\\/ua-mejlis-logo-rgb.svg\",\"contentUrl\":\"https:\\\/\\\/qtmm.org\\\/wp-content\\\/uploads\\\/2024\\\/12\\\/ua-mejlis-logo-rgb.svg\",\"caption\":\"\u041c\u0435\u0434\u0436\u043b\u0456\u0441\"},\"image\":{\"@id\":\"https:\\\/\\\/qtmm.org\\\/qt\\\/#\\\/schema\\\/logo\\\/image\\\/\"},\"sameAs\":[\"https:\\\/\\\/www.facebook.com\\\/qtmm.info\\\/\"]},{\"@type\":\"Person\",\"@id\":\"https:\\\/\\\/qtmm.org\\\/qt\\\/#\\\/schema\\\/person\\\/de562469f971dec226ac06e60bbf74a7\",\"name\":\"Developer\",\"image\":{\"@type\":\"ImageObject\",\"inLanguage\":\"qt\",\"@id\":\"https:\\\/\\\/secure.gravatar.com\\\/avatar\\\/392b4cc8fbfeb00b39dfeeab4ee6edded39ffd48e25858637e4765810300227e?s=96&d=mm&r=g\",\"url\":\"https:\\\/\\\/secure.gravatar.com\\\/avatar\\\/392b4cc8fbfeb00b39dfeeab4ee6edded39ffd48e25858637e4765810300227e?s=96&d=mm&r=g\",\"contentUrl\":\"https:\\\/\\\/secure.gravatar.com\\\/avatar\\\/392b4cc8fbfeb00b39dfeeab4ee6edded39ffd48e25858637e4765810300227e?s=96&d=mm&r=g\",\"caption\":\"Developer\"},\"url\":\"https:\\\/\\\/qtmm.org\\\/qt\\\/author\\\/Developer\\\/\"}]}<\/script>\n<!-- \/ Yoast SEO plugin. -->","yoast_head_json":{"title":"Zarur meselelerni \u00e7ezmek i\u00e7\u00fcn ameliy ad\u0131mlar atmaq kerek - \u041c\u0435\u0434\u0436\u043b\u0456\u0441","robots":{"index":"index","follow":"follow","max-snippet":"max-snippet:-1","max-image-preview":"max-image-preview:large","max-video-preview":"max-video-preview:-1"},"canonical":"https:\/\/qtmm.org\/qt\/zarur-meselelerni-cezmek-icun-ameliy-adimlar-atmaq-kerek\/","og_locale":"en_US","og_type":"article","og_title":"Zarur meselelerni \u00e7ezmek i\u00e7\u00fcn ameliy ad\u0131mlar atmaq kerek - \u041c\u0435\u0434\u0436\u043b\u0456\u0441","og_description":"Fevral 29 k\u00fcn\u00fc Q\u0131r\u0131m Yuqar\u0131 \u015euras\u0131n\u0131\u00f1 Milletlerara munasebetleri ve deportatsiya\u011fa o\u011fra\u011fan grajdanlarn\u0131\u00f1 Daimiy komissiyas\u0131nda Q\u0131r\u0131mtatar Yaz\u0131c\u0131lar\u0131 birligini\u00f1 keni\u015fletilgen topla\u015fuv\u0131 ol\u0131p ke\u00e7ti. Topla\u015fuvda QMC Yuqar\u0131 \u015euras\u0131 Milletlerara munasebetler ve s\u00fcrg\u00fcn olun\u011fan grajdanlarn\u0131\u00f1 meseleleri boyunca daimiy komissiyas\u0131n\u0131\u00f1 reisi, Milliy Meclis reisini\u00f1 muavini Remzi \u0130lyasov, Reskomnats reisi Edem Dudakov, Milliy Meclis medeniyet ve tasil idaresini\u00f1 reberi, QMC Yuqar\u0131 [&hellip;]","og_url":"https:\/\/qtmm.org\/qt\/zarur-meselelerni-cezmek-icun-ameliy-adimlar-atmaq-kerek\/","og_site_name":"\u041c\u0435\u0434\u0436\u043b\u0456\u0441","article_publisher":"https:\/\/www.facebook.com\/qtmm.info\/","article_published_time":"2012-03-01T13:46:00+00:00","article_modified_time":"2022-01-21T13:49:28+00:00","og_image":[{"width":650,"height":390,"url":"https:\/\/qtmm.org\/wp-content\/uploads\/2022\/01\/2_21-1.jpeg","type":"image\/jpeg"}],"author":"Developer","twitter_card":"summary_large_image","twitter_misc":{"Written by":"Developer","Est. reading time":"3 minutes"},"schema":{"@context":"https:\/\/schema.org","@graph":[{"@type":"Article","@id":"https:\/\/qtmm.org\/qt\/zarur-meselelerni-cezmek-icun-ameliy-adimlar-atmaq-kerek\/#article","isPartOf":{"@id":"https:\/\/qtmm.org\/qt\/zarur-meselelerni-cezmek-icun-ameliy-adimlar-atmaq-kerek\/"},"author":{"name":"Developer","@id":"https:\/\/qtmm.org\/qt\/#\/schema\/person\/de562469f971dec226ac06e60bbf74a7"},"headline":"Zarur meselelerni \u00e7ezmek i\u00e7\u00fcn ameliy ad\u0131mlar atmaq kerek","datePublished":"2012-03-01T13:46:00+00:00","dateModified":"2022-01-21T13:49:28+00:00","mainEntityOfPage":{"@id":"https:\/\/qtmm.org\/qt\/zarur-meselelerni-cezmek-icun-ameliy-adimlar-atmaq-kerek\/"},"wordCount":532,"commentCount":0,"publisher":{"@id":"https:\/\/qtmm.org\/qt\/#organization"},"image":{"@id":"https:\/\/qtmm.org\/qt\/zarur-meselelerni-cezmek-icun-ameliy-adimlar-atmaq-kerek\/#primaryimage"},"thumbnailUrl":"https:\/\/qtmm.org\/wp-content\/uploads\/2022\/01\/2_21-1.jpeg","articleSection":["Haberler"],"inLanguage":"qt","potentialAction":[{"@type":"CommentAction","name":"Comment","target":["https:\/\/qtmm.org\/qt\/zarur-meselelerni-cezmek-icun-ameliy-adimlar-atmaq-kerek\/#respond"]}]},{"@type":"WebPage","@id":"https:\/\/qtmm.org\/qt\/zarur-meselelerni-cezmek-icun-ameliy-adimlar-atmaq-kerek\/","url":"https:\/\/qtmm.org\/qt\/zarur-meselelerni-cezmek-icun-ameliy-adimlar-atmaq-kerek\/","name":"Zarur meselelerni \u00e7ezmek i\u00e7\u00fcn ameliy ad\u0131mlar atmaq kerek - \u041c\u0435\u0434\u0436\u043b\u0456\u0441","isPartOf":{"@id":"https:\/\/qtmm.org\/qt\/#website"},"primaryImageOfPage":{"@id":"https:\/\/qtmm.org\/qt\/zarur-meselelerni-cezmek-icun-ameliy-adimlar-atmaq-kerek\/#primaryimage"},"image":{"@id":"https:\/\/qtmm.org\/qt\/zarur-meselelerni-cezmek-icun-ameliy-adimlar-atmaq-kerek\/#primaryimage"},"thumbnailUrl":"https:\/\/qtmm.org\/wp-content\/uploads\/2022\/01\/2_21-1.jpeg","datePublished":"2012-03-01T13:46:00+00:00","dateModified":"2022-01-21T13:49:28+00:00","breadcrumb":{"@id":"https:\/\/qtmm.org\/qt\/zarur-meselelerni-cezmek-icun-ameliy-adimlar-atmaq-kerek\/#breadcrumb"},"inLanguage":"qt","potentialAction":[{"@type":"ReadAction","target":["https:\/\/qtmm.org\/qt\/zarur-meselelerni-cezmek-icun-ameliy-adimlar-atmaq-kerek\/"]}]},{"@type":"ImageObject","inLanguage":"qt","@id":"https:\/\/qtmm.org\/qt\/zarur-meselelerni-cezmek-icun-ameliy-adimlar-atmaq-kerek\/#primaryimage","url":"https:\/\/qtmm.org\/wp-content\/uploads\/2022\/01\/2_21-1.jpeg","contentUrl":"https:\/\/qtmm.org\/wp-content\/uploads\/2022\/01\/2_21-1.jpeg","width":650,"height":390},{"@type":"BreadcrumbList","@id":"https:\/\/qtmm.org\/qt\/zarur-meselelerni-cezmek-icun-ameliy-adimlar-atmaq-kerek\/#breadcrumb","itemListElement":[{"@type":"ListItem","position":1,"name":"\u0413\u043e\u043b\u043e\u0432\u043d\u0430","item":"https:\/\/qtmm.org\/qt\/"},{"@type":"ListItem","position":2,"name":"Zarur meselelerni \u00e7ezmek i\u00e7\u00fcn ameliy ad\u0131mlar atmaq kerek"}]},{"@type":"WebSite","@id":"https:\/\/qtmm.org\/qt\/#website","url":"https:\/\/qtmm.org\/qt\/","name":"\u041c\u0435\u0434\u0436\u043b\u0456\u0441","description":"","publisher":{"@id":"https:\/\/qtmm.org\/qt\/#organization"},"potentialAction":[{"@type":"SearchAction","target":{"@type":"EntryPoint","urlTemplate":"https:\/\/qtmm.org\/qt\/?s={search_term_string}"},"query-input":{"@type":"PropertyValueSpecification","valueRequired":true,"valueName":"search_term_string"}}],"inLanguage":"qt"},{"@type":"Organization","@id":"https:\/\/qtmm.org\/qt\/#organization","name":"\u041c\u0435\u0434\u0436\u043b\u0456\u0441","url":"https:\/\/qtmm.org\/qt\/","logo":{"@type":"ImageObject","inLanguage":"qt","@id":"https:\/\/qtmm.org\/qt\/#\/schema\/logo\/image\/","url":"https:\/\/qtmm.org\/wp-content\/uploads\/2024\/12\/ua-mejlis-logo-rgb.svg","contentUrl":"https:\/\/qtmm.org\/wp-content\/uploads\/2024\/12\/ua-mejlis-logo-rgb.svg","caption":"\u041c\u0435\u0434\u0436\u043b\u0456\u0441"},"image":{"@id":"https:\/\/qtmm.org\/qt\/#\/schema\/logo\/image\/"},"sameAs":["https:\/\/www.facebook.com\/qtmm.info\/"]},{"@type":"Person","@id":"https:\/\/qtmm.org\/qt\/#\/schema\/person\/de562469f971dec226ac06e60bbf74a7","name":"Developer","image":{"@type":"ImageObject","inLanguage":"qt","@id":"https:\/\/secure.gravatar.com\/avatar\/392b4cc8fbfeb00b39dfeeab4ee6edded39ffd48e25858637e4765810300227e?s=96&d=mm&r=g","url":"https:\/\/secure.gravatar.com\/avatar\/392b4cc8fbfeb00b39dfeeab4ee6edded39ffd48e25858637e4765810300227e?s=96&d=mm&r=g","contentUrl":"https:\/\/secure.gravatar.com\/avatar\/392b4cc8fbfeb00b39dfeeab4ee6edded39ffd48e25858637e4765810300227e?s=96&d=mm&r=g","caption":"Developer"},"url":"https:\/\/qtmm.org\/qt\/author\/Developer\/"}]}},"_links":{"self":[{"href":"https:\/\/qtmm.org\/qt\/wp-json\/wp\/v2\/posts\/29051","targetHints":{"allow":["GET"]}}],"collection":[{"href":"https:\/\/qtmm.org\/qt\/wp-json\/wp\/v2\/posts"}],"about":[{"href":"https:\/\/qtmm.org\/qt\/wp-json\/wp\/v2\/types\/post"}],"author":[{"embeddable":true,"href":"https:\/\/qtmm.org\/qt\/wp-json\/wp\/v2\/users\/1"}],"replies":[{"embeddable":true,"href":"https:\/\/qtmm.org\/qt\/wp-json\/wp\/v2\/comments?post=29051"}],"version-history":[{"count":1,"href":"https:\/\/qtmm.org\/qt\/wp-json\/wp\/v2\/posts\/29051\/revisions"}],"predecessor-version":[{"id":29056,"href":"https:\/\/qtmm.org\/qt\/wp-json\/wp\/v2\/posts\/29051\/revisions\/29056"}],"wp:featuredmedia":[{"embeddable":true,"href":"https:\/\/qtmm.org\/qt\/wp-json\/wp\/v2\/media\/29052"}],"wp:attachment":[{"href":"https:\/\/qtmm.org\/qt\/wp-json\/wp\/v2\/media?parent=29051"}],"wp:term":[{"taxonomy":"category","embeddable":true,"href":"https:\/\/qtmm.org\/qt\/wp-json\/wp\/v2\/categories?post=29051"},{"taxonomy":"post_tag","embeddable":true,"href":"https:\/\/qtmm.org\/qt\/wp-json\/wp\/v2\/tags?post=29051"}],"curies":[{"name":"wp","href":"https:\/\/api.w.org\/{rel}","templated":true}]}}