




{"id":29025,"date":"2012-02-27T13:51:00","date_gmt":"2012-02-27T10:51:00","guid":{"rendered":"http:\/\/qtmm.org\/?p=29025"},"modified":"2022-01-20T13:54:52","modified_gmt":"2022-01-20T10:54:52","slug":"meclis-reisi-mustafa-cemilevnin-aqmecet-rayonina-is-ziyareti","status":"publish","type":"post","link":"https:\/\/qtmm.org\/qt\/meclis-reisi-mustafa-cemilevnin-aqmecet-rayonina-is-ziyareti\/","title":{"rendered":"Meclis reisi Mustafa Cemilevni\u00f1 Aqme\u00e7et rayon\u0131na i\u015f ziyareti"},"content":{"rendered":"\n<p>2012 senesi fevral 26 k\u00fcn\u00fc Q\u0131r\u0131mtatar halq\u0131 Meclisini\u00f1 reisi, Ukraina halq deputat\u0131 Mustafa Cemilev Aqme\u00e7et region\u0131nda ya\u015fa\u011fan semetde\u015flernen k\u00f6r\u00fc\u015fti.<br><br>K\u00f6r\u00fc\u015f\u00fcv devam\u0131nda yerli meclislerge saylavlarn\u0131 az\u0131rlav ve ke\u00e7ir\u00fcv boyunca komissiyan\u0131\u00f1 azas\u0131 Zevcet Qurt\u00fcmerov territorial komissiyalarn\u0131\u00f1 azalar\u0131 i\u00e7\u00fcn yerli meclislerge olacaq saylavlar\u011fa az\u0131rl\u0131qqa dair meselelerge ba\u011f\u0131\u015flan\u011fan seminar ke\u00e7irdi.<\/p>\n\n\n\n<p>\u015eun\u0131 hat\u0131latmal\u0131 ki, Aqme\u00e7et region\u0131n\u0131\u00f1 \u00f6z-\u00f6z\u00fcni idare et\u00fcv maalliy organlar\u0131na saylavlar 2012 senesi aprel 7-ge belgilendi<\/p>\n\n\n\n<p>Q\u0131r\u0131mtatar halq\u0131 Meclisini\u00f1 reisi Mustafa Cemilev ile Aqme\u00e7et rayon devlet memuriyetini\u00f1 salon\u0131nda ke\u00e7ken k\u00f6r\u00fc\u015f\u00fcvde Aqme\u00e7et rayon devlet memuriyeti reisini\u00f1 birinci muavini Damir \u0130badullayev, Aqme\u00e7et regional meclisini\u00f1 reisi Veli \u0130braimov, yerli meclisler ve diniy cemiyetlerni\u00f1, &#8220;Maarif\u00e7i&#8221; birligini\u00f1 Aqme\u00e7et rayon\u0131ndaki azalar\u0131 i\u015ftirak ettiler.<\/p>\n\n\n\n<figure class=\"wp-block-image size-full\"><img loading=\"lazy\" decoding=\"async\" width=\"650\" height=\"400\" src=\"http:\/\/qtmm.org\/wp-content\/uploads\/2022\/01\/2_20-1.jpeg\" alt=\"\" class=\"wp-image-29030\" srcset=\"https:\/\/qtmm.org\/wp-content\/uploads\/2022\/01\/2_20-1.jpeg 650w, https:\/\/qtmm.org\/wp-content\/uploads\/2022\/01\/2_20-1-300x185.jpeg 300w\" sizes=\"auto, (max-width: 650px) 100vw, 650px\" \/><\/figure>\n\n\n\n<p>\u00c7\u0131q\u0131\u015fta bulun\u011fan Mustafa Cemilev salonda bulun\u011fanlar\u011fa Ukraina ve Q\u0131r\u0131mdaki i\u00e7timaiy-siyasiy vaziyet boyunca mal\u00fcmat berip, 2012 senesi Ukraianada ke\u00e7irilmesi planla\u015ft\u0131r\u0131l\u011fan m\u00fcim vaqialarn\u0131 ayr\u0131ca qayd etti.<\/p>\n\n\n\n<p>&#8220;Bu sene Q\u0131r\u0131mtatar halq\u0131 Qurultay\u0131n\u0131\u00f1 ya\u00f1\u0131 erk\u00e2n\u0131, bun\u0131\u00f1 kibi de Q\u0131r\u0131mtatar halq\u0131Meclisini\u00f1 ya\u00f1\u0131 reisi saylanacaq, &#8211; dedi Mustafa Cemilev. \u2013 So\u00f1ra Ukraina Yuqar\u0131 \u015euras\u0131na umumdevlet saylavlar\u0131 olacaq. Bu saylavlarda q\u0131r\u0131mtatar halq\u0131 angi siyasiy k\u00fc\u00e7ke qoltutaca\u011f\u0131n\u0131 Q\u0131r\u0131mtatar halq\u0131n\u0131\u00f1 Qurultay\u0131 ve on\u0131\u00f1 delegatlar\u0131 belgileycek&#8221;.<\/p>\n\n\n\n<figure class=\"wp-block-image size-full\"><img loading=\"lazy\" decoding=\"async\" width=\"650\" height=\"400\" src=\"http:\/\/qtmm.org\/wp-content\/uploads\/2022\/01\/3_13-1.jpeg\" alt=\"\" class=\"wp-image-29034\" srcset=\"https:\/\/qtmm.org\/wp-content\/uploads\/2022\/01\/3_13-1.jpeg 650w, https:\/\/qtmm.org\/wp-content\/uploads\/2022\/01\/3_13-1-300x185.jpeg 300w\" sizes=\"auto, (max-width: 650px) 100vw, 650px\" \/><\/figure>\n\n\n\n<p>Bundan da \u011fayr\u0131, Meclis reisi q\u0131r\u0131mtatar halq\u0131n\u0131\u00f1 \u00f6m\u00fcrinde daa bir m\u00fcim vaqia \u2013 Q\u0131r\u0131mtatar halq\u0131n\u0131\u00f1 \u00f6z Vatan\u0131nda aqlar\u0131n\u0131 \u011fayr\u0131dan tiklev, Ukrainada on\u0131\u00f1 tel\u00fckesizligini teminlev boyunca halqara forum ke\u00e7irilmesinde ayr\u0131ca toqtald\u0131. &#8220;Q\u0131r\u0131mtatar halq\u0131n\u0131\u00f1 Meclisi \u00d6BSE Aliy komissar\u0131n\u0131\u00f1 ofisi ile planla\u015ft\u0131r\u0131l\u011fan forumn\u0131\u00f1 \u011fayeleri ve neticelerini muzakere etti, amma \u00e7oq \u015fey Ukraina yolba\u015f\u00e7\u0131lar\u0131na ba\u011fl\u0131d\u0131r. Biz \u00fcm\u00fct etemiz ki, yaq\u0131n vaq\u0131tta bu meseleler al etilir ve 2012 senesini\u00f1 k\u00fcz\u00fcnde Halqara forum ke\u00e7irilir.<\/p>\n\n\n\n<p>Aqme\u00e7et region\u0131n\u0131\u00f1 sakinlerine h\u0131tap etken Meclis reisi M.Cemilev olarn\u0131 \u00f6z suallerinde, a\u011f\u0131mdaki vaziyetni talil et\u00fcvde fikir bildir\u00fcvlerinde faal ve serbest olmalar\u0131n\u0131 rica etti.<\/p>\n\n\n\n<p>Salonda otur\u011fanlar taraf\u0131ndan e\u00f1 \u00e7oq berilgen suallerden biri insanlarn\u0131 qanun boyunca al\u0131n\u011fan ve endi \u00e7oqtan evler qurul\u0131p, aileler ya\u015fa\u011fan damart\u0131larn\u0131 resmiyle\u015ftirmek aqq\u0131nda edi. &#8220;Yerli akimiyet adamlarn\u0131 \u00f6z evlerine yazmaylar da, bu evlerni\u00f1 qullan\u0131luv\u011fa berilmegenini mana\u00e7\u0131q eteler, &#8211; dep \u015fiyaketlendi adamlar. Em problema resmiyle\u015ftir\u00fcv i\u015fini\u00f1 uzun m\u00fcddet s\u00fcrgeninde degil de, bu i\u015f i\u00e7\u00fcn talap etilgen pek pal\u0131 fiyatlardad\u0131r.<\/p>\n\n\n\n<figure class=\"wp-block-image size-full\"><img loading=\"lazy\" decoding=\"async\" width=\"650\" height=\"400\" src=\"http:\/\/qtmm.org\/wp-content\/uploads\/2022\/01\/4_10-1.jpeg\" alt=\"\" class=\"wp-image-29038\" srcset=\"https:\/\/qtmm.org\/wp-content\/uploads\/2022\/01\/4_10-1.jpeg 650w, https:\/\/qtmm.org\/wp-content\/uploads\/2022\/01\/4_10-1-300x185.jpeg 300w\" sizes=\"auto, (max-width: 650px) 100vw, 650px\" \/><\/figure>\n\n\n\n<p>Yerli diniy cemiyetlerni\u00f1 vekilleri Meclisni\u00f1 reisinden Aqme\u00e7et qasabas\u0131nda cami quruc\u0131l\u0131\u011f\u0131 devam ettirilmesinde yard\u0131m sorad\u0131lar. Camini\u00f1 temelini yerli sakinler \u00f6z k\u00fc\u00e7lerinen qoy\u011fanlar, quruc\u0131l\u0131qqa izin bergen vesiqalarn\u0131, cami leyhas\u0131n\u0131 da az\u0131rla\u011fanlar. T\u0131pq\u0131 b\u00f6yle ricanen Kirovskiy k\u00f6y\u00fcni\u00f1 sakinleri de muracaat ettiler. K\u00f6yde cami bir qa\u00e7 y\u0131ldan berli \u00e7al\u0131\u015fa, amma minaresi al\u00e2 daa yoqt\u0131r.<\/p>\n\n\n\n<p>Meclis reisi Mustafa Cemilev k\u00f6terilgen meselelerni \u00e7ezmek i\u00e7\u00fcn em Meclis taraf\u0131ndan, em \u015fahsen \u00f6z\u00fcni\u00f1 ad\u0131ndan qolundan kelgeni qadar yard\u0131m bermekni i\u015fand\u0131rd\u0131.<\/p>\n\n\n\n<figure class=\"wp-block-image size-full\"><img loading=\"lazy\" decoding=\"async\" width=\"650\" height=\"400\" src=\"http:\/\/qtmm.org\/wp-content\/uploads\/2022\/01\/5_4-1.jpeg\" alt=\"\" class=\"wp-image-29042\" srcset=\"https:\/\/qtmm.org\/wp-content\/uploads\/2022\/01\/5_4-1.jpeg 650w, https:\/\/qtmm.org\/wp-content\/uploads\/2022\/01\/5_4-1-300x185.jpeg 300w\" sizes=\"auto, (max-width: 650px) 100vw, 650px\" \/><\/figure>\n\n\n\n<p>K\u00f6r\u00fc\u015f\u00fcvde \u00e7\u0131q\u0131\u015fta bulun\u011fan &#8220;Maarif\u00e7i&#8221; birle\u015fmesi Aqme\u00e7et b\u00f6l\u00fcgini\u00f1 Reisi Nuriye Abibullayeva Meclis yolba\u015f\u00e7\u0131lar\u0131na Aqme\u00e7et qasabas\u0131nda yerli balalar i\u00e7\u00fcn pek zarur ol\u011fan q\u0131r\u0131mtatar tilli ba\u011f\u00e7a-mektep qurulmas\u0131nda yard\u0131m sorap muracaatta bulund\u0131.<\/p>\n\n\n\n<figure class=\"wp-block-image size-full\"><img loading=\"lazy\" decoding=\"async\" width=\"650\" height=\"400\" src=\"http:\/\/qtmm.org\/wp-content\/uploads\/2022\/01\/6_1-1.jpeg\" alt=\"\" class=\"wp-image-29046\" srcset=\"https:\/\/qtmm.org\/wp-content\/uploads\/2022\/01\/6_1-1.jpeg 650w, https:\/\/qtmm.org\/wp-content\/uploads\/2022\/01\/6_1-1-300x185.jpeg 300w\" sizes=\"auto, (max-width: 650px) 100vw, 650px\" \/><\/figure>\n\n\n\n<p>&#8220;Bizim Q\u0131r\u0131m&#8221; halqara gen\u00e7ler te\u015fkil\u00e2t\u0131n\u0131\u00f1 a\u011f\u0131mdaki faaliyeti aqq\u0131nda on\u0131\u00f1 reisi, ayn\u0131 zamanda 5-nci \u00e7a\u011f\u0131r\u0131l\u0131\u015f Qurultay delegat\u0131 Abduraman Egiz tarif etti ve regionn\u0131\u00f1 ya\u015flar\u0131n\u0131 daa da faal olma\u011fa \u00e7a\u011f\u0131rd\u0131.<\/p>\n","protected":false},"excerpt":{"rendered":"<p>2012 senesi fevral 26 k\u00fcn\u00fc Q\u0131r\u0131mtatar halq\u0131 Meclisini\u00f1 reisi, Ukraina halq deputat\u0131 Mustafa Cemilev Aqme\u00e7et region\u0131nda ya\u015fa\u011fan semetde\u015flernen k\u00f6r\u00fc\u015fti. K\u00f6r\u00fc\u015f\u00fcv devam\u0131nda yerli meclislerge saylavlarn\u0131 az\u0131rlav ve ke\u00e7ir\u00fcv boyunca komissiyan\u0131\u00f1 azas\u0131 Zevcet Qurt\u00fcmerov territorial komissiyalarn\u0131\u00f1 azalar\u0131 i\u00e7\u00fcn yerli meclislerge olacaq saylavlar\u011fa az\u0131rl\u0131qqa dair meselelerge ba\u011f\u0131\u015flan\u011fan seminar ke\u00e7irdi. \u015eun\u0131 hat\u0131latmal\u0131 ki, Aqme\u00e7et region\u0131n\u0131\u00f1 \u00f6z-\u00f6z\u00fcni idare et\u00fcv maalliy [&hellip;]<\/p>\n","protected":false},"author":1,"featured_media":29026,"comment_status":"open","ping_status":"open","sticky":false,"template":"","format":"standard","meta":{"inline_featured_image":false,"footnotes":""},"categories":[265],"tags":[],"class_list":["post-29025","post","type-post","status-publish","format-standard","has-post-thumbnail","hentry","category-haberler"],"acf":[],"yoast_head":"<!-- This site is optimized with the Yoast SEO plugin v27.4 - https:\/\/yoast.com\/product\/yoast-seo-wordpress\/ -->\n<title>Meclis reisi Mustafa Cemilevni\u00f1 Aqme\u00e7et rayon\u0131na i\u015f ziyareti - \u041c\u0435\u0434\u0436\u043b\u0456\u0441<\/title>\n<meta name=\"robots\" content=\"index, follow, max-snippet:-1, max-image-preview:large, max-video-preview:-1\" \/>\n<link rel=\"canonical\" href=\"https:\/\/qtmm.org\/qt\/meclis-reisi-mustafa-cemilevnin-aqmecet-rayonina-is-ziyareti\/\" \/>\n<meta property=\"og:locale\" content=\"en_US\" \/>\n<meta property=\"og:type\" content=\"article\" \/>\n<meta property=\"og:title\" content=\"Meclis reisi Mustafa Cemilevni\u00f1 Aqme\u00e7et rayon\u0131na i\u015f ziyareti - \u041c\u0435\u0434\u0436\u043b\u0456\u0441\" \/>\n<meta property=\"og:description\" content=\"2012 senesi fevral 26 k\u00fcn\u00fc Q\u0131r\u0131mtatar halq\u0131 Meclisini\u00f1 reisi, Ukraina halq deputat\u0131 Mustafa Cemilev Aqme\u00e7et region\u0131nda ya\u015fa\u011fan semetde\u015flernen k\u00f6r\u00fc\u015fti. K\u00f6r\u00fc\u015f\u00fcv devam\u0131nda yerli meclislerge saylavlarn\u0131 az\u0131rlav ve ke\u00e7ir\u00fcv boyunca komissiyan\u0131\u00f1 azas\u0131 Zevcet Qurt\u00fcmerov territorial komissiyalarn\u0131\u00f1 azalar\u0131 i\u00e7\u00fcn yerli meclislerge olacaq saylavlar\u011fa az\u0131rl\u0131qqa dair meselelerge ba\u011f\u0131\u015flan\u011fan seminar ke\u00e7irdi. \u015eun\u0131 hat\u0131latmal\u0131 ki, Aqme\u00e7et region\u0131n\u0131\u00f1 \u00f6z-\u00f6z\u00fcni idare et\u00fcv maalliy [&hellip;]\" \/>\n<meta property=\"og:url\" content=\"https:\/\/qtmm.org\/qt\/meclis-reisi-mustafa-cemilevnin-aqmecet-rayonina-is-ziyareti\/\" \/>\n<meta property=\"og:site_name\" content=\"\u041c\u0435\u0434\u0436\u043b\u0456\u0441\" \/>\n<meta property=\"article:publisher\" content=\"https:\/\/www.facebook.com\/qtmm.info\/\" \/>\n<meta property=\"article:published_time\" content=\"2012-02-27T10:51:00+00:00\" \/>\n<meta property=\"article:modified_time\" content=\"2022-01-20T10:54:52+00:00\" \/>\n<meta property=\"og:image\" content=\"https:\/\/qtmm.org\/wp-content\/uploads\/2022\/01\/1_19-1.jpeg\" \/>\n\t<meta property=\"og:image:width\" content=\"650\" \/>\n\t<meta property=\"og:image:height\" content=\"400\" \/>\n\t<meta property=\"og:image:type\" content=\"image\/jpeg\" \/>\n<meta name=\"author\" content=\"Developer\" \/>\n<meta name=\"twitter:card\" content=\"summary_large_image\" \/>\n<meta name=\"twitter:label1\" content=\"Written by\" \/>\n\t<meta name=\"twitter:data1\" content=\"Developer\" \/>\n\t<meta name=\"twitter:label2\" content=\"Est. reading time\" \/>\n\t<meta name=\"twitter:data2\" content=\"3 minutes\" \/>\n<script type=\"application\/ld+json\" class=\"yoast-schema-graph\">{\"@context\":\"https:\\\/\\\/schema.org\",\"@graph\":[{\"@type\":\"Article\",\"@id\":\"https:\\\/\\\/qtmm.org\\\/qt\\\/meclis-reisi-mustafa-cemilevnin-aqmecet-rayonina-is-ziyareti\\\/#article\",\"isPartOf\":{\"@id\":\"https:\\\/\\\/qtmm.org\\\/qt\\\/meclis-reisi-mustafa-cemilevnin-aqmecet-rayonina-is-ziyareti\\\/\"},\"author\":{\"name\":\"Developer\",\"@id\":\"https:\\\/\\\/qtmm.org\\\/qt\\\/#\\\/schema\\\/person\\\/de562469f971dec226ac06e60bbf74a7\"},\"headline\":\"Meclis reisi Mustafa Cemilevni\u00f1 Aqme\u00e7et rayon\u0131na i\u015f ziyareti\",\"datePublished\":\"2012-02-27T10:51:00+00:00\",\"dateModified\":\"2022-01-20T10:54:52+00:00\",\"mainEntityOfPage\":{\"@id\":\"https:\\\/\\\/qtmm.org\\\/qt\\\/meclis-reisi-mustafa-cemilevnin-aqmecet-rayonina-is-ziyareti\\\/\"},\"wordCount\":645,\"commentCount\":0,\"publisher\":{\"@id\":\"https:\\\/\\\/qtmm.org\\\/qt\\\/#organization\"},\"image\":{\"@id\":\"https:\\\/\\\/qtmm.org\\\/qt\\\/meclis-reisi-mustafa-cemilevnin-aqmecet-rayonina-is-ziyareti\\\/#primaryimage\"},\"thumbnailUrl\":\"https:\\\/\\\/qtmm.org\\\/wp-content\\\/uploads\\\/2022\\\/01\\\/1_19-1.jpeg\",\"articleSection\":[\"Haberler\"],\"inLanguage\":\"qt\",\"potentialAction\":[{\"@type\":\"CommentAction\",\"name\":\"Comment\",\"target\":[\"https:\\\/\\\/qtmm.org\\\/qt\\\/meclis-reisi-mustafa-cemilevnin-aqmecet-rayonina-is-ziyareti\\\/#respond\"]}]},{\"@type\":\"WebPage\",\"@id\":\"https:\\\/\\\/qtmm.org\\\/qt\\\/meclis-reisi-mustafa-cemilevnin-aqmecet-rayonina-is-ziyareti\\\/\",\"url\":\"https:\\\/\\\/qtmm.org\\\/qt\\\/meclis-reisi-mustafa-cemilevnin-aqmecet-rayonina-is-ziyareti\\\/\",\"name\":\"Meclis reisi Mustafa Cemilevni\u00f1 Aqme\u00e7et rayon\u0131na i\u015f ziyareti - \u041c\u0435\u0434\u0436\u043b\u0456\u0441\",\"isPartOf\":{\"@id\":\"https:\\\/\\\/qtmm.org\\\/qt\\\/#website\"},\"primaryImageOfPage\":{\"@id\":\"https:\\\/\\\/qtmm.org\\\/qt\\\/meclis-reisi-mustafa-cemilevnin-aqmecet-rayonina-is-ziyareti\\\/#primaryimage\"},\"image\":{\"@id\":\"https:\\\/\\\/qtmm.org\\\/qt\\\/meclis-reisi-mustafa-cemilevnin-aqmecet-rayonina-is-ziyareti\\\/#primaryimage\"},\"thumbnailUrl\":\"https:\\\/\\\/qtmm.org\\\/wp-content\\\/uploads\\\/2022\\\/01\\\/1_19-1.jpeg\",\"datePublished\":\"2012-02-27T10:51:00+00:00\",\"dateModified\":\"2022-01-20T10:54:52+00:00\",\"breadcrumb\":{\"@id\":\"https:\\\/\\\/qtmm.org\\\/qt\\\/meclis-reisi-mustafa-cemilevnin-aqmecet-rayonina-is-ziyareti\\\/#breadcrumb\"},\"inLanguage\":\"qt\",\"potentialAction\":[{\"@type\":\"ReadAction\",\"target\":[\"https:\\\/\\\/qtmm.org\\\/qt\\\/meclis-reisi-mustafa-cemilevnin-aqmecet-rayonina-is-ziyareti\\\/\"]}]},{\"@type\":\"ImageObject\",\"inLanguage\":\"qt\",\"@id\":\"https:\\\/\\\/qtmm.org\\\/qt\\\/meclis-reisi-mustafa-cemilevnin-aqmecet-rayonina-is-ziyareti\\\/#primaryimage\",\"url\":\"https:\\\/\\\/qtmm.org\\\/wp-content\\\/uploads\\\/2022\\\/01\\\/1_19-1.jpeg\",\"contentUrl\":\"https:\\\/\\\/qtmm.org\\\/wp-content\\\/uploads\\\/2022\\\/01\\\/1_19-1.jpeg\",\"width\":650,\"height\":400},{\"@type\":\"BreadcrumbList\",\"@id\":\"https:\\\/\\\/qtmm.org\\\/qt\\\/meclis-reisi-mustafa-cemilevnin-aqmecet-rayonina-is-ziyareti\\\/#breadcrumb\",\"itemListElement\":[{\"@type\":\"ListItem\",\"position\":1,\"name\":\"\u0413\u043e\u043b\u043e\u0432\u043d\u0430\",\"item\":\"https:\\\/\\\/qtmm.org\\\/qt\\\/\"},{\"@type\":\"ListItem\",\"position\":2,\"name\":\"Meclis reisi Mustafa Cemilevni\u00f1 Aqme\u00e7et rayon\u0131na i\u015f ziyareti\"}]},{\"@type\":\"WebSite\",\"@id\":\"https:\\\/\\\/qtmm.org\\\/qt\\\/#website\",\"url\":\"https:\\\/\\\/qtmm.org\\\/qt\\\/\",\"name\":\"\u041c\u0435\u0434\u0436\u043b\u0456\u0441\",\"description\":\"\",\"publisher\":{\"@id\":\"https:\\\/\\\/qtmm.org\\\/qt\\\/#organization\"},\"potentialAction\":[{\"@type\":\"SearchAction\",\"target\":{\"@type\":\"EntryPoint\",\"urlTemplate\":\"https:\\\/\\\/qtmm.org\\\/qt\\\/?s={search_term_string}\"},\"query-input\":{\"@type\":\"PropertyValueSpecification\",\"valueRequired\":true,\"valueName\":\"search_term_string\"}}],\"inLanguage\":\"qt\"},{\"@type\":\"Organization\",\"@id\":\"https:\\\/\\\/qtmm.org\\\/qt\\\/#organization\",\"name\":\"\u041c\u0435\u0434\u0436\u043b\u0456\u0441\",\"url\":\"https:\\\/\\\/qtmm.org\\\/qt\\\/\",\"logo\":{\"@type\":\"ImageObject\",\"inLanguage\":\"qt\",\"@id\":\"https:\\\/\\\/qtmm.org\\\/qt\\\/#\\\/schema\\\/logo\\\/image\\\/\",\"url\":\"https:\\\/\\\/qtmm.org\\\/wp-content\\\/uploads\\\/2024\\\/12\\\/ua-mejlis-logo-rgb.svg\",\"contentUrl\":\"https:\\\/\\\/qtmm.org\\\/wp-content\\\/uploads\\\/2024\\\/12\\\/ua-mejlis-logo-rgb.svg\",\"caption\":\"\u041c\u0435\u0434\u0436\u043b\u0456\u0441\"},\"image\":{\"@id\":\"https:\\\/\\\/qtmm.org\\\/qt\\\/#\\\/schema\\\/logo\\\/image\\\/\"},\"sameAs\":[\"https:\\\/\\\/www.facebook.com\\\/qtmm.info\\\/\"]},{\"@type\":\"Person\",\"@id\":\"https:\\\/\\\/qtmm.org\\\/qt\\\/#\\\/schema\\\/person\\\/de562469f971dec226ac06e60bbf74a7\",\"name\":\"Developer\",\"image\":{\"@type\":\"ImageObject\",\"inLanguage\":\"qt\",\"@id\":\"https:\\\/\\\/secure.gravatar.com\\\/avatar\\\/392b4cc8fbfeb00b39dfeeab4ee6edded39ffd48e25858637e4765810300227e?s=96&d=mm&r=g\",\"url\":\"https:\\\/\\\/secure.gravatar.com\\\/avatar\\\/392b4cc8fbfeb00b39dfeeab4ee6edded39ffd48e25858637e4765810300227e?s=96&d=mm&r=g\",\"contentUrl\":\"https:\\\/\\\/secure.gravatar.com\\\/avatar\\\/392b4cc8fbfeb00b39dfeeab4ee6edded39ffd48e25858637e4765810300227e?s=96&d=mm&r=g\",\"caption\":\"Developer\"},\"url\":\"https:\\\/\\\/qtmm.org\\\/qt\\\/author\\\/Developer\\\/\"}]}<\/script>\n<!-- \/ Yoast SEO plugin. -->","yoast_head_json":{"title":"Meclis reisi Mustafa Cemilevni\u00f1 Aqme\u00e7et rayon\u0131na i\u015f ziyareti - \u041c\u0435\u0434\u0436\u043b\u0456\u0441","robots":{"index":"index","follow":"follow","max-snippet":"max-snippet:-1","max-image-preview":"max-image-preview:large","max-video-preview":"max-video-preview:-1"},"canonical":"https:\/\/qtmm.org\/qt\/meclis-reisi-mustafa-cemilevnin-aqmecet-rayonina-is-ziyareti\/","og_locale":"en_US","og_type":"article","og_title":"Meclis reisi Mustafa Cemilevni\u00f1 Aqme\u00e7et rayon\u0131na i\u015f ziyareti - \u041c\u0435\u0434\u0436\u043b\u0456\u0441","og_description":"2012 senesi fevral 26 k\u00fcn\u00fc Q\u0131r\u0131mtatar halq\u0131 Meclisini\u00f1 reisi, Ukraina halq deputat\u0131 Mustafa Cemilev Aqme\u00e7et region\u0131nda ya\u015fa\u011fan semetde\u015flernen k\u00f6r\u00fc\u015fti. K\u00f6r\u00fc\u015f\u00fcv devam\u0131nda yerli meclislerge saylavlarn\u0131 az\u0131rlav ve ke\u00e7ir\u00fcv boyunca komissiyan\u0131\u00f1 azas\u0131 Zevcet Qurt\u00fcmerov territorial komissiyalarn\u0131\u00f1 azalar\u0131 i\u00e7\u00fcn yerli meclislerge olacaq saylavlar\u011fa az\u0131rl\u0131qqa dair meselelerge ba\u011f\u0131\u015flan\u011fan seminar ke\u00e7irdi. \u015eun\u0131 hat\u0131latmal\u0131 ki, Aqme\u00e7et region\u0131n\u0131\u00f1 \u00f6z-\u00f6z\u00fcni idare et\u00fcv maalliy [&hellip;]","og_url":"https:\/\/qtmm.org\/qt\/meclis-reisi-mustafa-cemilevnin-aqmecet-rayonina-is-ziyareti\/","og_site_name":"\u041c\u0435\u0434\u0436\u043b\u0456\u0441","article_publisher":"https:\/\/www.facebook.com\/qtmm.info\/","article_published_time":"2012-02-27T10:51:00+00:00","article_modified_time":"2022-01-20T10:54:52+00:00","og_image":[{"width":650,"height":400,"url":"https:\/\/qtmm.org\/wp-content\/uploads\/2022\/01\/1_19-1.jpeg","type":"image\/jpeg"}],"author":"Developer","twitter_card":"summary_large_image","twitter_misc":{"Written by":"Developer","Est. reading time":"3 minutes"},"schema":{"@context":"https:\/\/schema.org","@graph":[{"@type":"Article","@id":"https:\/\/qtmm.org\/qt\/meclis-reisi-mustafa-cemilevnin-aqmecet-rayonina-is-ziyareti\/#article","isPartOf":{"@id":"https:\/\/qtmm.org\/qt\/meclis-reisi-mustafa-cemilevnin-aqmecet-rayonina-is-ziyareti\/"},"author":{"name":"Developer","@id":"https:\/\/qtmm.org\/qt\/#\/schema\/person\/de562469f971dec226ac06e60bbf74a7"},"headline":"Meclis reisi Mustafa Cemilevni\u00f1 Aqme\u00e7et rayon\u0131na i\u015f ziyareti","datePublished":"2012-02-27T10:51:00+00:00","dateModified":"2022-01-20T10:54:52+00:00","mainEntityOfPage":{"@id":"https:\/\/qtmm.org\/qt\/meclis-reisi-mustafa-cemilevnin-aqmecet-rayonina-is-ziyareti\/"},"wordCount":645,"commentCount":0,"publisher":{"@id":"https:\/\/qtmm.org\/qt\/#organization"},"image":{"@id":"https:\/\/qtmm.org\/qt\/meclis-reisi-mustafa-cemilevnin-aqmecet-rayonina-is-ziyareti\/#primaryimage"},"thumbnailUrl":"https:\/\/qtmm.org\/wp-content\/uploads\/2022\/01\/1_19-1.jpeg","articleSection":["Haberler"],"inLanguage":"qt","potentialAction":[{"@type":"CommentAction","name":"Comment","target":["https:\/\/qtmm.org\/qt\/meclis-reisi-mustafa-cemilevnin-aqmecet-rayonina-is-ziyareti\/#respond"]}]},{"@type":"WebPage","@id":"https:\/\/qtmm.org\/qt\/meclis-reisi-mustafa-cemilevnin-aqmecet-rayonina-is-ziyareti\/","url":"https:\/\/qtmm.org\/qt\/meclis-reisi-mustafa-cemilevnin-aqmecet-rayonina-is-ziyareti\/","name":"Meclis reisi Mustafa Cemilevni\u00f1 Aqme\u00e7et rayon\u0131na i\u015f ziyareti - \u041c\u0435\u0434\u0436\u043b\u0456\u0441","isPartOf":{"@id":"https:\/\/qtmm.org\/qt\/#website"},"primaryImageOfPage":{"@id":"https:\/\/qtmm.org\/qt\/meclis-reisi-mustafa-cemilevnin-aqmecet-rayonina-is-ziyareti\/#primaryimage"},"image":{"@id":"https:\/\/qtmm.org\/qt\/meclis-reisi-mustafa-cemilevnin-aqmecet-rayonina-is-ziyareti\/#primaryimage"},"thumbnailUrl":"https:\/\/qtmm.org\/wp-content\/uploads\/2022\/01\/1_19-1.jpeg","datePublished":"2012-02-27T10:51:00+00:00","dateModified":"2022-01-20T10:54:52+00:00","breadcrumb":{"@id":"https:\/\/qtmm.org\/qt\/meclis-reisi-mustafa-cemilevnin-aqmecet-rayonina-is-ziyareti\/#breadcrumb"},"inLanguage":"qt","potentialAction":[{"@type":"ReadAction","target":["https:\/\/qtmm.org\/qt\/meclis-reisi-mustafa-cemilevnin-aqmecet-rayonina-is-ziyareti\/"]}]},{"@type":"ImageObject","inLanguage":"qt","@id":"https:\/\/qtmm.org\/qt\/meclis-reisi-mustafa-cemilevnin-aqmecet-rayonina-is-ziyareti\/#primaryimage","url":"https:\/\/qtmm.org\/wp-content\/uploads\/2022\/01\/1_19-1.jpeg","contentUrl":"https:\/\/qtmm.org\/wp-content\/uploads\/2022\/01\/1_19-1.jpeg","width":650,"height":400},{"@type":"BreadcrumbList","@id":"https:\/\/qtmm.org\/qt\/meclis-reisi-mustafa-cemilevnin-aqmecet-rayonina-is-ziyareti\/#breadcrumb","itemListElement":[{"@type":"ListItem","position":1,"name":"\u0413\u043e\u043b\u043e\u0432\u043d\u0430","item":"https:\/\/qtmm.org\/qt\/"},{"@type":"ListItem","position":2,"name":"Meclis reisi Mustafa Cemilevni\u00f1 Aqme\u00e7et rayon\u0131na i\u015f ziyareti"}]},{"@type":"WebSite","@id":"https:\/\/qtmm.org\/qt\/#website","url":"https:\/\/qtmm.org\/qt\/","name":"\u041c\u0435\u0434\u0436\u043b\u0456\u0441","description":"","publisher":{"@id":"https:\/\/qtmm.org\/qt\/#organization"},"potentialAction":[{"@type":"SearchAction","target":{"@type":"EntryPoint","urlTemplate":"https:\/\/qtmm.org\/qt\/?s={search_term_string}"},"query-input":{"@type":"PropertyValueSpecification","valueRequired":true,"valueName":"search_term_string"}}],"inLanguage":"qt"},{"@type":"Organization","@id":"https:\/\/qtmm.org\/qt\/#organization","name":"\u041c\u0435\u0434\u0436\u043b\u0456\u0441","url":"https:\/\/qtmm.org\/qt\/","logo":{"@type":"ImageObject","inLanguage":"qt","@id":"https:\/\/qtmm.org\/qt\/#\/schema\/logo\/image\/","url":"https:\/\/qtmm.org\/wp-content\/uploads\/2024\/12\/ua-mejlis-logo-rgb.svg","contentUrl":"https:\/\/qtmm.org\/wp-content\/uploads\/2024\/12\/ua-mejlis-logo-rgb.svg","caption":"\u041c\u0435\u0434\u0436\u043b\u0456\u0441"},"image":{"@id":"https:\/\/qtmm.org\/qt\/#\/schema\/logo\/image\/"},"sameAs":["https:\/\/www.facebook.com\/qtmm.info\/"]},{"@type":"Person","@id":"https:\/\/qtmm.org\/qt\/#\/schema\/person\/de562469f971dec226ac06e60bbf74a7","name":"Developer","image":{"@type":"ImageObject","inLanguage":"qt","@id":"https:\/\/secure.gravatar.com\/avatar\/392b4cc8fbfeb00b39dfeeab4ee6edded39ffd48e25858637e4765810300227e?s=96&d=mm&r=g","url":"https:\/\/secure.gravatar.com\/avatar\/392b4cc8fbfeb00b39dfeeab4ee6edded39ffd48e25858637e4765810300227e?s=96&d=mm&r=g","contentUrl":"https:\/\/secure.gravatar.com\/avatar\/392b4cc8fbfeb00b39dfeeab4ee6edded39ffd48e25858637e4765810300227e?s=96&d=mm&r=g","caption":"Developer"},"url":"https:\/\/qtmm.org\/qt\/author\/Developer\/"}]}},"_links":{"self":[{"href":"https:\/\/qtmm.org\/qt\/wp-json\/wp\/v2\/posts\/29025","targetHints":{"allow":["GET"]}}],"collection":[{"href":"https:\/\/qtmm.org\/qt\/wp-json\/wp\/v2\/posts"}],"about":[{"href":"https:\/\/qtmm.org\/qt\/wp-json\/wp\/v2\/types\/post"}],"author":[{"embeddable":true,"href":"https:\/\/qtmm.org\/qt\/wp-json\/wp\/v2\/users\/1"}],"replies":[{"embeddable":true,"href":"https:\/\/qtmm.org\/qt\/wp-json\/wp\/v2\/comments?post=29025"}],"version-history":[{"count":1,"href":"https:\/\/qtmm.org\/qt\/wp-json\/wp\/v2\/posts\/29025\/revisions"}],"predecessor-version":[{"id":29050,"href":"https:\/\/qtmm.org\/qt\/wp-json\/wp\/v2\/posts\/29025\/revisions\/29050"}],"wp:featuredmedia":[{"embeddable":true,"href":"https:\/\/qtmm.org\/qt\/wp-json\/wp\/v2\/media\/29026"}],"wp:attachment":[{"href":"https:\/\/qtmm.org\/qt\/wp-json\/wp\/v2\/media?parent=29025"}],"wp:term":[{"taxonomy":"category","embeddable":true,"href":"https:\/\/qtmm.org\/qt\/wp-json\/wp\/v2\/categories?post=29025"},{"taxonomy":"post_tag","embeddable":true,"href":"https:\/\/qtmm.org\/qt\/wp-json\/wp\/v2\/tags?post=29025"}],"curies":[{"name":"wp","href":"https:\/\/api.w.org\/{rel}","templated":true}]}}