




{"id":28879,"date":"2012-02-24T13:44:00","date_gmt":"2012-02-24T10:44:00","guid":{"rendered":"http:\/\/qtmm.org\/?p=28879"},"modified":"2022-01-20T13:46:27","modified_gmt":"2022-01-20T10:46:27","slug":"noman-celebicihanni-anma-kunu","status":"publish","type":"post","link":"https:\/\/qtmm.org\/qt\/noman-celebicihanni-anma-kunu\/","title":{"rendered":"Noman \u00c7elebicihann\u0131 a\u00f1ma k\u00fcn\u00fc"},"content":{"rendered":"\n<p>Belli q\u0131r\u0131mtatar \u015fairi, cemaat ve siyaset erbab\u0131, Q\u0131r\u0131m, Poloniya, Litvaniya ve Beyazrusiye musulmanlar\u0131n\u0131\u00f1 m\u00fcftisi Noman \u00c7elebicihan \u00f6ld\u00fcrilgenini\u00f1 94 y\u0131ll\u0131\u011f\u0131 munasebetinen ke\u00e7irilgen merasimler \u00e7er\u00e7ivesinde on\u0131\u00f1 hat\u0131ras\u0131n\u0131 a\u00f1maq i\u00e7\u00fcn Aqmescit cemaat\u00e7\u0131l\u0131\u011f\u0131 23 fevral k\u00fcn\u00fc \u0130. Gasprinskiy ad\u0131na q\u0131r\u0131mtatar k\u00fct\u00fcphanesinde topland\u0131.<\/p>\n\n\n\n<p>Tedbirde bulun\u011fan Q\u0131r\u0131m Yuqar\u0131 \u015euras\u0131 Daimiy komissiyas\u0131n\u0131\u00f1 reisi, Milliy Meclis reisini\u00f1 muavini Remzi \u0130lyasov, Cumhuriyet milletler komitetini\u00f1 reisi Edem Dudakov, q\u0131r\u0131mtatar yaz\u0131c\u0131lar birligini\u00f1 reisi Riza Faz\u0131l ve digerleri \u00f6z \u00e7\u0131q\u0131\u015flar\u0131nda fevral 23 k\u00fcn\u00fc q\u0131r\u0131mtatar halq\u0131 \u00f6z Yurtun\u0131\u00f1 aqiqiy qoruy\u0131c\u0131s\u0131 ol\u011fan, Q\u0131r\u0131m akimiyetini\u00f1 birinci reisi Noman \u00c7elebicihann\u0131 millet em qay\u011f\u0131, em iftihar ile a\u00f1\u011fan\u0131n\u0131 qayd ettiler.<\/p>\n\n\n\n<p>K\u00fct\u00fcphane m\u00fcdirini\u00f1 muavini Leyl\u00e2 Qad\u0131rov &#8220;Antl\u0131 \u015feitimiz unutulmaz&#8221; kitap ve vesiqalar sergisini numay\u0131\u015f etti.<\/p>\n\n\n\n<figure class=\"wp-block-image size-full\"><img loading=\"lazy\" decoding=\"async\" width=\"650\" height=\"420\" src=\"http:\/\/qtmm.org\/wp-content\/uploads\/2022\/01\/p1010569-1.jpeg\" alt=\"\" class=\"wp-image-28884\" srcset=\"https:\/\/qtmm.org\/wp-content\/uploads\/2022\/01\/p1010569-1.jpeg 650w, https:\/\/qtmm.org\/wp-content\/uploads\/2022\/01\/p1010569-1-300x194.jpeg 300w\" sizes=\"auto, (max-width: 650px) 100vw, 650px\" \/><\/figure>\n\n\n\n<figure class=\"wp-block-image size-full\"><img loading=\"lazy\" decoding=\"async\" width=\"650\" height=\"420\" src=\"http:\/\/qtmm.org\/wp-content\/uploads\/2022\/01\/dsc04724-1.jpeg\" alt=\"\" class=\"wp-image-28888\" srcset=\"https:\/\/qtmm.org\/wp-content\/uploads\/2022\/01\/dsc04724-1.jpeg 650w, https:\/\/qtmm.org\/wp-content\/uploads\/2022\/01\/dsc04724-1-300x194.jpeg 300w\" sizes=\"auto, (max-width: 650px) 100vw, 650px\" \/><\/figure>\n\n\n\n<p><em>Mal\u00fcmat<\/em>:&nbsp;Noman \u00c7elebicihan 1885 senesi Cank\u00f6y civar\u0131ndaki Sonaq k\u00f6y\u00fcnde d\u00fcnya\u011fa keldi. Ba\u015fta yerli mektepte, so\u00f1ra Kezlev medresesinde tasil al\u0131p, oquv\u0131n\u0131 \u0130stanbul universitetini\u00f1 uquq fakultetinde devam ettirdi. Ayn\u0131 zamanda &#8220;Student gen\u00e7ler cemiyeti&#8221;ni\u00f1 qurulmas\u0131nda i\u015ftirak etti ve halqn\u0131 m\u00fcstemleke rejiminden qurtarmaq o\u011frunda siyasiy faaliyette \u011fayret k\u00f6sterdi. Cafer Seydamet ve ileri q\u0131r\u0131mtatar ya\u015flar\u0131nen birlikte t\u00fcrk inqil\u00e2b\u0131nda i\u015ftirak ete.<\/p>\n\n\n\n<p>1912 senesi oquvn\u0131 bitirgen \u00c7elebicihan Q\u0131r\u0131m\u011fa qayt\u0131p kele, so\u00f1ra Sankt-Peterburg\u011fa kete ve anda rus gen\u00e7lerinen tan\u0131\u015fa.<\/p>\n\n\n\n<p>1917 senesi Q\u0131r\u0131m m\u00fcftisi, so\u00f1ra Q\u0131r\u0131m Musulman \u0130cra komitetini\u00f1 reisi etip saylana. Q\u0131r\u0131m \u00fck\u00fcmetini\u00f1 ba\u015f\u0131 olaraq \u00f6z halq\u0131n\u0131\u00f1 ya\u015fay\u0131\u015f\u0131n\u0131 t\u00fczeltmek ve milliy medeniyetni inki\u015faf ettir\u00fcvde faal areketlerni yapa.<\/p>\n\n\n\n<p>\u00d6z \u015fiirlerini N. \u00c7elebicihan daa pek gen\u00e7 eken yaz\u0131p ba\u015flay. On\u0131\u00f1 lirikas\u0131 felsefiy t\u00fcs ta\u015f\u0131y, teren milliy duy\u011fularnen farq ete. On\u0131\u00f1 eserlerinde vatanperverlik \u00e7izgileri medh etile. &#8220;Ant etkenmen!&#8221; \u015firi ise q\u0131r\u0131mtatar halq\u0131n\u0131\u00f1 gimnidir.<\/p>\n\n\n\n<p>1918 senesi fevral 23 k\u00fcn\u00fc bol\u015fevikler taraf\u0131ndan vah\u015fiylerce \u00f6ld\u00fcrildi.<\/p>\n","protected":false},"excerpt":{"rendered":"<p>Belli q\u0131r\u0131mtatar \u015fairi, cemaat ve siyaset erbab\u0131, Q\u0131r\u0131m, Poloniya, Litvaniya ve Beyazrusiye musulmanlar\u0131n\u0131\u00f1 m\u00fcftisi Noman \u00c7elebicihan \u00f6ld\u00fcrilgenini\u00f1 94 y\u0131ll\u0131\u011f\u0131 munasebetinen ke\u00e7irilgen merasimler \u00e7er\u00e7ivesinde on\u0131\u00f1 hat\u0131ras\u0131n\u0131 a\u00f1maq i\u00e7\u00fcn Aqmescit cemaat\u00e7\u0131l\u0131\u011f\u0131 23 fevral k\u00fcn\u00fc \u0130. Gasprinskiy ad\u0131na q\u0131r\u0131mtatar k\u00fct\u00fcphanesinde topland\u0131. Tedbirde bulun\u011fan Q\u0131r\u0131m Yuqar\u0131 \u015euras\u0131 Daimiy komissiyas\u0131n\u0131\u00f1 reisi, Milliy Meclis reisini\u00f1 muavini Remzi \u0130lyasov, Cumhuriyet milletler komitetini\u00f1 [&hellip;]<\/p>\n","protected":false},"author":1,"featured_media":28880,"comment_status":"open","ping_status":"open","sticky":false,"template":"","format":"standard","meta":{"inline_featured_image":false,"footnotes":""},"categories":[265],"tags":[],"class_list":["post-28879","post","type-post","status-publish","format-standard","has-post-thumbnail","hentry","category-haberler"],"acf":[],"yoast_head":"<!-- This site is optimized with the Yoast SEO plugin v27.4 - https:\/\/yoast.com\/product\/yoast-seo-wordpress\/ -->\n<title>Noman \u00c7elebicihann\u0131 a\u00f1ma k\u00fcn\u00fc - \u041c\u0435\u0434\u0436\u043b\u0456\u0441<\/title>\n<meta name=\"robots\" content=\"index, follow, max-snippet:-1, max-image-preview:large, max-video-preview:-1\" \/>\n<link rel=\"canonical\" href=\"https:\/\/qtmm.org\/qt\/noman-celebicihanni-anma-kunu\/\" \/>\n<meta property=\"og:locale\" content=\"en_US\" \/>\n<meta property=\"og:type\" content=\"article\" \/>\n<meta property=\"og:title\" content=\"Noman \u00c7elebicihann\u0131 a\u00f1ma k\u00fcn\u00fc - \u041c\u0435\u0434\u0436\u043b\u0456\u0441\" \/>\n<meta property=\"og:description\" content=\"Belli q\u0131r\u0131mtatar \u015fairi, cemaat ve siyaset erbab\u0131, Q\u0131r\u0131m, Poloniya, Litvaniya ve Beyazrusiye musulmanlar\u0131n\u0131\u00f1 m\u00fcftisi Noman \u00c7elebicihan \u00f6ld\u00fcrilgenini\u00f1 94 y\u0131ll\u0131\u011f\u0131 munasebetinen ke\u00e7irilgen merasimler \u00e7er\u00e7ivesinde on\u0131\u00f1 hat\u0131ras\u0131n\u0131 a\u00f1maq i\u00e7\u00fcn Aqmescit cemaat\u00e7\u0131l\u0131\u011f\u0131 23 fevral k\u00fcn\u00fc \u0130. Gasprinskiy ad\u0131na q\u0131r\u0131mtatar k\u00fct\u00fcphanesinde topland\u0131. Tedbirde bulun\u011fan Q\u0131r\u0131m Yuqar\u0131 \u015euras\u0131 Daimiy komissiyas\u0131n\u0131\u00f1 reisi, Milliy Meclis reisini\u00f1 muavini Remzi \u0130lyasov, Cumhuriyet milletler komitetini\u00f1 [&hellip;]\" \/>\n<meta property=\"og:url\" content=\"https:\/\/qtmm.org\/qt\/noman-celebicihanni-anma-kunu\/\" \/>\n<meta property=\"og:site_name\" content=\"\u041c\u0435\u0434\u0436\u043b\u0456\u0441\" \/>\n<meta property=\"article:publisher\" content=\"https:\/\/www.facebook.com\/qtmm.info\/\" \/>\n<meta property=\"article:published_time\" content=\"2012-02-24T10:44:00+00:00\" \/>\n<meta property=\"article:modified_time\" content=\"2022-01-20T10:46:27+00:00\" \/>\n<meta property=\"og:image\" content=\"https:\/\/qtmm.org\/wp-content\/uploads\/2022\/01\/p1010564-1.jpeg\" \/>\n\t<meta property=\"og:image:width\" content=\"650\" \/>\n\t<meta property=\"og:image:height\" content=\"420\" \/>\n\t<meta property=\"og:image:type\" content=\"image\/jpeg\" \/>\n<meta name=\"author\" content=\"Developer\" \/>\n<meta name=\"twitter:card\" content=\"summary_large_image\" \/>\n<meta name=\"twitter:label1\" content=\"Written by\" \/>\n\t<meta name=\"twitter:data1\" content=\"Developer\" \/>\n\t<meta name=\"twitter:label2\" content=\"Est. reading time\" \/>\n\t<meta name=\"twitter:data2\" content=\"2 minutes\" \/>\n<script type=\"application\/ld+json\" class=\"yoast-schema-graph\">{\"@context\":\"https:\\\/\\\/schema.org\",\"@graph\":[{\"@type\":\"Article\",\"@id\":\"https:\\\/\\\/qtmm.org\\\/qt\\\/noman-celebicihanni-anma-kunu\\\/#article\",\"isPartOf\":{\"@id\":\"https:\\\/\\\/qtmm.org\\\/qt\\\/noman-celebicihanni-anma-kunu\\\/\"},\"author\":{\"name\":\"Developer\",\"@id\":\"https:\\\/\\\/qtmm.org\\\/qt\\\/#\\\/schema\\\/person\\\/de562469f971dec226ac06e60bbf74a7\"},\"headline\":\"Noman \u00c7elebicihann\u0131 a\u00f1ma k\u00fcn\u00fc\",\"datePublished\":\"2012-02-24T10:44:00+00:00\",\"dateModified\":\"2022-01-20T10:46:27+00:00\",\"mainEntityOfPage\":{\"@id\":\"https:\\\/\\\/qtmm.org\\\/qt\\\/noman-celebicihanni-anma-kunu\\\/\"},\"wordCount\":354,\"commentCount\":0,\"publisher\":{\"@id\":\"https:\\\/\\\/qtmm.org\\\/qt\\\/#organization\"},\"image\":{\"@id\":\"https:\\\/\\\/qtmm.org\\\/qt\\\/noman-celebicihanni-anma-kunu\\\/#primaryimage\"},\"thumbnailUrl\":\"https:\\\/\\\/qtmm.org\\\/wp-content\\\/uploads\\\/2022\\\/01\\\/p1010564-1.jpeg\",\"articleSection\":[\"Haberler\"],\"inLanguage\":\"qt\",\"potentialAction\":[{\"@type\":\"CommentAction\",\"name\":\"Comment\",\"target\":[\"https:\\\/\\\/qtmm.org\\\/qt\\\/noman-celebicihanni-anma-kunu\\\/#respond\"]}]},{\"@type\":\"WebPage\",\"@id\":\"https:\\\/\\\/qtmm.org\\\/qt\\\/noman-celebicihanni-anma-kunu\\\/\",\"url\":\"https:\\\/\\\/qtmm.org\\\/qt\\\/noman-celebicihanni-anma-kunu\\\/\",\"name\":\"Noman \u00c7elebicihann\u0131 a\u00f1ma k\u00fcn\u00fc - \u041c\u0435\u0434\u0436\u043b\u0456\u0441\",\"isPartOf\":{\"@id\":\"https:\\\/\\\/qtmm.org\\\/qt\\\/#website\"},\"primaryImageOfPage\":{\"@id\":\"https:\\\/\\\/qtmm.org\\\/qt\\\/noman-celebicihanni-anma-kunu\\\/#primaryimage\"},\"image\":{\"@id\":\"https:\\\/\\\/qtmm.org\\\/qt\\\/noman-celebicihanni-anma-kunu\\\/#primaryimage\"},\"thumbnailUrl\":\"https:\\\/\\\/qtmm.org\\\/wp-content\\\/uploads\\\/2022\\\/01\\\/p1010564-1.jpeg\",\"datePublished\":\"2012-02-24T10:44:00+00:00\",\"dateModified\":\"2022-01-20T10:46:27+00:00\",\"breadcrumb\":{\"@id\":\"https:\\\/\\\/qtmm.org\\\/qt\\\/noman-celebicihanni-anma-kunu\\\/#breadcrumb\"},\"inLanguage\":\"qt\",\"potentialAction\":[{\"@type\":\"ReadAction\",\"target\":[\"https:\\\/\\\/qtmm.org\\\/qt\\\/noman-celebicihanni-anma-kunu\\\/\"]}]},{\"@type\":\"ImageObject\",\"inLanguage\":\"qt\",\"@id\":\"https:\\\/\\\/qtmm.org\\\/qt\\\/noman-celebicihanni-anma-kunu\\\/#primaryimage\",\"url\":\"https:\\\/\\\/qtmm.org\\\/wp-content\\\/uploads\\\/2022\\\/01\\\/p1010564-1.jpeg\",\"contentUrl\":\"https:\\\/\\\/qtmm.org\\\/wp-content\\\/uploads\\\/2022\\\/01\\\/p1010564-1.jpeg\",\"width\":650,\"height\":420},{\"@type\":\"BreadcrumbList\",\"@id\":\"https:\\\/\\\/qtmm.org\\\/qt\\\/noman-celebicihanni-anma-kunu\\\/#breadcrumb\",\"itemListElement\":[{\"@type\":\"ListItem\",\"position\":1,\"name\":\"\u0413\u043e\u043b\u043e\u0432\u043d\u0430\",\"item\":\"https:\\\/\\\/qtmm.org\\\/qt\\\/\"},{\"@type\":\"ListItem\",\"position\":2,\"name\":\"Noman \u00c7elebicihann\u0131 a\u00f1ma k\u00fcn\u00fc\"}]},{\"@type\":\"WebSite\",\"@id\":\"https:\\\/\\\/qtmm.org\\\/qt\\\/#website\",\"url\":\"https:\\\/\\\/qtmm.org\\\/qt\\\/\",\"name\":\"\u041c\u0435\u0434\u0436\u043b\u0456\u0441\",\"description\":\"\",\"publisher\":{\"@id\":\"https:\\\/\\\/qtmm.org\\\/qt\\\/#organization\"},\"potentialAction\":[{\"@type\":\"SearchAction\",\"target\":{\"@type\":\"EntryPoint\",\"urlTemplate\":\"https:\\\/\\\/qtmm.org\\\/qt\\\/?s={search_term_string}\"},\"query-input\":{\"@type\":\"PropertyValueSpecification\",\"valueRequired\":true,\"valueName\":\"search_term_string\"}}],\"inLanguage\":\"qt\"},{\"@type\":\"Organization\",\"@id\":\"https:\\\/\\\/qtmm.org\\\/qt\\\/#organization\",\"name\":\"\u041c\u0435\u0434\u0436\u043b\u0456\u0441\",\"url\":\"https:\\\/\\\/qtmm.org\\\/qt\\\/\",\"logo\":{\"@type\":\"ImageObject\",\"inLanguage\":\"qt\",\"@id\":\"https:\\\/\\\/qtmm.org\\\/qt\\\/#\\\/schema\\\/logo\\\/image\\\/\",\"url\":\"https:\\\/\\\/qtmm.org\\\/wp-content\\\/uploads\\\/2024\\\/12\\\/ua-mejlis-logo-rgb.svg\",\"contentUrl\":\"https:\\\/\\\/qtmm.org\\\/wp-content\\\/uploads\\\/2024\\\/12\\\/ua-mejlis-logo-rgb.svg\",\"caption\":\"\u041c\u0435\u0434\u0436\u043b\u0456\u0441\"},\"image\":{\"@id\":\"https:\\\/\\\/qtmm.org\\\/qt\\\/#\\\/schema\\\/logo\\\/image\\\/\"},\"sameAs\":[\"https:\\\/\\\/www.facebook.com\\\/qtmm.info\\\/\"]},{\"@type\":\"Person\",\"@id\":\"https:\\\/\\\/qtmm.org\\\/qt\\\/#\\\/schema\\\/person\\\/de562469f971dec226ac06e60bbf74a7\",\"name\":\"Developer\",\"image\":{\"@type\":\"ImageObject\",\"inLanguage\":\"qt\",\"@id\":\"https:\\\/\\\/secure.gravatar.com\\\/avatar\\\/392b4cc8fbfeb00b39dfeeab4ee6edded39ffd48e25858637e4765810300227e?s=96&d=mm&r=g\",\"url\":\"https:\\\/\\\/secure.gravatar.com\\\/avatar\\\/392b4cc8fbfeb00b39dfeeab4ee6edded39ffd48e25858637e4765810300227e?s=96&d=mm&r=g\",\"contentUrl\":\"https:\\\/\\\/secure.gravatar.com\\\/avatar\\\/392b4cc8fbfeb00b39dfeeab4ee6edded39ffd48e25858637e4765810300227e?s=96&d=mm&r=g\",\"caption\":\"Developer\"},\"url\":\"https:\\\/\\\/qtmm.org\\\/qt\\\/author\\\/Developer\\\/\"}]}<\/script>\n<!-- \/ Yoast SEO plugin. -->","yoast_head_json":{"title":"Noman \u00c7elebicihann\u0131 a\u00f1ma k\u00fcn\u00fc - \u041c\u0435\u0434\u0436\u043b\u0456\u0441","robots":{"index":"index","follow":"follow","max-snippet":"max-snippet:-1","max-image-preview":"max-image-preview:large","max-video-preview":"max-video-preview:-1"},"canonical":"https:\/\/qtmm.org\/qt\/noman-celebicihanni-anma-kunu\/","og_locale":"en_US","og_type":"article","og_title":"Noman \u00c7elebicihann\u0131 a\u00f1ma k\u00fcn\u00fc - \u041c\u0435\u0434\u0436\u043b\u0456\u0441","og_description":"Belli q\u0131r\u0131mtatar \u015fairi, cemaat ve siyaset erbab\u0131, Q\u0131r\u0131m, Poloniya, Litvaniya ve Beyazrusiye musulmanlar\u0131n\u0131\u00f1 m\u00fcftisi Noman \u00c7elebicihan \u00f6ld\u00fcrilgenini\u00f1 94 y\u0131ll\u0131\u011f\u0131 munasebetinen ke\u00e7irilgen merasimler \u00e7er\u00e7ivesinde on\u0131\u00f1 hat\u0131ras\u0131n\u0131 a\u00f1maq i\u00e7\u00fcn Aqmescit cemaat\u00e7\u0131l\u0131\u011f\u0131 23 fevral k\u00fcn\u00fc \u0130. Gasprinskiy ad\u0131na q\u0131r\u0131mtatar k\u00fct\u00fcphanesinde topland\u0131. Tedbirde bulun\u011fan Q\u0131r\u0131m Yuqar\u0131 \u015euras\u0131 Daimiy komissiyas\u0131n\u0131\u00f1 reisi, Milliy Meclis reisini\u00f1 muavini Remzi \u0130lyasov, Cumhuriyet milletler komitetini\u00f1 [&hellip;]","og_url":"https:\/\/qtmm.org\/qt\/noman-celebicihanni-anma-kunu\/","og_site_name":"\u041c\u0435\u0434\u0436\u043b\u0456\u0441","article_publisher":"https:\/\/www.facebook.com\/qtmm.info\/","article_published_time":"2012-02-24T10:44:00+00:00","article_modified_time":"2022-01-20T10:46:27+00:00","og_image":[{"width":650,"height":420,"url":"https:\/\/qtmm.org\/wp-content\/uploads\/2022\/01\/p1010564-1.jpeg","type":"image\/jpeg"}],"author":"Developer","twitter_card":"summary_large_image","twitter_misc":{"Written by":"Developer","Est. reading time":"2 minutes"},"schema":{"@context":"https:\/\/schema.org","@graph":[{"@type":"Article","@id":"https:\/\/qtmm.org\/qt\/noman-celebicihanni-anma-kunu\/#article","isPartOf":{"@id":"https:\/\/qtmm.org\/qt\/noman-celebicihanni-anma-kunu\/"},"author":{"name":"Developer","@id":"https:\/\/qtmm.org\/qt\/#\/schema\/person\/de562469f971dec226ac06e60bbf74a7"},"headline":"Noman \u00c7elebicihann\u0131 a\u00f1ma k\u00fcn\u00fc","datePublished":"2012-02-24T10:44:00+00:00","dateModified":"2022-01-20T10:46:27+00:00","mainEntityOfPage":{"@id":"https:\/\/qtmm.org\/qt\/noman-celebicihanni-anma-kunu\/"},"wordCount":354,"commentCount":0,"publisher":{"@id":"https:\/\/qtmm.org\/qt\/#organization"},"image":{"@id":"https:\/\/qtmm.org\/qt\/noman-celebicihanni-anma-kunu\/#primaryimage"},"thumbnailUrl":"https:\/\/qtmm.org\/wp-content\/uploads\/2022\/01\/p1010564-1.jpeg","articleSection":["Haberler"],"inLanguage":"qt","potentialAction":[{"@type":"CommentAction","name":"Comment","target":["https:\/\/qtmm.org\/qt\/noman-celebicihanni-anma-kunu\/#respond"]}]},{"@type":"WebPage","@id":"https:\/\/qtmm.org\/qt\/noman-celebicihanni-anma-kunu\/","url":"https:\/\/qtmm.org\/qt\/noman-celebicihanni-anma-kunu\/","name":"Noman \u00c7elebicihann\u0131 a\u00f1ma k\u00fcn\u00fc - \u041c\u0435\u0434\u0436\u043b\u0456\u0441","isPartOf":{"@id":"https:\/\/qtmm.org\/qt\/#website"},"primaryImageOfPage":{"@id":"https:\/\/qtmm.org\/qt\/noman-celebicihanni-anma-kunu\/#primaryimage"},"image":{"@id":"https:\/\/qtmm.org\/qt\/noman-celebicihanni-anma-kunu\/#primaryimage"},"thumbnailUrl":"https:\/\/qtmm.org\/wp-content\/uploads\/2022\/01\/p1010564-1.jpeg","datePublished":"2012-02-24T10:44:00+00:00","dateModified":"2022-01-20T10:46:27+00:00","breadcrumb":{"@id":"https:\/\/qtmm.org\/qt\/noman-celebicihanni-anma-kunu\/#breadcrumb"},"inLanguage":"qt","potentialAction":[{"@type":"ReadAction","target":["https:\/\/qtmm.org\/qt\/noman-celebicihanni-anma-kunu\/"]}]},{"@type":"ImageObject","inLanguage":"qt","@id":"https:\/\/qtmm.org\/qt\/noman-celebicihanni-anma-kunu\/#primaryimage","url":"https:\/\/qtmm.org\/wp-content\/uploads\/2022\/01\/p1010564-1.jpeg","contentUrl":"https:\/\/qtmm.org\/wp-content\/uploads\/2022\/01\/p1010564-1.jpeg","width":650,"height":420},{"@type":"BreadcrumbList","@id":"https:\/\/qtmm.org\/qt\/noman-celebicihanni-anma-kunu\/#breadcrumb","itemListElement":[{"@type":"ListItem","position":1,"name":"\u0413\u043e\u043b\u043e\u0432\u043d\u0430","item":"https:\/\/qtmm.org\/qt\/"},{"@type":"ListItem","position":2,"name":"Noman \u00c7elebicihann\u0131 a\u00f1ma k\u00fcn\u00fc"}]},{"@type":"WebSite","@id":"https:\/\/qtmm.org\/qt\/#website","url":"https:\/\/qtmm.org\/qt\/","name":"\u041c\u0435\u0434\u0436\u043b\u0456\u0441","description":"","publisher":{"@id":"https:\/\/qtmm.org\/qt\/#organization"},"potentialAction":[{"@type":"SearchAction","target":{"@type":"EntryPoint","urlTemplate":"https:\/\/qtmm.org\/qt\/?s={search_term_string}"},"query-input":{"@type":"PropertyValueSpecification","valueRequired":true,"valueName":"search_term_string"}}],"inLanguage":"qt"},{"@type":"Organization","@id":"https:\/\/qtmm.org\/qt\/#organization","name":"\u041c\u0435\u0434\u0436\u043b\u0456\u0441","url":"https:\/\/qtmm.org\/qt\/","logo":{"@type":"ImageObject","inLanguage":"qt","@id":"https:\/\/qtmm.org\/qt\/#\/schema\/logo\/image\/","url":"https:\/\/qtmm.org\/wp-content\/uploads\/2024\/12\/ua-mejlis-logo-rgb.svg","contentUrl":"https:\/\/qtmm.org\/wp-content\/uploads\/2024\/12\/ua-mejlis-logo-rgb.svg","caption":"\u041c\u0435\u0434\u0436\u043b\u0456\u0441"},"image":{"@id":"https:\/\/qtmm.org\/qt\/#\/schema\/logo\/image\/"},"sameAs":["https:\/\/www.facebook.com\/qtmm.info\/"]},{"@type":"Person","@id":"https:\/\/qtmm.org\/qt\/#\/schema\/person\/de562469f971dec226ac06e60bbf74a7","name":"Developer","image":{"@type":"ImageObject","inLanguage":"qt","@id":"https:\/\/secure.gravatar.com\/avatar\/392b4cc8fbfeb00b39dfeeab4ee6edded39ffd48e25858637e4765810300227e?s=96&d=mm&r=g","url":"https:\/\/secure.gravatar.com\/avatar\/392b4cc8fbfeb00b39dfeeab4ee6edded39ffd48e25858637e4765810300227e?s=96&d=mm&r=g","contentUrl":"https:\/\/secure.gravatar.com\/avatar\/392b4cc8fbfeb00b39dfeeab4ee6edded39ffd48e25858637e4765810300227e?s=96&d=mm&r=g","caption":"Developer"},"url":"https:\/\/qtmm.org\/qt\/author\/Developer\/"}]}},"_links":{"self":[{"href":"https:\/\/qtmm.org\/qt\/wp-json\/wp\/v2\/posts\/28879","targetHints":{"allow":["GET"]}}],"collection":[{"href":"https:\/\/qtmm.org\/qt\/wp-json\/wp\/v2\/posts"}],"about":[{"href":"https:\/\/qtmm.org\/qt\/wp-json\/wp\/v2\/types\/post"}],"author":[{"embeddable":true,"href":"https:\/\/qtmm.org\/qt\/wp-json\/wp\/v2\/users\/1"}],"replies":[{"embeddable":true,"href":"https:\/\/qtmm.org\/qt\/wp-json\/wp\/v2\/comments?post=28879"}],"version-history":[{"count":1,"href":"https:\/\/qtmm.org\/qt\/wp-json\/wp\/v2\/posts\/28879\/revisions"}],"predecessor-version":[{"id":28892,"href":"https:\/\/qtmm.org\/qt\/wp-json\/wp\/v2\/posts\/28879\/revisions\/28892"}],"wp:featuredmedia":[{"embeddable":true,"href":"https:\/\/qtmm.org\/qt\/wp-json\/wp\/v2\/media\/28880"}],"wp:attachment":[{"href":"https:\/\/qtmm.org\/qt\/wp-json\/wp\/v2\/media?parent=28879"}],"wp:term":[{"taxonomy":"category","embeddable":true,"href":"https:\/\/qtmm.org\/qt\/wp-json\/wp\/v2\/categories?post=28879"},{"taxonomy":"post_tag","embeddable":true,"href":"https:\/\/qtmm.org\/qt\/wp-json\/wp\/v2\/tags?post=28879"}],"curies":[{"name":"wp","href":"https:\/\/api.w.org\/{rel}","templated":true}]}}