




{"id":28849,"date":"2012-02-23T13:41:00","date_gmt":"2012-02-23T10:41:00","guid":{"rendered":"http:\/\/qtmm.org\/?p=28849"},"modified":"2022-01-20T13:44:19","modified_gmt":"2022-01-20T10:44:19","slug":"noman-celebicihan-memleketni-qurtarmaga-borclu-edim-qurultaydaki-ciqisindan-1917-senesi-iyul","status":"publish","type":"post","link":"https:\/\/qtmm.org\/qt\/noman-celebicihan-memleketni-qurtarmaga-borclu-edim-qurultaydaki-ciqisindan-1917-senesi-iyul\/","title":{"rendered":"Noman \u00c7elebicihan: \u00ab\u2026Memleketni qurtarma\u011fa borclu edim\u00bb Qurultaydaki \u00e7\u0131q\u0131\u015f\u0131ndan. 1917 senesi, iy\u00fcl"},"content":{"rendered":"\n<p>1918 senesi fevral 22-den 23-ke ke\u00e7er gecesi Q\u0131r\u0131m musulmanlar\u0131 icra komitetini\u00f1 reisi, Q\u0131r\u0131m, Beyaz Rusiye, Poloniya ve Litvaniya musulmanlar\u0131n\u0131\u00f1 m\u00fcftisi, Q\u0131r\u0131m Halq Cumhuriyeti Milliy \u00fck\u00fcmetini\u00f1 ba\u015f\u0131 ve q\u0131r\u0131mtatar edebiyat\u0131n\u0131\u00f1 me\u015fur klassigi Noman \u00c7elebicihan Aqyar apshanesini\u00f1 azbar\u0131nda qur\u015funland\u0131.<\/p>\n\n\n\n<p>Bu facian\u0131\u00f1 94 y\u0131ll\u0131\u011f\u0131 munasebetinen 23 fevral k\u00fcn\u00fc b\u00fct\u00fcn Q\u0131r\u0131m boylap N. \u00c7elebicihann\u0131 a\u00f1ma merasimleri \u00f6tkerildi.<\/p>\n\n\n\n<p>Aqyarda \u00e7oqadaml\u0131q miting ke\u00e7irilip, apshane binas\u0131n\u0131\u00f1 divar\u0131ndaki hat\u0131ra tahtas\u0131na \u00e7e\u00e7ekler qoyuld\u0131.<\/p>\n\n\n\n<p>Er bir q\u0131r\u0131mtatar\u0131 i\u00e7\u00fcn ker\u00e7ekten de bu ulu insann\u0131 a\u00f1maq i\u00e7\u00fcn adamlar Q\u0131r\u0131mn\u0131\u00f1 \u00e7e\u015fit yerlerinden keldiler.<\/p>\n\n\n\n<figure class=\"wp-block-image size-full\"><img loading=\"lazy\" decoding=\"async\" width=\"650\" height=\"489\" src=\"http:\/\/qtmm.org\/wp-content\/uploads\/2022\/01\/img_0061-1.jpeg\" alt=\"\" class=\"wp-image-28854\" srcset=\"https:\/\/qtmm.org\/wp-content\/uploads\/2022\/01\/img_0061-1.jpeg 650w, https:\/\/qtmm.org\/wp-content\/uploads\/2022\/01\/img_0061-1-300x226.jpeg 300w\" sizes=\"auto, (max-width: 650px) 100vw, 650px\" \/><\/figure>\n\n\n\n<p>Hat\u0131ra tahtas\u0131 yan\u0131nda Q\u0131r\u0131mtatar halq\u0131 Meclisini\u00f1 birinci muavini, B\u00fct\u00fcnd\u00fcnya q\u0131r\u0131mtatar kongressini\u00f1 prezidenti Refat \u00c7ubarov, Q\u0131r\u0131m musulmanlar\u0131n\u0131\u00f1 m\u00fcftisi ac\u0131 Emirali Ablayev, Meclis K\u00e2tibiyetini\u00f1 ba\u015f\u0131 Zair Smedl\u00e2yev, &#8220;Bizim Q\u0131r\u0131m&#8221; halqara ya\u015flar te\u015fkil\u00e2t\u0131n\u0131\u00f1 reisi Abduraman Egiz, Saq rayon musulman cemiyetini\u00f1 ba\u015f\u0131 Seytasan Asanov ve digerleri \u00e7\u0131q\u0131\u015fta bulund\u0131lar.<\/p>\n\n\n\n<figure class=\"wp-block-image size-full\"><img loading=\"lazy\" decoding=\"async\" width=\"650\" height=\"489\" src=\"http:\/\/qtmm.org\/wp-content\/uploads\/2022\/01\/img_0057_1-1.jpeg\" alt=\"\" class=\"wp-image-28858\" srcset=\"https:\/\/qtmm.org\/wp-content\/uploads\/2022\/01\/img_0057_1-1.jpeg 650w, https:\/\/qtmm.org\/wp-content\/uploads\/2022\/01\/img_0057_1-1-300x226.jpeg 300w\" sizes=\"auto, (max-width: 650px) 100vw, 650px\" \/><\/figure>\n\n\n\n<p>Q\u0131r\u0131m musulmanlar\u0131n\u0131\u00f1 m\u00fcftisi Emirali efendi Noman \u00c7elebicihann\u0131\u00f1 hayat\u0131 ve faaliyeti aqq\u0131nda ayt\u0131p, ruhuna dua oqud\u0131.<\/p>\n\n\n\n<figure class=\"wp-block-image size-full\"><img loading=\"lazy\" decoding=\"async\" width=\"650\" height=\"489\" src=\"http:\/\/qtmm.org\/wp-content\/uploads\/2022\/01\/img_0059-1.jpeg\" alt=\"\" class=\"wp-image-28862\" srcset=\"https:\/\/qtmm.org\/wp-content\/uploads\/2022\/01\/img_0059-1.jpeg 650w, https:\/\/qtmm.org\/wp-content\/uploads\/2022\/01\/img_0059-1-300x226.jpeg 300w\" sizes=\"auto, (max-width: 650px) 100vw, 650px\" \/><\/figure>\n\n\n\n<p>&#8220;Y\u00fcksek bilgili, \u0130stanbul ve Sankt-Peterburg universitetlerini bitirgen oqum\u0131\u015f, q\u0131sqa \u00f6m\u00fcri i\u00e7inde halq\u0131 i\u00e7\u00fcn pek \u00e7oq i\u015f yap\u0131p yeti\u015ftirgen insann\u0131\u00f1 \u00f6ld\u00fcrilgenine 94 y\u0131l old\u0131, &#8211; dedi Refat \u00c7ubarov. &#8211; O, epimizni\u00f1 hat\u0131ram\u0131zda. O Q\u0131r\u0131mtatar halq\u0131n\u0131\u00f1 birinci qurultay\u0131n\u0131 te\u015fkil\u00e2tland\u0131r\u011fan, Q\u0131r\u0131m m\u00fcftisi, belli siyaset\u00e7i, yaz\u0131c\u0131 ve \u015fair ol\u011fan bir insand\u0131r. Noman \u00c7elebicihan Q\u0131r\u0131m ve q\u0131r\u0131mtatarlarn\u0131\u00f1 tarih\u0131n\u0131 yaratqan insanlardan birisidir&#8221;,<\/p>\n\n\n\n<p>Noman \u00c7elebicihan q\u0131r\u0131mtatar halq\u0131n\u0131\u00f1 tarih\u0131na e\u00f1 aq\u0131ll\u0131, oqum\u0131\u015f ve istidatl\u0131 insanlardan biri olaraq kirdi. On\u0131\u00f1 &#8220;Bast\u0131r\u0131q&#8221;, &#8220;Ay gidi\u2026&#8221;, &#8220;Yolcu \u011earip&#8221; kibi ke\u00e7ken as\u0131rn\u0131\u00f1 ba\u015f\u0131nda yaz\u011fan \u015fiirleri bug\u00fcn de mekteplerde \u00f6grenile, &#8220;Ant Etkenmen&#8221; \u015firi ise q\u0131r\u0131mtatarlarn\u0131\u00f1 milliy gimni old\u0131.<\/p>\n\n\n\n<p>\u0130lle on\u0131\u00f1 te\u015febb\u00fcsi ile q\u0131r\u0131mtatar tilinde &#8220;Millet&#8221; ve rus tilinde &#8220;Golos tatar&#8221; milliy gazetalar\u0131 ne\u015fir etildi. O, Q\u0131r\u0131mn\u0131 \u0130sve\u00e7re kibi serbest ve abadan k\u00f6rmekni arzu ete edi. Q\u0131r\u0131m Halq Cumhuriyeti Anayasas\u0131n\u0131 i\u015flev komissiyas\u0131nda \u00e7al\u0131\u015ft\u0131.<\/p>\n\n\n\n<p>Q\u0131r\u0131mtatar halq\u0131n\u0131\u00f1 o zaman ba\u015flan\u011fan k\u00fcre\u015fi bug\u00fcnge qadar devam ete, biz bug\u00fcn de \u00f6z topra\u011f\u0131m\u0131z ve \u00f6z-\u00f6z\u00fcmizni belgilev uquq\u0131 o\u011frunda areket etemiz.<\/p>\n\n\n\n<figure class=\"wp-block-gallery columns-3 is-cropped wp-block-gallery-1 is-layout-flex wp-block-gallery-is-layout-flex\"><ul class=\"blocks-gallery-grid\"><li class=\"blocks-gallery-item\"><figure><a href=\"http:\/\/qtmm.org\/wp-content\/uploads\/2022\/01\/img_0055-1.jpeg\"><img loading=\"lazy\" decoding=\"async\" width=\"650\" height=\"489\" src=\"http:\/\/qtmm.org\/wp-content\/uploads\/2022\/01\/img_0055-1.jpeg\" alt=\"\" data-id=\"28866\" data-full-url=\"http:\/\/qtmm.org\/wp-content\/uploads\/2022\/01\/img_0055-1.jpeg\" data-link=\"http:\/\/qtmm.org\/qt\/?attachment_id=28866\" class=\"wp-image-28866\" srcset=\"https:\/\/qtmm.org\/wp-content\/uploads\/2022\/01\/img_0055-1.jpeg 650w, https:\/\/qtmm.org\/wp-content\/uploads\/2022\/01\/img_0055-1-300x226.jpeg 300w\" sizes=\"auto, (max-width: 650px) 100vw, 650px\" \/><\/a><\/figure><\/li><li class=\"blocks-gallery-item\"><figure><a href=\"http:\/\/qtmm.org\/wp-content\/uploads\/2022\/01\/img_0064-1.jpeg\"><img loading=\"lazy\" decoding=\"async\" width=\"650\" height=\"489\" src=\"http:\/\/qtmm.org\/wp-content\/uploads\/2022\/01\/img_0064-1.jpeg\" alt=\"\" data-id=\"28870\" data-full-url=\"http:\/\/qtmm.org\/wp-content\/uploads\/2022\/01\/img_0064-1.jpeg\" data-link=\"http:\/\/qtmm.org\/qt\/?attachment_id=28870\" class=\"wp-image-28870\" srcset=\"https:\/\/qtmm.org\/wp-content\/uploads\/2022\/01\/img_0064-1.jpeg 650w, https:\/\/qtmm.org\/wp-content\/uploads\/2022\/01\/img_0064-1-300x226.jpeg 300w\" sizes=\"auto, (max-width: 650px) 100vw, 650px\" \/><\/a><\/figure><\/li><li class=\"blocks-gallery-item\"><figure><a href=\"http:\/\/qtmm.org\/wp-content\/uploads\/2022\/01\/img_0065-1.jpeg\"><img loading=\"lazy\" decoding=\"async\" width=\"650\" height=\"489\" src=\"http:\/\/qtmm.org\/wp-content\/uploads\/2022\/01\/img_0065-1.jpeg\" alt=\"\" data-id=\"28874\" data-full-url=\"http:\/\/qtmm.org\/wp-content\/uploads\/2022\/01\/img_0065-1.jpeg\" data-link=\"http:\/\/qtmm.org\/qt\/?attachment_id=28874\" class=\"wp-image-28874\" srcset=\"https:\/\/qtmm.org\/wp-content\/uploads\/2022\/01\/img_0065-1.jpeg 650w, https:\/\/qtmm.org\/wp-content\/uploads\/2022\/01\/img_0065-1-300x226.jpeg 300w\" sizes=\"auto, (max-width: 650px) 100vw, 650px\" \/><\/a><\/figure><\/li><\/ul><\/figure>\n","protected":false},"excerpt":{"rendered":"<p>1918 senesi fevral 22-den 23-ke ke\u00e7er gecesi Q\u0131r\u0131m musulmanlar\u0131 icra komitetini\u00f1 reisi, Q\u0131r\u0131m, Beyaz Rusiye, Poloniya ve Litvaniya musulmanlar\u0131n\u0131\u00f1 m\u00fcftisi, Q\u0131r\u0131m Halq Cumhuriyeti Milliy \u00fck\u00fcmetini\u00f1 ba\u015f\u0131 ve q\u0131r\u0131mtatar edebiyat\u0131n\u0131\u00f1 me\u015fur klassigi Noman \u00c7elebicihan Aqyar apshanesini\u00f1 azbar\u0131nda qur\u015funland\u0131. Bu facian\u0131\u00f1 94 y\u0131ll\u0131\u011f\u0131 munasebetinen 23 fevral k\u00fcn\u00fc b\u00fct\u00fcn Q\u0131r\u0131m boylap N. \u00c7elebicihann\u0131 a\u00f1ma merasimleri \u00f6tkerildi. Aqyarda \u00e7oqadaml\u0131q [&hellip;]<\/p>\n","protected":false},"author":1,"featured_media":28850,"comment_status":"open","ping_status":"open","sticky":false,"template":"","format":"standard","meta":{"inline_featured_image":false,"footnotes":""},"categories":[265],"tags":[],"class_list":["post-28849","post","type-post","status-publish","format-standard","has-post-thumbnail","hentry","category-haberler"],"acf":[],"yoast_head":"<!-- This site is optimized with the Yoast SEO plugin v27.4 - https:\/\/yoast.com\/product\/yoast-seo-wordpress\/ -->\n<title>Noman \u00c7elebicihan: \u00ab\u2026Memleketni qurtarma\u011fa borclu edim\u00bb Qurultaydaki \u00e7\u0131q\u0131\u015f\u0131ndan. 1917 senesi, iy\u00fcl - \u041c\u0435\u0434\u0436\u043b\u0456\u0441<\/title>\n<meta name=\"robots\" content=\"index, follow, max-snippet:-1, max-image-preview:large, max-video-preview:-1\" \/>\n<link rel=\"canonical\" href=\"https:\/\/qtmm.org\/qt\/noman-celebicihan-memleketni-qurtarmaga-borclu-edim-qurultaydaki-ciqisindan-1917-senesi-iyul\/\" \/>\n<meta property=\"og:locale\" content=\"en_US\" \/>\n<meta property=\"og:type\" content=\"article\" \/>\n<meta property=\"og:title\" content=\"Noman \u00c7elebicihan: \u00ab\u2026Memleketni qurtarma\u011fa borclu edim\u00bb Qurultaydaki \u00e7\u0131q\u0131\u015f\u0131ndan. 1917 senesi, iy\u00fcl - \u041c\u0435\u0434\u0436\u043b\u0456\u0441\" \/>\n<meta property=\"og:description\" content=\"1918 senesi fevral 22-den 23-ke ke\u00e7er gecesi Q\u0131r\u0131m musulmanlar\u0131 icra komitetini\u00f1 reisi, Q\u0131r\u0131m, Beyaz Rusiye, Poloniya ve Litvaniya musulmanlar\u0131n\u0131\u00f1 m\u00fcftisi, Q\u0131r\u0131m Halq Cumhuriyeti Milliy \u00fck\u00fcmetini\u00f1 ba\u015f\u0131 ve q\u0131r\u0131mtatar edebiyat\u0131n\u0131\u00f1 me\u015fur klassigi Noman \u00c7elebicihan Aqyar apshanesini\u00f1 azbar\u0131nda qur\u015funland\u0131. Bu facian\u0131\u00f1 94 y\u0131ll\u0131\u011f\u0131 munasebetinen 23 fevral k\u00fcn\u00fc b\u00fct\u00fcn Q\u0131r\u0131m boylap N. \u00c7elebicihann\u0131 a\u00f1ma merasimleri \u00f6tkerildi. Aqyarda \u00e7oqadaml\u0131q [&hellip;]\" \/>\n<meta property=\"og:url\" content=\"https:\/\/qtmm.org\/qt\/noman-celebicihan-memleketni-qurtarmaga-borclu-edim-qurultaydaki-ciqisindan-1917-senesi-iyul\/\" \/>\n<meta property=\"og:site_name\" content=\"\u041c\u0435\u0434\u0436\u043b\u0456\u0441\" \/>\n<meta property=\"article:publisher\" content=\"https:\/\/www.facebook.com\/qtmm.info\/\" \/>\n<meta property=\"article:published_time\" content=\"2012-02-23T10:41:00+00:00\" \/>\n<meta property=\"article:modified_time\" content=\"2022-01-20T10:44:19+00:00\" \/>\n<meta property=\"og:image\" content=\"https:\/\/qtmm.org\/wp-content\/uploads\/2022\/01\/img_0060-1.jpeg\" \/>\n\t<meta property=\"og:image:width\" content=\"650\" \/>\n\t<meta property=\"og:image:height\" content=\"489\" \/>\n\t<meta property=\"og:image:type\" content=\"image\/jpeg\" \/>\n<meta name=\"author\" content=\"Developer\" \/>\n<meta name=\"twitter:card\" content=\"summary_large_image\" \/>\n<meta name=\"twitter:label1\" content=\"Written by\" \/>\n\t<meta name=\"twitter:data1\" content=\"Developer\" \/>\n\t<meta name=\"twitter:label2\" content=\"Est. reading time\" \/>\n\t<meta name=\"twitter:data2\" content=\"2 minutes\" \/>\n<script type=\"application\/ld+json\" class=\"yoast-schema-graph\">{\"@context\":\"https:\\\/\\\/schema.org\",\"@graph\":[{\"@type\":\"Article\",\"@id\":\"https:\\\/\\\/qtmm.org\\\/qt\\\/noman-celebicihan-memleketni-qurtarmaga-borclu-edim-qurultaydaki-ciqisindan-1917-senesi-iyul\\\/#article\",\"isPartOf\":{\"@id\":\"https:\\\/\\\/qtmm.org\\\/qt\\\/noman-celebicihan-memleketni-qurtarmaga-borclu-edim-qurultaydaki-ciqisindan-1917-senesi-iyul\\\/\"},\"author\":{\"name\":\"Developer\",\"@id\":\"https:\\\/\\\/qtmm.org\\\/qt\\\/#\\\/schema\\\/person\\\/de562469f971dec226ac06e60bbf74a7\"},\"headline\":\"Noman \u00c7elebicihan: \u00ab\u2026Memleketni qurtarma\u011fa borclu edim\u00bb Qurultaydaki \u00e7\u0131q\u0131\u015f\u0131ndan. 1917 senesi, iy\u00fcl\",\"datePublished\":\"2012-02-23T10:41:00+00:00\",\"dateModified\":\"2022-01-20T10:44:19+00:00\",\"mainEntityOfPage\":{\"@id\":\"https:\\\/\\\/qtmm.org\\\/qt\\\/noman-celebicihan-memleketni-qurtarmaga-borclu-edim-qurultaydaki-ciqisindan-1917-senesi-iyul\\\/\"},\"wordCount\":440,\"commentCount\":0,\"publisher\":{\"@id\":\"https:\\\/\\\/qtmm.org\\\/qt\\\/#organization\"},\"image\":{\"@id\":\"https:\\\/\\\/qtmm.org\\\/qt\\\/noman-celebicihan-memleketni-qurtarmaga-borclu-edim-qurultaydaki-ciqisindan-1917-senesi-iyul\\\/#primaryimage\"},\"thumbnailUrl\":\"https:\\\/\\\/qtmm.org\\\/wp-content\\\/uploads\\\/2022\\\/01\\\/img_0060-1.jpeg\",\"articleSection\":[\"Haberler\"],\"inLanguage\":\"qt\",\"potentialAction\":[{\"@type\":\"CommentAction\",\"name\":\"Comment\",\"target\":[\"https:\\\/\\\/qtmm.org\\\/qt\\\/noman-celebicihan-memleketni-qurtarmaga-borclu-edim-qurultaydaki-ciqisindan-1917-senesi-iyul\\\/#respond\"]}]},{\"@type\":\"WebPage\",\"@id\":\"https:\\\/\\\/qtmm.org\\\/qt\\\/noman-celebicihan-memleketni-qurtarmaga-borclu-edim-qurultaydaki-ciqisindan-1917-senesi-iyul\\\/\",\"url\":\"https:\\\/\\\/qtmm.org\\\/qt\\\/noman-celebicihan-memleketni-qurtarmaga-borclu-edim-qurultaydaki-ciqisindan-1917-senesi-iyul\\\/\",\"name\":\"Noman \u00c7elebicihan: \u00ab\u2026Memleketni qurtarma\u011fa borclu edim\u00bb Qurultaydaki \u00e7\u0131q\u0131\u015f\u0131ndan. 1917 senesi, iy\u00fcl - \u041c\u0435\u0434\u0436\u043b\u0456\u0441\",\"isPartOf\":{\"@id\":\"https:\\\/\\\/qtmm.org\\\/qt\\\/#website\"},\"primaryImageOfPage\":{\"@id\":\"https:\\\/\\\/qtmm.org\\\/qt\\\/noman-celebicihan-memleketni-qurtarmaga-borclu-edim-qurultaydaki-ciqisindan-1917-senesi-iyul\\\/#primaryimage\"},\"image\":{\"@id\":\"https:\\\/\\\/qtmm.org\\\/qt\\\/noman-celebicihan-memleketni-qurtarmaga-borclu-edim-qurultaydaki-ciqisindan-1917-senesi-iyul\\\/#primaryimage\"},\"thumbnailUrl\":\"https:\\\/\\\/qtmm.org\\\/wp-content\\\/uploads\\\/2022\\\/01\\\/img_0060-1.jpeg\",\"datePublished\":\"2012-02-23T10:41:00+00:00\",\"dateModified\":\"2022-01-20T10:44:19+00:00\",\"breadcrumb\":{\"@id\":\"https:\\\/\\\/qtmm.org\\\/qt\\\/noman-celebicihan-memleketni-qurtarmaga-borclu-edim-qurultaydaki-ciqisindan-1917-senesi-iyul\\\/#breadcrumb\"},\"inLanguage\":\"qt\",\"potentialAction\":[{\"@type\":\"ReadAction\",\"target\":[\"https:\\\/\\\/qtmm.org\\\/qt\\\/noman-celebicihan-memleketni-qurtarmaga-borclu-edim-qurultaydaki-ciqisindan-1917-senesi-iyul\\\/\"]}]},{\"@type\":\"ImageObject\",\"inLanguage\":\"qt\",\"@id\":\"https:\\\/\\\/qtmm.org\\\/qt\\\/noman-celebicihan-memleketni-qurtarmaga-borclu-edim-qurultaydaki-ciqisindan-1917-senesi-iyul\\\/#primaryimage\",\"url\":\"https:\\\/\\\/qtmm.org\\\/wp-content\\\/uploads\\\/2022\\\/01\\\/img_0060-1.jpeg\",\"contentUrl\":\"https:\\\/\\\/qtmm.org\\\/wp-content\\\/uploads\\\/2022\\\/01\\\/img_0060-1.jpeg\",\"width\":650,\"height\":489},{\"@type\":\"BreadcrumbList\",\"@id\":\"https:\\\/\\\/qtmm.org\\\/qt\\\/noman-celebicihan-memleketni-qurtarmaga-borclu-edim-qurultaydaki-ciqisindan-1917-senesi-iyul\\\/#breadcrumb\",\"itemListElement\":[{\"@type\":\"ListItem\",\"position\":1,\"name\":\"\u0413\u043e\u043b\u043e\u0432\u043d\u0430\",\"item\":\"https:\\\/\\\/qtmm.org\\\/qt\\\/\"},{\"@type\":\"ListItem\",\"position\":2,\"name\":\"Noman \u00c7elebicihan: \u00ab\u2026Memleketni qurtarma\u011fa borclu edim\u00bb Qurultaydaki \u00e7\u0131q\u0131\u015f\u0131ndan. 1917 senesi, iy\u00fcl\"}]},{\"@type\":\"WebSite\",\"@id\":\"https:\\\/\\\/qtmm.org\\\/qt\\\/#website\",\"url\":\"https:\\\/\\\/qtmm.org\\\/qt\\\/\",\"name\":\"\u041c\u0435\u0434\u0436\u043b\u0456\u0441\",\"description\":\"\",\"publisher\":{\"@id\":\"https:\\\/\\\/qtmm.org\\\/qt\\\/#organization\"},\"potentialAction\":[{\"@type\":\"SearchAction\",\"target\":{\"@type\":\"EntryPoint\",\"urlTemplate\":\"https:\\\/\\\/qtmm.org\\\/qt\\\/?s={search_term_string}\"},\"query-input\":{\"@type\":\"PropertyValueSpecification\",\"valueRequired\":true,\"valueName\":\"search_term_string\"}}],\"inLanguage\":\"qt\"},{\"@type\":\"Organization\",\"@id\":\"https:\\\/\\\/qtmm.org\\\/qt\\\/#organization\",\"name\":\"\u041c\u0435\u0434\u0436\u043b\u0456\u0441\",\"url\":\"https:\\\/\\\/qtmm.org\\\/qt\\\/\",\"logo\":{\"@type\":\"ImageObject\",\"inLanguage\":\"qt\",\"@id\":\"https:\\\/\\\/qtmm.org\\\/qt\\\/#\\\/schema\\\/logo\\\/image\\\/\",\"url\":\"https:\\\/\\\/qtmm.org\\\/wp-content\\\/uploads\\\/2024\\\/12\\\/ua-mejlis-logo-rgb.svg\",\"contentUrl\":\"https:\\\/\\\/qtmm.org\\\/wp-content\\\/uploads\\\/2024\\\/12\\\/ua-mejlis-logo-rgb.svg\",\"caption\":\"\u041c\u0435\u0434\u0436\u043b\u0456\u0441\"},\"image\":{\"@id\":\"https:\\\/\\\/qtmm.org\\\/qt\\\/#\\\/schema\\\/logo\\\/image\\\/\"},\"sameAs\":[\"https:\\\/\\\/www.facebook.com\\\/qtmm.info\\\/\"]},{\"@type\":\"Person\",\"@id\":\"https:\\\/\\\/qtmm.org\\\/qt\\\/#\\\/schema\\\/person\\\/de562469f971dec226ac06e60bbf74a7\",\"name\":\"Developer\",\"image\":{\"@type\":\"ImageObject\",\"inLanguage\":\"qt\",\"@id\":\"https:\\\/\\\/secure.gravatar.com\\\/avatar\\\/392b4cc8fbfeb00b39dfeeab4ee6edded39ffd48e25858637e4765810300227e?s=96&d=mm&r=g\",\"url\":\"https:\\\/\\\/secure.gravatar.com\\\/avatar\\\/392b4cc8fbfeb00b39dfeeab4ee6edded39ffd48e25858637e4765810300227e?s=96&d=mm&r=g\",\"contentUrl\":\"https:\\\/\\\/secure.gravatar.com\\\/avatar\\\/392b4cc8fbfeb00b39dfeeab4ee6edded39ffd48e25858637e4765810300227e?s=96&d=mm&r=g\",\"caption\":\"Developer\"},\"url\":\"https:\\\/\\\/qtmm.org\\\/qt\\\/author\\\/Developer\\\/\"}]}<\/script>\n<!-- \/ Yoast SEO plugin. -->","yoast_head_json":{"title":"Noman \u00c7elebicihan: \u00ab\u2026Memleketni qurtarma\u011fa borclu edim\u00bb Qurultaydaki \u00e7\u0131q\u0131\u015f\u0131ndan. 1917 senesi, iy\u00fcl - \u041c\u0435\u0434\u0436\u043b\u0456\u0441","robots":{"index":"index","follow":"follow","max-snippet":"max-snippet:-1","max-image-preview":"max-image-preview:large","max-video-preview":"max-video-preview:-1"},"canonical":"https:\/\/qtmm.org\/qt\/noman-celebicihan-memleketni-qurtarmaga-borclu-edim-qurultaydaki-ciqisindan-1917-senesi-iyul\/","og_locale":"en_US","og_type":"article","og_title":"Noman \u00c7elebicihan: \u00ab\u2026Memleketni qurtarma\u011fa borclu edim\u00bb Qurultaydaki \u00e7\u0131q\u0131\u015f\u0131ndan. 1917 senesi, iy\u00fcl - \u041c\u0435\u0434\u0436\u043b\u0456\u0441","og_description":"1918 senesi fevral 22-den 23-ke ke\u00e7er gecesi Q\u0131r\u0131m musulmanlar\u0131 icra komitetini\u00f1 reisi, Q\u0131r\u0131m, Beyaz Rusiye, Poloniya ve Litvaniya musulmanlar\u0131n\u0131\u00f1 m\u00fcftisi, Q\u0131r\u0131m Halq Cumhuriyeti Milliy \u00fck\u00fcmetini\u00f1 ba\u015f\u0131 ve q\u0131r\u0131mtatar edebiyat\u0131n\u0131\u00f1 me\u015fur klassigi Noman \u00c7elebicihan Aqyar apshanesini\u00f1 azbar\u0131nda qur\u015funland\u0131. Bu facian\u0131\u00f1 94 y\u0131ll\u0131\u011f\u0131 munasebetinen 23 fevral k\u00fcn\u00fc b\u00fct\u00fcn Q\u0131r\u0131m boylap N. \u00c7elebicihann\u0131 a\u00f1ma merasimleri \u00f6tkerildi. Aqyarda \u00e7oqadaml\u0131q [&hellip;]","og_url":"https:\/\/qtmm.org\/qt\/noman-celebicihan-memleketni-qurtarmaga-borclu-edim-qurultaydaki-ciqisindan-1917-senesi-iyul\/","og_site_name":"\u041c\u0435\u0434\u0436\u043b\u0456\u0441","article_publisher":"https:\/\/www.facebook.com\/qtmm.info\/","article_published_time":"2012-02-23T10:41:00+00:00","article_modified_time":"2022-01-20T10:44:19+00:00","og_image":[{"width":650,"height":489,"url":"https:\/\/qtmm.org\/wp-content\/uploads\/2022\/01\/img_0060-1.jpeg","type":"image\/jpeg"}],"author":"Developer","twitter_card":"summary_large_image","twitter_misc":{"Written by":"Developer","Est. reading time":"2 minutes"},"schema":{"@context":"https:\/\/schema.org","@graph":[{"@type":"Article","@id":"https:\/\/qtmm.org\/qt\/noman-celebicihan-memleketni-qurtarmaga-borclu-edim-qurultaydaki-ciqisindan-1917-senesi-iyul\/#article","isPartOf":{"@id":"https:\/\/qtmm.org\/qt\/noman-celebicihan-memleketni-qurtarmaga-borclu-edim-qurultaydaki-ciqisindan-1917-senesi-iyul\/"},"author":{"name":"Developer","@id":"https:\/\/qtmm.org\/qt\/#\/schema\/person\/de562469f971dec226ac06e60bbf74a7"},"headline":"Noman \u00c7elebicihan: \u00ab\u2026Memleketni qurtarma\u011fa borclu edim\u00bb Qurultaydaki \u00e7\u0131q\u0131\u015f\u0131ndan. 1917 senesi, iy\u00fcl","datePublished":"2012-02-23T10:41:00+00:00","dateModified":"2022-01-20T10:44:19+00:00","mainEntityOfPage":{"@id":"https:\/\/qtmm.org\/qt\/noman-celebicihan-memleketni-qurtarmaga-borclu-edim-qurultaydaki-ciqisindan-1917-senesi-iyul\/"},"wordCount":440,"commentCount":0,"publisher":{"@id":"https:\/\/qtmm.org\/qt\/#organization"},"image":{"@id":"https:\/\/qtmm.org\/qt\/noman-celebicihan-memleketni-qurtarmaga-borclu-edim-qurultaydaki-ciqisindan-1917-senesi-iyul\/#primaryimage"},"thumbnailUrl":"https:\/\/qtmm.org\/wp-content\/uploads\/2022\/01\/img_0060-1.jpeg","articleSection":["Haberler"],"inLanguage":"qt","potentialAction":[{"@type":"CommentAction","name":"Comment","target":["https:\/\/qtmm.org\/qt\/noman-celebicihan-memleketni-qurtarmaga-borclu-edim-qurultaydaki-ciqisindan-1917-senesi-iyul\/#respond"]}]},{"@type":"WebPage","@id":"https:\/\/qtmm.org\/qt\/noman-celebicihan-memleketni-qurtarmaga-borclu-edim-qurultaydaki-ciqisindan-1917-senesi-iyul\/","url":"https:\/\/qtmm.org\/qt\/noman-celebicihan-memleketni-qurtarmaga-borclu-edim-qurultaydaki-ciqisindan-1917-senesi-iyul\/","name":"Noman \u00c7elebicihan: \u00ab\u2026Memleketni qurtarma\u011fa borclu edim\u00bb Qurultaydaki \u00e7\u0131q\u0131\u015f\u0131ndan. 1917 senesi, iy\u00fcl - \u041c\u0435\u0434\u0436\u043b\u0456\u0441","isPartOf":{"@id":"https:\/\/qtmm.org\/qt\/#website"},"primaryImageOfPage":{"@id":"https:\/\/qtmm.org\/qt\/noman-celebicihan-memleketni-qurtarmaga-borclu-edim-qurultaydaki-ciqisindan-1917-senesi-iyul\/#primaryimage"},"image":{"@id":"https:\/\/qtmm.org\/qt\/noman-celebicihan-memleketni-qurtarmaga-borclu-edim-qurultaydaki-ciqisindan-1917-senesi-iyul\/#primaryimage"},"thumbnailUrl":"https:\/\/qtmm.org\/wp-content\/uploads\/2022\/01\/img_0060-1.jpeg","datePublished":"2012-02-23T10:41:00+00:00","dateModified":"2022-01-20T10:44:19+00:00","breadcrumb":{"@id":"https:\/\/qtmm.org\/qt\/noman-celebicihan-memleketni-qurtarmaga-borclu-edim-qurultaydaki-ciqisindan-1917-senesi-iyul\/#breadcrumb"},"inLanguage":"qt","potentialAction":[{"@type":"ReadAction","target":["https:\/\/qtmm.org\/qt\/noman-celebicihan-memleketni-qurtarmaga-borclu-edim-qurultaydaki-ciqisindan-1917-senesi-iyul\/"]}]},{"@type":"ImageObject","inLanguage":"qt","@id":"https:\/\/qtmm.org\/qt\/noman-celebicihan-memleketni-qurtarmaga-borclu-edim-qurultaydaki-ciqisindan-1917-senesi-iyul\/#primaryimage","url":"https:\/\/qtmm.org\/wp-content\/uploads\/2022\/01\/img_0060-1.jpeg","contentUrl":"https:\/\/qtmm.org\/wp-content\/uploads\/2022\/01\/img_0060-1.jpeg","width":650,"height":489},{"@type":"BreadcrumbList","@id":"https:\/\/qtmm.org\/qt\/noman-celebicihan-memleketni-qurtarmaga-borclu-edim-qurultaydaki-ciqisindan-1917-senesi-iyul\/#breadcrumb","itemListElement":[{"@type":"ListItem","position":1,"name":"\u0413\u043e\u043b\u043e\u0432\u043d\u0430","item":"https:\/\/qtmm.org\/qt\/"},{"@type":"ListItem","position":2,"name":"Noman \u00c7elebicihan: \u00ab\u2026Memleketni qurtarma\u011fa borclu edim\u00bb Qurultaydaki \u00e7\u0131q\u0131\u015f\u0131ndan. 1917 senesi, iy\u00fcl"}]},{"@type":"WebSite","@id":"https:\/\/qtmm.org\/qt\/#website","url":"https:\/\/qtmm.org\/qt\/","name":"\u041c\u0435\u0434\u0436\u043b\u0456\u0441","description":"","publisher":{"@id":"https:\/\/qtmm.org\/qt\/#organization"},"potentialAction":[{"@type":"SearchAction","target":{"@type":"EntryPoint","urlTemplate":"https:\/\/qtmm.org\/qt\/?s={search_term_string}"},"query-input":{"@type":"PropertyValueSpecification","valueRequired":true,"valueName":"search_term_string"}}],"inLanguage":"qt"},{"@type":"Organization","@id":"https:\/\/qtmm.org\/qt\/#organization","name":"\u041c\u0435\u0434\u0436\u043b\u0456\u0441","url":"https:\/\/qtmm.org\/qt\/","logo":{"@type":"ImageObject","inLanguage":"qt","@id":"https:\/\/qtmm.org\/qt\/#\/schema\/logo\/image\/","url":"https:\/\/qtmm.org\/wp-content\/uploads\/2024\/12\/ua-mejlis-logo-rgb.svg","contentUrl":"https:\/\/qtmm.org\/wp-content\/uploads\/2024\/12\/ua-mejlis-logo-rgb.svg","caption":"\u041c\u0435\u0434\u0436\u043b\u0456\u0441"},"image":{"@id":"https:\/\/qtmm.org\/qt\/#\/schema\/logo\/image\/"},"sameAs":["https:\/\/www.facebook.com\/qtmm.info\/"]},{"@type":"Person","@id":"https:\/\/qtmm.org\/qt\/#\/schema\/person\/de562469f971dec226ac06e60bbf74a7","name":"Developer","image":{"@type":"ImageObject","inLanguage":"qt","@id":"https:\/\/secure.gravatar.com\/avatar\/392b4cc8fbfeb00b39dfeeab4ee6edded39ffd48e25858637e4765810300227e?s=96&d=mm&r=g","url":"https:\/\/secure.gravatar.com\/avatar\/392b4cc8fbfeb00b39dfeeab4ee6edded39ffd48e25858637e4765810300227e?s=96&d=mm&r=g","contentUrl":"https:\/\/secure.gravatar.com\/avatar\/392b4cc8fbfeb00b39dfeeab4ee6edded39ffd48e25858637e4765810300227e?s=96&d=mm&r=g","caption":"Developer"},"url":"https:\/\/qtmm.org\/qt\/author\/Developer\/"}]}},"_links":{"self":[{"href":"https:\/\/qtmm.org\/qt\/wp-json\/wp\/v2\/posts\/28849","targetHints":{"allow":["GET"]}}],"collection":[{"href":"https:\/\/qtmm.org\/qt\/wp-json\/wp\/v2\/posts"}],"about":[{"href":"https:\/\/qtmm.org\/qt\/wp-json\/wp\/v2\/types\/post"}],"author":[{"embeddable":true,"href":"https:\/\/qtmm.org\/qt\/wp-json\/wp\/v2\/users\/1"}],"replies":[{"embeddable":true,"href":"https:\/\/qtmm.org\/qt\/wp-json\/wp\/v2\/comments?post=28849"}],"version-history":[{"count":1,"href":"https:\/\/qtmm.org\/qt\/wp-json\/wp\/v2\/posts\/28849\/revisions"}],"predecessor-version":[{"id":28878,"href":"https:\/\/qtmm.org\/qt\/wp-json\/wp\/v2\/posts\/28849\/revisions\/28878"}],"wp:featuredmedia":[{"embeddable":true,"href":"https:\/\/qtmm.org\/qt\/wp-json\/wp\/v2\/media\/28850"}],"wp:attachment":[{"href":"https:\/\/qtmm.org\/qt\/wp-json\/wp\/v2\/media?parent=28849"}],"wp:term":[{"taxonomy":"category","embeddable":true,"href":"https:\/\/qtmm.org\/qt\/wp-json\/wp\/v2\/categories?post=28849"},{"taxonomy":"post_tag","embeddable":true,"href":"https:\/\/qtmm.org\/qt\/wp-json\/wp\/v2\/tags?post=28849"}],"curies":[{"name":"wp","href":"https:\/\/api.w.org\/{rel}","templated":true}]}}