




{"id":28847,"date":"2012-02-23T13:40:00","date_gmt":"2012-02-23T10:40:00","guid":{"rendered":"http:\/\/qtmm.org\/?p=28847"},"modified":"2022-01-20T13:41:26","modified_gmt":"2022-01-20T10:41:26","slug":"ukraina-yuqari-surasi-insan-aqlari-boyunca-vekilinin-ofisi-minaciyevler-ailesinin-uquqlarini-qorcalaycaq","status":"publish","type":"post","link":"https:\/\/qtmm.org\/qt\/ukraina-yuqari-surasi-insan-aqlari-boyunca-vekilinin-ofisi-minaciyevler-ailesinin-uquqlarini-qorcalaycaq\/","title":{"rendered":"Ukraina Yuqar\u0131 \u015euras\u0131 \u0130nsan aqlar\u0131 boyunca vekilini\u00f1 ofisi Minaciyevler ailesini\u00f1 uquqlar\u0131n\u0131 qor\u00e7alaycaq"},"content":{"rendered":"\n<p>2012 senesi yanvar 23-te Kezlevdeki \u00e7oqqatl\u0131 evni\u00f1 ma\u011faz\u0131ndan m\u0131nda ya\u015fama\u011fa ba\u015fqa yerleri olma\u011fan\u0131 sebebinden ya\u015famaq zoruna qal\u011fan Minaciyevlerni\u00f1 2002 ve 2011 senesi do\u011f\u011fan eki balas\u0131 ol\u011fan aile zorluq ile t\u0131\u015far\u0131 \u00e7\u0131qar\u0131ld\u0131. Q\u0131\u015fn\u0131\u00f1 e\u00f1 suvuq k\u00fcnleri, yar\u0131madada tabiiy afat olaca\u011f\u0131 beklenilgen bir vaq\u0131tta insanlar vah\u015fiy usulnen soqaqqa quvuld\u0131lar. Albu ki, olar yerli akimlerge mahkeme qarar\u0131 edas\u0131n\u0131\u00f1 m\u00fcddetini biraz uzatmaq arizas\u0131nen defalarca muracaat etkenler. L\u00e2kin devlet hadimleri bu\u00f1a emiyet bermegeni cemaatn\u0131\u00f1 \u011fadab\u0131n\u0131 qoz\u011fad\u0131.<\/p>\n\n\n\n<p>2012 senesi fevral 9 k\u00fcn\u00fc Q\u0131r\u0131mtatar halq\u0131 Meclisini\u00f1 reisi, Ukraina halq deputat\u0131 Mustafa Cemilev Ukraina Yuqar\u0131 \u015euras\u0131n\u0131\u00f1 temsilcisi N. Karpa\u00e7\u00f6van\u0131\u00f1 ad\u0131na mekt\u00fcp yaz\u0131p, a\u011f\u0131r vaziyette qal\u011fan insanlarn\u0131\u00f1 mesken, sa\u011fl\u0131q ve hayatqa ol\u011fan qanuniy uquqlar\u0131n\u0131 qor\u00e7alamas\u0131n\u0131 rica etti.<\/p>\n\n\n\n<p>\u00d6z muracaat\u0131nda M.Cemilev, c\u00fcmleden \u015fularn\u0131 yazd\u0131: &#8221; &#8230; halq\u0131m\u0131z toplu \u015fekilde tarihiy Vatan\u0131 Q\u0131r\u0131m\u011fa qaytqanda ya\u015fama\u011fa yeri olma\u011fan baz\u0131 aileler Kezlevdeki \u00e7oqqatl\u0131 evlerni\u00f1 ma\u011fazlar\u0131nda yerle\u015ftiler. Bu aileler qanun boyunca ayr\u0131ca mesken nevbetinde tur\u011fanlar\u0131na baqmadan s\u00fcrg\u00fcnlikten qaytqanlarn\u0131 yerle\u015ftir\u00fcv ve abadanla\u015ft\u0131ruv programmas\u0131na yeterli miqdarda sermiya ay\u0131r\u0131lma\u011fan\u0131 sebebinden yaq\u0131n vaq\u0131tta olarn\u0131 meskennen teminlemekni\u00f1 imk\u00e2n\u0131 yoqt\u0131r. So\u00f1ki 20 y\u0131l i\u00e7inde vaziyet i\u00e7 de\u00f1i\u015fmedi, \u00e7oqtan beklenilgen evlerine k\u00f6\u00e7mek arzus\u0131nen bu aileler al\u00e2 daa ma\u011fazlarda ya\u015famaqn\u0131 devam eteler.<\/p>\n\n\n\n<p>B\u00fct\u00fcn bu y\u0131llar devam\u0131nda \u015fu insanlarn\u0131 ma\u011fazlardan \u00f6z evlerine k\u00f6\u00e7\u00fcrmek boyunca \u015feer akimiyeti i\u00e7 bir t\u00fcrl\u00fc \u00e7are k\u00f6rmedi. Mezk\u00fcr ma\u011fazlarda ya\u015f balal\u0131 aileler, qartlar ya\u015famaqtalar.<\/p>\n\n\n\n<p>Qayd ettiklerimni ve vaziyetni\u00f1 adden t\u0131\u015f ol\u011fan\u0131n\u0131 esapqa alaraq, Sizden bu insanlarn\u0131\u00f1 aqlar\u0131n\u0131 qor\u00e7alama\u00f1\u0131zn\u0131 rica etem. Bun\u0131\u00f1 kibi de, b\u00f6yle suvuqta aile ya\u015f balalar\u0131nen soqaqqa quvul\u011fanda olarn\u0131 ne prokuratura, ne de i\u00e7timaiy organlar qor\u00e7alamad\u0131. Bu mesele de kerek seviyede muzakere etilmeli. Bundan da \u011fayr\u0131, s\u00fcrg\u00fcnlikten qaytqan ailelerni olarn\u0131\u00f1 mesken meseleleri \u00e7ezilmegenge qadar \u00e7\u0131qarmaqn\u0131 toqtat\u0131p, insanlarn\u0131 ayazda t\u0131\u015fqa quvulmas\u0131nda qabaatl\u0131lar cevapk\u00e2rl\u0131qqa \u00e7ekilsin&#8221;.<\/p>\n\n\n\n<p>2012 senesi fevral 17 k\u00fcn\u00fc Ukraina Yuqar\u0131 \u015euras\u0131 \u0130nsan aqlar\u0131 boyunca temsilcisini\u00f1 ofisi mezk\u00fcr adise boyunca i\u015f a\u00e7\u0131p, Minaciyevler ailesini\u00f1 meskenge ol\u011fan qanuniy uquqlar\u0131n\u0131\u00f1 bozuluv\u0131 munasebetinen taqiqat ke\u00e7irilecegini bildirdi.<\/p>\n","protected":false},"excerpt":{"rendered":"<p>2012 senesi yanvar 23-te Kezlevdeki \u00e7oqqatl\u0131 evni\u00f1 ma\u011faz\u0131ndan m\u0131nda ya\u015fama\u011fa ba\u015fqa yerleri olma\u011fan\u0131 sebebinden ya\u015famaq zoruna qal\u011fan Minaciyevlerni\u00f1 2002 ve 2011 senesi do\u011f\u011fan eki balas\u0131 ol\u011fan aile zorluq ile t\u0131\u015far\u0131 \u00e7\u0131qar\u0131ld\u0131. Q\u0131\u015fn\u0131\u00f1 e\u00f1 suvuq k\u00fcnleri, yar\u0131madada tabiiy afat olaca\u011f\u0131 beklenilgen bir vaq\u0131tta insanlar vah\u015fiy usulnen soqaqqa quvuld\u0131lar. Albu ki, olar yerli akimlerge mahkeme qarar\u0131 edas\u0131n\u0131\u00f1 [&hellip;]<\/p>\n","protected":false},"author":1,"featured_media":0,"comment_status":"open","ping_status":"open","sticky":false,"template":"","format":"standard","meta":{"inline_featured_image":false,"footnotes":""},"categories":[265],"tags":[],"class_list":["post-28847","post","type-post","status-publish","format-standard","hentry","category-haberler"],"acf":[],"yoast_head":"<!-- This site is optimized with the Yoast SEO plugin v27.4 - https:\/\/yoast.com\/product\/yoast-seo-wordpress\/ -->\n<title>Ukraina Yuqar\u0131 \u015euras\u0131 \u0130nsan aqlar\u0131 boyunca vekilini\u00f1 ofisi Minaciyevler ailesini\u00f1 uquqlar\u0131n\u0131 qor\u00e7alaycaq - \u041c\u0435\u0434\u0436\u043b\u0456\u0441<\/title>\n<meta name=\"robots\" content=\"index, follow, max-snippet:-1, max-image-preview:large, max-video-preview:-1\" \/>\n<link rel=\"canonical\" href=\"https:\/\/qtmm.org\/qt\/ukraina-yuqari-surasi-insan-aqlari-boyunca-vekilinin-ofisi-minaciyevler-ailesinin-uquqlarini-qorcalaycaq\/\" \/>\n<meta property=\"og:locale\" content=\"en_US\" \/>\n<meta property=\"og:type\" content=\"article\" \/>\n<meta property=\"og:title\" content=\"Ukraina Yuqar\u0131 \u015euras\u0131 \u0130nsan aqlar\u0131 boyunca vekilini\u00f1 ofisi Minaciyevler ailesini\u00f1 uquqlar\u0131n\u0131 qor\u00e7alaycaq - \u041c\u0435\u0434\u0436\u043b\u0456\u0441\" \/>\n<meta property=\"og:description\" content=\"2012 senesi yanvar 23-te Kezlevdeki \u00e7oqqatl\u0131 evni\u00f1 ma\u011faz\u0131ndan m\u0131nda ya\u015fama\u011fa ba\u015fqa yerleri olma\u011fan\u0131 sebebinden ya\u015famaq zoruna qal\u011fan Minaciyevlerni\u00f1 2002 ve 2011 senesi do\u011f\u011fan eki balas\u0131 ol\u011fan aile zorluq ile t\u0131\u015far\u0131 \u00e7\u0131qar\u0131ld\u0131. Q\u0131\u015fn\u0131\u00f1 e\u00f1 suvuq k\u00fcnleri, yar\u0131madada tabiiy afat olaca\u011f\u0131 beklenilgen bir vaq\u0131tta insanlar vah\u015fiy usulnen soqaqqa quvuld\u0131lar. Albu ki, olar yerli akimlerge mahkeme qarar\u0131 edas\u0131n\u0131\u00f1 [&hellip;]\" \/>\n<meta property=\"og:url\" content=\"https:\/\/qtmm.org\/qt\/ukraina-yuqari-surasi-insan-aqlari-boyunca-vekilinin-ofisi-minaciyevler-ailesinin-uquqlarini-qorcalaycaq\/\" \/>\n<meta property=\"og:site_name\" content=\"\u041c\u0435\u0434\u0436\u043b\u0456\u0441\" \/>\n<meta property=\"article:publisher\" content=\"https:\/\/www.facebook.com\/qtmm.info\/\" \/>\n<meta property=\"article:published_time\" content=\"2012-02-23T10:40:00+00:00\" \/>\n<meta property=\"article:modified_time\" content=\"2022-01-20T10:41:26+00:00\" \/>\n<meta name=\"author\" content=\"Developer\" \/>\n<meta name=\"twitter:card\" content=\"summary_large_image\" \/>\n<meta name=\"twitter:label1\" content=\"Written by\" \/>\n\t<meta name=\"twitter:data1\" content=\"Developer\" \/>\n\t<meta name=\"twitter:label2\" content=\"Est. reading time\" \/>\n\t<meta name=\"twitter:data2\" content=\"2 minutes\" \/>\n<script type=\"application\/ld+json\" class=\"yoast-schema-graph\">{\"@context\":\"https:\\\/\\\/schema.org\",\"@graph\":[{\"@type\":\"Article\",\"@id\":\"https:\\\/\\\/qtmm.org\\\/qt\\\/ukraina-yuqari-surasi-insan-aqlari-boyunca-vekilinin-ofisi-minaciyevler-ailesinin-uquqlarini-qorcalaycaq\\\/#article\",\"isPartOf\":{\"@id\":\"https:\\\/\\\/qtmm.org\\\/qt\\\/ukraina-yuqari-surasi-insan-aqlari-boyunca-vekilinin-ofisi-minaciyevler-ailesinin-uquqlarini-qorcalaycaq\\\/\"},\"author\":{\"name\":\"Developer\",\"@id\":\"https:\\\/\\\/qtmm.org\\\/qt\\\/#\\\/schema\\\/person\\\/de562469f971dec226ac06e60bbf74a7\"},\"headline\":\"Ukraina Yuqar\u0131 \u015euras\u0131 \u0130nsan aqlar\u0131 boyunca vekilini\u00f1 ofisi Minaciyevler ailesini\u00f1 uquqlar\u0131n\u0131 qor\u00e7alaycaq\",\"datePublished\":\"2012-02-23T10:40:00+00:00\",\"dateModified\":\"2022-01-20T10:41:26+00:00\",\"mainEntityOfPage\":{\"@id\":\"https:\\\/\\\/qtmm.org\\\/qt\\\/ukraina-yuqari-surasi-insan-aqlari-boyunca-vekilinin-ofisi-minaciyevler-ailesinin-uquqlarini-qorcalaycaq\\\/\"},\"wordCount\":416,\"commentCount\":0,\"publisher\":{\"@id\":\"https:\\\/\\\/qtmm.org\\\/qt\\\/#organization\"},\"articleSection\":[\"Haberler\"],\"inLanguage\":\"qt\",\"potentialAction\":[{\"@type\":\"CommentAction\",\"name\":\"Comment\",\"target\":[\"https:\\\/\\\/qtmm.org\\\/qt\\\/ukraina-yuqari-surasi-insan-aqlari-boyunca-vekilinin-ofisi-minaciyevler-ailesinin-uquqlarini-qorcalaycaq\\\/#respond\"]}]},{\"@type\":\"WebPage\",\"@id\":\"https:\\\/\\\/qtmm.org\\\/qt\\\/ukraina-yuqari-surasi-insan-aqlari-boyunca-vekilinin-ofisi-minaciyevler-ailesinin-uquqlarini-qorcalaycaq\\\/\",\"url\":\"https:\\\/\\\/qtmm.org\\\/qt\\\/ukraina-yuqari-surasi-insan-aqlari-boyunca-vekilinin-ofisi-minaciyevler-ailesinin-uquqlarini-qorcalaycaq\\\/\",\"name\":\"Ukraina Yuqar\u0131 \u015euras\u0131 \u0130nsan aqlar\u0131 boyunca vekilini\u00f1 ofisi Minaciyevler ailesini\u00f1 uquqlar\u0131n\u0131 qor\u00e7alaycaq - \u041c\u0435\u0434\u0436\u043b\u0456\u0441\",\"isPartOf\":{\"@id\":\"https:\\\/\\\/qtmm.org\\\/qt\\\/#website\"},\"datePublished\":\"2012-02-23T10:40:00+00:00\",\"dateModified\":\"2022-01-20T10:41:26+00:00\",\"breadcrumb\":{\"@id\":\"https:\\\/\\\/qtmm.org\\\/qt\\\/ukraina-yuqari-surasi-insan-aqlari-boyunca-vekilinin-ofisi-minaciyevler-ailesinin-uquqlarini-qorcalaycaq\\\/#breadcrumb\"},\"inLanguage\":\"qt\",\"potentialAction\":[{\"@type\":\"ReadAction\",\"target\":[\"https:\\\/\\\/qtmm.org\\\/qt\\\/ukraina-yuqari-surasi-insan-aqlari-boyunca-vekilinin-ofisi-minaciyevler-ailesinin-uquqlarini-qorcalaycaq\\\/\"]}]},{\"@type\":\"BreadcrumbList\",\"@id\":\"https:\\\/\\\/qtmm.org\\\/qt\\\/ukraina-yuqari-surasi-insan-aqlari-boyunca-vekilinin-ofisi-minaciyevler-ailesinin-uquqlarini-qorcalaycaq\\\/#breadcrumb\",\"itemListElement\":[{\"@type\":\"ListItem\",\"position\":1,\"name\":\"\u0413\u043e\u043b\u043e\u0432\u043d\u0430\",\"item\":\"https:\\\/\\\/qtmm.org\\\/qt\\\/\"},{\"@type\":\"ListItem\",\"position\":2,\"name\":\"Ukraina Yuqar\u0131 \u015euras\u0131 \u0130nsan aqlar\u0131 boyunca vekilini\u00f1 ofisi Minaciyevler ailesini\u00f1 uquqlar\u0131n\u0131 qor\u00e7alaycaq\"}]},{\"@type\":\"WebSite\",\"@id\":\"https:\\\/\\\/qtmm.org\\\/qt\\\/#website\",\"url\":\"https:\\\/\\\/qtmm.org\\\/qt\\\/\",\"name\":\"\u041c\u0435\u0434\u0436\u043b\u0456\u0441\",\"description\":\"\",\"publisher\":{\"@id\":\"https:\\\/\\\/qtmm.org\\\/qt\\\/#organization\"},\"potentialAction\":[{\"@type\":\"SearchAction\",\"target\":{\"@type\":\"EntryPoint\",\"urlTemplate\":\"https:\\\/\\\/qtmm.org\\\/qt\\\/?s={search_term_string}\"},\"query-input\":{\"@type\":\"PropertyValueSpecification\",\"valueRequired\":true,\"valueName\":\"search_term_string\"}}],\"inLanguage\":\"qt\"},{\"@type\":\"Organization\",\"@id\":\"https:\\\/\\\/qtmm.org\\\/qt\\\/#organization\",\"name\":\"\u041c\u0435\u0434\u0436\u043b\u0456\u0441\",\"url\":\"https:\\\/\\\/qtmm.org\\\/qt\\\/\",\"logo\":{\"@type\":\"ImageObject\",\"inLanguage\":\"qt\",\"@id\":\"https:\\\/\\\/qtmm.org\\\/qt\\\/#\\\/schema\\\/logo\\\/image\\\/\",\"url\":\"https:\\\/\\\/qtmm.org\\\/wp-content\\\/uploads\\\/2024\\\/12\\\/ua-mejlis-logo-rgb.svg\",\"contentUrl\":\"https:\\\/\\\/qtmm.org\\\/wp-content\\\/uploads\\\/2024\\\/12\\\/ua-mejlis-logo-rgb.svg\",\"caption\":\"\u041c\u0435\u0434\u0436\u043b\u0456\u0441\"},\"image\":{\"@id\":\"https:\\\/\\\/qtmm.org\\\/qt\\\/#\\\/schema\\\/logo\\\/image\\\/\"},\"sameAs\":[\"https:\\\/\\\/www.facebook.com\\\/qtmm.info\\\/\"]},{\"@type\":\"Person\",\"@id\":\"https:\\\/\\\/qtmm.org\\\/qt\\\/#\\\/schema\\\/person\\\/de562469f971dec226ac06e60bbf74a7\",\"name\":\"Developer\",\"image\":{\"@type\":\"ImageObject\",\"inLanguage\":\"qt\",\"@id\":\"https:\\\/\\\/secure.gravatar.com\\\/avatar\\\/392b4cc8fbfeb00b39dfeeab4ee6edded39ffd48e25858637e4765810300227e?s=96&d=mm&r=g\",\"url\":\"https:\\\/\\\/secure.gravatar.com\\\/avatar\\\/392b4cc8fbfeb00b39dfeeab4ee6edded39ffd48e25858637e4765810300227e?s=96&d=mm&r=g\",\"contentUrl\":\"https:\\\/\\\/secure.gravatar.com\\\/avatar\\\/392b4cc8fbfeb00b39dfeeab4ee6edded39ffd48e25858637e4765810300227e?s=96&d=mm&r=g\",\"caption\":\"Developer\"},\"url\":\"https:\\\/\\\/qtmm.org\\\/qt\\\/author\\\/Developer\\\/\"}]}<\/script>\n<!-- \/ Yoast SEO plugin. -->","yoast_head_json":{"title":"Ukraina Yuqar\u0131 \u015euras\u0131 \u0130nsan aqlar\u0131 boyunca vekilini\u00f1 ofisi Minaciyevler ailesini\u00f1 uquqlar\u0131n\u0131 qor\u00e7alaycaq - \u041c\u0435\u0434\u0436\u043b\u0456\u0441","robots":{"index":"index","follow":"follow","max-snippet":"max-snippet:-1","max-image-preview":"max-image-preview:large","max-video-preview":"max-video-preview:-1"},"canonical":"https:\/\/qtmm.org\/qt\/ukraina-yuqari-surasi-insan-aqlari-boyunca-vekilinin-ofisi-minaciyevler-ailesinin-uquqlarini-qorcalaycaq\/","og_locale":"en_US","og_type":"article","og_title":"Ukraina Yuqar\u0131 \u015euras\u0131 \u0130nsan aqlar\u0131 boyunca vekilini\u00f1 ofisi Minaciyevler ailesini\u00f1 uquqlar\u0131n\u0131 qor\u00e7alaycaq - \u041c\u0435\u0434\u0436\u043b\u0456\u0441","og_description":"2012 senesi yanvar 23-te Kezlevdeki \u00e7oqqatl\u0131 evni\u00f1 ma\u011faz\u0131ndan m\u0131nda ya\u015fama\u011fa ba\u015fqa yerleri olma\u011fan\u0131 sebebinden ya\u015famaq zoruna qal\u011fan Minaciyevlerni\u00f1 2002 ve 2011 senesi do\u011f\u011fan eki balas\u0131 ol\u011fan aile zorluq ile t\u0131\u015far\u0131 \u00e7\u0131qar\u0131ld\u0131. Q\u0131\u015fn\u0131\u00f1 e\u00f1 suvuq k\u00fcnleri, yar\u0131madada tabiiy afat olaca\u011f\u0131 beklenilgen bir vaq\u0131tta insanlar vah\u015fiy usulnen soqaqqa quvuld\u0131lar. Albu ki, olar yerli akimlerge mahkeme qarar\u0131 edas\u0131n\u0131\u00f1 [&hellip;]","og_url":"https:\/\/qtmm.org\/qt\/ukraina-yuqari-surasi-insan-aqlari-boyunca-vekilinin-ofisi-minaciyevler-ailesinin-uquqlarini-qorcalaycaq\/","og_site_name":"\u041c\u0435\u0434\u0436\u043b\u0456\u0441","article_publisher":"https:\/\/www.facebook.com\/qtmm.info\/","article_published_time":"2012-02-23T10:40:00+00:00","article_modified_time":"2022-01-20T10:41:26+00:00","author":"Developer","twitter_card":"summary_large_image","twitter_misc":{"Written by":"Developer","Est. reading time":"2 minutes"},"schema":{"@context":"https:\/\/schema.org","@graph":[{"@type":"Article","@id":"https:\/\/qtmm.org\/qt\/ukraina-yuqari-surasi-insan-aqlari-boyunca-vekilinin-ofisi-minaciyevler-ailesinin-uquqlarini-qorcalaycaq\/#article","isPartOf":{"@id":"https:\/\/qtmm.org\/qt\/ukraina-yuqari-surasi-insan-aqlari-boyunca-vekilinin-ofisi-minaciyevler-ailesinin-uquqlarini-qorcalaycaq\/"},"author":{"name":"Developer","@id":"https:\/\/qtmm.org\/qt\/#\/schema\/person\/de562469f971dec226ac06e60bbf74a7"},"headline":"Ukraina Yuqar\u0131 \u015euras\u0131 \u0130nsan aqlar\u0131 boyunca vekilini\u00f1 ofisi Minaciyevler ailesini\u00f1 uquqlar\u0131n\u0131 qor\u00e7alaycaq","datePublished":"2012-02-23T10:40:00+00:00","dateModified":"2022-01-20T10:41:26+00:00","mainEntityOfPage":{"@id":"https:\/\/qtmm.org\/qt\/ukraina-yuqari-surasi-insan-aqlari-boyunca-vekilinin-ofisi-minaciyevler-ailesinin-uquqlarini-qorcalaycaq\/"},"wordCount":416,"commentCount":0,"publisher":{"@id":"https:\/\/qtmm.org\/qt\/#organization"},"articleSection":["Haberler"],"inLanguage":"qt","potentialAction":[{"@type":"CommentAction","name":"Comment","target":["https:\/\/qtmm.org\/qt\/ukraina-yuqari-surasi-insan-aqlari-boyunca-vekilinin-ofisi-minaciyevler-ailesinin-uquqlarini-qorcalaycaq\/#respond"]}]},{"@type":"WebPage","@id":"https:\/\/qtmm.org\/qt\/ukraina-yuqari-surasi-insan-aqlari-boyunca-vekilinin-ofisi-minaciyevler-ailesinin-uquqlarini-qorcalaycaq\/","url":"https:\/\/qtmm.org\/qt\/ukraina-yuqari-surasi-insan-aqlari-boyunca-vekilinin-ofisi-minaciyevler-ailesinin-uquqlarini-qorcalaycaq\/","name":"Ukraina Yuqar\u0131 \u015euras\u0131 \u0130nsan aqlar\u0131 boyunca vekilini\u00f1 ofisi Minaciyevler ailesini\u00f1 uquqlar\u0131n\u0131 qor\u00e7alaycaq - \u041c\u0435\u0434\u0436\u043b\u0456\u0441","isPartOf":{"@id":"https:\/\/qtmm.org\/qt\/#website"},"datePublished":"2012-02-23T10:40:00+00:00","dateModified":"2022-01-20T10:41:26+00:00","breadcrumb":{"@id":"https:\/\/qtmm.org\/qt\/ukraina-yuqari-surasi-insan-aqlari-boyunca-vekilinin-ofisi-minaciyevler-ailesinin-uquqlarini-qorcalaycaq\/#breadcrumb"},"inLanguage":"qt","potentialAction":[{"@type":"ReadAction","target":["https:\/\/qtmm.org\/qt\/ukraina-yuqari-surasi-insan-aqlari-boyunca-vekilinin-ofisi-minaciyevler-ailesinin-uquqlarini-qorcalaycaq\/"]}]},{"@type":"BreadcrumbList","@id":"https:\/\/qtmm.org\/qt\/ukraina-yuqari-surasi-insan-aqlari-boyunca-vekilinin-ofisi-minaciyevler-ailesinin-uquqlarini-qorcalaycaq\/#breadcrumb","itemListElement":[{"@type":"ListItem","position":1,"name":"\u0413\u043e\u043b\u043e\u0432\u043d\u0430","item":"https:\/\/qtmm.org\/qt\/"},{"@type":"ListItem","position":2,"name":"Ukraina Yuqar\u0131 \u015euras\u0131 \u0130nsan aqlar\u0131 boyunca vekilini\u00f1 ofisi Minaciyevler ailesini\u00f1 uquqlar\u0131n\u0131 qor\u00e7alaycaq"}]},{"@type":"WebSite","@id":"https:\/\/qtmm.org\/qt\/#website","url":"https:\/\/qtmm.org\/qt\/","name":"\u041c\u0435\u0434\u0436\u043b\u0456\u0441","description":"","publisher":{"@id":"https:\/\/qtmm.org\/qt\/#organization"},"potentialAction":[{"@type":"SearchAction","target":{"@type":"EntryPoint","urlTemplate":"https:\/\/qtmm.org\/qt\/?s={search_term_string}"},"query-input":{"@type":"PropertyValueSpecification","valueRequired":true,"valueName":"search_term_string"}}],"inLanguage":"qt"},{"@type":"Organization","@id":"https:\/\/qtmm.org\/qt\/#organization","name":"\u041c\u0435\u0434\u0436\u043b\u0456\u0441","url":"https:\/\/qtmm.org\/qt\/","logo":{"@type":"ImageObject","inLanguage":"qt","@id":"https:\/\/qtmm.org\/qt\/#\/schema\/logo\/image\/","url":"https:\/\/qtmm.org\/wp-content\/uploads\/2024\/12\/ua-mejlis-logo-rgb.svg","contentUrl":"https:\/\/qtmm.org\/wp-content\/uploads\/2024\/12\/ua-mejlis-logo-rgb.svg","caption":"\u041c\u0435\u0434\u0436\u043b\u0456\u0441"},"image":{"@id":"https:\/\/qtmm.org\/qt\/#\/schema\/logo\/image\/"},"sameAs":["https:\/\/www.facebook.com\/qtmm.info\/"]},{"@type":"Person","@id":"https:\/\/qtmm.org\/qt\/#\/schema\/person\/de562469f971dec226ac06e60bbf74a7","name":"Developer","image":{"@type":"ImageObject","inLanguage":"qt","@id":"https:\/\/secure.gravatar.com\/avatar\/392b4cc8fbfeb00b39dfeeab4ee6edded39ffd48e25858637e4765810300227e?s=96&d=mm&r=g","url":"https:\/\/secure.gravatar.com\/avatar\/392b4cc8fbfeb00b39dfeeab4ee6edded39ffd48e25858637e4765810300227e?s=96&d=mm&r=g","contentUrl":"https:\/\/secure.gravatar.com\/avatar\/392b4cc8fbfeb00b39dfeeab4ee6edded39ffd48e25858637e4765810300227e?s=96&d=mm&r=g","caption":"Developer"},"url":"https:\/\/qtmm.org\/qt\/author\/Developer\/"}]}},"_links":{"self":[{"href":"https:\/\/qtmm.org\/qt\/wp-json\/wp\/v2\/posts\/28847","targetHints":{"allow":["GET"]}}],"collection":[{"href":"https:\/\/qtmm.org\/qt\/wp-json\/wp\/v2\/posts"}],"about":[{"href":"https:\/\/qtmm.org\/qt\/wp-json\/wp\/v2\/types\/post"}],"author":[{"embeddable":true,"href":"https:\/\/qtmm.org\/qt\/wp-json\/wp\/v2\/users\/1"}],"replies":[{"embeddable":true,"href":"https:\/\/qtmm.org\/qt\/wp-json\/wp\/v2\/comments?post=28847"}],"version-history":[{"count":1,"href":"https:\/\/qtmm.org\/qt\/wp-json\/wp\/v2\/posts\/28847\/revisions"}],"predecessor-version":[{"id":28848,"href":"https:\/\/qtmm.org\/qt\/wp-json\/wp\/v2\/posts\/28847\/revisions\/28848"}],"wp:attachment":[{"href":"https:\/\/qtmm.org\/qt\/wp-json\/wp\/v2\/media?parent=28847"}],"wp:term":[{"taxonomy":"category","embeddable":true,"href":"https:\/\/qtmm.org\/qt\/wp-json\/wp\/v2\/categories?post=28847"},{"taxonomy":"post_tag","embeddable":true,"href":"https:\/\/qtmm.org\/qt\/wp-json\/wp\/v2\/tags?post=28847"}],"curies":[{"name":"wp","href":"https:\/\/api.w.org\/{rel}","templated":true}]}}