




{"id":28604,"date":"2012-02-21T13:32:00","date_gmt":"2012-02-21T10:32:00","guid":{"rendered":"http:\/\/qtmm.org\/?p=28604"},"modified":"2022-01-20T13:34:44","modified_gmt":"2022-01-20T10:34:44","slug":"basqalari-bahitsiz-olganda-yanindaki-bir-halq-bahitli-olamaz","status":"publish","type":"post","link":"https:\/\/qtmm.org\/qt\/basqalari-bahitsiz-olganda-yanindaki-bir-halq-bahitli-olamaz\/","title":{"rendered":"\u00abBa\u015fqalar\u0131 bah\u0131ts\u0131z ol\u011fanda, yan\u0131ndaki bir halq bah\u0131tl\u0131 olamaz!\u00bb"},"content":{"rendered":"\n<p>2012 senesi fevral 21 k\u00fcn\u00fc Aqmescitteki P. Grigorenko ad\u0131na (Sovetskaya) meydanda q\u0131r\u0131mtatar ve ukrain cemaat\u00e7\u0131l\u0131\u011f\u0131 Petra Grigorenko eykeline \u00e7e\u00e7ek qoyd\u0131. Q\u0131r\u0131mtatar halq\u0131n\u0131\u00f1 Meclisi taraf\u0131ndan Q\u0131r\u0131mdaki ukrain milliy- demokratik k\u00fc\u00e7ler, q\u0131r\u0131mtatar milliy areketi vekilleri ve gen\u00e7ler te\u015fkil\u00e2tlar\u0131nen birlikte az\u0131rlan\u011fan bu merasim q\u0131r\u0131mtatarlarn\u0131\u00f1 b\u00fcy\u00fck dostu, belli uquqqoruy\u0131c\u0131, general Petr Grigorenko vefat etkenine 25 y\u0131l ol\u011fan\u0131 munasebetinen \u00f6tkerildi.<\/p>\n\n\n\n<p>Q\u0131r\u0131mtatarlar i\u00e7\u00fcn pek \u00e7oq i\u015f yapqan, halq\u0131m\u0131zn\u0131\u00f1 aqiqiy dostun\u0131\u00f1 hat\u0131ras\u0131n\u0131 a\u00f1maq maqsad\u0131nen meydan\u011fa \u00e7e\u015fit millet vekilleri kelip, olarn\u0131\u00f1 aras\u0131nda ces\u00fcr uquqqoruy\u0131c\u0131, insan aqlar\u0131 i\u00e7\u00fcn b\u00fct\u00fcn barl\u0131\u011f\u0131nen k\u00fcre\u015fken, sovetler devrinde generall\u0131q rutbesi o\u00f1a bergen imtiyazlardan vazge\u00e7e bilgen ve bun\u0131\u00f1 i\u00e7\u00fcn tuv\u011fan yurtundan quvul\u011fan Petr Grigorenkon\u0131 \u015fahsen tan\u0131\u011fan-bilgen insanlar da bar edi.<\/p>\n\n\n\n<p>&#8220;SSSRde dissidentlik areketinde bir s\u0131ra parlaq \u015fah\u0131slar ol\u0131p, \u2013 dedi Q\u0131r\u0131mtatar halq\u0131 Qurultay\u0131n\u0131\u00f1 delegat\u0131 Elvedin \u00c7ubarov, \u2013 q\u0131r\u0131mtatar halq\u0131 olarn\u0131\u00f1 totalitar rejimge qar\u015f\u0131 k\u00fcre\u015fine qoltutt\u0131. Ayn\u0131 zamanda dissidentler de Vatan\u011fa qaytmaq ve aq-uquqlar\u0131n\u0131 tiklemek i\u00e7\u00fcn areket etken q\u0131r\u0131mtatar te\u015febb\u00fcs\u00e7ilerine qoltutt\u0131lar. P\u00f6tr Grigorenko q\u0131r\u0131mtatar halq\u0131n\u0131\u00f1 e\u00f1 sad\u0131q dostu edi&#8221;.<\/p>\n\n\n\n<p>P\u00f6tr Grigorenko eykeline \u00e7e\u00e7ekler qoyuv merasiminde \u00e7\u0131q\u0131\u015fta bulun\u011fan Ukrain millet\u00e7iler kongressi Q\u0131r\u0131m b\u00f6l\u00fcgini\u00f1 ba\u015f\u0131 Vasiliy Ov\u00e7aruk &#8220;bug\u00fcn bizim b\u00fct\u00fcn \u00f6m\u00fcrimiz P\u00f6tr Grigorenkon\u0131\u00f1 ad\u0131nen ba\u011fl\u0131d\u0131r. O, ukrain halq\u0131n\u0131\u00f1 sad\u0131q evl\u00e2d\u0131d\u0131r. Ukrain halq\u0131 ise yan\u0131ndaki diger bir halq bah\u0131ts\u0131z ol\u011fan, \u00f6z aqlar\u0131 ve Vatan\u011fa qaytmaq i\u00e7\u00fcn k\u00fcre\u015f al\u0131p bar\u011fan bir vaq\u0131tta bah\u0131tl\u0131 olamaz&#8221;, dedi.<\/p>\n\n\n\n<p>Bun\u0131\u00f1 kibi de mitingde Ukraina Halq Areketi (RUH) Q\u0131r\u0131m te\u015fkil\u00e2t\u0131n\u0131\u00f1 reisi, Q\u0131r\u0131m Yuqar\u0131 \u015euras\u0131n\u0131\u00f1 deputat\u0131 Leonid Pilunskiy, professor Roman Yarem\u00e7uk, &#8220;Bizim Q\u0131r\u0131m&#8221; halqara gen\u00e7ler te\u015fkil\u00e2t\u0131n\u0131\u00f1 reisi Abduraman Egiz, Petr Grigorenkon\u0131\u00f1 safda\u015f\u0131, milliy areket veteran\u0131 Kazim Ceparov ve digerleri \u00e7\u0131q\u0131\u015f yapt\u0131lar.<\/p>\n\n\n\n<p>O, \u00f6z maneviy ve insanl\u0131q borcun\u0131 er \u015feyden \u00fcst\u00fcn qoy\u011fan insanlar s\u0131ras\u0131nda edi&#8221;, degen edi 2010 senesi okt\u00e2br ay\u0131nda Ukraina halq deputat\u0131, Meclis reisi Mustafa Cemilev.<\/p>\n\n\n\n<p>P\u00f6tr Grigorenkon\u0131\u00f1 hat\u0131ras\u0131na ba\u011f\u0131\u015flan\u011fan a\u00f1ma merasiminde esli-ba\u015fl\u0131 insanlarnen bir s\u0131rada pek \u00e7oq gen\u00e7lerni\u00f1 de i\u015ftirak etmesi aqiqiy \u0130nsan ve qaraman Petr Grigorenko kelecek nesiller i\u00e7\u00fcn de ibret olaca\u011f\u0131ndan del\u00e2let bere ve sevindire.<\/p>\n\n\n\n<figure class=\"wp-block-gallery columns-3 is-cropped wp-block-gallery-1 is-layout-flex wp-block-gallery-is-layout-flex\"><ul class=\"blocks-gallery-grid\"><li class=\"blocks-gallery-item\"><figure><a href=\"http:\/\/qtmm.org\/wp-content\/uploads\/2022\/01\/4f4524a0ab819.jpeg\"><img loading=\"lazy\" decoding=\"async\" width=\"640\" height=\"480\" src=\"http:\/\/qtmm.org\/wp-content\/uploads\/2022\/01\/4f4524a0ab819.jpeg\" alt=\"\" data-id=\"28605\" data-full-url=\"http:\/\/qtmm.org\/wp-content\/uploads\/2022\/01\/4f4524a0ab819.jpeg\" data-link=\"http:\/\/qtmm.org\/qt\/?attachment_id=28605\" class=\"wp-image-28605\" srcset=\"https:\/\/qtmm.org\/wp-content\/uploads\/2022\/01\/4f4524a0ab819.jpeg 640w, https:\/\/qtmm.org\/wp-content\/uploads\/2022\/01\/4f4524a0ab819-300x225.jpeg 300w\" sizes=\"auto, (max-width: 640px) 100vw, 640px\" \/><\/a><\/figure><\/li><li class=\"blocks-gallery-item\"><figure><a href=\"http:\/\/qtmm.org\/wp-content\/uploads\/2022\/01\/4f4524a0ce2c5.jpeg\"><img loading=\"lazy\" decoding=\"async\" width=\"640\" height=\"480\" src=\"http:\/\/qtmm.org\/wp-content\/uploads\/2022\/01\/4f4524a0ce2c5.jpeg\" alt=\"\" data-id=\"28609\" data-full-url=\"http:\/\/qtmm.org\/wp-content\/uploads\/2022\/01\/4f4524a0ce2c5.jpeg\" data-link=\"http:\/\/qtmm.org\/qt\/?attachment_id=28609\" class=\"wp-image-28609\" srcset=\"https:\/\/qtmm.org\/wp-content\/uploads\/2022\/01\/4f4524a0ce2c5.jpeg 640w, https:\/\/qtmm.org\/wp-content\/uploads\/2022\/01\/4f4524a0ce2c5-300x225.jpeg 300w\" sizes=\"auto, (max-width: 640px) 100vw, 640px\" \/><\/a><\/figure><\/li><li class=\"blocks-gallery-item\"><figure><a href=\"http:\/\/qtmm.org\/wp-content\/uploads\/2022\/01\/4f4524a0f154b.jpeg\"><img loading=\"lazy\" decoding=\"async\" width=\"640\" height=\"480\" src=\"http:\/\/qtmm.org\/wp-content\/uploads\/2022\/01\/4f4524a0f154b.jpeg\" alt=\"\" data-id=\"28613\" data-full-url=\"http:\/\/qtmm.org\/wp-content\/uploads\/2022\/01\/4f4524a0f154b.jpeg\" data-link=\"http:\/\/qtmm.org\/qt\/?attachment_id=28613\" class=\"wp-image-28613\" srcset=\"https:\/\/qtmm.org\/wp-content\/uploads\/2022\/01\/4f4524a0f154b.jpeg 640w, https:\/\/qtmm.org\/wp-content\/uploads\/2022\/01\/4f4524a0f154b-300x225.jpeg 300w\" sizes=\"auto, (max-width: 640px) 100vw, 640px\" \/><\/a><\/figure><\/li><li class=\"blocks-gallery-item\"><figure><a href=\"http:\/\/qtmm.org\/wp-content\/uploads\/2022\/01\/4f4524a03e5e4.jpeg\"><img loading=\"lazy\" decoding=\"async\" width=\"640\" height=\"480\" src=\"http:\/\/qtmm.org\/wp-content\/uploads\/2022\/01\/4f4524a03e5e4.jpeg\" alt=\"\" data-id=\"28617\" data-full-url=\"http:\/\/qtmm.org\/wp-content\/uploads\/2022\/01\/4f4524a03e5e4.jpeg\" data-link=\"http:\/\/qtmm.org\/qt\/?attachment_id=28617\" class=\"wp-image-28617\" srcset=\"https:\/\/qtmm.org\/wp-content\/uploads\/2022\/01\/4f4524a03e5e4.jpeg 640w, https:\/\/qtmm.org\/wp-content\/uploads\/2022\/01\/4f4524a03e5e4-300x225.jpeg 300w\" sizes=\"auto, (max-width: 640px) 100vw, 640px\" \/><\/a><\/figure><\/li><li class=\"blocks-gallery-item\"><figure><a href=\"http:\/\/qtmm.org\/wp-content\/uploads\/2022\/01\/4f4524a0122cf.jpeg\"><img loading=\"lazy\" decoding=\"async\" width=\"640\" height=\"480\" src=\"http:\/\/qtmm.org\/wp-content\/uploads\/2022\/01\/4f4524a0122cf.jpeg\" alt=\"\" data-id=\"28621\" data-full-url=\"http:\/\/qtmm.org\/wp-content\/uploads\/2022\/01\/4f4524a0122cf.jpeg\" data-link=\"http:\/\/qtmm.org\/qt\/?attachment_id=28621\" class=\"wp-image-28621\" srcset=\"https:\/\/qtmm.org\/wp-content\/uploads\/2022\/01\/4f4524a0122cf.jpeg 640w, https:\/\/qtmm.org\/wp-content\/uploads\/2022\/01\/4f4524a0122cf-300x225.jpeg 300w\" sizes=\"auto, (max-width: 640px) 100vw, 640px\" \/><\/a><\/figure><\/li><li class=\"blocks-gallery-item\"><figure><a href=\"http:\/\/qtmm.org\/wp-content\/uploads\/2022\/01\/4f4524a1201ab.jpeg\"><img loading=\"lazy\" decoding=\"async\" width=\"640\" height=\"480\" src=\"http:\/\/qtmm.org\/wp-content\/uploads\/2022\/01\/4f4524a1201ab.jpeg\" alt=\"\" data-id=\"28625\" data-full-url=\"http:\/\/qtmm.org\/wp-content\/uploads\/2022\/01\/4f4524a1201ab.jpeg\" data-link=\"http:\/\/qtmm.org\/qt\/?attachment_id=28625\" class=\"wp-image-28625\" srcset=\"https:\/\/qtmm.org\/wp-content\/uploads\/2022\/01\/4f4524a1201ab.jpeg 640w, https:\/\/qtmm.org\/wp-content\/uploads\/2022\/01\/4f4524a1201ab-300x225.jpeg 300w\" sizes=\"auto, (max-width: 640px) 100vw, 640px\" \/><\/a><\/figure><\/li><li class=\"blocks-gallery-item\"><figure><a href=\"http:\/\/qtmm.org\/wp-content\/uploads\/2022\/01\/4f4524a08723a.jpeg\"><img loading=\"lazy\" decoding=\"async\" width=\"640\" height=\"480\" src=\"http:\/\/qtmm.org\/wp-content\/uploads\/2022\/01\/4f4524a08723a.jpeg\" alt=\"\" data-id=\"28629\" data-full-url=\"http:\/\/qtmm.org\/wp-content\/uploads\/2022\/01\/4f4524a08723a.jpeg\" data-link=\"http:\/\/qtmm.org\/qt\/?attachment_id=28629\" class=\"wp-image-28629\" srcset=\"https:\/\/qtmm.org\/wp-content\/uploads\/2022\/01\/4f4524a08723a.jpeg 640w, https:\/\/qtmm.org\/wp-content\/uploads\/2022\/01\/4f4524a08723a-300x225.jpeg 300w\" sizes=\"auto, (max-width: 640px) 100vw, 640px\" \/><\/a><\/figure><\/li><li class=\"blocks-gallery-item\"><figure><a href=\"http:\/\/qtmm.org\/wp-content\/uploads\/2022\/01\/4f4524a061867.jpeg\"><img loading=\"lazy\" decoding=\"async\" width=\"640\" height=\"480\" src=\"http:\/\/qtmm.org\/wp-content\/uploads\/2022\/01\/4f4524a061867.jpeg\" alt=\"\" data-id=\"28633\" data-full-url=\"http:\/\/qtmm.org\/wp-content\/uploads\/2022\/01\/4f4524a061867.jpeg\" data-link=\"http:\/\/qtmm.org\/qt\/?attachment_id=28633\" class=\"wp-image-28633\" srcset=\"https:\/\/qtmm.org\/wp-content\/uploads\/2022\/01\/4f4524a061867.jpeg 640w, https:\/\/qtmm.org\/wp-content\/uploads\/2022\/01\/4f4524a061867-300x225.jpeg 300w\" sizes=\"auto, (max-width: 640px) 100vw, 640px\" \/><\/a><\/figure><\/li><li class=\"blocks-gallery-item\"><figure><a href=\"http:\/\/qtmm.org\/wp-content\/uploads\/2022\/01\/4f4524a141108.jpeg\"><img loading=\"lazy\" decoding=\"async\" width=\"640\" height=\"480\" src=\"http:\/\/qtmm.org\/wp-content\/uploads\/2022\/01\/4f4524a141108.jpeg\" alt=\"\" data-id=\"28637\" data-full-url=\"http:\/\/qtmm.org\/wp-content\/uploads\/2022\/01\/4f4524a141108.jpeg\" data-link=\"http:\/\/qtmm.org\/qt\/?attachment_id=28637\" class=\"wp-image-28637\" srcset=\"https:\/\/qtmm.org\/wp-content\/uploads\/2022\/01\/4f4524a141108.jpeg 640w, https:\/\/qtmm.org\/wp-content\/uploads\/2022\/01\/4f4524a141108-300x225.jpeg 300w\" sizes=\"auto, (max-width: 640px) 100vw, 640px\" \/><\/a><\/figure><\/li><li class=\"blocks-gallery-item\"><figure><a href=\"http:\/\/qtmm.org\/wp-content\/uploads\/2022\/01\/4f45249f28a00.jpeg\"><img loading=\"lazy\" decoding=\"async\" width=\"640\" height=\"480\" src=\"http:\/\/qtmm.org\/wp-content\/uploads\/2022\/01\/4f45249f28a00.jpeg\" alt=\"\" data-id=\"28641\" data-full-url=\"http:\/\/qtmm.org\/wp-content\/uploads\/2022\/01\/4f45249f28a00.jpeg\" data-link=\"http:\/\/qtmm.org\/qt\/?attachment_id=28641\" class=\"wp-image-28641\" srcset=\"https:\/\/qtmm.org\/wp-content\/uploads\/2022\/01\/4f45249f28a00.jpeg 640w, https:\/\/qtmm.org\/wp-content\/uploads\/2022\/01\/4f45249f28a00-300x225.jpeg 300w\" sizes=\"auto, (max-width: 640px) 100vw, 640px\" \/><\/a><\/figure><\/li><li class=\"blocks-gallery-item\"><figure><a href=\"http:\/\/qtmm.org\/wp-content\/uploads\/2022\/01\/4f45249f81fc2.jpeg\"><img loading=\"lazy\" decoding=\"async\" width=\"640\" height=\"480\" src=\"http:\/\/qtmm.org\/wp-content\/uploads\/2022\/01\/4f45249f81fc2.jpeg\" alt=\"\" data-id=\"28645\" data-full-url=\"http:\/\/qtmm.org\/wp-content\/uploads\/2022\/01\/4f45249f81fc2.jpeg\" data-link=\"http:\/\/qtmm.org\/qt\/?attachment_id=28645\" class=\"wp-image-28645\" srcset=\"https:\/\/qtmm.org\/wp-content\/uploads\/2022\/01\/4f45249f81fc2.jpeg 640w, https:\/\/qtmm.org\/wp-content\/uploads\/2022\/01\/4f45249f81fc2-300x225.jpeg 300w\" sizes=\"auto, (max-width: 640px) 100vw, 640px\" \/><\/a><\/figure><\/li><li class=\"blocks-gallery-item\"><figure><a href=\"http:\/\/qtmm.org\/wp-content\/uploads\/2022\/01\/4f45249f53991.jpeg\"><img loading=\"lazy\" decoding=\"async\" width=\"640\" height=\"480\" src=\"http:\/\/qtmm.org\/wp-content\/uploads\/2022\/01\/4f45249f53991.jpeg\" alt=\"\" data-id=\"28649\" data-full-url=\"http:\/\/qtmm.org\/wp-content\/uploads\/2022\/01\/4f45249f53991.jpeg\" data-link=\"http:\/\/qtmm.org\/qt\/?attachment_id=28649\" class=\"wp-image-28649\" srcset=\"https:\/\/qtmm.org\/wp-content\/uploads\/2022\/01\/4f45249f53991.jpeg 640w, https:\/\/qtmm.org\/wp-content\/uploads\/2022\/01\/4f45249f53991-300x225.jpeg 300w\" sizes=\"auto, (max-width: 640px) 100vw, 640px\" \/><\/a><\/figure><\/li><li class=\"blocks-gallery-item\"><figure><a href=\"http:\/\/qtmm.org\/wp-content\/uploads\/2022\/01\/4f45249faa06b.jpeg\"><img loading=\"lazy\" decoding=\"async\" width=\"640\" height=\"480\" src=\"http:\/\/qtmm.org\/wp-content\/uploads\/2022\/01\/4f45249faa06b.jpeg\" alt=\"\" data-id=\"28653\" data-full-url=\"http:\/\/qtmm.org\/wp-content\/uploads\/2022\/01\/4f45249faa06b.jpeg\" data-link=\"http:\/\/qtmm.org\/qt\/?attachment_id=28653\" class=\"wp-image-28653\" srcset=\"https:\/\/qtmm.org\/wp-content\/uploads\/2022\/01\/4f45249faa06b.jpeg 640w, https:\/\/qtmm.org\/wp-content\/uploads\/2022\/01\/4f45249faa06b-300x225.jpeg 300w\" sizes=\"auto, (max-width: 640px) 100vw, 640px\" \/><\/a><\/figure><\/li><li class=\"blocks-gallery-item\"><figure><a href=\"http:\/\/qtmm.org\/wp-content\/uploads\/2022\/01\/4f45249fd9e1d.jpeg\"><img loading=\"lazy\" decoding=\"async\" width=\"640\" height=\"480\" src=\"http:\/\/qtmm.org\/wp-content\/uploads\/2022\/01\/4f45249fd9e1d.jpeg\" alt=\"\" data-id=\"28657\" data-full-url=\"http:\/\/qtmm.org\/wp-content\/uploads\/2022\/01\/4f45249fd9e1d.jpeg\" data-link=\"http:\/\/qtmm.org\/qt\/?attachment_id=28657\" class=\"wp-image-28657\" srcset=\"https:\/\/qtmm.org\/wp-content\/uploads\/2022\/01\/4f45249fd9e1d.jpeg 640w, https:\/\/qtmm.org\/wp-content\/uploads\/2022\/01\/4f45249fd9e1d-300x225.jpeg 300w\" sizes=\"auto, (max-width: 640px) 100vw, 640px\" \/><\/a><\/figure><\/li><\/ul><\/figure>\n","protected":false},"excerpt":{"rendered":"<p>2012 senesi fevral 21 k\u00fcn\u00fc Aqmescitteki P. Grigorenko ad\u0131na (Sovetskaya) meydanda q\u0131r\u0131mtatar ve ukrain cemaat\u00e7\u0131l\u0131\u011f\u0131 Petra Grigorenko eykeline \u00e7e\u00e7ek qoyd\u0131. Q\u0131r\u0131mtatar halq\u0131n\u0131\u00f1 Meclisi taraf\u0131ndan Q\u0131r\u0131mdaki ukrain milliy- demokratik k\u00fc\u00e7ler, q\u0131r\u0131mtatar milliy areketi vekilleri ve gen\u00e7ler te\u015fkil\u00e2tlar\u0131nen birlikte az\u0131rlan\u011fan bu merasim q\u0131r\u0131mtatarlarn\u0131\u00f1 b\u00fcy\u00fck dostu, belli uquqqoruy\u0131c\u0131, general Petr Grigorenko vefat etkenine 25 y\u0131l ol\u011fan\u0131 munasebetinen \u00f6tkerildi. [&hellip;]<\/p>\n","protected":false},"author":1,"featured_media":28605,"comment_status":"open","ping_status":"open","sticky":false,"template":"","format":"standard","meta":{"inline_featured_image":false,"footnotes":""},"categories":[265],"tags":[],"class_list":["post-28604","post","type-post","status-publish","format-standard","has-post-thumbnail","hentry","category-haberler"],"acf":[],"yoast_head":"<!-- This site is optimized with the Yoast SEO plugin v27.4 - https:\/\/yoast.com\/product\/yoast-seo-wordpress\/ -->\n<title>\u00abBa\u015fqalar\u0131 bah\u0131ts\u0131z ol\u011fanda, yan\u0131ndaki bir halq bah\u0131tl\u0131 olamaz!\u00bb - \u041c\u0435\u0434\u0436\u043b\u0456\u0441<\/title>\n<meta name=\"robots\" content=\"index, follow, max-snippet:-1, max-image-preview:large, max-video-preview:-1\" \/>\n<link rel=\"canonical\" href=\"https:\/\/qtmm.org\/qt\/basqalari-bahitsiz-olganda-yanindaki-bir-halq-bahitli-olamaz\/\" \/>\n<meta property=\"og:locale\" content=\"en_US\" \/>\n<meta property=\"og:type\" content=\"article\" \/>\n<meta property=\"og:title\" content=\"\u00abBa\u015fqalar\u0131 bah\u0131ts\u0131z ol\u011fanda, yan\u0131ndaki bir halq bah\u0131tl\u0131 olamaz!\u00bb - \u041c\u0435\u0434\u0436\u043b\u0456\u0441\" \/>\n<meta property=\"og:description\" content=\"2012 senesi fevral 21 k\u00fcn\u00fc Aqmescitteki P. Grigorenko ad\u0131na (Sovetskaya) meydanda q\u0131r\u0131mtatar ve ukrain cemaat\u00e7\u0131l\u0131\u011f\u0131 Petra Grigorenko eykeline \u00e7e\u00e7ek qoyd\u0131. Q\u0131r\u0131mtatar halq\u0131n\u0131\u00f1 Meclisi taraf\u0131ndan Q\u0131r\u0131mdaki ukrain milliy- demokratik k\u00fc\u00e7ler, q\u0131r\u0131mtatar milliy areketi vekilleri ve gen\u00e7ler te\u015fkil\u00e2tlar\u0131nen birlikte az\u0131rlan\u011fan bu merasim q\u0131r\u0131mtatarlarn\u0131\u00f1 b\u00fcy\u00fck dostu, belli uquqqoruy\u0131c\u0131, general Petr Grigorenko vefat etkenine 25 y\u0131l ol\u011fan\u0131 munasebetinen \u00f6tkerildi. [&hellip;]\" \/>\n<meta property=\"og:url\" content=\"https:\/\/qtmm.org\/qt\/basqalari-bahitsiz-olganda-yanindaki-bir-halq-bahitli-olamaz\/\" \/>\n<meta property=\"og:site_name\" content=\"\u041c\u0435\u0434\u0436\u043b\u0456\u0441\" \/>\n<meta property=\"article:publisher\" content=\"https:\/\/www.facebook.com\/qtmm.info\/\" \/>\n<meta property=\"article:published_time\" content=\"2012-02-21T10:32:00+00:00\" \/>\n<meta property=\"article:modified_time\" content=\"2022-01-20T10:34:44+00:00\" \/>\n<meta property=\"og:image\" content=\"https:\/\/qtmm.org\/wp-content\/uploads\/2022\/01\/4f4524a0ab819.jpeg\" \/>\n\t<meta property=\"og:image:width\" content=\"640\" \/>\n\t<meta property=\"og:image:height\" content=\"480\" \/>\n\t<meta property=\"og:image:type\" content=\"image\/jpeg\" \/>\n<meta name=\"author\" content=\"Developer\" \/>\n<meta name=\"twitter:card\" content=\"summary_large_image\" \/>\n<meta name=\"twitter:label1\" content=\"Written by\" \/>\n\t<meta name=\"twitter:data1\" content=\"Developer\" \/>\n\t<meta name=\"twitter:label2\" content=\"Est. reading time\" \/>\n\t<meta name=\"twitter:data2\" content=\"2 minutes\" \/>\n<script type=\"application\/ld+json\" class=\"yoast-schema-graph\">{\"@context\":\"https:\\\/\\\/schema.org\",\"@graph\":[{\"@type\":\"Article\",\"@id\":\"https:\\\/\\\/qtmm.org\\\/qt\\\/basqalari-bahitsiz-olganda-yanindaki-bir-halq-bahitli-olamaz\\\/#article\",\"isPartOf\":{\"@id\":\"https:\\\/\\\/qtmm.org\\\/qt\\\/basqalari-bahitsiz-olganda-yanindaki-bir-halq-bahitli-olamaz\\\/\"},\"author\":{\"name\":\"Developer\",\"@id\":\"https:\\\/\\\/qtmm.org\\\/qt\\\/#\\\/schema\\\/person\\\/de562469f971dec226ac06e60bbf74a7\"},\"headline\":\"\u00abBa\u015fqalar\u0131 bah\u0131ts\u0131z ol\u011fanda, yan\u0131ndaki bir halq bah\u0131tl\u0131 olamaz!\u00bb\",\"datePublished\":\"2012-02-21T10:32:00+00:00\",\"dateModified\":\"2022-01-20T10:34:44+00:00\",\"mainEntityOfPage\":{\"@id\":\"https:\\\/\\\/qtmm.org\\\/qt\\\/basqalari-bahitsiz-olganda-yanindaki-bir-halq-bahitli-olamaz\\\/\"},\"wordCount\":461,\"commentCount\":0,\"publisher\":{\"@id\":\"https:\\\/\\\/qtmm.org\\\/qt\\\/#organization\"},\"image\":{\"@id\":\"https:\\\/\\\/qtmm.org\\\/qt\\\/basqalari-bahitsiz-olganda-yanindaki-bir-halq-bahitli-olamaz\\\/#primaryimage\"},\"thumbnailUrl\":\"https:\\\/\\\/qtmm.org\\\/wp-content\\\/uploads\\\/2022\\\/01\\\/4f4524a0ab819.jpeg\",\"articleSection\":[\"Haberler\"],\"inLanguage\":\"qt\",\"potentialAction\":[{\"@type\":\"CommentAction\",\"name\":\"Comment\",\"target\":[\"https:\\\/\\\/qtmm.org\\\/qt\\\/basqalari-bahitsiz-olganda-yanindaki-bir-halq-bahitli-olamaz\\\/#respond\"]}]},{\"@type\":\"WebPage\",\"@id\":\"https:\\\/\\\/qtmm.org\\\/qt\\\/basqalari-bahitsiz-olganda-yanindaki-bir-halq-bahitli-olamaz\\\/\",\"url\":\"https:\\\/\\\/qtmm.org\\\/qt\\\/basqalari-bahitsiz-olganda-yanindaki-bir-halq-bahitli-olamaz\\\/\",\"name\":\"\u00abBa\u015fqalar\u0131 bah\u0131ts\u0131z ol\u011fanda, yan\u0131ndaki bir halq bah\u0131tl\u0131 olamaz!\u00bb - \u041c\u0435\u0434\u0436\u043b\u0456\u0441\",\"isPartOf\":{\"@id\":\"https:\\\/\\\/qtmm.org\\\/qt\\\/#website\"},\"primaryImageOfPage\":{\"@id\":\"https:\\\/\\\/qtmm.org\\\/qt\\\/basqalari-bahitsiz-olganda-yanindaki-bir-halq-bahitli-olamaz\\\/#primaryimage\"},\"image\":{\"@id\":\"https:\\\/\\\/qtmm.org\\\/qt\\\/basqalari-bahitsiz-olganda-yanindaki-bir-halq-bahitli-olamaz\\\/#primaryimage\"},\"thumbnailUrl\":\"https:\\\/\\\/qtmm.org\\\/wp-content\\\/uploads\\\/2022\\\/01\\\/4f4524a0ab819.jpeg\",\"datePublished\":\"2012-02-21T10:32:00+00:00\",\"dateModified\":\"2022-01-20T10:34:44+00:00\",\"breadcrumb\":{\"@id\":\"https:\\\/\\\/qtmm.org\\\/qt\\\/basqalari-bahitsiz-olganda-yanindaki-bir-halq-bahitli-olamaz\\\/#breadcrumb\"},\"inLanguage\":\"qt\",\"potentialAction\":[{\"@type\":\"ReadAction\",\"target\":[\"https:\\\/\\\/qtmm.org\\\/qt\\\/basqalari-bahitsiz-olganda-yanindaki-bir-halq-bahitli-olamaz\\\/\"]}]},{\"@type\":\"ImageObject\",\"inLanguage\":\"qt\",\"@id\":\"https:\\\/\\\/qtmm.org\\\/qt\\\/basqalari-bahitsiz-olganda-yanindaki-bir-halq-bahitli-olamaz\\\/#primaryimage\",\"url\":\"https:\\\/\\\/qtmm.org\\\/wp-content\\\/uploads\\\/2022\\\/01\\\/4f4524a0ab819.jpeg\",\"contentUrl\":\"https:\\\/\\\/qtmm.org\\\/wp-content\\\/uploads\\\/2022\\\/01\\\/4f4524a0ab819.jpeg\",\"width\":640,\"height\":480},{\"@type\":\"BreadcrumbList\",\"@id\":\"https:\\\/\\\/qtmm.org\\\/qt\\\/basqalari-bahitsiz-olganda-yanindaki-bir-halq-bahitli-olamaz\\\/#breadcrumb\",\"itemListElement\":[{\"@type\":\"ListItem\",\"position\":1,\"name\":\"\u0413\u043e\u043b\u043e\u0432\u043d\u0430\",\"item\":\"https:\\\/\\\/qtmm.org\\\/qt\\\/\"},{\"@type\":\"ListItem\",\"position\":2,\"name\":\"\u00abBa\u015fqalar\u0131 bah\u0131ts\u0131z ol\u011fanda, yan\u0131ndaki bir halq bah\u0131tl\u0131 olamaz!\u00bb\"}]},{\"@type\":\"WebSite\",\"@id\":\"https:\\\/\\\/qtmm.org\\\/qt\\\/#website\",\"url\":\"https:\\\/\\\/qtmm.org\\\/qt\\\/\",\"name\":\"\u041c\u0435\u0434\u0436\u043b\u0456\u0441\",\"description\":\"\",\"publisher\":{\"@id\":\"https:\\\/\\\/qtmm.org\\\/qt\\\/#organization\"},\"potentialAction\":[{\"@type\":\"SearchAction\",\"target\":{\"@type\":\"EntryPoint\",\"urlTemplate\":\"https:\\\/\\\/qtmm.org\\\/qt\\\/?s={search_term_string}\"},\"query-input\":{\"@type\":\"PropertyValueSpecification\",\"valueRequired\":true,\"valueName\":\"search_term_string\"}}],\"inLanguage\":\"qt\"},{\"@type\":\"Organization\",\"@id\":\"https:\\\/\\\/qtmm.org\\\/qt\\\/#organization\",\"name\":\"\u041c\u0435\u0434\u0436\u043b\u0456\u0441\",\"url\":\"https:\\\/\\\/qtmm.org\\\/qt\\\/\",\"logo\":{\"@type\":\"ImageObject\",\"inLanguage\":\"qt\",\"@id\":\"https:\\\/\\\/qtmm.org\\\/qt\\\/#\\\/schema\\\/logo\\\/image\\\/\",\"url\":\"https:\\\/\\\/qtmm.org\\\/wp-content\\\/uploads\\\/2024\\\/12\\\/ua-mejlis-logo-rgb.svg\",\"contentUrl\":\"https:\\\/\\\/qtmm.org\\\/wp-content\\\/uploads\\\/2024\\\/12\\\/ua-mejlis-logo-rgb.svg\",\"caption\":\"\u041c\u0435\u0434\u0436\u043b\u0456\u0441\"},\"image\":{\"@id\":\"https:\\\/\\\/qtmm.org\\\/qt\\\/#\\\/schema\\\/logo\\\/image\\\/\"},\"sameAs\":[\"https:\\\/\\\/www.facebook.com\\\/qtmm.info\\\/\"]},{\"@type\":\"Person\",\"@id\":\"https:\\\/\\\/qtmm.org\\\/qt\\\/#\\\/schema\\\/person\\\/de562469f971dec226ac06e60bbf74a7\",\"name\":\"Developer\",\"image\":{\"@type\":\"ImageObject\",\"inLanguage\":\"qt\",\"@id\":\"https:\\\/\\\/secure.gravatar.com\\\/avatar\\\/392b4cc8fbfeb00b39dfeeab4ee6edded39ffd48e25858637e4765810300227e?s=96&d=mm&r=g\",\"url\":\"https:\\\/\\\/secure.gravatar.com\\\/avatar\\\/392b4cc8fbfeb00b39dfeeab4ee6edded39ffd48e25858637e4765810300227e?s=96&d=mm&r=g\",\"contentUrl\":\"https:\\\/\\\/secure.gravatar.com\\\/avatar\\\/392b4cc8fbfeb00b39dfeeab4ee6edded39ffd48e25858637e4765810300227e?s=96&d=mm&r=g\",\"caption\":\"Developer\"},\"url\":\"https:\\\/\\\/qtmm.org\\\/qt\\\/author\\\/Developer\\\/\"}]}<\/script>\n<!-- \/ Yoast SEO plugin. -->","yoast_head_json":{"title":"\u00abBa\u015fqalar\u0131 bah\u0131ts\u0131z ol\u011fanda, yan\u0131ndaki bir halq bah\u0131tl\u0131 olamaz!\u00bb - \u041c\u0435\u0434\u0436\u043b\u0456\u0441","robots":{"index":"index","follow":"follow","max-snippet":"max-snippet:-1","max-image-preview":"max-image-preview:large","max-video-preview":"max-video-preview:-1"},"canonical":"https:\/\/qtmm.org\/qt\/basqalari-bahitsiz-olganda-yanindaki-bir-halq-bahitli-olamaz\/","og_locale":"en_US","og_type":"article","og_title":"\u00abBa\u015fqalar\u0131 bah\u0131ts\u0131z ol\u011fanda, yan\u0131ndaki bir halq bah\u0131tl\u0131 olamaz!\u00bb - \u041c\u0435\u0434\u0436\u043b\u0456\u0441","og_description":"2012 senesi fevral 21 k\u00fcn\u00fc Aqmescitteki P. Grigorenko ad\u0131na (Sovetskaya) meydanda q\u0131r\u0131mtatar ve ukrain cemaat\u00e7\u0131l\u0131\u011f\u0131 Petra Grigorenko eykeline \u00e7e\u00e7ek qoyd\u0131. Q\u0131r\u0131mtatar halq\u0131n\u0131\u00f1 Meclisi taraf\u0131ndan Q\u0131r\u0131mdaki ukrain milliy- demokratik k\u00fc\u00e7ler, q\u0131r\u0131mtatar milliy areketi vekilleri ve gen\u00e7ler te\u015fkil\u00e2tlar\u0131nen birlikte az\u0131rlan\u011fan bu merasim q\u0131r\u0131mtatarlarn\u0131\u00f1 b\u00fcy\u00fck dostu, belli uquqqoruy\u0131c\u0131, general Petr Grigorenko vefat etkenine 25 y\u0131l ol\u011fan\u0131 munasebetinen \u00f6tkerildi. [&hellip;]","og_url":"https:\/\/qtmm.org\/qt\/basqalari-bahitsiz-olganda-yanindaki-bir-halq-bahitli-olamaz\/","og_site_name":"\u041c\u0435\u0434\u0436\u043b\u0456\u0441","article_publisher":"https:\/\/www.facebook.com\/qtmm.info\/","article_published_time":"2012-02-21T10:32:00+00:00","article_modified_time":"2022-01-20T10:34:44+00:00","og_image":[{"width":640,"height":480,"url":"https:\/\/qtmm.org\/wp-content\/uploads\/2022\/01\/4f4524a0ab819.jpeg","type":"image\/jpeg"}],"author":"Developer","twitter_card":"summary_large_image","twitter_misc":{"Written by":"Developer","Est. reading time":"2 minutes"},"schema":{"@context":"https:\/\/schema.org","@graph":[{"@type":"Article","@id":"https:\/\/qtmm.org\/qt\/basqalari-bahitsiz-olganda-yanindaki-bir-halq-bahitli-olamaz\/#article","isPartOf":{"@id":"https:\/\/qtmm.org\/qt\/basqalari-bahitsiz-olganda-yanindaki-bir-halq-bahitli-olamaz\/"},"author":{"name":"Developer","@id":"https:\/\/qtmm.org\/qt\/#\/schema\/person\/de562469f971dec226ac06e60bbf74a7"},"headline":"\u00abBa\u015fqalar\u0131 bah\u0131ts\u0131z ol\u011fanda, yan\u0131ndaki bir halq bah\u0131tl\u0131 olamaz!\u00bb","datePublished":"2012-02-21T10:32:00+00:00","dateModified":"2022-01-20T10:34:44+00:00","mainEntityOfPage":{"@id":"https:\/\/qtmm.org\/qt\/basqalari-bahitsiz-olganda-yanindaki-bir-halq-bahitli-olamaz\/"},"wordCount":461,"commentCount":0,"publisher":{"@id":"https:\/\/qtmm.org\/qt\/#organization"},"image":{"@id":"https:\/\/qtmm.org\/qt\/basqalari-bahitsiz-olganda-yanindaki-bir-halq-bahitli-olamaz\/#primaryimage"},"thumbnailUrl":"https:\/\/qtmm.org\/wp-content\/uploads\/2022\/01\/4f4524a0ab819.jpeg","articleSection":["Haberler"],"inLanguage":"qt","potentialAction":[{"@type":"CommentAction","name":"Comment","target":["https:\/\/qtmm.org\/qt\/basqalari-bahitsiz-olganda-yanindaki-bir-halq-bahitli-olamaz\/#respond"]}]},{"@type":"WebPage","@id":"https:\/\/qtmm.org\/qt\/basqalari-bahitsiz-olganda-yanindaki-bir-halq-bahitli-olamaz\/","url":"https:\/\/qtmm.org\/qt\/basqalari-bahitsiz-olganda-yanindaki-bir-halq-bahitli-olamaz\/","name":"\u00abBa\u015fqalar\u0131 bah\u0131ts\u0131z ol\u011fanda, yan\u0131ndaki bir halq bah\u0131tl\u0131 olamaz!\u00bb - \u041c\u0435\u0434\u0436\u043b\u0456\u0441","isPartOf":{"@id":"https:\/\/qtmm.org\/qt\/#website"},"primaryImageOfPage":{"@id":"https:\/\/qtmm.org\/qt\/basqalari-bahitsiz-olganda-yanindaki-bir-halq-bahitli-olamaz\/#primaryimage"},"image":{"@id":"https:\/\/qtmm.org\/qt\/basqalari-bahitsiz-olganda-yanindaki-bir-halq-bahitli-olamaz\/#primaryimage"},"thumbnailUrl":"https:\/\/qtmm.org\/wp-content\/uploads\/2022\/01\/4f4524a0ab819.jpeg","datePublished":"2012-02-21T10:32:00+00:00","dateModified":"2022-01-20T10:34:44+00:00","breadcrumb":{"@id":"https:\/\/qtmm.org\/qt\/basqalari-bahitsiz-olganda-yanindaki-bir-halq-bahitli-olamaz\/#breadcrumb"},"inLanguage":"qt","potentialAction":[{"@type":"ReadAction","target":["https:\/\/qtmm.org\/qt\/basqalari-bahitsiz-olganda-yanindaki-bir-halq-bahitli-olamaz\/"]}]},{"@type":"ImageObject","inLanguage":"qt","@id":"https:\/\/qtmm.org\/qt\/basqalari-bahitsiz-olganda-yanindaki-bir-halq-bahitli-olamaz\/#primaryimage","url":"https:\/\/qtmm.org\/wp-content\/uploads\/2022\/01\/4f4524a0ab819.jpeg","contentUrl":"https:\/\/qtmm.org\/wp-content\/uploads\/2022\/01\/4f4524a0ab819.jpeg","width":640,"height":480},{"@type":"BreadcrumbList","@id":"https:\/\/qtmm.org\/qt\/basqalari-bahitsiz-olganda-yanindaki-bir-halq-bahitli-olamaz\/#breadcrumb","itemListElement":[{"@type":"ListItem","position":1,"name":"\u0413\u043e\u043b\u043e\u0432\u043d\u0430","item":"https:\/\/qtmm.org\/qt\/"},{"@type":"ListItem","position":2,"name":"\u00abBa\u015fqalar\u0131 bah\u0131ts\u0131z ol\u011fanda, yan\u0131ndaki bir halq bah\u0131tl\u0131 olamaz!\u00bb"}]},{"@type":"WebSite","@id":"https:\/\/qtmm.org\/qt\/#website","url":"https:\/\/qtmm.org\/qt\/","name":"\u041c\u0435\u0434\u0436\u043b\u0456\u0441","description":"","publisher":{"@id":"https:\/\/qtmm.org\/qt\/#organization"},"potentialAction":[{"@type":"SearchAction","target":{"@type":"EntryPoint","urlTemplate":"https:\/\/qtmm.org\/qt\/?s={search_term_string}"},"query-input":{"@type":"PropertyValueSpecification","valueRequired":true,"valueName":"search_term_string"}}],"inLanguage":"qt"},{"@type":"Organization","@id":"https:\/\/qtmm.org\/qt\/#organization","name":"\u041c\u0435\u0434\u0436\u043b\u0456\u0441","url":"https:\/\/qtmm.org\/qt\/","logo":{"@type":"ImageObject","inLanguage":"qt","@id":"https:\/\/qtmm.org\/qt\/#\/schema\/logo\/image\/","url":"https:\/\/qtmm.org\/wp-content\/uploads\/2024\/12\/ua-mejlis-logo-rgb.svg","contentUrl":"https:\/\/qtmm.org\/wp-content\/uploads\/2024\/12\/ua-mejlis-logo-rgb.svg","caption":"\u041c\u0435\u0434\u0436\u043b\u0456\u0441"},"image":{"@id":"https:\/\/qtmm.org\/qt\/#\/schema\/logo\/image\/"},"sameAs":["https:\/\/www.facebook.com\/qtmm.info\/"]},{"@type":"Person","@id":"https:\/\/qtmm.org\/qt\/#\/schema\/person\/de562469f971dec226ac06e60bbf74a7","name":"Developer","image":{"@type":"ImageObject","inLanguage":"qt","@id":"https:\/\/secure.gravatar.com\/avatar\/392b4cc8fbfeb00b39dfeeab4ee6edded39ffd48e25858637e4765810300227e?s=96&d=mm&r=g","url":"https:\/\/secure.gravatar.com\/avatar\/392b4cc8fbfeb00b39dfeeab4ee6edded39ffd48e25858637e4765810300227e?s=96&d=mm&r=g","contentUrl":"https:\/\/secure.gravatar.com\/avatar\/392b4cc8fbfeb00b39dfeeab4ee6edded39ffd48e25858637e4765810300227e?s=96&d=mm&r=g","caption":"Developer"},"url":"https:\/\/qtmm.org\/qt\/author\/Developer\/"}]}},"_links":{"self":[{"href":"https:\/\/qtmm.org\/qt\/wp-json\/wp\/v2\/posts\/28604","targetHints":{"allow":["GET"]}}],"collection":[{"href":"https:\/\/qtmm.org\/qt\/wp-json\/wp\/v2\/posts"}],"about":[{"href":"https:\/\/qtmm.org\/qt\/wp-json\/wp\/v2\/types\/post"}],"author":[{"embeddable":true,"href":"https:\/\/qtmm.org\/qt\/wp-json\/wp\/v2\/users\/1"}],"replies":[{"embeddable":true,"href":"https:\/\/qtmm.org\/qt\/wp-json\/wp\/v2\/comments?post=28604"}],"version-history":[{"count":1,"href":"https:\/\/qtmm.org\/qt\/wp-json\/wp\/v2\/posts\/28604\/revisions"}],"predecessor-version":[{"id":28661,"href":"https:\/\/qtmm.org\/qt\/wp-json\/wp\/v2\/posts\/28604\/revisions\/28661"}],"wp:featuredmedia":[{"embeddable":true,"href":"https:\/\/qtmm.org\/qt\/wp-json\/wp\/v2\/media\/28605"}],"wp:attachment":[{"href":"https:\/\/qtmm.org\/qt\/wp-json\/wp\/v2\/media?parent=28604"}],"wp:term":[{"taxonomy":"category","embeddable":true,"href":"https:\/\/qtmm.org\/qt\/wp-json\/wp\/v2\/categories?post=28604"},{"taxonomy":"post_tag","embeddable":true,"href":"https:\/\/qtmm.org\/qt\/wp-json\/wp\/v2\/tags?post=28604"}],"curies":[{"name":"wp","href":"https:\/\/api.w.org\/{rel}","templated":true}]}}