




{"id":28602,"date":"2012-02-20T13:30:00","date_gmt":"2012-02-20T10:30:00","guid":{"rendered":"http:\/\/qtmm.org\/?p=28602"},"modified":"2022-01-20T13:32:40","modified_gmt":"2022-01-20T10:32:40","slug":"ukraina-etnik-milliy-devlet-qavrayisi-aqqinda-ukraina-qanuninin-leyhasini-muzakere-etemiz","status":"publish","type":"post","link":"https:\/\/qtmm.org\/qt\/ukraina-etnik-milliy-devlet-qavrayisi-aqqinda-ukraina-qanuninin-leyhasini-muzakere-etemiz\/","title":{"rendered":"\u00abUKRA\u0130NA ETN\u0130K M\u0130LL\u0130Y DEVLET QAVRAYI\u015eI AQQINDA\u00bb UKRA\u0130NA QANUNINI\u00d1 LEYHASINI MUZAKERE ETEM\u0130Z"},"content":{"rendered":"\n<p>Mal\u00fcm ki, 2012 senesi yanvar 11 k\u00fcn\u00fc Ukraina Yuqar\u0131 \u015euras\u0131nda &#8220;Ukrainan\u0131\u00f1 etnik milliy siyaseti: ye\u00f1i\u015fler ve istiqballer&#8221; mevzus\u0131 boyunca \u00f6tkerilgen parlament di\u00f1levlerinde Q\u0131r\u0131mtatar halq\u0131 Meclisini\u00f1 reisi, Ukraina halq deputat\u0131 Mustafa Cemilev \u00e7\u0131q\u0131\u015fta bulun\u011fan edi.<\/p>\n\n\n\n<p>\u00d6z \u00e7\u0131q\u0131\u015f\u0131nda Mustafa Cemilev\u00a0&#8220;Ukraina Yuqar\u0131 \u015euras\u0131n\u0131\u00f1 elektron bazas\u0131nda ta 2005 senesinden berli o zamanda Ukraina halq deputat\u0131 Refat \u00c7ubarov Ukrainan\u0131\u00f1 yetek\u00e7i m\u00fctehass\u0131slar\u0131nen birlikte az\u0131rla\u011fan ve cedvelge kirsetken &#8220;Ukraina devlet etnik milliy siyasetini\u00f1 qavray\u0131\u015f\u0131 aqq\u0131nda&#8221; qanun leyhas\u0131 saqlan\u011fan\u0131n\u0131n qayd etip, o leyhan\u0131 bug\u00fcnki halq deputatlar\u0131 muzakere etmeleri i\u00e7\u00fcn esas olaraq qabul etilmesini teklif etti.<\/p>\n\n\n\n<p>A\u015fa\u011f\u0131da biz &#8220;Ukraina devlet etnik milliy siyasetini\u00f1 qavray\u0131\u015f\u0131 aqq\u0131nda&#8221; qanun leyhas\u0131n\u0131, izaat\u0131n\u0131 ve leyha so\u00f1u\u00e7\u0131, bun\u0131\u00f1 kibi de mezk\u00fcr qanun leyhas\u0131 m\u00fcelliflerini\u00f1 vazifeleri de k\u00f6sterilgen erk\u00e2n\u0131n\u0131 taqdim etemiz.<\/p>\n\n\n\n<p><strong>(Bu dokumentlerni\u00f1 as\u0131l nushalar\u0131nen Ukraina Yuqar\u0131 \u015euras\u0131n\u0131\u00f1 saifesinde de tan\u0131\u015f olmaq m\u00fcmk\u00fcn)<\/strong><\/p>\n\n\n\n<p>Q\u0131r\u0131mtatar halq\u0131 Meclisini\u00f1 saifesinde mezk\u00fcr dokumentlerni yerle\u015ftirgenimizden maqsad epsi meraqlan\u011fanlar, ilk-evel\u00e2 q\u0131r\u0131mtatar cemaat te\u015fkil\u00e2tlar\u0131 ve etnik milliy munasebetler ve halqara uquq saas\u0131ndaki m\u00fctehass\u0131slarn\u0131 &#8220;Ukraina devlet etnik milliy siyasetini\u00f1 qavray\u0131\u015f\u0131 aqq\u0131nda&#8221; qanun leyhas\u0131n\u0131\u00f1 muzakeresine celp etmektir.<\/p>\n\n\n\n<p>Qanun leyhas\u0131 boyunca qaydlar, qo\u015fumca ve t\u00fczet\u00fcvlerni yazma \u015fekilde 2012 senesi mart 4-ke qadar:<\/p>\n\n\n\n<ul class=\"wp-block-list\"><li>Q\u0131r\u0131mtatar halq\u0131 Meclisi saifesinde &#8220;Ba\u011flanuv&#8221; sistemas\u0131 vastas\u0131nen, ya da<\/li><li>po\u00e7ta ile Q\u0131r\u0131mtatar halq\u0131n\u0131\u00f1 Meclisine, Aqmescit \u015f., \u015emidt soqa\u011f\u0131, 2. Ukraina . Q\u0131r\u0131m Muhtar Cumhuriyeti, 95 017 adresine yollamaq m\u00fcmk\u00fcn.<\/li><\/ul>\n\n\n\n<p>Qanun leyhas\u0131 boyunca qaydlar, qo\u015fumca ve t\u00fczet\u00fcvlerni yolla\u011fan insan \u00f6z ad\u0131, soyad\u0131, adres ve ba\u011flanmaq i\u00e7\u00fcn telefon nomerini de k\u00f6stermesi l\u00e2zim. Muzakere bitken so\u00f1 qanun leyhas\u0131 t\u00fc\u015fken qaydlar, qo\u015fumca ve t\u00fczet\u00fcvler esapqa al\u0131n\u011fan\u0131 alda Ukraina Yuqar\u0131 \u015euras\u0131nda cedvelge al\u0131nacaq.<\/p>\n\n\n\n<hr class=\"wp-block-separator\"\/>\n\n\n\n<p><strong>\u2116 7615, 06.06.2005<\/strong>.<strong>\u00a0s. qabul etilgen \u00a0&#8220;Ukrainan\u0131\u00f1 devlet etnik milliy siyasetini\u00f1 mevhum\u0131 \u00a0aqq\u0131nda&#8221; Ukraina Qanun\u0131n\u0131\u00f1 leyhas\u0131<br><br>&#8220;Ukrainan\u0131\u00f1 devlet etnik milliy siyasetini\u00f1 mevhum\u0131 aqq\u0131nda&#8221; Ukraina Qanun\u0131n\u0131\u00f1 leyhas\u0131na A\u00c7IQLAYICI QAYDLAR<br><br>&#8220;Ukrainan\u0131\u00f1 devlet etnik milliy siyasetini\u00f1 \u00a0mevhum\u0131 aqq\u0131nda&#8221; Ukraina Qanun\u0131n\u0131\u00f1 leyhas\u0131n\u0131\u00f1 \u00a0HUL\u00c2SALARI (cedvelde s\u0131ras\u0131 \u2116 7615)<br><br>&#8220;Ukrainan\u0131\u00f1 devlet etnik milliy siyasetini\u00f1 mevhum\u0131 aqq\u0131nda&#8221; Ukraina Qanun\u0131n\u0131\u00f1 leyhas\u0131n\u0131 \u00a0az\u0131rlav boyunca i\u015f\u00e7i gruppan\u0131\u00f1 erk\u00e2n\u0131<\/strong><\/p>\n","protected":false},"excerpt":{"rendered":"<p>Mal\u00fcm ki, 2012 senesi yanvar 11 k\u00fcn\u00fc Ukraina Yuqar\u0131 \u015euras\u0131nda &#8220;Ukrainan\u0131\u00f1 etnik milliy siyaseti: ye\u00f1i\u015fler ve istiqballer&#8221; mevzus\u0131 boyunca \u00f6tkerilgen parlament di\u00f1levlerinde Q\u0131r\u0131mtatar halq\u0131 Meclisini\u00f1 reisi, Ukraina halq deputat\u0131 Mustafa Cemilev \u00e7\u0131q\u0131\u015fta bulun\u011fan edi. \u00d6z \u00e7\u0131q\u0131\u015f\u0131nda Mustafa Cemilev\u00a0&#8220;Ukraina Yuqar\u0131 \u015euras\u0131n\u0131\u00f1 elektron bazas\u0131nda ta 2005 senesinden berli o zamanda Ukraina halq deputat\u0131 Refat \u00c7ubarov Ukrainan\u0131\u00f1 yetek\u00e7i [&hellip;]<\/p>\n","protected":false},"author":1,"featured_media":0,"comment_status":"open","ping_status":"open","sticky":false,"template":"","format":"standard","meta":{"inline_featured_image":false,"footnotes":""},"categories":[265],"tags":[],"class_list":["post-28602","post","type-post","status-publish","format-standard","hentry","category-haberler"],"acf":[],"yoast_head":"<!-- This site is optimized with the Yoast SEO plugin v27.4 - https:\/\/yoast.com\/product\/yoast-seo-wordpress\/ -->\n<title>\u00abUKRA\u0130NA ETN\u0130K M\u0130LL\u0130Y DEVLET QAVRAYI\u015eI AQQINDA\u00bb UKRA\u0130NA QANUNINI\u00d1 LEYHASINI MUZAKERE ETEM\u0130Z - \u041c\u0435\u0434\u0436\u043b\u0456\u0441<\/title>\n<meta name=\"robots\" content=\"index, follow, max-snippet:-1, max-image-preview:large, max-video-preview:-1\" \/>\n<link rel=\"canonical\" href=\"https:\/\/qtmm.org\/qt\/ukraina-etnik-milliy-devlet-qavrayisi-aqqinda-ukraina-qanuninin-leyhasini-muzakere-etemiz\/\" \/>\n<meta property=\"og:locale\" content=\"en_US\" \/>\n<meta property=\"og:type\" content=\"article\" \/>\n<meta property=\"og:title\" content=\"\u00abUKRA\u0130NA ETN\u0130K M\u0130LL\u0130Y DEVLET QAVRAYI\u015eI AQQINDA\u00bb UKRA\u0130NA QANUNINI\u00d1 LEYHASINI MUZAKERE ETEM\u0130Z - \u041c\u0435\u0434\u0436\u043b\u0456\u0441\" \/>\n<meta property=\"og:description\" content=\"Mal\u00fcm ki, 2012 senesi yanvar 11 k\u00fcn\u00fc Ukraina Yuqar\u0131 \u015euras\u0131nda &#8220;Ukrainan\u0131\u00f1 etnik milliy siyaseti: ye\u00f1i\u015fler ve istiqballer&#8221; mevzus\u0131 boyunca \u00f6tkerilgen parlament di\u00f1levlerinde Q\u0131r\u0131mtatar halq\u0131 Meclisini\u00f1 reisi, Ukraina halq deputat\u0131 Mustafa Cemilev \u00e7\u0131q\u0131\u015fta bulun\u011fan edi. \u00d6z \u00e7\u0131q\u0131\u015f\u0131nda Mustafa Cemilev\u00a0&#8220;Ukraina Yuqar\u0131 \u015euras\u0131n\u0131\u00f1 elektron bazas\u0131nda ta 2005 senesinden berli o zamanda Ukraina halq deputat\u0131 Refat \u00c7ubarov Ukrainan\u0131\u00f1 yetek\u00e7i [&hellip;]\" \/>\n<meta property=\"og:url\" content=\"https:\/\/qtmm.org\/qt\/ukraina-etnik-milliy-devlet-qavrayisi-aqqinda-ukraina-qanuninin-leyhasini-muzakere-etemiz\/\" \/>\n<meta property=\"og:site_name\" content=\"\u041c\u0435\u0434\u0436\u043b\u0456\u0441\" \/>\n<meta property=\"article:publisher\" content=\"https:\/\/www.facebook.com\/qtmm.info\/\" \/>\n<meta property=\"article:published_time\" content=\"2012-02-20T10:30:00+00:00\" \/>\n<meta property=\"article:modified_time\" content=\"2022-01-20T10:32:40+00:00\" \/>\n<meta name=\"author\" content=\"Developer\" \/>\n<meta name=\"twitter:card\" content=\"summary_large_image\" \/>\n<meta name=\"twitter:label1\" content=\"Written by\" \/>\n\t<meta name=\"twitter:data1\" content=\"Developer\" \/>\n\t<meta name=\"twitter:label2\" content=\"Est. reading time\" \/>\n\t<meta name=\"twitter:data2\" content=\"2 minutes\" \/>\n<script type=\"application\/ld+json\" class=\"yoast-schema-graph\">{\"@context\":\"https:\\\/\\\/schema.org\",\"@graph\":[{\"@type\":\"Article\",\"@id\":\"https:\\\/\\\/qtmm.org\\\/qt\\\/ukraina-etnik-milliy-devlet-qavrayisi-aqqinda-ukraina-qanuninin-leyhasini-muzakere-etemiz\\\/#article\",\"isPartOf\":{\"@id\":\"https:\\\/\\\/qtmm.org\\\/qt\\\/ukraina-etnik-milliy-devlet-qavrayisi-aqqinda-ukraina-qanuninin-leyhasini-muzakere-etemiz\\\/\"},\"author\":{\"name\":\"Developer\",\"@id\":\"https:\\\/\\\/qtmm.org\\\/qt\\\/#\\\/schema\\\/person\\\/de562469f971dec226ac06e60bbf74a7\"},\"headline\":\"\u00abUKRA\u0130NA ETN\u0130K M\u0130LL\u0130Y DEVLET QAVRAYI\u015eI AQQINDA\u00bb UKRA\u0130NA QANUNINI\u00d1 LEYHASINI MUZAKERE ETEM\u0130Z\",\"datePublished\":\"2012-02-20T10:30:00+00:00\",\"dateModified\":\"2022-01-20T10:32:40+00:00\",\"mainEntityOfPage\":{\"@id\":\"https:\\\/\\\/qtmm.org\\\/qt\\\/ukraina-etnik-milliy-devlet-qavrayisi-aqqinda-ukraina-qanuninin-leyhasini-muzakere-etemiz\\\/\"},\"wordCount\":410,\"commentCount\":0,\"publisher\":{\"@id\":\"https:\\\/\\\/qtmm.org\\\/qt\\\/#organization\"},\"articleSection\":[\"Haberler\"],\"inLanguage\":\"qt\",\"potentialAction\":[{\"@type\":\"CommentAction\",\"name\":\"Comment\",\"target\":[\"https:\\\/\\\/qtmm.org\\\/qt\\\/ukraina-etnik-milliy-devlet-qavrayisi-aqqinda-ukraina-qanuninin-leyhasini-muzakere-etemiz\\\/#respond\"]}]},{\"@type\":\"WebPage\",\"@id\":\"https:\\\/\\\/qtmm.org\\\/qt\\\/ukraina-etnik-milliy-devlet-qavrayisi-aqqinda-ukraina-qanuninin-leyhasini-muzakere-etemiz\\\/\",\"url\":\"https:\\\/\\\/qtmm.org\\\/qt\\\/ukraina-etnik-milliy-devlet-qavrayisi-aqqinda-ukraina-qanuninin-leyhasini-muzakere-etemiz\\\/\",\"name\":\"\u00abUKRA\u0130NA ETN\u0130K M\u0130LL\u0130Y DEVLET QAVRAYI\u015eI AQQINDA\u00bb UKRA\u0130NA QANUNINI\u00d1 LEYHASINI MUZAKERE ETEM\u0130Z - \u041c\u0435\u0434\u0436\u043b\u0456\u0441\",\"isPartOf\":{\"@id\":\"https:\\\/\\\/qtmm.org\\\/qt\\\/#website\"},\"datePublished\":\"2012-02-20T10:30:00+00:00\",\"dateModified\":\"2022-01-20T10:32:40+00:00\",\"breadcrumb\":{\"@id\":\"https:\\\/\\\/qtmm.org\\\/qt\\\/ukraina-etnik-milliy-devlet-qavrayisi-aqqinda-ukraina-qanuninin-leyhasini-muzakere-etemiz\\\/#breadcrumb\"},\"inLanguage\":\"qt\",\"potentialAction\":[{\"@type\":\"ReadAction\",\"target\":[\"https:\\\/\\\/qtmm.org\\\/qt\\\/ukraina-etnik-milliy-devlet-qavrayisi-aqqinda-ukraina-qanuninin-leyhasini-muzakere-etemiz\\\/\"]}]},{\"@type\":\"BreadcrumbList\",\"@id\":\"https:\\\/\\\/qtmm.org\\\/qt\\\/ukraina-etnik-milliy-devlet-qavrayisi-aqqinda-ukraina-qanuninin-leyhasini-muzakere-etemiz\\\/#breadcrumb\",\"itemListElement\":[{\"@type\":\"ListItem\",\"position\":1,\"name\":\"\u0413\u043e\u043b\u043e\u0432\u043d\u0430\",\"item\":\"https:\\\/\\\/qtmm.org\\\/qt\\\/\"},{\"@type\":\"ListItem\",\"position\":2,\"name\":\"\u00abUKRA\u0130NA ETN\u0130K M\u0130LL\u0130Y DEVLET QAVRAYI\u015eI AQQINDA\u00bb UKRA\u0130NA QANUNINI\u00d1 LEYHASINI MUZAKERE ETEM\u0130Z\"}]},{\"@type\":\"WebSite\",\"@id\":\"https:\\\/\\\/qtmm.org\\\/qt\\\/#website\",\"url\":\"https:\\\/\\\/qtmm.org\\\/qt\\\/\",\"name\":\"\u041c\u0435\u0434\u0436\u043b\u0456\u0441\",\"description\":\"\",\"publisher\":{\"@id\":\"https:\\\/\\\/qtmm.org\\\/qt\\\/#organization\"},\"potentialAction\":[{\"@type\":\"SearchAction\",\"target\":{\"@type\":\"EntryPoint\",\"urlTemplate\":\"https:\\\/\\\/qtmm.org\\\/qt\\\/?s={search_term_string}\"},\"query-input\":{\"@type\":\"PropertyValueSpecification\",\"valueRequired\":true,\"valueName\":\"search_term_string\"}}],\"inLanguage\":\"qt\"},{\"@type\":\"Organization\",\"@id\":\"https:\\\/\\\/qtmm.org\\\/qt\\\/#organization\",\"name\":\"\u041c\u0435\u0434\u0436\u043b\u0456\u0441\",\"url\":\"https:\\\/\\\/qtmm.org\\\/qt\\\/\",\"logo\":{\"@type\":\"ImageObject\",\"inLanguage\":\"qt\",\"@id\":\"https:\\\/\\\/qtmm.org\\\/qt\\\/#\\\/schema\\\/logo\\\/image\\\/\",\"url\":\"https:\\\/\\\/qtmm.org\\\/wp-content\\\/uploads\\\/2024\\\/12\\\/ua-mejlis-logo-rgb.svg\",\"contentUrl\":\"https:\\\/\\\/qtmm.org\\\/wp-content\\\/uploads\\\/2024\\\/12\\\/ua-mejlis-logo-rgb.svg\",\"caption\":\"\u041c\u0435\u0434\u0436\u043b\u0456\u0441\"},\"image\":{\"@id\":\"https:\\\/\\\/qtmm.org\\\/qt\\\/#\\\/schema\\\/logo\\\/image\\\/\"},\"sameAs\":[\"https:\\\/\\\/www.facebook.com\\\/qtmm.info\\\/\"]},{\"@type\":\"Person\",\"@id\":\"https:\\\/\\\/qtmm.org\\\/qt\\\/#\\\/schema\\\/person\\\/de562469f971dec226ac06e60bbf74a7\",\"name\":\"Developer\",\"image\":{\"@type\":\"ImageObject\",\"inLanguage\":\"qt\",\"@id\":\"https:\\\/\\\/secure.gravatar.com\\\/avatar\\\/392b4cc8fbfeb00b39dfeeab4ee6edded39ffd48e25858637e4765810300227e?s=96&d=mm&r=g\",\"url\":\"https:\\\/\\\/secure.gravatar.com\\\/avatar\\\/392b4cc8fbfeb00b39dfeeab4ee6edded39ffd48e25858637e4765810300227e?s=96&d=mm&r=g\",\"contentUrl\":\"https:\\\/\\\/secure.gravatar.com\\\/avatar\\\/392b4cc8fbfeb00b39dfeeab4ee6edded39ffd48e25858637e4765810300227e?s=96&d=mm&r=g\",\"caption\":\"Developer\"},\"url\":\"https:\\\/\\\/qtmm.org\\\/qt\\\/author\\\/Developer\\\/\"}]}<\/script>\n<!-- \/ Yoast SEO plugin. -->","yoast_head_json":{"title":"\u00abUKRA\u0130NA ETN\u0130K M\u0130LL\u0130Y DEVLET QAVRAYI\u015eI AQQINDA\u00bb UKRA\u0130NA QANUNINI\u00d1 LEYHASINI MUZAKERE ETEM\u0130Z - \u041c\u0435\u0434\u0436\u043b\u0456\u0441","robots":{"index":"index","follow":"follow","max-snippet":"max-snippet:-1","max-image-preview":"max-image-preview:large","max-video-preview":"max-video-preview:-1"},"canonical":"https:\/\/qtmm.org\/qt\/ukraina-etnik-milliy-devlet-qavrayisi-aqqinda-ukraina-qanuninin-leyhasini-muzakere-etemiz\/","og_locale":"en_US","og_type":"article","og_title":"\u00abUKRA\u0130NA ETN\u0130K M\u0130LL\u0130Y DEVLET QAVRAYI\u015eI AQQINDA\u00bb UKRA\u0130NA QANUNINI\u00d1 LEYHASINI MUZAKERE ETEM\u0130Z - \u041c\u0435\u0434\u0436\u043b\u0456\u0441","og_description":"Mal\u00fcm ki, 2012 senesi yanvar 11 k\u00fcn\u00fc Ukraina Yuqar\u0131 \u015euras\u0131nda &#8220;Ukrainan\u0131\u00f1 etnik milliy siyaseti: ye\u00f1i\u015fler ve istiqballer&#8221; mevzus\u0131 boyunca \u00f6tkerilgen parlament di\u00f1levlerinde Q\u0131r\u0131mtatar halq\u0131 Meclisini\u00f1 reisi, Ukraina halq deputat\u0131 Mustafa Cemilev \u00e7\u0131q\u0131\u015fta bulun\u011fan edi. \u00d6z \u00e7\u0131q\u0131\u015f\u0131nda Mustafa Cemilev\u00a0&#8220;Ukraina Yuqar\u0131 \u015euras\u0131n\u0131\u00f1 elektron bazas\u0131nda ta 2005 senesinden berli o zamanda Ukraina halq deputat\u0131 Refat \u00c7ubarov Ukrainan\u0131\u00f1 yetek\u00e7i [&hellip;]","og_url":"https:\/\/qtmm.org\/qt\/ukraina-etnik-milliy-devlet-qavrayisi-aqqinda-ukraina-qanuninin-leyhasini-muzakere-etemiz\/","og_site_name":"\u041c\u0435\u0434\u0436\u043b\u0456\u0441","article_publisher":"https:\/\/www.facebook.com\/qtmm.info\/","article_published_time":"2012-02-20T10:30:00+00:00","article_modified_time":"2022-01-20T10:32:40+00:00","author":"Developer","twitter_card":"summary_large_image","twitter_misc":{"Written by":"Developer","Est. reading time":"2 minutes"},"schema":{"@context":"https:\/\/schema.org","@graph":[{"@type":"Article","@id":"https:\/\/qtmm.org\/qt\/ukraina-etnik-milliy-devlet-qavrayisi-aqqinda-ukraina-qanuninin-leyhasini-muzakere-etemiz\/#article","isPartOf":{"@id":"https:\/\/qtmm.org\/qt\/ukraina-etnik-milliy-devlet-qavrayisi-aqqinda-ukraina-qanuninin-leyhasini-muzakere-etemiz\/"},"author":{"name":"Developer","@id":"https:\/\/qtmm.org\/qt\/#\/schema\/person\/de562469f971dec226ac06e60bbf74a7"},"headline":"\u00abUKRA\u0130NA ETN\u0130K M\u0130LL\u0130Y DEVLET QAVRAYI\u015eI AQQINDA\u00bb UKRA\u0130NA QANUNINI\u00d1 LEYHASINI MUZAKERE ETEM\u0130Z","datePublished":"2012-02-20T10:30:00+00:00","dateModified":"2022-01-20T10:32:40+00:00","mainEntityOfPage":{"@id":"https:\/\/qtmm.org\/qt\/ukraina-etnik-milliy-devlet-qavrayisi-aqqinda-ukraina-qanuninin-leyhasini-muzakere-etemiz\/"},"wordCount":410,"commentCount":0,"publisher":{"@id":"https:\/\/qtmm.org\/qt\/#organization"},"articleSection":["Haberler"],"inLanguage":"qt","potentialAction":[{"@type":"CommentAction","name":"Comment","target":["https:\/\/qtmm.org\/qt\/ukraina-etnik-milliy-devlet-qavrayisi-aqqinda-ukraina-qanuninin-leyhasini-muzakere-etemiz\/#respond"]}]},{"@type":"WebPage","@id":"https:\/\/qtmm.org\/qt\/ukraina-etnik-milliy-devlet-qavrayisi-aqqinda-ukraina-qanuninin-leyhasini-muzakere-etemiz\/","url":"https:\/\/qtmm.org\/qt\/ukraina-etnik-milliy-devlet-qavrayisi-aqqinda-ukraina-qanuninin-leyhasini-muzakere-etemiz\/","name":"\u00abUKRA\u0130NA ETN\u0130K M\u0130LL\u0130Y DEVLET QAVRAYI\u015eI AQQINDA\u00bb UKRA\u0130NA QANUNINI\u00d1 LEYHASINI MUZAKERE ETEM\u0130Z - \u041c\u0435\u0434\u0436\u043b\u0456\u0441","isPartOf":{"@id":"https:\/\/qtmm.org\/qt\/#website"},"datePublished":"2012-02-20T10:30:00+00:00","dateModified":"2022-01-20T10:32:40+00:00","breadcrumb":{"@id":"https:\/\/qtmm.org\/qt\/ukraina-etnik-milliy-devlet-qavrayisi-aqqinda-ukraina-qanuninin-leyhasini-muzakere-etemiz\/#breadcrumb"},"inLanguage":"qt","potentialAction":[{"@type":"ReadAction","target":["https:\/\/qtmm.org\/qt\/ukraina-etnik-milliy-devlet-qavrayisi-aqqinda-ukraina-qanuninin-leyhasini-muzakere-etemiz\/"]}]},{"@type":"BreadcrumbList","@id":"https:\/\/qtmm.org\/qt\/ukraina-etnik-milliy-devlet-qavrayisi-aqqinda-ukraina-qanuninin-leyhasini-muzakere-etemiz\/#breadcrumb","itemListElement":[{"@type":"ListItem","position":1,"name":"\u0413\u043e\u043b\u043e\u0432\u043d\u0430","item":"https:\/\/qtmm.org\/qt\/"},{"@type":"ListItem","position":2,"name":"\u00abUKRA\u0130NA ETN\u0130K M\u0130LL\u0130Y DEVLET QAVRAYI\u015eI AQQINDA\u00bb UKRA\u0130NA QANUNINI\u00d1 LEYHASINI MUZAKERE ETEM\u0130Z"}]},{"@type":"WebSite","@id":"https:\/\/qtmm.org\/qt\/#website","url":"https:\/\/qtmm.org\/qt\/","name":"\u041c\u0435\u0434\u0436\u043b\u0456\u0441","description":"","publisher":{"@id":"https:\/\/qtmm.org\/qt\/#organization"},"potentialAction":[{"@type":"SearchAction","target":{"@type":"EntryPoint","urlTemplate":"https:\/\/qtmm.org\/qt\/?s={search_term_string}"},"query-input":{"@type":"PropertyValueSpecification","valueRequired":true,"valueName":"search_term_string"}}],"inLanguage":"qt"},{"@type":"Organization","@id":"https:\/\/qtmm.org\/qt\/#organization","name":"\u041c\u0435\u0434\u0436\u043b\u0456\u0441","url":"https:\/\/qtmm.org\/qt\/","logo":{"@type":"ImageObject","inLanguage":"qt","@id":"https:\/\/qtmm.org\/qt\/#\/schema\/logo\/image\/","url":"https:\/\/qtmm.org\/wp-content\/uploads\/2024\/12\/ua-mejlis-logo-rgb.svg","contentUrl":"https:\/\/qtmm.org\/wp-content\/uploads\/2024\/12\/ua-mejlis-logo-rgb.svg","caption":"\u041c\u0435\u0434\u0436\u043b\u0456\u0441"},"image":{"@id":"https:\/\/qtmm.org\/qt\/#\/schema\/logo\/image\/"},"sameAs":["https:\/\/www.facebook.com\/qtmm.info\/"]},{"@type":"Person","@id":"https:\/\/qtmm.org\/qt\/#\/schema\/person\/de562469f971dec226ac06e60bbf74a7","name":"Developer","image":{"@type":"ImageObject","inLanguage":"qt","@id":"https:\/\/secure.gravatar.com\/avatar\/392b4cc8fbfeb00b39dfeeab4ee6edded39ffd48e25858637e4765810300227e?s=96&d=mm&r=g","url":"https:\/\/secure.gravatar.com\/avatar\/392b4cc8fbfeb00b39dfeeab4ee6edded39ffd48e25858637e4765810300227e?s=96&d=mm&r=g","contentUrl":"https:\/\/secure.gravatar.com\/avatar\/392b4cc8fbfeb00b39dfeeab4ee6edded39ffd48e25858637e4765810300227e?s=96&d=mm&r=g","caption":"Developer"},"url":"https:\/\/qtmm.org\/qt\/author\/Developer\/"}]}},"_links":{"self":[{"href":"https:\/\/qtmm.org\/qt\/wp-json\/wp\/v2\/posts\/28602","targetHints":{"allow":["GET"]}}],"collection":[{"href":"https:\/\/qtmm.org\/qt\/wp-json\/wp\/v2\/posts"}],"about":[{"href":"https:\/\/qtmm.org\/qt\/wp-json\/wp\/v2\/types\/post"}],"author":[{"embeddable":true,"href":"https:\/\/qtmm.org\/qt\/wp-json\/wp\/v2\/users\/1"}],"replies":[{"embeddable":true,"href":"https:\/\/qtmm.org\/qt\/wp-json\/wp\/v2\/comments?post=28602"}],"version-history":[{"count":1,"href":"https:\/\/qtmm.org\/qt\/wp-json\/wp\/v2\/posts\/28602\/revisions"}],"predecessor-version":[{"id":28603,"href":"https:\/\/qtmm.org\/qt\/wp-json\/wp\/v2\/posts\/28602\/revisions\/28603"}],"wp:attachment":[{"href":"https:\/\/qtmm.org\/qt\/wp-json\/wp\/v2\/media?parent=28602"}],"wp:term":[{"taxonomy":"category","embeddable":true,"href":"https:\/\/qtmm.org\/qt\/wp-json\/wp\/v2\/categories?post=28602"},{"taxonomy":"post_tag","embeddable":true,"href":"https:\/\/qtmm.org\/qt\/wp-json\/wp\/v2\/tags?post=28602"}],"curies":[{"name":"wp","href":"https:\/\/api.w.org\/{rel}","templated":true}]}}