




{"id":28570,"date":"2012-02-15T13:25:00","date_gmt":"2012-02-15T10:25:00","guid":{"rendered":"http:\/\/qtmm.org\/?p=28570"},"modified":"2022-01-20T13:27:22","modified_gmt":"2022-01-20T10:27:22","slug":"afganstanni-hatirlap","status":"publish","type":"post","link":"https:\/\/qtmm.org\/qt\/afganstanni-hatirlap\/","title":{"rendered":"Af\u011fanstann\u0131 hat\u0131rlap\u2026"},"content":{"rendered":"\n<p>15 fevral k\u00fcn\u00fc b\u00fct\u00fcn Ukraina boylap sovet qo\u015funlar\u0131n\u0131\u00f1 Af\u011fanstan Cumhuriyetinden \u00e7\u0131qar\u0131l\u011fan\u0131n\u0131\u00f1 23 y\u0131ll\u0131\u011f\u0131 qayd etile<\/p>\n\n\n\n<p>2012 senesi fevral 15 k\u00fcn\u00fc b\u00fct\u00fcn Ukraina boylap sovet qo\u015funlar\u0131n\u0131\u00f1 Af\u011fanstan Cumhuriyetinden \u00e7\u0131qar\u0131l\u011fan\u0131n\u0131\u00f1 23 y\u0131ll\u0131\u011f\u0131 qayd etile Ayn\u0131 \u015fu k\u00fcn\u00fc Sovetler Birligini\u00f1 so\u00f1ki askerleri general-leytenant B\u00f6ris Gromov ile beraber Amudarya \u00fcst\u00fcndeki Dostluq k\u00f6p\u00fcrinden ke\u00e7tiler.<\/p>\n\n\n\n<p>Saqta bu vaqian\u0131 qayd et\u00fcv \u00e7er\u00e7ivesinde beynelmilelci askerlerni \u015fereflediler. Tedbir programmas\u0131na k\u00f6re Af\u011fan cenki i\u015ftirak\u00e7ilerine eykelge \u00e7e\u00e7ek qoyuld\u0131, fahriy yarl\u0131qlar ve para muk\u00e2fatlar\u0131 taqdim etildi, kontsert ke\u00e7irildi.<\/p>\n\n\n\n<p>Af\u011fanstanda h\u0131zmet etken sab\u0131q askerlerni Saq rayon devlet memuriyetini\u00f1 ba\u015f\u0131 Sergey Karlo\u015fenko, rayon \u015furas\u0131 reisini\u00f1 muavini \u00d6leg Pol\u00e2kov, Af\u011fanstan veteranlar\u0131 birle\u015fmesi Saq rayon b\u00f6l\u00fcgini\u00f1 ba\u015f\u0131 Vladimir Turkaltsev samimiy s\u00f6zler ile hay\u0131rlad\u0131lar.<\/p>\n\n\n\n<figure class=\"wp-block-image size-full\"><img loading=\"lazy\" decoding=\"async\" width=\"650\" height=\"410\" src=\"http:\/\/qtmm.org\/wp-content\/uploads\/2022\/01\/saki-1.jpeg\" alt=\"\" class=\"wp-image-28575\" srcset=\"https:\/\/qtmm.org\/wp-content\/uploads\/2022\/01\/saki-1.jpeg 650w, https:\/\/qtmm.org\/wp-content\/uploads\/2022\/01\/saki-1-300x189.jpeg 300w\" sizes=\"auto, (max-width: 650px) 100vw, 650px\" \/><\/figure>\n\n\n\n<p>So\u00f1unda s\u00f6z al\u011fan Saq regional meclisini\u00f1 reisi, Saq rayon \u015furas\u0131n\u0131\u00f1 deputat\u0131 Zevcet Qurt\u00fcmerov Q\u0131r\u0131mtatar halq\u0131 Meclisini\u00f1 reisi, Ukraina halq deputat\u0131 Mustafa Cemilev ad\u0131ndan sab\u0131q cenk\u00e7iler Usman Muratov, Anatoliy Antonenko ve Musa Cemal\u00e2dinov\u011fa &#8220;Aktiv ayatiy baq\u0131\u015f, milletlerara ve dinlerara munasebetlerni pekit\u00fcv boyunca i\u015fi, Af\u011fanstanda cenk etken veteranlarn\u0131\u00f1 m\u00fcim meselelerini \u00e7ez\u00fcvde, bar\u0131\u015f\u0131ql\u0131qn\u0131 pekit\u00fcv, Saq rayon sakinlerini\u00f1 eyiall\u0131l\u0131\u011f\u0131 o\u011frundaki areketi i\u00e7\u00fcn&#8221;, &#8211; denile yarl\u0131qlarn\u0131\u00f1 metininde.<\/p>\n\n\n\n<p>Tedbirni\u00f1 resmiy q\u0131sm\u0131ndan so\u00f1 Saq Medeniyet evi ve af\u011fanl\u0131lar ansamblini\u00f1 k\u00fc\u00e7\u00fcnen az\u0131rlan\u011fan kontsert old\u0131.<\/p>\n\n\n\n<figure class=\"wp-block-image size-full\"><img loading=\"lazy\" decoding=\"async\" width=\"800\" height=\"533\" src=\"http:\/\/qtmm.org\/wp-content\/uploads\/2022\/01\/img_8405-1.jpeg\" alt=\"\" class=\"wp-image-28579\" srcset=\"https:\/\/qtmm.org\/wp-content\/uploads\/2022\/01\/img_8405-1.jpeg 800w, https:\/\/qtmm.org\/wp-content\/uploads\/2022\/01\/img_8405-1-300x200.jpeg 300w, https:\/\/qtmm.org\/wp-content\/uploads\/2022\/01\/img_8405-1-768x512.jpeg 768w\" sizes=\"auto, (max-width: 800px) 100vw, 800px\" \/><\/figure>\n","protected":false},"excerpt":{"rendered":"<p>15 fevral k\u00fcn\u00fc b\u00fct\u00fcn Ukraina boylap sovet qo\u015funlar\u0131n\u0131\u00f1 Af\u011fanstan Cumhuriyetinden \u00e7\u0131qar\u0131l\u011fan\u0131n\u0131\u00f1 23 y\u0131ll\u0131\u011f\u0131 qayd etile 2012 senesi fevral 15 k\u00fcn\u00fc b\u00fct\u00fcn Ukraina boylap sovet qo\u015funlar\u0131n\u0131\u00f1 Af\u011fanstan Cumhuriyetinden \u00e7\u0131qar\u0131l\u011fan\u0131n\u0131\u00f1 23 y\u0131ll\u0131\u011f\u0131 qayd etile Ayn\u0131 \u015fu k\u00fcn\u00fc Sovetler Birligini\u00f1 so\u00f1ki askerleri general-leytenant B\u00f6ris Gromov ile beraber Amudarya \u00fcst\u00fcndeki Dostluq k\u00f6p\u00fcrinden ke\u00e7tiler. Saqta bu vaqian\u0131 qayd et\u00fcv \u00e7er\u00e7ivesinde [&hellip;]<\/p>\n","protected":false},"author":1,"featured_media":28571,"comment_status":"open","ping_status":"open","sticky":false,"template":"","format":"standard","meta":{"inline_featured_image":false,"footnotes":""},"categories":[265],"tags":[],"class_list":["post-28570","post","type-post","status-publish","format-standard","has-post-thumbnail","hentry","category-haberler"],"acf":[],"yoast_head":"<!-- This site is optimized with the Yoast SEO plugin v27.4 - https:\/\/yoast.com\/product\/yoast-seo-wordpress\/ -->\n<title>Af\u011fanstann\u0131 hat\u0131rlap\u2026 - \u041c\u0435\u0434\u0436\u043b\u0456\u0441<\/title>\n<meta name=\"robots\" content=\"index, follow, max-snippet:-1, max-image-preview:large, max-video-preview:-1\" \/>\n<link rel=\"canonical\" href=\"https:\/\/qtmm.org\/qt\/afganstanni-hatirlap\/\" \/>\n<meta property=\"og:locale\" content=\"en_US\" \/>\n<meta property=\"og:type\" content=\"article\" \/>\n<meta property=\"og:title\" content=\"Af\u011fanstann\u0131 hat\u0131rlap\u2026 - \u041c\u0435\u0434\u0436\u043b\u0456\u0441\" \/>\n<meta property=\"og:description\" content=\"15 fevral k\u00fcn\u00fc b\u00fct\u00fcn Ukraina boylap sovet qo\u015funlar\u0131n\u0131\u00f1 Af\u011fanstan Cumhuriyetinden \u00e7\u0131qar\u0131l\u011fan\u0131n\u0131\u00f1 23 y\u0131ll\u0131\u011f\u0131 qayd etile 2012 senesi fevral 15 k\u00fcn\u00fc b\u00fct\u00fcn Ukraina boylap sovet qo\u015funlar\u0131n\u0131\u00f1 Af\u011fanstan Cumhuriyetinden \u00e7\u0131qar\u0131l\u011fan\u0131n\u0131\u00f1 23 y\u0131ll\u0131\u011f\u0131 qayd etile Ayn\u0131 \u015fu k\u00fcn\u00fc Sovetler Birligini\u00f1 so\u00f1ki askerleri general-leytenant B\u00f6ris Gromov ile beraber Amudarya \u00fcst\u00fcndeki Dostluq k\u00f6p\u00fcrinden ke\u00e7tiler. Saqta bu vaqian\u0131 qayd et\u00fcv \u00e7er\u00e7ivesinde [&hellip;]\" \/>\n<meta property=\"og:url\" content=\"https:\/\/qtmm.org\/qt\/afganstanni-hatirlap\/\" \/>\n<meta property=\"og:site_name\" content=\"\u041c\u0435\u0434\u0436\u043b\u0456\u0441\" \/>\n<meta property=\"article:publisher\" content=\"https:\/\/www.facebook.com\/qtmm.info\/\" \/>\n<meta property=\"article:published_time\" content=\"2012-02-15T10:25:00+00:00\" \/>\n<meta property=\"article:modified_time\" content=\"2022-01-20T10:27:22+00:00\" \/>\n<meta property=\"og:image\" content=\"https:\/\/qtmm.org\/wp-content\/uploads\/2022\/01\/img_8402_1-1.jpeg\" \/>\n\t<meta property=\"og:image:width\" content=\"800\" \/>\n\t<meta property=\"og:image:height\" content=\"533\" \/>\n\t<meta property=\"og:image:type\" content=\"image\/jpeg\" \/>\n<meta name=\"author\" content=\"Developer\" \/>\n<meta name=\"twitter:card\" content=\"summary_large_image\" \/>\n<meta name=\"twitter:label1\" content=\"Written by\" \/>\n\t<meta name=\"twitter:data1\" content=\"Developer\" \/>\n\t<meta name=\"twitter:label2\" content=\"Est. reading time\" \/>\n\t<meta name=\"twitter:data2\" content=\"1 minute\" \/>\n<script type=\"application\/ld+json\" class=\"yoast-schema-graph\">{\"@context\":\"https:\\\/\\\/schema.org\",\"@graph\":[{\"@type\":\"Article\",\"@id\":\"https:\\\/\\\/qtmm.org\\\/qt\\\/afganstanni-hatirlap\\\/#article\",\"isPartOf\":{\"@id\":\"https:\\\/\\\/qtmm.org\\\/qt\\\/afganstanni-hatirlap\\\/\"},\"author\":{\"name\":\"Developer\",\"@id\":\"https:\\\/\\\/qtmm.org\\\/qt\\\/#\\\/schema\\\/person\\\/de562469f971dec226ac06e60bbf74a7\"},\"headline\":\"Af\u011fanstann\u0131 hat\u0131rlap\u2026\",\"datePublished\":\"2012-02-15T10:25:00+00:00\",\"dateModified\":\"2022-01-20T10:27:22+00:00\",\"mainEntityOfPage\":{\"@id\":\"https:\\\/\\\/qtmm.org\\\/qt\\\/afganstanni-hatirlap\\\/\"},\"wordCount\":263,\"commentCount\":0,\"publisher\":{\"@id\":\"https:\\\/\\\/qtmm.org\\\/qt\\\/#organization\"},\"image\":{\"@id\":\"https:\\\/\\\/qtmm.org\\\/qt\\\/afganstanni-hatirlap\\\/#primaryimage\"},\"thumbnailUrl\":\"https:\\\/\\\/qtmm.org\\\/wp-content\\\/uploads\\\/2022\\\/01\\\/img_8402_1-1.jpeg\",\"articleSection\":[\"Haberler\"],\"inLanguage\":\"qt\",\"potentialAction\":[{\"@type\":\"CommentAction\",\"name\":\"Comment\",\"target\":[\"https:\\\/\\\/qtmm.org\\\/qt\\\/afganstanni-hatirlap\\\/#respond\"]}]},{\"@type\":\"WebPage\",\"@id\":\"https:\\\/\\\/qtmm.org\\\/qt\\\/afganstanni-hatirlap\\\/\",\"url\":\"https:\\\/\\\/qtmm.org\\\/qt\\\/afganstanni-hatirlap\\\/\",\"name\":\"Af\u011fanstann\u0131 hat\u0131rlap\u2026 - \u041c\u0435\u0434\u0436\u043b\u0456\u0441\",\"isPartOf\":{\"@id\":\"https:\\\/\\\/qtmm.org\\\/qt\\\/#website\"},\"primaryImageOfPage\":{\"@id\":\"https:\\\/\\\/qtmm.org\\\/qt\\\/afganstanni-hatirlap\\\/#primaryimage\"},\"image\":{\"@id\":\"https:\\\/\\\/qtmm.org\\\/qt\\\/afganstanni-hatirlap\\\/#primaryimage\"},\"thumbnailUrl\":\"https:\\\/\\\/qtmm.org\\\/wp-content\\\/uploads\\\/2022\\\/01\\\/img_8402_1-1.jpeg\",\"datePublished\":\"2012-02-15T10:25:00+00:00\",\"dateModified\":\"2022-01-20T10:27:22+00:00\",\"breadcrumb\":{\"@id\":\"https:\\\/\\\/qtmm.org\\\/qt\\\/afganstanni-hatirlap\\\/#breadcrumb\"},\"inLanguage\":\"qt\",\"potentialAction\":[{\"@type\":\"ReadAction\",\"target\":[\"https:\\\/\\\/qtmm.org\\\/qt\\\/afganstanni-hatirlap\\\/\"]}]},{\"@type\":\"ImageObject\",\"inLanguage\":\"qt\",\"@id\":\"https:\\\/\\\/qtmm.org\\\/qt\\\/afganstanni-hatirlap\\\/#primaryimage\",\"url\":\"https:\\\/\\\/qtmm.org\\\/wp-content\\\/uploads\\\/2022\\\/01\\\/img_8402_1-1.jpeg\",\"contentUrl\":\"https:\\\/\\\/qtmm.org\\\/wp-content\\\/uploads\\\/2022\\\/01\\\/img_8402_1-1.jpeg\",\"width\":800,\"height\":533},{\"@type\":\"BreadcrumbList\",\"@id\":\"https:\\\/\\\/qtmm.org\\\/qt\\\/afganstanni-hatirlap\\\/#breadcrumb\",\"itemListElement\":[{\"@type\":\"ListItem\",\"position\":1,\"name\":\"\u0413\u043e\u043b\u043e\u0432\u043d\u0430\",\"item\":\"https:\\\/\\\/qtmm.org\\\/qt\\\/\"},{\"@type\":\"ListItem\",\"position\":2,\"name\":\"Af\u011fanstann\u0131 hat\u0131rlap\u2026\"}]},{\"@type\":\"WebSite\",\"@id\":\"https:\\\/\\\/qtmm.org\\\/qt\\\/#website\",\"url\":\"https:\\\/\\\/qtmm.org\\\/qt\\\/\",\"name\":\"\u041c\u0435\u0434\u0436\u043b\u0456\u0441\",\"description\":\"\",\"publisher\":{\"@id\":\"https:\\\/\\\/qtmm.org\\\/qt\\\/#organization\"},\"potentialAction\":[{\"@type\":\"SearchAction\",\"target\":{\"@type\":\"EntryPoint\",\"urlTemplate\":\"https:\\\/\\\/qtmm.org\\\/qt\\\/?s={search_term_string}\"},\"query-input\":{\"@type\":\"PropertyValueSpecification\",\"valueRequired\":true,\"valueName\":\"search_term_string\"}}],\"inLanguage\":\"qt\"},{\"@type\":\"Organization\",\"@id\":\"https:\\\/\\\/qtmm.org\\\/qt\\\/#organization\",\"name\":\"\u041c\u0435\u0434\u0436\u043b\u0456\u0441\",\"url\":\"https:\\\/\\\/qtmm.org\\\/qt\\\/\",\"logo\":{\"@type\":\"ImageObject\",\"inLanguage\":\"qt\",\"@id\":\"https:\\\/\\\/qtmm.org\\\/qt\\\/#\\\/schema\\\/logo\\\/image\\\/\",\"url\":\"https:\\\/\\\/qtmm.org\\\/wp-content\\\/uploads\\\/2024\\\/12\\\/ua-mejlis-logo-rgb.svg\",\"contentUrl\":\"https:\\\/\\\/qtmm.org\\\/wp-content\\\/uploads\\\/2024\\\/12\\\/ua-mejlis-logo-rgb.svg\",\"caption\":\"\u041c\u0435\u0434\u0436\u043b\u0456\u0441\"},\"image\":{\"@id\":\"https:\\\/\\\/qtmm.org\\\/qt\\\/#\\\/schema\\\/logo\\\/image\\\/\"},\"sameAs\":[\"https:\\\/\\\/www.facebook.com\\\/qtmm.info\\\/\"]},{\"@type\":\"Person\",\"@id\":\"https:\\\/\\\/qtmm.org\\\/qt\\\/#\\\/schema\\\/person\\\/de562469f971dec226ac06e60bbf74a7\",\"name\":\"Developer\",\"image\":{\"@type\":\"ImageObject\",\"inLanguage\":\"qt\",\"@id\":\"https:\\\/\\\/secure.gravatar.com\\\/avatar\\\/392b4cc8fbfeb00b39dfeeab4ee6edded39ffd48e25858637e4765810300227e?s=96&d=mm&r=g\",\"url\":\"https:\\\/\\\/secure.gravatar.com\\\/avatar\\\/392b4cc8fbfeb00b39dfeeab4ee6edded39ffd48e25858637e4765810300227e?s=96&d=mm&r=g\",\"contentUrl\":\"https:\\\/\\\/secure.gravatar.com\\\/avatar\\\/392b4cc8fbfeb00b39dfeeab4ee6edded39ffd48e25858637e4765810300227e?s=96&d=mm&r=g\",\"caption\":\"Developer\"},\"url\":\"https:\\\/\\\/qtmm.org\\\/qt\\\/author\\\/Developer\\\/\"}]}<\/script>\n<!-- \/ Yoast SEO plugin. -->","yoast_head_json":{"title":"Af\u011fanstann\u0131 hat\u0131rlap\u2026 - \u041c\u0435\u0434\u0436\u043b\u0456\u0441","robots":{"index":"index","follow":"follow","max-snippet":"max-snippet:-1","max-image-preview":"max-image-preview:large","max-video-preview":"max-video-preview:-1"},"canonical":"https:\/\/qtmm.org\/qt\/afganstanni-hatirlap\/","og_locale":"en_US","og_type":"article","og_title":"Af\u011fanstann\u0131 hat\u0131rlap\u2026 - \u041c\u0435\u0434\u0436\u043b\u0456\u0441","og_description":"15 fevral k\u00fcn\u00fc b\u00fct\u00fcn Ukraina boylap sovet qo\u015funlar\u0131n\u0131\u00f1 Af\u011fanstan Cumhuriyetinden \u00e7\u0131qar\u0131l\u011fan\u0131n\u0131\u00f1 23 y\u0131ll\u0131\u011f\u0131 qayd etile 2012 senesi fevral 15 k\u00fcn\u00fc b\u00fct\u00fcn Ukraina boylap sovet qo\u015funlar\u0131n\u0131\u00f1 Af\u011fanstan Cumhuriyetinden \u00e7\u0131qar\u0131l\u011fan\u0131n\u0131\u00f1 23 y\u0131ll\u0131\u011f\u0131 qayd etile Ayn\u0131 \u015fu k\u00fcn\u00fc Sovetler Birligini\u00f1 so\u00f1ki askerleri general-leytenant B\u00f6ris Gromov ile beraber Amudarya \u00fcst\u00fcndeki Dostluq k\u00f6p\u00fcrinden ke\u00e7tiler. Saqta bu vaqian\u0131 qayd et\u00fcv \u00e7er\u00e7ivesinde [&hellip;]","og_url":"https:\/\/qtmm.org\/qt\/afganstanni-hatirlap\/","og_site_name":"\u041c\u0435\u0434\u0436\u043b\u0456\u0441","article_publisher":"https:\/\/www.facebook.com\/qtmm.info\/","article_published_time":"2012-02-15T10:25:00+00:00","article_modified_time":"2022-01-20T10:27:22+00:00","og_image":[{"width":800,"height":533,"url":"https:\/\/qtmm.org\/wp-content\/uploads\/2022\/01\/img_8402_1-1.jpeg","type":"image\/jpeg"}],"author":"Developer","twitter_card":"summary_large_image","twitter_misc":{"Written by":"Developer","Est. reading time":"1 minute"},"schema":{"@context":"https:\/\/schema.org","@graph":[{"@type":"Article","@id":"https:\/\/qtmm.org\/qt\/afganstanni-hatirlap\/#article","isPartOf":{"@id":"https:\/\/qtmm.org\/qt\/afganstanni-hatirlap\/"},"author":{"name":"Developer","@id":"https:\/\/qtmm.org\/qt\/#\/schema\/person\/de562469f971dec226ac06e60bbf74a7"},"headline":"Af\u011fanstann\u0131 hat\u0131rlap\u2026","datePublished":"2012-02-15T10:25:00+00:00","dateModified":"2022-01-20T10:27:22+00:00","mainEntityOfPage":{"@id":"https:\/\/qtmm.org\/qt\/afganstanni-hatirlap\/"},"wordCount":263,"commentCount":0,"publisher":{"@id":"https:\/\/qtmm.org\/qt\/#organization"},"image":{"@id":"https:\/\/qtmm.org\/qt\/afganstanni-hatirlap\/#primaryimage"},"thumbnailUrl":"https:\/\/qtmm.org\/wp-content\/uploads\/2022\/01\/img_8402_1-1.jpeg","articleSection":["Haberler"],"inLanguage":"qt","potentialAction":[{"@type":"CommentAction","name":"Comment","target":["https:\/\/qtmm.org\/qt\/afganstanni-hatirlap\/#respond"]}]},{"@type":"WebPage","@id":"https:\/\/qtmm.org\/qt\/afganstanni-hatirlap\/","url":"https:\/\/qtmm.org\/qt\/afganstanni-hatirlap\/","name":"Af\u011fanstann\u0131 hat\u0131rlap\u2026 - \u041c\u0435\u0434\u0436\u043b\u0456\u0441","isPartOf":{"@id":"https:\/\/qtmm.org\/qt\/#website"},"primaryImageOfPage":{"@id":"https:\/\/qtmm.org\/qt\/afganstanni-hatirlap\/#primaryimage"},"image":{"@id":"https:\/\/qtmm.org\/qt\/afganstanni-hatirlap\/#primaryimage"},"thumbnailUrl":"https:\/\/qtmm.org\/wp-content\/uploads\/2022\/01\/img_8402_1-1.jpeg","datePublished":"2012-02-15T10:25:00+00:00","dateModified":"2022-01-20T10:27:22+00:00","breadcrumb":{"@id":"https:\/\/qtmm.org\/qt\/afganstanni-hatirlap\/#breadcrumb"},"inLanguage":"qt","potentialAction":[{"@type":"ReadAction","target":["https:\/\/qtmm.org\/qt\/afganstanni-hatirlap\/"]}]},{"@type":"ImageObject","inLanguage":"qt","@id":"https:\/\/qtmm.org\/qt\/afganstanni-hatirlap\/#primaryimage","url":"https:\/\/qtmm.org\/wp-content\/uploads\/2022\/01\/img_8402_1-1.jpeg","contentUrl":"https:\/\/qtmm.org\/wp-content\/uploads\/2022\/01\/img_8402_1-1.jpeg","width":800,"height":533},{"@type":"BreadcrumbList","@id":"https:\/\/qtmm.org\/qt\/afganstanni-hatirlap\/#breadcrumb","itemListElement":[{"@type":"ListItem","position":1,"name":"\u0413\u043e\u043b\u043e\u0432\u043d\u0430","item":"https:\/\/qtmm.org\/qt\/"},{"@type":"ListItem","position":2,"name":"Af\u011fanstann\u0131 hat\u0131rlap\u2026"}]},{"@type":"WebSite","@id":"https:\/\/qtmm.org\/qt\/#website","url":"https:\/\/qtmm.org\/qt\/","name":"\u041c\u0435\u0434\u0436\u043b\u0456\u0441","description":"","publisher":{"@id":"https:\/\/qtmm.org\/qt\/#organization"},"potentialAction":[{"@type":"SearchAction","target":{"@type":"EntryPoint","urlTemplate":"https:\/\/qtmm.org\/qt\/?s={search_term_string}"},"query-input":{"@type":"PropertyValueSpecification","valueRequired":true,"valueName":"search_term_string"}}],"inLanguage":"qt"},{"@type":"Organization","@id":"https:\/\/qtmm.org\/qt\/#organization","name":"\u041c\u0435\u0434\u0436\u043b\u0456\u0441","url":"https:\/\/qtmm.org\/qt\/","logo":{"@type":"ImageObject","inLanguage":"qt","@id":"https:\/\/qtmm.org\/qt\/#\/schema\/logo\/image\/","url":"https:\/\/qtmm.org\/wp-content\/uploads\/2024\/12\/ua-mejlis-logo-rgb.svg","contentUrl":"https:\/\/qtmm.org\/wp-content\/uploads\/2024\/12\/ua-mejlis-logo-rgb.svg","caption":"\u041c\u0435\u0434\u0436\u043b\u0456\u0441"},"image":{"@id":"https:\/\/qtmm.org\/qt\/#\/schema\/logo\/image\/"},"sameAs":["https:\/\/www.facebook.com\/qtmm.info\/"]},{"@type":"Person","@id":"https:\/\/qtmm.org\/qt\/#\/schema\/person\/de562469f971dec226ac06e60bbf74a7","name":"Developer","image":{"@type":"ImageObject","inLanguage":"qt","@id":"https:\/\/secure.gravatar.com\/avatar\/392b4cc8fbfeb00b39dfeeab4ee6edded39ffd48e25858637e4765810300227e?s=96&d=mm&r=g","url":"https:\/\/secure.gravatar.com\/avatar\/392b4cc8fbfeb00b39dfeeab4ee6edded39ffd48e25858637e4765810300227e?s=96&d=mm&r=g","contentUrl":"https:\/\/secure.gravatar.com\/avatar\/392b4cc8fbfeb00b39dfeeab4ee6edded39ffd48e25858637e4765810300227e?s=96&d=mm&r=g","caption":"Developer"},"url":"https:\/\/qtmm.org\/qt\/author\/Developer\/"}]}},"_links":{"self":[{"href":"https:\/\/qtmm.org\/qt\/wp-json\/wp\/v2\/posts\/28570","targetHints":{"allow":["GET"]}}],"collection":[{"href":"https:\/\/qtmm.org\/qt\/wp-json\/wp\/v2\/posts"}],"about":[{"href":"https:\/\/qtmm.org\/qt\/wp-json\/wp\/v2\/types\/post"}],"author":[{"embeddable":true,"href":"https:\/\/qtmm.org\/qt\/wp-json\/wp\/v2\/users\/1"}],"replies":[{"embeddable":true,"href":"https:\/\/qtmm.org\/qt\/wp-json\/wp\/v2\/comments?post=28570"}],"version-history":[{"count":1,"href":"https:\/\/qtmm.org\/qt\/wp-json\/wp\/v2\/posts\/28570\/revisions"}],"predecessor-version":[{"id":28583,"href":"https:\/\/qtmm.org\/qt\/wp-json\/wp\/v2\/posts\/28570\/revisions\/28583"}],"wp:featuredmedia":[{"embeddable":true,"href":"https:\/\/qtmm.org\/qt\/wp-json\/wp\/v2\/media\/28571"}],"wp:attachment":[{"href":"https:\/\/qtmm.org\/qt\/wp-json\/wp\/v2\/media?parent=28570"}],"wp:term":[{"taxonomy":"category","embeddable":true,"href":"https:\/\/qtmm.org\/qt\/wp-json\/wp\/v2\/categories?post=28570"},{"taxonomy":"post_tag","embeddable":true,"href":"https:\/\/qtmm.org\/qt\/wp-json\/wp\/v2\/tags?post=28570"}],"curies":[{"name":"wp","href":"https:\/\/api.w.org\/{rel}","templated":true}]}}