




{"id":28568,"date":"2012-02-14T13:24:00","date_gmt":"2012-02-14T10:24:00","guid":{"rendered":"http:\/\/qtmm.org\/?p=28568"},"modified":"2022-01-20T13:25:30","modified_gmt":"2022-01-20T10:25:30","slug":"mustafa-cemilev-madamki-ukraina-mustaqil-devlet-eken-kilsesi-de-diger-devletke-boysunmadan-serbest-olmali","status":"publish","type":"post","link":"https:\/\/qtmm.org\/qt\/mustafa-cemilev-madamki-ukraina-mustaqil-devlet-eken-kilsesi-de-diger-devletke-boysunmadan-serbest-olmali\/","title":{"rendered":"Mustafa Cemilev: \u00abMadamki Ukraina mustaqil devlet eken, Kilsesi de diger devletke boysunmadan, serbest olmal\u0131\u00bb"},"content":{"rendered":"\n<p>Piskopos h\u0131zmetini\u00f1 50 ve Kiyev ve b\u00fct\u00fcn Rusiye-Ukraina Patriki Filaretni\u00f1 Kiyev kafderas\u0131nda bulunuv\u0131 45 y\u0131ll\u0131\u011f\u0131n\u0131\u00f1 keni\u015f s\u00fcrette qayd etilmesi munasebetinen Ukrainan\u0131\u00f1 me\u015fur medeniy, ilmiy ve cemaat erbaplar\u0131na(akademikler, Ukraina qaramanlar\u0131, yaz\u0131c\u0131 ve \u015fairler) on\u0131\u00f1 aqq\u0131nda bir qa\u00e7 s\u00f6z aytmaq, hat\u0131rlavlarnen payla\u015fmaq ricas\u0131nen muracaat etildi.<br><br>Subet etilgenlerni\u00f1 episi Patrik Filaretni\u00f1 y\u00fcz\u00fcnde ukrain halq\u0131n\u0131\u00f1 diniy yetek\u00e7isi, vatanperver, umumpravoslav miqyas\u0131nda nufuzl\u0131 kilse erbab\u0131n\u0131 k\u00f6rgenlerini qayd ettiler. M\u00fcimi \u015funda ki, Filaretni yal\u0131\u00f1\u0131z pravoslavlar degil de, katolik rumlar ve atta musulmanlar da \u00fcrmet eteler.<br><br>&#8220;Patrik Filaretnen ilk k\u00f6r\u00fc\u015f\u00fcvimiz ne zaman ol\u011fan\u0131 aq\u0131l\u0131mda qalmad\u0131, amma pek \u00e7oqtan berli tan\u0131\u015fm\u0131z. As\u0131l\u0131nda, ta o, Kiyev Piskoposl\u0131\u011f\u0131n\u0131\u00f1 Ukrain Pravoslav kilsesini meydan\u011fa ketirdigi vaq\u0131ttan yani 1992 senesinden berli olsa kerek. Adeti \u00fczre, \u00e7e\u015fit din cemiyetlerini\u00f1 yetek\u00e7ileri de davet etilgen tantana ve diplomatik qabullarda k\u00f6r\u00fc\u015fe edik. 2000 senesini\u00f1 iy\u00fcn ay\u0131nda Ba\u011f\u00e7asarayda evimde musafir old\u0131. Bu, Q\u0131r\u0131m parlamentine yerli kommunistlerni\u00f1 yetek\u00e7isi Leonid Gra\u00e7 reislik yapqanda er yerde, bilhassa yollarda ve qasaba ve \u015feerlerge kiri\u015fte ha\u00e7lar tiklenip, &#8220;Q\u0131r\u0131m \u2013 pravoslav dinini\u00f1 be\u015figidir&#8221; kibi yaz\u0131lar as\u0131l\u011fan, bun\u0131 da q\u0131r\u0131mtatarlar kesen-kes qabul etmege istemegen pek kergin bir zaman edi. Baz\u0131 k\u00f6y ve qasabalarda q\u0131r\u0131mtatarlar ve &#8220;Q\u0131r\u0131mn\u0131 \u00e7oqunduruv&#8221; tarafdarlar\u0131 aras\u0131nda qatt\u0131 \u00e7arp\u0131\u015fmalar bile old\u0131. Rus tilli matbuat vastalar\u0131, tabiiy ki, ba\u015f q\u0131r\u0131ml\u0131 &#8220;pravoslav kommunist&#8221; Leonid Gra\u00e7n\u0131\u00f1 s\u00f6zlerini tekrarlayaraq, q\u0131r\u0131mtatarlarn\u0131 mutahass\u0131p, barbar dep su\u00e7lad\u0131lar. Sotsiologik tedqiqat\u00e7\u0131larn\u0131\u00f1 hul\u00e2sas\u0131na k\u00f6re o vaq\u0131tta Q\u0131r\u0131mda dinler aras\u0131ndaki dava e\u00f1 q\u0131z\u011f\u0131n noqtas\u0131na yetken.<br><br>Piskopos Filaret Q\u0131r\u0131m\u011fa kelgeninen ha\u00e7larn\u0131 qoyuv i\u015fine a\u00e7\u0131qtan-a\u00e7\u0131q siyasiy fesat, diye q\u0131ymet kesti ve bu i\u015f ne Prvavoslav dini, ne de umumen hristianl\u0131qnen al\u0131p berecegi olma\u011fan\u0131n\u0131 qayd etti. Piskoposn\u0131\u00f1 bu s\u00f6zleri kerginlikni y\u0131m\u015fatt\u0131, q\u0131r\u0131mtatar halq\u0131 ise Kiyev Piskoposl\u0131\u011f\u0131na \u00fcrmet ile baq\u0131p ba\u015flad\u0131.<br><br>As\u0131l\u0131nda, \u015fahsen menim fikrimce, madam ki Ukraina mustaqil devlet eken, Kilsesi de ba\u015fqa bir devletni\u00f1 kilsesine boysunmadan, \u00f6z areketlerini yabanc\u0131 devletni\u00f1 reberinen keli\u015fip yapmadan, mustaqil, ba\u011f\u0131ms\u0131z olmal\u0131d\u0131r. Bahusus o devletni\u00f1 ba\u015f\u0131 Ukraina mustaqilligini ya\u00f1l\u0131\u015fl\u0131q, dep saysa.<br><br>Patrik Filaretni\u00f1 Ukrainada mustaqil pravoslav kilsesini meydan\u011fa ketirmek boyunca areketi aql\u0131 ve do\u011frud\u0131r. O, dindar ve aqiqiy vatanperver insan kibi davrana. \u015eun\u0131\u00f1 i\u00e7\u00fcn de q\u0131r\u0131mtatar halq\u0131 ve Q\u0131r\u0131m musulmanlar\u0131n\u0131\u00f1 m\u00fcftiligi Filaret yetek\u00e7ilik yapt\u0131\u011f\u0131 Kiyev Piskoposl\u0131\u011f\u0131 taraf\u0131ndalar.<br><br>Q\u0131r\u0131mda &#8220;Bar\u0131\u015f\u0131ql\u0131q \u2013 Ta\u00f1r\u0131n\u0131\u00f1 nimetidir&#8221; dinlerara ke\u00f1e\u015fi(Rusiyege meyil bergen qurum) te\u015fkil etilgende, on\u0131\u00f1 erk\u00e2n\u0131na Kiyev piskoposl\u0131\u011f\u0131 Q\u0131r\u0131m yeparhiyas\u0131n\u0131 qabul etmemek qarar\u0131 al\u0131n\u011fanda, Q\u0131r\u0131m musulmanlar\u0131n\u0131\u00f1 diniy idaresi de ke\u00f1e\u015fni terk etti. B\u00f6yleliknen biz Kiyev piskoposl\u0131\u011f\u0131na qoltutqan\u0131m\u0131zn\u0131 numay\u0131\u015f ettik.<br><br>Eminim ki, bizim Diniy idaremiz ve Patrik Filaret yolba\u015f\u00e7\u0131l\u0131\u011f\u0131ndaki Ukrain pravoslav kilsesini\u00f1 Kiyev piskoposl\u0131\u011f\u0131n\u0131\u00f1 munasebetleri kelecekte daa ziyade qaviy olur. \u00c7\u00fcnki bu &#8211; b\u00fct\u00fcn devletimiz ve bilhassa Q\u0131r\u0131m i\u00e7\u00fcn m\u00fcim ve zarurd\u0131r&#8221;, &#8211; dedi Q\u0131r\u0131mtatar halq\u0131 Meclisini\u00f1 reisi Mustafa Cemilev.<\/p>\n\n\n\n<p class=\"has-text-align-right\"><br><em><strong>www.cerkva.info<\/strong><\/em><\/p>\n","protected":false},"excerpt":{"rendered":"<p>Piskopos h\u0131zmetini\u00f1 50 ve Kiyev ve b\u00fct\u00fcn Rusiye-Ukraina Patriki Filaretni\u00f1 Kiyev kafderas\u0131nda bulunuv\u0131 45 y\u0131ll\u0131\u011f\u0131n\u0131\u00f1 keni\u015f s\u00fcrette qayd etilmesi munasebetinen Ukrainan\u0131\u00f1 me\u015fur medeniy, ilmiy ve cemaat erbaplar\u0131na(akademikler, Ukraina qaramanlar\u0131, yaz\u0131c\u0131 ve \u015fairler) on\u0131\u00f1 aqq\u0131nda bir qa\u00e7 s\u00f6z aytmaq, hat\u0131rlavlarnen payla\u015fmaq ricas\u0131nen muracaat etildi. Subet etilgenlerni\u00f1 episi Patrik Filaretni\u00f1 y\u00fcz\u00fcnde ukrain halq\u0131n\u0131\u00f1 diniy yetek\u00e7isi, vatanperver, umumpravoslav [&hellip;]<\/p>\n","protected":false},"author":1,"featured_media":0,"comment_status":"open","ping_status":"open","sticky":false,"template":"","format":"standard","meta":{"inline_featured_image":false,"footnotes":""},"categories":[265],"tags":[],"class_list":["post-28568","post","type-post","status-publish","format-standard","hentry","category-haberler"],"acf":[],"yoast_head":"<!-- This site is optimized with the Yoast SEO plugin v27.4 - https:\/\/yoast.com\/product\/yoast-seo-wordpress\/ -->\n<title>Mustafa Cemilev: \u00abMadamki Ukraina mustaqil devlet eken, Kilsesi de diger devletke boysunmadan, serbest olmal\u0131\u00bb - \u041c\u0435\u0434\u0436\u043b\u0456\u0441<\/title>\n<meta name=\"robots\" content=\"index, follow, max-snippet:-1, max-image-preview:large, max-video-preview:-1\" \/>\n<link rel=\"canonical\" href=\"https:\/\/qtmm.org\/qt\/mustafa-cemilev-madamki-ukraina-mustaqil-devlet-eken-kilsesi-de-diger-devletke-boysunmadan-serbest-olmali\/\" \/>\n<meta property=\"og:locale\" content=\"en_US\" \/>\n<meta property=\"og:type\" content=\"article\" \/>\n<meta property=\"og:title\" content=\"Mustafa Cemilev: \u00abMadamki Ukraina mustaqil devlet eken, Kilsesi de diger devletke boysunmadan, serbest olmal\u0131\u00bb - \u041c\u0435\u0434\u0436\u043b\u0456\u0441\" \/>\n<meta property=\"og:description\" content=\"Piskopos h\u0131zmetini\u00f1 50 ve Kiyev ve b\u00fct\u00fcn Rusiye-Ukraina Patriki Filaretni\u00f1 Kiyev kafderas\u0131nda bulunuv\u0131 45 y\u0131ll\u0131\u011f\u0131n\u0131\u00f1 keni\u015f s\u00fcrette qayd etilmesi munasebetinen Ukrainan\u0131\u00f1 me\u015fur medeniy, ilmiy ve cemaat erbaplar\u0131na(akademikler, Ukraina qaramanlar\u0131, yaz\u0131c\u0131 ve \u015fairler) on\u0131\u00f1 aqq\u0131nda bir qa\u00e7 s\u00f6z aytmaq, hat\u0131rlavlarnen payla\u015fmaq ricas\u0131nen muracaat etildi. Subet etilgenlerni\u00f1 episi Patrik Filaretni\u00f1 y\u00fcz\u00fcnde ukrain halq\u0131n\u0131\u00f1 diniy yetek\u00e7isi, vatanperver, umumpravoslav [&hellip;]\" \/>\n<meta property=\"og:url\" content=\"https:\/\/qtmm.org\/qt\/mustafa-cemilev-madamki-ukraina-mustaqil-devlet-eken-kilsesi-de-diger-devletke-boysunmadan-serbest-olmali\/\" \/>\n<meta property=\"og:site_name\" content=\"\u041c\u0435\u0434\u0436\u043b\u0456\u0441\" \/>\n<meta property=\"article:publisher\" content=\"https:\/\/www.facebook.com\/qtmm.info\/\" \/>\n<meta property=\"article:published_time\" content=\"2012-02-14T10:24:00+00:00\" \/>\n<meta property=\"article:modified_time\" content=\"2022-01-20T10:25:30+00:00\" \/>\n<meta name=\"author\" content=\"Developer\" \/>\n<meta name=\"twitter:card\" content=\"summary_large_image\" \/>\n<meta name=\"twitter:label1\" content=\"Written by\" \/>\n\t<meta name=\"twitter:data1\" content=\"Developer\" \/>\n\t<meta name=\"twitter:label2\" content=\"Est. reading time\" \/>\n\t<meta name=\"twitter:data2\" content=\"3 minutes\" \/>\n<script type=\"application\/ld+json\" class=\"yoast-schema-graph\">{\"@context\":\"https:\\\/\\\/schema.org\",\"@graph\":[{\"@type\":\"Article\",\"@id\":\"https:\\\/\\\/qtmm.org\\\/qt\\\/mustafa-cemilev-madamki-ukraina-mustaqil-devlet-eken-kilsesi-de-diger-devletke-boysunmadan-serbest-olmali\\\/#article\",\"isPartOf\":{\"@id\":\"https:\\\/\\\/qtmm.org\\\/qt\\\/mustafa-cemilev-madamki-ukraina-mustaqil-devlet-eken-kilsesi-de-diger-devletke-boysunmadan-serbest-olmali\\\/\"},\"author\":{\"name\":\"Developer\",\"@id\":\"https:\\\/\\\/qtmm.org\\\/qt\\\/#\\\/schema\\\/person\\\/de562469f971dec226ac06e60bbf74a7\"},\"headline\":\"Mustafa Cemilev: \u00abMadamki Ukraina mustaqil devlet eken, Kilsesi de diger devletke boysunmadan, serbest olmal\u0131\u00bb\",\"datePublished\":\"2012-02-14T10:24:00+00:00\",\"dateModified\":\"2022-01-20T10:25:30+00:00\",\"mainEntityOfPage\":{\"@id\":\"https:\\\/\\\/qtmm.org\\\/qt\\\/mustafa-cemilev-madamki-ukraina-mustaqil-devlet-eken-kilsesi-de-diger-devletke-boysunmadan-serbest-olmali\\\/\"},\"wordCount\":587,\"commentCount\":0,\"publisher\":{\"@id\":\"https:\\\/\\\/qtmm.org\\\/qt\\\/#organization\"},\"articleSection\":[\"Haberler\"],\"inLanguage\":\"qt\",\"potentialAction\":[{\"@type\":\"CommentAction\",\"name\":\"Comment\",\"target\":[\"https:\\\/\\\/qtmm.org\\\/qt\\\/mustafa-cemilev-madamki-ukraina-mustaqil-devlet-eken-kilsesi-de-diger-devletke-boysunmadan-serbest-olmali\\\/#respond\"]}]},{\"@type\":\"WebPage\",\"@id\":\"https:\\\/\\\/qtmm.org\\\/qt\\\/mustafa-cemilev-madamki-ukraina-mustaqil-devlet-eken-kilsesi-de-diger-devletke-boysunmadan-serbest-olmali\\\/\",\"url\":\"https:\\\/\\\/qtmm.org\\\/qt\\\/mustafa-cemilev-madamki-ukraina-mustaqil-devlet-eken-kilsesi-de-diger-devletke-boysunmadan-serbest-olmali\\\/\",\"name\":\"Mustafa Cemilev: \u00abMadamki Ukraina mustaqil devlet eken, Kilsesi de diger devletke boysunmadan, serbest olmal\u0131\u00bb - \u041c\u0435\u0434\u0436\u043b\u0456\u0441\",\"isPartOf\":{\"@id\":\"https:\\\/\\\/qtmm.org\\\/qt\\\/#website\"},\"datePublished\":\"2012-02-14T10:24:00+00:00\",\"dateModified\":\"2022-01-20T10:25:30+00:00\",\"breadcrumb\":{\"@id\":\"https:\\\/\\\/qtmm.org\\\/qt\\\/mustafa-cemilev-madamki-ukraina-mustaqil-devlet-eken-kilsesi-de-diger-devletke-boysunmadan-serbest-olmali\\\/#breadcrumb\"},\"inLanguage\":\"qt\",\"potentialAction\":[{\"@type\":\"ReadAction\",\"target\":[\"https:\\\/\\\/qtmm.org\\\/qt\\\/mustafa-cemilev-madamki-ukraina-mustaqil-devlet-eken-kilsesi-de-diger-devletke-boysunmadan-serbest-olmali\\\/\"]}]},{\"@type\":\"BreadcrumbList\",\"@id\":\"https:\\\/\\\/qtmm.org\\\/qt\\\/mustafa-cemilev-madamki-ukraina-mustaqil-devlet-eken-kilsesi-de-diger-devletke-boysunmadan-serbest-olmali\\\/#breadcrumb\",\"itemListElement\":[{\"@type\":\"ListItem\",\"position\":1,\"name\":\"\u0413\u043e\u043b\u043e\u0432\u043d\u0430\",\"item\":\"https:\\\/\\\/qtmm.org\\\/qt\\\/\"},{\"@type\":\"ListItem\",\"position\":2,\"name\":\"Mustafa Cemilev: \u00abMadamki Ukraina mustaqil devlet eken, Kilsesi de diger devletke boysunmadan, serbest olmal\u0131\u00bb\"}]},{\"@type\":\"WebSite\",\"@id\":\"https:\\\/\\\/qtmm.org\\\/qt\\\/#website\",\"url\":\"https:\\\/\\\/qtmm.org\\\/qt\\\/\",\"name\":\"\u041c\u0435\u0434\u0436\u043b\u0456\u0441\",\"description\":\"\",\"publisher\":{\"@id\":\"https:\\\/\\\/qtmm.org\\\/qt\\\/#organization\"},\"potentialAction\":[{\"@type\":\"SearchAction\",\"target\":{\"@type\":\"EntryPoint\",\"urlTemplate\":\"https:\\\/\\\/qtmm.org\\\/qt\\\/?s={search_term_string}\"},\"query-input\":{\"@type\":\"PropertyValueSpecification\",\"valueRequired\":true,\"valueName\":\"search_term_string\"}}],\"inLanguage\":\"qt\"},{\"@type\":\"Organization\",\"@id\":\"https:\\\/\\\/qtmm.org\\\/qt\\\/#organization\",\"name\":\"\u041c\u0435\u0434\u0436\u043b\u0456\u0441\",\"url\":\"https:\\\/\\\/qtmm.org\\\/qt\\\/\",\"logo\":{\"@type\":\"ImageObject\",\"inLanguage\":\"qt\",\"@id\":\"https:\\\/\\\/qtmm.org\\\/qt\\\/#\\\/schema\\\/logo\\\/image\\\/\",\"url\":\"https:\\\/\\\/qtmm.org\\\/wp-content\\\/uploads\\\/2024\\\/12\\\/ua-mejlis-logo-rgb.svg\",\"contentUrl\":\"https:\\\/\\\/qtmm.org\\\/wp-content\\\/uploads\\\/2024\\\/12\\\/ua-mejlis-logo-rgb.svg\",\"caption\":\"\u041c\u0435\u0434\u0436\u043b\u0456\u0441\"},\"image\":{\"@id\":\"https:\\\/\\\/qtmm.org\\\/qt\\\/#\\\/schema\\\/logo\\\/image\\\/\"},\"sameAs\":[\"https:\\\/\\\/www.facebook.com\\\/qtmm.info\\\/\"]},{\"@type\":\"Person\",\"@id\":\"https:\\\/\\\/qtmm.org\\\/qt\\\/#\\\/schema\\\/person\\\/de562469f971dec226ac06e60bbf74a7\",\"name\":\"Developer\",\"image\":{\"@type\":\"ImageObject\",\"inLanguage\":\"qt\",\"@id\":\"https:\\\/\\\/secure.gravatar.com\\\/avatar\\\/392b4cc8fbfeb00b39dfeeab4ee6edded39ffd48e25858637e4765810300227e?s=96&d=mm&r=g\",\"url\":\"https:\\\/\\\/secure.gravatar.com\\\/avatar\\\/392b4cc8fbfeb00b39dfeeab4ee6edded39ffd48e25858637e4765810300227e?s=96&d=mm&r=g\",\"contentUrl\":\"https:\\\/\\\/secure.gravatar.com\\\/avatar\\\/392b4cc8fbfeb00b39dfeeab4ee6edded39ffd48e25858637e4765810300227e?s=96&d=mm&r=g\",\"caption\":\"Developer\"},\"url\":\"https:\\\/\\\/qtmm.org\\\/qt\\\/author\\\/Developer\\\/\"}]}<\/script>\n<!-- \/ Yoast SEO plugin. -->","yoast_head_json":{"title":"Mustafa Cemilev: \u00abMadamki Ukraina mustaqil devlet eken, Kilsesi de diger devletke boysunmadan, serbest olmal\u0131\u00bb - \u041c\u0435\u0434\u0436\u043b\u0456\u0441","robots":{"index":"index","follow":"follow","max-snippet":"max-snippet:-1","max-image-preview":"max-image-preview:large","max-video-preview":"max-video-preview:-1"},"canonical":"https:\/\/qtmm.org\/qt\/mustafa-cemilev-madamki-ukraina-mustaqil-devlet-eken-kilsesi-de-diger-devletke-boysunmadan-serbest-olmali\/","og_locale":"en_US","og_type":"article","og_title":"Mustafa Cemilev: \u00abMadamki Ukraina mustaqil devlet eken, Kilsesi de diger devletke boysunmadan, serbest olmal\u0131\u00bb - \u041c\u0435\u0434\u0436\u043b\u0456\u0441","og_description":"Piskopos h\u0131zmetini\u00f1 50 ve Kiyev ve b\u00fct\u00fcn Rusiye-Ukraina Patriki Filaretni\u00f1 Kiyev kafderas\u0131nda bulunuv\u0131 45 y\u0131ll\u0131\u011f\u0131n\u0131\u00f1 keni\u015f s\u00fcrette qayd etilmesi munasebetinen Ukrainan\u0131\u00f1 me\u015fur medeniy, ilmiy ve cemaat erbaplar\u0131na(akademikler, Ukraina qaramanlar\u0131, yaz\u0131c\u0131 ve \u015fairler) on\u0131\u00f1 aqq\u0131nda bir qa\u00e7 s\u00f6z aytmaq, hat\u0131rlavlarnen payla\u015fmaq ricas\u0131nen muracaat etildi. Subet etilgenlerni\u00f1 episi Patrik Filaretni\u00f1 y\u00fcz\u00fcnde ukrain halq\u0131n\u0131\u00f1 diniy yetek\u00e7isi, vatanperver, umumpravoslav [&hellip;]","og_url":"https:\/\/qtmm.org\/qt\/mustafa-cemilev-madamki-ukraina-mustaqil-devlet-eken-kilsesi-de-diger-devletke-boysunmadan-serbest-olmali\/","og_site_name":"\u041c\u0435\u0434\u0436\u043b\u0456\u0441","article_publisher":"https:\/\/www.facebook.com\/qtmm.info\/","article_published_time":"2012-02-14T10:24:00+00:00","article_modified_time":"2022-01-20T10:25:30+00:00","author":"Developer","twitter_card":"summary_large_image","twitter_misc":{"Written by":"Developer","Est. reading time":"3 minutes"},"schema":{"@context":"https:\/\/schema.org","@graph":[{"@type":"Article","@id":"https:\/\/qtmm.org\/qt\/mustafa-cemilev-madamki-ukraina-mustaqil-devlet-eken-kilsesi-de-diger-devletke-boysunmadan-serbest-olmali\/#article","isPartOf":{"@id":"https:\/\/qtmm.org\/qt\/mustafa-cemilev-madamki-ukraina-mustaqil-devlet-eken-kilsesi-de-diger-devletke-boysunmadan-serbest-olmali\/"},"author":{"name":"Developer","@id":"https:\/\/qtmm.org\/qt\/#\/schema\/person\/de562469f971dec226ac06e60bbf74a7"},"headline":"Mustafa Cemilev: \u00abMadamki Ukraina mustaqil devlet eken, Kilsesi de diger devletke boysunmadan, serbest olmal\u0131\u00bb","datePublished":"2012-02-14T10:24:00+00:00","dateModified":"2022-01-20T10:25:30+00:00","mainEntityOfPage":{"@id":"https:\/\/qtmm.org\/qt\/mustafa-cemilev-madamki-ukraina-mustaqil-devlet-eken-kilsesi-de-diger-devletke-boysunmadan-serbest-olmali\/"},"wordCount":587,"commentCount":0,"publisher":{"@id":"https:\/\/qtmm.org\/qt\/#organization"},"articleSection":["Haberler"],"inLanguage":"qt","potentialAction":[{"@type":"CommentAction","name":"Comment","target":["https:\/\/qtmm.org\/qt\/mustafa-cemilev-madamki-ukraina-mustaqil-devlet-eken-kilsesi-de-diger-devletke-boysunmadan-serbest-olmali\/#respond"]}]},{"@type":"WebPage","@id":"https:\/\/qtmm.org\/qt\/mustafa-cemilev-madamki-ukraina-mustaqil-devlet-eken-kilsesi-de-diger-devletke-boysunmadan-serbest-olmali\/","url":"https:\/\/qtmm.org\/qt\/mustafa-cemilev-madamki-ukraina-mustaqil-devlet-eken-kilsesi-de-diger-devletke-boysunmadan-serbest-olmali\/","name":"Mustafa Cemilev: \u00abMadamki Ukraina mustaqil devlet eken, Kilsesi de diger devletke boysunmadan, serbest olmal\u0131\u00bb - \u041c\u0435\u0434\u0436\u043b\u0456\u0441","isPartOf":{"@id":"https:\/\/qtmm.org\/qt\/#website"},"datePublished":"2012-02-14T10:24:00+00:00","dateModified":"2022-01-20T10:25:30+00:00","breadcrumb":{"@id":"https:\/\/qtmm.org\/qt\/mustafa-cemilev-madamki-ukraina-mustaqil-devlet-eken-kilsesi-de-diger-devletke-boysunmadan-serbest-olmali\/#breadcrumb"},"inLanguage":"qt","potentialAction":[{"@type":"ReadAction","target":["https:\/\/qtmm.org\/qt\/mustafa-cemilev-madamki-ukraina-mustaqil-devlet-eken-kilsesi-de-diger-devletke-boysunmadan-serbest-olmali\/"]}]},{"@type":"BreadcrumbList","@id":"https:\/\/qtmm.org\/qt\/mustafa-cemilev-madamki-ukraina-mustaqil-devlet-eken-kilsesi-de-diger-devletke-boysunmadan-serbest-olmali\/#breadcrumb","itemListElement":[{"@type":"ListItem","position":1,"name":"\u0413\u043e\u043b\u043e\u0432\u043d\u0430","item":"https:\/\/qtmm.org\/qt\/"},{"@type":"ListItem","position":2,"name":"Mustafa Cemilev: \u00abMadamki Ukraina mustaqil devlet eken, Kilsesi de diger devletke boysunmadan, serbest olmal\u0131\u00bb"}]},{"@type":"WebSite","@id":"https:\/\/qtmm.org\/qt\/#website","url":"https:\/\/qtmm.org\/qt\/","name":"\u041c\u0435\u0434\u0436\u043b\u0456\u0441","description":"","publisher":{"@id":"https:\/\/qtmm.org\/qt\/#organization"},"potentialAction":[{"@type":"SearchAction","target":{"@type":"EntryPoint","urlTemplate":"https:\/\/qtmm.org\/qt\/?s={search_term_string}"},"query-input":{"@type":"PropertyValueSpecification","valueRequired":true,"valueName":"search_term_string"}}],"inLanguage":"qt"},{"@type":"Organization","@id":"https:\/\/qtmm.org\/qt\/#organization","name":"\u041c\u0435\u0434\u0436\u043b\u0456\u0441","url":"https:\/\/qtmm.org\/qt\/","logo":{"@type":"ImageObject","inLanguage":"qt","@id":"https:\/\/qtmm.org\/qt\/#\/schema\/logo\/image\/","url":"https:\/\/qtmm.org\/wp-content\/uploads\/2024\/12\/ua-mejlis-logo-rgb.svg","contentUrl":"https:\/\/qtmm.org\/wp-content\/uploads\/2024\/12\/ua-mejlis-logo-rgb.svg","caption":"\u041c\u0435\u0434\u0436\u043b\u0456\u0441"},"image":{"@id":"https:\/\/qtmm.org\/qt\/#\/schema\/logo\/image\/"},"sameAs":["https:\/\/www.facebook.com\/qtmm.info\/"]},{"@type":"Person","@id":"https:\/\/qtmm.org\/qt\/#\/schema\/person\/de562469f971dec226ac06e60bbf74a7","name":"Developer","image":{"@type":"ImageObject","inLanguage":"qt","@id":"https:\/\/secure.gravatar.com\/avatar\/392b4cc8fbfeb00b39dfeeab4ee6edded39ffd48e25858637e4765810300227e?s=96&d=mm&r=g","url":"https:\/\/secure.gravatar.com\/avatar\/392b4cc8fbfeb00b39dfeeab4ee6edded39ffd48e25858637e4765810300227e?s=96&d=mm&r=g","contentUrl":"https:\/\/secure.gravatar.com\/avatar\/392b4cc8fbfeb00b39dfeeab4ee6edded39ffd48e25858637e4765810300227e?s=96&d=mm&r=g","caption":"Developer"},"url":"https:\/\/qtmm.org\/qt\/author\/Developer\/"}]}},"_links":{"self":[{"href":"https:\/\/qtmm.org\/qt\/wp-json\/wp\/v2\/posts\/28568","targetHints":{"allow":["GET"]}}],"collection":[{"href":"https:\/\/qtmm.org\/qt\/wp-json\/wp\/v2\/posts"}],"about":[{"href":"https:\/\/qtmm.org\/qt\/wp-json\/wp\/v2\/types\/post"}],"author":[{"embeddable":true,"href":"https:\/\/qtmm.org\/qt\/wp-json\/wp\/v2\/users\/1"}],"replies":[{"embeddable":true,"href":"https:\/\/qtmm.org\/qt\/wp-json\/wp\/v2\/comments?post=28568"}],"version-history":[{"count":1,"href":"https:\/\/qtmm.org\/qt\/wp-json\/wp\/v2\/posts\/28568\/revisions"}],"predecessor-version":[{"id":28569,"href":"https:\/\/qtmm.org\/qt\/wp-json\/wp\/v2\/posts\/28568\/revisions\/28569"}],"wp:attachment":[{"href":"https:\/\/qtmm.org\/qt\/wp-json\/wp\/v2\/media?parent=28568"}],"wp:term":[{"taxonomy":"category","embeddable":true,"href":"https:\/\/qtmm.org\/qt\/wp-json\/wp\/v2\/categories?post=28568"},{"taxonomy":"post_tag","embeddable":true,"href":"https:\/\/qtmm.org\/qt\/wp-json\/wp\/v2\/tags?post=28568"}],"curies":[{"name":"wp","href":"https:\/\/api.w.org\/{rel}","templated":true}]}}