




{"id":28544,"date":"2012-02-12T13:21:00","date_gmt":"2012-02-12T10:21:00","guid":{"rendered":"http:\/\/qtmm.org\/?p=28544"},"modified":"2022-01-20T13:23:47","modified_gmt":"2022-01-20T10:23:47","slug":"ayse-seytmuratova-75-yasinda","status":"publish","type":"post","link":"https:\/\/qtmm.org\/qt\/ayse-seytmuratova-75-yasinda\/","title":{"rendered":"Ay\u015fe Seytmuratova 75 ya\u015f\u0131nda!"},"content":{"rendered":"\n<p>2012 senesi fevral 11 k\u00fcn\u00fc Ay\u015fe Seytmuratova 75 ya\u015f\u0131n\u0131 toldurd\u0131.<br><br>Bu narin, bir baqqanda yuva\u015f, sessiz ol\u0131p k\u00f6r\u00fcngen qad\u0131n\u011fa Alla misilsiz ces\u00fcrlik ve irade ba\u011f\u0131\u015fla\u011fan. Yedi ya\u015f\u0131nda Ay\u015fe anas\u0131, be\u015f a\u011fas\u0131 ve q\u0131z qarda\u015f\u0131nen beraber b\u00fct\u00fcn q\u0131r\u0131mtatar halq\u0131 kibi Q\u0131r\u0131mdan s\u00fcrg\u00fcn etildi. Ay\u015feni\u00f1 babas\u0131 Seitmurat cenkni\u00f1 birinci k\u00fcn\u00fc cebege ketip, bellisiz \u011fay\u0131p ola, Aziz emcesi ise nemseler taraf\u0131ndan Bagerovo endeginde qur\u015funlana.<\/p>\n\n\n\n<p>Mektepten so\u00f1 Ay\u015fe Samarqand universitetini\u00f1 tarih fakultetini bitire ve bir y\u0131l degende SSSR \u0130limler Akademiyas\u0131n\u0131\u00f1 aspiranturas\u0131na kiri\u015f imtianlar\u0131n\u0131 bere. Amma on\u0131 \u00d6zbekistan \u0130limler Akademiyas\u0131 Tarih institut\u0131na yollaylar, anda ise qabul etmege istemeyler. Sebebini a\u00f1latmasalar da, bu\u00f1a on\u0131\u00f1 milleti mania ol\u011fan\u0131n\u0131 er kes bile edi.<\/p>\n\n\n\n<p>So\u00f1undan, endi 1967 senesi defalarca kirmek areketini tekrarla\u011fan Ay\u015fe Seitmuratovan\u0131 \u00d6zbekistan \u0130limler Akademiyas\u0131 Tarih institut\u0131na alma\u011fa mecbur olalar, l\u00e2kin on\u0131 bitirip yeti\u015ftiralmay, \u00e7\u00fcnki milliy areketni\u00f1 faal i\u015ftirak\u00e7isi ol\u011fan\u0131 i\u00e7\u00fcn Tel\u00fckesizlik organ\u0131n\u0131\u00f1 daimiy nezareti alt\u0131nda ola.<\/p>\n\n\n\n<p>Ay\u015fe Seytmuratova eki kere ( 1967 ve 1971 senelerde) yaqalana ve \u00d6zbekistan Cinaiy kodeksini\u00f1 191-4 maddesi boyunca &#8220;sovet devlet qurum\u0131n\u0131 qarala\u011fan vesiqalarn\u0131 az\u0131rla\u011fan\u0131 ve dag\u0131tqan\u0131 i\u00e7\u00fcn&#8221; Mordva \u00fclkesindeki Bara\u015fevo ve Yavas kamplar\u0131nda tutula.<\/p>\n\n\n\n<p>L\u00e2kin mahkeme ve \u00fck\u00fcmler Ay\u015fe Seitmuratovan\u0131 se\u00e7ken yolundan sapt\u0131rmaylar, azatl\u0131qqa \u00e7\u0131qqan so\u00f1 o, kene milliy areket i\u015ftirak\u00e7ilerini\u00f1 saf\u0131na qo\u015fula.<br>1978 senesi Ay\u015fe Seytmuratova SSSRni terk etmege mecbur ola. 1979 senesi yanvar ay\u0131nda AQ\u015e\u011fa kelgen Ay\u015fe endi ya\u00f1\u0131 s\u0131fatta \u2013 &#8220;Amerika sedas\u0131&#8221; radios\u0131n\u0131\u00f1 al\u0131p bar\u0131c\u0131s\u0131 olaraq q\u0131r\u0131mtatar halq\u0131n\u0131\u00f1 aqlar\u0131 i\u00e7\u00fcn k\u00fcre\u015fni devam ettire.<\/p>\n\n\n\n<p>Mecburiy icret y\u0131llar\u0131nda Ay\u015fe Seytmuratova \u00e7oqtan-\u00e7oq halqara seminar, konferentsiyalarda i\u015ftirak ete, Amerika senat\u0131nda \u00e7\u0131q\u0131\u015fta buluna, \u00e7oq devlet ve halqara te\u015fkil\u00e2t yolba\u015f\u00e7\u0131lar\u0131nen k\u00f6r\u00fc\u015fip, q\u0131r\u0131mtatar halq\u0131n\u0131\u00f1 a\u011f\u0131r vaziyeti aqq\u0131ndaki aqiqatn\u0131 yetkize ve Vatan\u011fa qaytma\u011fa istegen halqqa yard\u0131m bermelerini rica ete.<\/p>\n\n\n\n<p>On bir y\u0131ll\u0131q icretten so\u00f1 1990 senesi noyabr ay\u0131nda Ay\u015fe Seytmuratova kene qayt\u0131p kele ve ba\u015fta \u00d6zbekistanda vefat etken anas\u0131, soy-aqrabalar\u0131n\u0131\u00f1 qabirlerini ziyaret ete, so\u00f1ra ise milliy areketni\u00f1 i\u015fine kiri\u015fe. 1991 senesi Aqmescitte iy\u00fcn 26 k\u00fcn\u00fc ol\u011fan Q\u0131r\u0131mtatar halq\u0131n\u0131\u00f1 qurultay\u0131nda fahriy musafir s\u0131fat\u0131nda i\u015ftirak ete.<\/p>\n\n\n\n<p>1992 senesi Ay\u015fe Seitmuratova o\u00f1a has \u011fayret ile q\u0131r\u0131mtatarlar i\u00e7\u00fcn Amerika ve T\u00fcrkiyeden il\u00e2c, saqatlar i\u00e7\u00fcn tibbiy donatmalar, a\u015fayt erzaqlar\u0131 kibi yard\u0131m toplap, Q\u0131r\u0131m\u011fa ketire.<\/p>\n\n\n\n<p>On\u0131\u00f1 areketleri sayesinde 2001 senesi Aqmescitte kimsesiz q\u0131r\u0131mtatar qartlar\u0131 i\u00e7\u00fcn &#8220;Merhamet evi&#8221; a\u00e7\u0131l\u0131p, m\u00fcessise m\u00fcdirligini boynuna ala ve bug\u00fcnge qadar \u015fu vazifede \u00e7al\u0131\u015fa.<\/p>\n\n\n\n<p>Ayn\u0131 zamanda Ay\u015fe Seytmuratova Aqmescitte q\u0131r\u0131mtatarlar toplu ya\u015fa\u011fan bir qasabada q\u0131r\u0131mtatar halq\u0131 milliy areketini\u00f1 arhivi saqlan\u0131l\u011fan k\u00fct\u00fcphane arhivni qura ve a\u00e7a.<\/p>\n\n\n\n<p>Ay\u015fe Seitmuratova \u2013 adaletsizlikke i\u00e7 dayanma\u011fan, aqiqatn\u0131 tik baq\u0131p s\u00f6ylegen insand\u0131r. Bu \u00e7izgileri i\u00e7\u00fcn em semetde\u015fleri, em diger millet adamlar\u0131 aras\u0131nda itibar qazand\u0131.<\/p>\n\n\n\n<p>Milliy areket boyunca safda\u015flar\u0131, cemaat\u00e7\u0131l\u0131qn\u0131\u00f1 on\u0131\u00f1 75 y\u0131ll\u0131\u011f\u0131 munasebetinen Milliy teatrde tedbir ke\u00e7irmek tekliflerini kesen-kes red etken Ay\u015fe han\u0131m do\u011f\u011fan k\u00fcn\u00fcni \u00f6z\u00fc \u00e7al\u0131\u015fqan Qartlar evinde qayd etti.<\/p>\n\n\n\n<p>11 fevral k\u00fcn\u00fc Ay\u015fe han\u0131mn\u0131 hay\u0131rlamaq i\u00e7\u00fcn sabadan Qartlar evine yaq\u0131n arqada\u015flar\u0131, safda\u015flar\u0131, devlet hadimleri, jurnalistler keldiler.<br>Meclis reisi Mustafa Cemilev, on\u0131\u00f1 muavinleri Refat \u00c7ubarov ve Remzi \u0130lyasov, Ukraina Prezidentini\u00f1 Q\u0131r\u0131mdaki daimiy temsilcisi Viktor Plakida ve on\u0131\u00f1 muavini \u0130braim Mamutov, Q\u0131r\u0131m Nazirler \u015furas\u0131 reisini\u00f1 muavini Aziz Abdullayev, Meclis Prezidium\u0131n\u0131\u00f1 azas\u0131 Safure Kacametova, Q\u0131r\u0131m Sotsial teminat ve emek naziri Yelena Semi\u00e7astnaya, Q\u0131r\u0131m \u0130nformatsiya komiteti reisinini\u00f1 muavini \u015eevket Memetov, &#8220;ATR&#8221; telekanal\u0131n\u0131\u00f1 ba\u015f direktor\u0131 Elzara \u0130sl\u00e2mova, &#8220;Q\u0131r\u0131m&#8221; devlet ansamblini\u00f1 reberi, Q\u0131r\u0131mda h\u0131zmet k\u00f6stergen artist Server Kakura ve daa \u00e7oq musafirler i\u00e7\u00fcn bayram sofras\u0131 donat\u0131ld\u0131.<\/p>\n\n\n\n<figure class=\"wp-block-image size-full\"><img loading=\"lazy\" decoding=\"async\" width=\"650\" height=\"490\" src=\"http:\/\/qtmm.org\/wp-content\/uploads\/2022\/01\/3_11-1.jpeg\" alt=\"\" class=\"wp-image-28549\" srcset=\"https:\/\/qtmm.org\/wp-content\/uploads\/2022\/01\/3_11-1.jpeg 650w, https:\/\/qtmm.org\/wp-content\/uploads\/2022\/01\/3_11-1-300x226.jpeg 300w\" sizes=\"auto, (max-width: 650px) 100vw, 650px\" \/><\/figure>\n\n\n\n<p>&#8220;Sovet apshane ve kamplar\u0131 Ay\u015fe Seytmuratovan\u0131 boysund\u0131r\u0131p olamad\u0131dar, baz\u0131 erkeklerden de ziyade ces\u00fcr ve emin ol\u011fan bu qad\u0131n zorluqlar, nezaretke baqmadan \u00f6z halq\u0131n\u0131\u00f1 k\u00fcre\u015fini devam ettirdi. On\u0131\u00f1 sesi y\u0131llarca halq\u0131m\u0131zn\u0131\u00f1 facias\u0131n\u0131 d\u00fcnya\u011fa e\u015fittirdi, ayn\u0131 on\u0131\u00f1 sayesinde halqara cemaat\u00e7\u0131\u0131l\u0131q q\u0131r\u0131mtatar halq\u0131n\u0131\u00f1 \u00f6z aqlar\u0131 i\u00e7\u00fcn k\u00fcre\u015fini bildi&#8221;, dedi \u00f6z hay\u0131rlav \u00e7\u0131q\u0131\u015f\u0131nda Meclis reisi Mustafa Cemilev. Bun\u0131\u00f1nen birge Mustafa Cemilev Ay\u015fe Seytmuratova kibi insanlar sayesinde q\u0131r\u0131mtatar halq\u0131 \u00f6z\u00fcni\u00f1 tarihiy vatan\u0131 Q\u0131r\u0131m\u011fa qaytmaq imk\u00e2n\u0131na nail ol\u011fan\u0131n\u0131 ayr\u0131ca qayd etti.<\/p>\n\n\n\n<p>Ay\u015fe han\u0131mn\u0131\u00f1 \u00e7oqy\u0131ll\u0131q arqada\u015f\u0131 ve safda\u015f\u0131 ol\u011fan Mustafa Cemilev o\u00f1a qaviy sa\u011fl\u0131q, uzun \u00f6m\u00fcr ve i\u015flerinde muvafaqiyet tiledi.<\/p>\n\n\n\n<figure class=\"wp-block-image size-full\"><img loading=\"lazy\" decoding=\"async\" width=\"650\" height=\"490\" src=\"http:\/\/qtmm.org\/wp-content\/uploads\/2022\/01\/1_17-1.jpeg\" alt=\"\" class=\"wp-image-28553\" srcset=\"https:\/\/qtmm.org\/wp-content\/uploads\/2022\/01\/1_17-1.jpeg 650w, https:\/\/qtmm.org\/wp-content\/uploads\/2022\/01\/1_17-1-300x226.jpeg 300w\" sizes=\"auto, (max-width: 650px) 100vw, 650px\" \/><\/figure>\n\n\n\n<p>\u015eun\u0131 da qayd etmeli ki, Ay\u015fe Seytmuratova Andrey Saharov, Yelenoy B\u00f6nner ve Mustafa Cemilevni\u00f1 yaq\u0131n aqrabalar\u0131nen beraber 1976 senesi Omsk \u015feerine M. Cemilevni\u00f1 mahkemesine keldi.<\/p>\n\n\n\n<figure class=\"wp-block-image size-full\"><img loading=\"lazy\" decoding=\"async\" width=\"650\" height=\"490\" src=\"http:\/\/qtmm.org\/wp-content\/uploads\/2022\/01\/4_7-1.jpeg\" alt=\"\" class=\"wp-image-28557\" srcset=\"https:\/\/qtmm.org\/wp-content\/uploads\/2022\/01\/4_7-1.jpeg 650w, https:\/\/qtmm.org\/wp-content\/uploads\/2022\/01\/4_7-1-300x226.jpeg 300w\" sizes=\"auto, (max-width: 650px) 100vw, 650px\" \/><\/figure>\n","protected":false},"excerpt":{"rendered":"<p>2012 senesi fevral 11 k\u00fcn\u00fc Ay\u015fe Seytmuratova 75 ya\u015f\u0131n\u0131 toldurd\u0131. Bu narin, bir baqqanda yuva\u015f, sessiz ol\u0131p k\u00f6r\u00fcngen qad\u0131n\u011fa Alla misilsiz ces\u00fcrlik ve irade ba\u011f\u0131\u015fla\u011fan. Yedi ya\u015f\u0131nda Ay\u015fe anas\u0131, be\u015f a\u011fas\u0131 ve q\u0131z qarda\u015f\u0131nen beraber b\u00fct\u00fcn q\u0131r\u0131mtatar halq\u0131 kibi Q\u0131r\u0131mdan s\u00fcrg\u00fcn etildi. Ay\u015feni\u00f1 babas\u0131 Seitmurat cenkni\u00f1 birinci k\u00fcn\u00fc cebege ketip, bellisiz \u011fay\u0131p ola, Aziz emcesi [&hellip;]<\/p>\n","protected":false},"author":1,"featured_media":28545,"comment_status":"open","ping_status":"open","sticky":false,"template":"","format":"standard","meta":{"inline_featured_image":false,"footnotes":""},"categories":[265],"tags":[],"class_list":["post-28544","post","type-post","status-publish","format-standard","has-post-thumbnail","hentry","category-haberler"],"acf":[],"yoast_head":"<!-- This site is optimized with the Yoast SEO plugin v27.4 - https:\/\/yoast.com\/product\/yoast-seo-wordpress\/ -->\n<title>Ay\u015fe Seytmuratova 75 ya\u015f\u0131nda! - \u041c\u0435\u0434\u0436\u043b\u0456\u0441<\/title>\n<meta name=\"robots\" content=\"index, follow, max-snippet:-1, max-image-preview:large, max-video-preview:-1\" \/>\n<link rel=\"canonical\" href=\"https:\/\/qtmm.org\/qt\/ayse-seytmuratova-75-yasinda\/\" \/>\n<meta property=\"og:locale\" content=\"en_US\" \/>\n<meta property=\"og:type\" content=\"article\" \/>\n<meta property=\"og:title\" content=\"Ay\u015fe Seytmuratova 75 ya\u015f\u0131nda! - \u041c\u0435\u0434\u0436\u043b\u0456\u0441\" \/>\n<meta property=\"og:description\" content=\"2012 senesi fevral 11 k\u00fcn\u00fc Ay\u015fe Seytmuratova 75 ya\u015f\u0131n\u0131 toldurd\u0131. Bu narin, bir baqqanda yuva\u015f, sessiz ol\u0131p k\u00f6r\u00fcngen qad\u0131n\u011fa Alla misilsiz ces\u00fcrlik ve irade ba\u011f\u0131\u015fla\u011fan. Yedi ya\u015f\u0131nda Ay\u015fe anas\u0131, be\u015f a\u011fas\u0131 ve q\u0131z qarda\u015f\u0131nen beraber b\u00fct\u00fcn q\u0131r\u0131mtatar halq\u0131 kibi Q\u0131r\u0131mdan s\u00fcrg\u00fcn etildi. Ay\u015feni\u00f1 babas\u0131 Seitmurat cenkni\u00f1 birinci k\u00fcn\u00fc cebege ketip, bellisiz \u011fay\u0131p ola, Aziz emcesi [&hellip;]\" \/>\n<meta property=\"og:url\" content=\"https:\/\/qtmm.org\/qt\/ayse-seytmuratova-75-yasinda\/\" \/>\n<meta property=\"og:site_name\" content=\"\u041c\u0435\u0434\u0436\u043b\u0456\u0441\" \/>\n<meta property=\"article:publisher\" content=\"https:\/\/www.facebook.com\/qtmm.info\/\" \/>\n<meta property=\"article:published_time\" content=\"2012-02-12T10:21:00+00:00\" \/>\n<meta property=\"article:modified_time\" content=\"2022-01-20T10:23:47+00:00\" \/>\n<meta property=\"og:image\" content=\"https:\/\/qtmm.org\/wp-content\/uploads\/2022\/01\/2_17-1.jpeg\" \/>\n\t<meta property=\"og:image:width\" content=\"650\" \/>\n\t<meta property=\"og:image:height\" content=\"490\" \/>\n\t<meta property=\"og:image:type\" content=\"image\/jpeg\" \/>\n<meta name=\"author\" content=\"Developer\" \/>\n<meta name=\"twitter:card\" content=\"summary_large_image\" \/>\n<meta name=\"twitter:label1\" content=\"Written by\" \/>\n\t<meta name=\"twitter:data1\" content=\"Developer\" \/>\n\t<meta name=\"twitter:label2\" content=\"Est. reading time\" \/>\n\t<meta name=\"twitter:data2\" content=\"4 minutes\" \/>\n<script type=\"application\/ld+json\" class=\"yoast-schema-graph\">{\"@context\":\"https:\\\/\\\/schema.org\",\"@graph\":[{\"@type\":\"Article\",\"@id\":\"https:\\\/\\\/qtmm.org\\\/qt\\\/ayse-seytmuratova-75-yasinda\\\/#article\",\"isPartOf\":{\"@id\":\"https:\\\/\\\/qtmm.org\\\/qt\\\/ayse-seytmuratova-75-yasinda\\\/\"},\"author\":{\"name\":\"Developer\",\"@id\":\"https:\\\/\\\/qtmm.org\\\/qt\\\/#\\\/schema\\\/person\\\/de562469f971dec226ac06e60bbf74a7\"},\"headline\":\"Ay\u015fe Seytmuratova 75 ya\u015f\u0131nda!\",\"datePublished\":\"2012-02-12T10:21:00+00:00\",\"dateModified\":\"2022-01-20T10:23:47+00:00\",\"mainEntityOfPage\":{\"@id\":\"https:\\\/\\\/qtmm.org\\\/qt\\\/ayse-seytmuratova-75-yasinda\\\/\"},\"wordCount\":885,\"commentCount\":0,\"publisher\":{\"@id\":\"https:\\\/\\\/qtmm.org\\\/qt\\\/#organization\"},\"image\":{\"@id\":\"https:\\\/\\\/qtmm.org\\\/qt\\\/ayse-seytmuratova-75-yasinda\\\/#primaryimage\"},\"thumbnailUrl\":\"https:\\\/\\\/qtmm.org\\\/wp-content\\\/uploads\\\/2022\\\/01\\\/2_17-1.jpeg\",\"articleSection\":[\"Haberler\"],\"inLanguage\":\"qt\",\"potentialAction\":[{\"@type\":\"CommentAction\",\"name\":\"Comment\",\"target\":[\"https:\\\/\\\/qtmm.org\\\/qt\\\/ayse-seytmuratova-75-yasinda\\\/#respond\"]}]},{\"@type\":\"WebPage\",\"@id\":\"https:\\\/\\\/qtmm.org\\\/qt\\\/ayse-seytmuratova-75-yasinda\\\/\",\"url\":\"https:\\\/\\\/qtmm.org\\\/qt\\\/ayse-seytmuratova-75-yasinda\\\/\",\"name\":\"Ay\u015fe Seytmuratova 75 ya\u015f\u0131nda! - \u041c\u0435\u0434\u0436\u043b\u0456\u0441\",\"isPartOf\":{\"@id\":\"https:\\\/\\\/qtmm.org\\\/qt\\\/#website\"},\"primaryImageOfPage\":{\"@id\":\"https:\\\/\\\/qtmm.org\\\/qt\\\/ayse-seytmuratova-75-yasinda\\\/#primaryimage\"},\"image\":{\"@id\":\"https:\\\/\\\/qtmm.org\\\/qt\\\/ayse-seytmuratova-75-yasinda\\\/#primaryimage\"},\"thumbnailUrl\":\"https:\\\/\\\/qtmm.org\\\/wp-content\\\/uploads\\\/2022\\\/01\\\/2_17-1.jpeg\",\"datePublished\":\"2012-02-12T10:21:00+00:00\",\"dateModified\":\"2022-01-20T10:23:47+00:00\",\"breadcrumb\":{\"@id\":\"https:\\\/\\\/qtmm.org\\\/qt\\\/ayse-seytmuratova-75-yasinda\\\/#breadcrumb\"},\"inLanguage\":\"qt\",\"potentialAction\":[{\"@type\":\"ReadAction\",\"target\":[\"https:\\\/\\\/qtmm.org\\\/qt\\\/ayse-seytmuratova-75-yasinda\\\/\"]}]},{\"@type\":\"ImageObject\",\"inLanguage\":\"qt\",\"@id\":\"https:\\\/\\\/qtmm.org\\\/qt\\\/ayse-seytmuratova-75-yasinda\\\/#primaryimage\",\"url\":\"https:\\\/\\\/qtmm.org\\\/wp-content\\\/uploads\\\/2022\\\/01\\\/2_17-1.jpeg\",\"contentUrl\":\"https:\\\/\\\/qtmm.org\\\/wp-content\\\/uploads\\\/2022\\\/01\\\/2_17-1.jpeg\",\"width\":650,\"height\":490},{\"@type\":\"BreadcrumbList\",\"@id\":\"https:\\\/\\\/qtmm.org\\\/qt\\\/ayse-seytmuratova-75-yasinda\\\/#breadcrumb\",\"itemListElement\":[{\"@type\":\"ListItem\",\"position\":1,\"name\":\"\u0413\u043e\u043b\u043e\u0432\u043d\u0430\",\"item\":\"https:\\\/\\\/qtmm.org\\\/qt\\\/\"},{\"@type\":\"ListItem\",\"position\":2,\"name\":\"Ay\u015fe Seytmuratova 75 ya\u015f\u0131nda!\"}]},{\"@type\":\"WebSite\",\"@id\":\"https:\\\/\\\/qtmm.org\\\/qt\\\/#website\",\"url\":\"https:\\\/\\\/qtmm.org\\\/qt\\\/\",\"name\":\"\u041c\u0435\u0434\u0436\u043b\u0456\u0441\",\"description\":\"\",\"publisher\":{\"@id\":\"https:\\\/\\\/qtmm.org\\\/qt\\\/#organization\"},\"potentialAction\":[{\"@type\":\"SearchAction\",\"target\":{\"@type\":\"EntryPoint\",\"urlTemplate\":\"https:\\\/\\\/qtmm.org\\\/qt\\\/?s={search_term_string}\"},\"query-input\":{\"@type\":\"PropertyValueSpecification\",\"valueRequired\":true,\"valueName\":\"search_term_string\"}}],\"inLanguage\":\"qt\"},{\"@type\":\"Organization\",\"@id\":\"https:\\\/\\\/qtmm.org\\\/qt\\\/#organization\",\"name\":\"\u041c\u0435\u0434\u0436\u043b\u0456\u0441\",\"url\":\"https:\\\/\\\/qtmm.org\\\/qt\\\/\",\"logo\":{\"@type\":\"ImageObject\",\"inLanguage\":\"qt\",\"@id\":\"https:\\\/\\\/qtmm.org\\\/qt\\\/#\\\/schema\\\/logo\\\/image\\\/\",\"url\":\"https:\\\/\\\/qtmm.org\\\/wp-content\\\/uploads\\\/2024\\\/12\\\/ua-mejlis-logo-rgb.svg\",\"contentUrl\":\"https:\\\/\\\/qtmm.org\\\/wp-content\\\/uploads\\\/2024\\\/12\\\/ua-mejlis-logo-rgb.svg\",\"caption\":\"\u041c\u0435\u0434\u0436\u043b\u0456\u0441\"},\"image\":{\"@id\":\"https:\\\/\\\/qtmm.org\\\/qt\\\/#\\\/schema\\\/logo\\\/image\\\/\"},\"sameAs\":[\"https:\\\/\\\/www.facebook.com\\\/qtmm.info\\\/\"]},{\"@type\":\"Person\",\"@id\":\"https:\\\/\\\/qtmm.org\\\/qt\\\/#\\\/schema\\\/person\\\/de562469f971dec226ac06e60bbf74a7\",\"name\":\"Developer\",\"image\":{\"@type\":\"ImageObject\",\"inLanguage\":\"qt\",\"@id\":\"https:\\\/\\\/secure.gravatar.com\\\/avatar\\\/392b4cc8fbfeb00b39dfeeab4ee6edded39ffd48e25858637e4765810300227e?s=96&d=mm&r=g\",\"url\":\"https:\\\/\\\/secure.gravatar.com\\\/avatar\\\/392b4cc8fbfeb00b39dfeeab4ee6edded39ffd48e25858637e4765810300227e?s=96&d=mm&r=g\",\"contentUrl\":\"https:\\\/\\\/secure.gravatar.com\\\/avatar\\\/392b4cc8fbfeb00b39dfeeab4ee6edded39ffd48e25858637e4765810300227e?s=96&d=mm&r=g\",\"caption\":\"Developer\"},\"url\":\"https:\\\/\\\/qtmm.org\\\/qt\\\/author\\\/Developer\\\/\"}]}<\/script>\n<!-- \/ Yoast SEO plugin. -->","yoast_head_json":{"title":"Ay\u015fe Seytmuratova 75 ya\u015f\u0131nda! - \u041c\u0435\u0434\u0436\u043b\u0456\u0441","robots":{"index":"index","follow":"follow","max-snippet":"max-snippet:-1","max-image-preview":"max-image-preview:large","max-video-preview":"max-video-preview:-1"},"canonical":"https:\/\/qtmm.org\/qt\/ayse-seytmuratova-75-yasinda\/","og_locale":"en_US","og_type":"article","og_title":"Ay\u015fe Seytmuratova 75 ya\u015f\u0131nda! - \u041c\u0435\u0434\u0436\u043b\u0456\u0441","og_description":"2012 senesi fevral 11 k\u00fcn\u00fc Ay\u015fe Seytmuratova 75 ya\u015f\u0131n\u0131 toldurd\u0131. Bu narin, bir baqqanda yuva\u015f, sessiz ol\u0131p k\u00f6r\u00fcngen qad\u0131n\u011fa Alla misilsiz ces\u00fcrlik ve irade ba\u011f\u0131\u015fla\u011fan. Yedi ya\u015f\u0131nda Ay\u015fe anas\u0131, be\u015f a\u011fas\u0131 ve q\u0131z qarda\u015f\u0131nen beraber b\u00fct\u00fcn q\u0131r\u0131mtatar halq\u0131 kibi Q\u0131r\u0131mdan s\u00fcrg\u00fcn etildi. Ay\u015feni\u00f1 babas\u0131 Seitmurat cenkni\u00f1 birinci k\u00fcn\u00fc cebege ketip, bellisiz \u011fay\u0131p ola, Aziz emcesi [&hellip;]","og_url":"https:\/\/qtmm.org\/qt\/ayse-seytmuratova-75-yasinda\/","og_site_name":"\u041c\u0435\u0434\u0436\u043b\u0456\u0441","article_publisher":"https:\/\/www.facebook.com\/qtmm.info\/","article_published_time":"2012-02-12T10:21:00+00:00","article_modified_time":"2022-01-20T10:23:47+00:00","og_image":[{"width":650,"height":490,"url":"https:\/\/qtmm.org\/wp-content\/uploads\/2022\/01\/2_17-1.jpeg","type":"image\/jpeg"}],"author":"Developer","twitter_card":"summary_large_image","twitter_misc":{"Written by":"Developer","Est. reading time":"4 minutes"},"schema":{"@context":"https:\/\/schema.org","@graph":[{"@type":"Article","@id":"https:\/\/qtmm.org\/qt\/ayse-seytmuratova-75-yasinda\/#article","isPartOf":{"@id":"https:\/\/qtmm.org\/qt\/ayse-seytmuratova-75-yasinda\/"},"author":{"name":"Developer","@id":"https:\/\/qtmm.org\/qt\/#\/schema\/person\/de562469f971dec226ac06e60bbf74a7"},"headline":"Ay\u015fe Seytmuratova 75 ya\u015f\u0131nda!","datePublished":"2012-02-12T10:21:00+00:00","dateModified":"2022-01-20T10:23:47+00:00","mainEntityOfPage":{"@id":"https:\/\/qtmm.org\/qt\/ayse-seytmuratova-75-yasinda\/"},"wordCount":885,"commentCount":0,"publisher":{"@id":"https:\/\/qtmm.org\/qt\/#organization"},"image":{"@id":"https:\/\/qtmm.org\/qt\/ayse-seytmuratova-75-yasinda\/#primaryimage"},"thumbnailUrl":"https:\/\/qtmm.org\/wp-content\/uploads\/2022\/01\/2_17-1.jpeg","articleSection":["Haberler"],"inLanguage":"qt","potentialAction":[{"@type":"CommentAction","name":"Comment","target":["https:\/\/qtmm.org\/qt\/ayse-seytmuratova-75-yasinda\/#respond"]}]},{"@type":"WebPage","@id":"https:\/\/qtmm.org\/qt\/ayse-seytmuratova-75-yasinda\/","url":"https:\/\/qtmm.org\/qt\/ayse-seytmuratova-75-yasinda\/","name":"Ay\u015fe Seytmuratova 75 ya\u015f\u0131nda! - \u041c\u0435\u0434\u0436\u043b\u0456\u0441","isPartOf":{"@id":"https:\/\/qtmm.org\/qt\/#website"},"primaryImageOfPage":{"@id":"https:\/\/qtmm.org\/qt\/ayse-seytmuratova-75-yasinda\/#primaryimage"},"image":{"@id":"https:\/\/qtmm.org\/qt\/ayse-seytmuratova-75-yasinda\/#primaryimage"},"thumbnailUrl":"https:\/\/qtmm.org\/wp-content\/uploads\/2022\/01\/2_17-1.jpeg","datePublished":"2012-02-12T10:21:00+00:00","dateModified":"2022-01-20T10:23:47+00:00","breadcrumb":{"@id":"https:\/\/qtmm.org\/qt\/ayse-seytmuratova-75-yasinda\/#breadcrumb"},"inLanguage":"qt","potentialAction":[{"@type":"ReadAction","target":["https:\/\/qtmm.org\/qt\/ayse-seytmuratova-75-yasinda\/"]}]},{"@type":"ImageObject","inLanguage":"qt","@id":"https:\/\/qtmm.org\/qt\/ayse-seytmuratova-75-yasinda\/#primaryimage","url":"https:\/\/qtmm.org\/wp-content\/uploads\/2022\/01\/2_17-1.jpeg","contentUrl":"https:\/\/qtmm.org\/wp-content\/uploads\/2022\/01\/2_17-1.jpeg","width":650,"height":490},{"@type":"BreadcrumbList","@id":"https:\/\/qtmm.org\/qt\/ayse-seytmuratova-75-yasinda\/#breadcrumb","itemListElement":[{"@type":"ListItem","position":1,"name":"\u0413\u043e\u043b\u043e\u0432\u043d\u0430","item":"https:\/\/qtmm.org\/qt\/"},{"@type":"ListItem","position":2,"name":"Ay\u015fe Seytmuratova 75 ya\u015f\u0131nda!"}]},{"@type":"WebSite","@id":"https:\/\/qtmm.org\/qt\/#website","url":"https:\/\/qtmm.org\/qt\/","name":"\u041c\u0435\u0434\u0436\u043b\u0456\u0441","description":"","publisher":{"@id":"https:\/\/qtmm.org\/qt\/#organization"},"potentialAction":[{"@type":"SearchAction","target":{"@type":"EntryPoint","urlTemplate":"https:\/\/qtmm.org\/qt\/?s={search_term_string}"},"query-input":{"@type":"PropertyValueSpecification","valueRequired":true,"valueName":"search_term_string"}}],"inLanguage":"qt"},{"@type":"Organization","@id":"https:\/\/qtmm.org\/qt\/#organization","name":"\u041c\u0435\u0434\u0436\u043b\u0456\u0441","url":"https:\/\/qtmm.org\/qt\/","logo":{"@type":"ImageObject","inLanguage":"qt","@id":"https:\/\/qtmm.org\/qt\/#\/schema\/logo\/image\/","url":"https:\/\/qtmm.org\/wp-content\/uploads\/2024\/12\/ua-mejlis-logo-rgb.svg","contentUrl":"https:\/\/qtmm.org\/wp-content\/uploads\/2024\/12\/ua-mejlis-logo-rgb.svg","caption":"\u041c\u0435\u0434\u0436\u043b\u0456\u0441"},"image":{"@id":"https:\/\/qtmm.org\/qt\/#\/schema\/logo\/image\/"},"sameAs":["https:\/\/www.facebook.com\/qtmm.info\/"]},{"@type":"Person","@id":"https:\/\/qtmm.org\/qt\/#\/schema\/person\/de562469f971dec226ac06e60bbf74a7","name":"Developer","image":{"@type":"ImageObject","inLanguage":"qt","@id":"https:\/\/secure.gravatar.com\/avatar\/392b4cc8fbfeb00b39dfeeab4ee6edded39ffd48e25858637e4765810300227e?s=96&d=mm&r=g","url":"https:\/\/secure.gravatar.com\/avatar\/392b4cc8fbfeb00b39dfeeab4ee6edded39ffd48e25858637e4765810300227e?s=96&d=mm&r=g","contentUrl":"https:\/\/secure.gravatar.com\/avatar\/392b4cc8fbfeb00b39dfeeab4ee6edded39ffd48e25858637e4765810300227e?s=96&d=mm&r=g","caption":"Developer"},"url":"https:\/\/qtmm.org\/qt\/author\/Developer\/"}]}},"_links":{"self":[{"href":"https:\/\/qtmm.org\/qt\/wp-json\/wp\/v2\/posts\/28544","targetHints":{"allow":["GET"]}}],"collection":[{"href":"https:\/\/qtmm.org\/qt\/wp-json\/wp\/v2\/posts"}],"about":[{"href":"https:\/\/qtmm.org\/qt\/wp-json\/wp\/v2\/types\/post"}],"author":[{"embeddable":true,"href":"https:\/\/qtmm.org\/qt\/wp-json\/wp\/v2\/users\/1"}],"replies":[{"embeddable":true,"href":"https:\/\/qtmm.org\/qt\/wp-json\/wp\/v2\/comments?post=28544"}],"version-history":[{"count":1,"href":"https:\/\/qtmm.org\/qt\/wp-json\/wp\/v2\/posts\/28544\/revisions"}],"predecessor-version":[{"id":28561,"href":"https:\/\/qtmm.org\/qt\/wp-json\/wp\/v2\/posts\/28544\/revisions\/28561"}],"wp:featuredmedia":[{"embeddable":true,"href":"https:\/\/qtmm.org\/qt\/wp-json\/wp\/v2\/media\/28545"}],"wp:attachment":[{"href":"https:\/\/qtmm.org\/qt\/wp-json\/wp\/v2\/media?parent=28544"}],"wp:term":[{"taxonomy":"category","embeddable":true,"href":"https:\/\/qtmm.org\/qt\/wp-json\/wp\/v2\/categories?post=28544"},{"taxonomy":"post_tag","embeddable":true,"href":"https:\/\/qtmm.org\/qt\/wp-json\/wp\/v2\/tags?post=28544"}],"curies":[{"name":"wp","href":"https:\/\/api.w.org\/{rel}","templated":true}]}}