




{"id":28430,"date":"2012-02-10T13:03:00","date_gmt":"2012-02-10T10:03:00","guid":{"rendered":"http:\/\/qtmm.org\/?p=28430"},"modified":"2022-01-20T13:05:30","modified_gmt":"2022-01-20T10:05:30","slug":"bmt-delegatsiyasi-resmiy-ziyaretnen-mecliste-bulundi","status":"publish","type":"post","link":"https:\/\/qtmm.org\/qt\/bmt-delegatsiyasi-resmiy-ziyaretnen-mecliste-bulundi\/","title":{"rendered":"BMT delegatsiyas\u0131 resmiy ziyaretnen Mecliste bulund\u0131"},"content":{"rendered":"\n<p>2012 senesi fevral 8 \u2013 9 k\u00fcnleri Birle\u015fken Milletler Te\u015fkil\u00e2t\u0131 siyasiy i\u015fler departamenti ve BMT \u0130nki\u015faf programmas\u0131n\u0131 \u011fayr\u0131dan tiklev ve i\u00f1q\u0131razlarn\u0131\u00f1 \u00f6g\u00fcni aluv boyunca b\u00fcron\u0131 temsil etken BMT delegatsiyas\u0131 Q\u0131r\u0131mda resmiy ziyaretnen bulund\u0131.<\/p>\n\n\n\n<p>2012 senesi fevral 9 BMT sistemas\u0131n\u0131\u00f1 koordinator\u0131, BMT \u0130nki\u015faf programmas\u0131n\u0131\u00f1 Ukrainadaki daimiy temsilcisi \u00d6livye Adam reberliginde Q\u0131r\u0131mtatar halq\u0131n\u0131\u00f1 Meclisine resmiy ziyaretnen kelgen BMT delegatsiyas\u0131n\u0131 Meclis reisini\u00f1 birinci muavini Refat \u00c7ubarov qabul etti.<\/p>\n\n\n\n<p>K\u00f6r\u00fc\u015f\u00fcvde bun\u0131\u00f1 kibi de BMT delegatsiyas\u0131n\u0131\u00f1 azalar\u0131 &#8211; BMT \u0130nki\u015faf\u0131 programmas\u0131n\u0131\u00f1 Q\u0131r\u0131mdaki temsilciligini\u00f1 reberi Adelin G\u00f6ne, Birle\u015fken Milletler Te\u015fkil\u00e2t\u0131 siyasiy i\u015fler departamenti siyasiy meseleler boyunca \u00fcyken m\u00fctehass\u0131s\u0131 \u00c7arlz Aniydoho, Birle\u015fken Milletler Te\u015fkil\u00e2t\u0131 siyasiy i\u015fler departamenti siyasiy meseleler boyunca m\u00fctehass\u0131s\u0131 Roman \u015epak, BMT \u0130nki\u015faf programmas\u0131 \u015ftab kvartiras\u0131, i\u00f1q\u0131razlarn\u0131\u00f1 \u00f6g\u00fcni aluv ve \u011fayr\u0131dan tiklev programm m\u00fctehass\u0131s\u0131 Anita Ernstorfer, Avropa ve Mustaqil Devletler Birligi departamenti, \u0130nki\u015faf programmas\u0131n\u0131 \u011fayr\u0131dan tiklev ve i\u00f1q\u0131razlarn\u0131\u00f1 \u00f6g\u00fcni aluv boyunca b\u00fcros\u0131, BMT \u015ftab kvartiras\u0131n\u0131\u00f1 tehnikiy mesleat\u00e7\u0131s\u0131 Razmik Panoss\u00e2n, BMT sistemas\u0131 koordinator\u0131 ofisi, insan inki\u015faf\u0131 boyunca mesleat\u00e7\u0131s\u0131 Gaspar Bergman, BMT \u0130nki\u015faf programmas\u0131 Q\u0131r\u0131mdaki vek\u00e2letligini\u00f1 programm meneceri Qurtomolla Abdul\u011faniyev i\u015ftirak ettiler.<\/p>\n\n\n\n<p>Q\u0131r\u0131mtatar halq\u0131 Meclisini\u00f1 delegatsiyas\u0131n\u0131 ise Meclis t\u0131\u015fq\u0131 al\u00e2qalar b\u00f6l\u00fcgini\u00f1 ba\u015f\u0131 Ali Hamzin, Meclis K\u00e2tibiyetini\u00f1 reberi Zair Smedl\u00e2yev, Meclisni\u00f1 informatsion siyaset ve cemaat te\u015fkil\u00e2tlar\u0131nen ba\u011flanuv idaresini\u00f1 ba\u015f\u0131 \u015eevket Qaybullayev temsil ettiler.<\/p>\n\n\n\n<p>BMT resmiy delegatsiyas\u0131n\u0131\u00f1 ve Meclis azalar\u0131 BMTni\u00f1 Q\u0131r\u0131mda inki\u015faf programmas\u0131n\u0131\u00f1 faaliyetini ve bun\u0131\u00f1 kibi de Q\u0131r\u0131mtatar halq\u0131n\u0131\u00f1 \u00f6z Vatan\u0131nda aq-uquqlar\u0131n\u0131 \u011fayr\u0131dan tiklev, Ukrainada on\u0131\u00f1 tel\u00fckesizligini teminlev meseleleri boyunca halqara forum\u011fa az\u0131rl\u0131qn\u0131\u00f1 keti\u015fat\u0131n\u0131 muzakere ettiler.<br>Q\u0131r\u0131m Yuqar\u0131 \u015euras\u0131 uzur\u0131nda faaliyet k\u00f6stergen \u0130nsan havfs\u0131zl\u0131\u011f\u0131 boyunca ke\u00f1e\u015f faaliyeti aqq\u0131nda aytqan Refat \u00c7ubarov, mezk\u00fcr ke\u00f1e\u015fni \u011fayr\u0131dan qurmaq \u011fayesine qoltutaraq, c\u00fcmleden \u015fun\u0131 qayd etti: &#8220;\u00dcm\u00fct etem ki, \u00e7e\u015fit siyasiy k\u00fc\u00e7lerden ba\u011f\u0131ms\u0131z ekspertlerni celp et\u00fcv ke\u00f1e\u015f i\u015fini\u00f1 semeresini artt\u0131r\u0131p, on\u0131\u00f1 tevsiyelerini\u00f1 teren olmas\u0131n\u0131 teminler&#8221;.<\/p>\n\n\n\n<p>Q\u0131r\u0131mtatar halq\u0131n\u0131\u00f1 \u00f6z Vatan\u0131nda aq-uquqlar\u0131n\u0131 \u011fayr\u0131dan tiklev, Ukrainada on\u0131\u00f1 tel\u00fckesizligini teminlev meseleleri boyunca halqara forum mevzus\u0131na ke\u00e7erek, Refat \u00c7ubarov BMT sistemas\u0131n\u0131\u00f1 koordinator\u0131, BMT \u0130nki\u015faf programmas\u0131n\u0131\u00f1 Ukrainadaki daimiy temsilcisi \u00d6livye Adam\u011fa qoltutuv\u0131 i\u00e7\u00fcn te\u015fekk\u00fcr bildirdi.<\/p>\n\n\n\n<p>Refat \u00c7ubarov qayd etti ki: &#8220;\u015eimdi Halqara forumn\u0131 az\u0131rlavn\u0131\u00f1 m\u00fcimden-m\u00fcim basq\u0131\u00e7lar\u0131ndan biri &#8211; OSCE milliy azl\u0131qlarn\u0131\u00f1 i\u015fleri boyunca aliy komissar Knut Vollebek ile Forumn\u0131\u00f1 k\u00fcn tertibi, maqsad\u0131 ve vazifelerini ve bu i\u015fke destek k\u00f6sterecek ortaq te\u015fkil\u00e2t\u00e7\u0131larnen yani Avropa Birligi, Avropa Ke\u00f1e\u015fi, BMT ve Ukraina devleti ile \u00e7al\u0131\u015fmadan beklenilgen neticelerni belgilemek i\u015fi ba\u015fland\u0131. Meclis ise OSCE Aliy komissar\u0131n\u0131\u00f1 ofisinen birlikte i\u015flegen ait vesiqalar boyunca a\u00f1la\u015ft\u0131q. Endi, tabiiy ki, \u00e7oq \u015fey Ukraina devletini\u00f1 pozitsiyas\u0131na ba\u011fl\u0131d\u0131r. Biz \u00fcm\u00fct etemiz ki, yaq\u0131n arada b\u00fct\u00fcn bu meseleler \u00e7ezilir ve 2012 senesi k\u00fczde Kiyevde Halqara forum ke\u00e7irilir&#8221;.<\/p>\n\n\n\n<p>So\u00f1ra, Refat \u00c7ubarov ve k\u00f6r\u00fc\u015f\u00fcvde i\u015ftirak etken meclis azalar\u0131 BMT delegatsiyas\u0131n\u0131\u00f1 Q\u0131r\u0131mda milletlerara munasebetler vaziyeti, topraq meselelerine, q\u0131r\u0131mtatarlarn\u0131\u00f1 idare saalar\u0131nda vek\u00e2letligine dair suallerine cevap berdiler. Q\u0131r\u0131mda milletlera munasebetlerni\u00f1 vaziyeti muzakeresine yek\u00fcn \u00e7ekken Refat \u00c7ubarov subetde\u015flerini\u00f1 diqqat\u0131n\u0131 \u015fu\u00f1a celp etti ki, al\u00e2 daa devam etken adaletsizlikni\u00f1 ba\u015f sebebi &#8220;q\u0131r\u0131mtatar halq\u0131 s\u00fcrg\u00fcnligi ve on y\u0131llarnen s\u00fcrg\u00fcnlik yerlerinde aqs\u0131mlanmas\u0131n\u0131\u00f1 aqibetlerini yoq et\u00fcvge do\u011frult\u0131l\u011fan qanunn\u0131\u00f1 yoqlu\u011f\u0131d\u0131r&#8221;.<\/p>\n\n\n\n<p>BMT \u0130nki\u015faf programmas\u0131n\u0131\u00f1 Ukrainadaki daimiy temsilcisi \u00d6livye Adam BMTni\u00f1 milletlerara munasebetler saas\u0131nda m\u00fcrekkep meselelerni \u00e7ez\u00fcvdeki m\u00fcsbet tecribesini qayd etip, dedi ki: &#8220;Bu meselelerni\u00f1 Ukrainada &#8211; er angi resurslarn\u0131\u00f1 yetip artt\u0131\u011f\u0131 \u00fclkede, k\u00f6terilgeni men ve zenaatda\u015flar\u0131mn\u0131 daima taaciplendirip keldi Bu munasebetnen \u00fcm\u00fct etem ki, q\u0131r\u0131mtatarlar\u0131 ve Meclis milliy \u00f6zg\u00fcnligini saqlap qalmaq ve insan uquqlar\u0131n\u0131 qor\u00e7alamaq i\u015fi o\u011frunda areket eterler&#8221;.<\/p>\n\n\n\n<p>BMT sistemas\u0131n\u0131\u00f1 Koordinator\u0131 \u00d6livye Adam Q\u0131r\u0131mtatar halq\u0131n\u0131\u00f1 \u00f6z Vatan\u0131nda aq-uquqlar\u0131n\u0131 \u011fayr\u0131dan tiklev, Ukrainada on\u0131\u00f1 tel\u00fckesizligini teminlev meseleleri boyunca halqara forum \u011fayesine qoltutqan\u0131n\u0131 daa bir kere tasdiqlad\u0131.<\/p>\n\n\n\n<p>\u00d6z nevbetinde Refat \u00c7ubarov, BMT delegatsiyas\u0131 azalar\u0131na muracaat eterken, BMTni\u00f1 Q\u0131r\u0131mdaki \u0130nki\u015faf programmas\u0131n\u0131\u00f1 rol\u00fc ve faaliyetini\u00f1 neticelerine y\u00fcksek q\u0131ymet kesip, b\u00f6yle dedi: &#8220;Delegatsiya\u00f1\u0131zn\u0131\u00f1 terkibinde inq\u0131razlarn\u0131\u00f1 \u00f6g\u00fcni aluv ve \u011fayr\u0131dan tiklev b\u00fcros\u0131n\u0131\u00f1 hadimleri de bulunmaqtalar, demek biz do\u011fru yoldan ketemiz. \u00c7\u00fcnki insanlar aras\u0131nda i\u00f1q\u0131razn\u0131\u00f1 \u00f6g\u00fcni almaq, adalet yolundaki manialarn\u0131 ke\u00e7mek qolay, amma dava aqibetinde bozul\u011fan munasebetlerni tiklemek pek zor&#8221;.<\/p>\n\n\n\n<figure class=\"wp-block-gallery columns-3 is-cropped wp-block-gallery-1 is-layout-flex wp-block-gallery-is-layout-flex\"><ul class=\"blocks-gallery-grid\"><li class=\"blocks-gallery-item\"><figure><a href=\"http:\/\/qtmm.org\/wp-content\/uploads\/2022\/01\/4f35a881b0071.jpeg\"><img loading=\"lazy\" decoding=\"async\" width=\"640\" height=\"480\" src=\"http:\/\/qtmm.org\/wp-content\/uploads\/2022\/01\/4f35a881b0071.jpeg\" alt=\"\" data-id=\"28431\" data-full-url=\"http:\/\/qtmm.org\/wp-content\/uploads\/2022\/01\/4f35a881b0071.jpeg\" data-link=\"http:\/\/qtmm.org\/qt\/?attachment_id=28431\" class=\"wp-image-28431\" srcset=\"https:\/\/qtmm.org\/wp-content\/uploads\/2022\/01\/4f35a881b0071.jpeg 640w, https:\/\/qtmm.org\/wp-content\/uploads\/2022\/01\/4f35a881b0071-300x225.jpeg 300w\" sizes=\"auto, (max-width: 640px) 100vw, 640px\" \/><\/a><\/figure><\/li><li class=\"blocks-gallery-item\"><figure><a href=\"http:\/\/qtmm.org\/wp-content\/uploads\/2022\/01\/4f35a881da7c8.jpeg\"><img loading=\"lazy\" decoding=\"async\" width=\"640\" height=\"480\" src=\"http:\/\/qtmm.org\/wp-content\/uploads\/2022\/01\/4f35a881da7c8.jpeg\" alt=\"\" data-id=\"28435\" data-full-url=\"http:\/\/qtmm.org\/wp-content\/uploads\/2022\/01\/4f35a881da7c8.jpeg\" data-link=\"http:\/\/qtmm.org\/qt\/?attachment_id=28435\" class=\"wp-image-28435\" srcset=\"https:\/\/qtmm.org\/wp-content\/uploads\/2022\/01\/4f35a881da7c8.jpeg 640w, https:\/\/qtmm.org\/wp-content\/uploads\/2022\/01\/4f35a881da7c8-300x225.jpeg 300w\" sizes=\"auto, (max-width: 640px) 100vw, 640px\" \/><\/a><\/figure><\/li><li class=\"blocks-gallery-item\"><figure><a href=\"http:\/\/qtmm.org\/wp-content\/uploads\/2022\/01\/4f35a8820ceb3.jpeg\"><img loading=\"lazy\" decoding=\"async\" width=\"640\" height=\"480\" src=\"http:\/\/qtmm.org\/wp-content\/uploads\/2022\/01\/4f35a8820ceb3.jpeg\" alt=\"\" data-id=\"28439\" data-full-url=\"http:\/\/qtmm.org\/wp-content\/uploads\/2022\/01\/4f35a8820ceb3.jpeg\" data-link=\"http:\/\/qtmm.org\/qt\/?attachment_id=28439\" class=\"wp-image-28439\" srcset=\"https:\/\/qtmm.org\/wp-content\/uploads\/2022\/01\/4f35a8820ceb3.jpeg 640w, https:\/\/qtmm.org\/wp-content\/uploads\/2022\/01\/4f35a8820ceb3-300x225.jpeg 300w\" sizes=\"auto, (max-width: 640px) 100vw, 640px\" \/><\/a><\/figure><\/li><li class=\"blocks-gallery-item\"><figure><a href=\"http:\/\/qtmm.org\/wp-content\/uploads\/2022\/01\/4f35a88233b90.jpeg\"><img loading=\"lazy\" decoding=\"async\" width=\"640\" height=\"480\" src=\"http:\/\/qtmm.org\/wp-content\/uploads\/2022\/01\/4f35a88233b90.jpeg\" alt=\"\" data-id=\"28443\" data-full-url=\"http:\/\/qtmm.org\/wp-content\/uploads\/2022\/01\/4f35a88233b90.jpeg\" data-link=\"http:\/\/qtmm.org\/qt\/?attachment_id=28443\" class=\"wp-image-28443\" srcset=\"https:\/\/qtmm.org\/wp-content\/uploads\/2022\/01\/4f35a88233b90.jpeg 640w, https:\/\/qtmm.org\/wp-content\/uploads\/2022\/01\/4f35a88233b90-300x225.jpeg 300w\" sizes=\"auto, (max-width: 640px) 100vw, 640px\" \/><\/a><\/figure><\/li><li class=\"blocks-gallery-item\"><figure><a href=\"http:\/\/qtmm.org\/wp-content\/uploads\/2022\/01\/4f35a88188309.jpeg\"><img loading=\"lazy\" decoding=\"async\" width=\"640\" height=\"480\" src=\"http:\/\/qtmm.org\/wp-content\/uploads\/2022\/01\/4f35a88188309.jpeg\" alt=\"\" data-id=\"28447\" data-full-url=\"http:\/\/qtmm.org\/wp-content\/uploads\/2022\/01\/4f35a88188309.jpeg\" data-link=\"http:\/\/qtmm.org\/qt\/?attachment_id=28447\" class=\"wp-image-28447\" srcset=\"https:\/\/qtmm.org\/wp-content\/uploads\/2022\/01\/4f35a88188309.jpeg 640w, https:\/\/qtmm.org\/wp-content\/uploads\/2022\/01\/4f35a88188309-300x225.jpeg 300w\" sizes=\"auto, (max-width: 640px) 100vw, 640px\" \/><\/a><\/figure><\/li><\/ul><\/figure>\n","protected":false},"excerpt":{"rendered":"<p>2012 senesi fevral 8 \u2013 9 k\u00fcnleri Birle\u015fken Milletler Te\u015fkil\u00e2t\u0131 siyasiy i\u015fler departamenti ve BMT \u0130nki\u015faf programmas\u0131n\u0131 \u011fayr\u0131dan tiklev ve i\u00f1q\u0131razlarn\u0131\u00f1 \u00f6g\u00fcni aluv boyunca b\u00fcron\u0131 temsil etken BMT delegatsiyas\u0131 Q\u0131r\u0131mda resmiy ziyaretnen bulund\u0131. 2012 senesi fevral 9 BMT sistemas\u0131n\u0131\u00f1 koordinator\u0131, BMT \u0130nki\u015faf programmas\u0131n\u0131\u00f1 Ukrainadaki daimiy temsilcisi \u00d6livye Adam reberliginde Q\u0131r\u0131mtatar halq\u0131n\u0131\u00f1 Meclisine resmiy ziyaretnen kelgen [&hellip;]<\/p>\n","protected":false},"author":1,"featured_media":28443,"comment_status":"open","ping_status":"open","sticky":false,"template":"","format":"standard","meta":{"inline_featured_image":false,"footnotes":""},"categories":[265],"tags":[],"class_list":["post-28430","post","type-post","status-publish","format-standard","has-post-thumbnail","hentry","category-haberler"],"acf":[],"yoast_head":"<!-- This site is optimized with the Yoast SEO plugin v27.4 - https:\/\/yoast.com\/product\/yoast-seo-wordpress\/ -->\n<title>BMT delegatsiyas\u0131 resmiy ziyaretnen Mecliste bulund\u0131 - \u041c\u0435\u0434\u0436\u043b\u0456\u0441<\/title>\n<meta name=\"robots\" content=\"index, follow, max-snippet:-1, max-image-preview:large, max-video-preview:-1\" \/>\n<link rel=\"canonical\" href=\"https:\/\/qtmm.org\/qt\/bmt-delegatsiyasi-resmiy-ziyaretnen-mecliste-bulundi\/\" \/>\n<meta property=\"og:locale\" content=\"en_US\" \/>\n<meta property=\"og:type\" content=\"article\" \/>\n<meta property=\"og:title\" content=\"BMT delegatsiyas\u0131 resmiy ziyaretnen Mecliste bulund\u0131 - \u041c\u0435\u0434\u0436\u043b\u0456\u0441\" \/>\n<meta property=\"og:description\" content=\"2012 senesi fevral 8 \u2013 9 k\u00fcnleri Birle\u015fken Milletler Te\u015fkil\u00e2t\u0131 siyasiy i\u015fler departamenti ve BMT \u0130nki\u015faf programmas\u0131n\u0131 \u011fayr\u0131dan tiklev ve i\u00f1q\u0131razlarn\u0131\u00f1 \u00f6g\u00fcni aluv boyunca b\u00fcron\u0131 temsil etken BMT delegatsiyas\u0131 Q\u0131r\u0131mda resmiy ziyaretnen bulund\u0131. 2012 senesi fevral 9 BMT sistemas\u0131n\u0131\u00f1 koordinator\u0131, BMT \u0130nki\u015faf programmas\u0131n\u0131\u00f1 Ukrainadaki daimiy temsilcisi \u00d6livye Adam reberliginde Q\u0131r\u0131mtatar halq\u0131n\u0131\u00f1 Meclisine resmiy ziyaretnen kelgen [&hellip;]\" \/>\n<meta property=\"og:url\" content=\"https:\/\/qtmm.org\/qt\/bmt-delegatsiyasi-resmiy-ziyaretnen-mecliste-bulundi\/\" \/>\n<meta property=\"og:site_name\" content=\"\u041c\u0435\u0434\u0436\u043b\u0456\u0441\" \/>\n<meta property=\"article:publisher\" content=\"https:\/\/www.facebook.com\/qtmm.info\/\" \/>\n<meta property=\"article:published_time\" content=\"2012-02-10T10:03:00+00:00\" \/>\n<meta property=\"article:modified_time\" content=\"2022-01-20T10:05:30+00:00\" \/>\n<meta property=\"og:image\" content=\"https:\/\/qtmm.org\/wp-content\/uploads\/2022\/01\/4f35a88233b90.jpeg\" \/>\n\t<meta property=\"og:image:width\" content=\"640\" \/>\n\t<meta property=\"og:image:height\" content=\"480\" \/>\n\t<meta property=\"og:image:type\" content=\"image\/jpeg\" \/>\n<meta name=\"author\" content=\"Developer\" \/>\n<meta name=\"twitter:card\" content=\"summary_large_image\" \/>\n<meta name=\"twitter:label1\" content=\"Written by\" \/>\n\t<meta name=\"twitter:data1\" content=\"Developer\" \/>\n\t<meta name=\"twitter:label2\" content=\"Est. reading time\" \/>\n\t<meta name=\"twitter:data2\" content=\"4 minutes\" \/>\n<script type=\"application\/ld+json\" class=\"yoast-schema-graph\">{\"@context\":\"https:\\\/\\\/schema.org\",\"@graph\":[{\"@type\":\"Article\",\"@id\":\"https:\\\/\\\/qtmm.org\\\/qt\\\/bmt-delegatsiyasi-resmiy-ziyaretnen-mecliste-bulundi\\\/#article\",\"isPartOf\":{\"@id\":\"https:\\\/\\\/qtmm.org\\\/qt\\\/bmt-delegatsiyasi-resmiy-ziyaretnen-mecliste-bulundi\\\/\"},\"author\":{\"name\":\"Developer\",\"@id\":\"https:\\\/\\\/qtmm.org\\\/qt\\\/#\\\/schema\\\/person\\\/de562469f971dec226ac06e60bbf74a7\"},\"headline\":\"BMT delegatsiyas\u0131 resmiy ziyaretnen Mecliste bulund\u0131\",\"datePublished\":\"2012-02-10T10:03:00+00:00\",\"dateModified\":\"2022-01-20T10:05:30+00:00\",\"mainEntityOfPage\":{\"@id\":\"https:\\\/\\\/qtmm.org\\\/qt\\\/bmt-delegatsiyasi-resmiy-ziyaretnen-mecliste-bulundi\\\/\"},\"wordCount\":848,\"commentCount\":0,\"publisher\":{\"@id\":\"https:\\\/\\\/qtmm.org\\\/qt\\\/#organization\"},\"image\":{\"@id\":\"https:\\\/\\\/qtmm.org\\\/qt\\\/bmt-delegatsiyasi-resmiy-ziyaretnen-mecliste-bulundi\\\/#primaryimage\"},\"thumbnailUrl\":\"https:\\\/\\\/qtmm.org\\\/wp-content\\\/uploads\\\/2022\\\/01\\\/4f35a88233b90.jpeg\",\"articleSection\":[\"Haberler\"],\"inLanguage\":\"qt\",\"potentialAction\":[{\"@type\":\"CommentAction\",\"name\":\"Comment\",\"target\":[\"https:\\\/\\\/qtmm.org\\\/qt\\\/bmt-delegatsiyasi-resmiy-ziyaretnen-mecliste-bulundi\\\/#respond\"]}]},{\"@type\":\"WebPage\",\"@id\":\"https:\\\/\\\/qtmm.org\\\/qt\\\/bmt-delegatsiyasi-resmiy-ziyaretnen-mecliste-bulundi\\\/\",\"url\":\"https:\\\/\\\/qtmm.org\\\/qt\\\/bmt-delegatsiyasi-resmiy-ziyaretnen-mecliste-bulundi\\\/\",\"name\":\"BMT delegatsiyas\u0131 resmiy ziyaretnen Mecliste bulund\u0131 - \u041c\u0435\u0434\u0436\u043b\u0456\u0441\",\"isPartOf\":{\"@id\":\"https:\\\/\\\/qtmm.org\\\/qt\\\/#website\"},\"primaryImageOfPage\":{\"@id\":\"https:\\\/\\\/qtmm.org\\\/qt\\\/bmt-delegatsiyasi-resmiy-ziyaretnen-mecliste-bulundi\\\/#primaryimage\"},\"image\":{\"@id\":\"https:\\\/\\\/qtmm.org\\\/qt\\\/bmt-delegatsiyasi-resmiy-ziyaretnen-mecliste-bulundi\\\/#primaryimage\"},\"thumbnailUrl\":\"https:\\\/\\\/qtmm.org\\\/wp-content\\\/uploads\\\/2022\\\/01\\\/4f35a88233b90.jpeg\",\"datePublished\":\"2012-02-10T10:03:00+00:00\",\"dateModified\":\"2022-01-20T10:05:30+00:00\",\"breadcrumb\":{\"@id\":\"https:\\\/\\\/qtmm.org\\\/qt\\\/bmt-delegatsiyasi-resmiy-ziyaretnen-mecliste-bulundi\\\/#breadcrumb\"},\"inLanguage\":\"qt\",\"potentialAction\":[{\"@type\":\"ReadAction\",\"target\":[\"https:\\\/\\\/qtmm.org\\\/qt\\\/bmt-delegatsiyasi-resmiy-ziyaretnen-mecliste-bulundi\\\/\"]}]},{\"@type\":\"ImageObject\",\"inLanguage\":\"qt\",\"@id\":\"https:\\\/\\\/qtmm.org\\\/qt\\\/bmt-delegatsiyasi-resmiy-ziyaretnen-mecliste-bulundi\\\/#primaryimage\",\"url\":\"https:\\\/\\\/qtmm.org\\\/wp-content\\\/uploads\\\/2022\\\/01\\\/4f35a88233b90.jpeg\",\"contentUrl\":\"https:\\\/\\\/qtmm.org\\\/wp-content\\\/uploads\\\/2022\\\/01\\\/4f35a88233b90.jpeg\",\"width\":640,\"height\":480},{\"@type\":\"BreadcrumbList\",\"@id\":\"https:\\\/\\\/qtmm.org\\\/qt\\\/bmt-delegatsiyasi-resmiy-ziyaretnen-mecliste-bulundi\\\/#breadcrumb\",\"itemListElement\":[{\"@type\":\"ListItem\",\"position\":1,\"name\":\"\u0413\u043e\u043b\u043e\u0432\u043d\u0430\",\"item\":\"https:\\\/\\\/qtmm.org\\\/qt\\\/\"},{\"@type\":\"ListItem\",\"position\":2,\"name\":\"BMT delegatsiyas\u0131 resmiy ziyaretnen Mecliste bulund\u0131\"}]},{\"@type\":\"WebSite\",\"@id\":\"https:\\\/\\\/qtmm.org\\\/qt\\\/#website\",\"url\":\"https:\\\/\\\/qtmm.org\\\/qt\\\/\",\"name\":\"\u041c\u0435\u0434\u0436\u043b\u0456\u0441\",\"description\":\"\",\"publisher\":{\"@id\":\"https:\\\/\\\/qtmm.org\\\/qt\\\/#organization\"},\"potentialAction\":[{\"@type\":\"SearchAction\",\"target\":{\"@type\":\"EntryPoint\",\"urlTemplate\":\"https:\\\/\\\/qtmm.org\\\/qt\\\/?s={search_term_string}\"},\"query-input\":{\"@type\":\"PropertyValueSpecification\",\"valueRequired\":true,\"valueName\":\"search_term_string\"}}],\"inLanguage\":\"qt\"},{\"@type\":\"Organization\",\"@id\":\"https:\\\/\\\/qtmm.org\\\/qt\\\/#organization\",\"name\":\"\u041c\u0435\u0434\u0436\u043b\u0456\u0441\",\"url\":\"https:\\\/\\\/qtmm.org\\\/qt\\\/\",\"logo\":{\"@type\":\"ImageObject\",\"inLanguage\":\"qt\",\"@id\":\"https:\\\/\\\/qtmm.org\\\/qt\\\/#\\\/schema\\\/logo\\\/image\\\/\",\"url\":\"https:\\\/\\\/qtmm.org\\\/wp-content\\\/uploads\\\/2024\\\/12\\\/ua-mejlis-logo-rgb.svg\",\"contentUrl\":\"https:\\\/\\\/qtmm.org\\\/wp-content\\\/uploads\\\/2024\\\/12\\\/ua-mejlis-logo-rgb.svg\",\"caption\":\"\u041c\u0435\u0434\u0436\u043b\u0456\u0441\"},\"image\":{\"@id\":\"https:\\\/\\\/qtmm.org\\\/qt\\\/#\\\/schema\\\/logo\\\/image\\\/\"},\"sameAs\":[\"https:\\\/\\\/www.facebook.com\\\/qtmm.info\\\/\"]},{\"@type\":\"Person\",\"@id\":\"https:\\\/\\\/qtmm.org\\\/qt\\\/#\\\/schema\\\/person\\\/de562469f971dec226ac06e60bbf74a7\",\"name\":\"Developer\",\"image\":{\"@type\":\"ImageObject\",\"inLanguage\":\"qt\",\"@id\":\"https:\\\/\\\/secure.gravatar.com\\\/avatar\\\/392b4cc8fbfeb00b39dfeeab4ee6edded39ffd48e25858637e4765810300227e?s=96&d=mm&r=g\",\"url\":\"https:\\\/\\\/secure.gravatar.com\\\/avatar\\\/392b4cc8fbfeb00b39dfeeab4ee6edded39ffd48e25858637e4765810300227e?s=96&d=mm&r=g\",\"contentUrl\":\"https:\\\/\\\/secure.gravatar.com\\\/avatar\\\/392b4cc8fbfeb00b39dfeeab4ee6edded39ffd48e25858637e4765810300227e?s=96&d=mm&r=g\",\"caption\":\"Developer\"},\"url\":\"https:\\\/\\\/qtmm.org\\\/qt\\\/author\\\/Developer\\\/\"}]}<\/script>\n<!-- \/ Yoast SEO plugin. -->","yoast_head_json":{"title":"BMT delegatsiyas\u0131 resmiy ziyaretnen Mecliste bulund\u0131 - \u041c\u0435\u0434\u0436\u043b\u0456\u0441","robots":{"index":"index","follow":"follow","max-snippet":"max-snippet:-1","max-image-preview":"max-image-preview:large","max-video-preview":"max-video-preview:-1"},"canonical":"https:\/\/qtmm.org\/qt\/bmt-delegatsiyasi-resmiy-ziyaretnen-mecliste-bulundi\/","og_locale":"en_US","og_type":"article","og_title":"BMT delegatsiyas\u0131 resmiy ziyaretnen Mecliste bulund\u0131 - \u041c\u0435\u0434\u0436\u043b\u0456\u0441","og_description":"2012 senesi fevral 8 \u2013 9 k\u00fcnleri Birle\u015fken Milletler Te\u015fkil\u00e2t\u0131 siyasiy i\u015fler departamenti ve BMT \u0130nki\u015faf programmas\u0131n\u0131 \u011fayr\u0131dan tiklev ve i\u00f1q\u0131razlarn\u0131\u00f1 \u00f6g\u00fcni aluv boyunca b\u00fcron\u0131 temsil etken BMT delegatsiyas\u0131 Q\u0131r\u0131mda resmiy ziyaretnen bulund\u0131. 2012 senesi fevral 9 BMT sistemas\u0131n\u0131\u00f1 koordinator\u0131, BMT \u0130nki\u015faf programmas\u0131n\u0131\u00f1 Ukrainadaki daimiy temsilcisi \u00d6livye Adam reberliginde Q\u0131r\u0131mtatar halq\u0131n\u0131\u00f1 Meclisine resmiy ziyaretnen kelgen [&hellip;]","og_url":"https:\/\/qtmm.org\/qt\/bmt-delegatsiyasi-resmiy-ziyaretnen-mecliste-bulundi\/","og_site_name":"\u041c\u0435\u0434\u0436\u043b\u0456\u0441","article_publisher":"https:\/\/www.facebook.com\/qtmm.info\/","article_published_time":"2012-02-10T10:03:00+00:00","article_modified_time":"2022-01-20T10:05:30+00:00","og_image":[{"width":640,"height":480,"url":"https:\/\/qtmm.org\/wp-content\/uploads\/2022\/01\/4f35a88233b90.jpeg","type":"image\/jpeg"}],"author":"Developer","twitter_card":"summary_large_image","twitter_misc":{"Written by":"Developer","Est. reading time":"4 minutes"},"schema":{"@context":"https:\/\/schema.org","@graph":[{"@type":"Article","@id":"https:\/\/qtmm.org\/qt\/bmt-delegatsiyasi-resmiy-ziyaretnen-mecliste-bulundi\/#article","isPartOf":{"@id":"https:\/\/qtmm.org\/qt\/bmt-delegatsiyasi-resmiy-ziyaretnen-mecliste-bulundi\/"},"author":{"name":"Developer","@id":"https:\/\/qtmm.org\/qt\/#\/schema\/person\/de562469f971dec226ac06e60bbf74a7"},"headline":"BMT delegatsiyas\u0131 resmiy ziyaretnen Mecliste bulund\u0131","datePublished":"2012-02-10T10:03:00+00:00","dateModified":"2022-01-20T10:05:30+00:00","mainEntityOfPage":{"@id":"https:\/\/qtmm.org\/qt\/bmt-delegatsiyasi-resmiy-ziyaretnen-mecliste-bulundi\/"},"wordCount":848,"commentCount":0,"publisher":{"@id":"https:\/\/qtmm.org\/qt\/#organization"},"image":{"@id":"https:\/\/qtmm.org\/qt\/bmt-delegatsiyasi-resmiy-ziyaretnen-mecliste-bulundi\/#primaryimage"},"thumbnailUrl":"https:\/\/qtmm.org\/wp-content\/uploads\/2022\/01\/4f35a88233b90.jpeg","articleSection":["Haberler"],"inLanguage":"qt","potentialAction":[{"@type":"CommentAction","name":"Comment","target":["https:\/\/qtmm.org\/qt\/bmt-delegatsiyasi-resmiy-ziyaretnen-mecliste-bulundi\/#respond"]}]},{"@type":"WebPage","@id":"https:\/\/qtmm.org\/qt\/bmt-delegatsiyasi-resmiy-ziyaretnen-mecliste-bulundi\/","url":"https:\/\/qtmm.org\/qt\/bmt-delegatsiyasi-resmiy-ziyaretnen-mecliste-bulundi\/","name":"BMT delegatsiyas\u0131 resmiy ziyaretnen Mecliste bulund\u0131 - \u041c\u0435\u0434\u0436\u043b\u0456\u0441","isPartOf":{"@id":"https:\/\/qtmm.org\/qt\/#website"},"primaryImageOfPage":{"@id":"https:\/\/qtmm.org\/qt\/bmt-delegatsiyasi-resmiy-ziyaretnen-mecliste-bulundi\/#primaryimage"},"image":{"@id":"https:\/\/qtmm.org\/qt\/bmt-delegatsiyasi-resmiy-ziyaretnen-mecliste-bulundi\/#primaryimage"},"thumbnailUrl":"https:\/\/qtmm.org\/wp-content\/uploads\/2022\/01\/4f35a88233b90.jpeg","datePublished":"2012-02-10T10:03:00+00:00","dateModified":"2022-01-20T10:05:30+00:00","breadcrumb":{"@id":"https:\/\/qtmm.org\/qt\/bmt-delegatsiyasi-resmiy-ziyaretnen-mecliste-bulundi\/#breadcrumb"},"inLanguage":"qt","potentialAction":[{"@type":"ReadAction","target":["https:\/\/qtmm.org\/qt\/bmt-delegatsiyasi-resmiy-ziyaretnen-mecliste-bulundi\/"]}]},{"@type":"ImageObject","inLanguage":"qt","@id":"https:\/\/qtmm.org\/qt\/bmt-delegatsiyasi-resmiy-ziyaretnen-mecliste-bulundi\/#primaryimage","url":"https:\/\/qtmm.org\/wp-content\/uploads\/2022\/01\/4f35a88233b90.jpeg","contentUrl":"https:\/\/qtmm.org\/wp-content\/uploads\/2022\/01\/4f35a88233b90.jpeg","width":640,"height":480},{"@type":"BreadcrumbList","@id":"https:\/\/qtmm.org\/qt\/bmt-delegatsiyasi-resmiy-ziyaretnen-mecliste-bulundi\/#breadcrumb","itemListElement":[{"@type":"ListItem","position":1,"name":"\u0413\u043e\u043b\u043e\u0432\u043d\u0430","item":"https:\/\/qtmm.org\/qt\/"},{"@type":"ListItem","position":2,"name":"BMT delegatsiyas\u0131 resmiy ziyaretnen Mecliste bulund\u0131"}]},{"@type":"WebSite","@id":"https:\/\/qtmm.org\/qt\/#website","url":"https:\/\/qtmm.org\/qt\/","name":"\u041c\u0435\u0434\u0436\u043b\u0456\u0441","description":"","publisher":{"@id":"https:\/\/qtmm.org\/qt\/#organization"},"potentialAction":[{"@type":"SearchAction","target":{"@type":"EntryPoint","urlTemplate":"https:\/\/qtmm.org\/qt\/?s={search_term_string}"},"query-input":{"@type":"PropertyValueSpecification","valueRequired":true,"valueName":"search_term_string"}}],"inLanguage":"qt"},{"@type":"Organization","@id":"https:\/\/qtmm.org\/qt\/#organization","name":"\u041c\u0435\u0434\u0436\u043b\u0456\u0441","url":"https:\/\/qtmm.org\/qt\/","logo":{"@type":"ImageObject","inLanguage":"qt","@id":"https:\/\/qtmm.org\/qt\/#\/schema\/logo\/image\/","url":"https:\/\/qtmm.org\/wp-content\/uploads\/2024\/12\/ua-mejlis-logo-rgb.svg","contentUrl":"https:\/\/qtmm.org\/wp-content\/uploads\/2024\/12\/ua-mejlis-logo-rgb.svg","caption":"\u041c\u0435\u0434\u0436\u043b\u0456\u0441"},"image":{"@id":"https:\/\/qtmm.org\/qt\/#\/schema\/logo\/image\/"},"sameAs":["https:\/\/www.facebook.com\/qtmm.info\/"]},{"@type":"Person","@id":"https:\/\/qtmm.org\/qt\/#\/schema\/person\/de562469f971dec226ac06e60bbf74a7","name":"Developer","image":{"@type":"ImageObject","inLanguage":"qt","@id":"https:\/\/secure.gravatar.com\/avatar\/392b4cc8fbfeb00b39dfeeab4ee6edded39ffd48e25858637e4765810300227e?s=96&d=mm&r=g","url":"https:\/\/secure.gravatar.com\/avatar\/392b4cc8fbfeb00b39dfeeab4ee6edded39ffd48e25858637e4765810300227e?s=96&d=mm&r=g","contentUrl":"https:\/\/secure.gravatar.com\/avatar\/392b4cc8fbfeb00b39dfeeab4ee6edded39ffd48e25858637e4765810300227e?s=96&d=mm&r=g","caption":"Developer"},"url":"https:\/\/qtmm.org\/qt\/author\/Developer\/"}]}},"_links":{"self":[{"href":"https:\/\/qtmm.org\/qt\/wp-json\/wp\/v2\/posts\/28430","targetHints":{"allow":["GET"]}}],"collection":[{"href":"https:\/\/qtmm.org\/qt\/wp-json\/wp\/v2\/posts"}],"about":[{"href":"https:\/\/qtmm.org\/qt\/wp-json\/wp\/v2\/types\/post"}],"author":[{"embeddable":true,"href":"https:\/\/qtmm.org\/qt\/wp-json\/wp\/v2\/users\/1"}],"replies":[{"embeddable":true,"href":"https:\/\/qtmm.org\/qt\/wp-json\/wp\/v2\/comments?post=28430"}],"version-history":[{"count":1,"href":"https:\/\/qtmm.org\/qt\/wp-json\/wp\/v2\/posts\/28430\/revisions"}],"predecessor-version":[{"id":28451,"href":"https:\/\/qtmm.org\/qt\/wp-json\/wp\/v2\/posts\/28430\/revisions\/28451"}],"wp:featuredmedia":[{"embeddable":true,"href":"https:\/\/qtmm.org\/qt\/wp-json\/wp\/v2\/media\/28443"}],"wp:attachment":[{"href":"https:\/\/qtmm.org\/qt\/wp-json\/wp\/v2\/media?parent=28430"}],"wp:term":[{"taxonomy":"category","embeddable":true,"href":"https:\/\/qtmm.org\/qt\/wp-json\/wp\/v2\/categories?post=28430"},{"taxonomy":"post_tag","embeddable":true,"href":"https:\/\/qtmm.org\/qt\/wp-json\/wp\/v2\/tags?post=28430"}],"curies":[{"name":"wp","href":"https:\/\/api.w.org\/{rel}","templated":true}]}}