




{"id":28428,"date":"2012-02-09T13:02:00","date_gmt":"2012-02-09T10:02:00","guid":{"rendered":"http:\/\/qtmm.org\/?p=28428"},"modified":"2022-01-20T13:03:00","modified_gmt":"2022-01-20T10:03:00","slug":"ana-tili-ve-milliy-tasil-inkisafi-ogrunda","status":"publish","type":"post","link":"https:\/\/qtmm.org\/qt\/ana-tili-ve-milliy-tasil-inkisafi-ogrunda\/","title":{"rendered":"Ana tili ve milliy tasil inki\u015faf\u0131 o\u011frunda"},"content":{"rendered":"\n<p>2012 senesi fevral 7 k\u00fcn\u00fc Q\u0131r\u0131m Muhtar Cumhuriyeti Yuqar\u0131 \u015euras\u0131 Milletlerara munasebetler ve s\u00fcrg\u00fcn olun\u011fan grajdanlarn\u0131\u00f1 meseleleri boyunca Daimiy komissiyan\u0131\u00f1 reisi, Milliy Meclis reisini\u00f1 muavini Remzi \u0130lyasov q\u0131r\u0131mtatar tili inki\u015faf\u0131 boyunca tedbirlerni\u00f1 neticeleri boyunca ve q\u0131r\u0131mtatar tilinde tasil inki\u015faf\u0131n\u0131\u00f1 meselelerine ba\u011f\u0131\u015flan\u011fan topla\u015fuv \u00f6tkerdi.<\/p>\n\n\n\n<p>Topla\u015fuvda Q\u0131r\u0131m Yuqar\u0131 \u015euras\u0131n\u0131\u00f1 deputat\u0131, Meclis azas\u0131, &#8220;Maarif\u00e7i&#8221; birle\u015fmesini\u00f1 reisi Safure Kacametova, Milletlerara munasebetler ve s\u00fcrg\u00fcn olun\u011fan grajdanlarn\u0131\u00f1 i\u015fleri boyunca cumhuriyet komitetini\u00f1 reisi Edem Dudakov, Q\u0131r\u0131m Tasil ve ilim, ya\u015flar ve sport nazirligi Q\u0131r\u0131mtatar tilinde tasil b\u00f6l\u00fcgini\u00f1 m\u00fcdiri Zarema Suleymanova, Q\u0131r\u0131mtatar yaz\u0131c\u0131lar birligini\u00f1 reisi Riza Faz\u0131l, &#8220;Q\u0131r\u0131m&#8221;, &#8220;Ya\u00f1\u0131 d\u00fcnya&#8221; gazetalar\u0131 ve &#8220;Y\u0131ld\u0131z&#8221; mecmuas\u0131n\u0131\u00f1 ba\u015f muarrirleri, radio, televideniye, cemaat\u00e7\u0131l\u0131q vekilleri i\u015ftirak ettiler.<\/p>\n\n\n\n<p>Topla\u015fuv i\u015ftirak\u00e7ileri ke\u00e7ken sene yap\u0131l\u011fan i\u015flerge yek\u00fcn \u00e7ektiler, Q\u0131r\u0131m Tasil ve ilim, ya\u015flar ve sport nazirligini\u00f1 Q\u0131r\u0131mtatar tilinde tasil b\u00f6l\u00fcgi q\u0131r\u0131mtatar tilinde tasil inki\u015faf\u0131n\u0131\u00f1 maqsadl\u0131 devlet programmas\u0131n\u0131\u00f1 leyhas\u0131n\u0131 i\u015flep \u00e7\u0131quv boyunca i\u015f\u00e7i gruppas\u0131n\u0131\u00f1 faaliyeti aqq\u0131nda mal\u00fcmat berdi, bu mesele boyunca problemalar ve olarn\u0131 halqara te\u015fkil\u00e2tlarn\u0131\u00f1 tevsiyeleri \u00e7er\u00e7ivesinde \u00e7ez\u00fcv imk\u00e2nlar\u0131 muzakere etildi, q\u0131r\u0131mtatar tilini\u00f1 inki\u015faf\u0131nda ve q\u0131r\u0131mtatar tilinde oqut\u0131l\u011fan mekteplerni\u00f1 tiklen\u00fcvinde halqara te\u015fkil\u00e2tlar, devletler ve sponsorlarn\u0131\u00f1 qoltutuv ameliyat\u0131 \u00f6grenildi.<\/p>\n\n\n\n<p>Topla\u015fuvn\u0131\u00f1 neticeleri boyunca di\u00f1lengen mal\u00fcmatlarn\u0131 umumiyle\u015ftirmek ve menfaatdar \u015fahslarn\u0131\u00f1, ocalarn\u0131\u00f1 ve cemaat\u00e7\u0131l\u0131qn\u0131\u00f1 keni\u015f i\u015ftirakinde umumcumhuriyet topla\u015fuv\u0131n\u0131 az\u0131rlamaq qarar\u0131 al\u0131nd\u0131.<\/p>\n\n\n\n<p>Topla\u015fuv i\u015ftirak\u00e7ileri \u0130. Gasprinskiy ad\u0131na kitaphane, &#8220;Maarif\u00e7i&#8221; birle\u015fmesi ve Q\u0131r\u0131mtatar yaz\u0131c\u0131lar birligi Halqara Ana tili k\u00fcn\u00fcne (fevral 21-de) ba\u011f\u0131\u015flap ke\u00e7irecek tedbirni de maqullediler.<\/p>\n","protected":false},"excerpt":{"rendered":"<p>2012 senesi fevral 7 k\u00fcn\u00fc Q\u0131r\u0131m Muhtar Cumhuriyeti Yuqar\u0131 \u015euras\u0131 Milletlerara munasebetler ve s\u00fcrg\u00fcn olun\u011fan grajdanlarn\u0131\u00f1 meseleleri boyunca Daimiy komissiyan\u0131\u00f1 reisi, Milliy Meclis reisini\u00f1 muavini Remzi \u0130lyasov q\u0131r\u0131mtatar tili inki\u015faf\u0131 boyunca tedbirlerni\u00f1 neticeleri boyunca ve q\u0131r\u0131mtatar tilinde tasil inki\u015faf\u0131n\u0131\u00f1 meselelerine ba\u011f\u0131\u015flan\u011fan topla\u015fuv \u00f6tkerdi. Topla\u015fuvda Q\u0131r\u0131m Yuqar\u0131 \u015euras\u0131n\u0131\u00f1 deputat\u0131, Meclis azas\u0131, &#8220;Maarif\u00e7i&#8221; birle\u015fmesini\u00f1 reisi Safure Kacametova, [&hellip;]<\/p>\n","protected":false},"author":1,"featured_media":0,"comment_status":"open","ping_status":"open","sticky":false,"template":"","format":"standard","meta":{"inline_featured_image":false,"footnotes":""},"categories":[265],"tags":[],"class_list":["post-28428","post","type-post","status-publish","format-standard","hentry","category-haberler"],"acf":[],"yoast_head":"<!-- This site is optimized with the Yoast SEO plugin v27.4 - https:\/\/yoast.com\/product\/yoast-seo-wordpress\/ -->\n<title>Ana tili ve milliy tasil inki\u015faf\u0131 o\u011frunda - \u041c\u0435\u0434\u0436\u043b\u0456\u0441<\/title>\n<meta name=\"robots\" content=\"index, follow, max-snippet:-1, max-image-preview:large, max-video-preview:-1\" \/>\n<link rel=\"canonical\" href=\"https:\/\/qtmm.org\/qt\/ana-tili-ve-milliy-tasil-inkisafi-ogrunda\/\" \/>\n<meta property=\"og:locale\" content=\"en_US\" \/>\n<meta property=\"og:type\" content=\"article\" \/>\n<meta property=\"og:title\" content=\"Ana tili ve milliy tasil inki\u015faf\u0131 o\u011frunda - \u041c\u0435\u0434\u0436\u043b\u0456\u0441\" \/>\n<meta property=\"og:description\" content=\"2012 senesi fevral 7 k\u00fcn\u00fc Q\u0131r\u0131m Muhtar Cumhuriyeti Yuqar\u0131 \u015euras\u0131 Milletlerara munasebetler ve s\u00fcrg\u00fcn olun\u011fan grajdanlarn\u0131\u00f1 meseleleri boyunca Daimiy komissiyan\u0131\u00f1 reisi, Milliy Meclis reisini\u00f1 muavini Remzi \u0130lyasov q\u0131r\u0131mtatar tili inki\u015faf\u0131 boyunca tedbirlerni\u00f1 neticeleri boyunca ve q\u0131r\u0131mtatar tilinde tasil inki\u015faf\u0131n\u0131\u00f1 meselelerine ba\u011f\u0131\u015flan\u011fan topla\u015fuv \u00f6tkerdi. Topla\u015fuvda Q\u0131r\u0131m Yuqar\u0131 \u015euras\u0131n\u0131\u00f1 deputat\u0131, Meclis azas\u0131, &#8220;Maarif\u00e7i&#8221; birle\u015fmesini\u00f1 reisi Safure Kacametova, [&hellip;]\" \/>\n<meta property=\"og:url\" content=\"https:\/\/qtmm.org\/qt\/ana-tili-ve-milliy-tasil-inkisafi-ogrunda\/\" \/>\n<meta property=\"og:site_name\" content=\"\u041c\u0435\u0434\u0436\u043b\u0456\u0441\" \/>\n<meta property=\"article:publisher\" content=\"https:\/\/www.facebook.com\/qtmm.info\/\" \/>\n<meta property=\"article:published_time\" content=\"2012-02-09T10:02:00+00:00\" \/>\n<meta property=\"article:modified_time\" content=\"2022-01-20T10:03:00+00:00\" \/>\n<meta name=\"author\" content=\"Developer\" \/>\n<meta name=\"twitter:card\" content=\"summary_large_image\" \/>\n<meta name=\"twitter:label1\" content=\"Written by\" \/>\n\t<meta name=\"twitter:data1\" content=\"Developer\" \/>\n\t<meta name=\"twitter:label2\" content=\"Est. reading time\" \/>\n\t<meta name=\"twitter:data2\" content=\"2 minutes\" \/>\n<script type=\"application\/ld+json\" class=\"yoast-schema-graph\">{\"@context\":\"https:\\\/\\\/schema.org\",\"@graph\":[{\"@type\":\"Article\",\"@id\":\"https:\\\/\\\/qtmm.org\\\/qt\\\/ana-tili-ve-milliy-tasil-inkisafi-ogrunda\\\/#article\",\"isPartOf\":{\"@id\":\"https:\\\/\\\/qtmm.org\\\/qt\\\/ana-tili-ve-milliy-tasil-inkisafi-ogrunda\\\/\"},\"author\":{\"name\":\"Developer\",\"@id\":\"https:\\\/\\\/qtmm.org\\\/qt\\\/#\\\/schema\\\/person\\\/de562469f971dec226ac06e60bbf74a7\"},\"headline\":\"Ana tili ve milliy tasil inki\u015faf\u0131 o\u011frunda\",\"datePublished\":\"2012-02-09T10:02:00+00:00\",\"dateModified\":\"2022-01-20T10:03:00+00:00\",\"mainEntityOfPage\":{\"@id\":\"https:\\\/\\\/qtmm.org\\\/qt\\\/ana-tili-ve-milliy-tasil-inkisafi-ogrunda\\\/\"},\"wordCount\":335,\"commentCount\":0,\"publisher\":{\"@id\":\"https:\\\/\\\/qtmm.org\\\/qt\\\/#organization\"},\"articleSection\":[\"Haberler\"],\"inLanguage\":\"qt\",\"potentialAction\":[{\"@type\":\"CommentAction\",\"name\":\"Comment\",\"target\":[\"https:\\\/\\\/qtmm.org\\\/qt\\\/ana-tili-ve-milliy-tasil-inkisafi-ogrunda\\\/#respond\"]}]},{\"@type\":\"WebPage\",\"@id\":\"https:\\\/\\\/qtmm.org\\\/qt\\\/ana-tili-ve-milliy-tasil-inkisafi-ogrunda\\\/\",\"url\":\"https:\\\/\\\/qtmm.org\\\/qt\\\/ana-tili-ve-milliy-tasil-inkisafi-ogrunda\\\/\",\"name\":\"Ana tili ve milliy tasil inki\u015faf\u0131 o\u011frunda - \u041c\u0435\u0434\u0436\u043b\u0456\u0441\",\"isPartOf\":{\"@id\":\"https:\\\/\\\/qtmm.org\\\/qt\\\/#website\"},\"datePublished\":\"2012-02-09T10:02:00+00:00\",\"dateModified\":\"2022-01-20T10:03:00+00:00\",\"breadcrumb\":{\"@id\":\"https:\\\/\\\/qtmm.org\\\/qt\\\/ana-tili-ve-milliy-tasil-inkisafi-ogrunda\\\/#breadcrumb\"},\"inLanguage\":\"qt\",\"potentialAction\":[{\"@type\":\"ReadAction\",\"target\":[\"https:\\\/\\\/qtmm.org\\\/qt\\\/ana-tili-ve-milliy-tasil-inkisafi-ogrunda\\\/\"]}]},{\"@type\":\"BreadcrumbList\",\"@id\":\"https:\\\/\\\/qtmm.org\\\/qt\\\/ana-tili-ve-milliy-tasil-inkisafi-ogrunda\\\/#breadcrumb\",\"itemListElement\":[{\"@type\":\"ListItem\",\"position\":1,\"name\":\"\u0413\u043e\u043b\u043e\u0432\u043d\u0430\",\"item\":\"https:\\\/\\\/qtmm.org\\\/qt\\\/\"},{\"@type\":\"ListItem\",\"position\":2,\"name\":\"Ana tili ve milliy tasil inki\u015faf\u0131 o\u011frunda\"}]},{\"@type\":\"WebSite\",\"@id\":\"https:\\\/\\\/qtmm.org\\\/qt\\\/#website\",\"url\":\"https:\\\/\\\/qtmm.org\\\/qt\\\/\",\"name\":\"\u041c\u0435\u0434\u0436\u043b\u0456\u0441\",\"description\":\"\",\"publisher\":{\"@id\":\"https:\\\/\\\/qtmm.org\\\/qt\\\/#organization\"},\"potentialAction\":[{\"@type\":\"SearchAction\",\"target\":{\"@type\":\"EntryPoint\",\"urlTemplate\":\"https:\\\/\\\/qtmm.org\\\/qt\\\/?s={search_term_string}\"},\"query-input\":{\"@type\":\"PropertyValueSpecification\",\"valueRequired\":true,\"valueName\":\"search_term_string\"}}],\"inLanguage\":\"qt\"},{\"@type\":\"Organization\",\"@id\":\"https:\\\/\\\/qtmm.org\\\/qt\\\/#organization\",\"name\":\"\u041c\u0435\u0434\u0436\u043b\u0456\u0441\",\"url\":\"https:\\\/\\\/qtmm.org\\\/qt\\\/\",\"logo\":{\"@type\":\"ImageObject\",\"inLanguage\":\"qt\",\"@id\":\"https:\\\/\\\/qtmm.org\\\/qt\\\/#\\\/schema\\\/logo\\\/image\\\/\",\"url\":\"https:\\\/\\\/qtmm.org\\\/wp-content\\\/uploads\\\/2024\\\/12\\\/ua-mejlis-logo-rgb.svg\",\"contentUrl\":\"https:\\\/\\\/qtmm.org\\\/wp-content\\\/uploads\\\/2024\\\/12\\\/ua-mejlis-logo-rgb.svg\",\"caption\":\"\u041c\u0435\u0434\u0436\u043b\u0456\u0441\"},\"image\":{\"@id\":\"https:\\\/\\\/qtmm.org\\\/qt\\\/#\\\/schema\\\/logo\\\/image\\\/\"},\"sameAs\":[\"https:\\\/\\\/www.facebook.com\\\/qtmm.info\\\/\"]},{\"@type\":\"Person\",\"@id\":\"https:\\\/\\\/qtmm.org\\\/qt\\\/#\\\/schema\\\/person\\\/de562469f971dec226ac06e60bbf74a7\",\"name\":\"Developer\",\"image\":{\"@type\":\"ImageObject\",\"inLanguage\":\"qt\",\"@id\":\"https:\\\/\\\/secure.gravatar.com\\\/avatar\\\/392b4cc8fbfeb00b39dfeeab4ee6edded39ffd48e25858637e4765810300227e?s=96&d=mm&r=g\",\"url\":\"https:\\\/\\\/secure.gravatar.com\\\/avatar\\\/392b4cc8fbfeb00b39dfeeab4ee6edded39ffd48e25858637e4765810300227e?s=96&d=mm&r=g\",\"contentUrl\":\"https:\\\/\\\/secure.gravatar.com\\\/avatar\\\/392b4cc8fbfeb00b39dfeeab4ee6edded39ffd48e25858637e4765810300227e?s=96&d=mm&r=g\",\"caption\":\"Developer\"},\"url\":\"https:\\\/\\\/qtmm.org\\\/qt\\\/author\\\/Developer\\\/\"}]}<\/script>\n<!-- \/ Yoast SEO plugin. -->","yoast_head_json":{"title":"Ana tili ve milliy tasil inki\u015faf\u0131 o\u011frunda - \u041c\u0435\u0434\u0436\u043b\u0456\u0441","robots":{"index":"index","follow":"follow","max-snippet":"max-snippet:-1","max-image-preview":"max-image-preview:large","max-video-preview":"max-video-preview:-1"},"canonical":"https:\/\/qtmm.org\/qt\/ana-tili-ve-milliy-tasil-inkisafi-ogrunda\/","og_locale":"en_US","og_type":"article","og_title":"Ana tili ve milliy tasil inki\u015faf\u0131 o\u011frunda - \u041c\u0435\u0434\u0436\u043b\u0456\u0441","og_description":"2012 senesi fevral 7 k\u00fcn\u00fc Q\u0131r\u0131m Muhtar Cumhuriyeti Yuqar\u0131 \u015euras\u0131 Milletlerara munasebetler ve s\u00fcrg\u00fcn olun\u011fan grajdanlarn\u0131\u00f1 meseleleri boyunca Daimiy komissiyan\u0131\u00f1 reisi, Milliy Meclis reisini\u00f1 muavini Remzi \u0130lyasov q\u0131r\u0131mtatar tili inki\u015faf\u0131 boyunca tedbirlerni\u00f1 neticeleri boyunca ve q\u0131r\u0131mtatar tilinde tasil inki\u015faf\u0131n\u0131\u00f1 meselelerine ba\u011f\u0131\u015flan\u011fan topla\u015fuv \u00f6tkerdi. Topla\u015fuvda Q\u0131r\u0131m Yuqar\u0131 \u015euras\u0131n\u0131\u00f1 deputat\u0131, Meclis azas\u0131, &#8220;Maarif\u00e7i&#8221; birle\u015fmesini\u00f1 reisi Safure Kacametova, [&hellip;]","og_url":"https:\/\/qtmm.org\/qt\/ana-tili-ve-milliy-tasil-inkisafi-ogrunda\/","og_site_name":"\u041c\u0435\u0434\u0436\u043b\u0456\u0441","article_publisher":"https:\/\/www.facebook.com\/qtmm.info\/","article_published_time":"2012-02-09T10:02:00+00:00","article_modified_time":"2022-01-20T10:03:00+00:00","author":"Developer","twitter_card":"summary_large_image","twitter_misc":{"Written by":"Developer","Est. reading time":"2 minutes"},"schema":{"@context":"https:\/\/schema.org","@graph":[{"@type":"Article","@id":"https:\/\/qtmm.org\/qt\/ana-tili-ve-milliy-tasil-inkisafi-ogrunda\/#article","isPartOf":{"@id":"https:\/\/qtmm.org\/qt\/ana-tili-ve-milliy-tasil-inkisafi-ogrunda\/"},"author":{"name":"Developer","@id":"https:\/\/qtmm.org\/qt\/#\/schema\/person\/de562469f971dec226ac06e60bbf74a7"},"headline":"Ana tili ve milliy tasil inki\u015faf\u0131 o\u011frunda","datePublished":"2012-02-09T10:02:00+00:00","dateModified":"2022-01-20T10:03:00+00:00","mainEntityOfPage":{"@id":"https:\/\/qtmm.org\/qt\/ana-tili-ve-milliy-tasil-inkisafi-ogrunda\/"},"wordCount":335,"commentCount":0,"publisher":{"@id":"https:\/\/qtmm.org\/qt\/#organization"},"articleSection":["Haberler"],"inLanguage":"qt","potentialAction":[{"@type":"CommentAction","name":"Comment","target":["https:\/\/qtmm.org\/qt\/ana-tili-ve-milliy-tasil-inkisafi-ogrunda\/#respond"]}]},{"@type":"WebPage","@id":"https:\/\/qtmm.org\/qt\/ana-tili-ve-milliy-tasil-inkisafi-ogrunda\/","url":"https:\/\/qtmm.org\/qt\/ana-tili-ve-milliy-tasil-inkisafi-ogrunda\/","name":"Ana tili ve milliy tasil inki\u015faf\u0131 o\u011frunda - \u041c\u0435\u0434\u0436\u043b\u0456\u0441","isPartOf":{"@id":"https:\/\/qtmm.org\/qt\/#website"},"datePublished":"2012-02-09T10:02:00+00:00","dateModified":"2022-01-20T10:03:00+00:00","breadcrumb":{"@id":"https:\/\/qtmm.org\/qt\/ana-tili-ve-milliy-tasil-inkisafi-ogrunda\/#breadcrumb"},"inLanguage":"qt","potentialAction":[{"@type":"ReadAction","target":["https:\/\/qtmm.org\/qt\/ana-tili-ve-milliy-tasil-inkisafi-ogrunda\/"]}]},{"@type":"BreadcrumbList","@id":"https:\/\/qtmm.org\/qt\/ana-tili-ve-milliy-tasil-inkisafi-ogrunda\/#breadcrumb","itemListElement":[{"@type":"ListItem","position":1,"name":"\u0413\u043e\u043b\u043e\u0432\u043d\u0430","item":"https:\/\/qtmm.org\/qt\/"},{"@type":"ListItem","position":2,"name":"Ana tili ve milliy tasil inki\u015faf\u0131 o\u011frunda"}]},{"@type":"WebSite","@id":"https:\/\/qtmm.org\/qt\/#website","url":"https:\/\/qtmm.org\/qt\/","name":"\u041c\u0435\u0434\u0436\u043b\u0456\u0441","description":"","publisher":{"@id":"https:\/\/qtmm.org\/qt\/#organization"},"potentialAction":[{"@type":"SearchAction","target":{"@type":"EntryPoint","urlTemplate":"https:\/\/qtmm.org\/qt\/?s={search_term_string}"},"query-input":{"@type":"PropertyValueSpecification","valueRequired":true,"valueName":"search_term_string"}}],"inLanguage":"qt"},{"@type":"Organization","@id":"https:\/\/qtmm.org\/qt\/#organization","name":"\u041c\u0435\u0434\u0436\u043b\u0456\u0441","url":"https:\/\/qtmm.org\/qt\/","logo":{"@type":"ImageObject","inLanguage":"qt","@id":"https:\/\/qtmm.org\/qt\/#\/schema\/logo\/image\/","url":"https:\/\/qtmm.org\/wp-content\/uploads\/2024\/12\/ua-mejlis-logo-rgb.svg","contentUrl":"https:\/\/qtmm.org\/wp-content\/uploads\/2024\/12\/ua-mejlis-logo-rgb.svg","caption":"\u041c\u0435\u0434\u0436\u043b\u0456\u0441"},"image":{"@id":"https:\/\/qtmm.org\/qt\/#\/schema\/logo\/image\/"},"sameAs":["https:\/\/www.facebook.com\/qtmm.info\/"]},{"@type":"Person","@id":"https:\/\/qtmm.org\/qt\/#\/schema\/person\/de562469f971dec226ac06e60bbf74a7","name":"Developer","image":{"@type":"ImageObject","inLanguage":"qt","@id":"https:\/\/secure.gravatar.com\/avatar\/392b4cc8fbfeb00b39dfeeab4ee6edded39ffd48e25858637e4765810300227e?s=96&d=mm&r=g","url":"https:\/\/secure.gravatar.com\/avatar\/392b4cc8fbfeb00b39dfeeab4ee6edded39ffd48e25858637e4765810300227e?s=96&d=mm&r=g","contentUrl":"https:\/\/secure.gravatar.com\/avatar\/392b4cc8fbfeb00b39dfeeab4ee6edded39ffd48e25858637e4765810300227e?s=96&d=mm&r=g","caption":"Developer"},"url":"https:\/\/qtmm.org\/qt\/author\/Developer\/"}]}},"_links":{"self":[{"href":"https:\/\/qtmm.org\/qt\/wp-json\/wp\/v2\/posts\/28428","targetHints":{"allow":["GET"]}}],"collection":[{"href":"https:\/\/qtmm.org\/qt\/wp-json\/wp\/v2\/posts"}],"about":[{"href":"https:\/\/qtmm.org\/qt\/wp-json\/wp\/v2\/types\/post"}],"author":[{"embeddable":true,"href":"https:\/\/qtmm.org\/qt\/wp-json\/wp\/v2\/users\/1"}],"replies":[{"embeddable":true,"href":"https:\/\/qtmm.org\/qt\/wp-json\/wp\/v2\/comments?post=28428"}],"version-history":[{"count":1,"href":"https:\/\/qtmm.org\/qt\/wp-json\/wp\/v2\/posts\/28428\/revisions"}],"predecessor-version":[{"id":28429,"href":"https:\/\/qtmm.org\/qt\/wp-json\/wp\/v2\/posts\/28428\/revisions\/28429"}],"wp:attachment":[{"href":"https:\/\/qtmm.org\/qt\/wp-json\/wp\/v2\/media?parent=28428"}],"wp:term":[{"taxonomy":"category","embeddable":true,"href":"https:\/\/qtmm.org\/qt\/wp-json\/wp\/v2\/categories?post=28428"},{"taxonomy":"post_tag","embeddable":true,"href":"https:\/\/qtmm.org\/qt\/wp-json\/wp\/v2\/tags?post=28428"}],"curies":[{"name":"wp","href":"https:\/\/api.w.org\/{rel}","templated":true}]}}