




{"id":28419,"date":"2012-02-07T23:50:00","date_gmt":"2012-02-07T20:50:00","guid":{"rendered":"http:\/\/qtmm.org\/?p=28419"},"modified":"2022-01-19T23:54:08","modified_gmt":"2022-01-19T20:54:08","slug":"m-cemilev-qurultayga-alternativa-yoqtir","status":"publish","type":"post","link":"https:\/\/qtmm.org\/qt\/m-cemilev-qurultayga-alternativa-yoqtir\/","title":{"rendered":"M.Cemilev: QURULTAY\u011eA ALTERNAT\u0130VA YOQTIR"},"content":{"rendered":"\n<p>&#8211;&nbsp;<em><strong>Mustafa-bey, q\u0131r\u0131mtatar milliy areketi on y\u0131llar devam\u0131nda \u015fekillenip keldi. Bu vaq\u0131t i\u00e7inde insanlarn\u0131\u00f1 milliy arekette i\u015ftirak et\u00fcvini\u00f1 \u015fekilleri de\u00f1i\u015fti. Eger, ba\u015fta yerlerde te\u015febb\u00fcs\u00e7i gruppalar tizilgen olsa, yigirmi y\u0131l evelsi milliy vek\u00e2letlikni\u00f1 sistemas\u0131 &#8211; Qurultay-Meclis sistemas\u0131 quruld\u0131. Sizi\u00f1 fikri\u00f1izce, bu sistema meydan\u011fa ketirilgen so\u00f1 inki\u015faf\u0131 k\u00f6zetilemi ve angi y\u00f6neli\u015fte?<\/strong><\/em><\/p>\n\n\n\n<p>&#8211; Milliy areket te\u015febb\u00fcs\u00e7i gruppalardan ba\u015flanmad\u0131. Stalinni\u00f1 \u00f6l\u00fcminden so\u00f1 kommunist rejimini\u00f1 &#8220;vegetarian&#8221; devri ba\u015flan\u0131p, art\u0131q insanlarn\u0131 \u00f6z fikirlerini a\u00e7\u0131q bildirgeni i\u00e7\u00fcn bir kereden \u00f6ld\u00fcrmeden, sor\u011fu ve taqiqatqa o\u011frat\u0131p, i\u015ften bo\u015fata, institut ve partiyalardan quvalay, apshane ve lagerlerge y\u00f6nete ediler. \u0130\u015fte bu zaman ke\u00e7mi\u015fte yaz\u0131c\u0131, cenk veteranlar\u0131 ve Q\u0131r\u0131m Muhtar Cumhuriyetini\u00f1 sab\u0131q erbaplar\u0131 devlet reberlerine q\u0131r\u0131mtatar meselesini baqmaq ve vatan\u011fa qaytarmaq, yani milliy-territorial muhtariyatn\u0131 \u011fayr\u0131dan tiklev aqq\u0131nda muracaat ettiler. Ayn\u0131 zamanda &#8220;\u00c7\u0131r\u00e7\u0131q gruppas\u0131&#8221;n\u0131\u00f1 gizli vereqalar\u0131, gen\u00e7lerni\u00f1 gizli te\u015fkil\u00e2tlar\u0131 areket ettiler. So\u00f1undan bir \u00e7oqlar\u0131 sovetlerge qar\u015f\u0131 te\u015fviqatta qabaatlan\u0131p, yaqaland\u0131lar. Mesel\u00e2, \u00c7\u0131r\u00e7\u0131qta E. Seferov ve \u015e Abdurahmanovn\u0131\u00f1 i\u015fi, 1961 senesi Ta\u015fkentte &#8220;Q\u0131r\u0131mtatar gen\u00e7lerini\u00f1 birligi&#8221; boyunca i\u015f. So\u00f1ra, 1964 senesinden ba\u015flap q\u0131r\u0131mtatarlar toplu ya\u015fa\u011fan yerlerde te\u015febb\u00fcs\u00e7i gruppalar meydan\u011fa ketirilip, Moskva\u011fa delegatsiyalar yollan\u0131ld\u0131.<\/p>\n\n\n\n<p>Siyasiy te\u015fkil\u00e2t\u00e7\u0131l\u0131qn\u0131\u00f1 b\u00f6yle \u015fekili sab\u0131q Sovetler memleketinde unikal ve birinci edi. Ebet, on\u0131\u00f1 em m\u00fcsbet, em menfiy taraflar\u0131 bar. Te\u015febb\u00fcs\u00e7i gruppalarn\u0131 siyasiy demek olmaz ve cinaiy kodeksni\u00f1 ait maddesi boyunca su\u00e7lamaq zor edi. Bu gruppalarn\u0131 daa da ziyade qor\u00e7alamaq i\u00e7\u00fcn Milliy areketimizni\u00f1 konservativ y\u00f6neli\u015f tarafdarlar\u0131 olarn\u0131 &#8220;q\u0131r\u0131mtatar milliy meselesini lenincesine \u00e7ezmek boyunca partiya ve \u00fck\u00fcmetke yard\u0131mc\u0131 te\u015febb\u00fcs\u00e7i gruppalar&#8221; dep adland\u0131rd\u0131lar. Amma te\u015febb\u00fcs\u00e7i gruppalar\u011fa KGB casuslar\u0131n\u0131 si\u00f1dirmek de pek qolay old\u0131, ve atta tolus\u0131nen organlar\u011fa boysun\u011fan te\u015febb\u00fcs\u00e7i gruppalar ve aq\u0131mlar da meydan\u011fa ketirildi. Do\u011fru, casuslardan qorqacaq yerimiz yoq edi, \u00e7\u00fcnki bizde er \u015fey a\u00e7\u0131qtan-a\u00e7\u0131q ayt\u0131ld\u0131. L\u00e2kin organlar qolast\u0131ndaki ve \u00e7oqus\u0131 biri-birinen a\u00f1la\u015f\u0131p olama\u011fan te\u015febb\u00fcs\u00e7i gruppalar halq k\u00fc\u00e7lerini\u00f1 birle\u015fmesine baya\u011f\u0131 keder etti. \u015eun\u0131 da qayd etmeli ki, o vaq\u0131tlarda halq\u0131m\u0131zn\u0131\u00f1 \u00f6z siyasiy uquqlar\u0131n\u0131 talap et\u00fcvni\u00f1 diger \u015fekilleri daa yoq edi. Halq vekillerini a\u00e7\u0131qtan-a\u00e7\u0131q saylamaq, Qurultay \u00e7a\u011f\u0131rmaq ve vek\u00e2letli organ\u0131m\u0131zn\u0131 qurmaqn\u0131\u00f1 laf\u0131n\u0131 bile etmek imk\u00e2ns\u0131z edi. Bu i\u015f tek \u011fayr\u0131dan quruv ve sovetler rejimi da\u011f\u0131luv\u0131 arfesinde ker\u00e7ekle\u015fti.<\/p>\n\n\n\n<p>Bir \u00e7oq tedqiqat\u00e7\u0131larn\u0131\u00f1 bildirgenine k\u00f6re sab\u0131q SSSRde Qurultayn\u0131\u00f1 \u00e7a\u011f\u0131r\u0131lmas\u0131 ve Meclisni\u00f1 saylanmas\u0131 q\u0131r\u0131mtatar halq\u0131 milliy areketini\u00f1 tam zaman\u0131nda al\u0131n\u011fan qarar old\u0131. Aq\u0131l\u0131mda, 90-nc\u0131 senelerde Corc Va\u015fington ad\u0131na universitette men SSSRde uquqqoruv areketi aqq\u0131nda lektsiya ile \u00e7\u0131q\u0131\u015f yapqan\u0131mda meni di\u00f1leyicilerge taqdim etken professor b\u00f6yle dedi: &#8220;Sovetler Birliginde milliy areketler \u00e7oq old\u0131, olarn\u0131\u00f1 say\u0131s\u0131 bilhassa \u011fayr\u0131dan quruv devrinde yani endi kimse apske al\u0131nma\u011fan vaq\u0131tta ziyade artt\u0131. Teess\u00fcf ki, bir \u00e7oq milliy areketler pek tez par\u00e7aland\u0131, biri-birilerine du\u015fman ol\u011fan q\u0131s\u0131mlar\u011fa b\u00f6l\u00fcndi. Amma q\u0131r\u0131mtatarlarn\u0131\u00f1 milliy areketi sovet rejimi y\u0131q\u0131l\u011fan so\u00f1 b\u00f6l\u00fcnmedi, aksine daa da quvetli old\u0131. Em bu, esasen olar \u00f6z vaqt\u0131nda halq\u0131 aras\u0131nda demokratik saylavlar ke\u00e7irip, vek\u00e2letli organlar\u0131n\u0131 sayla\u011fanlar\u0131 ve \u00f6z-\u00f6z\u00fcni idare et\u00fcvni\u00f1 demokratik sistemas\u0131n\u0131 qur\u011fanlar\u0131 sayesinde m\u00fcmk\u00fcn old\u0131&#8221;.<\/p>\n\n\n\n<p>\u00d6z-\u00f6z\u00fcni idare et\u00fcv demokratik sistemas\u0131n\u0131\u00f1 inki\u015faf\u0131na kelsek, eger de devlet i\u00e7inde nas\u0131ld\u0131r kardinal de\u00f1i\u015fmeler y\u00fcz berip de bu sistema endi k\u00fcn talaplar\u0131na cevap bermey eken, demek bizim sistemam\u0131zn\u0131 da de\u00f1i\u015ftirmek aqq\u0131nda t\u00fc\u015f\u00fcnmek kerekmiz. Amma ke\u00e7ken 20 y\u0131l i\u00e7inde devletimizde sistemam\u0131zn\u0131 de\u00f1i\u015ftirmege sebep olacaq adiseler olmad\u0131. Umumen, vek\u00e2letlik sistemas\u0131n\u0131\u00f1 s\u0131q-s\u0131q de\u00f1i\u015ftirilmesi teraqqkiyattan del\u00e2let degildir. Mesel\u00e2, B\u00fcy\u00fck Britaniya parlament sistemas\u0131 m\u0131na endi 200 y\u0131ldan berli de\u00f1i\u015fmese de, al\u00e2 daa demokratik printsiplerge bazanmaqn\u0131 devam ete.<\/p>\n\n\n\n<p>&#8211;&nbsp;<em><strong>Qurultay ve meclis qurul\u011fan so\u00f1 milliy arekettte peyda ol\u011fan \u00e7e\u015fit gruppalar bu vek\u00e2letli organlarn\u0131\u00f1 qararlar\u0131 ve faaliyetine qar\u015f\u0131 \u00e7\u0131qt\u0131lar. C\u00fcmleden, Aqsaqallar ke\u00f1e\u015fi, Ukraina musulmanlar\u0131n\u0131\u00f1 partiyas\u0131, Q\u0131r\u0131mtatar blok\u0131n\u0131 hat\u0131rlamaq m\u00fcmk\u00fcn. Amma, eger b\u00f6yle qurumlarn\u0131\u00f1 faaliyeti q\u0131sqa m\u00fcddeti olsa, bug\u00fcnde-bug\u00fcn endi muntazam faaliyet k\u00f6stergen ve \u00f6z areketlerini birle\u015ftirmege t\u0131r\u0131\u015fqan b\u00f6yle gruppalarn\u0131\u00f1 say\u0131s\u0131 \u00e7oqla\u015ft\u0131. Sizi\u00f1 fikri\u00f1izce b\u00f6yle de\u00f1i\u015fmelerni\u00f1 sebebi nede ve bu nas\u0131l aqibetlerge ketire bilir?<\/strong><\/em><\/p>\n\n\n\n<p>&#8211; Milliy arekette gruppalar ve aq\u0131mlar daa 1991 senesi Qurultay \u00e7a\u011f\u0131r\u0131lmazdan evel de mevcut edi. Bu normal bir al, \u00e7\u00fcnki b\u00fct\u00fcn insanlarn\u0131\u00f1 fikiri ayn\u0131 olabilmez, er kesni\u00f1 de ayatiy tecribesi, zek\u00e2 seviyesi, bilgisi, milliy areket printsiplerine sad\u0131ql\u0131\u011f\u0131 bir olmaz. Milliy areketni\u00f1 yollar\u0131 ve usullar\u0131 boyunca fikirler 60-nc\u0131 y\u0131llarn\u0131\u00f1 ekinci yar\u0131s\u0131na kelip, yani q\u0131r\u0131mtatarlarn\u0131\u00f1 \u00f6z aqlar\u0131 i\u00e7\u00fcn k\u00fcre\u015fi aqq\u0131nda yaz\u0131lar \u00e7etel matbuat vastalar\u0131nda peyda ol\u0131p ba\u015fla\u011fanda b\u00f6l\u00fcngeni k\u00f6zetildi. Areketni\u00f1 kommunistlerge meyil bergen ya da eskicesine fikir etken q\u0131sm\u0131 bu, milliy areketke zarar ketire, akimlerni q\u0131r\u0131mtatarlar\u011fa daa ziyade qar\u015f\u0131 qoya ve mesele \u00e7ezimini kerige \u00e7ek, dep saya edi. Bun\u0131\u00f1 kibi de olar SSSRdeki diger uquqqoruy\u0131c\u0131larnen qonu\u015f\u0131lmas\u0131 ve \u00e7al\u0131\u015f\u0131lmas\u0131na da qar\u015f\u0131 ol\u0131p, tek &#8220;tuv\u011fan lenin partiyas\u0131na&#8221; muracaat etmek kerek, dep saya ediler. Baz\u0131lar\u0131 ise b\u00fct\u00fcn sistema demokratla\u015ft\u0131r\u0131lmadan i\u00e7 bir t\u00fcrl\u00fc, \u015fu c\u00fcmleden, q\u0131r\u0131mtatar meselesi de \u00e7ezilmez degen fikirde ediler. Sovetler akimiyeti bu meseleni \u00e7ezecegine i\u015fan\u0131p, meseleni\u00f1 \u00e7enzilmemesi \u00e7ezilmesinden paal\u0131ca t\u00fc\u015fecegini a\u00f1laycaq, dep belley ediler. \u0130\u015fte, areketni\u00f1 bir q\u0131sm\u0131 uquqqoruv areketini\u00f1 k\u00fc\u00e7l\u00fc bir qanat\u0131 ol\u011fanda, bun\u0131 qabul etmegenlernen munasebetimiz biraz suvuq\u00e7a edi.<\/p>\n\n\n\n<p>Amma, gruppalar ve aq\u0131mlar halq meselesi \u00e7ezimini\u00f1 ba\u015fqa t\u00fcrl\u00fc yollar\u0131 ve usullar\u0131n\u0131 t\u00fc\u015f\u00fcngenleri boyunca qurul\u011fanlar\u0131 ba\u015fqa da, Milliy areketni par\u00e7alamaq, zay\u0131flatmaq maqsad\u0131nen qurul\u0131p da, on\u0131\u00f1 esas\u00e7\u0131lar\u0131 bu i\u015fni m\u0131tlaqa bir de-bir gruppan\u0131\u00f1 yetek\u00e7isi olmaq i\u00e7\u00fcn meydan\u011fa ketirgeni ba\u015fqa.&nbsp; Aq\u0131l\u0131mda, nas\u0131l 1993 senesi &#8220;Azatl\u0131q&#8221; Radios\u0131na intervy\u00fc bergen SSSR Devlet Tel\u00fckesizligi Komiteti 5-nci b\u00f6l\u00fcgini\u00f1 ba\u015f\u0131 podpolkovnik A.N.Ki\u00e7ihin milliy areketlerge qar\u015f\u0131 k\u00fcre\u015f\u00fcv usullar\u0131 aqq\u0131nda ik\u00e2ye eter eken, yal\u0131\u00f1\u0131z repressiya usullar\u0131 degil de, areket aras\u0131na \u015f\u0131na qaqqan gruppalar te\u015fkil etmek yollar\u0131 da qullan\u0131l\u011fan\u0131n\u0131 aytt\u0131. Misal s\u0131fat\u0131nda o, q\u0131r\u0131mtatar areketini ketirip, ne qadar aq\u0131m ve gruppalar qurul\u011fan\u0131n\u0131 tarif etti. A.Ki\u00e7ihinni\u00f1 bu s\u00f6zleri bizim k\u00fctleviy matbuat vastalar\u0131m\u0131zda da yay\u0131nland\u0131. S\u00f6z s\u0131ras\u0131, \u015fu &#8220;parallel aq\u0131mlarn\u0131\u00f1&#8221; vekilleri \u015fimdi kendilerini &#8220;milliy areket veteranlar\u0131&#8221; olaraq tan\u0131ta ve Mecliske qar\u015f\u0131 beyanatlarnen \u00e7\u0131qalar.<\/p>\n\n\n\n<p>Siz qayd ettigi\u00f1iz &#8220;Aqsaqallar ke\u00f1e\u015fi&#8221;, &#8220;Ukraina musulmanlar\u0131 partiyas\u0131&#8221; ve &#8220;Q\u0131r\u0131mtatar blok\u0131&#8221; \u2013 bu ba\u015fqa t\u00fcrl\u00fc \u015fey. Bularn\u0131\u00f1 s\u0131ras\u0131nda birincisini 1999 senesi Meclisnen munasebetleri pek o qadar yah\u015f\u0131 olma\u011fan Q\u0131r\u0131m Kommunist partiyas\u0131n\u0131\u00f1 ba\u015f\u0131 ve Q\u0131r\u0131m parlamentini\u00f1 reisi L.Gra\u00e7 \u00f6z qolast\u0131nda bir de-bir q\u0131r\u0131mtatar qurum\u0131n\u0131 peyda etmek i\u00e7\u00fcn qur\u011fan edi. L.Gra\u00e7 ketken so\u00f1 tabiiy ki halq aras\u0131nda endi &#8220;aq\u015faqallar&#8221; denilgen &#8220;aqsaqallar&#8221; da ke\u00e7mi\u015fke d\u00f6ndiler. Bularn\u0131\u00f1 baz\u0131lar\u0131 \u015fimdi de Mecliske qar\u015f\u0131 qurul\u011fan te\u015fkil\u00e2tlarda, g\u015fu c\u00fcmleden &#8220;Q\u0131r\u0131mtatar halq cebesinde&#8221; k\u00f6r\u00fcneler. &#8220;Ukraina musulmanlar\u0131 partiyas\u0131&#8221; ve &#8220;Q\u0131r\u0131mtatar blok\u0131&#8221; sadece saylavlar arfesinde qurul\u011fan te\u015fkil\u00e2tlard\u0131r. Birincisi Regionlar firqas\u0131 qur\u011fan olsa, ekincisi deputatl\u0131qqa namzetini k\u00f6stergen q\u0131r\u0131ml\u0131 i\u015f adam\u0131n\u0131\u00f1 paras\u0131na yap\u0131ld\u0131. Ekisini\u00f1 de vazifesi q\u0131r\u0131mtatar saylavc\u0131lar\u0131n\u0131\u00f1 reylerini par\u00e7alamaq edi.<br>\u015eimdi b\u00fct\u00fcn \u015fu eski ve ya\u00f1\u0131 gruppalarn\u0131 Mecliske qar\u015f\u0131 bir &#8220;cebege&#8221; birli\u015fetirmek \u00e7areleri k\u00f6r\u00fclmekte. Amma aqibeti tam &#8220;aq\u015faqallarn\u0131\u00f1ki&#8221; kibi olaca\u011f\u0131 \u015f\u00fcbesiz, \u00e7\u00fcnki q\u0131r\u0131mtatar halq\u0131 endi \u00e7oqtan b\u00f6yle \u015feylerni qabul etmey.<\/p>\n\n\n\n<p>&#8211;&nbsp;<em><strong>Q\u0131r\u0131mda endi bir qa\u00e7 kere &#8220;q\u0131r\u0131mtatarlarn\u0131\u00f1 umummilliy topla\u015fuv\u0131&#8221; ke\u00e7irildi. Siz nas\u0131l deysi\u00f1iz, bug\u00fcn de Qurultay\u011fa alternativ cemaat qurumlar\u0131n\u0131 meydan\u011fa ketirmek areketleri yap\u0131lam\u0131?<\/strong><\/em><\/p>\n\n\n\n<p>&#8211; Q\u0131r\u0131mtatarlarn\u0131\u00f1 umummilliy topla\u015fuv\u0131 dep q\u0131r\u0131mtatarlarn\u0131\u00f1 kendisi aq\u0131lane bir sistema boyunca saylan\u011fan insanlar i\u015ftirak etken toplant\u0131lar\u011fa aytmaq m\u00fcmk\u00fcn. Embu saylavlar b\u00fct\u00fcn halqn\u0131 ya\u00e7 da i\u00e7 olmasa on\u0131\u00f1 b\u00fcy\u00fck bir q\u0131sm\u0131n\u0131 qavrap almas\u0131 l\u00e2zim. Bug\u00fcnde-bug\u00fcn Q\u0131r\u0131mtatarlarn\u0131\u00f1 umummilliy topla\u015fuv\u0131 tek Q\u0131r\u0131mtatar halq\u0131 qurultay\u0131n\u0131\u00f1 sessiyaolar\u0131d\u0131r. Elli-y\u00fcz adam tek Meclisni\u00f1 zay\u0131f taraflar\u0131n\u0131 \u00f6\u015feklemek i\u00e7\u00fcn toplan\u011fan insanlarn\u0131\u00f1 birle\u015fmelerini umummilliy topla\u015fuv demek \u00f6z halq\u0131\u00f1a nisbeten say\u011f\u0131s\u0131zl\u0131q k\u00f6stermektir. Yaz\u0131qlar olsun ki, bizde b\u00f6ylesi de ola.<\/p>\n\n\n\n<p>Qurultay\u011fa qar\u015f\u0131 onlarnen gruppalar teye\u015fkil etmek ve olarn\u0131 atta birle\u015ftirmek de m\u00fcmk\u00fcndir, amma halq olarn\u0131 saylamasa bu, Qurultay\u011fa nas\u0131l etip alternativ olabilir ki? Faraz eteyik ki, olar ker\u00e7ekten de b\u00fct\u00fcn halqn\u0131 ve ya da yar\u0131s\u0131n\u0131 qaplap al\u011fan saylavlarn\u0131 ke\u00e7irip, nas\u0131ld\u0131r bir ya\u00f1\u0131 vek\u00e2letli organ qur\u0131p olurlar. O zaman Qurultay halqn\u0131\u00f1 par\u00e7alanmas\u0131na yol bermemek i\u00e7\u00fcn \u00f6z\u00fc da\u011f\u0131l\u0131p, delegatlar\u0131 ise ya\u00f1\u0131 qurumn\u0131\u00f1 faaliyetine qo\u015fulmaq kerekler.<br>Amma, e\u00f1 do\u011frus\u0131 \u015fu ki, Qurultay faaliyetinen memn\u00fcn olma\u011fan bu insanlar halqn\u0131\u00f1 i\u015fan\u00e7\u0131n\u0131 \u00f6z i\u015flerinen qazan\u0131p, on\u0131\u00f1 delegatlar\u0131 olaraq se\u00e7ilseler ve \u00f6zleri do\u011fru dep bilgen qararlarn\u0131\u00f1, \u015fu c\u00fcmleden Meclis terkibi boyunca da, Qurultayda al\u0131nmas\u0131na t\u0131r\u0131\u015fsalar. Demek, epsi bir Qurultay\u011fa alternativa yoqt\u0131r.<\/p>\n\n\n\n<p>&#8211;&nbsp;<strong><em>Ke\u00e7enlerde , halq vekillerine 60-70-nci senelerdekisi kibi q\u0131r\u0131mtatar halq\u0131 vekilini\u00f1 mandat\u0131n\u0131 bermek tecribesini canland\u0131rmaq fikiri bildirildi. Bundan eayel ise milliy vek\u00e2letli organ\u011fa q\u0131r\u0131mtatarlar aras\u0131ndan saylan\u011fan er angi seviyedeki deputatlarn\u0131 avtomatik s\u00fcrette kirsetmek teklifi de seslendirilgen edi. Bu, yigirmi y\u0131ldan berli saylav esas\u0131nda \u015fekillengen Qurultay-Meclisni de\u00f1i\u015ftirmek areketleri degilmi?<\/em><\/strong><\/p>\n\n\n\n<p>&#8211; Bir qasaba, maalle ve ya da soqaq sakinlerini\u00f1 imzalar\u0131nen pekitilgen &#8220;Mandat&#8221;lar Moskva\u011fa delegat olaraq yollan\u0131l\u011fanlar\u011fa berilip, bu akimler i\u00e7\u00fcn degil de ziyade Moskva\u011fa kelgen delegatlar\u011fa yolba\u015f\u00e7\u0131l\u0131q yapqanlar\u011fa kim qaydan kelgenini bilmek i\u00e7\u00fcn kerek edi. \u015eimdi endi vekillerni a\u00e7\u0131q saylav imk\u00e2n\u0131 ol\u011fanda mandatlar\u011fa qaytmaq aq\u0131ls\u0131zl\u0131qt\u0131r. \u00c7\u00fcnki \u015fimdi bu mandatlarn\u0131 kimse ciddiy qabul etmez ve halq vekili dep de saymaz. Bug\u00fcn istegen yeri\u00f1de ve istegeni\u00f1 qadar imza toplaya bilirsi\u00f1. Bu \u011fayelerni\u00f1 te\u015febb\u00fcs\u00e7ileri ise saylanmaq \u015fans\u0131ndan marum, ke\u00e7mi\u015fte \u015fu &#8220;parallel aq\u0131mlarn\u0131\u00f1&#8221; veteranlar\u0131 ol\u011fan insanlard\u0131r.<\/p>\n\n\n\n<p>Deputatlarn\u0131 vekiller s\u0131ras\u0131na avtomatik \u015fekilde kirsetmek de olmaz, \u00e7\u00fcnki olar q\u0131r\u0131mtatar halq\u0131n\u0131\u00f1 vekilleri olaraq degil de o ya da bu okrug, o ya da bu partiyadan saylanalar. Anda ise tek q\u0131r\u0131mtatarlar\u0131 degil, ba\u015fqalar\u0131 da bar. \u00d6yle bir deputatlar bar ki, mesel\u00e2 Cank\u00f6y rayon\u0131nda &#8220;rus blok\u0131ndan&#8221;, Kefede ise kommunistler taraf\u0131ndan saylan\u0131p, olar i\u00e7\u00fcn q\u0131r\u0131mtatarlar asl\u0131 da rey bermegen.<\/p>\n\n\n\n<p>&#8211;&nbsp;<em><strong>Qurultay ve Meclis faaliyetinde angi y\u00f6neli\u015fler \u00fcst\u00fcn k\u00f6r\u00fcle?<\/strong><\/em><\/p>\n\n\n\n<p>&#8211; Meclis ve Qurultay semetde\u015flerini\u00f1 b\u00fctb\u00fcn problemlerinen me\u015f\u011ful ol\u011fan\u0131 alda, bir de birine \u00fcst\u00fcnlik bermey. Amma e\u00f1 m\u00fcimleri s\u0131ras\u0131nda Ukrainan\u0131\u00f1 Q\u0131r\u0131mtatar halq\u0131 ve s\u00fcrg\u00fcn etilgen diger milletlerni\u00f1 uquqlar\u0131n\u0131 \u011fayr\u0131dan quruv boyunca qanun\u0131n\u0131\u00f1 qabul etilmesi, topraq meselesinde adaletni tiklev, s\u00fcrg\u00fcnlikte ya\u015fama\u011fa mecbur ol\u011fan semetde\u015flerimizni qaytaruv, muhtariyatn\u0131\u00f1 akimiyet organlar\u0131nda q\u0131r\u0131mtatarlarn\u0131\u00f1 vek\u00e2letligini teminlev, anna tilimizde tasilni tiklev ve bir \u00e7oq sotsial meselelernin \u00e7ezimini qayd etmek isteyim.<\/p>\n\n\n\n<p>Q\u0131r\u0131mtatarlarn\u0131\u00f1 53 % mesken problemlerini \u00e7ezmek zorundalar, olarn\u0131\u00f1 \u00f6z evleri yoq, ol\u011fan\u0131nda ise normal \u015faraitler yoqt\u0131r. Q\u0131r\u0131mtatarlar toplu ya\u015fa\u011fan qasabalarda da vaziyet a\u011f\u0131r \u2013 yol, q\u0131zd\u0131ruv, suv ve \u0131\u015f\u0131q a\u011flar\u0131 al\u00e2 daa ke\u00e7irilmegen. Tasilimizni\u00f1 al\u0131 ise daa da beter \u2013 \u00f6sip keleyatqan nesil tilini \u011fay\u0131p etmekte.<\/p>\n\n\n\n<p>B\u00fct\u00fcn bu \u015feylerge para kerek, devlet b\u00fccetinden sermiya ay\u0131ruv ise tsifir derecede. Bu maqsadlar\u011fa qom\u015fu devletlerden yard\u0131m istedik. T\u00fcrkiye bir qa\u00e7 mektep, cami, q\u0131r\u0131mtatar medeniyet merkezini quruc\u0131l\u0131\u011f\u0131n\u0131 finansirlemege az\u0131r. Eger bular amelge ke\u00e7irilse, bizim devletimiz yigirmi y\u0131ldan berli ay\u0131r\u011fan sermiyadan ziyade olacaq. Amma m\u0131nda da devlet \u00e7inovnikleri T\u0130KA programmalar\u0131n\u0131\u00f1 tasdiqlanmas\u0131n\u0131 ep keri \u00e7eke.<br>Bu esnada Q\u0131r\u0131m ve q\u0131r\u0131mtatar halq\u0131n\u0131\u00f1 problemleri boyunca \u015fu y\u0131ln\u0131\u00f1 so\u00f1unda ke\u00e7irmekni planla\u015ft\u0131rd\u0131\u011f\u0131m\u0131z halqara forum\u011fa \u00fcm\u00fcdimiz pek b\u00fcy\u00fck.<\/p>\n\n\n\n<p class=\"has-text-align-right\"><em><strong>Nariman CEL\u00c2L subetle\u015fti<\/strong><\/em><\/p>\n\n\n\n<p class=\"has-text-align-right\"><a href=\"http:\/\/www.avdet.org\/tr\" target=\"_blank\" rel=\"noreferrer noopener\"><em><strong>&#8220;Avdet&#8221; gazetas\u0131ndan al\u0131nd\u0131.<\/strong><\/em><\/a><\/p>\n","protected":false},"excerpt":{"rendered":"<p>&#8211;&nbsp;Mustafa-bey, q\u0131r\u0131mtatar milliy areketi on y\u0131llar devam\u0131nda \u015fekillenip keldi. Bu vaq\u0131t i\u00e7inde insanlarn\u0131\u00f1 milliy arekette i\u015ftirak et\u00fcvini\u00f1 \u015fekilleri de\u00f1i\u015fti. Eger, ba\u015fta yerlerde te\u015febb\u00fcs\u00e7i gruppalar tizilgen olsa, yigirmi y\u0131l evelsi milliy vek\u00e2letlikni\u00f1 sistemas\u0131 &#8211; Qurultay-Meclis sistemas\u0131 quruld\u0131. Sizi\u00f1 fikri\u00f1izce, bu sistema meydan\u011fa ketirilgen so\u00f1 inki\u015faf\u0131 k\u00f6zetilemi ve angi y\u00f6neli\u015fte? &#8211; Milliy areket te\u015febb\u00fcs\u00e7i gruppalardan ba\u015flanmad\u0131. Stalinni\u00f1 [&hellip;]<\/p>\n","protected":false},"author":1,"featured_media":0,"comment_status":"open","ping_status":"open","sticky":false,"template":"","format":"standard","meta":{"inline_featured_image":false,"footnotes":""},"categories":[265],"tags":[],"class_list":["post-28419","post","type-post","status-publish","format-standard","hentry","category-haberler"],"acf":[],"yoast_head":"<!-- This site is optimized with the Yoast SEO plugin v27.4 - https:\/\/yoast.com\/product\/yoast-seo-wordpress\/ -->\n<title>M.Cemilev: QURULTAY\u011eA ALTERNAT\u0130VA YOQTIR - \u041c\u0435\u0434\u0436\u043b\u0456\u0441<\/title>\n<meta name=\"robots\" content=\"index, follow, max-snippet:-1, max-image-preview:large, max-video-preview:-1\" \/>\n<link rel=\"canonical\" href=\"https:\/\/qtmm.org\/qt\/m-cemilev-qurultayga-alternativa-yoqtir\/\" \/>\n<meta property=\"og:locale\" content=\"en_US\" \/>\n<meta property=\"og:type\" content=\"article\" \/>\n<meta property=\"og:title\" content=\"M.Cemilev: QURULTAY\u011eA ALTERNAT\u0130VA YOQTIR - \u041c\u0435\u0434\u0436\u043b\u0456\u0441\" \/>\n<meta property=\"og:description\" content=\"&#8211;&nbsp;Mustafa-bey, q\u0131r\u0131mtatar milliy areketi on y\u0131llar devam\u0131nda \u015fekillenip keldi. Bu vaq\u0131t i\u00e7inde insanlarn\u0131\u00f1 milliy arekette i\u015ftirak et\u00fcvini\u00f1 \u015fekilleri de\u00f1i\u015fti. Eger, ba\u015fta yerlerde te\u015febb\u00fcs\u00e7i gruppalar tizilgen olsa, yigirmi y\u0131l evelsi milliy vek\u00e2letlikni\u00f1 sistemas\u0131 &#8211; Qurultay-Meclis sistemas\u0131 quruld\u0131. Sizi\u00f1 fikri\u00f1izce, bu sistema meydan\u011fa ketirilgen so\u00f1 inki\u015faf\u0131 k\u00f6zetilemi ve angi y\u00f6neli\u015fte? &#8211; Milliy areket te\u015febb\u00fcs\u00e7i gruppalardan ba\u015flanmad\u0131. Stalinni\u00f1 [&hellip;]\" \/>\n<meta property=\"og:url\" content=\"https:\/\/qtmm.org\/qt\/m-cemilev-qurultayga-alternativa-yoqtir\/\" \/>\n<meta property=\"og:site_name\" content=\"\u041c\u0435\u0434\u0436\u043b\u0456\u0441\" \/>\n<meta property=\"article:publisher\" content=\"https:\/\/www.facebook.com\/qtmm.info\/\" \/>\n<meta property=\"article:published_time\" content=\"2012-02-07T20:50:00+00:00\" \/>\n<meta property=\"article:modified_time\" content=\"2022-01-19T20:54:08+00:00\" \/>\n<meta name=\"author\" content=\"Developer\" \/>\n<meta name=\"twitter:card\" content=\"summary_large_image\" \/>\n<meta name=\"twitter:label1\" content=\"Written by\" \/>\n\t<meta name=\"twitter:data1\" content=\"Developer\" \/>\n\t<meta name=\"twitter:label2\" content=\"Est. reading time\" \/>\n\t<meta name=\"twitter:data2\" content=\"11 minutes\" \/>\n<script type=\"application\/ld+json\" class=\"yoast-schema-graph\">{\"@context\":\"https:\\\/\\\/schema.org\",\"@graph\":[{\"@type\":\"Article\",\"@id\":\"https:\\\/\\\/qtmm.org\\\/qt\\\/m-cemilev-qurultayga-alternativa-yoqtir\\\/#article\",\"isPartOf\":{\"@id\":\"https:\\\/\\\/qtmm.org\\\/qt\\\/m-cemilev-qurultayga-alternativa-yoqtir\\\/\"},\"author\":{\"name\":\"Developer\",\"@id\":\"https:\\\/\\\/qtmm.org\\\/qt\\\/#\\\/schema\\\/person\\\/de562469f971dec226ac06e60bbf74a7\"},\"headline\":\"M.Cemilev: QURULTAY\u011eA ALTERNAT\u0130VA YOQTIR\",\"datePublished\":\"2012-02-07T20:50:00+00:00\",\"dateModified\":\"2022-01-19T20:54:08+00:00\",\"mainEntityOfPage\":{\"@id\":\"https:\\\/\\\/qtmm.org\\\/qt\\\/m-cemilev-qurultayga-alternativa-yoqtir\\\/\"},\"wordCount\":2271,\"commentCount\":0,\"publisher\":{\"@id\":\"https:\\\/\\\/qtmm.org\\\/qt\\\/#organization\"},\"articleSection\":[\"Haberler\"],\"inLanguage\":\"qt\",\"potentialAction\":[{\"@type\":\"CommentAction\",\"name\":\"Comment\",\"target\":[\"https:\\\/\\\/qtmm.org\\\/qt\\\/m-cemilev-qurultayga-alternativa-yoqtir\\\/#respond\"]}]},{\"@type\":\"WebPage\",\"@id\":\"https:\\\/\\\/qtmm.org\\\/qt\\\/m-cemilev-qurultayga-alternativa-yoqtir\\\/\",\"url\":\"https:\\\/\\\/qtmm.org\\\/qt\\\/m-cemilev-qurultayga-alternativa-yoqtir\\\/\",\"name\":\"M.Cemilev: QURULTAY\u011eA ALTERNAT\u0130VA YOQTIR - \u041c\u0435\u0434\u0436\u043b\u0456\u0441\",\"isPartOf\":{\"@id\":\"https:\\\/\\\/qtmm.org\\\/qt\\\/#website\"},\"datePublished\":\"2012-02-07T20:50:00+00:00\",\"dateModified\":\"2022-01-19T20:54:08+00:00\",\"breadcrumb\":{\"@id\":\"https:\\\/\\\/qtmm.org\\\/qt\\\/m-cemilev-qurultayga-alternativa-yoqtir\\\/#breadcrumb\"},\"inLanguage\":\"qt\",\"potentialAction\":[{\"@type\":\"ReadAction\",\"target\":[\"https:\\\/\\\/qtmm.org\\\/qt\\\/m-cemilev-qurultayga-alternativa-yoqtir\\\/\"]}]},{\"@type\":\"BreadcrumbList\",\"@id\":\"https:\\\/\\\/qtmm.org\\\/qt\\\/m-cemilev-qurultayga-alternativa-yoqtir\\\/#breadcrumb\",\"itemListElement\":[{\"@type\":\"ListItem\",\"position\":1,\"name\":\"\u0413\u043e\u043b\u043e\u0432\u043d\u0430\",\"item\":\"https:\\\/\\\/qtmm.org\\\/qt\\\/\"},{\"@type\":\"ListItem\",\"position\":2,\"name\":\"M.Cemilev: QURULTAY\u011eA ALTERNAT\u0130VA YOQTIR\"}]},{\"@type\":\"WebSite\",\"@id\":\"https:\\\/\\\/qtmm.org\\\/qt\\\/#website\",\"url\":\"https:\\\/\\\/qtmm.org\\\/qt\\\/\",\"name\":\"\u041c\u0435\u0434\u0436\u043b\u0456\u0441\",\"description\":\"\",\"publisher\":{\"@id\":\"https:\\\/\\\/qtmm.org\\\/qt\\\/#organization\"},\"potentialAction\":[{\"@type\":\"SearchAction\",\"target\":{\"@type\":\"EntryPoint\",\"urlTemplate\":\"https:\\\/\\\/qtmm.org\\\/qt\\\/?s={search_term_string}\"},\"query-input\":{\"@type\":\"PropertyValueSpecification\",\"valueRequired\":true,\"valueName\":\"search_term_string\"}}],\"inLanguage\":\"qt\"},{\"@type\":\"Organization\",\"@id\":\"https:\\\/\\\/qtmm.org\\\/qt\\\/#organization\",\"name\":\"\u041c\u0435\u0434\u0436\u043b\u0456\u0441\",\"url\":\"https:\\\/\\\/qtmm.org\\\/qt\\\/\",\"logo\":{\"@type\":\"ImageObject\",\"inLanguage\":\"qt\",\"@id\":\"https:\\\/\\\/qtmm.org\\\/qt\\\/#\\\/schema\\\/logo\\\/image\\\/\",\"url\":\"https:\\\/\\\/qtmm.org\\\/wp-content\\\/uploads\\\/2024\\\/12\\\/ua-mejlis-logo-rgb.svg\",\"contentUrl\":\"https:\\\/\\\/qtmm.org\\\/wp-content\\\/uploads\\\/2024\\\/12\\\/ua-mejlis-logo-rgb.svg\",\"caption\":\"\u041c\u0435\u0434\u0436\u043b\u0456\u0441\"},\"image\":{\"@id\":\"https:\\\/\\\/qtmm.org\\\/qt\\\/#\\\/schema\\\/logo\\\/image\\\/\"},\"sameAs\":[\"https:\\\/\\\/www.facebook.com\\\/qtmm.info\\\/\"]},{\"@type\":\"Person\",\"@id\":\"https:\\\/\\\/qtmm.org\\\/qt\\\/#\\\/schema\\\/person\\\/de562469f971dec226ac06e60bbf74a7\",\"name\":\"Developer\",\"image\":{\"@type\":\"ImageObject\",\"inLanguage\":\"qt\",\"@id\":\"https:\\\/\\\/secure.gravatar.com\\\/avatar\\\/392b4cc8fbfeb00b39dfeeab4ee6edded39ffd48e25858637e4765810300227e?s=96&d=mm&r=g\",\"url\":\"https:\\\/\\\/secure.gravatar.com\\\/avatar\\\/392b4cc8fbfeb00b39dfeeab4ee6edded39ffd48e25858637e4765810300227e?s=96&d=mm&r=g\",\"contentUrl\":\"https:\\\/\\\/secure.gravatar.com\\\/avatar\\\/392b4cc8fbfeb00b39dfeeab4ee6edded39ffd48e25858637e4765810300227e?s=96&d=mm&r=g\",\"caption\":\"Developer\"},\"url\":\"https:\\\/\\\/qtmm.org\\\/qt\\\/author\\\/Developer\\\/\"}]}<\/script>\n<!-- \/ Yoast SEO plugin. -->","yoast_head_json":{"title":"M.Cemilev: QURULTAY\u011eA ALTERNAT\u0130VA YOQTIR - \u041c\u0435\u0434\u0436\u043b\u0456\u0441","robots":{"index":"index","follow":"follow","max-snippet":"max-snippet:-1","max-image-preview":"max-image-preview:large","max-video-preview":"max-video-preview:-1"},"canonical":"https:\/\/qtmm.org\/qt\/m-cemilev-qurultayga-alternativa-yoqtir\/","og_locale":"en_US","og_type":"article","og_title":"M.Cemilev: QURULTAY\u011eA ALTERNAT\u0130VA YOQTIR - \u041c\u0435\u0434\u0436\u043b\u0456\u0441","og_description":"&#8211;&nbsp;Mustafa-bey, q\u0131r\u0131mtatar milliy areketi on y\u0131llar devam\u0131nda \u015fekillenip keldi. Bu vaq\u0131t i\u00e7inde insanlarn\u0131\u00f1 milliy arekette i\u015ftirak et\u00fcvini\u00f1 \u015fekilleri de\u00f1i\u015fti. Eger, ba\u015fta yerlerde te\u015febb\u00fcs\u00e7i gruppalar tizilgen olsa, yigirmi y\u0131l evelsi milliy vek\u00e2letlikni\u00f1 sistemas\u0131 &#8211; Qurultay-Meclis sistemas\u0131 quruld\u0131. Sizi\u00f1 fikri\u00f1izce, bu sistema meydan\u011fa ketirilgen so\u00f1 inki\u015faf\u0131 k\u00f6zetilemi ve angi y\u00f6neli\u015fte? &#8211; Milliy areket te\u015febb\u00fcs\u00e7i gruppalardan ba\u015flanmad\u0131. Stalinni\u00f1 [&hellip;]","og_url":"https:\/\/qtmm.org\/qt\/m-cemilev-qurultayga-alternativa-yoqtir\/","og_site_name":"\u041c\u0435\u0434\u0436\u043b\u0456\u0441","article_publisher":"https:\/\/www.facebook.com\/qtmm.info\/","article_published_time":"2012-02-07T20:50:00+00:00","article_modified_time":"2022-01-19T20:54:08+00:00","author":"Developer","twitter_card":"summary_large_image","twitter_misc":{"Written by":"Developer","Est. reading time":"11 minutes"},"schema":{"@context":"https:\/\/schema.org","@graph":[{"@type":"Article","@id":"https:\/\/qtmm.org\/qt\/m-cemilev-qurultayga-alternativa-yoqtir\/#article","isPartOf":{"@id":"https:\/\/qtmm.org\/qt\/m-cemilev-qurultayga-alternativa-yoqtir\/"},"author":{"name":"Developer","@id":"https:\/\/qtmm.org\/qt\/#\/schema\/person\/de562469f971dec226ac06e60bbf74a7"},"headline":"M.Cemilev: QURULTAY\u011eA ALTERNAT\u0130VA YOQTIR","datePublished":"2012-02-07T20:50:00+00:00","dateModified":"2022-01-19T20:54:08+00:00","mainEntityOfPage":{"@id":"https:\/\/qtmm.org\/qt\/m-cemilev-qurultayga-alternativa-yoqtir\/"},"wordCount":2271,"commentCount":0,"publisher":{"@id":"https:\/\/qtmm.org\/qt\/#organization"},"articleSection":["Haberler"],"inLanguage":"qt","potentialAction":[{"@type":"CommentAction","name":"Comment","target":["https:\/\/qtmm.org\/qt\/m-cemilev-qurultayga-alternativa-yoqtir\/#respond"]}]},{"@type":"WebPage","@id":"https:\/\/qtmm.org\/qt\/m-cemilev-qurultayga-alternativa-yoqtir\/","url":"https:\/\/qtmm.org\/qt\/m-cemilev-qurultayga-alternativa-yoqtir\/","name":"M.Cemilev: QURULTAY\u011eA ALTERNAT\u0130VA YOQTIR - \u041c\u0435\u0434\u0436\u043b\u0456\u0441","isPartOf":{"@id":"https:\/\/qtmm.org\/qt\/#website"},"datePublished":"2012-02-07T20:50:00+00:00","dateModified":"2022-01-19T20:54:08+00:00","breadcrumb":{"@id":"https:\/\/qtmm.org\/qt\/m-cemilev-qurultayga-alternativa-yoqtir\/#breadcrumb"},"inLanguage":"qt","potentialAction":[{"@type":"ReadAction","target":["https:\/\/qtmm.org\/qt\/m-cemilev-qurultayga-alternativa-yoqtir\/"]}]},{"@type":"BreadcrumbList","@id":"https:\/\/qtmm.org\/qt\/m-cemilev-qurultayga-alternativa-yoqtir\/#breadcrumb","itemListElement":[{"@type":"ListItem","position":1,"name":"\u0413\u043e\u043b\u043e\u0432\u043d\u0430","item":"https:\/\/qtmm.org\/qt\/"},{"@type":"ListItem","position":2,"name":"M.Cemilev: QURULTAY\u011eA ALTERNAT\u0130VA YOQTIR"}]},{"@type":"WebSite","@id":"https:\/\/qtmm.org\/qt\/#website","url":"https:\/\/qtmm.org\/qt\/","name":"\u041c\u0435\u0434\u0436\u043b\u0456\u0441","description":"","publisher":{"@id":"https:\/\/qtmm.org\/qt\/#organization"},"potentialAction":[{"@type":"SearchAction","target":{"@type":"EntryPoint","urlTemplate":"https:\/\/qtmm.org\/qt\/?s={search_term_string}"},"query-input":{"@type":"PropertyValueSpecification","valueRequired":true,"valueName":"search_term_string"}}],"inLanguage":"qt"},{"@type":"Organization","@id":"https:\/\/qtmm.org\/qt\/#organization","name":"\u041c\u0435\u0434\u0436\u043b\u0456\u0441","url":"https:\/\/qtmm.org\/qt\/","logo":{"@type":"ImageObject","inLanguage":"qt","@id":"https:\/\/qtmm.org\/qt\/#\/schema\/logo\/image\/","url":"https:\/\/qtmm.org\/wp-content\/uploads\/2024\/12\/ua-mejlis-logo-rgb.svg","contentUrl":"https:\/\/qtmm.org\/wp-content\/uploads\/2024\/12\/ua-mejlis-logo-rgb.svg","caption":"\u041c\u0435\u0434\u0436\u043b\u0456\u0441"},"image":{"@id":"https:\/\/qtmm.org\/qt\/#\/schema\/logo\/image\/"},"sameAs":["https:\/\/www.facebook.com\/qtmm.info\/"]},{"@type":"Person","@id":"https:\/\/qtmm.org\/qt\/#\/schema\/person\/de562469f971dec226ac06e60bbf74a7","name":"Developer","image":{"@type":"ImageObject","inLanguage":"qt","@id":"https:\/\/secure.gravatar.com\/avatar\/392b4cc8fbfeb00b39dfeeab4ee6edded39ffd48e25858637e4765810300227e?s=96&d=mm&r=g","url":"https:\/\/secure.gravatar.com\/avatar\/392b4cc8fbfeb00b39dfeeab4ee6edded39ffd48e25858637e4765810300227e?s=96&d=mm&r=g","contentUrl":"https:\/\/secure.gravatar.com\/avatar\/392b4cc8fbfeb00b39dfeeab4ee6edded39ffd48e25858637e4765810300227e?s=96&d=mm&r=g","caption":"Developer"},"url":"https:\/\/qtmm.org\/qt\/author\/Developer\/"}]}},"_links":{"self":[{"href":"https:\/\/qtmm.org\/qt\/wp-json\/wp\/v2\/posts\/28419","targetHints":{"allow":["GET"]}}],"collection":[{"href":"https:\/\/qtmm.org\/qt\/wp-json\/wp\/v2\/posts"}],"about":[{"href":"https:\/\/qtmm.org\/qt\/wp-json\/wp\/v2\/types\/post"}],"author":[{"embeddable":true,"href":"https:\/\/qtmm.org\/qt\/wp-json\/wp\/v2\/users\/1"}],"replies":[{"embeddable":true,"href":"https:\/\/qtmm.org\/qt\/wp-json\/wp\/v2\/comments?post=28419"}],"version-history":[{"count":1,"href":"https:\/\/qtmm.org\/qt\/wp-json\/wp\/v2\/posts\/28419\/revisions"}],"predecessor-version":[{"id":28425,"href":"https:\/\/qtmm.org\/qt\/wp-json\/wp\/v2\/posts\/28419\/revisions\/28425"}],"wp:attachment":[{"href":"https:\/\/qtmm.org\/qt\/wp-json\/wp\/v2\/media?parent=28419"}],"wp:term":[{"taxonomy":"category","embeddable":true,"href":"https:\/\/qtmm.org\/qt\/wp-json\/wp\/v2\/categories?post=28419"},{"taxonomy":"post_tag","embeddable":true,"href":"https:\/\/qtmm.org\/qt\/wp-json\/wp\/v2\/tags?post=28419"}],"curies":[{"name":"wp","href":"https:\/\/api.w.org\/{rel}","templated":true}]}}