




{"id":28413,"date":"2012-02-07T23:48:00","date_gmt":"2012-02-07T20:48:00","guid":{"rendered":"http:\/\/qtmm.org\/?p=28413"},"modified":"2022-01-19T23:49:48","modified_gmt":"2022-01-19T20:49:48","slug":"zair-smedlayevnin-isi-bonuca-mahkeme-bitti","status":"publish","type":"post","link":"https:\/\/qtmm.org\/qt\/zair-smedlayevnin-isi-bonuca-mahkeme-bitti\/","title":{"rendered":"Zair Smedl\u00e2yevni\u00f1 i\u015fi b\u00f6n\u00fcca mahkeme bitti"},"content":{"rendered":"\n<p>Q\u0131r\u0131mtatar halq\u0131 Meclisi K\u00e2tibiyetini\u00f1 ba\u015f\u0131 Zair Smedl\u00e2yevn\u0131\u00f1 i\u015fi boyunca 14 ay devam etken mahkeme ke\u00e7ken afta so\u00f1una \u00e7\u0131qt\u0131. \u015eun\u0131 hat\u0131rlatmal\u0131 ki, Z. Smedl\u00e2yev bir gruppa ile beraber cemaat tertibini boz\u011fan\u0131nda(293-nci madde) ve uquqqoruv organlar\u0131n\u0131\u00f1 i\u015fine keder etkeninde (Cinaiy kodeks 28-nci maddesini\u00f1 1-nci q\u0131sm\u0131, 342-nci maddesini\u00f1 2-nci q\u0131sm\u0131) qabaatlan\u011fan edi. &#8220;Avdet&#8221; gazetas\u0131na belli ol\u011fan\u0131na k\u00f6re Aqmescit \u015feerini\u00f1 Jeleznodorojn\u0131y rayon mahkemesi Z.Smedl\u00e2yevni yuqar\u0131da qayd etilgen cinayette qabaatl\u0131 tan\u0131p, Ukraina cinayi Kodeksini\u00f1 293-nci maddesi boyunca 4 ay\u011fa ve 28-nci maddesini\u00f1 1-nci q\u0131sm\u0131, 342nci maddesini\u00f1 2-nci q\u0131sm\u0131 boyunca 5 ay\u011fa qapatmaq cezas\u0131n\u0131 belgilegen edi. Amma Smedl\u00e2yev kendisini qabaatl\u0131, dep saymad\u0131. Q\u0131r\u0131mtatar halq\u0131 Meclisi K\u00e2tibiyetini\u00f1 ba\u015f\u0131 bildirgenine k\u00f6re mahkeme Smedl\u00e2yevni\u00f1 reddiyesine cevapk\u00e2rl\u0131qtan qa\u00e7\u0131nmaq istegi s\u0131fat\u0131nda q\u0131ymet kesti, bun\u0131\u00f1 kibi de \u015faatlarn\u0131\u00f1 s\u00f6zlerini de tenqidge al\u0131p, qor\u00e7alay\u0131c\u0131 ve qabaatlan\u0131c\u0131n\u0131\u00f1 delillerini qabul etmedi.<\/p>\n\n\n\n<p>Bu i\u015fni yapqan\u0131 i\u00e7\u00fcn cevapk\u0131rl\u00e2qqa \u00e7ekmek m\u00fcddetini\u00f1 endi \u00e7oqtan ke\u00e7keni sebebinden Zair Smedl\u00e2yevni cezadan azat ettiler. \u015eeerden ba\u015fqa yerge ketmek yasa\u011f\u0131 kibi cezan\u0131 l\u00e2\u011fv ettiler. Mahkeme Zair Smedl\u00e2yevten Sergey \u00c7igrin faydas\u0131na 120 grivn\u00e2, Q\u0131r\u0131m Muhtar Cumhuriyeti Apell\u00e2tsiya mahkemesi faydas\u0131na 2057 grivn\u00e2 98 kapik t\u00f6lemekni belgiledi.<\/p>\n\n\n\n<p>Smedl\u00e2yevni\u00f1 \u00f6z\u00fc ise mahkeme qarar\u0131nen raz\u0131 olma\u011fan\u0131n\u0131 ve apell\u00e2tsiya davas\u0131nen \u00e7\u0131qaca\u011f\u0131n\u0131 bildirdi.<br>\u015eun\u0131 qayd etmek kerek ki, 2006 senesi iy\u00fcn 22 k\u00fcn\u00fc Zair Smedl\u00e2yev Q\u0131r\u0131m Muhtar Cumhuriyeti Apell\u00e2tsiya mahkemesi Aqmescitteki &#8220;Kotton&#8221; klub\u0131ndaki qav\u011fa i\u015ftirak\u00e7ilerini\u00f1 i\u015fi baq\u0131l\u011fan vaq\u0131tta bina yan\u0131nda bulund\u0131. Resmiy versiya ve qabaatlav beyanatqa k\u00f6re Zair Smedl\u00e2yev bina yan\u0131nda tahminen 500 q\u0131r\u0131mtatar\u0131 i\u015ftirak etken mitingge yetek\u00e7ilik yapqan.<\/p>\n\n\n\n<p>Akem vekili mahkeme zal\u0131nda yer qalma\u011fan\u0131n\u0131 mana\u00e7\u0131q etip ba\u015fqa i\u00e7 bir kimse, \u015fu c\u00fcmleden su\u00e7lan\u0131c\u0131lar K.S Abdullayev., L.L Malayev., F.F Seythalilov., S.\u015e Hayredinov., E.\u0130 Kurtametovn\u0131\u00f1 ana-babalar\u0131 da kirsetilmeycegini il\u00e2n etkende miting i\u015ftirak\u00e7ileri aras\u0131nda naraz\u0131l\u0131q qoz\u011fad\u0131. Neticede zal i\u00e7ine kirmek areketleri de yap\u0131ld\u0131. Jeleznodorojn\u0131y rayon militsiyas\u0131n\u0131\u00f1 10 hadimi olarn\u0131\u00f1 yolun\u0131 kestiler. Smedl\u00e2yevni\u00f1 aytqan\u0131na k\u00f6re, uquqqoruv organlar\u0131n\u0131\u00f1 hadimleri qanun\u011fa z\u0131t areketlerni qullan\u0131p, Q\u0131r\u0131m Yuqar\u0131 \u015euras\u0131 ve rayon \u015furas\u0131n\u0131\u00f1 deputatlar\u0131na \u00f6z faaliyetlerini k\u00f6stermelerine mania old\u0131lar. Neticede uquqkoruv organlar\u0131 ve mahkeme binas\u0131n\u0131\u00f1 qar\u015f\u0131s\u0131nda toplan\u011fanlar aras\u0131nda toqna\u015fuv y\u00fcz berdi. Aqibette uquqqoruv organlar\u0131n\u0131\u00f1 hadimleri zarar k\u00f6rdiler.<\/p>\n","protected":false},"excerpt":{"rendered":"<p>Q\u0131r\u0131mtatar halq\u0131 Meclisi K\u00e2tibiyetini\u00f1 ba\u015f\u0131 Zair Smedl\u00e2yevn\u0131\u00f1 i\u015fi boyunca 14 ay devam etken mahkeme ke\u00e7ken afta so\u00f1una \u00e7\u0131qt\u0131. \u015eun\u0131 hat\u0131rlatmal\u0131 ki, Z. Smedl\u00e2yev bir gruppa ile beraber cemaat tertibini boz\u011fan\u0131nda(293-nci madde) ve uquqqoruv organlar\u0131n\u0131\u00f1 i\u015fine keder etkeninde (Cinaiy kodeks 28-nci maddesini\u00f1 1-nci q\u0131sm\u0131, 342-nci maddesini\u00f1 2-nci q\u0131sm\u0131) qabaatlan\u011fan edi. &#8220;Avdet&#8221; gazetas\u0131na belli ol\u011fan\u0131na k\u00f6re Aqmescit [&hellip;]<\/p>\n","protected":false},"author":1,"featured_media":0,"comment_status":"open","ping_status":"open","sticky":false,"template":"","format":"standard","meta":{"inline_featured_image":false,"footnotes":""},"categories":[265],"tags":[],"class_list":["post-28413","post","type-post","status-publish","format-standard","hentry","category-haberler"],"acf":[],"yoast_head":"<!-- This site is optimized with the Yoast SEO plugin v27.4 - https:\/\/yoast.com\/product\/yoast-seo-wordpress\/ -->\n<title>Zair Smedl\u00e2yevni\u00f1 i\u015fi b\u00f6n\u00fcca mahkeme bitti - \u041c\u0435\u0434\u0436\u043b\u0456\u0441<\/title>\n<meta name=\"robots\" content=\"index, follow, max-snippet:-1, max-image-preview:large, max-video-preview:-1\" \/>\n<link rel=\"canonical\" href=\"https:\/\/qtmm.org\/qt\/zair-smedlayevnin-isi-bonuca-mahkeme-bitti\/\" \/>\n<meta property=\"og:locale\" content=\"en_US\" \/>\n<meta property=\"og:type\" content=\"article\" \/>\n<meta property=\"og:title\" content=\"Zair Smedl\u00e2yevni\u00f1 i\u015fi b\u00f6n\u00fcca mahkeme bitti - \u041c\u0435\u0434\u0436\u043b\u0456\u0441\" \/>\n<meta property=\"og:description\" content=\"Q\u0131r\u0131mtatar halq\u0131 Meclisi K\u00e2tibiyetini\u00f1 ba\u015f\u0131 Zair Smedl\u00e2yevn\u0131\u00f1 i\u015fi boyunca 14 ay devam etken mahkeme ke\u00e7ken afta so\u00f1una \u00e7\u0131qt\u0131. \u015eun\u0131 hat\u0131rlatmal\u0131 ki, Z. Smedl\u00e2yev bir gruppa ile beraber cemaat tertibini boz\u011fan\u0131nda(293-nci madde) ve uquqqoruv organlar\u0131n\u0131\u00f1 i\u015fine keder etkeninde (Cinaiy kodeks 28-nci maddesini\u00f1 1-nci q\u0131sm\u0131, 342-nci maddesini\u00f1 2-nci q\u0131sm\u0131) qabaatlan\u011fan edi. &#8220;Avdet&#8221; gazetas\u0131na belli ol\u011fan\u0131na k\u00f6re Aqmescit [&hellip;]\" \/>\n<meta property=\"og:url\" content=\"https:\/\/qtmm.org\/qt\/zair-smedlayevnin-isi-bonuca-mahkeme-bitti\/\" \/>\n<meta property=\"og:site_name\" content=\"\u041c\u0435\u0434\u0436\u043b\u0456\u0441\" \/>\n<meta property=\"article:publisher\" content=\"https:\/\/www.facebook.com\/qtmm.info\/\" \/>\n<meta property=\"article:published_time\" content=\"2012-02-07T20:48:00+00:00\" \/>\n<meta property=\"article:modified_time\" content=\"2022-01-19T20:49:48+00:00\" \/>\n<meta name=\"author\" content=\"Developer\" \/>\n<meta name=\"twitter:card\" content=\"summary_large_image\" \/>\n<meta name=\"twitter:label1\" content=\"Written by\" \/>\n\t<meta name=\"twitter:data1\" content=\"Developer\" \/>\n\t<meta name=\"twitter:label2\" content=\"Est. reading time\" \/>\n\t<meta name=\"twitter:data2\" content=\"2 minutes\" \/>\n<script type=\"application\/ld+json\" class=\"yoast-schema-graph\">{\"@context\":\"https:\\\/\\\/schema.org\",\"@graph\":[{\"@type\":\"Article\",\"@id\":\"https:\\\/\\\/qtmm.org\\\/qt\\\/zair-smedlayevnin-isi-bonuca-mahkeme-bitti\\\/#article\",\"isPartOf\":{\"@id\":\"https:\\\/\\\/qtmm.org\\\/qt\\\/zair-smedlayevnin-isi-bonuca-mahkeme-bitti\\\/\"},\"author\":{\"name\":\"Developer\",\"@id\":\"https:\\\/\\\/qtmm.org\\\/qt\\\/#\\\/schema\\\/person\\\/de562469f971dec226ac06e60bbf74a7\"},\"headline\":\"Zair Smedl\u00e2yevni\u00f1 i\u015fi b\u00f6n\u00fcca mahkeme bitti\",\"datePublished\":\"2012-02-07T20:48:00+00:00\",\"dateModified\":\"2022-01-19T20:49:48+00:00\",\"mainEntityOfPage\":{\"@id\":\"https:\\\/\\\/qtmm.org\\\/qt\\\/zair-smedlayevnin-isi-bonuca-mahkeme-bitti\\\/\"},\"wordCount\":458,\"commentCount\":0,\"publisher\":{\"@id\":\"https:\\\/\\\/qtmm.org\\\/qt\\\/#organization\"},\"articleSection\":[\"Haberler\"],\"inLanguage\":\"qt\",\"potentialAction\":[{\"@type\":\"CommentAction\",\"name\":\"Comment\",\"target\":[\"https:\\\/\\\/qtmm.org\\\/qt\\\/zair-smedlayevnin-isi-bonuca-mahkeme-bitti\\\/#respond\"]}]},{\"@type\":\"WebPage\",\"@id\":\"https:\\\/\\\/qtmm.org\\\/qt\\\/zair-smedlayevnin-isi-bonuca-mahkeme-bitti\\\/\",\"url\":\"https:\\\/\\\/qtmm.org\\\/qt\\\/zair-smedlayevnin-isi-bonuca-mahkeme-bitti\\\/\",\"name\":\"Zair Smedl\u00e2yevni\u00f1 i\u015fi b\u00f6n\u00fcca mahkeme bitti - \u041c\u0435\u0434\u0436\u043b\u0456\u0441\",\"isPartOf\":{\"@id\":\"https:\\\/\\\/qtmm.org\\\/qt\\\/#website\"},\"datePublished\":\"2012-02-07T20:48:00+00:00\",\"dateModified\":\"2022-01-19T20:49:48+00:00\",\"breadcrumb\":{\"@id\":\"https:\\\/\\\/qtmm.org\\\/qt\\\/zair-smedlayevnin-isi-bonuca-mahkeme-bitti\\\/#breadcrumb\"},\"inLanguage\":\"qt\",\"potentialAction\":[{\"@type\":\"ReadAction\",\"target\":[\"https:\\\/\\\/qtmm.org\\\/qt\\\/zair-smedlayevnin-isi-bonuca-mahkeme-bitti\\\/\"]}]},{\"@type\":\"BreadcrumbList\",\"@id\":\"https:\\\/\\\/qtmm.org\\\/qt\\\/zair-smedlayevnin-isi-bonuca-mahkeme-bitti\\\/#breadcrumb\",\"itemListElement\":[{\"@type\":\"ListItem\",\"position\":1,\"name\":\"\u0413\u043e\u043b\u043e\u0432\u043d\u0430\",\"item\":\"https:\\\/\\\/qtmm.org\\\/qt\\\/\"},{\"@type\":\"ListItem\",\"position\":2,\"name\":\"Zair Smedl\u00e2yevni\u00f1 i\u015fi b\u00f6n\u00fcca mahkeme bitti\"}]},{\"@type\":\"WebSite\",\"@id\":\"https:\\\/\\\/qtmm.org\\\/qt\\\/#website\",\"url\":\"https:\\\/\\\/qtmm.org\\\/qt\\\/\",\"name\":\"\u041c\u0435\u0434\u0436\u043b\u0456\u0441\",\"description\":\"\",\"publisher\":{\"@id\":\"https:\\\/\\\/qtmm.org\\\/qt\\\/#organization\"},\"potentialAction\":[{\"@type\":\"SearchAction\",\"target\":{\"@type\":\"EntryPoint\",\"urlTemplate\":\"https:\\\/\\\/qtmm.org\\\/qt\\\/?s={search_term_string}\"},\"query-input\":{\"@type\":\"PropertyValueSpecification\",\"valueRequired\":true,\"valueName\":\"search_term_string\"}}],\"inLanguage\":\"qt\"},{\"@type\":\"Organization\",\"@id\":\"https:\\\/\\\/qtmm.org\\\/qt\\\/#organization\",\"name\":\"\u041c\u0435\u0434\u0436\u043b\u0456\u0441\",\"url\":\"https:\\\/\\\/qtmm.org\\\/qt\\\/\",\"logo\":{\"@type\":\"ImageObject\",\"inLanguage\":\"qt\",\"@id\":\"https:\\\/\\\/qtmm.org\\\/qt\\\/#\\\/schema\\\/logo\\\/image\\\/\",\"url\":\"https:\\\/\\\/qtmm.org\\\/wp-content\\\/uploads\\\/2024\\\/12\\\/ua-mejlis-logo-rgb.svg\",\"contentUrl\":\"https:\\\/\\\/qtmm.org\\\/wp-content\\\/uploads\\\/2024\\\/12\\\/ua-mejlis-logo-rgb.svg\",\"caption\":\"\u041c\u0435\u0434\u0436\u043b\u0456\u0441\"},\"image\":{\"@id\":\"https:\\\/\\\/qtmm.org\\\/qt\\\/#\\\/schema\\\/logo\\\/image\\\/\"},\"sameAs\":[\"https:\\\/\\\/www.facebook.com\\\/qtmm.info\\\/\"]},{\"@type\":\"Person\",\"@id\":\"https:\\\/\\\/qtmm.org\\\/qt\\\/#\\\/schema\\\/person\\\/de562469f971dec226ac06e60bbf74a7\",\"name\":\"Developer\",\"image\":{\"@type\":\"ImageObject\",\"inLanguage\":\"qt\",\"@id\":\"https:\\\/\\\/secure.gravatar.com\\\/avatar\\\/392b4cc8fbfeb00b39dfeeab4ee6edded39ffd48e25858637e4765810300227e?s=96&d=mm&r=g\",\"url\":\"https:\\\/\\\/secure.gravatar.com\\\/avatar\\\/392b4cc8fbfeb00b39dfeeab4ee6edded39ffd48e25858637e4765810300227e?s=96&d=mm&r=g\",\"contentUrl\":\"https:\\\/\\\/secure.gravatar.com\\\/avatar\\\/392b4cc8fbfeb00b39dfeeab4ee6edded39ffd48e25858637e4765810300227e?s=96&d=mm&r=g\",\"caption\":\"Developer\"},\"url\":\"https:\\\/\\\/qtmm.org\\\/qt\\\/author\\\/Developer\\\/\"}]}<\/script>\n<!-- \/ Yoast SEO plugin. -->","yoast_head_json":{"title":"Zair Smedl\u00e2yevni\u00f1 i\u015fi b\u00f6n\u00fcca mahkeme bitti - \u041c\u0435\u0434\u0436\u043b\u0456\u0441","robots":{"index":"index","follow":"follow","max-snippet":"max-snippet:-1","max-image-preview":"max-image-preview:large","max-video-preview":"max-video-preview:-1"},"canonical":"https:\/\/qtmm.org\/qt\/zair-smedlayevnin-isi-bonuca-mahkeme-bitti\/","og_locale":"en_US","og_type":"article","og_title":"Zair Smedl\u00e2yevni\u00f1 i\u015fi b\u00f6n\u00fcca mahkeme bitti - \u041c\u0435\u0434\u0436\u043b\u0456\u0441","og_description":"Q\u0131r\u0131mtatar halq\u0131 Meclisi K\u00e2tibiyetini\u00f1 ba\u015f\u0131 Zair Smedl\u00e2yevn\u0131\u00f1 i\u015fi boyunca 14 ay devam etken mahkeme ke\u00e7ken afta so\u00f1una \u00e7\u0131qt\u0131. \u015eun\u0131 hat\u0131rlatmal\u0131 ki, Z. Smedl\u00e2yev bir gruppa ile beraber cemaat tertibini boz\u011fan\u0131nda(293-nci madde) ve uquqqoruv organlar\u0131n\u0131\u00f1 i\u015fine keder etkeninde (Cinaiy kodeks 28-nci maddesini\u00f1 1-nci q\u0131sm\u0131, 342-nci maddesini\u00f1 2-nci q\u0131sm\u0131) qabaatlan\u011fan edi. &#8220;Avdet&#8221; gazetas\u0131na belli ol\u011fan\u0131na k\u00f6re Aqmescit [&hellip;]","og_url":"https:\/\/qtmm.org\/qt\/zair-smedlayevnin-isi-bonuca-mahkeme-bitti\/","og_site_name":"\u041c\u0435\u0434\u0436\u043b\u0456\u0441","article_publisher":"https:\/\/www.facebook.com\/qtmm.info\/","article_published_time":"2012-02-07T20:48:00+00:00","article_modified_time":"2022-01-19T20:49:48+00:00","author":"Developer","twitter_card":"summary_large_image","twitter_misc":{"Written by":"Developer","Est. reading time":"2 minutes"},"schema":{"@context":"https:\/\/schema.org","@graph":[{"@type":"Article","@id":"https:\/\/qtmm.org\/qt\/zair-smedlayevnin-isi-bonuca-mahkeme-bitti\/#article","isPartOf":{"@id":"https:\/\/qtmm.org\/qt\/zair-smedlayevnin-isi-bonuca-mahkeme-bitti\/"},"author":{"name":"Developer","@id":"https:\/\/qtmm.org\/qt\/#\/schema\/person\/de562469f971dec226ac06e60bbf74a7"},"headline":"Zair Smedl\u00e2yevni\u00f1 i\u015fi b\u00f6n\u00fcca mahkeme bitti","datePublished":"2012-02-07T20:48:00+00:00","dateModified":"2022-01-19T20:49:48+00:00","mainEntityOfPage":{"@id":"https:\/\/qtmm.org\/qt\/zair-smedlayevnin-isi-bonuca-mahkeme-bitti\/"},"wordCount":458,"commentCount":0,"publisher":{"@id":"https:\/\/qtmm.org\/qt\/#organization"},"articleSection":["Haberler"],"inLanguage":"qt","potentialAction":[{"@type":"CommentAction","name":"Comment","target":["https:\/\/qtmm.org\/qt\/zair-smedlayevnin-isi-bonuca-mahkeme-bitti\/#respond"]}]},{"@type":"WebPage","@id":"https:\/\/qtmm.org\/qt\/zair-smedlayevnin-isi-bonuca-mahkeme-bitti\/","url":"https:\/\/qtmm.org\/qt\/zair-smedlayevnin-isi-bonuca-mahkeme-bitti\/","name":"Zair Smedl\u00e2yevni\u00f1 i\u015fi b\u00f6n\u00fcca mahkeme bitti - \u041c\u0435\u0434\u0436\u043b\u0456\u0441","isPartOf":{"@id":"https:\/\/qtmm.org\/qt\/#website"},"datePublished":"2012-02-07T20:48:00+00:00","dateModified":"2022-01-19T20:49:48+00:00","breadcrumb":{"@id":"https:\/\/qtmm.org\/qt\/zair-smedlayevnin-isi-bonuca-mahkeme-bitti\/#breadcrumb"},"inLanguage":"qt","potentialAction":[{"@type":"ReadAction","target":["https:\/\/qtmm.org\/qt\/zair-smedlayevnin-isi-bonuca-mahkeme-bitti\/"]}]},{"@type":"BreadcrumbList","@id":"https:\/\/qtmm.org\/qt\/zair-smedlayevnin-isi-bonuca-mahkeme-bitti\/#breadcrumb","itemListElement":[{"@type":"ListItem","position":1,"name":"\u0413\u043e\u043b\u043e\u0432\u043d\u0430","item":"https:\/\/qtmm.org\/qt\/"},{"@type":"ListItem","position":2,"name":"Zair Smedl\u00e2yevni\u00f1 i\u015fi b\u00f6n\u00fcca mahkeme bitti"}]},{"@type":"WebSite","@id":"https:\/\/qtmm.org\/qt\/#website","url":"https:\/\/qtmm.org\/qt\/","name":"\u041c\u0435\u0434\u0436\u043b\u0456\u0441","description":"","publisher":{"@id":"https:\/\/qtmm.org\/qt\/#organization"},"potentialAction":[{"@type":"SearchAction","target":{"@type":"EntryPoint","urlTemplate":"https:\/\/qtmm.org\/qt\/?s={search_term_string}"},"query-input":{"@type":"PropertyValueSpecification","valueRequired":true,"valueName":"search_term_string"}}],"inLanguage":"qt"},{"@type":"Organization","@id":"https:\/\/qtmm.org\/qt\/#organization","name":"\u041c\u0435\u0434\u0436\u043b\u0456\u0441","url":"https:\/\/qtmm.org\/qt\/","logo":{"@type":"ImageObject","inLanguage":"qt","@id":"https:\/\/qtmm.org\/qt\/#\/schema\/logo\/image\/","url":"https:\/\/qtmm.org\/wp-content\/uploads\/2024\/12\/ua-mejlis-logo-rgb.svg","contentUrl":"https:\/\/qtmm.org\/wp-content\/uploads\/2024\/12\/ua-mejlis-logo-rgb.svg","caption":"\u041c\u0435\u0434\u0436\u043b\u0456\u0441"},"image":{"@id":"https:\/\/qtmm.org\/qt\/#\/schema\/logo\/image\/"},"sameAs":["https:\/\/www.facebook.com\/qtmm.info\/"]},{"@type":"Person","@id":"https:\/\/qtmm.org\/qt\/#\/schema\/person\/de562469f971dec226ac06e60bbf74a7","name":"Developer","image":{"@type":"ImageObject","inLanguage":"qt","@id":"https:\/\/secure.gravatar.com\/avatar\/392b4cc8fbfeb00b39dfeeab4ee6edded39ffd48e25858637e4765810300227e?s=96&d=mm&r=g","url":"https:\/\/secure.gravatar.com\/avatar\/392b4cc8fbfeb00b39dfeeab4ee6edded39ffd48e25858637e4765810300227e?s=96&d=mm&r=g","contentUrl":"https:\/\/secure.gravatar.com\/avatar\/392b4cc8fbfeb00b39dfeeab4ee6edded39ffd48e25858637e4765810300227e?s=96&d=mm&r=g","caption":"Developer"},"url":"https:\/\/qtmm.org\/qt\/author\/Developer\/"}]}},"_links":{"self":[{"href":"https:\/\/qtmm.org\/qt\/wp-json\/wp\/v2\/posts\/28413","targetHints":{"allow":["GET"]}}],"collection":[{"href":"https:\/\/qtmm.org\/qt\/wp-json\/wp\/v2\/posts"}],"about":[{"href":"https:\/\/qtmm.org\/qt\/wp-json\/wp\/v2\/types\/post"}],"author":[{"embeddable":true,"href":"https:\/\/qtmm.org\/qt\/wp-json\/wp\/v2\/users\/1"}],"replies":[{"embeddable":true,"href":"https:\/\/qtmm.org\/qt\/wp-json\/wp\/v2\/comments?post=28413"}],"version-history":[{"count":1,"href":"https:\/\/qtmm.org\/qt\/wp-json\/wp\/v2\/posts\/28413\/revisions"}],"predecessor-version":[{"id":28418,"href":"https:\/\/qtmm.org\/qt\/wp-json\/wp\/v2\/posts\/28413\/revisions\/28418"}],"wp:attachment":[{"href":"https:\/\/qtmm.org\/qt\/wp-json\/wp\/v2\/media?parent=28413"}],"wp:term":[{"taxonomy":"category","embeddable":true,"href":"https:\/\/qtmm.org\/qt\/wp-json\/wp\/v2\/categories?post=28413"},{"taxonomy":"post_tag","embeddable":true,"href":"https:\/\/qtmm.org\/qt\/wp-json\/wp\/v2\/tags?post=28413"}],"curies":[{"name":"wp","href":"https:\/\/api.w.org\/{rel}","templated":true}]}}