




{"id":28320,"date":"2012-02-07T23:25:00","date_gmt":"2012-02-07T20:25:00","guid":{"rendered":"http:\/\/qtmm.org\/?p=28320"},"modified":"2022-01-19T23:26:42","modified_gmt":"2022-01-19T20:26:42","slug":"aqmescit-ve-aqmecit-regionlarinda-yerli-meclislerge-saylav-muddeti-belgilendi","status":"publish","type":"post","link":"https:\/\/qtmm.org\/qt\/aqmescit-ve-aqmecit-regionlarinda-yerli-meclislerge-saylav-muddeti-belgilendi\/","title":{"rendered":"Aqmescit ve Aqme\u00e7it regionlar\u0131nda yerli meclislerge saylav m\u00fcddeti belgilendi"},"content":{"rendered":"\n<p class=\"has-text-align-center\"><strong>Yerli meclis azalar\u0131n\u0131 saylav aqq\u0131nda il\u00e2n etmek qarar\u0131 al\u0131nd\u0131<\/strong><\/p>\n\n\n\n<p>Yerli meclislerge saylav\u011fa az\u0131rl\u0131q ve te\u015fkil et\u00fcv boyunca komissiyan\u0131\u00f1 nevbetteki topla\u015fuv\u0131nda Aqmescit ve Aqme\u00e7it regionlar\u0131nda saylavlar\u011fa az\u0131rl\u0131q k\u00f6rmek ve te\u015fkil etmek meseleleri baq\u0131l\u0131p, Alu\u015fta region\u0131nda yerli meclislerge saylav boyunca maalliy territorial komissiyalarn\u0131\u00f1 erk\u00e2n\u0131 tasdiqland\u0131.<\/p>\n\n\n\n<p>Qayd etilgen meselelerni\u00f1 muzakeresi devam\u0131nda Aqmescit \u015feeri ve Aqmescit rayon\u0131ndaki yerli meclislerge saylavlarn\u0131 2012 senesi mart 31 k\u00fcn\u00fc, Aqme\u00e7it rayon\u0131nda \u2013 2012 senesi aprel 7-de ke\u00e7irmek qararla\u015ft\u0131r\u0131ld\u0131.<\/p>\n\n\n\n<p>Alu\u015fta region\u0131nda saylavlarn\u0131 ke\u00e7ir\u00fcv meselesini Yerli meclislerge saylav\u011fa az\u0131rl\u0131q ve te\u015fkil et\u00fcv boyunca komissiyan\u0131\u00f1 nevbetteki topla\u015fuv\u0131nda muzakere etip, yerli territorial saylav komissiyalar\u0131n\u0131\u00f1 erk\u00e2n\u0131na q\u0131r\u0131mtatar cemaat ve siyasiy te\u015fkil\u00e2tlar\u0131ndan namzetlerni tasdiqlamaq qarar\u0131 al\u0131nd\u0131.<\/p>\n\n\n\n<p>A\u015fa\u011f\u0131da Q\u0131r\u0131mtatar halq\u0131n\u0131\u00f1 Meclisi 2008 senesi iy\u00fcl 5-te qabul etken &#8220;Q\u0131r\u0131mtatar halq\u0131n\u0131\u00f1 \u00f6z\u00fcni-\u00f6z\u00fc idare et\u00fcv maalliy milliy organlar\u0131 aqq\u0131nda nizam&#8221;n\u0131\u00f1 baz\u0131 maddelerini ketiremiz. Onda yerli meclislerge saylavlarda i\u015ftirak et\u00fcv, yerli meclis azal\u0131\u011f\u0131na namzetlerni k\u00f6ster\u00fcv ve cedvelge aluv tertibi belgilengendir.<\/p>\n\n\n\n<p>3.15. Yerli meclislerge saylanmaq uquq\u0131na q\u0131r\u0131mtatarlar ve ailelerini\u00f1 , milletinden qatiy nazar, 18 ya\u015f\u0131n\u0131 toldur\u011fan ve yerli meclisni saylamaq i\u00e7\u00fcn terriitorial esasn\u0131 te\u015fkil etken yerde ya\u015fa\u011fan azalar\u0131 maliktir.<\/p>\n\n\n\n<p>\u015eah\u0131sn\u0131\u00f1 yerli mecliske saylavda i\u015ftirak et\u00fcv aqq\u0131n\u0131 Ukraina grajdan\u0131 pasport\u0131 ve ya da on\u0131\u00f1 yerli meclis saylanayatqan ait yerde ya\u015fa\u011fan\u0131n\u0131 bildirgen diger resmiy vesiqa tasdiqlay.<\/p>\n\n\n\n<p>3.16. Yerli mecis azal\u0131\u011f\u0131na namzetlerni k\u00f6ster\u00fcv ve cedvelge aluv tertibi.<br>Yerli meclisni\u00f1 azas\u0131 saylavda i\u015ftirak etmege aqq\u0131 ol\u011fan ve yerli meclisni saylamaq i\u00e7\u00fcn terriitorial esasn\u0131 te\u015fkil etken yerde ya\u015fa\u011fan saylavc\u0131lar aras\u0131ndan saylana.<\/p>\n\n\n\n<p>3.16.1. Yerli mecliske saylanma\u011fa istegenler namzetlerini kendileri k\u00f6stereler.<\/p>\n\n\n\n<p>3.16.2. Yerli meclisni\u00f1 azal\u0131\u011f\u0131na namzetligini k\u00f6stermege istegen \u015fah\u0131s yerli territorial komissiya\u011fa \u015fekilini Yerli meclislerge saylav\u011fa az\u0131rl\u0131q ve te\u015fkil et\u00fcv boyunca komissiya tasdiqla\u011fan imza vereqas\u0131n\u0131 bermesi aqq\u0131nda arizanen muracaat ete.<\/p>\n\n\n\n<p>Yerli territorial komissiya \u0130mza vereqas\u0131n\u0131 yerli meclisni\u00f1 azal\u0131\u011f\u0131na namzetligini k\u00f6stermege istegen \u015fah\u0131sqa arizan\u0131 taqdim ettigi k\u00fcn\u00fc berile.<\/p>\n\n\n\n<p>Er bir saylavc\u0131 yerli meclis azal\u0131\u011f\u0131na namzetligini k\u00f6stergen bir ya da bir qa\u00e7 namzet i\u00e7\u00fcn imza qoya bilir.<\/p>\n\n\n\n<p>\u0130mza vereqas\u0131 berilgen k\u00fcnden itibaren namzetke yerli meclisni\u00f1 azas\u0131 olma\u011fa istegen \u015fah\u0131sqa namzet olaraq cedvelge al\u0131nmas\u0131 i\u00e7\u00fcn ait vesiqalarn\u0131 taqdim et\u00fcv m\u00fcddeti belgilene.<\/p>\n","protected":false},"excerpt":{"rendered":"<p>Yerli meclis azalar\u0131n\u0131 saylav aqq\u0131nda il\u00e2n etmek qarar\u0131 al\u0131nd\u0131 Yerli meclislerge saylav\u011fa az\u0131rl\u0131q ve te\u015fkil et\u00fcv boyunca komissiyan\u0131\u00f1 nevbetteki topla\u015fuv\u0131nda Aqmescit ve Aqme\u00e7it regionlar\u0131nda saylavlar\u011fa az\u0131rl\u0131q k\u00f6rmek ve te\u015fkil etmek meseleleri baq\u0131l\u0131p, Alu\u015fta region\u0131nda yerli meclislerge saylav boyunca maalliy territorial komissiyalarn\u0131\u00f1 erk\u00e2n\u0131 tasdiqland\u0131. Qayd etilgen meselelerni\u00f1 muzakeresi devam\u0131nda Aqmescit \u015feeri ve Aqmescit rayon\u0131ndaki yerli meclislerge [&hellip;]<\/p>\n","protected":false},"author":1,"featured_media":0,"comment_status":"open","ping_status":"open","sticky":false,"template":"","format":"standard","meta":{"inline_featured_image":false,"footnotes":""},"categories":[265],"tags":[],"class_list":["post-28320","post","type-post","status-publish","format-standard","hentry","category-haberler"],"acf":[],"yoast_head":"<!-- This site is optimized with the Yoast SEO plugin v27.4 - https:\/\/yoast.com\/product\/yoast-seo-wordpress\/ -->\n<title>Aqmescit ve Aqme\u00e7it regionlar\u0131nda yerli meclislerge saylav m\u00fcddeti belgilendi - \u041c\u0435\u0434\u0436\u043b\u0456\u0441<\/title>\n<meta name=\"robots\" content=\"index, follow, max-snippet:-1, max-image-preview:large, max-video-preview:-1\" \/>\n<link rel=\"canonical\" href=\"https:\/\/qtmm.org\/qt\/aqmescit-ve-aqmecit-regionlarinda-yerli-meclislerge-saylav-muddeti-belgilendi\/\" \/>\n<meta property=\"og:locale\" content=\"en_US\" \/>\n<meta property=\"og:type\" content=\"article\" \/>\n<meta property=\"og:title\" content=\"Aqmescit ve Aqme\u00e7it regionlar\u0131nda yerli meclislerge saylav m\u00fcddeti belgilendi - \u041c\u0435\u0434\u0436\u043b\u0456\u0441\" \/>\n<meta property=\"og:description\" content=\"Yerli meclis azalar\u0131n\u0131 saylav aqq\u0131nda il\u00e2n etmek qarar\u0131 al\u0131nd\u0131 Yerli meclislerge saylav\u011fa az\u0131rl\u0131q ve te\u015fkil et\u00fcv boyunca komissiyan\u0131\u00f1 nevbetteki topla\u015fuv\u0131nda Aqmescit ve Aqme\u00e7it regionlar\u0131nda saylavlar\u011fa az\u0131rl\u0131q k\u00f6rmek ve te\u015fkil etmek meseleleri baq\u0131l\u0131p, Alu\u015fta region\u0131nda yerli meclislerge saylav boyunca maalliy territorial komissiyalarn\u0131\u00f1 erk\u00e2n\u0131 tasdiqland\u0131. Qayd etilgen meselelerni\u00f1 muzakeresi devam\u0131nda Aqmescit \u015feeri ve Aqmescit rayon\u0131ndaki yerli meclislerge [&hellip;]\" \/>\n<meta property=\"og:url\" content=\"https:\/\/qtmm.org\/qt\/aqmescit-ve-aqmecit-regionlarinda-yerli-meclislerge-saylav-muddeti-belgilendi\/\" \/>\n<meta property=\"og:site_name\" content=\"\u041c\u0435\u0434\u0436\u043b\u0456\u0441\" \/>\n<meta property=\"article:publisher\" content=\"https:\/\/www.facebook.com\/qtmm.info\/\" \/>\n<meta property=\"article:published_time\" content=\"2012-02-07T20:25:00+00:00\" \/>\n<meta property=\"article:modified_time\" content=\"2022-01-19T20:26:42+00:00\" \/>\n<meta name=\"author\" content=\"Developer\" \/>\n<meta name=\"twitter:card\" content=\"summary_large_image\" \/>\n<meta name=\"twitter:label1\" content=\"Written by\" \/>\n\t<meta name=\"twitter:data1\" content=\"Developer\" \/>\n\t<meta name=\"twitter:label2\" content=\"Est. reading time\" \/>\n\t<meta name=\"twitter:data2\" content=\"2 minutes\" \/>\n<script type=\"application\/ld+json\" class=\"yoast-schema-graph\">{\"@context\":\"https:\\\/\\\/schema.org\",\"@graph\":[{\"@type\":\"Article\",\"@id\":\"https:\\\/\\\/qtmm.org\\\/qt\\\/aqmescit-ve-aqmecit-regionlarinda-yerli-meclislerge-saylav-muddeti-belgilendi\\\/#article\",\"isPartOf\":{\"@id\":\"https:\\\/\\\/qtmm.org\\\/qt\\\/aqmescit-ve-aqmecit-regionlarinda-yerli-meclislerge-saylav-muddeti-belgilendi\\\/\"},\"author\":{\"name\":\"Developer\",\"@id\":\"https:\\\/\\\/qtmm.org\\\/qt\\\/#\\\/schema\\\/person\\\/de562469f971dec226ac06e60bbf74a7\"},\"headline\":\"Aqmescit ve Aqme\u00e7it regionlar\u0131nda yerli meclislerge saylav m\u00fcddeti belgilendi\",\"datePublished\":\"2012-02-07T20:25:00+00:00\",\"dateModified\":\"2022-01-19T20:26:42+00:00\",\"mainEntityOfPage\":{\"@id\":\"https:\\\/\\\/qtmm.org\\\/qt\\\/aqmescit-ve-aqmecit-regionlarinda-yerli-meclislerge-saylav-muddeti-belgilendi\\\/\"},\"wordCount\":449,\"commentCount\":0,\"publisher\":{\"@id\":\"https:\\\/\\\/qtmm.org\\\/qt\\\/#organization\"},\"articleSection\":[\"Haberler\"],\"inLanguage\":\"qt\",\"potentialAction\":[{\"@type\":\"CommentAction\",\"name\":\"Comment\",\"target\":[\"https:\\\/\\\/qtmm.org\\\/qt\\\/aqmescit-ve-aqmecit-regionlarinda-yerli-meclislerge-saylav-muddeti-belgilendi\\\/#respond\"]}]},{\"@type\":\"WebPage\",\"@id\":\"https:\\\/\\\/qtmm.org\\\/qt\\\/aqmescit-ve-aqmecit-regionlarinda-yerli-meclislerge-saylav-muddeti-belgilendi\\\/\",\"url\":\"https:\\\/\\\/qtmm.org\\\/qt\\\/aqmescit-ve-aqmecit-regionlarinda-yerli-meclislerge-saylav-muddeti-belgilendi\\\/\",\"name\":\"Aqmescit ve Aqme\u00e7it regionlar\u0131nda yerli meclislerge saylav m\u00fcddeti belgilendi - \u041c\u0435\u0434\u0436\u043b\u0456\u0441\",\"isPartOf\":{\"@id\":\"https:\\\/\\\/qtmm.org\\\/qt\\\/#website\"},\"datePublished\":\"2012-02-07T20:25:00+00:00\",\"dateModified\":\"2022-01-19T20:26:42+00:00\",\"breadcrumb\":{\"@id\":\"https:\\\/\\\/qtmm.org\\\/qt\\\/aqmescit-ve-aqmecit-regionlarinda-yerli-meclislerge-saylav-muddeti-belgilendi\\\/#breadcrumb\"},\"inLanguage\":\"qt\",\"potentialAction\":[{\"@type\":\"ReadAction\",\"target\":[\"https:\\\/\\\/qtmm.org\\\/qt\\\/aqmescit-ve-aqmecit-regionlarinda-yerli-meclislerge-saylav-muddeti-belgilendi\\\/\"]}]},{\"@type\":\"BreadcrumbList\",\"@id\":\"https:\\\/\\\/qtmm.org\\\/qt\\\/aqmescit-ve-aqmecit-regionlarinda-yerli-meclislerge-saylav-muddeti-belgilendi\\\/#breadcrumb\",\"itemListElement\":[{\"@type\":\"ListItem\",\"position\":1,\"name\":\"\u0413\u043e\u043b\u043e\u0432\u043d\u0430\",\"item\":\"https:\\\/\\\/qtmm.org\\\/qt\\\/\"},{\"@type\":\"ListItem\",\"position\":2,\"name\":\"Aqmescit ve Aqme\u00e7it regionlar\u0131nda yerli meclislerge saylav m\u00fcddeti belgilendi\"}]},{\"@type\":\"WebSite\",\"@id\":\"https:\\\/\\\/qtmm.org\\\/qt\\\/#website\",\"url\":\"https:\\\/\\\/qtmm.org\\\/qt\\\/\",\"name\":\"\u041c\u0435\u0434\u0436\u043b\u0456\u0441\",\"description\":\"\",\"publisher\":{\"@id\":\"https:\\\/\\\/qtmm.org\\\/qt\\\/#organization\"},\"potentialAction\":[{\"@type\":\"SearchAction\",\"target\":{\"@type\":\"EntryPoint\",\"urlTemplate\":\"https:\\\/\\\/qtmm.org\\\/qt\\\/?s={search_term_string}\"},\"query-input\":{\"@type\":\"PropertyValueSpecification\",\"valueRequired\":true,\"valueName\":\"search_term_string\"}}],\"inLanguage\":\"qt\"},{\"@type\":\"Organization\",\"@id\":\"https:\\\/\\\/qtmm.org\\\/qt\\\/#organization\",\"name\":\"\u041c\u0435\u0434\u0436\u043b\u0456\u0441\",\"url\":\"https:\\\/\\\/qtmm.org\\\/qt\\\/\",\"logo\":{\"@type\":\"ImageObject\",\"inLanguage\":\"qt\",\"@id\":\"https:\\\/\\\/qtmm.org\\\/qt\\\/#\\\/schema\\\/logo\\\/image\\\/\",\"url\":\"https:\\\/\\\/qtmm.org\\\/wp-content\\\/uploads\\\/2024\\\/12\\\/ua-mejlis-logo-rgb.svg\",\"contentUrl\":\"https:\\\/\\\/qtmm.org\\\/wp-content\\\/uploads\\\/2024\\\/12\\\/ua-mejlis-logo-rgb.svg\",\"caption\":\"\u041c\u0435\u0434\u0436\u043b\u0456\u0441\"},\"image\":{\"@id\":\"https:\\\/\\\/qtmm.org\\\/qt\\\/#\\\/schema\\\/logo\\\/image\\\/\"},\"sameAs\":[\"https:\\\/\\\/www.facebook.com\\\/qtmm.info\\\/\"]},{\"@type\":\"Person\",\"@id\":\"https:\\\/\\\/qtmm.org\\\/qt\\\/#\\\/schema\\\/person\\\/de562469f971dec226ac06e60bbf74a7\",\"name\":\"Developer\",\"image\":{\"@type\":\"ImageObject\",\"inLanguage\":\"qt\",\"@id\":\"https:\\\/\\\/secure.gravatar.com\\\/avatar\\\/392b4cc8fbfeb00b39dfeeab4ee6edded39ffd48e25858637e4765810300227e?s=96&d=mm&r=g\",\"url\":\"https:\\\/\\\/secure.gravatar.com\\\/avatar\\\/392b4cc8fbfeb00b39dfeeab4ee6edded39ffd48e25858637e4765810300227e?s=96&d=mm&r=g\",\"contentUrl\":\"https:\\\/\\\/secure.gravatar.com\\\/avatar\\\/392b4cc8fbfeb00b39dfeeab4ee6edded39ffd48e25858637e4765810300227e?s=96&d=mm&r=g\",\"caption\":\"Developer\"},\"url\":\"https:\\\/\\\/qtmm.org\\\/qt\\\/author\\\/Developer\\\/\"}]}<\/script>\n<!-- \/ Yoast SEO plugin. -->","yoast_head_json":{"title":"Aqmescit ve Aqme\u00e7it regionlar\u0131nda yerli meclislerge saylav m\u00fcddeti belgilendi - \u041c\u0435\u0434\u0436\u043b\u0456\u0441","robots":{"index":"index","follow":"follow","max-snippet":"max-snippet:-1","max-image-preview":"max-image-preview:large","max-video-preview":"max-video-preview:-1"},"canonical":"https:\/\/qtmm.org\/qt\/aqmescit-ve-aqmecit-regionlarinda-yerli-meclislerge-saylav-muddeti-belgilendi\/","og_locale":"en_US","og_type":"article","og_title":"Aqmescit ve Aqme\u00e7it regionlar\u0131nda yerli meclislerge saylav m\u00fcddeti belgilendi - \u041c\u0435\u0434\u0436\u043b\u0456\u0441","og_description":"Yerli meclis azalar\u0131n\u0131 saylav aqq\u0131nda il\u00e2n etmek qarar\u0131 al\u0131nd\u0131 Yerli meclislerge saylav\u011fa az\u0131rl\u0131q ve te\u015fkil et\u00fcv boyunca komissiyan\u0131\u00f1 nevbetteki topla\u015fuv\u0131nda Aqmescit ve Aqme\u00e7it regionlar\u0131nda saylavlar\u011fa az\u0131rl\u0131q k\u00f6rmek ve te\u015fkil etmek meseleleri baq\u0131l\u0131p, Alu\u015fta region\u0131nda yerli meclislerge saylav boyunca maalliy territorial komissiyalarn\u0131\u00f1 erk\u00e2n\u0131 tasdiqland\u0131. Qayd etilgen meselelerni\u00f1 muzakeresi devam\u0131nda Aqmescit \u015feeri ve Aqmescit rayon\u0131ndaki yerli meclislerge [&hellip;]","og_url":"https:\/\/qtmm.org\/qt\/aqmescit-ve-aqmecit-regionlarinda-yerli-meclislerge-saylav-muddeti-belgilendi\/","og_site_name":"\u041c\u0435\u0434\u0436\u043b\u0456\u0441","article_publisher":"https:\/\/www.facebook.com\/qtmm.info\/","article_published_time":"2012-02-07T20:25:00+00:00","article_modified_time":"2022-01-19T20:26:42+00:00","author":"Developer","twitter_card":"summary_large_image","twitter_misc":{"Written by":"Developer","Est. reading time":"2 minutes"},"schema":{"@context":"https:\/\/schema.org","@graph":[{"@type":"Article","@id":"https:\/\/qtmm.org\/qt\/aqmescit-ve-aqmecit-regionlarinda-yerli-meclislerge-saylav-muddeti-belgilendi\/#article","isPartOf":{"@id":"https:\/\/qtmm.org\/qt\/aqmescit-ve-aqmecit-regionlarinda-yerli-meclislerge-saylav-muddeti-belgilendi\/"},"author":{"name":"Developer","@id":"https:\/\/qtmm.org\/qt\/#\/schema\/person\/de562469f971dec226ac06e60bbf74a7"},"headline":"Aqmescit ve Aqme\u00e7it regionlar\u0131nda yerli meclislerge saylav m\u00fcddeti belgilendi","datePublished":"2012-02-07T20:25:00+00:00","dateModified":"2022-01-19T20:26:42+00:00","mainEntityOfPage":{"@id":"https:\/\/qtmm.org\/qt\/aqmescit-ve-aqmecit-regionlarinda-yerli-meclislerge-saylav-muddeti-belgilendi\/"},"wordCount":449,"commentCount":0,"publisher":{"@id":"https:\/\/qtmm.org\/qt\/#organization"},"articleSection":["Haberler"],"inLanguage":"qt","potentialAction":[{"@type":"CommentAction","name":"Comment","target":["https:\/\/qtmm.org\/qt\/aqmescit-ve-aqmecit-regionlarinda-yerli-meclislerge-saylav-muddeti-belgilendi\/#respond"]}]},{"@type":"WebPage","@id":"https:\/\/qtmm.org\/qt\/aqmescit-ve-aqmecit-regionlarinda-yerli-meclislerge-saylav-muddeti-belgilendi\/","url":"https:\/\/qtmm.org\/qt\/aqmescit-ve-aqmecit-regionlarinda-yerli-meclislerge-saylav-muddeti-belgilendi\/","name":"Aqmescit ve Aqme\u00e7it regionlar\u0131nda yerli meclislerge saylav m\u00fcddeti belgilendi - \u041c\u0435\u0434\u0436\u043b\u0456\u0441","isPartOf":{"@id":"https:\/\/qtmm.org\/qt\/#website"},"datePublished":"2012-02-07T20:25:00+00:00","dateModified":"2022-01-19T20:26:42+00:00","breadcrumb":{"@id":"https:\/\/qtmm.org\/qt\/aqmescit-ve-aqmecit-regionlarinda-yerli-meclislerge-saylav-muddeti-belgilendi\/#breadcrumb"},"inLanguage":"qt","potentialAction":[{"@type":"ReadAction","target":["https:\/\/qtmm.org\/qt\/aqmescit-ve-aqmecit-regionlarinda-yerli-meclislerge-saylav-muddeti-belgilendi\/"]}]},{"@type":"BreadcrumbList","@id":"https:\/\/qtmm.org\/qt\/aqmescit-ve-aqmecit-regionlarinda-yerli-meclislerge-saylav-muddeti-belgilendi\/#breadcrumb","itemListElement":[{"@type":"ListItem","position":1,"name":"\u0413\u043e\u043b\u043e\u0432\u043d\u0430","item":"https:\/\/qtmm.org\/qt\/"},{"@type":"ListItem","position":2,"name":"Aqmescit ve Aqme\u00e7it regionlar\u0131nda yerli meclislerge saylav m\u00fcddeti belgilendi"}]},{"@type":"WebSite","@id":"https:\/\/qtmm.org\/qt\/#website","url":"https:\/\/qtmm.org\/qt\/","name":"\u041c\u0435\u0434\u0436\u043b\u0456\u0441","description":"","publisher":{"@id":"https:\/\/qtmm.org\/qt\/#organization"},"potentialAction":[{"@type":"SearchAction","target":{"@type":"EntryPoint","urlTemplate":"https:\/\/qtmm.org\/qt\/?s={search_term_string}"},"query-input":{"@type":"PropertyValueSpecification","valueRequired":true,"valueName":"search_term_string"}}],"inLanguage":"qt"},{"@type":"Organization","@id":"https:\/\/qtmm.org\/qt\/#organization","name":"\u041c\u0435\u0434\u0436\u043b\u0456\u0441","url":"https:\/\/qtmm.org\/qt\/","logo":{"@type":"ImageObject","inLanguage":"qt","@id":"https:\/\/qtmm.org\/qt\/#\/schema\/logo\/image\/","url":"https:\/\/qtmm.org\/wp-content\/uploads\/2024\/12\/ua-mejlis-logo-rgb.svg","contentUrl":"https:\/\/qtmm.org\/wp-content\/uploads\/2024\/12\/ua-mejlis-logo-rgb.svg","caption":"\u041c\u0435\u0434\u0436\u043b\u0456\u0441"},"image":{"@id":"https:\/\/qtmm.org\/qt\/#\/schema\/logo\/image\/"},"sameAs":["https:\/\/www.facebook.com\/qtmm.info\/"]},{"@type":"Person","@id":"https:\/\/qtmm.org\/qt\/#\/schema\/person\/de562469f971dec226ac06e60bbf74a7","name":"Developer","image":{"@type":"ImageObject","inLanguage":"qt","@id":"https:\/\/secure.gravatar.com\/avatar\/392b4cc8fbfeb00b39dfeeab4ee6edded39ffd48e25858637e4765810300227e?s=96&d=mm&r=g","url":"https:\/\/secure.gravatar.com\/avatar\/392b4cc8fbfeb00b39dfeeab4ee6edded39ffd48e25858637e4765810300227e?s=96&d=mm&r=g","contentUrl":"https:\/\/secure.gravatar.com\/avatar\/392b4cc8fbfeb00b39dfeeab4ee6edded39ffd48e25858637e4765810300227e?s=96&d=mm&r=g","caption":"Developer"},"url":"https:\/\/qtmm.org\/qt\/author\/Developer\/"}]}},"_links":{"self":[{"href":"https:\/\/qtmm.org\/qt\/wp-json\/wp\/v2\/posts\/28320","targetHints":{"allow":["GET"]}}],"collection":[{"href":"https:\/\/qtmm.org\/qt\/wp-json\/wp\/v2\/posts"}],"about":[{"href":"https:\/\/qtmm.org\/qt\/wp-json\/wp\/v2\/types\/post"}],"author":[{"embeddable":true,"href":"https:\/\/qtmm.org\/qt\/wp-json\/wp\/v2\/users\/1"}],"replies":[{"embeddable":true,"href":"https:\/\/qtmm.org\/qt\/wp-json\/wp\/v2\/comments?post=28320"}],"version-history":[{"count":1,"href":"https:\/\/qtmm.org\/qt\/wp-json\/wp\/v2\/posts\/28320\/revisions"}],"predecessor-version":[{"id":28322,"href":"https:\/\/qtmm.org\/qt\/wp-json\/wp\/v2\/posts\/28320\/revisions\/28322"}],"wp:attachment":[{"href":"https:\/\/qtmm.org\/qt\/wp-json\/wp\/v2\/media?parent=28320"}],"wp:term":[{"taxonomy":"category","embeddable":true,"href":"https:\/\/qtmm.org\/qt\/wp-json\/wp\/v2\/categories?post=28320"},{"taxonomy":"post_tag","embeddable":true,"href":"https:\/\/qtmm.org\/qt\/wp-json\/wp\/v2\/tags?post=28320"}],"curies":[{"name":"wp","href":"https:\/\/api.w.org\/{rel}","templated":true}]}}