




{"id":28296,"date":"2012-01-25T23:22:00","date_gmt":"2012-01-25T20:22:00","guid":{"rendered":"http:\/\/qtmm.org\/?p=28296"},"modified":"2022-01-19T23:23:14","modified_gmt":"2022-01-19T20:23:14","slug":"en-buyuk-yasli-yazici-rustem-osman-oglu-muyedin-24-yanvarda-bu-dunyani-terk-etti","status":"publish","type":"post","link":"https:\/\/qtmm.org\/qt\/en-buyuk-yasli-yazici-rustem-osman-oglu-muyedin-24-yanvarda-bu-dunyani-terk-etti\/","title":{"rendered":"E\u00f1 b\u00fcy\u00fck ya\u015fl\u0131 yaz\u0131c\u0131 Rustem Osman o\u011flu Muyedin 24-yanvarda bu d\u00fcnyan\u0131 terk etti"},"content":{"rendered":"\n<p>Q\u0131r\u0131mda ve, belki de, Ukrainada e\u00f1 b\u00fcy\u00fck ya\u015fl\u0131 yaz\u0131c\u0131, edebiyatta ilk ad\u0131m\u0131n\u0131 75 y\u0131l evelsi atqan belli edip Rustem Osman o\u011flu Muyedin 24-yanvarda bu d\u00fcnyan\u0131 terk etti.O, ba\u015f\u0131ndan \u00e7oq m\u00fcsibetler ke\u00e7irdi. Sovet rejimi on\u0131 degil tek Vatan\u0131ndan \u2013 sevimli edebiyat faaliyetinden de ay\u0131rma\u011fa t\u0131r\u0131\u015ft\u0131. \u00d6zg\u00fcn edebiy istidat saibi ol\u011fan Rustem a\u011fa s\u00fcrg\u00fcnlikte \u00e7oq y\u0131llar e\u00f1 adiy \u2013 ammal, \u00e7ilengir, aydavc\u0131, fotoresim \u00e7\u0131qar\u0131c\u0131, tornac\u0131, quruc\u0131 ve diger vazifelerde \u00e7al\u0131\u015ft\u0131.\u00a0Vatan\u011fa avdet on\u0131 bun\u0131\u00f1nen beraber faal edebiy icaatqa qaytard\u0131. O, degil tek ik\u00e2yeler \u2013 vatanperverlik duy\u011fular\u0131 ile tolu \u015fiirler, dramaturgik eserler, povestler yaz\u011fan \u00a0mahsuldar edip old\u0131. Dersi\u00f1, totalitar akimiyet ondan zorbal\u0131q ile \u00e7ekip al\u011fan qalemini endi qolundan t\u00fc\u015f\u00fcrmey, yaz\u0131p yeti\u015ftire alma\u011fan &#8220;borc&#8221; eserlerini halq\u0131na qaytarma\u011fa, ba\u011f\u0131\u015flama\u011fa istedi.\u00a0R. Muyedin 1919 senesi 6-iy\u00fclde Aqmescit \u015feerinde dogd\u0131. A\u011fas\u0131 \u2013 \u00a01950-1990 seneleri diasporadaki milliy areketimizni\u00f1 te\u015fkil\u00e2t\u00e7\u0131lar\u0131ndan biri Memet Sevdiyar ile me\u015fur 13-mektepte oqud\u0131. 1939-1944 seneleri orduda h\u0131zmet etti, ekinci Cian cenkini\u00f1 cebelerinden ke\u00e7ti. Moskva, Kavkaz mudafaalar\u0131nda, Q\u0131r\u0131mn\u0131 azat et\u00fcvde i\u015ftirak etti.\u00a0Bu\u00f1a baqmadan, Vatan qor\u00e7alay\u0131c\u0131s\u0131n\u0131 Vatan\u0131ndan ve edebiyatnen o\u011fra\u015fmaq arzular\u0131ndan marum ettiler. Rustem a\u011fan\u0131 ordudan \u00e7\u0131qar\u0131p, s\u00fcrg\u00fcnlikke, Ta\u015fkent civar\u0131ndaki Ya\u00f1\u0131yol\u011fa yollaylar. Bilgisine, tecribesine l\u00e2y\u0131q i\u015flerni o\u00f1a i\u015fanmad\u0131lar. A\u011fas\u0131 Amerikada ya\u015fa\u011fan\u0131 ve halq\u0131m\u0131zn\u0131\u00f1 aq-uquqlar\u0131 tiklenmesi i\u00e7\u00fcn k\u00fcre\u015fkeni sebebinden, KGB on\u0131 daima nazareti ast\u0131nda tutt\u0131, taqiplerge o\u011fratt\u0131.\u00a0Bu\u00f1a baqmadan, \u00f6z israrl\u0131\u011f\u0131 ile R. Muyedin 1972 senesi &#8220;Taqdir&#8221; adl\u0131 povestini derc etmege nail ola. Q\u0131r\u0131m\u011fa qaytqan so\u00f1 ise on\u0131\u00f1 &#8220;Ana qay\u011f\u0131s\u0131&#8221; (1995), &#8220;Qatmerli qaderler&#8221; (1999) adl\u0131 ik\u00e2yeler ve pyesalar c\u0131y\u0131nt\u0131qlar\u0131, &#8220;A\u011f\u0131r taqdirler&#8221; (2009) roman\u0131 d\u00fcnya y\u00fcz\u00fcni k\u00f6rdi.\u00a0\u00a01993-1996 seneleri o, &#8220;Q\u0131r\u0131m&#8221; gazetinde \u00e7al\u0131\u015ft\u0131 ve \u00f6z\u00fcni pi\u015fkin, milletperver jurnalist, publitsist olaraq k\u00f6sterdi.\u00a0Bir qa\u00e7 y\u0131l evelsi Milliy akademik teatrimizde on\u0131\u00f1 &#8220;S\u00f6nmegen y\u0131ld\u0131zlar&#8221; pyesas\u0131 sanala\u015ft\u0131r\u0131l\u011fan edi. B\u00fct\u00fcn bu i\u015fleri o, milliy edebiyat\u0131m\u0131zn\u0131\u00f1 inki\u015faf\u0131na \u00f6z degerli issesini qo\u015ft\u0131, demege esas bere.\u00a0Rustem a\u011fa Muyedin vefat etkeni munasebetinen on\u0131\u00f1 q\u0131z\u0131na, o\u011fullar\u0131na, torunlar\u0131na ve diger yaq\u0131nlar\u0131na samimiy taziyemizni bildiremiz ve sab\u0131r, ba\u015f sa\u011fl\u0131\u011f\u0131 tileymiz.\u00a0<\/p>\n\n\n\n<p class=\"has-text-align-center\"><strong>Alla rahmet eylesin!<\/strong><\/p>\n\n\n\n<p class=\"has-text-align-right\"><strong><em>Q\u0131r\u0131mtatar Milliy Meclisi<\/em><\/strong><\/p>\n","protected":false},"excerpt":{"rendered":"<p>Q\u0131r\u0131mda ve, belki de, Ukrainada e\u00f1 b\u00fcy\u00fck ya\u015fl\u0131 yaz\u0131c\u0131, edebiyatta ilk ad\u0131m\u0131n\u0131 75 y\u0131l evelsi atqan belli edip Rustem Osman o\u011flu Muyedin 24-yanvarda bu d\u00fcnyan\u0131 terk etti.O, ba\u015f\u0131ndan \u00e7oq m\u00fcsibetler ke\u00e7irdi. Sovet rejimi on\u0131 degil tek Vatan\u0131ndan \u2013 sevimli edebiyat faaliyetinden de ay\u0131rma\u011fa t\u0131r\u0131\u015ft\u0131. \u00d6zg\u00fcn edebiy istidat saibi ol\u011fan Rustem a\u011fa s\u00fcrg\u00fcnlikte \u00e7oq y\u0131llar e\u00f1 [&hellip;]<\/p>\n","protected":false},"author":1,"featured_media":0,"comment_status":"open","ping_status":"open","sticky":false,"template":"","format":"standard","meta":{"inline_featured_image":false,"footnotes":""},"categories":[265],"tags":[],"class_list":["post-28296","post","type-post","status-publish","format-standard","hentry","category-haberler"],"acf":[],"yoast_head":"<!-- This site is optimized with the Yoast SEO plugin v27.4 - https:\/\/yoast.com\/product\/yoast-seo-wordpress\/ -->\n<title>E\u00f1 b\u00fcy\u00fck ya\u015fl\u0131 yaz\u0131c\u0131 Rustem Osman o\u011flu Muyedin 24-yanvarda bu d\u00fcnyan\u0131 terk etti - \u041c\u0435\u0434\u0436\u043b\u0456\u0441<\/title>\n<meta name=\"robots\" content=\"index, follow, max-snippet:-1, max-image-preview:large, max-video-preview:-1\" \/>\n<link rel=\"canonical\" href=\"https:\/\/qtmm.org\/qt\/en-buyuk-yasli-yazici-rustem-osman-oglu-muyedin-24-yanvarda-bu-dunyani-terk-etti\/\" \/>\n<meta property=\"og:locale\" content=\"en_US\" \/>\n<meta property=\"og:type\" content=\"article\" \/>\n<meta property=\"og:title\" content=\"E\u00f1 b\u00fcy\u00fck ya\u015fl\u0131 yaz\u0131c\u0131 Rustem Osman o\u011flu Muyedin 24-yanvarda bu d\u00fcnyan\u0131 terk etti - \u041c\u0435\u0434\u0436\u043b\u0456\u0441\" \/>\n<meta property=\"og:description\" content=\"Q\u0131r\u0131mda ve, belki de, Ukrainada e\u00f1 b\u00fcy\u00fck ya\u015fl\u0131 yaz\u0131c\u0131, edebiyatta ilk ad\u0131m\u0131n\u0131 75 y\u0131l evelsi atqan belli edip Rustem Osman o\u011flu Muyedin 24-yanvarda bu d\u00fcnyan\u0131 terk etti.O, ba\u015f\u0131ndan \u00e7oq m\u00fcsibetler ke\u00e7irdi. Sovet rejimi on\u0131 degil tek Vatan\u0131ndan \u2013 sevimli edebiyat faaliyetinden de ay\u0131rma\u011fa t\u0131r\u0131\u015ft\u0131. \u00d6zg\u00fcn edebiy istidat saibi ol\u011fan Rustem a\u011fa s\u00fcrg\u00fcnlikte \u00e7oq y\u0131llar e\u00f1 [&hellip;]\" \/>\n<meta property=\"og:url\" content=\"https:\/\/qtmm.org\/qt\/en-buyuk-yasli-yazici-rustem-osman-oglu-muyedin-24-yanvarda-bu-dunyani-terk-etti\/\" \/>\n<meta property=\"og:site_name\" content=\"\u041c\u0435\u0434\u0436\u043b\u0456\u0441\" \/>\n<meta property=\"article:publisher\" content=\"https:\/\/www.facebook.com\/qtmm.info\/\" \/>\n<meta property=\"article:published_time\" content=\"2012-01-25T20:22:00+00:00\" \/>\n<meta property=\"article:modified_time\" content=\"2022-01-19T20:23:14+00:00\" \/>\n<meta name=\"author\" content=\"Developer\" \/>\n<meta name=\"twitter:card\" content=\"summary_large_image\" \/>\n<meta name=\"twitter:label1\" content=\"Written by\" \/>\n\t<meta name=\"twitter:data1\" content=\"Developer\" \/>\n\t<meta name=\"twitter:label2\" content=\"Est. reading time\" \/>\n\t<meta name=\"twitter:data2\" content=\"2 minutes\" \/>\n<script type=\"application\/ld+json\" class=\"yoast-schema-graph\">{\"@context\":\"https:\\\/\\\/schema.org\",\"@graph\":[{\"@type\":\"Article\",\"@id\":\"https:\\\/\\\/qtmm.org\\\/qt\\\/en-buyuk-yasli-yazici-rustem-osman-oglu-muyedin-24-yanvarda-bu-dunyani-terk-etti\\\/#article\",\"isPartOf\":{\"@id\":\"https:\\\/\\\/qtmm.org\\\/qt\\\/en-buyuk-yasli-yazici-rustem-osman-oglu-muyedin-24-yanvarda-bu-dunyani-terk-etti\\\/\"},\"author\":{\"name\":\"Developer\",\"@id\":\"https:\\\/\\\/qtmm.org\\\/qt\\\/#\\\/schema\\\/person\\\/de562469f971dec226ac06e60bbf74a7\"},\"headline\":\"E\u00f1 b\u00fcy\u00fck ya\u015fl\u0131 yaz\u0131c\u0131 Rustem Osman o\u011flu Muyedin 24-yanvarda bu d\u00fcnyan\u0131 terk etti\",\"datePublished\":\"2012-01-25T20:22:00+00:00\",\"dateModified\":\"2022-01-19T20:23:14+00:00\",\"mainEntityOfPage\":{\"@id\":\"https:\\\/\\\/qtmm.org\\\/qt\\\/en-buyuk-yasli-yazici-rustem-osman-oglu-muyedin-24-yanvarda-bu-dunyani-terk-etti\\\/\"},\"wordCount\":454,\"commentCount\":0,\"publisher\":{\"@id\":\"https:\\\/\\\/qtmm.org\\\/qt\\\/#organization\"},\"articleSection\":[\"Haberler\"],\"inLanguage\":\"qt\",\"potentialAction\":[{\"@type\":\"CommentAction\",\"name\":\"Comment\",\"target\":[\"https:\\\/\\\/qtmm.org\\\/qt\\\/en-buyuk-yasli-yazici-rustem-osman-oglu-muyedin-24-yanvarda-bu-dunyani-terk-etti\\\/#respond\"]}]},{\"@type\":\"WebPage\",\"@id\":\"https:\\\/\\\/qtmm.org\\\/qt\\\/en-buyuk-yasli-yazici-rustem-osman-oglu-muyedin-24-yanvarda-bu-dunyani-terk-etti\\\/\",\"url\":\"https:\\\/\\\/qtmm.org\\\/qt\\\/en-buyuk-yasli-yazici-rustem-osman-oglu-muyedin-24-yanvarda-bu-dunyani-terk-etti\\\/\",\"name\":\"E\u00f1 b\u00fcy\u00fck ya\u015fl\u0131 yaz\u0131c\u0131 Rustem Osman o\u011flu Muyedin 24-yanvarda bu d\u00fcnyan\u0131 terk etti - \u041c\u0435\u0434\u0436\u043b\u0456\u0441\",\"isPartOf\":{\"@id\":\"https:\\\/\\\/qtmm.org\\\/qt\\\/#website\"},\"datePublished\":\"2012-01-25T20:22:00+00:00\",\"dateModified\":\"2022-01-19T20:23:14+00:00\",\"breadcrumb\":{\"@id\":\"https:\\\/\\\/qtmm.org\\\/qt\\\/en-buyuk-yasli-yazici-rustem-osman-oglu-muyedin-24-yanvarda-bu-dunyani-terk-etti\\\/#breadcrumb\"},\"inLanguage\":\"qt\",\"potentialAction\":[{\"@type\":\"ReadAction\",\"target\":[\"https:\\\/\\\/qtmm.org\\\/qt\\\/en-buyuk-yasli-yazici-rustem-osman-oglu-muyedin-24-yanvarda-bu-dunyani-terk-etti\\\/\"]}]},{\"@type\":\"BreadcrumbList\",\"@id\":\"https:\\\/\\\/qtmm.org\\\/qt\\\/en-buyuk-yasli-yazici-rustem-osman-oglu-muyedin-24-yanvarda-bu-dunyani-terk-etti\\\/#breadcrumb\",\"itemListElement\":[{\"@type\":\"ListItem\",\"position\":1,\"name\":\"\u0413\u043e\u043b\u043e\u0432\u043d\u0430\",\"item\":\"https:\\\/\\\/qtmm.org\\\/qt\\\/\"},{\"@type\":\"ListItem\",\"position\":2,\"name\":\"E\u00f1 b\u00fcy\u00fck ya\u015fl\u0131 yaz\u0131c\u0131 Rustem Osman o\u011flu Muyedin 24-yanvarda bu d\u00fcnyan\u0131 terk etti\"}]},{\"@type\":\"WebSite\",\"@id\":\"https:\\\/\\\/qtmm.org\\\/qt\\\/#website\",\"url\":\"https:\\\/\\\/qtmm.org\\\/qt\\\/\",\"name\":\"\u041c\u0435\u0434\u0436\u043b\u0456\u0441\",\"description\":\"\",\"publisher\":{\"@id\":\"https:\\\/\\\/qtmm.org\\\/qt\\\/#organization\"},\"potentialAction\":[{\"@type\":\"SearchAction\",\"target\":{\"@type\":\"EntryPoint\",\"urlTemplate\":\"https:\\\/\\\/qtmm.org\\\/qt\\\/?s={search_term_string}\"},\"query-input\":{\"@type\":\"PropertyValueSpecification\",\"valueRequired\":true,\"valueName\":\"search_term_string\"}}],\"inLanguage\":\"qt\"},{\"@type\":\"Organization\",\"@id\":\"https:\\\/\\\/qtmm.org\\\/qt\\\/#organization\",\"name\":\"\u041c\u0435\u0434\u0436\u043b\u0456\u0441\",\"url\":\"https:\\\/\\\/qtmm.org\\\/qt\\\/\",\"logo\":{\"@type\":\"ImageObject\",\"inLanguage\":\"qt\",\"@id\":\"https:\\\/\\\/qtmm.org\\\/qt\\\/#\\\/schema\\\/logo\\\/image\\\/\",\"url\":\"https:\\\/\\\/qtmm.org\\\/wp-content\\\/uploads\\\/2024\\\/12\\\/ua-mejlis-logo-rgb.svg\",\"contentUrl\":\"https:\\\/\\\/qtmm.org\\\/wp-content\\\/uploads\\\/2024\\\/12\\\/ua-mejlis-logo-rgb.svg\",\"caption\":\"\u041c\u0435\u0434\u0436\u043b\u0456\u0441\"},\"image\":{\"@id\":\"https:\\\/\\\/qtmm.org\\\/qt\\\/#\\\/schema\\\/logo\\\/image\\\/\"},\"sameAs\":[\"https:\\\/\\\/www.facebook.com\\\/qtmm.info\\\/\"]},{\"@type\":\"Person\",\"@id\":\"https:\\\/\\\/qtmm.org\\\/qt\\\/#\\\/schema\\\/person\\\/de562469f971dec226ac06e60bbf74a7\",\"name\":\"Developer\",\"image\":{\"@type\":\"ImageObject\",\"inLanguage\":\"qt\",\"@id\":\"https:\\\/\\\/secure.gravatar.com\\\/avatar\\\/392b4cc8fbfeb00b39dfeeab4ee6edded39ffd48e25858637e4765810300227e?s=96&d=mm&r=g\",\"url\":\"https:\\\/\\\/secure.gravatar.com\\\/avatar\\\/392b4cc8fbfeb00b39dfeeab4ee6edded39ffd48e25858637e4765810300227e?s=96&d=mm&r=g\",\"contentUrl\":\"https:\\\/\\\/secure.gravatar.com\\\/avatar\\\/392b4cc8fbfeb00b39dfeeab4ee6edded39ffd48e25858637e4765810300227e?s=96&d=mm&r=g\",\"caption\":\"Developer\"},\"url\":\"https:\\\/\\\/qtmm.org\\\/qt\\\/author\\\/Developer\\\/\"}]}<\/script>\n<!-- \/ Yoast SEO plugin. -->","yoast_head_json":{"title":"E\u00f1 b\u00fcy\u00fck ya\u015fl\u0131 yaz\u0131c\u0131 Rustem Osman o\u011flu Muyedin 24-yanvarda bu d\u00fcnyan\u0131 terk etti - \u041c\u0435\u0434\u0436\u043b\u0456\u0441","robots":{"index":"index","follow":"follow","max-snippet":"max-snippet:-1","max-image-preview":"max-image-preview:large","max-video-preview":"max-video-preview:-1"},"canonical":"https:\/\/qtmm.org\/qt\/en-buyuk-yasli-yazici-rustem-osman-oglu-muyedin-24-yanvarda-bu-dunyani-terk-etti\/","og_locale":"en_US","og_type":"article","og_title":"E\u00f1 b\u00fcy\u00fck ya\u015fl\u0131 yaz\u0131c\u0131 Rustem Osman o\u011flu Muyedin 24-yanvarda bu d\u00fcnyan\u0131 terk etti - \u041c\u0435\u0434\u0436\u043b\u0456\u0441","og_description":"Q\u0131r\u0131mda ve, belki de, Ukrainada e\u00f1 b\u00fcy\u00fck ya\u015fl\u0131 yaz\u0131c\u0131, edebiyatta ilk ad\u0131m\u0131n\u0131 75 y\u0131l evelsi atqan belli edip Rustem Osman o\u011flu Muyedin 24-yanvarda bu d\u00fcnyan\u0131 terk etti.O, ba\u015f\u0131ndan \u00e7oq m\u00fcsibetler ke\u00e7irdi. Sovet rejimi on\u0131 degil tek Vatan\u0131ndan \u2013 sevimli edebiyat faaliyetinden de ay\u0131rma\u011fa t\u0131r\u0131\u015ft\u0131. \u00d6zg\u00fcn edebiy istidat saibi ol\u011fan Rustem a\u011fa s\u00fcrg\u00fcnlikte \u00e7oq y\u0131llar e\u00f1 [&hellip;]","og_url":"https:\/\/qtmm.org\/qt\/en-buyuk-yasli-yazici-rustem-osman-oglu-muyedin-24-yanvarda-bu-dunyani-terk-etti\/","og_site_name":"\u041c\u0435\u0434\u0436\u043b\u0456\u0441","article_publisher":"https:\/\/www.facebook.com\/qtmm.info\/","article_published_time":"2012-01-25T20:22:00+00:00","article_modified_time":"2022-01-19T20:23:14+00:00","author":"Developer","twitter_card":"summary_large_image","twitter_misc":{"Written by":"Developer","Est. reading time":"2 minutes"},"schema":{"@context":"https:\/\/schema.org","@graph":[{"@type":"Article","@id":"https:\/\/qtmm.org\/qt\/en-buyuk-yasli-yazici-rustem-osman-oglu-muyedin-24-yanvarda-bu-dunyani-terk-etti\/#article","isPartOf":{"@id":"https:\/\/qtmm.org\/qt\/en-buyuk-yasli-yazici-rustem-osman-oglu-muyedin-24-yanvarda-bu-dunyani-terk-etti\/"},"author":{"name":"Developer","@id":"https:\/\/qtmm.org\/qt\/#\/schema\/person\/de562469f971dec226ac06e60bbf74a7"},"headline":"E\u00f1 b\u00fcy\u00fck ya\u015fl\u0131 yaz\u0131c\u0131 Rustem Osman o\u011flu Muyedin 24-yanvarda bu d\u00fcnyan\u0131 terk etti","datePublished":"2012-01-25T20:22:00+00:00","dateModified":"2022-01-19T20:23:14+00:00","mainEntityOfPage":{"@id":"https:\/\/qtmm.org\/qt\/en-buyuk-yasli-yazici-rustem-osman-oglu-muyedin-24-yanvarda-bu-dunyani-terk-etti\/"},"wordCount":454,"commentCount":0,"publisher":{"@id":"https:\/\/qtmm.org\/qt\/#organization"},"articleSection":["Haberler"],"inLanguage":"qt","potentialAction":[{"@type":"CommentAction","name":"Comment","target":["https:\/\/qtmm.org\/qt\/en-buyuk-yasli-yazici-rustem-osman-oglu-muyedin-24-yanvarda-bu-dunyani-terk-etti\/#respond"]}]},{"@type":"WebPage","@id":"https:\/\/qtmm.org\/qt\/en-buyuk-yasli-yazici-rustem-osman-oglu-muyedin-24-yanvarda-bu-dunyani-terk-etti\/","url":"https:\/\/qtmm.org\/qt\/en-buyuk-yasli-yazici-rustem-osman-oglu-muyedin-24-yanvarda-bu-dunyani-terk-etti\/","name":"E\u00f1 b\u00fcy\u00fck ya\u015fl\u0131 yaz\u0131c\u0131 Rustem Osman o\u011flu Muyedin 24-yanvarda bu d\u00fcnyan\u0131 terk etti - \u041c\u0435\u0434\u0436\u043b\u0456\u0441","isPartOf":{"@id":"https:\/\/qtmm.org\/qt\/#website"},"datePublished":"2012-01-25T20:22:00+00:00","dateModified":"2022-01-19T20:23:14+00:00","breadcrumb":{"@id":"https:\/\/qtmm.org\/qt\/en-buyuk-yasli-yazici-rustem-osman-oglu-muyedin-24-yanvarda-bu-dunyani-terk-etti\/#breadcrumb"},"inLanguage":"qt","potentialAction":[{"@type":"ReadAction","target":["https:\/\/qtmm.org\/qt\/en-buyuk-yasli-yazici-rustem-osman-oglu-muyedin-24-yanvarda-bu-dunyani-terk-etti\/"]}]},{"@type":"BreadcrumbList","@id":"https:\/\/qtmm.org\/qt\/en-buyuk-yasli-yazici-rustem-osman-oglu-muyedin-24-yanvarda-bu-dunyani-terk-etti\/#breadcrumb","itemListElement":[{"@type":"ListItem","position":1,"name":"\u0413\u043e\u043b\u043e\u0432\u043d\u0430","item":"https:\/\/qtmm.org\/qt\/"},{"@type":"ListItem","position":2,"name":"E\u00f1 b\u00fcy\u00fck ya\u015fl\u0131 yaz\u0131c\u0131 Rustem Osman o\u011flu Muyedin 24-yanvarda bu d\u00fcnyan\u0131 terk etti"}]},{"@type":"WebSite","@id":"https:\/\/qtmm.org\/qt\/#website","url":"https:\/\/qtmm.org\/qt\/","name":"\u041c\u0435\u0434\u0436\u043b\u0456\u0441","description":"","publisher":{"@id":"https:\/\/qtmm.org\/qt\/#organization"},"potentialAction":[{"@type":"SearchAction","target":{"@type":"EntryPoint","urlTemplate":"https:\/\/qtmm.org\/qt\/?s={search_term_string}"},"query-input":{"@type":"PropertyValueSpecification","valueRequired":true,"valueName":"search_term_string"}}],"inLanguage":"qt"},{"@type":"Organization","@id":"https:\/\/qtmm.org\/qt\/#organization","name":"\u041c\u0435\u0434\u0436\u043b\u0456\u0441","url":"https:\/\/qtmm.org\/qt\/","logo":{"@type":"ImageObject","inLanguage":"qt","@id":"https:\/\/qtmm.org\/qt\/#\/schema\/logo\/image\/","url":"https:\/\/qtmm.org\/wp-content\/uploads\/2024\/12\/ua-mejlis-logo-rgb.svg","contentUrl":"https:\/\/qtmm.org\/wp-content\/uploads\/2024\/12\/ua-mejlis-logo-rgb.svg","caption":"\u041c\u0435\u0434\u0436\u043b\u0456\u0441"},"image":{"@id":"https:\/\/qtmm.org\/qt\/#\/schema\/logo\/image\/"},"sameAs":["https:\/\/www.facebook.com\/qtmm.info\/"]},{"@type":"Person","@id":"https:\/\/qtmm.org\/qt\/#\/schema\/person\/de562469f971dec226ac06e60bbf74a7","name":"Developer","image":{"@type":"ImageObject","inLanguage":"qt","@id":"https:\/\/secure.gravatar.com\/avatar\/392b4cc8fbfeb00b39dfeeab4ee6edded39ffd48e25858637e4765810300227e?s=96&d=mm&r=g","url":"https:\/\/secure.gravatar.com\/avatar\/392b4cc8fbfeb00b39dfeeab4ee6edded39ffd48e25858637e4765810300227e?s=96&d=mm&r=g","contentUrl":"https:\/\/secure.gravatar.com\/avatar\/392b4cc8fbfeb00b39dfeeab4ee6edded39ffd48e25858637e4765810300227e?s=96&d=mm&r=g","caption":"Developer"},"url":"https:\/\/qtmm.org\/qt\/author\/Developer\/"}]}},"_links":{"self":[{"href":"https:\/\/qtmm.org\/qt\/wp-json\/wp\/v2\/posts\/28296","targetHints":{"allow":["GET"]}}],"collection":[{"href":"https:\/\/qtmm.org\/qt\/wp-json\/wp\/v2\/posts"}],"about":[{"href":"https:\/\/qtmm.org\/qt\/wp-json\/wp\/v2\/types\/post"}],"author":[{"embeddable":true,"href":"https:\/\/qtmm.org\/qt\/wp-json\/wp\/v2\/users\/1"}],"replies":[{"embeddable":true,"href":"https:\/\/qtmm.org\/qt\/wp-json\/wp\/v2\/comments?post=28296"}],"version-history":[{"count":1,"href":"https:\/\/qtmm.org\/qt\/wp-json\/wp\/v2\/posts\/28296\/revisions"}],"predecessor-version":[{"id":28297,"href":"https:\/\/qtmm.org\/qt\/wp-json\/wp\/v2\/posts\/28296\/revisions\/28297"}],"wp:attachment":[{"href":"https:\/\/qtmm.org\/qt\/wp-json\/wp\/v2\/media?parent=28296"}],"wp:term":[{"taxonomy":"category","embeddable":true,"href":"https:\/\/qtmm.org\/qt\/wp-json\/wp\/v2\/categories?post=28296"},{"taxonomy":"post_tag","embeddable":true,"href":"https:\/\/qtmm.org\/qt\/wp-json\/wp\/v2\/tags?post=28296"}],"curies":[{"name":"wp","href":"https:\/\/api.w.org\/{rel}","templated":true}]}}