




{"id":28289,"date":"2012-01-21T23:21:00","date_gmt":"2012-01-21T20:21:00","guid":{"rendered":"http:\/\/qtmm.org\/?p=28289"},"modified":"2022-01-19T23:21:56","modified_gmt":"2022-01-19T20:21:56","slug":"qurulacaq-evnin-temeli-qaviy-olmali","status":"publish","type":"post","link":"https:\/\/qtmm.org\/qt\/qurulacaq-evnin-temeli-qaviy-olmali\/","title":{"rendered":"Qurulacaq evni\u00f1 temeli qaviy olmal\u0131"},"content":{"rendered":"\n<p class=\"has-text-align-center\"><em><strong>(Yigirmi bir y\u0131l evelsi ke\u00e7irilgen \u00abReferendum\u00bb boyunca t\u00fc\u015f\u00fcnceler)<\/strong><\/em><\/p>\n\n\n\n<p>1991 senesi yanvar 20 k\u00fcn\u00fc umumq\u0131r\u0131m referendum\u0131 ke\u00e7irilip, saylavc\u0131lar\u011fa &#8220;Siz SSSR subyekt\u0131 ve \u0130ttifaq muqavelesi i\u015ftirak\u00e7isi ol\u011fan Q\u0131r\u0131m Muhtar Sovet Sotsialist Cumhuriyetini\u00f1 \u011fayr\u0131dan tiklenilgenini isteysi\u00f1izmi?&#8221; degen sualge cevaplanmalar\u0131 teklif etilgen edi.<\/p>\n\n\n\n<p>A\u00f1la\u015f\u0131la ki, referendumdan evel kommunist ve sovet qurumlar\u0131 taraf\u0131ndan teminlengen b\u00fcy\u00fck te\u015fviqat al\u0131p bar\u0131ld\u0131. Moskva ve on\u0131\u00f1 siyasetini Q\u0131r\u0131mda devam etkenler \u00f6zlerini\u00f1 aqiqiy maqsadlar\u0131n\u0131 gizlemediler. Yani q\u0131r\u0131mtatarlar \u00f6z Vatanlar\u0131na k\u00fctleviy s\u00fcrette qayt\u0131p ba\u015fla\u011fanlar\u0131nda Q\u0131r\u0131mn\u0131\u00f1 milliy-territorial mens\u00fcpligi boyunca \u011fayr\u0131dan tiklenilmesine i\u00e7 yol bermemek ve bun\u0131\u00f1nen Moskva\u011fa kelecekte de Ukrainan\u0131 \u00f6z nezareti alt\u0131nda tutmaqn\u0131 devam ettirmek imk\u00e2nlar\u0131n\u0131 yaratmaq.<\/p>\n\n\n\n<p>Demek, ille 1991 senesi yanvar 20 referedum\u0131nda Q\u0131r\u0131m muhtariyat\u0131n\u0131 \u011fayr\u0131dan tiklemek i\u00e7\u00fcn sahte esaslar qoyuld\u0131. Q\u0131r\u0131m muhtariyat\u0131n\u0131 \u011fayr\u0131dan tiklemek i\u00e7\u00fcn yek\u00e2ne uquqiy esas ol\u011fan q\u0131r\u0131mtatar halq\u0131n\u0131\u00f1 \u00f6z \u2013oz\u00fcni belgilev aqq\u0131ndan ve yar\u0131madan\u0131\u00f1 \u00e7oqmilletli ealisini birle\u015ftirmek maqsad\u0131ndan kelip \u00e7\u0131qmaq yerine o zamanki siyaset\u00e7iler Q\u0131r\u0131mda q\u0131r\u0131mtatarlar s\u00fcrg\u00fcnliginden so\u00f1 yerle\u015fken ve \u00e7oqluqn\u0131 te\u015fkil etken yal\u0131\u00f1\u0131z ruslarn\u0131\u00f1 istegini k\u00f6z \u00f6g\u00fcne al\u0131p, ba\u015fqa yoln\u0131 se\u00e7tiler.<\/p>\n\n\n\n<p>Aq\u0131l\u0131\u00f1\u0131zda olsa, 1991 senesi yanvar 20 referendum\u0131 ke\u00e7irilgen vaq\u0131tta esas q\u0131sm\u0131 daa s\u00fcrg\u00fcnlik yerlerinde ol\u011fan q\u0131r\u0131mtatar halq\u0131 \u00f6z topra\u011f\u0131n\u0131\u00f1 taqdiri al etilgen bu aktsiyada i\u015ftirak etip olamad\u0131. Referendum te\u015fkil\u00e2t\u00e7\u0131lar\u0131n\u0131\u00f1 da meram\u0131 as\u0131l\u0131nda \u015fu edi.<\/p>\n\n\n\n<p>O vaq\u0131tta Q\u0131r\u0131m\u011fa qayt\u0131p yeti\u015ftirgen 60-70 bi\u00f1 q\u0131r\u0131mtatar\u0131 ise akimlerni\u00f1 pis niyetlerini fa\u015f etkenleri alda referendum\u011fa boykot il\u00e2n ettiler. Q\u0131r\u0131mtatar halq\u0131 milliy areketi te\u015fkil\u00e2t\u0131n\u0131\u00f1 ve halq aras\u0131nda belli insanlarn\u0131\u00f1 aktiv faaliyeti sayesinde ol\u011fan q\u0131r\u0131mtatarlarn\u0131\u00f1 b\u00f6yle birdem areketini referendum te\u015fkil\u00e2t\u00e7\u0131lar\u0131 da a\u00e7\u0131qtan-a\u00e7\u0131q tan\u0131ma\u011fa mecbur old\u0131lar.<\/p>\n\n\n\n<p>Amma, o zamanki Moskva ve Kiyevdeki resmiy adamlar q\u0131r\u0131mtatarlarn\u0131\u00f1 \u00f6z Vatan\u0131na qaytmas\u0131na keder etmek niyetinde daa bir sed \u00e7ekmege pek a\u015f\u0131qt\u0131lar. Ve bun\u0131\u00f1 i\u00e7\u00fcn de 1991 senesi fevral 12-de Ukraina SSR &#8220;Q\u0131r\u0131m Muhtar Sovet Sotsialist Cumhuriyetini \u011fayr\u0131dan tiklev aqq\u0131nda&#8221; Qanunn\u0131 qabul etti.<\/p>\n\n\n\n<p>B\u00f6yleliknen, Q\u0131r\u0131m status\u0131n\u0131 tesis et\u00fcvnen q\u0131r\u0131mtatar halq\u0131n\u0131 Ukraina \u00e7er\u00e7ivesinde \u00f6z-\u00f6z\u00fcni belgilev uquq\u0131ndan marum eterek Ukraina devleti &#8220;a\u011f\u0131rma\u011fan ba\u015f\u0131na yavluq ba\u011flad\u0131&#8221; yani Rusiye kendi t\u0131\u015fq\u0131 siyasiy ve iqtisadiy menfaatlar\u0131n\u0131 \u00f6gge s\u00fcr\u00fcvde Ukraina\u011fa tesir et\u00fcv aletini elde etti.<\/p>\n\n\n\n<p>S\u00f6z s\u0131ras\u0131, sol\u00f1ki vaq\u0131tta yerli siyasiy marginallarn\u0131\u00f1 1992 senesindeki Q\u0131r\u0131m Anayasas\u0131n\u0131 qaytarmaq o\u011frundaki areketleri Kiyev ve Moskva \u00f6zara munasebetlerini\u00f1 i\u00f1q\u0131raz\u0131 ya\u00f1\u0131 siyasiy t\u00fcs alabilmesinden del\u00e2let bere.<\/p>\n\n\n\n<p>Belli ki, ev qurmazdan evel on\u0131\u00f1 qaviy temelini qoymal\u0131. Eger biz Q\u0131r\u0131m evi aqq\u0131nda s\u00f6z y\u00fcr\u00fctirkenmiz, \u015f\u00fcbesiz on\u0131\u00f1 temelini q\u0131r\u0131mtatar halq\u0131n\u0131\u00f1 \u00f6z-\u00f6z\u00fcni belgilev uquq\u0131 te\u015fkil etmeli.<\/p>\n\n\n\n<p>B\u00f6yle yana\u015fuv temin etilse \u2013 yar\u0131madan\u0131\u00f1 \u00e7e\u00e7eklenmesine imk\u00e2n yarat\u0131l\u0131r, on\u0131\u00f1 sakinleri aras\u0131nda biri-birilerine i\u015fan\u00e7 ve sevgi artar, Q\u0131r\u0131m meselesinde Ukraina\u011fa t\u0131\u015ftan basq\u0131\u011fa yol qalmaz.<\/p>\n\n\n\n<p class=\"has-text-align-right\"><strong>Refat \u00c7ubarov,<\/strong><\/p>\n\n\n\n<p class=\"has-text-align-right\"><strong>Q\u0131r\u0131mtatar halq\u0131 Meclisi reisini\u00f1 birinci muavini,<\/strong><\/p>\n\n\n\n<p class=\"has-text-align-right\"><strong>Q\u0131r\u0131m Yuqar\u0131 \u015euras\u0131n\u0131\u00f1 deputat\u0131.<\/strong><\/p>\n","protected":false},"excerpt":{"rendered":"<p>(Yigirmi bir y\u0131l evelsi ke\u00e7irilgen \u00abReferendum\u00bb boyunca t\u00fc\u015f\u00fcnceler) 1991 senesi yanvar 20 k\u00fcn\u00fc umumq\u0131r\u0131m referendum\u0131 ke\u00e7irilip, saylavc\u0131lar\u011fa &#8220;Siz SSSR subyekt\u0131 ve \u0130ttifaq muqavelesi i\u015ftirak\u00e7isi ol\u011fan Q\u0131r\u0131m Muhtar Sovet Sotsialist Cumhuriyetini\u00f1 \u011fayr\u0131dan tiklenilgenini isteysi\u00f1izmi?&#8221; degen sualge cevaplanmalar\u0131 teklif etilgen edi. A\u00f1la\u015f\u0131la ki, referendumdan evel kommunist ve sovet qurumlar\u0131 taraf\u0131ndan teminlengen b\u00fcy\u00fck te\u015fviqat al\u0131p bar\u0131ld\u0131. Moskva ve [&hellip;]<\/p>\n","protected":false},"author":1,"featured_media":0,"comment_status":"open","ping_status":"open","sticky":false,"template":"","format":"standard","meta":{"inline_featured_image":false,"footnotes":""},"categories":[265],"tags":[],"class_list":["post-28289","post","type-post","status-publish","format-standard","hentry","category-haberler"],"acf":[],"yoast_head":"<!-- This site is optimized with the Yoast SEO plugin v27.4 - https:\/\/yoast.com\/product\/yoast-seo-wordpress\/ -->\n<title>Qurulacaq evni\u00f1 temeli qaviy olmal\u0131 - \u041c\u0435\u0434\u0436\u043b\u0456\u0441<\/title>\n<meta name=\"robots\" content=\"index, follow, max-snippet:-1, max-image-preview:large, max-video-preview:-1\" \/>\n<link rel=\"canonical\" href=\"https:\/\/qtmm.org\/qt\/qurulacaq-evnin-temeli-qaviy-olmali\/\" \/>\n<meta property=\"og:locale\" content=\"en_US\" \/>\n<meta property=\"og:type\" content=\"article\" \/>\n<meta property=\"og:title\" content=\"Qurulacaq evni\u00f1 temeli qaviy olmal\u0131 - \u041c\u0435\u0434\u0436\u043b\u0456\u0441\" \/>\n<meta property=\"og:description\" content=\"(Yigirmi bir y\u0131l evelsi ke\u00e7irilgen \u00abReferendum\u00bb boyunca t\u00fc\u015f\u00fcnceler) 1991 senesi yanvar 20 k\u00fcn\u00fc umumq\u0131r\u0131m referendum\u0131 ke\u00e7irilip, saylavc\u0131lar\u011fa &#8220;Siz SSSR subyekt\u0131 ve \u0130ttifaq muqavelesi i\u015ftirak\u00e7isi ol\u011fan Q\u0131r\u0131m Muhtar Sovet Sotsialist Cumhuriyetini\u00f1 \u011fayr\u0131dan tiklenilgenini isteysi\u00f1izmi?&#8221; degen sualge cevaplanmalar\u0131 teklif etilgen edi. A\u00f1la\u015f\u0131la ki, referendumdan evel kommunist ve sovet qurumlar\u0131 taraf\u0131ndan teminlengen b\u00fcy\u00fck te\u015fviqat al\u0131p bar\u0131ld\u0131. Moskva ve [&hellip;]\" \/>\n<meta property=\"og:url\" content=\"https:\/\/qtmm.org\/qt\/qurulacaq-evnin-temeli-qaviy-olmali\/\" \/>\n<meta property=\"og:site_name\" content=\"\u041c\u0435\u0434\u0436\u043b\u0456\u0441\" \/>\n<meta property=\"article:publisher\" content=\"https:\/\/www.facebook.com\/qtmm.info\/\" \/>\n<meta property=\"article:published_time\" content=\"2012-01-21T20:21:00+00:00\" \/>\n<meta property=\"article:modified_time\" content=\"2022-01-19T20:21:56+00:00\" \/>\n<meta name=\"author\" content=\"Developer\" \/>\n<meta name=\"twitter:card\" content=\"summary_large_image\" \/>\n<meta name=\"twitter:label1\" content=\"Written by\" \/>\n\t<meta name=\"twitter:data1\" content=\"Developer\" \/>\n\t<meta name=\"twitter:label2\" content=\"Est. reading time\" \/>\n\t<meta name=\"twitter:data2\" content=\"3 minutes\" \/>\n<script type=\"application\/ld+json\" class=\"yoast-schema-graph\">{\"@context\":\"https:\\\/\\\/schema.org\",\"@graph\":[{\"@type\":\"Article\",\"@id\":\"https:\\\/\\\/qtmm.org\\\/qt\\\/qurulacaq-evnin-temeli-qaviy-olmali\\\/#article\",\"isPartOf\":{\"@id\":\"https:\\\/\\\/qtmm.org\\\/qt\\\/qurulacaq-evnin-temeli-qaviy-olmali\\\/\"},\"author\":{\"name\":\"Developer\",\"@id\":\"https:\\\/\\\/qtmm.org\\\/qt\\\/#\\\/schema\\\/person\\\/de562469f971dec226ac06e60bbf74a7\"},\"headline\":\"Qurulacaq evni\u00f1 temeli qaviy olmal\u0131\",\"datePublished\":\"2012-01-21T20:21:00+00:00\",\"dateModified\":\"2022-01-19T20:21:56+00:00\",\"mainEntityOfPage\":{\"@id\":\"https:\\\/\\\/qtmm.org\\\/qt\\\/qurulacaq-evnin-temeli-qaviy-olmali\\\/\"},\"wordCount\":598,\"commentCount\":0,\"publisher\":{\"@id\":\"https:\\\/\\\/qtmm.org\\\/qt\\\/#organization\"},\"articleSection\":[\"Haberler\"],\"inLanguage\":\"qt\",\"potentialAction\":[{\"@type\":\"CommentAction\",\"name\":\"Comment\",\"target\":[\"https:\\\/\\\/qtmm.org\\\/qt\\\/qurulacaq-evnin-temeli-qaviy-olmali\\\/#respond\"]}]},{\"@type\":\"WebPage\",\"@id\":\"https:\\\/\\\/qtmm.org\\\/qt\\\/qurulacaq-evnin-temeli-qaviy-olmali\\\/\",\"url\":\"https:\\\/\\\/qtmm.org\\\/qt\\\/qurulacaq-evnin-temeli-qaviy-olmali\\\/\",\"name\":\"Qurulacaq evni\u00f1 temeli qaviy olmal\u0131 - \u041c\u0435\u0434\u0436\u043b\u0456\u0441\",\"isPartOf\":{\"@id\":\"https:\\\/\\\/qtmm.org\\\/qt\\\/#website\"},\"datePublished\":\"2012-01-21T20:21:00+00:00\",\"dateModified\":\"2022-01-19T20:21:56+00:00\",\"breadcrumb\":{\"@id\":\"https:\\\/\\\/qtmm.org\\\/qt\\\/qurulacaq-evnin-temeli-qaviy-olmali\\\/#breadcrumb\"},\"inLanguage\":\"qt\",\"potentialAction\":[{\"@type\":\"ReadAction\",\"target\":[\"https:\\\/\\\/qtmm.org\\\/qt\\\/qurulacaq-evnin-temeli-qaviy-olmali\\\/\"]}]},{\"@type\":\"BreadcrumbList\",\"@id\":\"https:\\\/\\\/qtmm.org\\\/qt\\\/qurulacaq-evnin-temeli-qaviy-olmali\\\/#breadcrumb\",\"itemListElement\":[{\"@type\":\"ListItem\",\"position\":1,\"name\":\"\u0413\u043e\u043b\u043e\u0432\u043d\u0430\",\"item\":\"https:\\\/\\\/qtmm.org\\\/qt\\\/\"},{\"@type\":\"ListItem\",\"position\":2,\"name\":\"Qurulacaq evni\u00f1 temeli qaviy olmal\u0131\"}]},{\"@type\":\"WebSite\",\"@id\":\"https:\\\/\\\/qtmm.org\\\/qt\\\/#website\",\"url\":\"https:\\\/\\\/qtmm.org\\\/qt\\\/\",\"name\":\"\u041c\u0435\u0434\u0436\u043b\u0456\u0441\",\"description\":\"\",\"publisher\":{\"@id\":\"https:\\\/\\\/qtmm.org\\\/qt\\\/#organization\"},\"potentialAction\":[{\"@type\":\"SearchAction\",\"target\":{\"@type\":\"EntryPoint\",\"urlTemplate\":\"https:\\\/\\\/qtmm.org\\\/qt\\\/?s={search_term_string}\"},\"query-input\":{\"@type\":\"PropertyValueSpecification\",\"valueRequired\":true,\"valueName\":\"search_term_string\"}}],\"inLanguage\":\"qt\"},{\"@type\":\"Organization\",\"@id\":\"https:\\\/\\\/qtmm.org\\\/qt\\\/#organization\",\"name\":\"\u041c\u0435\u0434\u0436\u043b\u0456\u0441\",\"url\":\"https:\\\/\\\/qtmm.org\\\/qt\\\/\",\"logo\":{\"@type\":\"ImageObject\",\"inLanguage\":\"qt\",\"@id\":\"https:\\\/\\\/qtmm.org\\\/qt\\\/#\\\/schema\\\/logo\\\/image\\\/\",\"url\":\"https:\\\/\\\/qtmm.org\\\/wp-content\\\/uploads\\\/2024\\\/12\\\/ua-mejlis-logo-rgb.svg\",\"contentUrl\":\"https:\\\/\\\/qtmm.org\\\/wp-content\\\/uploads\\\/2024\\\/12\\\/ua-mejlis-logo-rgb.svg\",\"caption\":\"\u041c\u0435\u0434\u0436\u043b\u0456\u0441\"},\"image\":{\"@id\":\"https:\\\/\\\/qtmm.org\\\/qt\\\/#\\\/schema\\\/logo\\\/image\\\/\"},\"sameAs\":[\"https:\\\/\\\/www.facebook.com\\\/qtmm.info\\\/\"]},{\"@type\":\"Person\",\"@id\":\"https:\\\/\\\/qtmm.org\\\/qt\\\/#\\\/schema\\\/person\\\/de562469f971dec226ac06e60bbf74a7\",\"name\":\"Developer\",\"image\":{\"@type\":\"ImageObject\",\"inLanguage\":\"qt\",\"@id\":\"https:\\\/\\\/secure.gravatar.com\\\/avatar\\\/392b4cc8fbfeb00b39dfeeab4ee6edded39ffd48e25858637e4765810300227e?s=96&d=mm&r=g\",\"url\":\"https:\\\/\\\/secure.gravatar.com\\\/avatar\\\/392b4cc8fbfeb00b39dfeeab4ee6edded39ffd48e25858637e4765810300227e?s=96&d=mm&r=g\",\"contentUrl\":\"https:\\\/\\\/secure.gravatar.com\\\/avatar\\\/392b4cc8fbfeb00b39dfeeab4ee6edded39ffd48e25858637e4765810300227e?s=96&d=mm&r=g\",\"caption\":\"Developer\"},\"url\":\"https:\\\/\\\/qtmm.org\\\/qt\\\/author\\\/Developer\\\/\"}]}<\/script>\n<!-- \/ Yoast SEO plugin. -->","yoast_head_json":{"title":"Qurulacaq evni\u00f1 temeli qaviy olmal\u0131 - \u041c\u0435\u0434\u0436\u043b\u0456\u0441","robots":{"index":"index","follow":"follow","max-snippet":"max-snippet:-1","max-image-preview":"max-image-preview:large","max-video-preview":"max-video-preview:-1"},"canonical":"https:\/\/qtmm.org\/qt\/qurulacaq-evnin-temeli-qaviy-olmali\/","og_locale":"en_US","og_type":"article","og_title":"Qurulacaq evni\u00f1 temeli qaviy olmal\u0131 - \u041c\u0435\u0434\u0436\u043b\u0456\u0441","og_description":"(Yigirmi bir y\u0131l evelsi ke\u00e7irilgen \u00abReferendum\u00bb boyunca t\u00fc\u015f\u00fcnceler) 1991 senesi yanvar 20 k\u00fcn\u00fc umumq\u0131r\u0131m referendum\u0131 ke\u00e7irilip, saylavc\u0131lar\u011fa &#8220;Siz SSSR subyekt\u0131 ve \u0130ttifaq muqavelesi i\u015ftirak\u00e7isi ol\u011fan Q\u0131r\u0131m Muhtar Sovet Sotsialist Cumhuriyetini\u00f1 \u011fayr\u0131dan tiklenilgenini isteysi\u00f1izmi?&#8221; degen sualge cevaplanmalar\u0131 teklif etilgen edi. A\u00f1la\u015f\u0131la ki, referendumdan evel kommunist ve sovet qurumlar\u0131 taraf\u0131ndan teminlengen b\u00fcy\u00fck te\u015fviqat al\u0131p bar\u0131ld\u0131. Moskva ve [&hellip;]","og_url":"https:\/\/qtmm.org\/qt\/qurulacaq-evnin-temeli-qaviy-olmali\/","og_site_name":"\u041c\u0435\u0434\u0436\u043b\u0456\u0441","article_publisher":"https:\/\/www.facebook.com\/qtmm.info\/","article_published_time":"2012-01-21T20:21:00+00:00","article_modified_time":"2022-01-19T20:21:56+00:00","author":"Developer","twitter_card":"summary_large_image","twitter_misc":{"Written by":"Developer","Est. reading time":"3 minutes"},"schema":{"@context":"https:\/\/schema.org","@graph":[{"@type":"Article","@id":"https:\/\/qtmm.org\/qt\/qurulacaq-evnin-temeli-qaviy-olmali\/#article","isPartOf":{"@id":"https:\/\/qtmm.org\/qt\/qurulacaq-evnin-temeli-qaviy-olmali\/"},"author":{"name":"Developer","@id":"https:\/\/qtmm.org\/qt\/#\/schema\/person\/de562469f971dec226ac06e60bbf74a7"},"headline":"Qurulacaq evni\u00f1 temeli qaviy olmal\u0131","datePublished":"2012-01-21T20:21:00+00:00","dateModified":"2022-01-19T20:21:56+00:00","mainEntityOfPage":{"@id":"https:\/\/qtmm.org\/qt\/qurulacaq-evnin-temeli-qaviy-olmali\/"},"wordCount":598,"commentCount":0,"publisher":{"@id":"https:\/\/qtmm.org\/qt\/#organization"},"articleSection":["Haberler"],"inLanguage":"qt","potentialAction":[{"@type":"CommentAction","name":"Comment","target":["https:\/\/qtmm.org\/qt\/qurulacaq-evnin-temeli-qaviy-olmali\/#respond"]}]},{"@type":"WebPage","@id":"https:\/\/qtmm.org\/qt\/qurulacaq-evnin-temeli-qaviy-olmali\/","url":"https:\/\/qtmm.org\/qt\/qurulacaq-evnin-temeli-qaviy-olmali\/","name":"Qurulacaq evni\u00f1 temeli qaviy olmal\u0131 - \u041c\u0435\u0434\u0436\u043b\u0456\u0441","isPartOf":{"@id":"https:\/\/qtmm.org\/qt\/#website"},"datePublished":"2012-01-21T20:21:00+00:00","dateModified":"2022-01-19T20:21:56+00:00","breadcrumb":{"@id":"https:\/\/qtmm.org\/qt\/qurulacaq-evnin-temeli-qaviy-olmali\/#breadcrumb"},"inLanguage":"qt","potentialAction":[{"@type":"ReadAction","target":["https:\/\/qtmm.org\/qt\/qurulacaq-evnin-temeli-qaviy-olmali\/"]}]},{"@type":"BreadcrumbList","@id":"https:\/\/qtmm.org\/qt\/qurulacaq-evnin-temeli-qaviy-olmali\/#breadcrumb","itemListElement":[{"@type":"ListItem","position":1,"name":"\u0413\u043e\u043b\u043e\u0432\u043d\u0430","item":"https:\/\/qtmm.org\/qt\/"},{"@type":"ListItem","position":2,"name":"Qurulacaq evni\u00f1 temeli qaviy olmal\u0131"}]},{"@type":"WebSite","@id":"https:\/\/qtmm.org\/qt\/#website","url":"https:\/\/qtmm.org\/qt\/","name":"\u041c\u0435\u0434\u0436\u043b\u0456\u0441","description":"","publisher":{"@id":"https:\/\/qtmm.org\/qt\/#organization"},"potentialAction":[{"@type":"SearchAction","target":{"@type":"EntryPoint","urlTemplate":"https:\/\/qtmm.org\/qt\/?s={search_term_string}"},"query-input":{"@type":"PropertyValueSpecification","valueRequired":true,"valueName":"search_term_string"}}],"inLanguage":"qt"},{"@type":"Organization","@id":"https:\/\/qtmm.org\/qt\/#organization","name":"\u041c\u0435\u0434\u0436\u043b\u0456\u0441","url":"https:\/\/qtmm.org\/qt\/","logo":{"@type":"ImageObject","inLanguage":"qt","@id":"https:\/\/qtmm.org\/qt\/#\/schema\/logo\/image\/","url":"https:\/\/qtmm.org\/wp-content\/uploads\/2024\/12\/ua-mejlis-logo-rgb.svg","contentUrl":"https:\/\/qtmm.org\/wp-content\/uploads\/2024\/12\/ua-mejlis-logo-rgb.svg","caption":"\u041c\u0435\u0434\u0436\u043b\u0456\u0441"},"image":{"@id":"https:\/\/qtmm.org\/qt\/#\/schema\/logo\/image\/"},"sameAs":["https:\/\/www.facebook.com\/qtmm.info\/"]},{"@type":"Person","@id":"https:\/\/qtmm.org\/qt\/#\/schema\/person\/de562469f971dec226ac06e60bbf74a7","name":"Developer","image":{"@type":"ImageObject","inLanguage":"qt","@id":"https:\/\/secure.gravatar.com\/avatar\/392b4cc8fbfeb00b39dfeeab4ee6edded39ffd48e25858637e4765810300227e?s=96&d=mm&r=g","url":"https:\/\/secure.gravatar.com\/avatar\/392b4cc8fbfeb00b39dfeeab4ee6edded39ffd48e25858637e4765810300227e?s=96&d=mm&r=g","contentUrl":"https:\/\/secure.gravatar.com\/avatar\/392b4cc8fbfeb00b39dfeeab4ee6edded39ffd48e25858637e4765810300227e?s=96&d=mm&r=g","caption":"Developer"},"url":"https:\/\/qtmm.org\/qt\/author\/Developer\/"}]}},"_links":{"self":[{"href":"https:\/\/qtmm.org\/qt\/wp-json\/wp\/v2\/posts\/28289","targetHints":{"allow":["GET"]}}],"collection":[{"href":"https:\/\/qtmm.org\/qt\/wp-json\/wp\/v2\/posts"}],"about":[{"href":"https:\/\/qtmm.org\/qt\/wp-json\/wp\/v2\/types\/post"}],"author":[{"embeddable":true,"href":"https:\/\/qtmm.org\/qt\/wp-json\/wp\/v2\/users\/1"}],"replies":[{"embeddable":true,"href":"https:\/\/qtmm.org\/qt\/wp-json\/wp\/v2\/comments?post=28289"}],"version-history":[{"count":1,"href":"https:\/\/qtmm.org\/qt\/wp-json\/wp\/v2\/posts\/28289\/revisions"}],"predecessor-version":[{"id":28295,"href":"https:\/\/qtmm.org\/qt\/wp-json\/wp\/v2\/posts\/28289\/revisions\/28295"}],"wp:attachment":[{"href":"https:\/\/qtmm.org\/qt\/wp-json\/wp\/v2\/media?parent=28289"}],"wp:term":[{"taxonomy":"category","embeddable":true,"href":"https:\/\/qtmm.org\/qt\/wp-json\/wp\/v2\/categories?post=28289"},{"taxonomy":"post_tag","embeddable":true,"href":"https:\/\/qtmm.org\/qt\/wp-json\/wp\/v2\/tags?post=28289"}],"curies":[{"name":"wp","href":"https:\/\/api.w.org\/{rel}","templated":true}]}}