




{"id":28283,"date":"2012-01-19T23:20:00","date_gmt":"2012-01-19T20:20:00","guid":{"rendered":"http:\/\/qtmm.org\/?p=28283"},"modified":"2022-01-19T23:21:05","modified_gmt":"2022-01-19T20:21:05","slug":"meclis-reisi-simaliy-qibriz-turkiye-cumhuriyetini-ziyaret-etti","status":"publish","type":"post","link":"https:\/\/qtmm.org\/qt\/meclis-reisi-simaliy-qibriz-turkiye-cumhuriyetini-ziyaret-etti\/","title":{"rendered":"Meclis reisi \u015eimaliy Q\u0131br\u0131z T\u00fcrkiye Cumhuriyetini ziyaret etti"},"content":{"rendered":"\n<p>\u015eimaliy Q\u0131br\u0131z T\u00fcrkiye Cumhuriyetini\u00f1 esas\u00e7\u0131s\u0131 ve birinci prezidenti Rauf Denkta\u015fn\u0131\u00f1 cenazesinde i\u015ftirak etmek i\u00e7\u00fcn \u015eimaliy Q\u0131br\u0131z T\u00fcrkiye Cumhuriyetine ziyareti \u00e7er\u00e7ivesinde Q\u0131r\u0131mtatar halq\u0131 Meclisini\u00f1 reisi Mustafa Cemilev yanvar 17 k\u00fcn\u00fc bergen \u00fcyle yemeginde \u015eimaliy Q\u0131br\u0131z T\u00fcrkiye Cumhuriyeti parlamentini\u00f1 reisi Hasan B\u00f6zer, Kosovo, B\u00f6sniya, Makedoniyadan kelgen siyasiy ve cemaat erbaplar\u0131 bulund\u0131lar.<\/p>\n\n\n\n<p>Ayn\u0131 \u015fu k\u00fcn\u00fc Mustafa Cemilev \u015eimaliy Q\u0131br\u0131zn\u0131\u00f1 Yaq\u0131n \u015earq universitetinde oqu\u011fan q\u0131r\u0131mtatar studentlerinen k\u00f6r\u00fc\u015fti.<\/p>\n\n\n\n<p>\u015eun\u0131 hat\u0131rlatmal\u0131 ki, \u015eimaliy Q\u0131br\u0131z T\u00fcrkiye Cumhuriyetini\u00f1 esas\u00e7\u0131s\u0131 ve birinci prezidenti (1983-2005 ss.) Rauf Denkta\u015f 2012 senesi yanvar 13-te 88 ya\u015f\u0131nda vefat etti. Rauf Denkta\u015fn\u0131\u00f1 devlet seviyesinde cenazesi 2012 senesi yanvar 17-de Lefko\u015fa \u015feerinde old\u0131.<\/p>\n","protected":false},"excerpt":{"rendered":"<p>\u015eimaliy Q\u0131br\u0131z T\u00fcrkiye Cumhuriyetini\u00f1 esas\u00e7\u0131s\u0131 ve birinci prezidenti Rauf Denkta\u015fn\u0131\u00f1 cenazesinde i\u015ftirak etmek i\u00e7\u00fcn \u015eimaliy Q\u0131br\u0131z T\u00fcrkiye Cumhuriyetine ziyareti \u00e7er\u00e7ivesinde Q\u0131r\u0131mtatar halq\u0131 Meclisini\u00f1 reisi Mustafa Cemilev yanvar 17 k\u00fcn\u00fc bergen \u00fcyle yemeginde \u015eimaliy Q\u0131br\u0131z T\u00fcrkiye Cumhuriyeti parlamentini\u00f1 reisi Hasan B\u00f6zer, Kosovo, B\u00f6sniya, Makedoniyadan kelgen siyasiy ve cemaat erbaplar\u0131 bulund\u0131lar. Ayn\u0131 \u015fu k\u00fcn\u00fc Mustafa Cemilev \u015eimaliy [&hellip;]<\/p>\n","protected":false},"author":1,"featured_media":0,"comment_status":"open","ping_status":"open","sticky":false,"template":"","format":"standard","meta":{"inline_featured_image":false,"footnotes":""},"categories":[265],"tags":[],"class_list":["post-28283","post","type-post","status-publish","format-standard","hentry","category-haberler"],"acf":[],"yoast_head":"<!-- This site is optimized with the Yoast SEO plugin v27.4 - https:\/\/yoast.com\/product\/yoast-seo-wordpress\/ -->\n<title>Meclis reisi \u015eimaliy Q\u0131br\u0131z T\u00fcrkiye Cumhuriyetini ziyaret etti - \u041c\u0435\u0434\u0436\u043b\u0456\u0441<\/title>\n<meta name=\"robots\" content=\"index, follow, max-snippet:-1, max-image-preview:large, max-video-preview:-1\" \/>\n<link rel=\"canonical\" href=\"https:\/\/qtmm.org\/qt\/meclis-reisi-simaliy-qibriz-turkiye-cumhuriyetini-ziyaret-etti\/\" \/>\n<meta property=\"og:locale\" content=\"en_US\" \/>\n<meta property=\"og:type\" content=\"article\" \/>\n<meta property=\"og:title\" content=\"Meclis reisi \u015eimaliy Q\u0131br\u0131z T\u00fcrkiye Cumhuriyetini ziyaret etti - \u041c\u0435\u0434\u0436\u043b\u0456\u0441\" \/>\n<meta property=\"og:description\" content=\"\u015eimaliy Q\u0131br\u0131z T\u00fcrkiye Cumhuriyetini\u00f1 esas\u00e7\u0131s\u0131 ve birinci prezidenti Rauf Denkta\u015fn\u0131\u00f1 cenazesinde i\u015ftirak etmek i\u00e7\u00fcn \u015eimaliy Q\u0131br\u0131z T\u00fcrkiye Cumhuriyetine ziyareti \u00e7er\u00e7ivesinde Q\u0131r\u0131mtatar halq\u0131 Meclisini\u00f1 reisi Mustafa Cemilev yanvar 17 k\u00fcn\u00fc bergen \u00fcyle yemeginde \u015eimaliy Q\u0131br\u0131z T\u00fcrkiye Cumhuriyeti parlamentini\u00f1 reisi Hasan B\u00f6zer, Kosovo, B\u00f6sniya, Makedoniyadan kelgen siyasiy ve cemaat erbaplar\u0131 bulund\u0131lar. Ayn\u0131 \u015fu k\u00fcn\u00fc Mustafa Cemilev \u015eimaliy [&hellip;]\" \/>\n<meta property=\"og:url\" content=\"https:\/\/qtmm.org\/qt\/meclis-reisi-simaliy-qibriz-turkiye-cumhuriyetini-ziyaret-etti\/\" \/>\n<meta property=\"og:site_name\" content=\"\u041c\u0435\u0434\u0436\u043b\u0456\u0441\" \/>\n<meta property=\"article:publisher\" content=\"https:\/\/www.facebook.com\/qtmm.info\/\" \/>\n<meta property=\"article:published_time\" content=\"2012-01-19T20:20:00+00:00\" \/>\n<meta property=\"article:modified_time\" content=\"2022-01-19T20:21:05+00:00\" \/>\n<meta name=\"author\" content=\"Developer\" \/>\n<meta name=\"twitter:card\" content=\"summary_large_image\" \/>\n<meta name=\"twitter:label1\" content=\"Written by\" \/>\n\t<meta name=\"twitter:data1\" content=\"Developer\" \/>\n\t<meta name=\"twitter:label2\" content=\"Est. reading time\" \/>\n\t<meta name=\"twitter:data2\" content=\"1 minute\" \/>\n<script type=\"application\/ld+json\" class=\"yoast-schema-graph\">{\"@context\":\"https:\\\/\\\/schema.org\",\"@graph\":[{\"@type\":\"Article\",\"@id\":\"https:\\\/\\\/qtmm.org\\\/qt\\\/meclis-reisi-simaliy-qibriz-turkiye-cumhuriyetini-ziyaret-etti\\\/#article\",\"isPartOf\":{\"@id\":\"https:\\\/\\\/qtmm.org\\\/qt\\\/meclis-reisi-simaliy-qibriz-turkiye-cumhuriyetini-ziyaret-etti\\\/\"},\"author\":{\"name\":\"Developer\",\"@id\":\"https:\\\/\\\/qtmm.org\\\/qt\\\/#\\\/schema\\\/person\\\/de562469f971dec226ac06e60bbf74a7\"},\"headline\":\"Meclis reisi \u015eimaliy Q\u0131br\u0131z T\u00fcrkiye Cumhuriyetini ziyaret etti\",\"datePublished\":\"2012-01-19T20:20:00+00:00\",\"dateModified\":\"2022-01-19T20:21:05+00:00\",\"mainEntityOfPage\":{\"@id\":\"https:\\\/\\\/qtmm.org\\\/qt\\\/meclis-reisi-simaliy-qibriz-turkiye-cumhuriyetini-ziyaret-etti\\\/\"},\"wordCount\":142,\"commentCount\":0,\"publisher\":{\"@id\":\"https:\\\/\\\/qtmm.org\\\/qt\\\/#organization\"},\"articleSection\":[\"Haberler\"],\"inLanguage\":\"qt\",\"potentialAction\":[{\"@type\":\"CommentAction\",\"name\":\"Comment\",\"target\":[\"https:\\\/\\\/qtmm.org\\\/qt\\\/meclis-reisi-simaliy-qibriz-turkiye-cumhuriyetini-ziyaret-etti\\\/#respond\"]}]},{\"@type\":\"WebPage\",\"@id\":\"https:\\\/\\\/qtmm.org\\\/qt\\\/meclis-reisi-simaliy-qibriz-turkiye-cumhuriyetini-ziyaret-etti\\\/\",\"url\":\"https:\\\/\\\/qtmm.org\\\/qt\\\/meclis-reisi-simaliy-qibriz-turkiye-cumhuriyetini-ziyaret-etti\\\/\",\"name\":\"Meclis reisi \u015eimaliy Q\u0131br\u0131z T\u00fcrkiye Cumhuriyetini ziyaret etti - \u041c\u0435\u0434\u0436\u043b\u0456\u0441\",\"isPartOf\":{\"@id\":\"https:\\\/\\\/qtmm.org\\\/qt\\\/#website\"},\"datePublished\":\"2012-01-19T20:20:00+00:00\",\"dateModified\":\"2022-01-19T20:21:05+00:00\",\"breadcrumb\":{\"@id\":\"https:\\\/\\\/qtmm.org\\\/qt\\\/meclis-reisi-simaliy-qibriz-turkiye-cumhuriyetini-ziyaret-etti\\\/#breadcrumb\"},\"inLanguage\":\"qt\",\"potentialAction\":[{\"@type\":\"ReadAction\",\"target\":[\"https:\\\/\\\/qtmm.org\\\/qt\\\/meclis-reisi-simaliy-qibriz-turkiye-cumhuriyetini-ziyaret-etti\\\/\"]}]},{\"@type\":\"BreadcrumbList\",\"@id\":\"https:\\\/\\\/qtmm.org\\\/qt\\\/meclis-reisi-simaliy-qibriz-turkiye-cumhuriyetini-ziyaret-etti\\\/#breadcrumb\",\"itemListElement\":[{\"@type\":\"ListItem\",\"position\":1,\"name\":\"\u0413\u043e\u043b\u043e\u0432\u043d\u0430\",\"item\":\"https:\\\/\\\/qtmm.org\\\/qt\\\/\"},{\"@type\":\"ListItem\",\"position\":2,\"name\":\"Meclis reisi \u015eimaliy Q\u0131br\u0131z T\u00fcrkiye Cumhuriyetini ziyaret etti\"}]},{\"@type\":\"WebSite\",\"@id\":\"https:\\\/\\\/qtmm.org\\\/qt\\\/#website\",\"url\":\"https:\\\/\\\/qtmm.org\\\/qt\\\/\",\"name\":\"\u041c\u0435\u0434\u0436\u043b\u0456\u0441\",\"description\":\"\",\"publisher\":{\"@id\":\"https:\\\/\\\/qtmm.org\\\/qt\\\/#organization\"},\"potentialAction\":[{\"@type\":\"SearchAction\",\"target\":{\"@type\":\"EntryPoint\",\"urlTemplate\":\"https:\\\/\\\/qtmm.org\\\/qt\\\/?s={search_term_string}\"},\"query-input\":{\"@type\":\"PropertyValueSpecification\",\"valueRequired\":true,\"valueName\":\"search_term_string\"}}],\"inLanguage\":\"qt\"},{\"@type\":\"Organization\",\"@id\":\"https:\\\/\\\/qtmm.org\\\/qt\\\/#organization\",\"name\":\"\u041c\u0435\u0434\u0436\u043b\u0456\u0441\",\"url\":\"https:\\\/\\\/qtmm.org\\\/qt\\\/\",\"logo\":{\"@type\":\"ImageObject\",\"inLanguage\":\"qt\",\"@id\":\"https:\\\/\\\/qtmm.org\\\/qt\\\/#\\\/schema\\\/logo\\\/image\\\/\",\"url\":\"https:\\\/\\\/qtmm.org\\\/wp-content\\\/uploads\\\/2024\\\/12\\\/ua-mejlis-logo-rgb.svg\",\"contentUrl\":\"https:\\\/\\\/qtmm.org\\\/wp-content\\\/uploads\\\/2024\\\/12\\\/ua-mejlis-logo-rgb.svg\",\"caption\":\"\u041c\u0435\u0434\u0436\u043b\u0456\u0441\"},\"image\":{\"@id\":\"https:\\\/\\\/qtmm.org\\\/qt\\\/#\\\/schema\\\/logo\\\/image\\\/\"},\"sameAs\":[\"https:\\\/\\\/www.facebook.com\\\/qtmm.info\\\/\"]},{\"@type\":\"Person\",\"@id\":\"https:\\\/\\\/qtmm.org\\\/qt\\\/#\\\/schema\\\/person\\\/de562469f971dec226ac06e60bbf74a7\",\"name\":\"Developer\",\"image\":{\"@type\":\"ImageObject\",\"inLanguage\":\"qt\",\"@id\":\"https:\\\/\\\/secure.gravatar.com\\\/avatar\\\/392b4cc8fbfeb00b39dfeeab4ee6edded39ffd48e25858637e4765810300227e?s=96&d=mm&r=g\",\"url\":\"https:\\\/\\\/secure.gravatar.com\\\/avatar\\\/392b4cc8fbfeb00b39dfeeab4ee6edded39ffd48e25858637e4765810300227e?s=96&d=mm&r=g\",\"contentUrl\":\"https:\\\/\\\/secure.gravatar.com\\\/avatar\\\/392b4cc8fbfeb00b39dfeeab4ee6edded39ffd48e25858637e4765810300227e?s=96&d=mm&r=g\",\"caption\":\"Developer\"},\"url\":\"https:\\\/\\\/qtmm.org\\\/qt\\\/author\\\/Developer\\\/\"}]}<\/script>\n<!-- \/ Yoast SEO plugin. -->","yoast_head_json":{"title":"Meclis reisi \u015eimaliy Q\u0131br\u0131z T\u00fcrkiye Cumhuriyetini ziyaret etti - \u041c\u0435\u0434\u0436\u043b\u0456\u0441","robots":{"index":"index","follow":"follow","max-snippet":"max-snippet:-1","max-image-preview":"max-image-preview:large","max-video-preview":"max-video-preview:-1"},"canonical":"https:\/\/qtmm.org\/qt\/meclis-reisi-simaliy-qibriz-turkiye-cumhuriyetini-ziyaret-etti\/","og_locale":"en_US","og_type":"article","og_title":"Meclis reisi \u015eimaliy Q\u0131br\u0131z T\u00fcrkiye Cumhuriyetini ziyaret etti - \u041c\u0435\u0434\u0436\u043b\u0456\u0441","og_description":"\u015eimaliy Q\u0131br\u0131z T\u00fcrkiye Cumhuriyetini\u00f1 esas\u00e7\u0131s\u0131 ve birinci prezidenti Rauf Denkta\u015fn\u0131\u00f1 cenazesinde i\u015ftirak etmek i\u00e7\u00fcn \u015eimaliy Q\u0131br\u0131z T\u00fcrkiye Cumhuriyetine ziyareti \u00e7er\u00e7ivesinde Q\u0131r\u0131mtatar halq\u0131 Meclisini\u00f1 reisi Mustafa Cemilev yanvar 17 k\u00fcn\u00fc bergen \u00fcyle yemeginde \u015eimaliy Q\u0131br\u0131z T\u00fcrkiye Cumhuriyeti parlamentini\u00f1 reisi Hasan B\u00f6zer, Kosovo, B\u00f6sniya, Makedoniyadan kelgen siyasiy ve cemaat erbaplar\u0131 bulund\u0131lar. Ayn\u0131 \u015fu k\u00fcn\u00fc Mustafa Cemilev \u015eimaliy [&hellip;]","og_url":"https:\/\/qtmm.org\/qt\/meclis-reisi-simaliy-qibriz-turkiye-cumhuriyetini-ziyaret-etti\/","og_site_name":"\u041c\u0435\u0434\u0436\u043b\u0456\u0441","article_publisher":"https:\/\/www.facebook.com\/qtmm.info\/","article_published_time":"2012-01-19T20:20:00+00:00","article_modified_time":"2022-01-19T20:21:05+00:00","author":"Developer","twitter_card":"summary_large_image","twitter_misc":{"Written by":"Developer","Est. reading time":"1 minute"},"schema":{"@context":"https:\/\/schema.org","@graph":[{"@type":"Article","@id":"https:\/\/qtmm.org\/qt\/meclis-reisi-simaliy-qibriz-turkiye-cumhuriyetini-ziyaret-etti\/#article","isPartOf":{"@id":"https:\/\/qtmm.org\/qt\/meclis-reisi-simaliy-qibriz-turkiye-cumhuriyetini-ziyaret-etti\/"},"author":{"name":"Developer","@id":"https:\/\/qtmm.org\/qt\/#\/schema\/person\/de562469f971dec226ac06e60bbf74a7"},"headline":"Meclis reisi \u015eimaliy Q\u0131br\u0131z T\u00fcrkiye Cumhuriyetini ziyaret etti","datePublished":"2012-01-19T20:20:00+00:00","dateModified":"2022-01-19T20:21:05+00:00","mainEntityOfPage":{"@id":"https:\/\/qtmm.org\/qt\/meclis-reisi-simaliy-qibriz-turkiye-cumhuriyetini-ziyaret-etti\/"},"wordCount":142,"commentCount":0,"publisher":{"@id":"https:\/\/qtmm.org\/qt\/#organization"},"articleSection":["Haberler"],"inLanguage":"qt","potentialAction":[{"@type":"CommentAction","name":"Comment","target":["https:\/\/qtmm.org\/qt\/meclis-reisi-simaliy-qibriz-turkiye-cumhuriyetini-ziyaret-etti\/#respond"]}]},{"@type":"WebPage","@id":"https:\/\/qtmm.org\/qt\/meclis-reisi-simaliy-qibriz-turkiye-cumhuriyetini-ziyaret-etti\/","url":"https:\/\/qtmm.org\/qt\/meclis-reisi-simaliy-qibriz-turkiye-cumhuriyetini-ziyaret-etti\/","name":"Meclis reisi \u015eimaliy Q\u0131br\u0131z T\u00fcrkiye Cumhuriyetini ziyaret etti - \u041c\u0435\u0434\u0436\u043b\u0456\u0441","isPartOf":{"@id":"https:\/\/qtmm.org\/qt\/#website"},"datePublished":"2012-01-19T20:20:00+00:00","dateModified":"2022-01-19T20:21:05+00:00","breadcrumb":{"@id":"https:\/\/qtmm.org\/qt\/meclis-reisi-simaliy-qibriz-turkiye-cumhuriyetini-ziyaret-etti\/#breadcrumb"},"inLanguage":"qt","potentialAction":[{"@type":"ReadAction","target":["https:\/\/qtmm.org\/qt\/meclis-reisi-simaliy-qibriz-turkiye-cumhuriyetini-ziyaret-etti\/"]}]},{"@type":"BreadcrumbList","@id":"https:\/\/qtmm.org\/qt\/meclis-reisi-simaliy-qibriz-turkiye-cumhuriyetini-ziyaret-etti\/#breadcrumb","itemListElement":[{"@type":"ListItem","position":1,"name":"\u0413\u043e\u043b\u043e\u0432\u043d\u0430","item":"https:\/\/qtmm.org\/qt\/"},{"@type":"ListItem","position":2,"name":"Meclis reisi \u015eimaliy Q\u0131br\u0131z T\u00fcrkiye Cumhuriyetini ziyaret etti"}]},{"@type":"WebSite","@id":"https:\/\/qtmm.org\/qt\/#website","url":"https:\/\/qtmm.org\/qt\/","name":"\u041c\u0435\u0434\u0436\u043b\u0456\u0441","description":"","publisher":{"@id":"https:\/\/qtmm.org\/qt\/#organization"},"potentialAction":[{"@type":"SearchAction","target":{"@type":"EntryPoint","urlTemplate":"https:\/\/qtmm.org\/qt\/?s={search_term_string}"},"query-input":{"@type":"PropertyValueSpecification","valueRequired":true,"valueName":"search_term_string"}}],"inLanguage":"qt"},{"@type":"Organization","@id":"https:\/\/qtmm.org\/qt\/#organization","name":"\u041c\u0435\u0434\u0436\u043b\u0456\u0441","url":"https:\/\/qtmm.org\/qt\/","logo":{"@type":"ImageObject","inLanguage":"qt","@id":"https:\/\/qtmm.org\/qt\/#\/schema\/logo\/image\/","url":"https:\/\/qtmm.org\/wp-content\/uploads\/2024\/12\/ua-mejlis-logo-rgb.svg","contentUrl":"https:\/\/qtmm.org\/wp-content\/uploads\/2024\/12\/ua-mejlis-logo-rgb.svg","caption":"\u041c\u0435\u0434\u0436\u043b\u0456\u0441"},"image":{"@id":"https:\/\/qtmm.org\/qt\/#\/schema\/logo\/image\/"},"sameAs":["https:\/\/www.facebook.com\/qtmm.info\/"]},{"@type":"Person","@id":"https:\/\/qtmm.org\/qt\/#\/schema\/person\/de562469f971dec226ac06e60bbf74a7","name":"Developer","image":{"@type":"ImageObject","inLanguage":"qt","@id":"https:\/\/secure.gravatar.com\/avatar\/392b4cc8fbfeb00b39dfeeab4ee6edded39ffd48e25858637e4765810300227e?s=96&d=mm&r=g","url":"https:\/\/secure.gravatar.com\/avatar\/392b4cc8fbfeb00b39dfeeab4ee6edded39ffd48e25858637e4765810300227e?s=96&d=mm&r=g","contentUrl":"https:\/\/secure.gravatar.com\/avatar\/392b4cc8fbfeb00b39dfeeab4ee6edded39ffd48e25858637e4765810300227e?s=96&d=mm&r=g","caption":"Developer"},"url":"https:\/\/qtmm.org\/qt\/author\/Developer\/"}]}},"_links":{"self":[{"href":"https:\/\/qtmm.org\/qt\/wp-json\/wp\/v2\/posts\/28283","targetHints":{"allow":["GET"]}}],"collection":[{"href":"https:\/\/qtmm.org\/qt\/wp-json\/wp\/v2\/posts"}],"about":[{"href":"https:\/\/qtmm.org\/qt\/wp-json\/wp\/v2\/types\/post"}],"author":[{"embeddable":true,"href":"https:\/\/qtmm.org\/qt\/wp-json\/wp\/v2\/users\/1"}],"replies":[{"embeddable":true,"href":"https:\/\/qtmm.org\/qt\/wp-json\/wp\/v2\/comments?post=28283"}],"version-history":[{"count":1,"href":"https:\/\/qtmm.org\/qt\/wp-json\/wp\/v2\/posts\/28283\/revisions"}],"predecessor-version":[{"id":28284,"href":"https:\/\/qtmm.org\/qt\/wp-json\/wp\/v2\/posts\/28283\/revisions\/28284"}],"wp:attachment":[{"href":"https:\/\/qtmm.org\/qt\/wp-json\/wp\/v2\/media?parent=28283"}],"wp:term":[{"taxonomy":"category","embeddable":true,"href":"https:\/\/qtmm.org\/qt\/wp-json\/wp\/v2\/categories?post=28283"},{"taxonomy":"post_tag","embeddable":true,"href":"https:\/\/qtmm.org\/qt\/wp-json\/wp\/v2\/tags?post=28283"}],"curies":[{"name":"wp","href":"https:\/\/api.w.org\/{rel}","templated":true}]}}