




{"id":28277,"date":"2012-01-16T23:20:00","date_gmt":"2012-01-16T20:20:00","guid":{"rendered":"http:\/\/qtmm.org\/?p=28277"},"modified":"2022-01-19T23:20:32","modified_gmt":"2022-01-19T20:20:32","slug":"simaliy-qibriz-turkiye-cumhuriyetinin-esascisi-ve-birinci-prezidenti","status":"publish","type":"post","link":"https:\/\/qtmm.org\/qt\/simaliy-qibriz-turkiye-cumhuriyetinin-esascisi-ve-birinci-prezidenti\/","title":{"rendered":"\u015eimaliy Q\u0131br\u0131z T\u00fcrkiye Cumhuriyetini\u00f1 esas\u00e7\u0131s\u0131 ve birinci Prezidenti"},"content":{"rendered":"\n<p>Rauf Denkta\u015f b\u00fct\u00fcn \u00f6m\u00fcrini q\u0131br\u0131zl\u0131 t\u00fcrklerni\u00f1 aq-uquqlar\u0131 i\u00e7\u00fcn k\u00fcre\u015fke ba\u011f\u0131\u015flad\u0131<\/p>\n\n\n\n<p>2012 senesi yanvar 13 k\u00fcn\u00fc \u015eimaliy Q\u0131br\u0131z T\u00fcrkiye Cumhuriyetini\u00f1 esas\u00e7\u0131s\u0131 ve birinci Prezidenti (1983-2005 ss.) Rauf Denkta\u015f 88 ya\u015f\u0131nda vefat etti.<\/p>\n\n\n\n<p>B\u00fcy\u00fck i\u00e7timaiy-siyasiy ve devlet erbab\u0131 Rauf Denkta\u015f b\u00fct\u00fcn \u00f6m\u00fcrini q\u0131br\u0131zl\u0131 t\u00fcrklerni\u00f1 aq-uquqlar\u0131 i\u00e7\u00fcn k\u00fcre\u015fke, b\u00fct\u00fcn q\u0131br\u0131zl\u0131lar aras\u0131nda bar\u0131\u015f\u0131ql\u0131q ve \u00f6zara munasebetlerde stabillikni ara\u015ft\u0131ruv i\u015fine ba\u011f\u0131\u015flad\u0131<\/p>\n\n\n\n<p>Rauf Denkta\u015fn\u0131\u00f1 vefat\u0131 munasebetinen Q\u0131r\u0131mtatar halq\u0131n\u0131\u00f1 Meclisi \u015eimaliy Q\u0131br\u0131z T\u00fcrkiye Cumhuriyetini\u00f1 b\u00fct\u00fcn sakinlerine, merhumn\u0131\u00f1 aqrabalar\u0131, yaq\u0131nlar\u0131 ve meslekde\u015flerine teren taziyesini bildirip, ba\u015f sa\u011fl\u0131\u011f\u0131n\u0131 tiley.<\/p>\n\n\n\n<p>2012 senesi yanvar 17-te Lefko\u015fa \u015feerinde Rauf Denkta\u015fn\u0131\u00f1 cenaze merasiminde Q\u0131r\u0131mtatar halq\u0131 Meclisini\u00f1 reisi, Ukraina halq deputat\u0131 Mustafa Cemilev de i\u015ftirak etecek.<\/p>\n","protected":false},"excerpt":{"rendered":"<p>Rauf Denkta\u015f b\u00fct\u00fcn \u00f6m\u00fcrini q\u0131br\u0131zl\u0131 t\u00fcrklerni\u00f1 aq-uquqlar\u0131 i\u00e7\u00fcn k\u00fcre\u015fke ba\u011f\u0131\u015flad\u0131 2012 senesi yanvar 13 k\u00fcn\u00fc \u015eimaliy Q\u0131br\u0131z T\u00fcrkiye Cumhuriyetini\u00f1 esas\u00e7\u0131s\u0131 ve birinci Prezidenti (1983-2005 ss.) Rauf Denkta\u015f 88 ya\u015f\u0131nda vefat etti. B\u00fcy\u00fck i\u00e7timaiy-siyasiy ve devlet erbab\u0131 Rauf Denkta\u015f b\u00fct\u00fcn \u00f6m\u00fcrini q\u0131br\u0131zl\u0131 t\u00fcrklerni\u00f1 aq-uquqlar\u0131 i\u00e7\u00fcn k\u00fcre\u015fke, b\u00fct\u00fcn q\u0131br\u0131zl\u0131lar aras\u0131nda bar\u0131\u015f\u0131ql\u0131q ve \u00f6zara munasebetlerde stabillikni ara\u015ft\u0131ruv i\u015fine [&hellip;]<\/p>\n","protected":false},"author":1,"featured_media":0,"comment_status":"open","ping_status":"open","sticky":false,"template":"","format":"standard","meta":{"inline_featured_image":false,"footnotes":""},"categories":[265],"tags":[],"class_list":["post-28277","post","type-post","status-publish","format-standard","hentry","category-haberler"],"acf":[],"yoast_head":"<!-- This site is optimized with the Yoast SEO plugin v27.4 - https:\/\/yoast.com\/product\/yoast-seo-wordpress\/ -->\n<title>\u015eimaliy Q\u0131br\u0131z T\u00fcrkiye Cumhuriyetini\u00f1 esas\u00e7\u0131s\u0131 ve birinci Prezidenti - \u041c\u0435\u0434\u0436\u043b\u0456\u0441<\/title>\n<meta name=\"robots\" content=\"index, follow, max-snippet:-1, max-image-preview:large, max-video-preview:-1\" \/>\n<link rel=\"canonical\" href=\"https:\/\/qtmm.org\/qt\/simaliy-qibriz-turkiye-cumhuriyetinin-esascisi-ve-birinci-prezidenti\/\" \/>\n<meta property=\"og:locale\" content=\"en_US\" \/>\n<meta property=\"og:type\" content=\"article\" \/>\n<meta property=\"og:title\" content=\"\u015eimaliy Q\u0131br\u0131z T\u00fcrkiye Cumhuriyetini\u00f1 esas\u00e7\u0131s\u0131 ve birinci Prezidenti - \u041c\u0435\u0434\u0436\u043b\u0456\u0441\" \/>\n<meta property=\"og:description\" content=\"Rauf Denkta\u015f b\u00fct\u00fcn \u00f6m\u00fcrini q\u0131br\u0131zl\u0131 t\u00fcrklerni\u00f1 aq-uquqlar\u0131 i\u00e7\u00fcn k\u00fcre\u015fke ba\u011f\u0131\u015flad\u0131 2012 senesi yanvar 13 k\u00fcn\u00fc \u015eimaliy Q\u0131br\u0131z T\u00fcrkiye Cumhuriyetini\u00f1 esas\u00e7\u0131s\u0131 ve birinci Prezidenti (1983-2005 ss.) Rauf Denkta\u015f 88 ya\u015f\u0131nda vefat etti. B\u00fcy\u00fck i\u00e7timaiy-siyasiy ve devlet erbab\u0131 Rauf Denkta\u015f b\u00fct\u00fcn \u00f6m\u00fcrini q\u0131br\u0131zl\u0131 t\u00fcrklerni\u00f1 aq-uquqlar\u0131 i\u00e7\u00fcn k\u00fcre\u015fke, b\u00fct\u00fcn q\u0131br\u0131zl\u0131lar aras\u0131nda bar\u0131\u015f\u0131ql\u0131q ve \u00f6zara munasebetlerde stabillikni ara\u015ft\u0131ruv i\u015fine [&hellip;]\" \/>\n<meta property=\"og:url\" content=\"https:\/\/qtmm.org\/qt\/simaliy-qibriz-turkiye-cumhuriyetinin-esascisi-ve-birinci-prezidenti\/\" \/>\n<meta property=\"og:site_name\" content=\"\u041c\u0435\u0434\u0436\u043b\u0456\u0441\" \/>\n<meta property=\"article:publisher\" content=\"https:\/\/www.facebook.com\/qtmm.info\/\" \/>\n<meta property=\"article:published_time\" content=\"2012-01-16T20:20:00+00:00\" \/>\n<meta property=\"article:modified_time\" content=\"2022-01-19T20:20:32+00:00\" \/>\n<meta name=\"author\" content=\"Developer\" \/>\n<meta name=\"twitter:card\" content=\"summary_large_image\" \/>\n<meta name=\"twitter:label1\" content=\"Written by\" \/>\n\t<meta name=\"twitter:data1\" content=\"Developer\" \/>\n\t<meta name=\"twitter:label2\" content=\"Est. reading time\" \/>\n\t<meta name=\"twitter:data2\" content=\"1 minute\" \/>\n<script type=\"application\/ld+json\" class=\"yoast-schema-graph\">{\"@context\":\"https:\\\/\\\/schema.org\",\"@graph\":[{\"@type\":\"Article\",\"@id\":\"https:\\\/\\\/qtmm.org\\\/qt\\\/simaliy-qibriz-turkiye-cumhuriyetinin-esascisi-ve-birinci-prezidenti\\\/#article\",\"isPartOf\":{\"@id\":\"https:\\\/\\\/qtmm.org\\\/qt\\\/simaliy-qibriz-turkiye-cumhuriyetinin-esascisi-ve-birinci-prezidenti\\\/\"},\"author\":{\"name\":\"Developer\",\"@id\":\"https:\\\/\\\/qtmm.org\\\/qt\\\/#\\\/schema\\\/person\\\/de562469f971dec226ac06e60bbf74a7\"},\"headline\":\"\u015eimaliy Q\u0131br\u0131z T\u00fcrkiye Cumhuriyetini\u00f1 esas\u00e7\u0131s\u0131 ve birinci Prezidenti\",\"datePublished\":\"2012-01-16T20:20:00+00:00\",\"dateModified\":\"2022-01-19T20:20:32+00:00\",\"mainEntityOfPage\":{\"@id\":\"https:\\\/\\\/qtmm.org\\\/qt\\\/simaliy-qibriz-turkiye-cumhuriyetinin-esascisi-ve-birinci-prezidenti\\\/\"},\"wordCount\":168,\"commentCount\":0,\"publisher\":{\"@id\":\"https:\\\/\\\/qtmm.org\\\/qt\\\/#organization\"},\"articleSection\":[\"Haberler\"],\"inLanguage\":\"qt\",\"potentialAction\":[{\"@type\":\"CommentAction\",\"name\":\"Comment\",\"target\":[\"https:\\\/\\\/qtmm.org\\\/qt\\\/simaliy-qibriz-turkiye-cumhuriyetinin-esascisi-ve-birinci-prezidenti\\\/#respond\"]}]},{\"@type\":\"WebPage\",\"@id\":\"https:\\\/\\\/qtmm.org\\\/qt\\\/simaliy-qibriz-turkiye-cumhuriyetinin-esascisi-ve-birinci-prezidenti\\\/\",\"url\":\"https:\\\/\\\/qtmm.org\\\/qt\\\/simaliy-qibriz-turkiye-cumhuriyetinin-esascisi-ve-birinci-prezidenti\\\/\",\"name\":\"\u015eimaliy Q\u0131br\u0131z T\u00fcrkiye Cumhuriyetini\u00f1 esas\u00e7\u0131s\u0131 ve birinci Prezidenti - \u041c\u0435\u0434\u0436\u043b\u0456\u0441\",\"isPartOf\":{\"@id\":\"https:\\\/\\\/qtmm.org\\\/qt\\\/#website\"},\"datePublished\":\"2012-01-16T20:20:00+00:00\",\"dateModified\":\"2022-01-19T20:20:32+00:00\",\"breadcrumb\":{\"@id\":\"https:\\\/\\\/qtmm.org\\\/qt\\\/simaliy-qibriz-turkiye-cumhuriyetinin-esascisi-ve-birinci-prezidenti\\\/#breadcrumb\"},\"inLanguage\":\"qt\",\"potentialAction\":[{\"@type\":\"ReadAction\",\"target\":[\"https:\\\/\\\/qtmm.org\\\/qt\\\/simaliy-qibriz-turkiye-cumhuriyetinin-esascisi-ve-birinci-prezidenti\\\/\"]}]},{\"@type\":\"BreadcrumbList\",\"@id\":\"https:\\\/\\\/qtmm.org\\\/qt\\\/simaliy-qibriz-turkiye-cumhuriyetinin-esascisi-ve-birinci-prezidenti\\\/#breadcrumb\",\"itemListElement\":[{\"@type\":\"ListItem\",\"position\":1,\"name\":\"\u0413\u043e\u043b\u043e\u0432\u043d\u0430\",\"item\":\"https:\\\/\\\/qtmm.org\\\/qt\\\/\"},{\"@type\":\"ListItem\",\"position\":2,\"name\":\"\u015eimaliy Q\u0131br\u0131z T\u00fcrkiye Cumhuriyetini\u00f1 esas\u00e7\u0131s\u0131 ve birinci Prezidenti\"}]},{\"@type\":\"WebSite\",\"@id\":\"https:\\\/\\\/qtmm.org\\\/qt\\\/#website\",\"url\":\"https:\\\/\\\/qtmm.org\\\/qt\\\/\",\"name\":\"\u041c\u0435\u0434\u0436\u043b\u0456\u0441\",\"description\":\"\",\"publisher\":{\"@id\":\"https:\\\/\\\/qtmm.org\\\/qt\\\/#organization\"},\"potentialAction\":[{\"@type\":\"SearchAction\",\"target\":{\"@type\":\"EntryPoint\",\"urlTemplate\":\"https:\\\/\\\/qtmm.org\\\/qt\\\/?s={search_term_string}\"},\"query-input\":{\"@type\":\"PropertyValueSpecification\",\"valueRequired\":true,\"valueName\":\"search_term_string\"}}],\"inLanguage\":\"qt\"},{\"@type\":\"Organization\",\"@id\":\"https:\\\/\\\/qtmm.org\\\/qt\\\/#organization\",\"name\":\"\u041c\u0435\u0434\u0436\u043b\u0456\u0441\",\"url\":\"https:\\\/\\\/qtmm.org\\\/qt\\\/\",\"logo\":{\"@type\":\"ImageObject\",\"inLanguage\":\"qt\",\"@id\":\"https:\\\/\\\/qtmm.org\\\/qt\\\/#\\\/schema\\\/logo\\\/image\\\/\",\"url\":\"https:\\\/\\\/qtmm.org\\\/wp-content\\\/uploads\\\/2024\\\/12\\\/ua-mejlis-logo-rgb.svg\",\"contentUrl\":\"https:\\\/\\\/qtmm.org\\\/wp-content\\\/uploads\\\/2024\\\/12\\\/ua-mejlis-logo-rgb.svg\",\"caption\":\"\u041c\u0435\u0434\u0436\u043b\u0456\u0441\"},\"image\":{\"@id\":\"https:\\\/\\\/qtmm.org\\\/qt\\\/#\\\/schema\\\/logo\\\/image\\\/\"},\"sameAs\":[\"https:\\\/\\\/www.facebook.com\\\/qtmm.info\\\/\"]},{\"@type\":\"Person\",\"@id\":\"https:\\\/\\\/qtmm.org\\\/qt\\\/#\\\/schema\\\/person\\\/de562469f971dec226ac06e60bbf74a7\",\"name\":\"Developer\",\"image\":{\"@type\":\"ImageObject\",\"inLanguage\":\"qt\",\"@id\":\"https:\\\/\\\/secure.gravatar.com\\\/avatar\\\/392b4cc8fbfeb00b39dfeeab4ee6edded39ffd48e25858637e4765810300227e?s=96&d=mm&r=g\",\"url\":\"https:\\\/\\\/secure.gravatar.com\\\/avatar\\\/392b4cc8fbfeb00b39dfeeab4ee6edded39ffd48e25858637e4765810300227e?s=96&d=mm&r=g\",\"contentUrl\":\"https:\\\/\\\/secure.gravatar.com\\\/avatar\\\/392b4cc8fbfeb00b39dfeeab4ee6edded39ffd48e25858637e4765810300227e?s=96&d=mm&r=g\",\"caption\":\"Developer\"},\"url\":\"https:\\\/\\\/qtmm.org\\\/qt\\\/author\\\/Developer\\\/\"}]}<\/script>\n<!-- \/ Yoast SEO plugin. -->","yoast_head_json":{"title":"\u015eimaliy Q\u0131br\u0131z T\u00fcrkiye Cumhuriyetini\u00f1 esas\u00e7\u0131s\u0131 ve birinci Prezidenti - \u041c\u0435\u0434\u0436\u043b\u0456\u0441","robots":{"index":"index","follow":"follow","max-snippet":"max-snippet:-1","max-image-preview":"max-image-preview:large","max-video-preview":"max-video-preview:-1"},"canonical":"https:\/\/qtmm.org\/qt\/simaliy-qibriz-turkiye-cumhuriyetinin-esascisi-ve-birinci-prezidenti\/","og_locale":"en_US","og_type":"article","og_title":"\u015eimaliy Q\u0131br\u0131z T\u00fcrkiye Cumhuriyetini\u00f1 esas\u00e7\u0131s\u0131 ve birinci Prezidenti - \u041c\u0435\u0434\u0436\u043b\u0456\u0441","og_description":"Rauf Denkta\u015f b\u00fct\u00fcn \u00f6m\u00fcrini q\u0131br\u0131zl\u0131 t\u00fcrklerni\u00f1 aq-uquqlar\u0131 i\u00e7\u00fcn k\u00fcre\u015fke ba\u011f\u0131\u015flad\u0131 2012 senesi yanvar 13 k\u00fcn\u00fc \u015eimaliy Q\u0131br\u0131z T\u00fcrkiye Cumhuriyetini\u00f1 esas\u00e7\u0131s\u0131 ve birinci Prezidenti (1983-2005 ss.) Rauf Denkta\u015f 88 ya\u015f\u0131nda vefat etti. B\u00fcy\u00fck i\u00e7timaiy-siyasiy ve devlet erbab\u0131 Rauf Denkta\u015f b\u00fct\u00fcn \u00f6m\u00fcrini q\u0131br\u0131zl\u0131 t\u00fcrklerni\u00f1 aq-uquqlar\u0131 i\u00e7\u00fcn k\u00fcre\u015fke, b\u00fct\u00fcn q\u0131br\u0131zl\u0131lar aras\u0131nda bar\u0131\u015f\u0131ql\u0131q ve \u00f6zara munasebetlerde stabillikni ara\u015ft\u0131ruv i\u015fine [&hellip;]","og_url":"https:\/\/qtmm.org\/qt\/simaliy-qibriz-turkiye-cumhuriyetinin-esascisi-ve-birinci-prezidenti\/","og_site_name":"\u041c\u0435\u0434\u0436\u043b\u0456\u0441","article_publisher":"https:\/\/www.facebook.com\/qtmm.info\/","article_published_time":"2012-01-16T20:20:00+00:00","article_modified_time":"2022-01-19T20:20:32+00:00","author":"Developer","twitter_card":"summary_large_image","twitter_misc":{"Written by":"Developer","Est. reading time":"1 minute"},"schema":{"@context":"https:\/\/schema.org","@graph":[{"@type":"Article","@id":"https:\/\/qtmm.org\/qt\/simaliy-qibriz-turkiye-cumhuriyetinin-esascisi-ve-birinci-prezidenti\/#article","isPartOf":{"@id":"https:\/\/qtmm.org\/qt\/simaliy-qibriz-turkiye-cumhuriyetinin-esascisi-ve-birinci-prezidenti\/"},"author":{"name":"Developer","@id":"https:\/\/qtmm.org\/qt\/#\/schema\/person\/de562469f971dec226ac06e60bbf74a7"},"headline":"\u015eimaliy Q\u0131br\u0131z T\u00fcrkiye Cumhuriyetini\u00f1 esas\u00e7\u0131s\u0131 ve birinci Prezidenti","datePublished":"2012-01-16T20:20:00+00:00","dateModified":"2022-01-19T20:20:32+00:00","mainEntityOfPage":{"@id":"https:\/\/qtmm.org\/qt\/simaliy-qibriz-turkiye-cumhuriyetinin-esascisi-ve-birinci-prezidenti\/"},"wordCount":168,"commentCount":0,"publisher":{"@id":"https:\/\/qtmm.org\/qt\/#organization"},"articleSection":["Haberler"],"inLanguage":"qt","potentialAction":[{"@type":"CommentAction","name":"Comment","target":["https:\/\/qtmm.org\/qt\/simaliy-qibriz-turkiye-cumhuriyetinin-esascisi-ve-birinci-prezidenti\/#respond"]}]},{"@type":"WebPage","@id":"https:\/\/qtmm.org\/qt\/simaliy-qibriz-turkiye-cumhuriyetinin-esascisi-ve-birinci-prezidenti\/","url":"https:\/\/qtmm.org\/qt\/simaliy-qibriz-turkiye-cumhuriyetinin-esascisi-ve-birinci-prezidenti\/","name":"\u015eimaliy Q\u0131br\u0131z T\u00fcrkiye Cumhuriyetini\u00f1 esas\u00e7\u0131s\u0131 ve birinci Prezidenti - \u041c\u0435\u0434\u0436\u043b\u0456\u0441","isPartOf":{"@id":"https:\/\/qtmm.org\/qt\/#website"},"datePublished":"2012-01-16T20:20:00+00:00","dateModified":"2022-01-19T20:20:32+00:00","breadcrumb":{"@id":"https:\/\/qtmm.org\/qt\/simaliy-qibriz-turkiye-cumhuriyetinin-esascisi-ve-birinci-prezidenti\/#breadcrumb"},"inLanguage":"qt","potentialAction":[{"@type":"ReadAction","target":["https:\/\/qtmm.org\/qt\/simaliy-qibriz-turkiye-cumhuriyetinin-esascisi-ve-birinci-prezidenti\/"]}]},{"@type":"BreadcrumbList","@id":"https:\/\/qtmm.org\/qt\/simaliy-qibriz-turkiye-cumhuriyetinin-esascisi-ve-birinci-prezidenti\/#breadcrumb","itemListElement":[{"@type":"ListItem","position":1,"name":"\u0413\u043e\u043b\u043e\u0432\u043d\u0430","item":"https:\/\/qtmm.org\/qt\/"},{"@type":"ListItem","position":2,"name":"\u015eimaliy Q\u0131br\u0131z T\u00fcrkiye Cumhuriyetini\u00f1 esas\u00e7\u0131s\u0131 ve birinci Prezidenti"}]},{"@type":"WebSite","@id":"https:\/\/qtmm.org\/qt\/#website","url":"https:\/\/qtmm.org\/qt\/","name":"\u041c\u0435\u0434\u0436\u043b\u0456\u0441","description":"","publisher":{"@id":"https:\/\/qtmm.org\/qt\/#organization"},"potentialAction":[{"@type":"SearchAction","target":{"@type":"EntryPoint","urlTemplate":"https:\/\/qtmm.org\/qt\/?s={search_term_string}"},"query-input":{"@type":"PropertyValueSpecification","valueRequired":true,"valueName":"search_term_string"}}],"inLanguage":"qt"},{"@type":"Organization","@id":"https:\/\/qtmm.org\/qt\/#organization","name":"\u041c\u0435\u0434\u0436\u043b\u0456\u0441","url":"https:\/\/qtmm.org\/qt\/","logo":{"@type":"ImageObject","inLanguage":"qt","@id":"https:\/\/qtmm.org\/qt\/#\/schema\/logo\/image\/","url":"https:\/\/qtmm.org\/wp-content\/uploads\/2024\/12\/ua-mejlis-logo-rgb.svg","contentUrl":"https:\/\/qtmm.org\/wp-content\/uploads\/2024\/12\/ua-mejlis-logo-rgb.svg","caption":"\u041c\u0435\u0434\u0436\u043b\u0456\u0441"},"image":{"@id":"https:\/\/qtmm.org\/qt\/#\/schema\/logo\/image\/"},"sameAs":["https:\/\/www.facebook.com\/qtmm.info\/"]},{"@type":"Person","@id":"https:\/\/qtmm.org\/qt\/#\/schema\/person\/de562469f971dec226ac06e60bbf74a7","name":"Developer","image":{"@type":"ImageObject","inLanguage":"qt","@id":"https:\/\/secure.gravatar.com\/avatar\/392b4cc8fbfeb00b39dfeeab4ee6edded39ffd48e25858637e4765810300227e?s=96&d=mm&r=g","url":"https:\/\/secure.gravatar.com\/avatar\/392b4cc8fbfeb00b39dfeeab4ee6edded39ffd48e25858637e4765810300227e?s=96&d=mm&r=g","contentUrl":"https:\/\/secure.gravatar.com\/avatar\/392b4cc8fbfeb00b39dfeeab4ee6edded39ffd48e25858637e4765810300227e?s=96&d=mm&r=g","caption":"Developer"},"url":"https:\/\/qtmm.org\/qt\/author\/Developer\/"}]}},"_links":{"self":[{"href":"https:\/\/qtmm.org\/qt\/wp-json\/wp\/v2\/posts\/28277","targetHints":{"allow":["GET"]}}],"collection":[{"href":"https:\/\/qtmm.org\/qt\/wp-json\/wp\/v2\/posts"}],"about":[{"href":"https:\/\/qtmm.org\/qt\/wp-json\/wp\/v2\/types\/post"}],"author":[{"embeddable":true,"href":"https:\/\/qtmm.org\/qt\/wp-json\/wp\/v2\/users\/1"}],"replies":[{"embeddable":true,"href":"https:\/\/qtmm.org\/qt\/wp-json\/wp\/v2\/comments?post=28277"}],"version-history":[{"count":1,"href":"https:\/\/qtmm.org\/qt\/wp-json\/wp\/v2\/posts\/28277\/revisions"}],"predecessor-version":[{"id":28278,"href":"https:\/\/qtmm.org\/qt\/wp-json\/wp\/v2\/posts\/28277\/revisions\/28278"}],"wp:attachment":[{"href":"https:\/\/qtmm.org\/qt\/wp-json\/wp\/v2\/media?parent=28277"}],"wp:term":[{"taxonomy":"category","embeddable":true,"href":"https:\/\/qtmm.org\/qt\/wp-json\/wp\/v2\/categories?post=28277"},{"taxonomy":"post_tag","embeddable":true,"href":"https:\/\/qtmm.org\/qt\/wp-json\/wp\/v2\/tags?post=28277"}],"curies":[{"name":"wp","href":"https:\/\/api.w.org\/{rel}","templated":true}]}}