




{"id":28262,"date":"2012-01-11T23:18:00","date_gmt":"2012-01-11T20:18:00","guid":{"rendered":"http:\/\/qtmm.org\/?p=28262"},"modified":"2022-01-19T23:19:54","modified_gmt":"2022-01-19T20:19:54","slug":"m-cemilev-qirimtatar-halqinin-aqlari-tiklenilmeyince-ukrainada-demokratiya-inkisafi-da-aqsar","status":"publish","type":"post","link":"https:\/\/qtmm.org\/qt\/m-cemilev-qirimtatar-halqinin-aqlari-tiklenilmeyince-ukrainada-demokratiya-inkisafi-da-aqsar\/","title":{"rendered":"M. Cemilev: Q\u0131r\u0131mtatar halq\u0131n\u0131\u00f1 aqlar\u0131 tiklenilmeyince Ukrainada demokratiya inki\u015faf\u0131 da aqsar"},"content":{"rendered":"\n<p class=\"has-text-align-center\"><strong>Q\u0131r\u0131mtatar halq\u0131 Meclisini\u00f1 reisi, Ukraina halq deputat\u0131 Mustafa Cemilevni\u00f1 Ukraina Yuqar\u0131 \u015euras\u0131nda Parlament di\u00f1levlerinde &#8220;Ukrainan\u0131\u00f1 etnik milliy siyaseti: yutuqlar ve istiqballer&#8221; mevzus\u0131nda \u00e7\u0131q\u0131\u015f\u0131<\/strong><\/p>\n\n\n\n<p class=\"has-text-align-right\"><em>2012 senesi yanvar 11<br>Ukraina Yuqar\u0131 \u015euras\u0131n\u0131\u00f1 meclisler zal\u0131<\/em><\/p>\n\n\n\n<p class=\"has-text-align-center\"><strong>\u00dcrmetli reis, parlament di\u00f1levlerini\u00f1 say\u011f\u0131l\u0131 i\u015ftirak\u00e7ileri!<\/strong><\/p>\n\n\n\n<p>Biz muzakere ettigimiz mevzu \u011fayet m\u00fcimdir, \u00e7\u00fcnki grajdanlar, \u00e7e\u015fit millet vekillerini\u00f1 aq-uquqlar\u0131 ve serbestligini teminlev ve tasdiqlav devletni\u00f1 ba\u015f vazifelerinden biridir.<\/p>\n\n\n\n<p>Ebet, Ukrainan\u0131\u00f1 mustaqillik devrinde \u015fekillengen qanunc\u0131l\u0131q bazas\u0131 etnik milliy saada devletni\u00f1 siyasetini amelge ke\u00e7irmek \u015faraitini yaratqan\u0131n\u0131 ink\u00e2r etmek olmaz. Amma bu saada mevcut ol\u011fan bir s\u0131ra \u00e7ezilmegen meseleler, \u015fu c\u00fcmleden q\u0131r\u0131mtatar halq\u0131n\u0131\u00f1 qaytuv\u0131, yerle\u015ftiril\u00fcvi ve aq-uquqlar\u0131n\u0131\u00f1 \u011fayr\u0131dan tiklenilmesinen ba\u011fl\u0131 meseleni\u00f1 \u00e7ezimine l\u00e2qayd yana\u015fuvn\u0131\u00f1 devam etmesi Ukrainada demokratiya inki\u015faf\u0131n\u0131\u00f1 yolunda, ukrain cemiyetinde insanperverlik ve demokratiya esaslar\u0131n\u0131 tesis et\u00fcv, ayr\u0131 \u015fahs\u0131n\u0131\u00f1 ve milliy toplumlarn\u0131\u00f1 er tarafl\u0131 inki\u015faf\u0131, ukrain siyasiy milletini \u015fekillendir\u00fcv yolunda mania ola bilecegini de aq\u0131ldan \u00e7\u0131qarmamal\u0131.<\/p>\n\n\n\n<p>Bilgenime k\u00f6re, bir s\u0131ra deputat arqada\u015flar\u0131m ve \u00fck\u00fcmetteki vazifeder insanlar sotsial-iqtisadiy inki\u015faf meselelerni\u00f1 \u00e7ezilmesi ve ayat \u015faraitlerini\u00f1 yah\u015f\u0131la\u015fmas\u0131 etnik milliy ve dinlerara saalar\u0131nda ol\u011fan problemlerni avtomatik s\u00fcrette yoq eter, dep sayalar.<\/p>\n\n\n\n<p>Bu fikirni\u00f1 ya\u00f1l\u0131\u015f ol\u011fan\u0131ndan diger devletlerni\u00f1 tecribesi del\u00e2let bere. Olar \u00f6z vatanda\u015flar\u0131n\u0131\u00f1 pek y\u00fcksek maddiy seviyesini teminlegenleri alda kene de insan ve halqlarn\u0131\u00f1 uquqlar\u0131 esas\u0131nda milletlerara bar\u0131\u015f\u0131ql\u0131qn\u0131 teminleye bilecek meselelerni \u00e7ezmege mecbur old\u0131lar.<\/p>\n\n\n\n<p>B\u00f6yleliknen, ealisi \u00e7oq milletli ol\u011fan Ukraina i\u00e7\u00fcn Devlet etnik milliy siyaset k\u00f6ntseptsiyas\u0131n\u0131 qabul etmesi \u011fayet zarurd\u0131r. Em mezk\u00fcr K\u00f6ntseptsiyan\u0131\u00f1 ba\u015f vazifesi qanunc\u0131lar ve devlet h\u0131zmet\u00e7ilerine devletni\u00f1 etnik milliy siyaseti maqsadlar\u0131 ve y\u00f6neli\u015flerini bir a\u00f1lamalar\u0131n\u0131 teminlemektir. Qanunlarda ve qanuniy aktlarda nizamlarn\u0131\u00f1 qapa-qar\u015f\u0131 olmas\u0131na, yerlerde devlet siyasetini\u00f1 bilhassa al\u00e2 ukrain milleti, tam\u0131r halqlar ve milliy azl\u0131qlar\u011fa nisbeten as\u0131l\u0131 \u00f6zcesine tarif etilmesine ille b\u00f6yle \u015fekilde sed \u00e7ekmek m\u00fcmk\u00fcn olur.<\/p>\n\n\n\n<p>\u015eun\u0131 da qayd etmeli ki, ve bu aqta Yuqar\u0131 \u015euran\u0131\u00f1 \u0130nsan uquqlar\u0131, milliy azl\u0131qlar ve milletlerara munasebetler boyunca komitetni\u00f1 reisi \u00d6leg Zarubinskiy pek do\u011fru aytt\u0131 ki, Devlet etnik milliy k\u00f6ntseptsiyas\u0131 qabul etilmeden Ukrainan\u0131\u00f1 konkret milliy problemlerge dair qanunlarn\u0131\u00f1 qabul etilmesi imk\u00e2ns\u0131zd\u0131r.<\/p>\n\n\n\n<p>Ukraina Yuqar\u0131 \u015euras\u0131n\u0131\u00f1 elektron bazas\u0131nda Ukraina halq deputat\u0131 Refat \u00c7ubarov Ukrainan\u0131\u00f1 yetek\u00e7i m\u00fctehass\u0131slar\u0131ndan ibaret m\u00fcellifler eyyetinen birlikte az\u0131rla\u011fan ve cedvelge kirsetken Ukraina Devlet etnik milliy siyaseti aqq\u0131nda Qanunn\u0131\u00f1 leyhas\u0131 ta 2005 senesinden berli saqlanmaqta.<\/p>\n\n\n\n<p>Bu K\u00f6ntseptsiya leyhas\u0131 terminologik apparat, Ukraina etnik sotsial ve etnik siyasiy inki\u015faf\u0131n\u0131\u00f1 zemaneviy vaziyetini\u00f1 talili, Ukraina Devlet etnik milliy siyasetini\u00f1 printsipleri, maqsadlar\u0131, esas yonli\u015flerini belgilevden ibaret ol\u0131p, Ukraina Anayasas\u0131ndaki ait maddelerge, c\u00fcmleden, ukrain milleti, tam\u0131r halqlar ve milliy azl\u0131qlar \u00f6g\u00fcnde devletni\u00f1 mecburiyetleri qayd etilgen 11-nci ve 92-nci maddelerge riayet etilmesine do\u011frult\u0131l\u011fand\u0131r. \u00d6z vaqt\u0131nda bu qanun leyhas\u0131 Ukraina Yuqar\u0131 \u015euras\u0131 Ba\u015f ilmiy-ekspert idaresi taraf\u0131ndan maqullengen ve esas olaraq qabul etilmesine tevsiye olun\u011fan edi. \u015eun\u0131 da hat\u0131rlatmaq isteyim ki, i\u015fbu qanun leyhas\u0131na OSCE Milliy azl\u0131qlarn\u0131\u00f1 aqlar\u0131 boyunca Aliy Komissar\u0131 da qoltutqan edi.<\/p>\n\n\n\n<p>\u015eu qanun leyhas\u0131n\u0131\u00f1 m\u00fcelliflerine muracaat etip, on\u0131 halq deputatlar\u0131, \u0130nsan aqlar\u0131, milliy azl\u0131qlar ve milletlerara munasebetler komiteti azalar\u0131n\u0131\u00f1 ad\u0131ndan tekrar cedvelge kirsetmege musaadelerini ald\u0131m.<\/p>\n\n\n\n<p>Bundan \u00fc\u00e7 ay evelsi, daa da do\u011frus\u0131 2011 senesi sent\u00e2br 14-te BMT Komissiyas\u0131n\u0131\u00f1 Ukrainada \u0131rqiy aqs\u0131mlavn\u0131\u00f1 b\u00fct\u00fcn \u015fekillerini yoq et\u00fcv boyunca so\u00f1ki esabat\u0131n\u0131\u00f1 nizamlar\u0131n\u0131 ayr\u0131ca qayd etmege ister edim. Bu dokumentte q\u0131r\u0131mtatar halq\u0131 ve Ukrainada ya\u015fa\u011fan baz\u0131 milliy toplumlarn\u0131\u00f1 siyasiy, medeniy ve i\u00e7timaiy uquqlar\u0131n\u0131 \u011fayr\u0131dan tiklemek i\u00e7\u00fcn Ukraina qabul etmesi zarur ol\u011fan tedbirlernen bir s\u0131rada Ukrainada devlet Anayasas\u0131na, c\u00fcmleden 11-nci ve 92-nci maddelerge binaen tam\u0131r halqlarn\u0131\u00f1 aqlar\u0131n\u0131 teminlegen qanuniy akt yoqlu\u011f\u0131 sebebinden tel\u00e2\u015f ifade etile.<\/p>\n\n\n\n<p>Qayd etilgen meselelerni\u00f1 amelge ke\u00e7irilmesini teminleycek tedbirler s\u0131ras\u0131nda Q\u0131r\u0131mtatar halq\u0131 Qurultay\u0131n\u0131\u00f1 OSCE imayesi alt\u0131nda 2012 senesi Ukrainada Q\u0131r\u0131mtatar halq\u0131n\u0131\u00f1 \u00f6z Vatan\u0131nda uquqlar\u0131n\u0131 \u011fayr\u0131dan tiklev, on\u0131\u00f1 Ukrainada havfs\u0131zl\u0131\u011f\u0131 ve inki\u015faf\u0131n\u0131 teminlev boyunca Halqara forum ke\u00e7ir\u00fcv te\u015febb\u00fcsini il\u00e2n etmek isteyim. B\u00f6yle Forumn\u0131\u00f1 ke\u00e7irilmesi meseleni y\u00fcksek halqara seviyesine k\u00f6termege siltem berip, devletimizge halqara cemaat\u00e7\u0131l\u0131qnen beraber tarihiy adaletni tiklev ve grajdanlar em de halqlarn\u0131\u00f1 aqlar\u0131n\u0131 teminlev kibi m\u00fcrekkep meselelerni\u00f1 \u00e7ezimine yard\u0131m eter.<\/p>\n\n\n\n<p>Men \u015fu parlament di\u00f1levlerinde reislik yapqan Nikolay Tomenko ve \u00e7\u0131q\u0131\u015fta bulun\u011fan deputatlarn\u0131\u00f1 Milletlerni\u00f1 i\u015fleri aye dinler boyunca devlet komitetini\u00f1 acele s\u00fcrette \u011fayr\u0131dan tiklenilmesini\u00f1 zarurl\u0131\u011f\u0131 aqq\u0131nda fikirlerinen tolus\u0131nen raz\u0131m.<\/p>\n\n\n\n<p>\u00c7\u0131q\u0131\u015f\u0131mn\u0131 yek\u00fcnler ekenim, ap-a\u00e7\u0131q bir aqiqatqa diqqat\u0131\u00f1\u0131zn\u0131 bir daa celp etmek isteyim. Ukrainan\u0131\u00f1 yutu\u011f\u0131, Ukraina ve ukrain cemiyetini\u00f1 kelecegi, demokratiya istiqballeri cemiyetimizdeki b\u00fct\u00fcn etnik ve diniy q\u0131s\u0131mlar\u0131n\u0131\u00f1 aqlar\u0131n\u0131 ne derecede temin etkenimizge ba\u011fl\u0131d\u0131r.<\/p>\n\n\n\n<p class=\"has-text-align-center\"><strong>Diqqat\u0131\u00f1\u0131z i\u00e7\u00fcn te\u015fekk\u00fcr.<\/strong><\/p>\n\n\n\n<h1 class=\"wp-block-heading\">Haberlerge video<\/h1>\n\n\n\n<figure class=\"wp-block-embed is-type-video is-provider-youtube wp-block-embed-youtube wp-embed-aspect-4-3 wp-has-aspect-ratio\"><div class=\"wp-block-embed__wrapper\">\n<iframe loading=\"lazy\" title=\"\u0412\u044b\u0441\u0442\u0443\u043f\u043b\u0435\u043d\u0438\u0435 \u041c. \u0414\u0436\u0435\u043c\u0438\u043b\u0435\u0432\u0430 \u043d\u0430 \u0437\u0430\u0441\u0435\u0434\u0430\u043d\u0438\u0438 \u0412\u0420 \u0423\u043a\u0440\u0430\u0438\u043d\u044b\" width=\"640\" height=\"480\" src=\"https:\/\/www.youtube.com\/embed\/3ZjT9wTkwcA?feature=oembed\" frameborder=\"0\" allow=\"accelerometer; autoplay; clipboard-write; encrypted-media; gyroscope; picture-in-picture; web-share\" referrerpolicy=\"strict-origin-when-cross-origin\" allowfullscreen><\/iframe>\n<\/div><\/figure>\n","protected":false},"excerpt":{"rendered":"<p>Q\u0131r\u0131mtatar halq\u0131 Meclisini\u00f1 reisi, Ukraina halq deputat\u0131 Mustafa Cemilevni\u00f1 Ukraina Yuqar\u0131 \u015euras\u0131nda Parlament di\u00f1levlerinde &#8220;Ukrainan\u0131\u00f1 etnik milliy siyaseti: yutuqlar ve istiqballer&#8221; mevzus\u0131nda \u00e7\u0131q\u0131\u015f\u0131 2012 senesi yanvar 11Ukraina Yuqar\u0131 \u015euras\u0131n\u0131\u00f1 meclisler zal\u0131 \u00dcrmetli reis, parlament di\u00f1levlerini\u00f1 say\u011f\u0131l\u0131 i\u015ftirak\u00e7ileri! Biz muzakere ettigimiz mevzu \u011fayet m\u00fcimdir, \u00e7\u00fcnki grajdanlar, \u00e7e\u015fit millet vekillerini\u00f1 aq-uquqlar\u0131 ve serbestligini teminlev ve tasdiqlav devletni\u00f1 [&hellip;]<\/p>\n","protected":false},"author":1,"featured_media":28264,"comment_status":"open","ping_status":"open","sticky":false,"template":"","format":"standard","meta":{"inline_featured_image":false,"footnotes":""},"categories":[265],"tags":[],"class_list":["post-28262","post","type-post","status-publish","format-standard","has-post-thumbnail","hentry","category-haberler"],"acf":[],"yoast_head":"<!-- This site is optimized with the Yoast SEO plugin v27.4 - https:\/\/yoast.com\/product\/yoast-seo-wordpress\/ -->\n<title>M. Cemilev: Q\u0131r\u0131mtatar halq\u0131n\u0131\u00f1 aqlar\u0131 tiklenilmeyince Ukrainada demokratiya inki\u015faf\u0131 da aqsar - \u041c\u0435\u0434\u0436\u043b\u0456\u0441<\/title>\n<meta name=\"robots\" content=\"index, follow, max-snippet:-1, max-image-preview:large, max-video-preview:-1\" \/>\n<link rel=\"canonical\" href=\"https:\/\/qtmm.org\/qt\/m-cemilev-qirimtatar-halqinin-aqlari-tiklenilmeyince-ukrainada-demokratiya-inkisafi-da-aqsar\/\" \/>\n<meta property=\"og:locale\" content=\"en_US\" \/>\n<meta property=\"og:type\" content=\"article\" \/>\n<meta property=\"og:title\" content=\"M. Cemilev: Q\u0131r\u0131mtatar halq\u0131n\u0131\u00f1 aqlar\u0131 tiklenilmeyince Ukrainada demokratiya inki\u015faf\u0131 da aqsar - \u041c\u0435\u0434\u0436\u043b\u0456\u0441\" \/>\n<meta property=\"og:description\" content=\"Q\u0131r\u0131mtatar halq\u0131 Meclisini\u00f1 reisi, Ukraina halq deputat\u0131 Mustafa Cemilevni\u00f1 Ukraina Yuqar\u0131 \u015euras\u0131nda Parlament di\u00f1levlerinde &#8220;Ukrainan\u0131\u00f1 etnik milliy siyaseti: yutuqlar ve istiqballer&#8221; mevzus\u0131nda \u00e7\u0131q\u0131\u015f\u0131 2012 senesi yanvar 11Ukraina Yuqar\u0131 \u015euras\u0131n\u0131\u00f1 meclisler zal\u0131 \u00dcrmetli reis, parlament di\u00f1levlerini\u00f1 say\u011f\u0131l\u0131 i\u015ftirak\u00e7ileri! Biz muzakere ettigimiz mevzu \u011fayet m\u00fcimdir, \u00e7\u00fcnki grajdanlar, \u00e7e\u015fit millet vekillerini\u00f1 aq-uquqlar\u0131 ve serbestligini teminlev ve tasdiqlav devletni\u00f1 [&hellip;]\" \/>\n<meta property=\"og:url\" content=\"https:\/\/qtmm.org\/qt\/m-cemilev-qirimtatar-halqinin-aqlari-tiklenilmeyince-ukrainada-demokratiya-inkisafi-da-aqsar\/\" \/>\n<meta property=\"og:site_name\" content=\"\u041c\u0435\u0434\u0436\u043b\u0456\u0441\" \/>\n<meta property=\"article:publisher\" content=\"https:\/\/www.facebook.com\/qtmm.info\/\" \/>\n<meta property=\"article:published_time\" content=\"2012-01-11T20:18:00+00:00\" \/>\n<meta property=\"article:modified_time\" content=\"2022-01-19T20:19:54+00:00\" \/>\n<meta property=\"og:image\" content=\"https:\/\/qtmm.org\/wp-content\/uploads\/2022\/01\/4f1121288899e.jpeg\" \/>\n\t<meta property=\"og:image:width\" content=\"640\" \/>\n\t<meta property=\"og:image:height\" content=\"480\" \/>\n\t<meta property=\"og:image:type\" content=\"image\/jpeg\" \/>\n<meta name=\"author\" content=\"Developer\" \/>\n<meta name=\"twitter:card\" content=\"summary_large_image\" \/>\n<meta name=\"twitter:label1\" content=\"Written by\" \/>\n\t<meta name=\"twitter:data1\" content=\"Developer\" \/>\n\t<meta name=\"twitter:label2\" content=\"Est. reading time\" \/>\n\t<meta name=\"twitter:data2\" content=\"4 minutes\" \/>\n<script type=\"application\/ld+json\" class=\"yoast-schema-graph\">{\"@context\":\"https:\\\/\\\/schema.org\",\"@graph\":[{\"@type\":\"Article\",\"@id\":\"https:\\\/\\\/qtmm.org\\\/qt\\\/m-cemilev-qirimtatar-halqinin-aqlari-tiklenilmeyince-ukrainada-demokratiya-inkisafi-da-aqsar\\\/#article\",\"isPartOf\":{\"@id\":\"https:\\\/\\\/qtmm.org\\\/qt\\\/m-cemilev-qirimtatar-halqinin-aqlari-tiklenilmeyince-ukrainada-demokratiya-inkisafi-da-aqsar\\\/\"},\"author\":{\"name\":\"Developer\",\"@id\":\"https:\\\/\\\/qtmm.org\\\/qt\\\/#\\\/schema\\\/person\\\/de562469f971dec226ac06e60bbf74a7\"},\"headline\":\"M. Cemilev: Q\u0131r\u0131mtatar halq\u0131n\u0131\u00f1 aqlar\u0131 tiklenilmeyince Ukrainada demokratiya inki\u015faf\u0131 da aqsar\",\"datePublished\":\"2012-01-11T20:18:00+00:00\",\"dateModified\":\"2022-01-19T20:19:54+00:00\",\"mainEntityOfPage\":{\"@id\":\"https:\\\/\\\/qtmm.org\\\/qt\\\/m-cemilev-qirimtatar-halqinin-aqlari-tiklenilmeyince-ukrainada-demokratiya-inkisafi-da-aqsar\\\/\"},\"wordCount\":884,\"commentCount\":0,\"publisher\":{\"@id\":\"https:\\\/\\\/qtmm.org\\\/qt\\\/#organization\"},\"image\":{\"@id\":\"https:\\\/\\\/qtmm.org\\\/qt\\\/m-cemilev-qirimtatar-halqinin-aqlari-tiklenilmeyince-ukrainada-demokratiya-inkisafi-da-aqsar\\\/#primaryimage\"},\"thumbnailUrl\":\"https:\\\/\\\/qtmm.org\\\/wp-content\\\/uploads\\\/2022\\\/01\\\/4f1121288899e.jpeg\",\"articleSection\":[\"Haberler\"],\"inLanguage\":\"qt\",\"potentialAction\":[{\"@type\":\"CommentAction\",\"name\":\"Comment\",\"target\":[\"https:\\\/\\\/qtmm.org\\\/qt\\\/m-cemilev-qirimtatar-halqinin-aqlari-tiklenilmeyince-ukrainada-demokratiya-inkisafi-da-aqsar\\\/#respond\"]}]},{\"@type\":\"WebPage\",\"@id\":\"https:\\\/\\\/qtmm.org\\\/qt\\\/m-cemilev-qirimtatar-halqinin-aqlari-tiklenilmeyince-ukrainada-demokratiya-inkisafi-da-aqsar\\\/\",\"url\":\"https:\\\/\\\/qtmm.org\\\/qt\\\/m-cemilev-qirimtatar-halqinin-aqlari-tiklenilmeyince-ukrainada-demokratiya-inkisafi-da-aqsar\\\/\",\"name\":\"M. Cemilev: Q\u0131r\u0131mtatar halq\u0131n\u0131\u00f1 aqlar\u0131 tiklenilmeyince Ukrainada demokratiya inki\u015faf\u0131 da aqsar - \u041c\u0435\u0434\u0436\u043b\u0456\u0441\",\"isPartOf\":{\"@id\":\"https:\\\/\\\/qtmm.org\\\/qt\\\/#website\"},\"primaryImageOfPage\":{\"@id\":\"https:\\\/\\\/qtmm.org\\\/qt\\\/m-cemilev-qirimtatar-halqinin-aqlari-tiklenilmeyince-ukrainada-demokratiya-inkisafi-da-aqsar\\\/#primaryimage\"},\"image\":{\"@id\":\"https:\\\/\\\/qtmm.org\\\/qt\\\/m-cemilev-qirimtatar-halqinin-aqlari-tiklenilmeyince-ukrainada-demokratiya-inkisafi-da-aqsar\\\/#primaryimage\"},\"thumbnailUrl\":\"https:\\\/\\\/qtmm.org\\\/wp-content\\\/uploads\\\/2022\\\/01\\\/4f1121288899e.jpeg\",\"datePublished\":\"2012-01-11T20:18:00+00:00\",\"dateModified\":\"2022-01-19T20:19:54+00:00\",\"breadcrumb\":{\"@id\":\"https:\\\/\\\/qtmm.org\\\/qt\\\/m-cemilev-qirimtatar-halqinin-aqlari-tiklenilmeyince-ukrainada-demokratiya-inkisafi-da-aqsar\\\/#breadcrumb\"},\"inLanguage\":\"qt\",\"potentialAction\":[{\"@type\":\"ReadAction\",\"target\":[\"https:\\\/\\\/qtmm.org\\\/qt\\\/m-cemilev-qirimtatar-halqinin-aqlari-tiklenilmeyince-ukrainada-demokratiya-inkisafi-da-aqsar\\\/\"]}]},{\"@type\":\"ImageObject\",\"inLanguage\":\"qt\",\"@id\":\"https:\\\/\\\/qtmm.org\\\/qt\\\/m-cemilev-qirimtatar-halqinin-aqlari-tiklenilmeyince-ukrainada-demokratiya-inkisafi-da-aqsar\\\/#primaryimage\",\"url\":\"https:\\\/\\\/qtmm.org\\\/wp-content\\\/uploads\\\/2022\\\/01\\\/4f1121288899e.jpeg\",\"contentUrl\":\"https:\\\/\\\/qtmm.org\\\/wp-content\\\/uploads\\\/2022\\\/01\\\/4f1121288899e.jpeg\",\"width\":640,\"height\":480},{\"@type\":\"BreadcrumbList\",\"@id\":\"https:\\\/\\\/qtmm.org\\\/qt\\\/m-cemilev-qirimtatar-halqinin-aqlari-tiklenilmeyince-ukrainada-demokratiya-inkisafi-da-aqsar\\\/#breadcrumb\",\"itemListElement\":[{\"@type\":\"ListItem\",\"position\":1,\"name\":\"\u0413\u043e\u043b\u043e\u0432\u043d\u0430\",\"item\":\"https:\\\/\\\/qtmm.org\\\/qt\\\/\"},{\"@type\":\"ListItem\",\"position\":2,\"name\":\"M. Cemilev: Q\u0131r\u0131mtatar halq\u0131n\u0131\u00f1 aqlar\u0131 tiklenilmeyince Ukrainada demokratiya inki\u015faf\u0131 da aqsar\"}]},{\"@type\":\"WebSite\",\"@id\":\"https:\\\/\\\/qtmm.org\\\/qt\\\/#website\",\"url\":\"https:\\\/\\\/qtmm.org\\\/qt\\\/\",\"name\":\"\u041c\u0435\u0434\u0436\u043b\u0456\u0441\",\"description\":\"\",\"publisher\":{\"@id\":\"https:\\\/\\\/qtmm.org\\\/qt\\\/#organization\"},\"potentialAction\":[{\"@type\":\"SearchAction\",\"target\":{\"@type\":\"EntryPoint\",\"urlTemplate\":\"https:\\\/\\\/qtmm.org\\\/qt\\\/?s={search_term_string}\"},\"query-input\":{\"@type\":\"PropertyValueSpecification\",\"valueRequired\":true,\"valueName\":\"search_term_string\"}}],\"inLanguage\":\"qt\"},{\"@type\":\"Organization\",\"@id\":\"https:\\\/\\\/qtmm.org\\\/qt\\\/#organization\",\"name\":\"\u041c\u0435\u0434\u0436\u043b\u0456\u0441\",\"url\":\"https:\\\/\\\/qtmm.org\\\/qt\\\/\",\"logo\":{\"@type\":\"ImageObject\",\"inLanguage\":\"qt\",\"@id\":\"https:\\\/\\\/qtmm.org\\\/qt\\\/#\\\/schema\\\/logo\\\/image\\\/\",\"url\":\"https:\\\/\\\/qtmm.org\\\/wp-content\\\/uploads\\\/2024\\\/12\\\/ua-mejlis-logo-rgb.svg\",\"contentUrl\":\"https:\\\/\\\/qtmm.org\\\/wp-content\\\/uploads\\\/2024\\\/12\\\/ua-mejlis-logo-rgb.svg\",\"caption\":\"\u041c\u0435\u0434\u0436\u043b\u0456\u0441\"},\"image\":{\"@id\":\"https:\\\/\\\/qtmm.org\\\/qt\\\/#\\\/schema\\\/logo\\\/image\\\/\"},\"sameAs\":[\"https:\\\/\\\/www.facebook.com\\\/qtmm.info\\\/\"]},{\"@type\":\"Person\",\"@id\":\"https:\\\/\\\/qtmm.org\\\/qt\\\/#\\\/schema\\\/person\\\/de562469f971dec226ac06e60bbf74a7\",\"name\":\"Developer\",\"image\":{\"@type\":\"ImageObject\",\"inLanguage\":\"qt\",\"@id\":\"https:\\\/\\\/secure.gravatar.com\\\/avatar\\\/392b4cc8fbfeb00b39dfeeab4ee6edded39ffd48e25858637e4765810300227e?s=96&d=mm&r=g\",\"url\":\"https:\\\/\\\/secure.gravatar.com\\\/avatar\\\/392b4cc8fbfeb00b39dfeeab4ee6edded39ffd48e25858637e4765810300227e?s=96&d=mm&r=g\",\"contentUrl\":\"https:\\\/\\\/secure.gravatar.com\\\/avatar\\\/392b4cc8fbfeb00b39dfeeab4ee6edded39ffd48e25858637e4765810300227e?s=96&d=mm&r=g\",\"caption\":\"Developer\"},\"url\":\"https:\\\/\\\/qtmm.org\\\/qt\\\/author\\\/Developer\\\/\"}]}<\/script>\n<!-- \/ Yoast SEO plugin. -->","yoast_head_json":{"title":"M. Cemilev: Q\u0131r\u0131mtatar halq\u0131n\u0131\u00f1 aqlar\u0131 tiklenilmeyince Ukrainada demokratiya inki\u015faf\u0131 da aqsar - \u041c\u0435\u0434\u0436\u043b\u0456\u0441","robots":{"index":"index","follow":"follow","max-snippet":"max-snippet:-1","max-image-preview":"max-image-preview:large","max-video-preview":"max-video-preview:-1"},"canonical":"https:\/\/qtmm.org\/qt\/m-cemilev-qirimtatar-halqinin-aqlari-tiklenilmeyince-ukrainada-demokratiya-inkisafi-da-aqsar\/","og_locale":"en_US","og_type":"article","og_title":"M. Cemilev: Q\u0131r\u0131mtatar halq\u0131n\u0131\u00f1 aqlar\u0131 tiklenilmeyince Ukrainada demokratiya inki\u015faf\u0131 da aqsar - \u041c\u0435\u0434\u0436\u043b\u0456\u0441","og_description":"Q\u0131r\u0131mtatar halq\u0131 Meclisini\u00f1 reisi, Ukraina halq deputat\u0131 Mustafa Cemilevni\u00f1 Ukraina Yuqar\u0131 \u015euras\u0131nda Parlament di\u00f1levlerinde &#8220;Ukrainan\u0131\u00f1 etnik milliy siyaseti: yutuqlar ve istiqballer&#8221; mevzus\u0131nda \u00e7\u0131q\u0131\u015f\u0131 2012 senesi yanvar 11Ukraina Yuqar\u0131 \u015euras\u0131n\u0131\u00f1 meclisler zal\u0131 \u00dcrmetli reis, parlament di\u00f1levlerini\u00f1 say\u011f\u0131l\u0131 i\u015ftirak\u00e7ileri! Biz muzakere ettigimiz mevzu \u011fayet m\u00fcimdir, \u00e7\u00fcnki grajdanlar, \u00e7e\u015fit millet vekillerini\u00f1 aq-uquqlar\u0131 ve serbestligini teminlev ve tasdiqlav devletni\u00f1 [&hellip;]","og_url":"https:\/\/qtmm.org\/qt\/m-cemilev-qirimtatar-halqinin-aqlari-tiklenilmeyince-ukrainada-demokratiya-inkisafi-da-aqsar\/","og_site_name":"\u041c\u0435\u0434\u0436\u043b\u0456\u0441","article_publisher":"https:\/\/www.facebook.com\/qtmm.info\/","article_published_time":"2012-01-11T20:18:00+00:00","article_modified_time":"2022-01-19T20:19:54+00:00","og_image":[{"width":640,"height":480,"url":"https:\/\/qtmm.org\/wp-content\/uploads\/2022\/01\/4f1121288899e.jpeg","type":"image\/jpeg"}],"author":"Developer","twitter_card":"summary_large_image","twitter_misc":{"Written by":"Developer","Est. reading time":"4 minutes"},"schema":{"@context":"https:\/\/schema.org","@graph":[{"@type":"Article","@id":"https:\/\/qtmm.org\/qt\/m-cemilev-qirimtatar-halqinin-aqlari-tiklenilmeyince-ukrainada-demokratiya-inkisafi-da-aqsar\/#article","isPartOf":{"@id":"https:\/\/qtmm.org\/qt\/m-cemilev-qirimtatar-halqinin-aqlari-tiklenilmeyince-ukrainada-demokratiya-inkisafi-da-aqsar\/"},"author":{"name":"Developer","@id":"https:\/\/qtmm.org\/qt\/#\/schema\/person\/de562469f971dec226ac06e60bbf74a7"},"headline":"M. Cemilev: Q\u0131r\u0131mtatar halq\u0131n\u0131\u00f1 aqlar\u0131 tiklenilmeyince Ukrainada demokratiya inki\u015faf\u0131 da aqsar","datePublished":"2012-01-11T20:18:00+00:00","dateModified":"2022-01-19T20:19:54+00:00","mainEntityOfPage":{"@id":"https:\/\/qtmm.org\/qt\/m-cemilev-qirimtatar-halqinin-aqlari-tiklenilmeyince-ukrainada-demokratiya-inkisafi-da-aqsar\/"},"wordCount":884,"commentCount":0,"publisher":{"@id":"https:\/\/qtmm.org\/qt\/#organization"},"image":{"@id":"https:\/\/qtmm.org\/qt\/m-cemilev-qirimtatar-halqinin-aqlari-tiklenilmeyince-ukrainada-demokratiya-inkisafi-da-aqsar\/#primaryimage"},"thumbnailUrl":"https:\/\/qtmm.org\/wp-content\/uploads\/2022\/01\/4f1121288899e.jpeg","articleSection":["Haberler"],"inLanguage":"qt","potentialAction":[{"@type":"CommentAction","name":"Comment","target":["https:\/\/qtmm.org\/qt\/m-cemilev-qirimtatar-halqinin-aqlari-tiklenilmeyince-ukrainada-demokratiya-inkisafi-da-aqsar\/#respond"]}]},{"@type":"WebPage","@id":"https:\/\/qtmm.org\/qt\/m-cemilev-qirimtatar-halqinin-aqlari-tiklenilmeyince-ukrainada-demokratiya-inkisafi-da-aqsar\/","url":"https:\/\/qtmm.org\/qt\/m-cemilev-qirimtatar-halqinin-aqlari-tiklenilmeyince-ukrainada-demokratiya-inkisafi-da-aqsar\/","name":"M. Cemilev: Q\u0131r\u0131mtatar halq\u0131n\u0131\u00f1 aqlar\u0131 tiklenilmeyince Ukrainada demokratiya inki\u015faf\u0131 da aqsar - \u041c\u0435\u0434\u0436\u043b\u0456\u0441","isPartOf":{"@id":"https:\/\/qtmm.org\/qt\/#website"},"primaryImageOfPage":{"@id":"https:\/\/qtmm.org\/qt\/m-cemilev-qirimtatar-halqinin-aqlari-tiklenilmeyince-ukrainada-demokratiya-inkisafi-da-aqsar\/#primaryimage"},"image":{"@id":"https:\/\/qtmm.org\/qt\/m-cemilev-qirimtatar-halqinin-aqlari-tiklenilmeyince-ukrainada-demokratiya-inkisafi-da-aqsar\/#primaryimage"},"thumbnailUrl":"https:\/\/qtmm.org\/wp-content\/uploads\/2022\/01\/4f1121288899e.jpeg","datePublished":"2012-01-11T20:18:00+00:00","dateModified":"2022-01-19T20:19:54+00:00","breadcrumb":{"@id":"https:\/\/qtmm.org\/qt\/m-cemilev-qirimtatar-halqinin-aqlari-tiklenilmeyince-ukrainada-demokratiya-inkisafi-da-aqsar\/#breadcrumb"},"inLanguage":"qt","potentialAction":[{"@type":"ReadAction","target":["https:\/\/qtmm.org\/qt\/m-cemilev-qirimtatar-halqinin-aqlari-tiklenilmeyince-ukrainada-demokratiya-inkisafi-da-aqsar\/"]}]},{"@type":"ImageObject","inLanguage":"qt","@id":"https:\/\/qtmm.org\/qt\/m-cemilev-qirimtatar-halqinin-aqlari-tiklenilmeyince-ukrainada-demokratiya-inkisafi-da-aqsar\/#primaryimage","url":"https:\/\/qtmm.org\/wp-content\/uploads\/2022\/01\/4f1121288899e.jpeg","contentUrl":"https:\/\/qtmm.org\/wp-content\/uploads\/2022\/01\/4f1121288899e.jpeg","width":640,"height":480},{"@type":"BreadcrumbList","@id":"https:\/\/qtmm.org\/qt\/m-cemilev-qirimtatar-halqinin-aqlari-tiklenilmeyince-ukrainada-demokratiya-inkisafi-da-aqsar\/#breadcrumb","itemListElement":[{"@type":"ListItem","position":1,"name":"\u0413\u043e\u043b\u043e\u0432\u043d\u0430","item":"https:\/\/qtmm.org\/qt\/"},{"@type":"ListItem","position":2,"name":"M. Cemilev: Q\u0131r\u0131mtatar halq\u0131n\u0131\u00f1 aqlar\u0131 tiklenilmeyince Ukrainada demokratiya inki\u015faf\u0131 da aqsar"}]},{"@type":"WebSite","@id":"https:\/\/qtmm.org\/qt\/#website","url":"https:\/\/qtmm.org\/qt\/","name":"\u041c\u0435\u0434\u0436\u043b\u0456\u0441","description":"","publisher":{"@id":"https:\/\/qtmm.org\/qt\/#organization"},"potentialAction":[{"@type":"SearchAction","target":{"@type":"EntryPoint","urlTemplate":"https:\/\/qtmm.org\/qt\/?s={search_term_string}"},"query-input":{"@type":"PropertyValueSpecification","valueRequired":true,"valueName":"search_term_string"}}],"inLanguage":"qt"},{"@type":"Organization","@id":"https:\/\/qtmm.org\/qt\/#organization","name":"\u041c\u0435\u0434\u0436\u043b\u0456\u0441","url":"https:\/\/qtmm.org\/qt\/","logo":{"@type":"ImageObject","inLanguage":"qt","@id":"https:\/\/qtmm.org\/qt\/#\/schema\/logo\/image\/","url":"https:\/\/qtmm.org\/wp-content\/uploads\/2024\/12\/ua-mejlis-logo-rgb.svg","contentUrl":"https:\/\/qtmm.org\/wp-content\/uploads\/2024\/12\/ua-mejlis-logo-rgb.svg","caption":"\u041c\u0435\u0434\u0436\u043b\u0456\u0441"},"image":{"@id":"https:\/\/qtmm.org\/qt\/#\/schema\/logo\/image\/"},"sameAs":["https:\/\/www.facebook.com\/qtmm.info\/"]},{"@type":"Person","@id":"https:\/\/qtmm.org\/qt\/#\/schema\/person\/de562469f971dec226ac06e60bbf74a7","name":"Developer","image":{"@type":"ImageObject","inLanguage":"qt","@id":"https:\/\/secure.gravatar.com\/avatar\/392b4cc8fbfeb00b39dfeeab4ee6edded39ffd48e25858637e4765810300227e?s=96&d=mm&r=g","url":"https:\/\/secure.gravatar.com\/avatar\/392b4cc8fbfeb00b39dfeeab4ee6edded39ffd48e25858637e4765810300227e?s=96&d=mm&r=g","contentUrl":"https:\/\/secure.gravatar.com\/avatar\/392b4cc8fbfeb00b39dfeeab4ee6edded39ffd48e25858637e4765810300227e?s=96&d=mm&r=g","caption":"Developer"},"url":"https:\/\/qtmm.org\/qt\/author\/Developer\/"}]}},"_links":{"self":[{"href":"https:\/\/qtmm.org\/qt\/wp-json\/wp\/v2\/posts\/28262","targetHints":{"allow":["GET"]}}],"collection":[{"href":"https:\/\/qtmm.org\/qt\/wp-json\/wp\/v2\/posts"}],"about":[{"href":"https:\/\/qtmm.org\/qt\/wp-json\/wp\/v2\/types\/post"}],"author":[{"embeddable":true,"href":"https:\/\/qtmm.org\/qt\/wp-json\/wp\/v2\/users\/1"}],"replies":[{"embeddable":true,"href":"https:\/\/qtmm.org\/qt\/wp-json\/wp\/v2\/comments?post=28262"}],"version-history":[{"count":1,"href":"https:\/\/qtmm.org\/qt\/wp-json\/wp\/v2\/posts\/28262\/revisions"}],"predecessor-version":[{"id":28272,"href":"https:\/\/qtmm.org\/qt\/wp-json\/wp\/v2\/posts\/28262\/revisions\/28272"}],"wp:featuredmedia":[{"embeddable":true,"href":"https:\/\/qtmm.org\/qt\/wp-json\/wp\/v2\/media\/28264"}],"wp:attachment":[{"href":"https:\/\/qtmm.org\/qt\/wp-json\/wp\/v2\/media?parent=28262"}],"wp:term":[{"taxonomy":"category","embeddable":true,"href":"https:\/\/qtmm.org\/qt\/wp-json\/wp\/v2\/categories?post=28262"},{"taxonomy":"post_tag","embeddable":true,"href":"https:\/\/qtmm.org\/qt\/wp-json\/wp\/v2\/tags?post=28262"}],"curies":[{"name":"wp","href":"https:\/\/api.w.org\/{rel}","templated":true}]}}