




{"id":28199,"date":"2012-01-01T23:14:00","date_gmt":"2012-01-01T20:14:00","guid":{"rendered":"http:\/\/qtmm.org\/?p=28199"},"modified":"2022-01-19T23:15:24","modified_gmt":"2022-01-19T20:15:24","slug":"qirimtatar-halqi-meclisinin-reisi-mustafa-cemilevnin-yilbas-televizion-hayirlavi","status":"publish","type":"post","link":"https:\/\/qtmm.org\/qt\/qirimtatar-halqi-meclisinin-reisi-mustafa-cemilevnin-yilbas-televizion-hayirlavi\/","title":{"rendered":"Q\u0131r\u0131mtatar halq\u0131 Meclisini\u00f1 reisi Mustafa Cemilevni\u00f1 Y\u0131lba\u015f televizion hay\u0131rlav\u0131"},"content":{"rendered":"\n<p class=\"has-text-align-center\"><strong>Say\u011f\u0131l\u0131 vatanda\u015flar\u0131m\u0131z!<\/strong><\/p>\n\n\n\n<p>Her y\u0131l odu\u011fu gibi, Yan\u0131 y\u0131l arfesinde ke\u00e7ken sene devam\u0131nda ol\u011fan ba\u015far\u0131lar\u0131m\u0131z, kay\u0131plar\u0131m\u0131z, do\u011fru veya yaln\u0131\u015f davran\u0131\u015flar\u0131m\u0131z, gelecek senede beklentilerimiz hususta birka\u00e7 s\u00f6z s\u00f6ylemek isteyim.<\/p>\n\n\n\n<p>Ke\u00e7ken sene, asl\u0131nda, halq\u0131m\u0131z i\u00e7in hay\u0131rl\u0131 vakialarnen ba\u015flanmad\u0131. Y\u0131l\u0131n ba\u015flar\u0131nda Q\u0131r\u0131m otonom cumhuriyetinin yeni ba\u015fbaqan\u0131 Vasiliy Cart\u0131 ultimatif \u015fekilde Q\u0131r\u0131m Tatarlar\u0131 zapt ettikleri topraqlarn\u0131 derhal bo\u015faltmalar\u0131n\u0131 talep etti ve aksi taqdirde olar\u011fa qar\u015f\u0131 g\u00fc\u00e7 qullanaca\u011f\u0131n\u0131 bildirdi. Bu bizlere qar\u015f\u0131 sava\u015f ilan etmesine benze\u011fen bir a\u00e7\u0131qlama edi.<\/p>\n\n\n\n<p>B\u00f6yle vaziyette, topra\u011f\u0131m\u0131zda \u00e7at\u0131\u015fmalar olmamas\u0131 ve qan d\u00f6k\u00fclmemesi i\u00e7in baz\u0131 tedbirler alma\u011fa mecbur olduq. Bizim esas stratejimiz, bu vaziyetke d\u00fcnyan\u0131n diqqat\u0131n\u0131 \u00e7ekmek ve halq\u0131m\u0131z\u011fa kar\u015f\u0131 \u015fiddet qullan\u0131lacaq olsa neticede ortal\u0131qta neler olabilece\u011fini anlatmaqtan ibaret oldu.<\/p>\n\n\n\n<p>B\u0131r\u00e7oq diplomatlar\u0131n ve uluslararas\u0131 te\u015fkilatlar\u0131n bu tehlikeli duruma diqqatlerini \u00e7ektik, olar\u0131 Q\u0131r\u0131m\u2019a davet ettik. Sa\u011f olsunlar, birqa\u00e7 Avrupa memleketlerin b\u00fcy\u00fckel\u00e7ileri, Avrupa Birli\u011finin Ukrayna temsilcisi ve di\u011fer diplomatlar Milli Meclisimizi resmen ziyaret ettiler ve kerekli a\u00e7\u0131qlamalar yapt\u0131lar.<\/p>\n\n\n\n<p>Neticede kerginli\u011fi atlatm\u0131\u015f kibi olduk. Otonom cumhuriyetinin ba\u015fbaqan\u0131nen masaya oturduq ve topraq meselesini bar\u0131\u015f i\u00e7erisinde \u00e7\u00f6z\u00fclmesi i\u00e7in ad\u0131mlar yapma\u011fa ba\u015flad\u0131q. Komisyon quruldu ve \u00e7al\u0131\u015fmalar ba\u015fland\u0131. Bu qonuda zorluqlar elbette daha \u011fayet \u00e7oq, ama nas\u0131ld\u0131r \u00e7\u00f6z\u00fcm olaca\u011f\u0131na \u00fcmidimiz var.<\/p>\n\n\n\n<p>Bu sene nihayet Aqmescitte qurulacaq B\u00fcy\u00fck Cami i\u00e7in topraq al\u0131nd\u0131, onun projesi se\u00e7ildi ve, in\u015fallah, t\u00fcm halq\u0131m\u0131z\u0131n ve dostlar\u0131m\u0131z\u0131n yard\u0131m\u0131nen yaq\u0131n kelecekte Aqmescit \u015feherimizde muhte\u015fem ve parlaq bir Merkez cami qurulacaqt\u0131r.<\/p>\n\n\n\n<p>Devlet taraf\u0131ndan halk\u0131m\u0131z\u0131n \u00f6z vatanlar\u0131nda yerle\u015fmesi i\u00e7in ayr\u0131l\u011fan sermaya miqtar\u0131 bu sene son derece k\u0131sart\u0131ld\u0131 ve s\u0131f\u0131ra yaq\u0131n bir raqama indirildi demek m\u00fcmk\u00fcn. Devlet b\u00fct\u00e7esinden programa k\u00f6re bu sene 127 milyon grivna ayr\u0131lacaq yerine yaln\u0131z 23 milyon ayr\u0131ld\u0131 ve bunuda pratik olarak yaln\u0131z yar\u0131s\u0131 geldi. \u00d6n\u00fcm\u00fczdeki senege de programa\u011fa k\u00f6re 142 milyon grivna ayr\u0131lacak yerine b\u00fct\u00e7eden yaln\u0131z 25 milyon ayrildi. Bu para yaln\u0131z bir mektebin yar\u0131s\u0131n\u0131 qurmaq i\u00e7in bile yeterli qadar de\u011fil.<\/p>\n\n\n\n<p>Bu durumda, yine aqraba T\u00fcrkiye&#8217;ye halqlara m\u00fcracaat etme\u011fe mecbur olduq. Bu y\u0131l\u0131n ba\u015f\u0131nda T\u00fcrkiye Cumhurba\u015fqan\u0131nen g\u00f6r\u00fc\u015fmemiz neticesinde T\u00fcrkiye taraf\u0131ndan birqa\u00e7 mektep ve evler, Q\u0131r\u0131m Tatar milli medeniyet merkezi qurulmas\u0131 hususta anla\u015ft\u0131k. E\u011fer Ukrayna devleti taraf\u0131ndan nasildir zorluklar \u00e7iqarimasa bir\u00e7ok evsiz insanlar\u0131m\u0131zev ev sahibi olacak, bir\u00e7ok evlatlar\u0131m\u0131z\u011fa \u00f6z ana tilinde oqumaya imkalar yarat\u0131lacaq ve Medeniyet merkezimizde ise hep milletin u\u011frunda \u00e7al\u0131\u015fqan qurulu\u015flar\u0131m\u0131z\u0131 ve te\u015fkilatar\u0131m\u0131z\u0131 bir \u00e7at\u0131 alt\u0131nda birle\u015ftirmek imkan\u0131 olacaqt\u0131r.<\/p>\n\n\n\n<p>Birqa\u00e7 y\u0131ldan beri qab\u00fcl etmesini talap etti\u011fimiz Q\u0131r\u0131m Tatarlar\u0131n ve di\u011fer s\u00fcrg\u00fcnl\u00fckke u\u011frat\u0131lan toplumlar\u0131n haq-huquqlar\u0131n iade etilmesi hususta qanun bu sene de qab\u00fcl etilmedi, \u00e7\u00fcnki parlamentoda \u00e7o\u011funlu\u011fu te\u015fkil etken koalisyon bu qanun\u011fa oy vermesi hususta daha Cumhurba\u015fkan\u0131nden talimat almad\u0131.<br>Halq\u0131m\u0131z\u0131n Otonom cumhuriyetiny\u00fcnetim sisteminde \u00f6yle de az say\u0131da ol\u011fan temsilcilerin say\u0131s\u0131 bu sene daha ziyade azald\u0131. Birka\u00e7 y\u00fcksek vazifelerde \u00e7al\u0131\u015fkan soyda\u015flar\u0131m\u0131z\u0131 i\u015ften bo\u015fat\u0131dar. Sebep olar\u0131n beceriksizliklerinden de\u011fil \u2013 sadece olar\u0131n yerleri Donetsk taraf\u0131ndan ketirilgen kimseler i\u00e7in kerek emi\u015f.<\/p>\n\n\n\n<p>Hep bu adaletsizliklere tepki k\u00f6sterme\u011fe yeterli qadar \u00e7aremiz olmamas\u0131 i\u00e7in bu sene halq\u0131m\u0131z\u0131 hem din taraftan ve hem de siyasi taraftan b\u00f6lmek i\u00e7in bir\u00e7oq hareketler yap\u0131ld\u0131. Y\u0131l\u0131n ba\u015f\u0131nda M\u00fcft\u00fcl\u00fc\u011f\u00fcm\u00fcze qar\u015f\u0131 devlet taraf\u0131ndan bir grup diniy qurulu\u015flardan ibaret ol\u011fan paralel bir dini merkez resmile\u015ftirildi.<\/p>\n\n\n\n<p>Bu y\u0131l devam\u0131nda halk\u0131m\u0131z\u0131n aras\u0131nda hi\u00e7 zaman olma\u011fan vakialar da olup ke\u00e7ti. Bir grup kimseler Milli Meclis\u2019imizge qar\u015f\u0131 a\u00e7\u0131q hareketler yapt\u0131lar \u2013 bas\u0131n toplant\u0131lar\u0131 ge\u00e7irdiler, Milli Meclis binas\u0131na y\u00fcr\u00fcy\u00fc\u015fler yapt\u0131lar, Rus yay\u0131n organlar\u0131nda Milli Meclisimizge qar\u015f\u0131 zeher ve iftira dolu maqaleler yazd\u0131lar, 21 Kas\u0131mda ise sembolik olarak Milli Meclis reisini diri yakt\u0131lar.<\/p>\n\n\n\n<p>Belki ker\u00e7ekten de Milli Meclis ve onun rehberleri halq\u0131n aras\u0131nda otoritesini tamamile qaybettiler ve olar\u0131n yerine milletin rehberli\u011fine \u015fu teatronun yan\u0131nda spektakl yapqan kimselerni qoymaq kerek? Buna elbette millet kendisi qarar verecektir. Ama ba\u011fimsiz sosyolojik ara\u015ftirmalar bamba\u015fka manzara k\u00f6stere.<\/p>\n\n\n\n<p>Mesela, bu y\u0131l\u0131n ortalar\u0131nda yay\u0131nlan\u011fan Ukrayna\u2019da en me\u015fhur Razumkov ara\u015ft\u0131rma merkezinin raqamlar\u0131na k\u00f6re Q\u0131r\u0131m Tatarlar\u0131n y\u00fczde 82-si Milli Meclisin \u00e7al\u0131\u015fmalar\u0131n\u0131 \u00e7oq do\u011fru saya, y\u00fczde 11-i Meclis yeterli qadar \u00e7al\u0131\u015fmay dey ve yaln\u0131z yaln\u0131z 7 % say\u0131s\u0131 Milli Meclisin \u00e7al\u0131\u015fmalar\u0131nen tamamile memnun de\u011fil ekenler. Bu derecede \u00f6z halq\u0131n\u0131n inanc\u0131n\u0131 kazan\u011fan Ukrayna\u2019da hi\u00e7 ba\u015fqa siyasi quvvet yoktur ve d\u00fcnya \u00e7ap\u0131nda da \u00e7oq seyrek.<\/p>\n\n\n\n<p>Q\u0131yas olaraq, ayni \u015fu ara\u015ft\u0131rma merkezinin neticelerine k\u00f6re Q\u0131r\u0131m Tatarlar\u0131n\u0131n yaln\u0131z y\u00fczde be\u015fi Q\u0131r\u0131m Otonom Cumhuriyetinin \u00e7al\u0131\u015fmalar\u0131n\u0131 do\u011fru saya, qalan y\u00fczde 95 ise Q\u0131r\u0131m parlamentosuna hi\u00e7bir inanc\u0131 toq. Yani,halq\u0131m\u0131z\u0131n kendi se\u00e7ti\u011fi milli organ\u0131m\u0131z\u011fa inanc\u0131 ve deste\u011fi epeyce y\u00fcksek. Onun i\u00e7in, bu Meclisimizge qar\u015f\u0131 yap\u0131l\u011fan pis hareketlerin temelinde halq\u0131m\u0131z\u0131n iradesi de\u011fil de, tam tersine, milli davam\u0131z\u011fa qar\u015f\u0131 tur\u011fan quvvetlerin oyunlar\u0131 oldu\u011fu ap-a\u00e7\u0131q.<\/p>\n\n\n\n<p>Elimizge ke\u00e7ken mal\u00fcmatlar\u011fa k\u00f6re, halq\u0131m\u0131z\u0131n b\u00f6lmek, onun Milli Meclisini m\u00fcmk\u00fcn oldu\u011fu qadar ipratmaq i\u00e7in kelecek y\u0131l\u0131n devam\u0131nda da epeyce hareketler yap\u0131lacaq. Bunlara biz diqqatl\u0131 ve haz\u0131rl\u0131ql\u0131 olmam\u0131z kerek olacaqt\u0131r.<\/p>\n\n\n\n<p>Bu sene devam\u0131na bir\u00e7ok aci insani kay\u0131plar\u0131m\u0131z da oldu. 2011 y\u0131lda belli ressam\u0131m\u0131z Ramiz Netovkin, Milli hareketimizin aktif i\u015ftiraq\u00e7ileri, halq\u0131m\u0131z\u0131n \u00f6z vatan\u0131na kayt\u0131p kelmesi i\u00e7in k\u00fcre\u015fimizde b\u00fcy\u00fck hisseleri ol\u011fan \u0130lmi Ametov, Ferat Useinov, Cemile \u015eabanova, 1991 y\u0131l\u0131nda ilk qurdu\u011fumuz Meclis\u2019in azas\u0131 cesur professorumuz Refiq Muzaffarov ve daha birka\u00e7 \u00e7ok milli davamiz\u011fa fedakarl\u0131kla h\u0131zmet etken arkada\u015flar\u0131m\u0131z\u0131 kaybettik.<\/p>\n\n\n\n<p>Diasporam\u0131z\u0131n da b\u00fcy\u00fck qay\u0131plar\u0131 oldu.<\/p>\n\n\n\n<p>\u0130ngilterede ya\u015fiyan b\u00fcy\u00fck yaz\u0131c\u0131m\u0131z, 20 den ziyade Q\u0131r\u0131m Tatar halq\u0131n\u0131n kaderini ve davalar\u0131n\u0131 d\u00fcnya\u011fa anlatan romanlar\u0131n m\u00fcellifi Cengiz Da\u011fci, T\u00fcrkiye\u2019deki diasporam\u0131z\u0131n b\u00fcy\u00fck lideri ve devlet adam\u0131 Ahmet \u0130hsan K\u0131r\u0131ml\u0131 da bu d\u00fcnyay\u0131 terk ettiler. Bunlar\u0131n ikkisine de Allah uzun \u00f6m\u00fcr ba\u011f\u0131\u015flad\u0131, olar ikkisi de 90 y\u0131ldan ziyade ya\u015fad\u0131lar. Ama ne kadar ya\u015fam\u0131\u015f olsalar bile, olar\u0131m \u00f6l\u00fcm\u00fc kalplerimizde nas\u0131ld\u0131r bo\u015fluq b\u0131rakt\u0131, \u00e7\u00fcnk\u00fc ger\u00e7ekten de b\u00fcy\u00fck indsanlard\u0131 ve milli davam\u0131zda ald\u0131qlar yerler son derecede m\u00fchimdi.<\/p>\n\n\n\n<p>Halq\u0131m\u0131z\u011fa \u00e7oq y\u0131llar devam\u0131nda manesi destek verip tur\u011fan Yelena Bonner, Vatslav Havel kibi parlaq insanlar da bu sene d\u00fcnyay\u0131 terk ettiler.<br>Toplam olaraq, bu sene i\u00e7erisinde Q\u0131r\u0131m\u2019da 2500 qadar insan\u0131m\u0131z vefat etti ve 4500 qadar yeni evlatlar\u0131m\u0131z d\u00fcnya\u011fa keldi. Hep \u00f6lgen insanlar\u0131m\u0131z\u011fa Allahtan rahmet ve yeni do\u011fan evlatlar\u0131m\u0131z\u011fa vatan\u0131m\u0131zda uzun bahtl\u0131 hayat tileymiz.<\/p>\n\n\n\n<p>Kelelecek 2012 y\u0131l\u0131n devam\u0131nda halk\u0131m\u0131z i\u00e7in birqa\u00e7 \u00f6nemli vakialar olacaq.<\/p>\n\n\n\n<p>Birinciden, biz bu sene yeni, 6-ci Qurultay\u0131m\u0131z\u0131n 250 qadar vekillerimizi se\u00e7ecekmiz ve sonra Querultay toplay\u0131p yeni Milli Meclis azalar\u0131n\u0131 ve onun yeni reisini saylayacaqm\u0131z. Bu \u00e7oq muhim olay, \u00e7\u00fcnki ne derecede saylavlar\u0131m\u0131z adaletli ve se\u00e7ti\u011fimiz insanlar halq\u0131m\u0131z\u0131n ker\u00e7ek temsilcileri olsa, o derecede halq\u0131m\u0131z\u0131n aras\u0131nda birlik ve milli organ\u0131m\u0131z\u0131n \u00e7al\u0131\u015fmalar\u0131 ba\u015far\u0131l\u0131 olacaqt\u0131r.<\/p>\n\n\n\n<p>\u0130kinciden, on\u00fcm\u00fczdeki y\u0131l\u0131n Oktabr ay\u0131nda Ukrayna paramento se\u00e7imleri olacaq. Onun neticeleri hem t\u00fcm devet i\u00e7in ve hem de halq\u0131m\u0131z i\u00e7in \u00e7oq \u00f6nemlidir. E\u011fer bu saylavlarda halq\u0131m\u0131z\u0131n i\u015ftira\u011f\u0131 m\u00fcmk\u00fcn oldu\u011fu qadar aktiv ve hep verilen oylar Milli Qurultay\u0131m\u0131z\u0131n tavsiyelerine k\u00f6re olsa, biz Q\u0131r\u0131m Tatar halk\u0131n\u0131n siyasi g\u00fcc\u00fc say\u0131s\u0131nda daha \u00e7oq y\u00fckseltecekmiz, milli birli\u011fimiz y\u00fcksek seviyede oldu\u011funu k\u00f6sterebiliriz ve neticede halq\u0131m\u0131z\u0131n meselelerini \u00e7\u00f6z\u00fcn\u00fc qolayla\u015ft\u0131racaqm\u0131z.<\/p>\n\n\n\n<p>\u00dc\u00e7\u00fcnc\u00fcs\u00fc, e\u011fer hep kerekli maqamlara anla\u015fmalar\u0131m\u0131z\u0131 tamamlay\u0131p olsaq kelecek y\u0131l\u0131n devam\u0131nda Q\u0131r\u0131m Tatar halk\u0131n\u0131n durumu, Q\u0131r\u0131m\u2019\u0131n d\u0131\u015far\u0131s\u0131nda qal\u011fan soyda\u015flar\u0131m\u0131z\u0131 vatan\u0131m\u0131z\u011fa qayt\u0131p kelmek i\u00e7in imkanlar yaratmaq ve di\u011fer huquqi ve sosyal acil problemleri hususta bir Uluslararas\u0131 forum ke\u00e7irmesini planla\u015ft\u0131ram\u0131z. \u00dc\u00e7 ay evvel biz bu qonuyu m\u00fczakere etmek i\u00e7in Kiev\u2019de bir\u00e7ok Avropa memleketlerin ve uluslararas\u0131 te\u015fkilatlar\u0131n b\u00fcy\u00fckel\u00e7ilei ve temsilcilerinen toplant\u0131 ke\u00e7irdik. Hep diplomatlar b\u00f6yle forum ke\u00e7irilmesini \u00e7ok do\u011fru oldu\u011funu ve kendi taraflar\u0131ndan da destek vereceklerini s\u00f6ylediler \u00c7\u00fcnki, anla\u015f\u0131ld\u0131\u011f\u0131na k\u00f6re, Ukrayna devletinde bizim milli problemlerimizi kerekli \u00f6l\u00e7\u00fcde \u00e7\u00f6zmek i\u00e7in ne istek ve ne de imlanlar yeterli qadar de\u011fil.<\/p>\n\n\n\n<p>Hakq\u0131m\u0131z\u0131n \u00f6z vatan\u0131nda rahat ya\u015famas\u0131, \u00e7z topra\u011f\u0131na sahip olmas\u0131 ve milletin kelece\u011fine rahats\u0131zl\u0131q olmamas\u0131 i\u00e7in yap\u0131lacaq daha vazifeler var. Ama hep niyetlerimizge ne qadar tez ula\u015faca\u011f\u0131m\u0131z b\u00fcy\u00fck \u00f6l\u00e7\u00fcde kendi davran\u0131\u015flar\u0131m\u0131z\u011fa,soyda\u015flar\u0131m\u0131z\u0131n aras\u0131nda m\u00fcnasebetlerge ba\u011fl\u0131d\u0131r.<\/p>\n\n\n\n<p class=\"has-text-align-center\"><strong>Allah bizleri do\u011fru yoldan sapt\u0131rmas\u0131n.<\/strong><\/p>\n\n\n\n<p class=\"has-text-align-center\"><strong>Q\u0131r\u0131mtatar Milli Meclisi ad\u0131na hep soyda\u015flar\u0131m\u0131z\u0131 yan\u0131 2012 y\u0131lnen hay\u0131rlay\u0131m.<\/strong><\/p>\n\n\n\n<p class=\"has-text-align-center\"><strong>Allah hepimize yard\u0131mc\u0131 olsun!<\/strong><\/p>\n","protected":false},"excerpt":{"rendered":"<p>Say\u011f\u0131l\u0131 vatanda\u015flar\u0131m\u0131z! Her y\u0131l odu\u011fu gibi, Yan\u0131 y\u0131l arfesinde ke\u00e7ken sene devam\u0131nda ol\u011fan ba\u015far\u0131lar\u0131m\u0131z, kay\u0131plar\u0131m\u0131z, do\u011fru veya yaln\u0131\u015f davran\u0131\u015flar\u0131m\u0131z, gelecek senede beklentilerimiz hususta birka\u00e7 s\u00f6z s\u00f6ylemek isteyim. Ke\u00e7ken sene, asl\u0131nda, halq\u0131m\u0131z i\u00e7in hay\u0131rl\u0131 vakialarnen ba\u015flanmad\u0131. Y\u0131l\u0131n ba\u015flar\u0131nda Q\u0131r\u0131m otonom cumhuriyetinin yeni ba\u015fbaqan\u0131 Vasiliy Cart\u0131 ultimatif \u015fekilde Q\u0131r\u0131m Tatarlar\u0131 zapt ettikleri topraqlarn\u0131 derhal bo\u015faltmalar\u0131n\u0131 talep etti [&hellip;]<\/p>\n","protected":false},"author":1,"featured_media":0,"comment_status":"open","ping_status":"open","sticky":false,"template":"","format":"standard","meta":{"inline_featured_image":false,"footnotes":""},"categories":[265],"tags":[],"class_list":["post-28199","post","type-post","status-publish","format-standard","hentry","category-haberler"],"acf":[],"yoast_head":"<!-- This site is optimized with the Yoast SEO plugin v27.4 - https:\/\/yoast.com\/product\/yoast-seo-wordpress\/ -->\n<title>Q\u0131r\u0131mtatar halq\u0131 Meclisini\u00f1 reisi Mustafa Cemilevni\u00f1 Y\u0131lba\u015f televizion hay\u0131rlav\u0131 - \u041c\u0435\u0434\u0436\u043b\u0456\u0441<\/title>\n<meta name=\"robots\" content=\"index, follow, max-snippet:-1, max-image-preview:large, max-video-preview:-1\" \/>\n<link rel=\"canonical\" href=\"https:\/\/qtmm.org\/qt\/qirimtatar-halqi-meclisinin-reisi-mustafa-cemilevnin-yilbas-televizion-hayirlavi\/\" \/>\n<meta property=\"og:locale\" content=\"en_US\" \/>\n<meta property=\"og:type\" content=\"article\" \/>\n<meta property=\"og:title\" content=\"Q\u0131r\u0131mtatar halq\u0131 Meclisini\u00f1 reisi Mustafa Cemilevni\u00f1 Y\u0131lba\u015f televizion hay\u0131rlav\u0131 - \u041c\u0435\u0434\u0436\u043b\u0456\u0441\" \/>\n<meta property=\"og:description\" content=\"Say\u011f\u0131l\u0131 vatanda\u015flar\u0131m\u0131z! Her y\u0131l odu\u011fu gibi, Yan\u0131 y\u0131l arfesinde ke\u00e7ken sene devam\u0131nda ol\u011fan ba\u015far\u0131lar\u0131m\u0131z, kay\u0131plar\u0131m\u0131z, do\u011fru veya yaln\u0131\u015f davran\u0131\u015flar\u0131m\u0131z, gelecek senede beklentilerimiz hususta birka\u00e7 s\u00f6z s\u00f6ylemek isteyim. Ke\u00e7ken sene, asl\u0131nda, halq\u0131m\u0131z i\u00e7in hay\u0131rl\u0131 vakialarnen ba\u015flanmad\u0131. Y\u0131l\u0131n ba\u015flar\u0131nda Q\u0131r\u0131m otonom cumhuriyetinin yeni ba\u015fbaqan\u0131 Vasiliy Cart\u0131 ultimatif \u015fekilde Q\u0131r\u0131m Tatarlar\u0131 zapt ettikleri topraqlarn\u0131 derhal bo\u015faltmalar\u0131n\u0131 talep etti [&hellip;]\" \/>\n<meta property=\"og:url\" content=\"https:\/\/qtmm.org\/qt\/qirimtatar-halqi-meclisinin-reisi-mustafa-cemilevnin-yilbas-televizion-hayirlavi\/\" \/>\n<meta property=\"og:site_name\" content=\"\u041c\u0435\u0434\u0436\u043b\u0456\u0441\" \/>\n<meta property=\"article:publisher\" content=\"https:\/\/www.facebook.com\/qtmm.info\/\" \/>\n<meta property=\"article:published_time\" content=\"2012-01-01T20:14:00+00:00\" \/>\n<meta property=\"article:modified_time\" content=\"2022-01-19T20:15:24+00:00\" \/>\n<meta name=\"author\" content=\"Developer\" \/>\n<meta name=\"twitter:card\" content=\"summary_large_image\" \/>\n<meta name=\"twitter:label1\" content=\"Written by\" \/>\n\t<meta name=\"twitter:data1\" content=\"Developer\" \/>\n\t<meta name=\"twitter:label2\" content=\"Est. reading time\" \/>\n\t<meta name=\"twitter:data2\" content=\"9 minutes\" \/>\n<script type=\"application\/ld+json\" class=\"yoast-schema-graph\">{\"@context\":\"https:\\\/\\\/schema.org\",\"@graph\":[{\"@type\":\"Article\",\"@id\":\"https:\\\/\\\/qtmm.org\\\/qt\\\/qirimtatar-halqi-meclisinin-reisi-mustafa-cemilevnin-yilbas-televizion-hayirlavi\\\/#article\",\"isPartOf\":{\"@id\":\"https:\\\/\\\/qtmm.org\\\/qt\\\/qirimtatar-halqi-meclisinin-reisi-mustafa-cemilevnin-yilbas-televizion-hayirlavi\\\/\"},\"author\":{\"name\":\"Developer\",\"@id\":\"https:\\\/\\\/qtmm.org\\\/qt\\\/#\\\/schema\\\/person\\\/de562469f971dec226ac06e60bbf74a7\"},\"headline\":\"Q\u0131r\u0131mtatar halq\u0131 Meclisini\u00f1 reisi Mustafa Cemilevni\u00f1 Y\u0131lba\u015f televizion hay\u0131rlav\u0131\",\"datePublished\":\"2012-01-01T20:14:00+00:00\",\"dateModified\":\"2022-01-19T20:15:24+00:00\",\"mainEntityOfPage\":{\"@id\":\"https:\\\/\\\/qtmm.org\\\/qt\\\/qirimtatar-halqi-meclisinin-reisi-mustafa-cemilevnin-yilbas-televizion-hayirlavi\\\/\"},\"wordCount\":1824,\"commentCount\":0,\"publisher\":{\"@id\":\"https:\\\/\\\/qtmm.org\\\/qt\\\/#organization\"},\"articleSection\":[\"Haberler\"],\"inLanguage\":\"qt\",\"potentialAction\":[{\"@type\":\"CommentAction\",\"name\":\"Comment\",\"target\":[\"https:\\\/\\\/qtmm.org\\\/qt\\\/qirimtatar-halqi-meclisinin-reisi-mustafa-cemilevnin-yilbas-televizion-hayirlavi\\\/#respond\"]}]},{\"@type\":\"WebPage\",\"@id\":\"https:\\\/\\\/qtmm.org\\\/qt\\\/qirimtatar-halqi-meclisinin-reisi-mustafa-cemilevnin-yilbas-televizion-hayirlavi\\\/\",\"url\":\"https:\\\/\\\/qtmm.org\\\/qt\\\/qirimtatar-halqi-meclisinin-reisi-mustafa-cemilevnin-yilbas-televizion-hayirlavi\\\/\",\"name\":\"Q\u0131r\u0131mtatar halq\u0131 Meclisini\u00f1 reisi Mustafa Cemilevni\u00f1 Y\u0131lba\u015f televizion hay\u0131rlav\u0131 - \u041c\u0435\u0434\u0436\u043b\u0456\u0441\",\"isPartOf\":{\"@id\":\"https:\\\/\\\/qtmm.org\\\/qt\\\/#website\"},\"datePublished\":\"2012-01-01T20:14:00+00:00\",\"dateModified\":\"2022-01-19T20:15:24+00:00\",\"breadcrumb\":{\"@id\":\"https:\\\/\\\/qtmm.org\\\/qt\\\/qirimtatar-halqi-meclisinin-reisi-mustafa-cemilevnin-yilbas-televizion-hayirlavi\\\/#breadcrumb\"},\"inLanguage\":\"qt\",\"potentialAction\":[{\"@type\":\"ReadAction\",\"target\":[\"https:\\\/\\\/qtmm.org\\\/qt\\\/qirimtatar-halqi-meclisinin-reisi-mustafa-cemilevnin-yilbas-televizion-hayirlavi\\\/\"]}]},{\"@type\":\"BreadcrumbList\",\"@id\":\"https:\\\/\\\/qtmm.org\\\/qt\\\/qirimtatar-halqi-meclisinin-reisi-mustafa-cemilevnin-yilbas-televizion-hayirlavi\\\/#breadcrumb\",\"itemListElement\":[{\"@type\":\"ListItem\",\"position\":1,\"name\":\"\u0413\u043e\u043b\u043e\u0432\u043d\u0430\",\"item\":\"https:\\\/\\\/qtmm.org\\\/qt\\\/\"},{\"@type\":\"ListItem\",\"position\":2,\"name\":\"Q\u0131r\u0131mtatar halq\u0131 Meclisini\u00f1 reisi Mustafa Cemilevni\u00f1 Y\u0131lba\u015f televizion hay\u0131rlav\u0131\"}]},{\"@type\":\"WebSite\",\"@id\":\"https:\\\/\\\/qtmm.org\\\/qt\\\/#website\",\"url\":\"https:\\\/\\\/qtmm.org\\\/qt\\\/\",\"name\":\"\u041c\u0435\u0434\u0436\u043b\u0456\u0441\",\"description\":\"\",\"publisher\":{\"@id\":\"https:\\\/\\\/qtmm.org\\\/qt\\\/#organization\"},\"potentialAction\":[{\"@type\":\"SearchAction\",\"target\":{\"@type\":\"EntryPoint\",\"urlTemplate\":\"https:\\\/\\\/qtmm.org\\\/qt\\\/?s={search_term_string}\"},\"query-input\":{\"@type\":\"PropertyValueSpecification\",\"valueRequired\":true,\"valueName\":\"search_term_string\"}}],\"inLanguage\":\"qt\"},{\"@type\":\"Organization\",\"@id\":\"https:\\\/\\\/qtmm.org\\\/qt\\\/#organization\",\"name\":\"\u041c\u0435\u0434\u0436\u043b\u0456\u0441\",\"url\":\"https:\\\/\\\/qtmm.org\\\/qt\\\/\",\"logo\":{\"@type\":\"ImageObject\",\"inLanguage\":\"qt\",\"@id\":\"https:\\\/\\\/qtmm.org\\\/qt\\\/#\\\/schema\\\/logo\\\/image\\\/\",\"url\":\"https:\\\/\\\/qtmm.org\\\/wp-content\\\/uploads\\\/2024\\\/12\\\/ua-mejlis-logo-rgb.svg\",\"contentUrl\":\"https:\\\/\\\/qtmm.org\\\/wp-content\\\/uploads\\\/2024\\\/12\\\/ua-mejlis-logo-rgb.svg\",\"caption\":\"\u041c\u0435\u0434\u0436\u043b\u0456\u0441\"},\"image\":{\"@id\":\"https:\\\/\\\/qtmm.org\\\/qt\\\/#\\\/schema\\\/logo\\\/image\\\/\"},\"sameAs\":[\"https:\\\/\\\/www.facebook.com\\\/qtmm.info\\\/\"]},{\"@type\":\"Person\",\"@id\":\"https:\\\/\\\/qtmm.org\\\/qt\\\/#\\\/schema\\\/person\\\/de562469f971dec226ac06e60bbf74a7\",\"name\":\"Developer\",\"image\":{\"@type\":\"ImageObject\",\"inLanguage\":\"qt\",\"@id\":\"https:\\\/\\\/secure.gravatar.com\\\/avatar\\\/392b4cc8fbfeb00b39dfeeab4ee6edded39ffd48e25858637e4765810300227e?s=96&d=mm&r=g\",\"url\":\"https:\\\/\\\/secure.gravatar.com\\\/avatar\\\/392b4cc8fbfeb00b39dfeeab4ee6edded39ffd48e25858637e4765810300227e?s=96&d=mm&r=g\",\"contentUrl\":\"https:\\\/\\\/secure.gravatar.com\\\/avatar\\\/392b4cc8fbfeb00b39dfeeab4ee6edded39ffd48e25858637e4765810300227e?s=96&d=mm&r=g\",\"caption\":\"Developer\"},\"url\":\"https:\\\/\\\/qtmm.org\\\/qt\\\/author\\\/Developer\\\/\"}]}<\/script>\n<!-- \/ Yoast SEO plugin. -->","yoast_head_json":{"title":"Q\u0131r\u0131mtatar halq\u0131 Meclisini\u00f1 reisi Mustafa Cemilevni\u00f1 Y\u0131lba\u015f televizion hay\u0131rlav\u0131 - \u041c\u0435\u0434\u0436\u043b\u0456\u0441","robots":{"index":"index","follow":"follow","max-snippet":"max-snippet:-1","max-image-preview":"max-image-preview:large","max-video-preview":"max-video-preview:-1"},"canonical":"https:\/\/qtmm.org\/qt\/qirimtatar-halqi-meclisinin-reisi-mustafa-cemilevnin-yilbas-televizion-hayirlavi\/","og_locale":"en_US","og_type":"article","og_title":"Q\u0131r\u0131mtatar halq\u0131 Meclisini\u00f1 reisi Mustafa Cemilevni\u00f1 Y\u0131lba\u015f televizion hay\u0131rlav\u0131 - \u041c\u0435\u0434\u0436\u043b\u0456\u0441","og_description":"Say\u011f\u0131l\u0131 vatanda\u015flar\u0131m\u0131z! Her y\u0131l odu\u011fu gibi, Yan\u0131 y\u0131l arfesinde ke\u00e7ken sene devam\u0131nda ol\u011fan ba\u015far\u0131lar\u0131m\u0131z, kay\u0131plar\u0131m\u0131z, do\u011fru veya yaln\u0131\u015f davran\u0131\u015flar\u0131m\u0131z, gelecek senede beklentilerimiz hususta birka\u00e7 s\u00f6z s\u00f6ylemek isteyim. Ke\u00e7ken sene, asl\u0131nda, halq\u0131m\u0131z i\u00e7in hay\u0131rl\u0131 vakialarnen ba\u015flanmad\u0131. Y\u0131l\u0131n ba\u015flar\u0131nda Q\u0131r\u0131m otonom cumhuriyetinin yeni ba\u015fbaqan\u0131 Vasiliy Cart\u0131 ultimatif \u015fekilde Q\u0131r\u0131m Tatarlar\u0131 zapt ettikleri topraqlarn\u0131 derhal bo\u015faltmalar\u0131n\u0131 talep etti [&hellip;]","og_url":"https:\/\/qtmm.org\/qt\/qirimtatar-halqi-meclisinin-reisi-mustafa-cemilevnin-yilbas-televizion-hayirlavi\/","og_site_name":"\u041c\u0435\u0434\u0436\u043b\u0456\u0441","article_publisher":"https:\/\/www.facebook.com\/qtmm.info\/","article_published_time":"2012-01-01T20:14:00+00:00","article_modified_time":"2022-01-19T20:15:24+00:00","author":"Developer","twitter_card":"summary_large_image","twitter_misc":{"Written by":"Developer","Est. reading time":"9 minutes"},"schema":{"@context":"https:\/\/schema.org","@graph":[{"@type":"Article","@id":"https:\/\/qtmm.org\/qt\/qirimtatar-halqi-meclisinin-reisi-mustafa-cemilevnin-yilbas-televizion-hayirlavi\/#article","isPartOf":{"@id":"https:\/\/qtmm.org\/qt\/qirimtatar-halqi-meclisinin-reisi-mustafa-cemilevnin-yilbas-televizion-hayirlavi\/"},"author":{"name":"Developer","@id":"https:\/\/qtmm.org\/qt\/#\/schema\/person\/de562469f971dec226ac06e60bbf74a7"},"headline":"Q\u0131r\u0131mtatar halq\u0131 Meclisini\u00f1 reisi Mustafa Cemilevni\u00f1 Y\u0131lba\u015f televizion hay\u0131rlav\u0131","datePublished":"2012-01-01T20:14:00+00:00","dateModified":"2022-01-19T20:15:24+00:00","mainEntityOfPage":{"@id":"https:\/\/qtmm.org\/qt\/qirimtatar-halqi-meclisinin-reisi-mustafa-cemilevnin-yilbas-televizion-hayirlavi\/"},"wordCount":1824,"commentCount":0,"publisher":{"@id":"https:\/\/qtmm.org\/qt\/#organization"},"articleSection":["Haberler"],"inLanguage":"qt","potentialAction":[{"@type":"CommentAction","name":"Comment","target":["https:\/\/qtmm.org\/qt\/qirimtatar-halqi-meclisinin-reisi-mustafa-cemilevnin-yilbas-televizion-hayirlavi\/#respond"]}]},{"@type":"WebPage","@id":"https:\/\/qtmm.org\/qt\/qirimtatar-halqi-meclisinin-reisi-mustafa-cemilevnin-yilbas-televizion-hayirlavi\/","url":"https:\/\/qtmm.org\/qt\/qirimtatar-halqi-meclisinin-reisi-mustafa-cemilevnin-yilbas-televizion-hayirlavi\/","name":"Q\u0131r\u0131mtatar halq\u0131 Meclisini\u00f1 reisi Mustafa Cemilevni\u00f1 Y\u0131lba\u015f televizion hay\u0131rlav\u0131 - \u041c\u0435\u0434\u0436\u043b\u0456\u0441","isPartOf":{"@id":"https:\/\/qtmm.org\/qt\/#website"},"datePublished":"2012-01-01T20:14:00+00:00","dateModified":"2022-01-19T20:15:24+00:00","breadcrumb":{"@id":"https:\/\/qtmm.org\/qt\/qirimtatar-halqi-meclisinin-reisi-mustafa-cemilevnin-yilbas-televizion-hayirlavi\/#breadcrumb"},"inLanguage":"qt","potentialAction":[{"@type":"ReadAction","target":["https:\/\/qtmm.org\/qt\/qirimtatar-halqi-meclisinin-reisi-mustafa-cemilevnin-yilbas-televizion-hayirlavi\/"]}]},{"@type":"BreadcrumbList","@id":"https:\/\/qtmm.org\/qt\/qirimtatar-halqi-meclisinin-reisi-mustafa-cemilevnin-yilbas-televizion-hayirlavi\/#breadcrumb","itemListElement":[{"@type":"ListItem","position":1,"name":"\u0413\u043e\u043b\u043e\u0432\u043d\u0430","item":"https:\/\/qtmm.org\/qt\/"},{"@type":"ListItem","position":2,"name":"Q\u0131r\u0131mtatar halq\u0131 Meclisini\u00f1 reisi Mustafa Cemilevni\u00f1 Y\u0131lba\u015f televizion hay\u0131rlav\u0131"}]},{"@type":"WebSite","@id":"https:\/\/qtmm.org\/qt\/#website","url":"https:\/\/qtmm.org\/qt\/","name":"\u041c\u0435\u0434\u0436\u043b\u0456\u0441","description":"","publisher":{"@id":"https:\/\/qtmm.org\/qt\/#organization"},"potentialAction":[{"@type":"SearchAction","target":{"@type":"EntryPoint","urlTemplate":"https:\/\/qtmm.org\/qt\/?s={search_term_string}"},"query-input":{"@type":"PropertyValueSpecification","valueRequired":true,"valueName":"search_term_string"}}],"inLanguage":"qt"},{"@type":"Organization","@id":"https:\/\/qtmm.org\/qt\/#organization","name":"\u041c\u0435\u0434\u0436\u043b\u0456\u0441","url":"https:\/\/qtmm.org\/qt\/","logo":{"@type":"ImageObject","inLanguage":"qt","@id":"https:\/\/qtmm.org\/qt\/#\/schema\/logo\/image\/","url":"https:\/\/qtmm.org\/wp-content\/uploads\/2024\/12\/ua-mejlis-logo-rgb.svg","contentUrl":"https:\/\/qtmm.org\/wp-content\/uploads\/2024\/12\/ua-mejlis-logo-rgb.svg","caption":"\u041c\u0435\u0434\u0436\u043b\u0456\u0441"},"image":{"@id":"https:\/\/qtmm.org\/qt\/#\/schema\/logo\/image\/"},"sameAs":["https:\/\/www.facebook.com\/qtmm.info\/"]},{"@type":"Person","@id":"https:\/\/qtmm.org\/qt\/#\/schema\/person\/de562469f971dec226ac06e60bbf74a7","name":"Developer","image":{"@type":"ImageObject","inLanguage":"qt","@id":"https:\/\/secure.gravatar.com\/avatar\/392b4cc8fbfeb00b39dfeeab4ee6edded39ffd48e25858637e4765810300227e?s=96&d=mm&r=g","url":"https:\/\/secure.gravatar.com\/avatar\/392b4cc8fbfeb00b39dfeeab4ee6edded39ffd48e25858637e4765810300227e?s=96&d=mm&r=g","contentUrl":"https:\/\/secure.gravatar.com\/avatar\/392b4cc8fbfeb00b39dfeeab4ee6edded39ffd48e25858637e4765810300227e?s=96&d=mm&r=g","caption":"Developer"},"url":"https:\/\/qtmm.org\/qt\/author\/Developer\/"}]}},"_links":{"self":[{"href":"https:\/\/qtmm.org\/qt\/wp-json\/wp\/v2\/posts\/28199","targetHints":{"allow":["GET"]}}],"collection":[{"href":"https:\/\/qtmm.org\/qt\/wp-json\/wp\/v2\/posts"}],"about":[{"href":"https:\/\/qtmm.org\/qt\/wp-json\/wp\/v2\/types\/post"}],"author":[{"embeddable":true,"href":"https:\/\/qtmm.org\/qt\/wp-json\/wp\/v2\/users\/1"}],"replies":[{"embeddable":true,"href":"https:\/\/qtmm.org\/qt\/wp-json\/wp\/v2\/comments?post=28199"}],"version-history":[{"count":1,"href":"https:\/\/qtmm.org\/qt\/wp-json\/wp\/v2\/posts\/28199\/revisions"}],"predecessor-version":[{"id":28220,"href":"https:\/\/qtmm.org\/qt\/wp-json\/wp\/v2\/posts\/28199\/revisions\/28220"}],"wp:attachment":[{"href":"https:\/\/qtmm.org\/qt\/wp-json\/wp\/v2\/media?parent=28199"}],"wp:term":[{"taxonomy":"category","embeddable":true,"href":"https:\/\/qtmm.org\/qt\/wp-json\/wp\/v2\/categories?post=28199"},{"taxonomy":"post_tag","embeddable":true,"href":"https:\/\/qtmm.org\/qt\/wp-json\/wp\/v2\/tags?post=28199"}],"curies":[{"name":"wp","href":"https:\/\/api.w.org\/{rel}","templated":true}]}}