




{"id":28191,"date":"2011-12-28T23:12:00","date_gmt":"2011-12-28T20:12:00","guid":{"rendered":"http:\/\/qtmm.org\/?p=28191"},"modified":"2022-01-19T23:13:40","modified_gmt":"2022-01-19T20:13:40","slug":"meclis-reisi-m-cemilev-qirim-bas-naziri-a-mogilevnen-korusti","status":"publish","type":"post","link":"https:\/\/qtmm.org\/qt\/meclis-reisi-m-cemilev-qirim-bas-naziri-a-mogilevnen-korusti\/","title":{"rendered":"Meclis reisi M.Cemilev Q\u0131r\u0131m ba\u015f naziri A.Mogilevnen k\u00f6r\u00fc\u015fti"},"content":{"rendered":"\n<p>2011 senesi dekabr 28 k\u00fcn\u00fc Q\u0131r\u0131mtatar halq\u0131 Meclisini\u00f1 reisi, Ukraina halq deputat\u0131 Mustafa Cemilev ve on\u0131\u00f1 birinci muavini, Q\u0131r\u0131m Yuqar\u0131 \u015euras\u0131n\u0131\u00f1 deputat\u0131 Refat \u00c7ubarov Q\u0131r\u0131m Nazirler \u015euras\u0131n\u0131\u00f1 reisi Anatoliy Mogilevnen k\u00f6r\u00fc\u015ftiler.<\/p>\n\n\n\n<p>Q\u0131r\u0131m Nazirler \u015euras\u0131 reisini\u00f1 i\u015f odas\u0131nda ol\u011fan k\u00f6r\u00fc\u015f\u00fcv devam\u0131nda taraflar \u00e7ezimi devlet reberleri ve Q\u0131r\u0131m icra akimiyeti yolba\u015f\u00e7\u0131lar\u0131n\u0131\u00f1 bivasta diqqat\u0131n\u0131 talap etken meselelerni muzakere ettiler.<\/p>\n\n\n\n<p>K\u00f6r\u00fc\u015f\u00fcv i\u015ftirak\u00e7ileri q\u0131r\u0131mtatarlar toplu ya\u015fa\u011fan qasabalarn\u0131\u00f1 vaziyetinen ba\u011fl\u0131 meseleler \u2013 mektep, tibbiy m\u00fcessise, yol, gaz ve suv olma\u011fan\u0131n\u0131 ayr\u0131ca qayd ettiler.<\/p>\n\n\n\n<p>Bu esnada Q\u0131r\u0131m Nazirler \u015furas\u0131n\u0131\u00f1 reisi Anatoliy Mogilev ve Q\u0131r\u0131mtatar halq\u0131 Meclisini\u00f1 reisi Mustafa Cemilev 2012 senesine Ukraina Devlet ve Q\u0131r\u0131m cumhuriyet b\u00fccetlerinde s\u00fcrg\u00fcnlikten qaytqanlarn\u0131 yerle\u015ftir\u00fcv programmas\u0131na pek az sermiya ay\u0131r\u0131l\u011fan\u0131n\u0131 esapqa al\u011fanlar\u0131 alda 2012 senesine Q\u0131r\u0131m b\u00fccetine ileride qo\u015fumcalar kirsetilgende qaytmaq imk\u00e2nlar\u0131n\u0131 da baqt\u0131lar.<\/p>\n\n\n\n<p>Bun\u0131\u00f1 kibi de k\u00f6r\u00fc\u015f\u00fcv i\u015ftirak\u00e7ileri q\u0131r\u0131mtatarlar toplu ya\u015fa\u011fan qasabalarn\u0131\u00f1 abadanla\u015ft\u0131r\u0131lmas\u0131na, c\u00fcmleden \u00e7oqqatl\u0131 evler, mektep ve mektepkece bala m\u00fcessiselerini\u00f1 quruc\u0131l\u0131\u011f\u0131na t\u0131\u015ftan yat\u0131r\u0131mlarn\u0131 celp et\u00fcv yollar\u0131n\u0131 da muzakere ettiler.<\/p>\n\n\n\n<p>K\u00f6r\u00fc\u015f\u00fcv vaqt\u0131nda Q\u0131r\u0131mda dinlerara munasebetleri, ya\u015flar aras\u0131ndan professional kadrlarn\u0131 az\u0131rlav ve devlet icra organlar\u0131nda q\u0131r\u0131mtatarlarn\u0131\u00f1 vek\u00e2letligini teminlev meselelerine de diqqat ay\u0131r\u0131ld\u0131.<\/p>\n\n\n\n<p>\u00c7ezimini beklegen m\u00fcim meselelerni\u00f1 muzakeresine yek\u00fcn \u00e7ekken Mustafa Cemilev Anatoliy Mogil\u00f6v\u011fa Ukraina Prezidenti ve q\u0131r\u0131mtatar halq\u0131 aras\u0131nda devaml\u0131 i\u015fbirlikni meydan\u011fa ketir\u00fcv boyunca konkret tekliflerini bildirdi.<\/p>\n","protected":false},"excerpt":{"rendered":"<p>2011 senesi dekabr 28 k\u00fcn\u00fc Q\u0131r\u0131mtatar halq\u0131 Meclisini\u00f1 reisi, Ukraina halq deputat\u0131 Mustafa Cemilev ve on\u0131\u00f1 birinci muavini, Q\u0131r\u0131m Yuqar\u0131 \u015euras\u0131n\u0131\u00f1 deputat\u0131 Refat \u00c7ubarov Q\u0131r\u0131m Nazirler \u015euras\u0131n\u0131\u00f1 reisi Anatoliy Mogilevnen k\u00f6r\u00fc\u015ftiler. Q\u0131r\u0131m Nazirler \u015euras\u0131 reisini\u00f1 i\u015f odas\u0131nda ol\u011fan k\u00f6r\u00fc\u015f\u00fcv devam\u0131nda taraflar \u00e7ezimi devlet reberleri ve Q\u0131r\u0131m icra akimiyeti yolba\u015f\u00e7\u0131lar\u0131n\u0131\u00f1 bivasta diqqat\u0131n\u0131 talap etken meselelerni muzakere [&hellip;]<\/p>\n","protected":false},"author":1,"featured_media":0,"comment_status":"open","ping_status":"open","sticky":false,"template":"","format":"standard","meta":{"inline_featured_image":false,"footnotes":""},"categories":[265],"tags":[],"class_list":["post-28191","post","type-post","status-publish","format-standard","hentry","category-haberler"],"acf":[],"yoast_head":"<!-- This site is optimized with the Yoast SEO plugin v27.4 - https:\/\/yoast.com\/product\/yoast-seo-wordpress\/ -->\n<title>Meclis reisi M.Cemilev Q\u0131r\u0131m ba\u015f naziri A.Mogilevnen k\u00f6r\u00fc\u015fti - \u041c\u0435\u0434\u0436\u043b\u0456\u0441<\/title>\n<meta name=\"robots\" content=\"index, follow, max-snippet:-1, max-image-preview:large, max-video-preview:-1\" \/>\n<link rel=\"canonical\" href=\"https:\/\/qtmm.org\/qt\/meclis-reisi-m-cemilev-qirim-bas-naziri-a-mogilevnen-korusti\/\" \/>\n<meta property=\"og:locale\" content=\"en_US\" \/>\n<meta property=\"og:type\" content=\"article\" \/>\n<meta property=\"og:title\" content=\"Meclis reisi M.Cemilev Q\u0131r\u0131m ba\u015f naziri A.Mogilevnen k\u00f6r\u00fc\u015fti - \u041c\u0435\u0434\u0436\u043b\u0456\u0441\" \/>\n<meta property=\"og:description\" content=\"2011 senesi dekabr 28 k\u00fcn\u00fc Q\u0131r\u0131mtatar halq\u0131 Meclisini\u00f1 reisi, Ukraina halq deputat\u0131 Mustafa Cemilev ve on\u0131\u00f1 birinci muavini, Q\u0131r\u0131m Yuqar\u0131 \u015euras\u0131n\u0131\u00f1 deputat\u0131 Refat \u00c7ubarov Q\u0131r\u0131m Nazirler \u015euras\u0131n\u0131\u00f1 reisi Anatoliy Mogilevnen k\u00f6r\u00fc\u015ftiler. Q\u0131r\u0131m Nazirler \u015euras\u0131 reisini\u00f1 i\u015f odas\u0131nda ol\u011fan k\u00f6r\u00fc\u015f\u00fcv devam\u0131nda taraflar \u00e7ezimi devlet reberleri ve Q\u0131r\u0131m icra akimiyeti yolba\u015f\u00e7\u0131lar\u0131n\u0131\u00f1 bivasta diqqat\u0131n\u0131 talap etken meselelerni muzakere [&hellip;]\" \/>\n<meta property=\"og:url\" content=\"https:\/\/qtmm.org\/qt\/meclis-reisi-m-cemilev-qirim-bas-naziri-a-mogilevnen-korusti\/\" \/>\n<meta property=\"og:site_name\" content=\"\u041c\u0435\u0434\u0436\u043b\u0456\u0441\" \/>\n<meta property=\"article:publisher\" content=\"https:\/\/www.facebook.com\/qtmm.info\/\" \/>\n<meta property=\"article:published_time\" content=\"2011-12-28T20:12:00+00:00\" \/>\n<meta property=\"article:modified_time\" content=\"2022-01-19T20:13:40+00:00\" \/>\n<meta name=\"author\" content=\"Developer\" \/>\n<meta name=\"twitter:card\" content=\"summary_large_image\" \/>\n<meta name=\"twitter:label1\" content=\"Written by\" \/>\n\t<meta name=\"twitter:data1\" content=\"Developer\" \/>\n\t<meta name=\"twitter:label2\" content=\"Est. reading time\" \/>\n\t<meta name=\"twitter:data2\" content=\"1 minute\" \/>\n<script type=\"application\/ld+json\" class=\"yoast-schema-graph\">{\"@context\":\"https:\\\/\\\/schema.org\",\"@graph\":[{\"@type\":\"Article\",\"@id\":\"https:\\\/\\\/qtmm.org\\\/qt\\\/meclis-reisi-m-cemilev-qirim-bas-naziri-a-mogilevnen-korusti\\\/#article\",\"isPartOf\":{\"@id\":\"https:\\\/\\\/qtmm.org\\\/qt\\\/meclis-reisi-m-cemilev-qirim-bas-naziri-a-mogilevnen-korusti\\\/\"},\"author\":{\"name\":\"Developer\",\"@id\":\"https:\\\/\\\/qtmm.org\\\/qt\\\/#\\\/schema\\\/person\\\/de562469f971dec226ac06e60bbf74a7\"},\"headline\":\"Meclis reisi M.Cemilev Q\u0131r\u0131m ba\u015f naziri A.Mogilevnen k\u00f6r\u00fc\u015fti\",\"datePublished\":\"2011-12-28T20:12:00+00:00\",\"dateModified\":\"2022-01-19T20:13:40+00:00\",\"mainEntityOfPage\":{\"@id\":\"https:\\\/\\\/qtmm.org\\\/qt\\\/meclis-reisi-m-cemilev-qirim-bas-naziri-a-mogilevnen-korusti\\\/\"},\"wordCount\":310,\"commentCount\":0,\"publisher\":{\"@id\":\"https:\\\/\\\/qtmm.org\\\/qt\\\/#organization\"},\"articleSection\":[\"Haberler\"],\"inLanguage\":\"qt\",\"potentialAction\":[{\"@type\":\"CommentAction\",\"name\":\"Comment\",\"target\":[\"https:\\\/\\\/qtmm.org\\\/qt\\\/meclis-reisi-m-cemilev-qirim-bas-naziri-a-mogilevnen-korusti\\\/#respond\"]}]},{\"@type\":\"WebPage\",\"@id\":\"https:\\\/\\\/qtmm.org\\\/qt\\\/meclis-reisi-m-cemilev-qirim-bas-naziri-a-mogilevnen-korusti\\\/\",\"url\":\"https:\\\/\\\/qtmm.org\\\/qt\\\/meclis-reisi-m-cemilev-qirim-bas-naziri-a-mogilevnen-korusti\\\/\",\"name\":\"Meclis reisi M.Cemilev Q\u0131r\u0131m ba\u015f naziri A.Mogilevnen k\u00f6r\u00fc\u015fti - \u041c\u0435\u0434\u0436\u043b\u0456\u0441\",\"isPartOf\":{\"@id\":\"https:\\\/\\\/qtmm.org\\\/qt\\\/#website\"},\"datePublished\":\"2011-12-28T20:12:00+00:00\",\"dateModified\":\"2022-01-19T20:13:40+00:00\",\"breadcrumb\":{\"@id\":\"https:\\\/\\\/qtmm.org\\\/qt\\\/meclis-reisi-m-cemilev-qirim-bas-naziri-a-mogilevnen-korusti\\\/#breadcrumb\"},\"inLanguage\":\"qt\",\"potentialAction\":[{\"@type\":\"ReadAction\",\"target\":[\"https:\\\/\\\/qtmm.org\\\/qt\\\/meclis-reisi-m-cemilev-qirim-bas-naziri-a-mogilevnen-korusti\\\/\"]}]},{\"@type\":\"BreadcrumbList\",\"@id\":\"https:\\\/\\\/qtmm.org\\\/qt\\\/meclis-reisi-m-cemilev-qirim-bas-naziri-a-mogilevnen-korusti\\\/#breadcrumb\",\"itemListElement\":[{\"@type\":\"ListItem\",\"position\":1,\"name\":\"\u0413\u043e\u043b\u043e\u0432\u043d\u0430\",\"item\":\"https:\\\/\\\/qtmm.org\\\/qt\\\/\"},{\"@type\":\"ListItem\",\"position\":2,\"name\":\"Meclis reisi M.Cemilev Q\u0131r\u0131m ba\u015f naziri A.Mogilevnen k\u00f6r\u00fc\u015fti\"}]},{\"@type\":\"WebSite\",\"@id\":\"https:\\\/\\\/qtmm.org\\\/qt\\\/#website\",\"url\":\"https:\\\/\\\/qtmm.org\\\/qt\\\/\",\"name\":\"\u041c\u0435\u0434\u0436\u043b\u0456\u0441\",\"description\":\"\",\"publisher\":{\"@id\":\"https:\\\/\\\/qtmm.org\\\/qt\\\/#organization\"},\"potentialAction\":[{\"@type\":\"SearchAction\",\"target\":{\"@type\":\"EntryPoint\",\"urlTemplate\":\"https:\\\/\\\/qtmm.org\\\/qt\\\/?s={search_term_string}\"},\"query-input\":{\"@type\":\"PropertyValueSpecification\",\"valueRequired\":true,\"valueName\":\"search_term_string\"}}],\"inLanguage\":\"qt\"},{\"@type\":\"Organization\",\"@id\":\"https:\\\/\\\/qtmm.org\\\/qt\\\/#organization\",\"name\":\"\u041c\u0435\u0434\u0436\u043b\u0456\u0441\",\"url\":\"https:\\\/\\\/qtmm.org\\\/qt\\\/\",\"logo\":{\"@type\":\"ImageObject\",\"inLanguage\":\"qt\",\"@id\":\"https:\\\/\\\/qtmm.org\\\/qt\\\/#\\\/schema\\\/logo\\\/image\\\/\",\"url\":\"https:\\\/\\\/qtmm.org\\\/wp-content\\\/uploads\\\/2024\\\/12\\\/ua-mejlis-logo-rgb.svg\",\"contentUrl\":\"https:\\\/\\\/qtmm.org\\\/wp-content\\\/uploads\\\/2024\\\/12\\\/ua-mejlis-logo-rgb.svg\",\"caption\":\"\u041c\u0435\u0434\u0436\u043b\u0456\u0441\"},\"image\":{\"@id\":\"https:\\\/\\\/qtmm.org\\\/qt\\\/#\\\/schema\\\/logo\\\/image\\\/\"},\"sameAs\":[\"https:\\\/\\\/www.facebook.com\\\/qtmm.info\\\/\"]},{\"@type\":\"Person\",\"@id\":\"https:\\\/\\\/qtmm.org\\\/qt\\\/#\\\/schema\\\/person\\\/de562469f971dec226ac06e60bbf74a7\",\"name\":\"Developer\",\"image\":{\"@type\":\"ImageObject\",\"inLanguage\":\"qt\",\"@id\":\"https:\\\/\\\/secure.gravatar.com\\\/avatar\\\/392b4cc8fbfeb00b39dfeeab4ee6edded39ffd48e25858637e4765810300227e?s=96&d=mm&r=g\",\"url\":\"https:\\\/\\\/secure.gravatar.com\\\/avatar\\\/392b4cc8fbfeb00b39dfeeab4ee6edded39ffd48e25858637e4765810300227e?s=96&d=mm&r=g\",\"contentUrl\":\"https:\\\/\\\/secure.gravatar.com\\\/avatar\\\/392b4cc8fbfeb00b39dfeeab4ee6edded39ffd48e25858637e4765810300227e?s=96&d=mm&r=g\",\"caption\":\"Developer\"},\"url\":\"https:\\\/\\\/qtmm.org\\\/qt\\\/author\\\/Developer\\\/\"}]}<\/script>\n<!-- \/ Yoast SEO plugin. -->","yoast_head_json":{"title":"Meclis reisi M.Cemilev Q\u0131r\u0131m ba\u015f naziri A.Mogilevnen k\u00f6r\u00fc\u015fti - \u041c\u0435\u0434\u0436\u043b\u0456\u0441","robots":{"index":"index","follow":"follow","max-snippet":"max-snippet:-1","max-image-preview":"max-image-preview:large","max-video-preview":"max-video-preview:-1"},"canonical":"https:\/\/qtmm.org\/qt\/meclis-reisi-m-cemilev-qirim-bas-naziri-a-mogilevnen-korusti\/","og_locale":"en_US","og_type":"article","og_title":"Meclis reisi M.Cemilev Q\u0131r\u0131m ba\u015f naziri A.Mogilevnen k\u00f6r\u00fc\u015fti - \u041c\u0435\u0434\u0436\u043b\u0456\u0441","og_description":"2011 senesi dekabr 28 k\u00fcn\u00fc Q\u0131r\u0131mtatar halq\u0131 Meclisini\u00f1 reisi, Ukraina halq deputat\u0131 Mustafa Cemilev ve on\u0131\u00f1 birinci muavini, Q\u0131r\u0131m Yuqar\u0131 \u015euras\u0131n\u0131\u00f1 deputat\u0131 Refat \u00c7ubarov Q\u0131r\u0131m Nazirler \u015euras\u0131n\u0131\u00f1 reisi Anatoliy Mogilevnen k\u00f6r\u00fc\u015ftiler. Q\u0131r\u0131m Nazirler \u015euras\u0131 reisini\u00f1 i\u015f odas\u0131nda ol\u011fan k\u00f6r\u00fc\u015f\u00fcv devam\u0131nda taraflar \u00e7ezimi devlet reberleri ve Q\u0131r\u0131m icra akimiyeti yolba\u015f\u00e7\u0131lar\u0131n\u0131\u00f1 bivasta diqqat\u0131n\u0131 talap etken meselelerni muzakere [&hellip;]","og_url":"https:\/\/qtmm.org\/qt\/meclis-reisi-m-cemilev-qirim-bas-naziri-a-mogilevnen-korusti\/","og_site_name":"\u041c\u0435\u0434\u0436\u043b\u0456\u0441","article_publisher":"https:\/\/www.facebook.com\/qtmm.info\/","article_published_time":"2011-12-28T20:12:00+00:00","article_modified_time":"2022-01-19T20:13:40+00:00","author":"Developer","twitter_card":"summary_large_image","twitter_misc":{"Written by":"Developer","Est. reading time":"1 minute"},"schema":{"@context":"https:\/\/schema.org","@graph":[{"@type":"Article","@id":"https:\/\/qtmm.org\/qt\/meclis-reisi-m-cemilev-qirim-bas-naziri-a-mogilevnen-korusti\/#article","isPartOf":{"@id":"https:\/\/qtmm.org\/qt\/meclis-reisi-m-cemilev-qirim-bas-naziri-a-mogilevnen-korusti\/"},"author":{"name":"Developer","@id":"https:\/\/qtmm.org\/qt\/#\/schema\/person\/de562469f971dec226ac06e60bbf74a7"},"headline":"Meclis reisi M.Cemilev Q\u0131r\u0131m ba\u015f naziri A.Mogilevnen k\u00f6r\u00fc\u015fti","datePublished":"2011-12-28T20:12:00+00:00","dateModified":"2022-01-19T20:13:40+00:00","mainEntityOfPage":{"@id":"https:\/\/qtmm.org\/qt\/meclis-reisi-m-cemilev-qirim-bas-naziri-a-mogilevnen-korusti\/"},"wordCount":310,"commentCount":0,"publisher":{"@id":"https:\/\/qtmm.org\/qt\/#organization"},"articleSection":["Haberler"],"inLanguage":"qt","potentialAction":[{"@type":"CommentAction","name":"Comment","target":["https:\/\/qtmm.org\/qt\/meclis-reisi-m-cemilev-qirim-bas-naziri-a-mogilevnen-korusti\/#respond"]}]},{"@type":"WebPage","@id":"https:\/\/qtmm.org\/qt\/meclis-reisi-m-cemilev-qirim-bas-naziri-a-mogilevnen-korusti\/","url":"https:\/\/qtmm.org\/qt\/meclis-reisi-m-cemilev-qirim-bas-naziri-a-mogilevnen-korusti\/","name":"Meclis reisi M.Cemilev Q\u0131r\u0131m ba\u015f naziri A.Mogilevnen k\u00f6r\u00fc\u015fti - \u041c\u0435\u0434\u0436\u043b\u0456\u0441","isPartOf":{"@id":"https:\/\/qtmm.org\/qt\/#website"},"datePublished":"2011-12-28T20:12:00+00:00","dateModified":"2022-01-19T20:13:40+00:00","breadcrumb":{"@id":"https:\/\/qtmm.org\/qt\/meclis-reisi-m-cemilev-qirim-bas-naziri-a-mogilevnen-korusti\/#breadcrumb"},"inLanguage":"qt","potentialAction":[{"@type":"ReadAction","target":["https:\/\/qtmm.org\/qt\/meclis-reisi-m-cemilev-qirim-bas-naziri-a-mogilevnen-korusti\/"]}]},{"@type":"BreadcrumbList","@id":"https:\/\/qtmm.org\/qt\/meclis-reisi-m-cemilev-qirim-bas-naziri-a-mogilevnen-korusti\/#breadcrumb","itemListElement":[{"@type":"ListItem","position":1,"name":"\u0413\u043e\u043b\u043e\u0432\u043d\u0430","item":"https:\/\/qtmm.org\/qt\/"},{"@type":"ListItem","position":2,"name":"Meclis reisi M.Cemilev Q\u0131r\u0131m ba\u015f naziri A.Mogilevnen k\u00f6r\u00fc\u015fti"}]},{"@type":"WebSite","@id":"https:\/\/qtmm.org\/qt\/#website","url":"https:\/\/qtmm.org\/qt\/","name":"\u041c\u0435\u0434\u0436\u043b\u0456\u0441","description":"","publisher":{"@id":"https:\/\/qtmm.org\/qt\/#organization"},"potentialAction":[{"@type":"SearchAction","target":{"@type":"EntryPoint","urlTemplate":"https:\/\/qtmm.org\/qt\/?s={search_term_string}"},"query-input":{"@type":"PropertyValueSpecification","valueRequired":true,"valueName":"search_term_string"}}],"inLanguage":"qt"},{"@type":"Organization","@id":"https:\/\/qtmm.org\/qt\/#organization","name":"\u041c\u0435\u0434\u0436\u043b\u0456\u0441","url":"https:\/\/qtmm.org\/qt\/","logo":{"@type":"ImageObject","inLanguage":"qt","@id":"https:\/\/qtmm.org\/qt\/#\/schema\/logo\/image\/","url":"https:\/\/qtmm.org\/wp-content\/uploads\/2024\/12\/ua-mejlis-logo-rgb.svg","contentUrl":"https:\/\/qtmm.org\/wp-content\/uploads\/2024\/12\/ua-mejlis-logo-rgb.svg","caption":"\u041c\u0435\u0434\u0436\u043b\u0456\u0441"},"image":{"@id":"https:\/\/qtmm.org\/qt\/#\/schema\/logo\/image\/"},"sameAs":["https:\/\/www.facebook.com\/qtmm.info\/"]},{"@type":"Person","@id":"https:\/\/qtmm.org\/qt\/#\/schema\/person\/de562469f971dec226ac06e60bbf74a7","name":"Developer","image":{"@type":"ImageObject","inLanguage":"qt","@id":"https:\/\/secure.gravatar.com\/avatar\/392b4cc8fbfeb00b39dfeeab4ee6edded39ffd48e25858637e4765810300227e?s=96&d=mm&r=g","url":"https:\/\/secure.gravatar.com\/avatar\/392b4cc8fbfeb00b39dfeeab4ee6edded39ffd48e25858637e4765810300227e?s=96&d=mm&r=g","contentUrl":"https:\/\/secure.gravatar.com\/avatar\/392b4cc8fbfeb00b39dfeeab4ee6edded39ffd48e25858637e4765810300227e?s=96&d=mm&r=g","caption":"Developer"},"url":"https:\/\/qtmm.org\/qt\/author\/Developer\/"}]}},"_links":{"self":[{"href":"https:\/\/qtmm.org\/qt\/wp-json\/wp\/v2\/posts\/28191","targetHints":{"allow":["GET"]}}],"collection":[{"href":"https:\/\/qtmm.org\/qt\/wp-json\/wp\/v2\/posts"}],"about":[{"href":"https:\/\/qtmm.org\/qt\/wp-json\/wp\/v2\/types\/post"}],"author":[{"embeddable":true,"href":"https:\/\/qtmm.org\/qt\/wp-json\/wp\/v2\/users\/1"}],"replies":[{"embeddable":true,"href":"https:\/\/qtmm.org\/qt\/wp-json\/wp\/v2\/comments?post=28191"}],"version-history":[{"count":1,"href":"https:\/\/qtmm.org\/qt\/wp-json\/wp\/v2\/posts\/28191\/revisions"}],"predecessor-version":[{"id":28196,"href":"https:\/\/qtmm.org\/qt\/wp-json\/wp\/v2\/posts\/28191\/revisions\/28196"}],"wp:attachment":[{"href":"https:\/\/qtmm.org\/qt\/wp-json\/wp\/v2\/media?parent=28191"}],"wp:term":[{"taxonomy":"category","embeddable":true,"href":"https:\/\/qtmm.org\/qt\/wp-json\/wp\/v2\/categories?post=28191"},{"taxonomy":"post_tag","embeddable":true,"href":"https:\/\/qtmm.org\/qt\/wp-json\/wp\/v2\/tags?post=28191"}],"curies":[{"name":"wp","href":"https:\/\/api.w.org\/{rel}","templated":true}]}}