




{"id":28189,"date":"2011-12-27T23:11:00","date_gmt":"2011-12-27T20:11:00","guid":{"rendered":"http:\/\/qtmm.org\/?p=28189"},"modified":"2022-01-19T23:12:02","modified_gmt":"2022-01-19T20:12:02","slug":"yevgeniy-sariy-hatirasina","status":"publish","type":"post","link":"https:\/\/qtmm.org\/qt\/yevgeniy-sariy-hatirasina\/","title":{"rendered":"Yevgeniy S\u00e2r\u0131y hat\u0131ras\u0131na"},"content":{"rendered":"\n<p>25 dekabr k\u00fcn\u00fc ukrain vatanperveri, diplomat, do\u011fma Lvov \u015feerinden Yevgeniy S\u00e2r\u0131y apans\u0131zdan 58 ya\u015f\u0131nda vefat etti.<\/p>\n\n\n\n<p>Yevgeniy S\u00e2r\u0131y candan sevdigi Ukrainan\u0131\u00f1 sad\u0131q evl\u00e2d\u0131 olaraq Vatan\u0131na qaytayatqan ve aq-uquqlar\u0131n\u0131\u00f1 \u011fayr\u0131dan tiklenmesi i\u00e7\u00fcn k\u00fcre\u015fken q\u0131r\u0131mtatar halq\u0131n\u0131\u00f1 areketini \u00fcrmet ete ve a\u00f1lay edi<\/p>\n\n\n\n<p>Yevgeniy S\u00e2r\u0131y 2000-2004 senelerde Ukrainan\u0131\u00f1 \u00d6zbekistan cumhuriyetinde El\u00e7ihanesinde konsull\u0131q b\u00f6l\u00fcgine reberlik yap\u0131p, Ukraina ve \u00d6zbekistan aras\u0131nda q\u0131r\u0131mtatarlarn\u0131\u00f1 Ukraina grajdanl\u0131\u011f\u0131n\u0131 almaq meselesini yengille\u015ftirgen bir s\u0131ra halqara vesiqalarn\u0131\u00f1 az\u0131rlanmas\u0131 ve qabul etilmesinde b\u00fcy\u00fck rol oynad\u0131.<\/p>\n\n\n\n<p>Q\u0131r\u0131mtatar halq\u0131n\u0131\u00f1 Meclisi Yevgeniy S\u00e2r\u0131yn\u0131\u00f1 yaq\u0131nlar\u0131, soy-aqrabalar\u0131 ve dost-e\u015flerine teren taziyesini bildire.<\/p>\n\n\n\n<p class=\"has-text-align-right\"><em><strong>Q\u0131r\u0131mtatar halq\u0131 Meclisini\u00f1 reisi, Ukraina halq deputat\u0131<\/strong><\/em><\/p>\n\n\n\n<p class=\"has-text-align-right\"><em><strong>Mustafa Cemilev<\/strong><\/em><\/p>\n\n\n\n<p class=\"has-text-align-right\"><em><strong>2011 senesi dekabr 27<\/strong><\/em><\/p>\n\n\n\n<p class=\"has-text-align-right\"><em><strong>Akmescit \u015f.<\/strong><\/em><\/p>\n","protected":false},"excerpt":{"rendered":"<p>25 dekabr k\u00fcn\u00fc ukrain vatanperveri, diplomat, do\u011fma Lvov \u015feerinden Yevgeniy S\u00e2r\u0131y apans\u0131zdan 58 ya\u015f\u0131nda vefat etti. Yevgeniy S\u00e2r\u0131y candan sevdigi Ukrainan\u0131\u00f1 sad\u0131q evl\u00e2d\u0131 olaraq Vatan\u0131na qaytayatqan ve aq-uquqlar\u0131n\u0131\u00f1 \u011fayr\u0131dan tiklenmesi i\u00e7\u00fcn k\u00fcre\u015fken q\u0131r\u0131mtatar halq\u0131n\u0131\u00f1 areketini \u00fcrmet ete ve a\u00f1lay edi Yevgeniy S\u00e2r\u0131y 2000-2004 senelerde Ukrainan\u0131\u00f1 \u00d6zbekistan cumhuriyetinde El\u00e7ihanesinde konsull\u0131q b\u00f6l\u00fcgine reberlik yap\u0131p, Ukraina ve \u00d6zbekistan [&hellip;]<\/p>\n","protected":false},"author":1,"featured_media":0,"comment_status":"open","ping_status":"open","sticky":false,"template":"","format":"standard","meta":{"inline_featured_image":false,"footnotes":""},"categories":[265],"tags":[],"class_list":["post-28189","post","type-post","status-publish","format-standard","hentry","category-haberler"],"acf":[],"yoast_head":"<!-- This site is optimized with the Yoast SEO plugin v27.4 - https:\/\/yoast.com\/product\/yoast-seo-wordpress\/ -->\n<title>Yevgeniy S\u00e2r\u0131y hat\u0131ras\u0131na - \u041c\u0435\u0434\u0436\u043b\u0456\u0441<\/title>\n<meta name=\"robots\" content=\"index, follow, max-snippet:-1, max-image-preview:large, max-video-preview:-1\" \/>\n<link rel=\"canonical\" href=\"https:\/\/qtmm.org\/qt\/yevgeniy-sariy-hatirasina\/\" \/>\n<meta property=\"og:locale\" content=\"en_US\" \/>\n<meta property=\"og:type\" content=\"article\" \/>\n<meta property=\"og:title\" content=\"Yevgeniy S\u00e2r\u0131y hat\u0131ras\u0131na - \u041c\u0435\u0434\u0436\u043b\u0456\u0441\" \/>\n<meta property=\"og:description\" content=\"25 dekabr k\u00fcn\u00fc ukrain vatanperveri, diplomat, do\u011fma Lvov \u015feerinden Yevgeniy S\u00e2r\u0131y apans\u0131zdan 58 ya\u015f\u0131nda vefat etti. Yevgeniy S\u00e2r\u0131y candan sevdigi Ukrainan\u0131\u00f1 sad\u0131q evl\u00e2d\u0131 olaraq Vatan\u0131na qaytayatqan ve aq-uquqlar\u0131n\u0131\u00f1 \u011fayr\u0131dan tiklenmesi i\u00e7\u00fcn k\u00fcre\u015fken q\u0131r\u0131mtatar halq\u0131n\u0131\u00f1 areketini \u00fcrmet ete ve a\u00f1lay edi Yevgeniy S\u00e2r\u0131y 2000-2004 senelerde Ukrainan\u0131\u00f1 \u00d6zbekistan cumhuriyetinde El\u00e7ihanesinde konsull\u0131q b\u00f6l\u00fcgine reberlik yap\u0131p, Ukraina ve \u00d6zbekistan [&hellip;]\" \/>\n<meta property=\"og:url\" content=\"https:\/\/qtmm.org\/qt\/yevgeniy-sariy-hatirasina\/\" \/>\n<meta property=\"og:site_name\" content=\"\u041c\u0435\u0434\u0436\u043b\u0456\u0441\" \/>\n<meta property=\"article:publisher\" content=\"https:\/\/www.facebook.com\/qtmm.info\/\" \/>\n<meta property=\"article:published_time\" content=\"2011-12-27T20:11:00+00:00\" \/>\n<meta property=\"article:modified_time\" content=\"2022-01-19T20:12:02+00:00\" \/>\n<meta name=\"author\" content=\"Developer\" \/>\n<meta name=\"twitter:card\" content=\"summary_large_image\" \/>\n<meta name=\"twitter:label1\" content=\"Written by\" \/>\n\t<meta name=\"twitter:data1\" content=\"Developer\" \/>\n\t<meta name=\"twitter:label2\" content=\"Est. reading time\" \/>\n\t<meta name=\"twitter:data2\" content=\"1 minute\" \/>\n<script type=\"application\/ld+json\" class=\"yoast-schema-graph\">{\"@context\":\"https:\\\/\\\/schema.org\",\"@graph\":[{\"@type\":\"Article\",\"@id\":\"https:\\\/\\\/qtmm.org\\\/qt\\\/yevgeniy-sariy-hatirasina\\\/#article\",\"isPartOf\":{\"@id\":\"https:\\\/\\\/qtmm.org\\\/qt\\\/yevgeniy-sariy-hatirasina\\\/\"},\"author\":{\"name\":\"Developer\",\"@id\":\"https:\\\/\\\/qtmm.org\\\/qt\\\/#\\\/schema\\\/person\\\/de562469f971dec226ac06e60bbf74a7\"},\"headline\":\"Yevgeniy S\u00e2r\u0131y hat\u0131ras\u0131na\",\"datePublished\":\"2011-12-27T20:11:00+00:00\",\"dateModified\":\"2022-01-19T20:12:02+00:00\",\"mainEntityOfPage\":{\"@id\":\"https:\\\/\\\/qtmm.org\\\/qt\\\/yevgeniy-sariy-hatirasina\\\/\"},\"wordCount\":147,\"commentCount\":0,\"publisher\":{\"@id\":\"https:\\\/\\\/qtmm.org\\\/qt\\\/#organization\"},\"articleSection\":[\"Haberler\"],\"inLanguage\":\"qt\",\"potentialAction\":[{\"@type\":\"CommentAction\",\"name\":\"Comment\",\"target\":[\"https:\\\/\\\/qtmm.org\\\/qt\\\/yevgeniy-sariy-hatirasina\\\/#respond\"]}]},{\"@type\":\"WebPage\",\"@id\":\"https:\\\/\\\/qtmm.org\\\/qt\\\/yevgeniy-sariy-hatirasina\\\/\",\"url\":\"https:\\\/\\\/qtmm.org\\\/qt\\\/yevgeniy-sariy-hatirasina\\\/\",\"name\":\"Yevgeniy S\u00e2r\u0131y hat\u0131ras\u0131na - \u041c\u0435\u0434\u0436\u043b\u0456\u0441\",\"isPartOf\":{\"@id\":\"https:\\\/\\\/qtmm.org\\\/qt\\\/#website\"},\"datePublished\":\"2011-12-27T20:11:00+00:00\",\"dateModified\":\"2022-01-19T20:12:02+00:00\",\"breadcrumb\":{\"@id\":\"https:\\\/\\\/qtmm.org\\\/qt\\\/yevgeniy-sariy-hatirasina\\\/#breadcrumb\"},\"inLanguage\":\"qt\",\"potentialAction\":[{\"@type\":\"ReadAction\",\"target\":[\"https:\\\/\\\/qtmm.org\\\/qt\\\/yevgeniy-sariy-hatirasina\\\/\"]}]},{\"@type\":\"BreadcrumbList\",\"@id\":\"https:\\\/\\\/qtmm.org\\\/qt\\\/yevgeniy-sariy-hatirasina\\\/#breadcrumb\",\"itemListElement\":[{\"@type\":\"ListItem\",\"position\":1,\"name\":\"\u0413\u043e\u043b\u043e\u0432\u043d\u0430\",\"item\":\"https:\\\/\\\/qtmm.org\\\/qt\\\/\"},{\"@type\":\"ListItem\",\"position\":2,\"name\":\"Yevgeniy S\u00e2r\u0131y hat\u0131ras\u0131na\"}]},{\"@type\":\"WebSite\",\"@id\":\"https:\\\/\\\/qtmm.org\\\/qt\\\/#website\",\"url\":\"https:\\\/\\\/qtmm.org\\\/qt\\\/\",\"name\":\"\u041c\u0435\u0434\u0436\u043b\u0456\u0441\",\"description\":\"\",\"publisher\":{\"@id\":\"https:\\\/\\\/qtmm.org\\\/qt\\\/#organization\"},\"potentialAction\":[{\"@type\":\"SearchAction\",\"target\":{\"@type\":\"EntryPoint\",\"urlTemplate\":\"https:\\\/\\\/qtmm.org\\\/qt\\\/?s={search_term_string}\"},\"query-input\":{\"@type\":\"PropertyValueSpecification\",\"valueRequired\":true,\"valueName\":\"search_term_string\"}}],\"inLanguage\":\"qt\"},{\"@type\":\"Organization\",\"@id\":\"https:\\\/\\\/qtmm.org\\\/qt\\\/#organization\",\"name\":\"\u041c\u0435\u0434\u0436\u043b\u0456\u0441\",\"url\":\"https:\\\/\\\/qtmm.org\\\/qt\\\/\",\"logo\":{\"@type\":\"ImageObject\",\"inLanguage\":\"qt\",\"@id\":\"https:\\\/\\\/qtmm.org\\\/qt\\\/#\\\/schema\\\/logo\\\/image\\\/\",\"url\":\"https:\\\/\\\/qtmm.org\\\/wp-content\\\/uploads\\\/2024\\\/12\\\/ua-mejlis-logo-rgb.svg\",\"contentUrl\":\"https:\\\/\\\/qtmm.org\\\/wp-content\\\/uploads\\\/2024\\\/12\\\/ua-mejlis-logo-rgb.svg\",\"caption\":\"\u041c\u0435\u0434\u0436\u043b\u0456\u0441\"},\"image\":{\"@id\":\"https:\\\/\\\/qtmm.org\\\/qt\\\/#\\\/schema\\\/logo\\\/image\\\/\"},\"sameAs\":[\"https:\\\/\\\/www.facebook.com\\\/qtmm.info\\\/\"]},{\"@type\":\"Person\",\"@id\":\"https:\\\/\\\/qtmm.org\\\/qt\\\/#\\\/schema\\\/person\\\/de562469f971dec226ac06e60bbf74a7\",\"name\":\"Developer\",\"image\":{\"@type\":\"ImageObject\",\"inLanguage\":\"qt\",\"@id\":\"https:\\\/\\\/secure.gravatar.com\\\/avatar\\\/392b4cc8fbfeb00b39dfeeab4ee6edded39ffd48e25858637e4765810300227e?s=96&d=mm&r=g\",\"url\":\"https:\\\/\\\/secure.gravatar.com\\\/avatar\\\/392b4cc8fbfeb00b39dfeeab4ee6edded39ffd48e25858637e4765810300227e?s=96&d=mm&r=g\",\"contentUrl\":\"https:\\\/\\\/secure.gravatar.com\\\/avatar\\\/392b4cc8fbfeb00b39dfeeab4ee6edded39ffd48e25858637e4765810300227e?s=96&d=mm&r=g\",\"caption\":\"Developer\"},\"url\":\"https:\\\/\\\/qtmm.org\\\/qt\\\/author\\\/Developer\\\/\"}]}<\/script>\n<!-- \/ Yoast SEO plugin. -->","yoast_head_json":{"title":"Yevgeniy S\u00e2r\u0131y hat\u0131ras\u0131na - \u041c\u0435\u0434\u0436\u043b\u0456\u0441","robots":{"index":"index","follow":"follow","max-snippet":"max-snippet:-1","max-image-preview":"max-image-preview:large","max-video-preview":"max-video-preview:-1"},"canonical":"https:\/\/qtmm.org\/qt\/yevgeniy-sariy-hatirasina\/","og_locale":"en_US","og_type":"article","og_title":"Yevgeniy S\u00e2r\u0131y hat\u0131ras\u0131na - \u041c\u0435\u0434\u0436\u043b\u0456\u0441","og_description":"25 dekabr k\u00fcn\u00fc ukrain vatanperveri, diplomat, do\u011fma Lvov \u015feerinden Yevgeniy S\u00e2r\u0131y apans\u0131zdan 58 ya\u015f\u0131nda vefat etti. Yevgeniy S\u00e2r\u0131y candan sevdigi Ukrainan\u0131\u00f1 sad\u0131q evl\u00e2d\u0131 olaraq Vatan\u0131na qaytayatqan ve aq-uquqlar\u0131n\u0131\u00f1 \u011fayr\u0131dan tiklenmesi i\u00e7\u00fcn k\u00fcre\u015fken q\u0131r\u0131mtatar halq\u0131n\u0131\u00f1 areketini \u00fcrmet ete ve a\u00f1lay edi Yevgeniy S\u00e2r\u0131y 2000-2004 senelerde Ukrainan\u0131\u00f1 \u00d6zbekistan cumhuriyetinde El\u00e7ihanesinde konsull\u0131q b\u00f6l\u00fcgine reberlik yap\u0131p, Ukraina ve \u00d6zbekistan [&hellip;]","og_url":"https:\/\/qtmm.org\/qt\/yevgeniy-sariy-hatirasina\/","og_site_name":"\u041c\u0435\u0434\u0436\u043b\u0456\u0441","article_publisher":"https:\/\/www.facebook.com\/qtmm.info\/","article_published_time":"2011-12-27T20:11:00+00:00","article_modified_time":"2022-01-19T20:12:02+00:00","author":"Developer","twitter_card":"summary_large_image","twitter_misc":{"Written by":"Developer","Est. reading time":"1 minute"},"schema":{"@context":"https:\/\/schema.org","@graph":[{"@type":"Article","@id":"https:\/\/qtmm.org\/qt\/yevgeniy-sariy-hatirasina\/#article","isPartOf":{"@id":"https:\/\/qtmm.org\/qt\/yevgeniy-sariy-hatirasina\/"},"author":{"name":"Developer","@id":"https:\/\/qtmm.org\/qt\/#\/schema\/person\/de562469f971dec226ac06e60bbf74a7"},"headline":"Yevgeniy S\u00e2r\u0131y hat\u0131ras\u0131na","datePublished":"2011-12-27T20:11:00+00:00","dateModified":"2022-01-19T20:12:02+00:00","mainEntityOfPage":{"@id":"https:\/\/qtmm.org\/qt\/yevgeniy-sariy-hatirasina\/"},"wordCount":147,"commentCount":0,"publisher":{"@id":"https:\/\/qtmm.org\/qt\/#organization"},"articleSection":["Haberler"],"inLanguage":"qt","potentialAction":[{"@type":"CommentAction","name":"Comment","target":["https:\/\/qtmm.org\/qt\/yevgeniy-sariy-hatirasina\/#respond"]}]},{"@type":"WebPage","@id":"https:\/\/qtmm.org\/qt\/yevgeniy-sariy-hatirasina\/","url":"https:\/\/qtmm.org\/qt\/yevgeniy-sariy-hatirasina\/","name":"Yevgeniy S\u00e2r\u0131y hat\u0131ras\u0131na - \u041c\u0435\u0434\u0436\u043b\u0456\u0441","isPartOf":{"@id":"https:\/\/qtmm.org\/qt\/#website"},"datePublished":"2011-12-27T20:11:00+00:00","dateModified":"2022-01-19T20:12:02+00:00","breadcrumb":{"@id":"https:\/\/qtmm.org\/qt\/yevgeniy-sariy-hatirasina\/#breadcrumb"},"inLanguage":"qt","potentialAction":[{"@type":"ReadAction","target":["https:\/\/qtmm.org\/qt\/yevgeniy-sariy-hatirasina\/"]}]},{"@type":"BreadcrumbList","@id":"https:\/\/qtmm.org\/qt\/yevgeniy-sariy-hatirasina\/#breadcrumb","itemListElement":[{"@type":"ListItem","position":1,"name":"\u0413\u043e\u043b\u043e\u0432\u043d\u0430","item":"https:\/\/qtmm.org\/qt\/"},{"@type":"ListItem","position":2,"name":"Yevgeniy S\u00e2r\u0131y hat\u0131ras\u0131na"}]},{"@type":"WebSite","@id":"https:\/\/qtmm.org\/qt\/#website","url":"https:\/\/qtmm.org\/qt\/","name":"\u041c\u0435\u0434\u0436\u043b\u0456\u0441","description":"","publisher":{"@id":"https:\/\/qtmm.org\/qt\/#organization"},"potentialAction":[{"@type":"SearchAction","target":{"@type":"EntryPoint","urlTemplate":"https:\/\/qtmm.org\/qt\/?s={search_term_string}"},"query-input":{"@type":"PropertyValueSpecification","valueRequired":true,"valueName":"search_term_string"}}],"inLanguage":"qt"},{"@type":"Organization","@id":"https:\/\/qtmm.org\/qt\/#organization","name":"\u041c\u0435\u0434\u0436\u043b\u0456\u0441","url":"https:\/\/qtmm.org\/qt\/","logo":{"@type":"ImageObject","inLanguage":"qt","@id":"https:\/\/qtmm.org\/qt\/#\/schema\/logo\/image\/","url":"https:\/\/qtmm.org\/wp-content\/uploads\/2024\/12\/ua-mejlis-logo-rgb.svg","contentUrl":"https:\/\/qtmm.org\/wp-content\/uploads\/2024\/12\/ua-mejlis-logo-rgb.svg","caption":"\u041c\u0435\u0434\u0436\u043b\u0456\u0441"},"image":{"@id":"https:\/\/qtmm.org\/qt\/#\/schema\/logo\/image\/"},"sameAs":["https:\/\/www.facebook.com\/qtmm.info\/"]},{"@type":"Person","@id":"https:\/\/qtmm.org\/qt\/#\/schema\/person\/de562469f971dec226ac06e60bbf74a7","name":"Developer","image":{"@type":"ImageObject","inLanguage":"qt","@id":"https:\/\/secure.gravatar.com\/avatar\/392b4cc8fbfeb00b39dfeeab4ee6edded39ffd48e25858637e4765810300227e?s=96&d=mm&r=g","url":"https:\/\/secure.gravatar.com\/avatar\/392b4cc8fbfeb00b39dfeeab4ee6edded39ffd48e25858637e4765810300227e?s=96&d=mm&r=g","contentUrl":"https:\/\/secure.gravatar.com\/avatar\/392b4cc8fbfeb00b39dfeeab4ee6edded39ffd48e25858637e4765810300227e?s=96&d=mm&r=g","caption":"Developer"},"url":"https:\/\/qtmm.org\/qt\/author\/Developer\/"}]}},"_links":{"self":[{"href":"https:\/\/qtmm.org\/qt\/wp-json\/wp\/v2\/posts\/28189","targetHints":{"allow":["GET"]}}],"collection":[{"href":"https:\/\/qtmm.org\/qt\/wp-json\/wp\/v2\/posts"}],"about":[{"href":"https:\/\/qtmm.org\/qt\/wp-json\/wp\/v2\/types\/post"}],"author":[{"embeddable":true,"href":"https:\/\/qtmm.org\/qt\/wp-json\/wp\/v2\/users\/1"}],"replies":[{"embeddable":true,"href":"https:\/\/qtmm.org\/qt\/wp-json\/wp\/v2\/comments?post=28189"}],"version-history":[{"count":1,"href":"https:\/\/qtmm.org\/qt\/wp-json\/wp\/v2\/posts\/28189\/revisions"}],"predecessor-version":[{"id":28190,"href":"https:\/\/qtmm.org\/qt\/wp-json\/wp\/v2\/posts\/28189\/revisions\/28190"}],"wp:attachment":[{"href":"https:\/\/qtmm.org\/qt\/wp-json\/wp\/v2\/media?parent=28189"}],"wp:term":[{"taxonomy":"category","embeddable":true,"href":"https:\/\/qtmm.org\/qt\/wp-json\/wp\/v2\/categories?post=28189"},{"taxonomy":"post_tag","embeddable":true,"href":"https:\/\/qtmm.org\/qt\/wp-json\/wp\/v2\/tags?post=28189"}],"curies":[{"name":"wp","href":"https:\/\/api.w.org\/{rel}","templated":true}]}}