




{"id":28186,"date":"2011-12-23T23:10:00","date_gmt":"2011-12-23T20:10:00","guid":{"rendered":"http:\/\/qtmm.org\/?p=28186"},"modified":"2022-01-19T23:11:02","modified_gmt":"2022-01-19T20:11:02","slug":"meclis-reisinin-turkiye-cumhuriyetine-ziyareti","status":"publish","type":"post","link":"https:\/\/qtmm.org\/qt\/meclis-reisinin-turkiye-cumhuriyetine-ziyareti\/","title":{"rendered":"Meclis reisini\u00f1 T\u00fcrkiye Cumhuriyetine ziyareti"},"content":{"rendered":"\n<p>2011 senesi dekabr 22-de Ukraina Prezidenti Viktor Yanukovi\u00e7 bir k\u00fcnl\u00fck resmiy ziyaretnen T\u00fcrkiyede bulund\u0131. Prezidentnen beraber Ukraina T\u0131\u015fq\u0131 i\u015fler naziri K.Gri\u015f\u00e7enko, bir qa\u00e7 saa nazirleri, bun\u0131\u00f1 kibi de Q\u0131r\u0131m ba\u015f naziri A.Mogilev ve Q\u0131r\u0131mtatar halq\u0131 Meclisini\u00f1 reisi M.Cemilev de old\u0131lar.<\/p>\n\n\n\n<p>Ziyaret devam\u0131nda T\u00fcrkiye Cumhuriyetini\u00f1 Prezidenti Abdulla G\u00fcl, ba\u015f nazir R. T.Erdogan ile k\u00f6r\u00fc\u015f\u00fcvler \u00f6tkerildi, eki devlet aras\u0131nda iqtisadiy emekda\u015fl\u0131q ve eyi qom\u015fuc\u0131l\u0131q munasebetlerini\u00f1 inki\u015faf\u0131na do\u011frult\u0131l\u011fan bir s\u0131ra a\u00f1la\u015fmalar imzaland\u0131.<\/p>\n\n\n\n<p>Bir \u00e7oq izaat\u00e7\u0131larn\u0131\u00f1 fikrince ziyaretni\u00f1 e\u00f1 b\u00fcy\u00fck yutu\u011f\u0131 \u2013 Ukraina ve T\u00fcrkiye aras\u0131nda vizas\u0131z rejimni\u00f1 tesis etilmesidir. K\u00f6r\u00fc\u015f\u00fcvlerde q\u0131r\u0131mtatarlarnen ba\u011fl\u0131 meseleler de muzakere etildi.<\/p>\n\n\n\n<p>Ukraina Prezidenti V. Yanukovi\u00e7nen beraber matbuat konferentsiyas\u0131nda \u00e7\u0131q\u0131\u015fta bulun\u011fan T\u00fcrkiye ba\u015f naziri Erdo\u011fan b\u00f6yle dedi: &#8220;Bu k\u00f6r\u00fc\u015f\u00fcvde biz q\u0131r\u0131mtatarlarn\u0131\u00f1 vaziyetine dair meselelerni de muzakere etip, q\u0131r\u0131mtatarlarn\u0131\u00f1 iqtisadiy, siyasiy ve medeniy meselelerini\u00f1 \u00e7ezimine do\u011frult\u0131l\u011fan tedbirlerni baq\u0131p \u00e7\u0131qt\u0131q. T\u0130KA al-az\u0131r\u011face bu problemlerni\u00f1 \u00e7ezimine tahminen 22 million dollar sarf etti. T\u0130KAn\u0131\u00f1 Kiyevde ofisini a\u00e7maq qarar\u0131 munasebetinen men Yanukovi\u00e7nen \u015fu yard\u0131mn\u0131 daa da \u00e7oqla\u015ft\u0131rmaq istiqballerini muzakere ettim&#8221;.<\/p>\n\n\n\n<p>&nbsp;Bun\u0131\u00f1 kibi de, Meclis reisi M. Cemilev Avropa Ke\u00f1e\u015fi Parlament Assambleyas\u0131n\u0131\u00f1 Prezidenti M.\u00c7avu\u015foglu ve T\u00fcrkiye T\u0131\u015fq\u0131 i\u015fler naziri Ahmet Davutoglu ile k\u00f6r\u00fc\u015fti.<\/p>\n\n\n\n<p>T\u00fcrkiye ba\u015f nazirini\u00f1 qona\u011f\u0131nda Ukraina Prezidentini\u00f1 \u015ferefine berilgen resmiy yemekte V. Yanukovi\u00e7 musafirlerni sofra ba\u015f\u0131na yerle\u015ftir\u00fcv tertibine diqqat etip, yar\u0131 \u015faqa tarz\u0131nda: &#8220;As\u0131l\u0131nda Mustafa a\u011fan\u0131 ve Mogil\u00f6vn\u0131 yan-yana\u015fa oturtmaq kerek edi&#8221;, dedi. Salonda bulun\u011fanlar aras\u0131nda bir \u00e7oqlar\u0131 q\u0131r\u0131mtatarlarn\u0131\u00f1 A. Mogil\u00f6v ile ke\u00e7mi\u015fteki munasebetlerinden haberdar ol\u011fanlar\u0131ndan, bu s\u00f6zler olarn\u0131 baya\u011f\u0131 \u015fe\u00f1lendirdi.<\/p>\n","protected":false},"excerpt":{"rendered":"<p>2011 senesi dekabr 22-de Ukraina Prezidenti Viktor Yanukovi\u00e7 bir k\u00fcnl\u00fck resmiy ziyaretnen T\u00fcrkiyede bulund\u0131. Prezidentnen beraber Ukraina T\u0131\u015fq\u0131 i\u015fler naziri K.Gri\u015f\u00e7enko, bir qa\u00e7 saa nazirleri, bun\u0131\u00f1 kibi de Q\u0131r\u0131m ba\u015f naziri A.Mogilev ve Q\u0131r\u0131mtatar halq\u0131 Meclisini\u00f1 reisi M.Cemilev de old\u0131lar. Ziyaret devam\u0131nda T\u00fcrkiye Cumhuriyetini\u00f1 Prezidenti Abdulla G\u00fcl, ba\u015f nazir R. T.Erdogan ile k\u00f6r\u00fc\u015f\u00fcvler \u00f6tkerildi, eki [&hellip;]<\/p>\n","protected":false},"author":1,"featured_media":0,"comment_status":"open","ping_status":"open","sticky":false,"template":"","format":"standard","meta":{"inline_featured_image":false,"footnotes":""},"categories":[265],"tags":[],"class_list":["post-28186","post","type-post","status-publish","format-standard","hentry","category-haberler"],"acf":[],"yoast_head":"<!-- This site is optimized with the Yoast SEO plugin v27.4 - https:\/\/yoast.com\/product\/yoast-seo-wordpress\/ -->\n<title>Meclis reisini\u00f1 T\u00fcrkiye Cumhuriyetine ziyareti - \u041c\u0435\u0434\u0436\u043b\u0456\u0441<\/title>\n<meta name=\"robots\" content=\"index, follow, max-snippet:-1, max-image-preview:large, max-video-preview:-1\" \/>\n<link rel=\"canonical\" href=\"https:\/\/qtmm.org\/qt\/meclis-reisinin-turkiye-cumhuriyetine-ziyareti\/\" \/>\n<meta property=\"og:locale\" content=\"en_US\" \/>\n<meta property=\"og:type\" content=\"article\" \/>\n<meta property=\"og:title\" content=\"Meclis reisini\u00f1 T\u00fcrkiye Cumhuriyetine ziyareti - \u041c\u0435\u0434\u0436\u043b\u0456\u0441\" \/>\n<meta property=\"og:description\" content=\"2011 senesi dekabr 22-de Ukraina Prezidenti Viktor Yanukovi\u00e7 bir k\u00fcnl\u00fck resmiy ziyaretnen T\u00fcrkiyede bulund\u0131. Prezidentnen beraber Ukraina T\u0131\u015fq\u0131 i\u015fler naziri K.Gri\u015f\u00e7enko, bir qa\u00e7 saa nazirleri, bun\u0131\u00f1 kibi de Q\u0131r\u0131m ba\u015f naziri A.Mogilev ve Q\u0131r\u0131mtatar halq\u0131 Meclisini\u00f1 reisi M.Cemilev de old\u0131lar. Ziyaret devam\u0131nda T\u00fcrkiye Cumhuriyetini\u00f1 Prezidenti Abdulla G\u00fcl, ba\u015f nazir R. T.Erdogan ile k\u00f6r\u00fc\u015f\u00fcvler \u00f6tkerildi, eki [&hellip;]\" \/>\n<meta property=\"og:url\" content=\"https:\/\/qtmm.org\/qt\/meclis-reisinin-turkiye-cumhuriyetine-ziyareti\/\" \/>\n<meta property=\"og:site_name\" content=\"\u041c\u0435\u0434\u0436\u043b\u0456\u0441\" \/>\n<meta property=\"article:publisher\" content=\"https:\/\/www.facebook.com\/qtmm.info\/\" \/>\n<meta property=\"article:published_time\" content=\"2011-12-23T20:10:00+00:00\" \/>\n<meta property=\"article:modified_time\" content=\"2022-01-19T20:11:02+00:00\" \/>\n<meta name=\"author\" content=\"Developer\" \/>\n<meta name=\"twitter:card\" content=\"summary_large_image\" \/>\n<meta name=\"twitter:label1\" content=\"Written by\" \/>\n\t<meta name=\"twitter:data1\" content=\"Developer\" \/>\n\t<meta name=\"twitter:label2\" content=\"Est. reading time\" \/>\n\t<meta name=\"twitter:data2\" content=\"2 minutes\" \/>\n<script type=\"application\/ld+json\" class=\"yoast-schema-graph\">{\"@context\":\"https:\\\/\\\/schema.org\",\"@graph\":[{\"@type\":\"Article\",\"@id\":\"https:\\\/\\\/qtmm.org\\\/qt\\\/meclis-reisinin-turkiye-cumhuriyetine-ziyareti\\\/#article\",\"isPartOf\":{\"@id\":\"https:\\\/\\\/qtmm.org\\\/qt\\\/meclis-reisinin-turkiye-cumhuriyetine-ziyareti\\\/\"},\"author\":{\"name\":\"Developer\",\"@id\":\"https:\\\/\\\/qtmm.org\\\/qt\\\/#\\\/schema\\\/person\\\/de562469f971dec226ac06e60bbf74a7\"},\"headline\":\"Meclis reisini\u00f1 T\u00fcrkiye Cumhuriyetine ziyareti\",\"datePublished\":\"2011-12-23T20:10:00+00:00\",\"dateModified\":\"2022-01-19T20:11:02+00:00\",\"mainEntityOfPage\":{\"@id\":\"https:\\\/\\\/qtmm.org\\\/qt\\\/meclis-reisinin-turkiye-cumhuriyetine-ziyareti\\\/\"},\"wordCount\":336,\"commentCount\":0,\"publisher\":{\"@id\":\"https:\\\/\\\/qtmm.org\\\/qt\\\/#organization\"},\"articleSection\":[\"Haberler\"],\"inLanguage\":\"qt\",\"potentialAction\":[{\"@type\":\"CommentAction\",\"name\":\"Comment\",\"target\":[\"https:\\\/\\\/qtmm.org\\\/qt\\\/meclis-reisinin-turkiye-cumhuriyetine-ziyareti\\\/#respond\"]}]},{\"@type\":\"WebPage\",\"@id\":\"https:\\\/\\\/qtmm.org\\\/qt\\\/meclis-reisinin-turkiye-cumhuriyetine-ziyareti\\\/\",\"url\":\"https:\\\/\\\/qtmm.org\\\/qt\\\/meclis-reisinin-turkiye-cumhuriyetine-ziyareti\\\/\",\"name\":\"Meclis reisini\u00f1 T\u00fcrkiye Cumhuriyetine ziyareti - \u041c\u0435\u0434\u0436\u043b\u0456\u0441\",\"isPartOf\":{\"@id\":\"https:\\\/\\\/qtmm.org\\\/qt\\\/#website\"},\"datePublished\":\"2011-12-23T20:10:00+00:00\",\"dateModified\":\"2022-01-19T20:11:02+00:00\",\"breadcrumb\":{\"@id\":\"https:\\\/\\\/qtmm.org\\\/qt\\\/meclis-reisinin-turkiye-cumhuriyetine-ziyareti\\\/#breadcrumb\"},\"inLanguage\":\"qt\",\"potentialAction\":[{\"@type\":\"ReadAction\",\"target\":[\"https:\\\/\\\/qtmm.org\\\/qt\\\/meclis-reisinin-turkiye-cumhuriyetine-ziyareti\\\/\"]}]},{\"@type\":\"BreadcrumbList\",\"@id\":\"https:\\\/\\\/qtmm.org\\\/qt\\\/meclis-reisinin-turkiye-cumhuriyetine-ziyareti\\\/#breadcrumb\",\"itemListElement\":[{\"@type\":\"ListItem\",\"position\":1,\"name\":\"\u0413\u043e\u043b\u043e\u0432\u043d\u0430\",\"item\":\"https:\\\/\\\/qtmm.org\\\/qt\\\/\"},{\"@type\":\"ListItem\",\"position\":2,\"name\":\"Meclis reisini\u00f1 T\u00fcrkiye Cumhuriyetine ziyareti\"}]},{\"@type\":\"WebSite\",\"@id\":\"https:\\\/\\\/qtmm.org\\\/qt\\\/#website\",\"url\":\"https:\\\/\\\/qtmm.org\\\/qt\\\/\",\"name\":\"\u041c\u0435\u0434\u0436\u043b\u0456\u0441\",\"description\":\"\",\"publisher\":{\"@id\":\"https:\\\/\\\/qtmm.org\\\/qt\\\/#organization\"},\"potentialAction\":[{\"@type\":\"SearchAction\",\"target\":{\"@type\":\"EntryPoint\",\"urlTemplate\":\"https:\\\/\\\/qtmm.org\\\/qt\\\/?s={search_term_string}\"},\"query-input\":{\"@type\":\"PropertyValueSpecification\",\"valueRequired\":true,\"valueName\":\"search_term_string\"}}],\"inLanguage\":\"qt\"},{\"@type\":\"Organization\",\"@id\":\"https:\\\/\\\/qtmm.org\\\/qt\\\/#organization\",\"name\":\"\u041c\u0435\u0434\u0436\u043b\u0456\u0441\",\"url\":\"https:\\\/\\\/qtmm.org\\\/qt\\\/\",\"logo\":{\"@type\":\"ImageObject\",\"inLanguage\":\"qt\",\"@id\":\"https:\\\/\\\/qtmm.org\\\/qt\\\/#\\\/schema\\\/logo\\\/image\\\/\",\"url\":\"https:\\\/\\\/qtmm.org\\\/wp-content\\\/uploads\\\/2024\\\/12\\\/ua-mejlis-logo-rgb.svg\",\"contentUrl\":\"https:\\\/\\\/qtmm.org\\\/wp-content\\\/uploads\\\/2024\\\/12\\\/ua-mejlis-logo-rgb.svg\",\"caption\":\"\u041c\u0435\u0434\u0436\u043b\u0456\u0441\"},\"image\":{\"@id\":\"https:\\\/\\\/qtmm.org\\\/qt\\\/#\\\/schema\\\/logo\\\/image\\\/\"},\"sameAs\":[\"https:\\\/\\\/www.facebook.com\\\/qtmm.info\\\/\"]},{\"@type\":\"Person\",\"@id\":\"https:\\\/\\\/qtmm.org\\\/qt\\\/#\\\/schema\\\/person\\\/de562469f971dec226ac06e60bbf74a7\",\"name\":\"Developer\",\"image\":{\"@type\":\"ImageObject\",\"inLanguage\":\"qt\",\"@id\":\"https:\\\/\\\/secure.gravatar.com\\\/avatar\\\/392b4cc8fbfeb00b39dfeeab4ee6edded39ffd48e25858637e4765810300227e?s=96&d=mm&r=g\",\"url\":\"https:\\\/\\\/secure.gravatar.com\\\/avatar\\\/392b4cc8fbfeb00b39dfeeab4ee6edded39ffd48e25858637e4765810300227e?s=96&d=mm&r=g\",\"contentUrl\":\"https:\\\/\\\/secure.gravatar.com\\\/avatar\\\/392b4cc8fbfeb00b39dfeeab4ee6edded39ffd48e25858637e4765810300227e?s=96&d=mm&r=g\",\"caption\":\"Developer\"},\"url\":\"https:\\\/\\\/qtmm.org\\\/qt\\\/author\\\/Developer\\\/\"}]}<\/script>\n<!-- \/ Yoast SEO plugin. -->","yoast_head_json":{"title":"Meclis reisini\u00f1 T\u00fcrkiye Cumhuriyetine ziyareti - \u041c\u0435\u0434\u0436\u043b\u0456\u0441","robots":{"index":"index","follow":"follow","max-snippet":"max-snippet:-1","max-image-preview":"max-image-preview:large","max-video-preview":"max-video-preview:-1"},"canonical":"https:\/\/qtmm.org\/qt\/meclis-reisinin-turkiye-cumhuriyetine-ziyareti\/","og_locale":"en_US","og_type":"article","og_title":"Meclis reisini\u00f1 T\u00fcrkiye Cumhuriyetine ziyareti - \u041c\u0435\u0434\u0436\u043b\u0456\u0441","og_description":"2011 senesi dekabr 22-de Ukraina Prezidenti Viktor Yanukovi\u00e7 bir k\u00fcnl\u00fck resmiy ziyaretnen T\u00fcrkiyede bulund\u0131. Prezidentnen beraber Ukraina T\u0131\u015fq\u0131 i\u015fler naziri K.Gri\u015f\u00e7enko, bir qa\u00e7 saa nazirleri, bun\u0131\u00f1 kibi de Q\u0131r\u0131m ba\u015f naziri A.Mogilev ve Q\u0131r\u0131mtatar halq\u0131 Meclisini\u00f1 reisi M.Cemilev de old\u0131lar. Ziyaret devam\u0131nda T\u00fcrkiye Cumhuriyetini\u00f1 Prezidenti Abdulla G\u00fcl, ba\u015f nazir R. T.Erdogan ile k\u00f6r\u00fc\u015f\u00fcvler \u00f6tkerildi, eki [&hellip;]","og_url":"https:\/\/qtmm.org\/qt\/meclis-reisinin-turkiye-cumhuriyetine-ziyareti\/","og_site_name":"\u041c\u0435\u0434\u0436\u043b\u0456\u0441","article_publisher":"https:\/\/www.facebook.com\/qtmm.info\/","article_published_time":"2011-12-23T20:10:00+00:00","article_modified_time":"2022-01-19T20:11:02+00:00","author":"Developer","twitter_card":"summary_large_image","twitter_misc":{"Written by":"Developer","Est. reading time":"2 minutes"},"schema":{"@context":"https:\/\/schema.org","@graph":[{"@type":"Article","@id":"https:\/\/qtmm.org\/qt\/meclis-reisinin-turkiye-cumhuriyetine-ziyareti\/#article","isPartOf":{"@id":"https:\/\/qtmm.org\/qt\/meclis-reisinin-turkiye-cumhuriyetine-ziyareti\/"},"author":{"name":"Developer","@id":"https:\/\/qtmm.org\/qt\/#\/schema\/person\/de562469f971dec226ac06e60bbf74a7"},"headline":"Meclis reisini\u00f1 T\u00fcrkiye Cumhuriyetine ziyareti","datePublished":"2011-12-23T20:10:00+00:00","dateModified":"2022-01-19T20:11:02+00:00","mainEntityOfPage":{"@id":"https:\/\/qtmm.org\/qt\/meclis-reisinin-turkiye-cumhuriyetine-ziyareti\/"},"wordCount":336,"commentCount":0,"publisher":{"@id":"https:\/\/qtmm.org\/qt\/#organization"},"articleSection":["Haberler"],"inLanguage":"qt","potentialAction":[{"@type":"CommentAction","name":"Comment","target":["https:\/\/qtmm.org\/qt\/meclis-reisinin-turkiye-cumhuriyetine-ziyareti\/#respond"]}]},{"@type":"WebPage","@id":"https:\/\/qtmm.org\/qt\/meclis-reisinin-turkiye-cumhuriyetine-ziyareti\/","url":"https:\/\/qtmm.org\/qt\/meclis-reisinin-turkiye-cumhuriyetine-ziyareti\/","name":"Meclis reisini\u00f1 T\u00fcrkiye Cumhuriyetine ziyareti - \u041c\u0435\u0434\u0436\u043b\u0456\u0441","isPartOf":{"@id":"https:\/\/qtmm.org\/qt\/#website"},"datePublished":"2011-12-23T20:10:00+00:00","dateModified":"2022-01-19T20:11:02+00:00","breadcrumb":{"@id":"https:\/\/qtmm.org\/qt\/meclis-reisinin-turkiye-cumhuriyetine-ziyareti\/#breadcrumb"},"inLanguage":"qt","potentialAction":[{"@type":"ReadAction","target":["https:\/\/qtmm.org\/qt\/meclis-reisinin-turkiye-cumhuriyetine-ziyareti\/"]}]},{"@type":"BreadcrumbList","@id":"https:\/\/qtmm.org\/qt\/meclis-reisinin-turkiye-cumhuriyetine-ziyareti\/#breadcrumb","itemListElement":[{"@type":"ListItem","position":1,"name":"\u0413\u043e\u043b\u043e\u0432\u043d\u0430","item":"https:\/\/qtmm.org\/qt\/"},{"@type":"ListItem","position":2,"name":"Meclis reisini\u00f1 T\u00fcrkiye Cumhuriyetine ziyareti"}]},{"@type":"WebSite","@id":"https:\/\/qtmm.org\/qt\/#website","url":"https:\/\/qtmm.org\/qt\/","name":"\u041c\u0435\u0434\u0436\u043b\u0456\u0441","description":"","publisher":{"@id":"https:\/\/qtmm.org\/qt\/#organization"},"potentialAction":[{"@type":"SearchAction","target":{"@type":"EntryPoint","urlTemplate":"https:\/\/qtmm.org\/qt\/?s={search_term_string}"},"query-input":{"@type":"PropertyValueSpecification","valueRequired":true,"valueName":"search_term_string"}}],"inLanguage":"qt"},{"@type":"Organization","@id":"https:\/\/qtmm.org\/qt\/#organization","name":"\u041c\u0435\u0434\u0436\u043b\u0456\u0441","url":"https:\/\/qtmm.org\/qt\/","logo":{"@type":"ImageObject","inLanguage":"qt","@id":"https:\/\/qtmm.org\/qt\/#\/schema\/logo\/image\/","url":"https:\/\/qtmm.org\/wp-content\/uploads\/2024\/12\/ua-mejlis-logo-rgb.svg","contentUrl":"https:\/\/qtmm.org\/wp-content\/uploads\/2024\/12\/ua-mejlis-logo-rgb.svg","caption":"\u041c\u0435\u0434\u0436\u043b\u0456\u0441"},"image":{"@id":"https:\/\/qtmm.org\/qt\/#\/schema\/logo\/image\/"},"sameAs":["https:\/\/www.facebook.com\/qtmm.info\/"]},{"@type":"Person","@id":"https:\/\/qtmm.org\/qt\/#\/schema\/person\/de562469f971dec226ac06e60bbf74a7","name":"Developer","image":{"@type":"ImageObject","inLanguage":"qt","@id":"https:\/\/secure.gravatar.com\/avatar\/392b4cc8fbfeb00b39dfeeab4ee6edded39ffd48e25858637e4765810300227e?s=96&d=mm&r=g","url":"https:\/\/secure.gravatar.com\/avatar\/392b4cc8fbfeb00b39dfeeab4ee6edded39ffd48e25858637e4765810300227e?s=96&d=mm&r=g","contentUrl":"https:\/\/secure.gravatar.com\/avatar\/392b4cc8fbfeb00b39dfeeab4ee6edded39ffd48e25858637e4765810300227e?s=96&d=mm&r=g","caption":"Developer"},"url":"https:\/\/qtmm.org\/qt\/author\/Developer\/"}]}},"_links":{"self":[{"href":"https:\/\/qtmm.org\/qt\/wp-json\/wp\/v2\/posts\/28186","targetHints":{"allow":["GET"]}}],"collection":[{"href":"https:\/\/qtmm.org\/qt\/wp-json\/wp\/v2\/posts"}],"about":[{"href":"https:\/\/qtmm.org\/qt\/wp-json\/wp\/v2\/types\/post"}],"author":[{"embeddable":true,"href":"https:\/\/qtmm.org\/qt\/wp-json\/wp\/v2\/users\/1"}],"replies":[{"embeddable":true,"href":"https:\/\/qtmm.org\/qt\/wp-json\/wp\/v2\/comments?post=28186"}],"version-history":[{"count":1,"href":"https:\/\/qtmm.org\/qt\/wp-json\/wp\/v2\/posts\/28186\/revisions"}],"predecessor-version":[{"id":28188,"href":"https:\/\/qtmm.org\/qt\/wp-json\/wp\/v2\/posts\/28186\/revisions\/28188"}],"wp:attachment":[{"href":"https:\/\/qtmm.org\/qt\/wp-json\/wp\/v2\/media?parent=28186"}],"wp:term":[{"taxonomy":"category","embeddable":true,"href":"https:\/\/qtmm.org\/qt\/wp-json\/wp\/v2\/categories?post=28186"},{"taxonomy":"post_tag","embeddable":true,"href":"https:\/\/qtmm.org\/qt\/wp-json\/wp\/v2\/tags?post=28186"}],"curies":[{"name":"wp","href":"https:\/\/api.w.org\/{rel}","templated":true}]}}