




{"id":28183,"date":"2011-12-23T23:09:00","date_gmt":"2011-12-23T20:09:00","guid":{"rendered":"http:\/\/qtmm.org\/?p=28183"},"modified":"2022-01-19T23:10:09","modified_gmt":"2022-01-19T20:10:09","slug":"refat-cubarov-qirimtatar-halqinin-vekilleri-bugun-pragada-butun-cehiya-ve-butun-dunya-ile-beraber-insaniyetke-namusli-hizmet-ve-sadiqliq-temsili-olgan-insanni-sonki-yoluna-ozgardilar","status":"publish","type":"post","link":"https:\/\/qtmm.org\/qt\/refat-cubarov-qirimtatar-halqinin-vekilleri-bugun-pragada-butun-cehiya-ve-butun-dunya-ile-beraber-insaniyetke-namusli-hizmet-ve-sadiqliq-temsili-olgan-insanni-sonki-yoluna-ozgardilar\/","title":{"rendered":"Refat \u00c7ubarov: \u00abQ\u0131r\u0131mtatar halq\u0131n\u0131\u00f1 vekilleri bug\u00fcn Pragada b\u00fct\u00fcn \u00c7ehiya ve b\u00fct\u00fcn d\u00fcnya ile beraber insaniyetke namusl\u0131 h\u0131zmet ve sad\u0131ql\u0131q temsili ol\u011fan insann\u0131 so\u00f1ki yoluna oz\u011fard\u0131lar\u00bb"},"content":{"rendered":"\n<p>2001 senesi dekabr 23, cuma k\u00fcn\u00fc Pragada HH as\u0131rn\u0131\u00f1 me\u015fur gumanisti, ces\u00fcr uquqqoruy\u0131c\u0131, \u00c7ehoslovakiyan\u0131\u00f1 so\u00f1ki (29 dekabr 1989 senesi \u2014 20 iy\u00fcl 1992 senesi) ve \u00c7ehiyan\u0131\u00f1 birinci (1993 s. fevral 2 \u2013 2003 senesi fevral 2-gece) Prezidenti Vatslav Gavelni\u00f1 cenazesi old\u0131.<\/p>\n\n\n\n<p>&nbsp;Vatslav Gavelnen vedala\u015fmaq i\u00e7\u00fcn memleketni\u00f1 bi\u00f1lernen sakinleri degil de, belki d\u00fcnyan\u0131\u00f1 44 \u00fclkesinden devlet, \u00fck\u00fcmet reberleri, t\u0131\u015fq\u0131 i\u015fler nazirleri reberligindeki resmiy delegatsiyalar da keldi. Ukrainan\u0131 T\u0131\u015fq\u0131 i\u015fler naziri Konstantin Gri\u015f\u00e7enko temsil etti.<\/p>\n\n\n\n<p>&nbsp;Q\u0131r\u0131mtatar halq\u0131 Meclisini\u00f1 reisi Mustafa Cemilevni\u00f1 avalesi boyunca matem merasimlerinde Meclis reisini\u00f1 birinci muavini Refat \u00c7ubarov ve q\u0131r\u0131mtatar halq\u0131 Qurultay\u0131n\u0131\u00f1 delegat\u0131 Bekir \u011eaniyev i\u015ftirak ettiler.<\/p>\n\n\n\n<p>&nbsp;Matem merasimi yerli vaq\u0131t boyunca \u00fcylede b\u00fct\u00fcn \u00c7ehiya boylap il\u00e2n etilgen bir daqqal\u0131q suk\u00fcnetten ba\u015flad\u0131. Vatslav Gaveln\u0131\u00f1 cenazesi Prajskiy Grad adl\u0131 orta as\u0131rlar\u011fa ait aziz Vita ibadethanesinde q\u0131l\u0131n\u0131p, \u00c7ehiyan\u0131\u00f1 resmiy televizion kanallar\u0131nda, bun\u0131\u00f1 kibi de kilse etraf\u0131nda qoyul\u011fan ekranlarda canl\u0131 \u015fekilde k\u00f6sterildi. Matem merasimini\u00f1 ba\u015f\u0131nda Praga Arhiyepiskop\u0131 ve \u00c7ehiya primas\u0131 Dominik Duka Rim Papas\u0131 Benedikt XVI-n\u0131\u00f1 mekt\u00fcbini oqup e\u015fittirdi. Onda pontifik Vatslav Gaveln\u0131\u00f1 ces\u00fcr uquqoruy\u0131c\u0131 ve ya\u00f1\u0131 demokratik sistema esass\u00e7\u0131lar\u0131ndan biri ol\u011fan\u0131n\u0131 qayd ete. Katolik kilsesini\u00f1 latin urf-adetlerine k\u00f6re liturgiya h\u0131zmeti yap\u0131l\u011fan so\u00f1 \u00c7ehiya Prezidenti Vatslav Klaus, T\u0131\u015fq\u0131 i\u015fler naziri Karel \u015evartsenberg, Vatslav Gaveln\u0131\u00f1 eski dostu, 1984-1990 senelerde Helsinki uquqqoruv komitetine yolba\u015f\u00e7\u0131l\u0131q yapqan, 1997-2001 senesi Amerika devlet k\u00e2tibi ol\u011fan Madlen Olbrayt (as\u0131l ad\u0131 Mariya Yana K\u00f6rbelova) vedala\u015fuv s\u00f6zlerinen \u00e7\u0131q\u0131\u015fta bulund\u0131lar.<\/p>\n\n\n\n<p>&nbsp;Cenazeden so\u00f1 Vatslav Gaveln\u0131\u00f1 cesedi Stra\u015fnitsa degen yerdeki krematoriyge al\u0131p ketildi. Tabutn\u0131 \u00c7ehiyan\u0131\u00f1 bi\u00f1lernen sakinleri oz\u011far\u0131p bard\u0131lar. &#8220;Azatl\u0131q&#8221; radios\u0131n\u0131\u00f1 Pragadaki studiya m\u00fchbiri Q\u0131r\u0131mtatar halq\u0131 Meclisini\u00f1 vekillerinden cenazege kelmelerine ne siltem bergenini sora\u011fanda, Refat \u00c7ubarov c\u00fcmleden b\u00f6yle dedi: &#8220;Vatslav Gavel \u2013 b\u00fct\u00fcn \u00f6m\u00fcrini halqlar ve insan uquqlar\u0131 i\u00e7\u00fcn k\u00fcre\u015fken insan n\u00fcm\u00fcnesidir. Bir \u00e7oq halqlar\u011fa ve \u015fu c\u00fcmleden q\u0131r\u0131mtatar halq\u0131na da azap-uqubetler ketirgen kommunist rejimini darma-da\u011f\u0131n et\u00fcvde on\u0131\u00f1 issesi \u00f6l\u00e7\u00fcsizdir. Daa yaq\u0131nda, okt\u00e2br ay\u0131nda Vatslav Gavel ve Meclis reisi Mustafa Cemilevni\u00f1 k\u00f6r\u00fc\u015f\u00fcvi ol\u0131p, onda belli uquqqoruy\u0131c\u0131lar q\u0131r\u0131mtatar halq\u0131n\u0131\u00f1 aqlar\u0131n\u0131 tiklev ve \u015fu c\u00fcmleden Halqara forum ke\u00e7irmek \u011fayesini muzakere etken ediler.\u015eun\u0131\u00f1 i\u00e7\u00fcn de bug\u00fcn Pragada b\u00fct\u00fcn \u00c7ehiya ve b\u00fct\u00fcn d\u00fcnya ile beraber insaniyetke namusl\u0131 h\u0131zmet ve sad\u0131ql\u0131q temsili ol\u011fan insann\u0131 so\u00f1ki yoluna oz\u011far\u011fanda m\u0131nda bulunmaqn\u0131 borcum\u0131z, dep bilemiz&#8221;.<\/p>\n","protected":false},"excerpt":{"rendered":"<p>2001 senesi dekabr 23, cuma k\u00fcn\u00fc Pragada HH as\u0131rn\u0131\u00f1 me\u015fur gumanisti, ces\u00fcr uquqqoruy\u0131c\u0131, \u00c7ehoslovakiyan\u0131\u00f1 so\u00f1ki (29 dekabr 1989 senesi \u2014 20 iy\u00fcl 1992 senesi) ve \u00c7ehiyan\u0131\u00f1 birinci (1993 s. fevral 2 \u2013 2003 senesi fevral 2-gece) Prezidenti Vatslav Gavelni\u00f1 cenazesi old\u0131. &nbsp;Vatslav Gavelnen vedala\u015fmaq i\u00e7\u00fcn memleketni\u00f1 bi\u00f1lernen sakinleri degil de, belki d\u00fcnyan\u0131\u00f1 44 \u00fclkesinden devlet, [&hellip;]<\/p>\n","protected":false},"author":1,"featured_media":0,"comment_status":"open","ping_status":"open","sticky":false,"template":"","format":"standard","meta":{"inline_featured_image":false,"footnotes":""},"categories":[265],"tags":[],"class_list":["post-28183","post","type-post","status-publish","format-standard","hentry","category-haberler"],"acf":[],"yoast_head":"<!-- This site is optimized with the Yoast SEO plugin v27.4 - https:\/\/yoast.com\/product\/yoast-seo-wordpress\/ -->\n<title>Refat \u00c7ubarov: \u00abQ\u0131r\u0131mtatar halq\u0131n\u0131\u00f1 vekilleri bug\u00fcn Pragada b\u00fct\u00fcn \u00c7ehiya ve b\u00fct\u00fcn d\u00fcnya ile beraber insaniyetke namusl\u0131 h\u0131zmet ve sad\u0131ql\u0131q temsili ol\u011fan insann\u0131 so\u00f1ki yoluna oz\u011fard\u0131lar\u00bb - \u041c\u0435\u0434\u0436\u043b\u0456\u0441<\/title>\n<meta name=\"robots\" content=\"index, follow, max-snippet:-1, max-image-preview:large, max-video-preview:-1\" \/>\n<link rel=\"canonical\" href=\"https:\/\/qtmm.org\/qt\/refat-cubarov-qirimtatar-halqinin-vekilleri-bugun-pragada-butun-cehiya-ve-butun-dunya-ile-beraber-insaniyetke-namusli-hizmet-ve-sadiqliq-temsili-olgan-insanni-sonki-yoluna-ozgardilar\/\" \/>\n<meta property=\"og:locale\" content=\"en_US\" \/>\n<meta property=\"og:type\" content=\"article\" \/>\n<meta property=\"og:title\" content=\"Refat \u00c7ubarov: \u00abQ\u0131r\u0131mtatar halq\u0131n\u0131\u00f1 vekilleri bug\u00fcn Pragada b\u00fct\u00fcn \u00c7ehiya ve b\u00fct\u00fcn d\u00fcnya ile beraber insaniyetke namusl\u0131 h\u0131zmet ve sad\u0131ql\u0131q temsili ol\u011fan insann\u0131 so\u00f1ki yoluna oz\u011fard\u0131lar\u00bb - \u041c\u0435\u0434\u0436\u043b\u0456\u0441\" \/>\n<meta property=\"og:description\" content=\"2001 senesi dekabr 23, cuma k\u00fcn\u00fc Pragada HH as\u0131rn\u0131\u00f1 me\u015fur gumanisti, ces\u00fcr uquqqoruy\u0131c\u0131, \u00c7ehoslovakiyan\u0131\u00f1 so\u00f1ki (29 dekabr 1989 senesi \u2014 20 iy\u00fcl 1992 senesi) ve \u00c7ehiyan\u0131\u00f1 birinci (1993 s. fevral 2 \u2013 2003 senesi fevral 2-gece) Prezidenti Vatslav Gavelni\u00f1 cenazesi old\u0131. &nbsp;Vatslav Gavelnen vedala\u015fmaq i\u00e7\u00fcn memleketni\u00f1 bi\u00f1lernen sakinleri degil de, belki d\u00fcnyan\u0131\u00f1 44 \u00fclkesinden devlet, [&hellip;]\" \/>\n<meta property=\"og:url\" content=\"https:\/\/qtmm.org\/qt\/refat-cubarov-qirimtatar-halqinin-vekilleri-bugun-pragada-butun-cehiya-ve-butun-dunya-ile-beraber-insaniyetke-namusli-hizmet-ve-sadiqliq-temsili-olgan-insanni-sonki-yoluna-ozgardilar\/\" \/>\n<meta property=\"og:site_name\" content=\"\u041c\u0435\u0434\u0436\u043b\u0456\u0441\" \/>\n<meta property=\"article:publisher\" content=\"https:\/\/www.facebook.com\/qtmm.info\/\" \/>\n<meta property=\"article:published_time\" content=\"2011-12-23T20:09:00+00:00\" \/>\n<meta property=\"article:modified_time\" content=\"2022-01-19T20:10:09+00:00\" \/>\n<meta name=\"author\" content=\"Developer\" \/>\n<meta name=\"twitter:card\" content=\"summary_large_image\" \/>\n<meta name=\"twitter:label1\" content=\"Written by\" \/>\n\t<meta name=\"twitter:data1\" content=\"Developer\" \/>\n\t<meta name=\"twitter:label2\" content=\"Est. reading time\" \/>\n\t<meta name=\"twitter:data2\" content=\"2 minutes\" \/>\n<script type=\"application\/ld+json\" class=\"yoast-schema-graph\">{\"@context\":\"https:\\\/\\\/schema.org\",\"@graph\":[{\"@type\":\"Article\",\"@id\":\"https:\\\/\\\/qtmm.org\\\/qt\\\/refat-cubarov-qirimtatar-halqinin-vekilleri-bugun-pragada-butun-cehiya-ve-butun-dunya-ile-beraber-insaniyetke-namusli-hizmet-ve-sadiqliq-temsili-olgan-insanni-sonki-yoluna-ozgardilar\\\/#article\",\"isPartOf\":{\"@id\":\"https:\\\/\\\/qtmm.org\\\/qt\\\/refat-cubarov-qirimtatar-halqinin-vekilleri-bugun-pragada-butun-cehiya-ve-butun-dunya-ile-beraber-insaniyetke-namusli-hizmet-ve-sadiqliq-temsili-olgan-insanni-sonki-yoluna-ozgardilar\\\/\"},\"author\":{\"name\":\"Developer\",\"@id\":\"https:\\\/\\\/qtmm.org\\\/qt\\\/#\\\/schema\\\/person\\\/de562469f971dec226ac06e60bbf74a7\"},\"headline\":\"Refat \u00c7ubarov: \u00abQ\u0131r\u0131mtatar halq\u0131n\u0131\u00f1 vekilleri bug\u00fcn Pragada b\u00fct\u00fcn \u00c7ehiya ve b\u00fct\u00fcn d\u00fcnya ile beraber insaniyetke namusl\u0131 h\u0131zmet ve sad\u0131ql\u0131q temsili ol\u011fan insann\u0131 so\u00f1ki yoluna oz\u011fard\u0131lar\u00bb\",\"datePublished\":\"2011-12-23T20:09:00+00:00\",\"dateModified\":\"2022-01-19T20:10:09+00:00\",\"mainEntityOfPage\":{\"@id\":\"https:\\\/\\\/qtmm.org\\\/qt\\\/refat-cubarov-qirimtatar-halqinin-vekilleri-bugun-pragada-butun-cehiya-ve-butun-dunya-ile-beraber-insaniyetke-namusli-hizmet-ve-sadiqliq-temsili-olgan-insanni-sonki-yoluna-ozgardilar\\\/\"},\"wordCount\":500,\"commentCount\":0,\"publisher\":{\"@id\":\"https:\\\/\\\/qtmm.org\\\/qt\\\/#organization\"},\"articleSection\":[\"Haberler\"],\"inLanguage\":\"qt\",\"potentialAction\":[{\"@type\":\"CommentAction\",\"name\":\"Comment\",\"target\":[\"https:\\\/\\\/qtmm.org\\\/qt\\\/refat-cubarov-qirimtatar-halqinin-vekilleri-bugun-pragada-butun-cehiya-ve-butun-dunya-ile-beraber-insaniyetke-namusli-hizmet-ve-sadiqliq-temsili-olgan-insanni-sonki-yoluna-ozgardilar\\\/#respond\"]}]},{\"@type\":\"WebPage\",\"@id\":\"https:\\\/\\\/qtmm.org\\\/qt\\\/refat-cubarov-qirimtatar-halqinin-vekilleri-bugun-pragada-butun-cehiya-ve-butun-dunya-ile-beraber-insaniyetke-namusli-hizmet-ve-sadiqliq-temsili-olgan-insanni-sonki-yoluna-ozgardilar\\\/\",\"url\":\"https:\\\/\\\/qtmm.org\\\/qt\\\/refat-cubarov-qirimtatar-halqinin-vekilleri-bugun-pragada-butun-cehiya-ve-butun-dunya-ile-beraber-insaniyetke-namusli-hizmet-ve-sadiqliq-temsili-olgan-insanni-sonki-yoluna-ozgardilar\\\/\",\"name\":\"Refat \u00c7ubarov: \u00abQ\u0131r\u0131mtatar halq\u0131n\u0131\u00f1 vekilleri bug\u00fcn Pragada b\u00fct\u00fcn \u00c7ehiya ve b\u00fct\u00fcn d\u00fcnya ile beraber insaniyetke namusl\u0131 h\u0131zmet ve sad\u0131ql\u0131q temsili ol\u011fan insann\u0131 so\u00f1ki yoluna oz\u011fard\u0131lar\u00bb - \u041c\u0435\u0434\u0436\u043b\u0456\u0441\",\"isPartOf\":{\"@id\":\"https:\\\/\\\/qtmm.org\\\/qt\\\/#website\"},\"datePublished\":\"2011-12-23T20:09:00+00:00\",\"dateModified\":\"2022-01-19T20:10:09+00:00\",\"breadcrumb\":{\"@id\":\"https:\\\/\\\/qtmm.org\\\/qt\\\/refat-cubarov-qirimtatar-halqinin-vekilleri-bugun-pragada-butun-cehiya-ve-butun-dunya-ile-beraber-insaniyetke-namusli-hizmet-ve-sadiqliq-temsili-olgan-insanni-sonki-yoluna-ozgardilar\\\/#breadcrumb\"},\"inLanguage\":\"qt\",\"potentialAction\":[{\"@type\":\"ReadAction\",\"target\":[\"https:\\\/\\\/qtmm.org\\\/qt\\\/refat-cubarov-qirimtatar-halqinin-vekilleri-bugun-pragada-butun-cehiya-ve-butun-dunya-ile-beraber-insaniyetke-namusli-hizmet-ve-sadiqliq-temsili-olgan-insanni-sonki-yoluna-ozgardilar\\\/\"]}]},{\"@type\":\"BreadcrumbList\",\"@id\":\"https:\\\/\\\/qtmm.org\\\/qt\\\/refat-cubarov-qirimtatar-halqinin-vekilleri-bugun-pragada-butun-cehiya-ve-butun-dunya-ile-beraber-insaniyetke-namusli-hizmet-ve-sadiqliq-temsili-olgan-insanni-sonki-yoluna-ozgardilar\\\/#breadcrumb\",\"itemListElement\":[{\"@type\":\"ListItem\",\"position\":1,\"name\":\"\u0413\u043e\u043b\u043e\u0432\u043d\u0430\",\"item\":\"https:\\\/\\\/qtmm.org\\\/qt\\\/\"},{\"@type\":\"ListItem\",\"position\":2,\"name\":\"Refat \u00c7ubarov: \u00abQ\u0131r\u0131mtatar halq\u0131n\u0131\u00f1 vekilleri bug\u00fcn Pragada b\u00fct\u00fcn \u00c7ehiya ve b\u00fct\u00fcn d\u00fcnya ile beraber insaniyetke namusl\u0131 h\u0131zmet ve sad\u0131ql\u0131q temsili ol\u011fan insann\u0131 so\u00f1ki yoluna oz\u011fard\u0131lar\u00bb\"}]},{\"@type\":\"WebSite\",\"@id\":\"https:\\\/\\\/qtmm.org\\\/qt\\\/#website\",\"url\":\"https:\\\/\\\/qtmm.org\\\/qt\\\/\",\"name\":\"\u041c\u0435\u0434\u0436\u043b\u0456\u0441\",\"description\":\"\",\"publisher\":{\"@id\":\"https:\\\/\\\/qtmm.org\\\/qt\\\/#organization\"},\"potentialAction\":[{\"@type\":\"SearchAction\",\"target\":{\"@type\":\"EntryPoint\",\"urlTemplate\":\"https:\\\/\\\/qtmm.org\\\/qt\\\/?s={search_term_string}\"},\"query-input\":{\"@type\":\"PropertyValueSpecification\",\"valueRequired\":true,\"valueName\":\"search_term_string\"}}],\"inLanguage\":\"qt\"},{\"@type\":\"Organization\",\"@id\":\"https:\\\/\\\/qtmm.org\\\/qt\\\/#organization\",\"name\":\"\u041c\u0435\u0434\u0436\u043b\u0456\u0441\",\"url\":\"https:\\\/\\\/qtmm.org\\\/qt\\\/\",\"logo\":{\"@type\":\"ImageObject\",\"inLanguage\":\"qt\",\"@id\":\"https:\\\/\\\/qtmm.org\\\/qt\\\/#\\\/schema\\\/logo\\\/image\\\/\",\"url\":\"https:\\\/\\\/qtmm.org\\\/wp-content\\\/uploads\\\/2024\\\/12\\\/ua-mejlis-logo-rgb.svg\",\"contentUrl\":\"https:\\\/\\\/qtmm.org\\\/wp-content\\\/uploads\\\/2024\\\/12\\\/ua-mejlis-logo-rgb.svg\",\"caption\":\"\u041c\u0435\u0434\u0436\u043b\u0456\u0441\"},\"image\":{\"@id\":\"https:\\\/\\\/qtmm.org\\\/qt\\\/#\\\/schema\\\/logo\\\/image\\\/\"},\"sameAs\":[\"https:\\\/\\\/www.facebook.com\\\/qtmm.info\\\/\"]},{\"@type\":\"Person\",\"@id\":\"https:\\\/\\\/qtmm.org\\\/qt\\\/#\\\/schema\\\/person\\\/de562469f971dec226ac06e60bbf74a7\",\"name\":\"Developer\",\"image\":{\"@type\":\"ImageObject\",\"inLanguage\":\"qt\",\"@id\":\"https:\\\/\\\/secure.gravatar.com\\\/avatar\\\/392b4cc8fbfeb00b39dfeeab4ee6edded39ffd48e25858637e4765810300227e?s=96&d=mm&r=g\",\"url\":\"https:\\\/\\\/secure.gravatar.com\\\/avatar\\\/392b4cc8fbfeb00b39dfeeab4ee6edded39ffd48e25858637e4765810300227e?s=96&d=mm&r=g\",\"contentUrl\":\"https:\\\/\\\/secure.gravatar.com\\\/avatar\\\/392b4cc8fbfeb00b39dfeeab4ee6edded39ffd48e25858637e4765810300227e?s=96&d=mm&r=g\",\"caption\":\"Developer\"},\"url\":\"https:\\\/\\\/qtmm.org\\\/qt\\\/author\\\/Developer\\\/\"}]}<\/script>\n<!-- \/ Yoast SEO plugin. -->","yoast_head_json":{"title":"Refat \u00c7ubarov: \u00abQ\u0131r\u0131mtatar halq\u0131n\u0131\u00f1 vekilleri bug\u00fcn Pragada b\u00fct\u00fcn \u00c7ehiya ve b\u00fct\u00fcn d\u00fcnya ile beraber insaniyetke namusl\u0131 h\u0131zmet ve sad\u0131ql\u0131q temsili ol\u011fan insann\u0131 so\u00f1ki yoluna oz\u011fard\u0131lar\u00bb - \u041c\u0435\u0434\u0436\u043b\u0456\u0441","robots":{"index":"index","follow":"follow","max-snippet":"max-snippet:-1","max-image-preview":"max-image-preview:large","max-video-preview":"max-video-preview:-1"},"canonical":"https:\/\/qtmm.org\/qt\/refat-cubarov-qirimtatar-halqinin-vekilleri-bugun-pragada-butun-cehiya-ve-butun-dunya-ile-beraber-insaniyetke-namusli-hizmet-ve-sadiqliq-temsili-olgan-insanni-sonki-yoluna-ozgardilar\/","og_locale":"en_US","og_type":"article","og_title":"Refat \u00c7ubarov: \u00abQ\u0131r\u0131mtatar halq\u0131n\u0131\u00f1 vekilleri bug\u00fcn Pragada b\u00fct\u00fcn \u00c7ehiya ve b\u00fct\u00fcn d\u00fcnya ile beraber insaniyetke namusl\u0131 h\u0131zmet ve sad\u0131ql\u0131q temsili ol\u011fan insann\u0131 so\u00f1ki yoluna oz\u011fard\u0131lar\u00bb - \u041c\u0435\u0434\u0436\u043b\u0456\u0441","og_description":"2001 senesi dekabr 23, cuma k\u00fcn\u00fc Pragada HH as\u0131rn\u0131\u00f1 me\u015fur gumanisti, ces\u00fcr uquqqoruy\u0131c\u0131, \u00c7ehoslovakiyan\u0131\u00f1 so\u00f1ki (29 dekabr 1989 senesi \u2014 20 iy\u00fcl 1992 senesi) ve \u00c7ehiyan\u0131\u00f1 birinci (1993 s. fevral 2 \u2013 2003 senesi fevral 2-gece) Prezidenti Vatslav Gavelni\u00f1 cenazesi old\u0131. &nbsp;Vatslav Gavelnen vedala\u015fmaq i\u00e7\u00fcn memleketni\u00f1 bi\u00f1lernen sakinleri degil de, belki d\u00fcnyan\u0131\u00f1 44 \u00fclkesinden devlet, [&hellip;]","og_url":"https:\/\/qtmm.org\/qt\/refat-cubarov-qirimtatar-halqinin-vekilleri-bugun-pragada-butun-cehiya-ve-butun-dunya-ile-beraber-insaniyetke-namusli-hizmet-ve-sadiqliq-temsili-olgan-insanni-sonki-yoluna-ozgardilar\/","og_site_name":"\u041c\u0435\u0434\u0436\u043b\u0456\u0441","article_publisher":"https:\/\/www.facebook.com\/qtmm.info\/","article_published_time":"2011-12-23T20:09:00+00:00","article_modified_time":"2022-01-19T20:10:09+00:00","author":"Developer","twitter_card":"summary_large_image","twitter_misc":{"Written by":"Developer","Est. reading time":"2 minutes"},"schema":{"@context":"https:\/\/schema.org","@graph":[{"@type":"Article","@id":"https:\/\/qtmm.org\/qt\/refat-cubarov-qirimtatar-halqinin-vekilleri-bugun-pragada-butun-cehiya-ve-butun-dunya-ile-beraber-insaniyetke-namusli-hizmet-ve-sadiqliq-temsili-olgan-insanni-sonki-yoluna-ozgardilar\/#article","isPartOf":{"@id":"https:\/\/qtmm.org\/qt\/refat-cubarov-qirimtatar-halqinin-vekilleri-bugun-pragada-butun-cehiya-ve-butun-dunya-ile-beraber-insaniyetke-namusli-hizmet-ve-sadiqliq-temsili-olgan-insanni-sonki-yoluna-ozgardilar\/"},"author":{"name":"Developer","@id":"https:\/\/qtmm.org\/qt\/#\/schema\/person\/de562469f971dec226ac06e60bbf74a7"},"headline":"Refat \u00c7ubarov: \u00abQ\u0131r\u0131mtatar halq\u0131n\u0131\u00f1 vekilleri bug\u00fcn Pragada b\u00fct\u00fcn \u00c7ehiya ve b\u00fct\u00fcn d\u00fcnya ile beraber insaniyetke namusl\u0131 h\u0131zmet ve sad\u0131ql\u0131q temsili ol\u011fan insann\u0131 so\u00f1ki yoluna oz\u011fard\u0131lar\u00bb","datePublished":"2011-12-23T20:09:00+00:00","dateModified":"2022-01-19T20:10:09+00:00","mainEntityOfPage":{"@id":"https:\/\/qtmm.org\/qt\/refat-cubarov-qirimtatar-halqinin-vekilleri-bugun-pragada-butun-cehiya-ve-butun-dunya-ile-beraber-insaniyetke-namusli-hizmet-ve-sadiqliq-temsili-olgan-insanni-sonki-yoluna-ozgardilar\/"},"wordCount":500,"commentCount":0,"publisher":{"@id":"https:\/\/qtmm.org\/qt\/#organization"},"articleSection":["Haberler"],"inLanguage":"qt","potentialAction":[{"@type":"CommentAction","name":"Comment","target":["https:\/\/qtmm.org\/qt\/refat-cubarov-qirimtatar-halqinin-vekilleri-bugun-pragada-butun-cehiya-ve-butun-dunya-ile-beraber-insaniyetke-namusli-hizmet-ve-sadiqliq-temsili-olgan-insanni-sonki-yoluna-ozgardilar\/#respond"]}]},{"@type":"WebPage","@id":"https:\/\/qtmm.org\/qt\/refat-cubarov-qirimtatar-halqinin-vekilleri-bugun-pragada-butun-cehiya-ve-butun-dunya-ile-beraber-insaniyetke-namusli-hizmet-ve-sadiqliq-temsili-olgan-insanni-sonki-yoluna-ozgardilar\/","url":"https:\/\/qtmm.org\/qt\/refat-cubarov-qirimtatar-halqinin-vekilleri-bugun-pragada-butun-cehiya-ve-butun-dunya-ile-beraber-insaniyetke-namusli-hizmet-ve-sadiqliq-temsili-olgan-insanni-sonki-yoluna-ozgardilar\/","name":"Refat \u00c7ubarov: \u00abQ\u0131r\u0131mtatar halq\u0131n\u0131\u00f1 vekilleri bug\u00fcn Pragada b\u00fct\u00fcn \u00c7ehiya ve b\u00fct\u00fcn d\u00fcnya ile beraber insaniyetke namusl\u0131 h\u0131zmet ve sad\u0131ql\u0131q temsili ol\u011fan insann\u0131 so\u00f1ki yoluna oz\u011fard\u0131lar\u00bb - \u041c\u0435\u0434\u0436\u043b\u0456\u0441","isPartOf":{"@id":"https:\/\/qtmm.org\/qt\/#website"},"datePublished":"2011-12-23T20:09:00+00:00","dateModified":"2022-01-19T20:10:09+00:00","breadcrumb":{"@id":"https:\/\/qtmm.org\/qt\/refat-cubarov-qirimtatar-halqinin-vekilleri-bugun-pragada-butun-cehiya-ve-butun-dunya-ile-beraber-insaniyetke-namusli-hizmet-ve-sadiqliq-temsili-olgan-insanni-sonki-yoluna-ozgardilar\/#breadcrumb"},"inLanguage":"qt","potentialAction":[{"@type":"ReadAction","target":["https:\/\/qtmm.org\/qt\/refat-cubarov-qirimtatar-halqinin-vekilleri-bugun-pragada-butun-cehiya-ve-butun-dunya-ile-beraber-insaniyetke-namusli-hizmet-ve-sadiqliq-temsili-olgan-insanni-sonki-yoluna-ozgardilar\/"]}]},{"@type":"BreadcrumbList","@id":"https:\/\/qtmm.org\/qt\/refat-cubarov-qirimtatar-halqinin-vekilleri-bugun-pragada-butun-cehiya-ve-butun-dunya-ile-beraber-insaniyetke-namusli-hizmet-ve-sadiqliq-temsili-olgan-insanni-sonki-yoluna-ozgardilar\/#breadcrumb","itemListElement":[{"@type":"ListItem","position":1,"name":"\u0413\u043e\u043b\u043e\u0432\u043d\u0430","item":"https:\/\/qtmm.org\/qt\/"},{"@type":"ListItem","position":2,"name":"Refat \u00c7ubarov: \u00abQ\u0131r\u0131mtatar halq\u0131n\u0131\u00f1 vekilleri bug\u00fcn Pragada b\u00fct\u00fcn \u00c7ehiya ve b\u00fct\u00fcn d\u00fcnya ile beraber insaniyetke namusl\u0131 h\u0131zmet ve sad\u0131ql\u0131q temsili ol\u011fan insann\u0131 so\u00f1ki yoluna oz\u011fard\u0131lar\u00bb"}]},{"@type":"WebSite","@id":"https:\/\/qtmm.org\/qt\/#website","url":"https:\/\/qtmm.org\/qt\/","name":"\u041c\u0435\u0434\u0436\u043b\u0456\u0441","description":"","publisher":{"@id":"https:\/\/qtmm.org\/qt\/#organization"},"potentialAction":[{"@type":"SearchAction","target":{"@type":"EntryPoint","urlTemplate":"https:\/\/qtmm.org\/qt\/?s={search_term_string}"},"query-input":{"@type":"PropertyValueSpecification","valueRequired":true,"valueName":"search_term_string"}}],"inLanguage":"qt"},{"@type":"Organization","@id":"https:\/\/qtmm.org\/qt\/#organization","name":"\u041c\u0435\u0434\u0436\u043b\u0456\u0441","url":"https:\/\/qtmm.org\/qt\/","logo":{"@type":"ImageObject","inLanguage":"qt","@id":"https:\/\/qtmm.org\/qt\/#\/schema\/logo\/image\/","url":"https:\/\/qtmm.org\/wp-content\/uploads\/2024\/12\/ua-mejlis-logo-rgb.svg","contentUrl":"https:\/\/qtmm.org\/wp-content\/uploads\/2024\/12\/ua-mejlis-logo-rgb.svg","caption":"\u041c\u0435\u0434\u0436\u043b\u0456\u0441"},"image":{"@id":"https:\/\/qtmm.org\/qt\/#\/schema\/logo\/image\/"},"sameAs":["https:\/\/www.facebook.com\/qtmm.info\/"]},{"@type":"Person","@id":"https:\/\/qtmm.org\/qt\/#\/schema\/person\/de562469f971dec226ac06e60bbf74a7","name":"Developer","image":{"@type":"ImageObject","inLanguage":"qt","@id":"https:\/\/secure.gravatar.com\/avatar\/392b4cc8fbfeb00b39dfeeab4ee6edded39ffd48e25858637e4765810300227e?s=96&d=mm&r=g","url":"https:\/\/secure.gravatar.com\/avatar\/392b4cc8fbfeb00b39dfeeab4ee6edded39ffd48e25858637e4765810300227e?s=96&d=mm&r=g","contentUrl":"https:\/\/secure.gravatar.com\/avatar\/392b4cc8fbfeb00b39dfeeab4ee6edded39ffd48e25858637e4765810300227e?s=96&d=mm&r=g","caption":"Developer"},"url":"https:\/\/qtmm.org\/qt\/author\/Developer\/"}]}},"_links":{"self":[{"href":"https:\/\/qtmm.org\/qt\/wp-json\/wp\/v2\/posts\/28183","targetHints":{"allow":["GET"]}}],"collection":[{"href":"https:\/\/qtmm.org\/qt\/wp-json\/wp\/v2\/posts"}],"about":[{"href":"https:\/\/qtmm.org\/qt\/wp-json\/wp\/v2\/types\/post"}],"author":[{"embeddable":true,"href":"https:\/\/qtmm.org\/qt\/wp-json\/wp\/v2\/users\/1"}],"replies":[{"embeddable":true,"href":"https:\/\/qtmm.org\/qt\/wp-json\/wp\/v2\/comments?post=28183"}],"version-history":[{"count":1,"href":"https:\/\/qtmm.org\/qt\/wp-json\/wp\/v2\/posts\/28183\/revisions"}],"predecessor-version":[{"id":28185,"href":"https:\/\/qtmm.org\/qt\/wp-json\/wp\/v2\/posts\/28183\/revisions\/28185"}],"wp:attachment":[{"href":"https:\/\/qtmm.org\/qt\/wp-json\/wp\/v2\/media?parent=28183"}],"wp:term":[{"taxonomy":"category","embeddable":true,"href":"https:\/\/qtmm.org\/qt\/wp-json\/wp\/v2\/categories?post=28183"},{"taxonomy":"post_tag","embeddable":true,"href":"https:\/\/qtmm.org\/qt\/wp-json\/wp\/v2\/tags?post=28183"}],"curies":[{"name":"wp","href":"https:\/\/api.w.org\/{rel}","templated":true}]}}