




{"id":28164,"date":"2011-12-22T23:07:00","date_gmt":"2011-12-22T20:07:00","guid":{"rendered":"http:\/\/qtmm.org\/?p=28164"},"modified":"2022-01-19T23:09:26","modified_gmt":"2022-01-19T20:09:26","slug":"qurultay-ruh-fraktsiyasinin-deputatlari-qirim-tasil-ve-ilim-yasliq-ve-sport-nazirinin-esabatini-keskin-tenqid-ettiler","status":"publish","type":"post","link":"https:\/\/qtmm.org\/qt\/qurultay-ruh-fraktsiyasinin-deputatlari-qirim-tasil-ve-ilim-yasliq-ve-sport-nazirinin-esabatini-keskin-tenqid-ettiler\/","title":{"rendered":"\u00abQurultay \u2013Ruh\u00bb fraktsiyas\u0131n\u0131\u00f1 deputatlar\u0131 Q\u0131r\u0131m Tasil ve ilim, ya\u015fl\u0131q ve sport nazirini\u00f1 esabat\u0131n\u0131 keskin tenqid ettiler"},"content":{"rendered":"\n<p>Ke\u00e7eyatqan y\u0131ln\u0131\u00f1 so\u00f1ki sessiyas\u0131 Nazirler \u015furas\u0131 apparat\u0131nda kadro de\u00f1i\u015fmelerinden ba\u015fland\u0131.<\/p>\n\n\n\n<p>&nbsp;2001 senesi dekabr 21 k\u00fcn\u00fc QMC Yuqar\u0131 \u015euras\u0131n\u0131\u00f1 deputatlar\u0131 \u0130gor \u015epakn\u0131\u00f1 istifas\u0131 ve Q\u0131r\u0131m Sa\u011fl\u0131q saqlavn\u0131\u00f1 ya\u00f1\u0131 naziri i\u00e7\u00fcn rey berdiler. Nazir olaraq Aleksandr K\u00f6nevskiy tayinlendi. Bun\u0131\u00f1 kibi deputatlar Medeniy asabal\u0131qn\u0131 qoruv boyunca cumhuriyet komitetini\u00f1 reisi Sergey Turn\u0131 vazifesinden bo\u015fatt\u0131lar. K\u00fcn tertibinde planla\u015ft\u0131r\u0131l\u011fan bir s\u0131ra nazirlik ve idarelerni\u00f1, \u015fu c\u00fcmleden Maliye nazirini\u00f1 de, faaliyeti boyunca esabat\u0131n\u0131 di\u00f1lemediler ve olarn\u0131\u00f1 muzakeresiz qabul etilmesi i\u00e7\u00fcn rey berdiler.<\/p>\n\n\n\n<p>&nbsp;Ayn\u0131 zamanda Q\u0131r\u0131m Tasil ve ilim, ya\u015fl\u0131q ve sport naziri Vitalina Dzozn\u0131\u00f1 esabat\u0131 &#8220;Qurultay \u2013Ruh&#8221; fraktsiyas\u0131n\u0131\u00f1 deputatlar\u0131 Refat \u00c7ubarov ve Safure Kacametova taraf\u0131ndan keskin tenqidge o\u011frat\u0131ld\u0131.<\/p>\n\n\n\n<p>&nbsp;Deputatlarn\u0131\u00f1 bildirgenine k\u00f6re 2010 senesi okt\u00e2br ay\u0131nda Q\u0131r\u0131m Yuqar\u0131 \u015euras\u0131 taraf\u0131ndan qabul etilgen &#8220;Q\u0131r\u0131m Muhtar Cumhuriyetinde q\u0131r\u0131mtatar tilinde tasil k\u00f6ntseptsiyas\u0131&#8221; \u00f6m\u00fcrge ke\u00e7irilmey, Q\u0131r\u0131m Tasil nazirligi ise ana tillerde mektepkece ve mektep tasilini inki\u015faf ettir\u00fcv meselelerni\u00f1 \u00e7eziminden tolus\u0131nen \u00e7etle\u015fti.<\/p>\n\n\n\n<p>&nbsp;Q\u0131r\u0131m Yuqar\u0131 \u015euras\u0131n\u0131\u00f1 minberinden Maarif naziri Vitalina Dzoz\u011fa h\u0131tap etken Refat \u00c7ubarov b\u00f6yle dedi: &#8220;Sizni di\u00f1legende sanki tasil saas\u0131 inki\u015faf\u0131n\u0131\u00f1 e\u00f1 yuqar\u0131 noqtas\u0131na k\u00f6terilgen, dep bellemek m\u00fcmk\u00fcn. Amma men \u015fun\u0131 qayd etmege ister edim ki, Q\u0131r\u0131m Tasil ve ilim, ya\u015fl\u0131q ve sport nazirligi k\u00f6y, qasaba, \u015feer mekteplerindeki aqiqiy vaziyetten i\u00e7 haberdar degil. Mektepkece balalar m\u00fcessiselerinde de ayn\u0131 al meydan\u011fa kelgen. Sizi\u00f1 vazife\u00f1iz dairesine kirgen meseleler boyunca suallerim bar. Tasil nazirligi s\u0131fat\u0131nda siz ana-babalar ve balalarn\u0131\u00f1 anna tilinde oqumaq uquq\u0131n\u0131 teminlemek ve Ukraina qanunlar\u0131na riayet etmek borclus\u0131\u00f1\u0131z. Qarasuvbazar rayon \u015furas\u0131n\u0131\u00f1 qarar\u0131 ukrain, q\u0131r\u0131mtatar ve diger milliy tillerde oqut\u0131l\u011fan s\u0131n\u0131flarn\u0131 tolduruv normativlerini \u00f6z ba\u015f\u0131na l\u00e2\u011fv ete. Tertip boyunca s\u0131n\u0131fta k\u00f6ylerde \u2013 5, \u015feerde ise \u2013 8 bala yerine endi rayon \u015furas\u0131n\u0131\u00f1 qarar\u0131nen de\u00f1i\u015fme kirsetilip, endi k\u00f6yler i\u00e7\u00fcn 12, \u015feerler i\u00e7\u00fcn 15 talebe normativi kirsetilgen. Sizden soramaq isteyim, ne i\u00e7\u00fcn siz, nazir olaraq, \u015fu rayon deputatlar\u0131n\u0131 tazirlemek i\u00e7\u00fcn prokuratura\u011fa muracaat etmedi\u00f1iz? Ne i\u00e7\u00fcn bu qararn\u0131\u00f1 l\u00e2\u011fv etilmesini talap etmedi\u00f1iz? Bu birinci sualim.<\/p>\n\n\n\n<p>Ekinci sual. Sizden soramaq isteyim, milliy mekteplerde \u00e7al\u0131\u015fqan ocalar ile \u015fahsen siz ne vaq\u0131t ve nas\u0131l konkret tedbirler ke\u00e7irdi\u00f1iz, mezk\u00fcr mekteplerde oqutuv i\u00e7\u00fcn dersliklerni az\u0131rlav boyunca planlar\u0131\u00f1\u0131z nas\u0131l?<\/p>\n\n\n\n<p>&nbsp;Ve so\u00f1ki sualim. Qarasuvbazar rayon \u015furas\u0131n\u0131\u00f1 qarar\u0131n\u0131 daa bir kere baq\u0131p \u00e7\u0131qsa\u00f1\u0131z, \u015fura milliy tillerde oqut\u0131l\u011fan s\u0131n\u0131flarn\u0131 a\u00e7maq uquq\u0131n\u0131 kendine al\u0131p, tasil b\u00f6l\u00fcgine ise milliy s\u0131n\u0131flarn\u0131 tek maddiy-tehnikiy bazas\u0131 tekmillengen so\u00f1 a\u00e7maqn\u0131 tevsiye ete. Ya bu s\u0131n\u0131flarn\u0131 yerli akimiyet donatmasa, kim donatacaq?<\/p>\n\n\n\n<p>Nazir han\u0131m, \u015fun\u0131 da bilmege isteyim, ana-babalar ve balalarn\u0131\u00f1 ana tilinde tasil almaq aqq\u0131n\u0131 teminlegen Ukraina qanunlar\u0131n\u0131\u00f1 episinden tolus\u0131nen faydalanas\u0131\u00f1\u0131zm\u0131?&#8221;<\/p>\n\n\n\n<p>&nbsp;\u00d6z nevbetinde Q\u0131r\u0131m Yuqar\u0131 \u015euras\u0131n\u0131\u00f1 deputat\u0131 Safure Kacametova qayd etti: &#8220;K\u00f6ntseptsiyan\u0131 amelge ke\u00e7irmek maqsad\u0131nen Q\u0131r\u0131m Yuqar\u0131 \u015euras\u0131 Q\u0131r\u0131m Nazirler \u015furas\u0131na Q\u0131r\u0131m Muhtar Cumhuriyetinde q\u0131r\u0131mtatar tilinde tasil k\u00f6ntseptsiyas\u0131n\u0131 amelge ke\u00e7ir\u00fcv programmas\u0131n\u0131 i\u015flemekni avale etken edi. Aradan bir y\u0131ldan ziyade vaq\u0131t ke\u00e7ti, Programma \u00f6yle de i\u015flenilmedi. 2010 s. Okt\u00e2br 20-de qabul etilgen \u21161915-5\/10 Qararn\u0131\u00f1 esas\u0131nda maqsadl\u0131 devlet programmas\u0131n\u0131 i\u015flev boyunca i\u015f\u00e7i gruppan\u0131 meydan\u011fa ketir\u00fcv boyunca Tasil nazirine bizim muracaatlar\u0131m\u0131z ve deputatl\u0131q soravlar\u0131m\u0131z cevaps\u0131z qald\u0131.<\/p>\n\n\n\n<p>\u00a0K\u00f6ntseptsiya becerilmedi, neticede biz bir s\u00fcr\u00fc \u00e7ezilmegen problemlerge ve bun\u0131\u00f1 aqibetinde y\u00fcz bergen davalar\u011fa rastkelemiz. Davalar ise q\u0131r\u0131mtatar tilinde oqut\u0131l\u011fan s\u0131n\u0131flarn\u0131 a\u00e7maq imk\u00e2n\u0131 ol\u011fan yerlerde \u00e7oqus\u0131 vazifedar insanlar ve mektep direktorlar\u0131n\u0131\u00f1 qar\u015f\u0131l\u0131q k\u00f6stergeni sebebinden ola&#8221;<\/p>\n\n\n\n<figure class=\"wp-block-gallery columns-3 is-cropped wp-block-gallery-1 is-layout-flex wp-block-gallery-is-layout-flex\"><ul class=\"blocks-gallery-grid\"><li class=\"blocks-gallery-item\"><figure><a href=\"http:\/\/qtmm.org\/wp-content\/uploads\/2022\/01\/4ef599a9dc45d.jpeg\"><img loading=\"lazy\" decoding=\"async\" width=\"640\" height=\"480\" src=\"http:\/\/qtmm.org\/wp-content\/uploads\/2022\/01\/4ef599a9dc45d.jpeg\" alt=\"\" data-id=\"28168\" data-full-url=\"http:\/\/qtmm.org\/wp-content\/uploads\/2022\/01\/4ef599a9dc45d.jpeg\" data-link=\"http:\/\/qtmm.org\/?attachment_id=28168\" class=\"wp-image-28168\" srcset=\"https:\/\/qtmm.org\/wp-content\/uploads\/2022\/01\/4ef599a9dc45d.jpeg 640w, https:\/\/qtmm.org\/wp-content\/uploads\/2022\/01\/4ef599a9dc45d-300x225.jpeg 300w\" sizes=\"auto, (max-width: 640px) 100vw, 640px\" \/><\/a><\/figure><\/li><li class=\"blocks-gallery-item\"><figure><a href=\"http:\/\/qtmm.org\/wp-content\/uploads\/2022\/01\/4ef599a99ab82.jpeg\"><img loading=\"lazy\" decoding=\"async\" width=\"640\" height=\"480\" src=\"http:\/\/qtmm.org\/wp-content\/uploads\/2022\/01\/4ef599a99ab82.jpeg\" alt=\"\" data-id=\"28172\" data-full-url=\"http:\/\/qtmm.org\/wp-content\/uploads\/2022\/01\/4ef599a99ab82.jpeg\" data-link=\"http:\/\/qtmm.org\/?attachment_id=28172\" class=\"wp-image-28172\" srcset=\"https:\/\/qtmm.org\/wp-content\/uploads\/2022\/01\/4ef599a99ab82.jpeg 640w, https:\/\/qtmm.org\/wp-content\/uploads\/2022\/01\/4ef599a99ab82-300x225.jpeg 300w\" sizes=\"auto, (max-width: 640px) 100vw, 640px\" \/><\/a><\/figure><\/li><li class=\"blocks-gallery-item\"><figure><a href=\"http:\/\/qtmm.org\/wp-content\/uploads\/2022\/01\/4ef599a95989b.jpeg\"><img loading=\"lazy\" decoding=\"async\" width=\"640\" height=\"480\" src=\"http:\/\/qtmm.org\/wp-content\/uploads\/2022\/01\/4ef599a95989b.jpeg\" alt=\"\" data-id=\"28176\" data-full-url=\"http:\/\/qtmm.org\/wp-content\/uploads\/2022\/01\/4ef599a95989b.jpeg\" data-link=\"http:\/\/qtmm.org\/?attachment_id=28176\" class=\"wp-image-28176\" srcset=\"https:\/\/qtmm.org\/wp-content\/uploads\/2022\/01\/4ef599a95989b.jpeg 640w, https:\/\/qtmm.org\/wp-content\/uploads\/2022\/01\/4ef599a95989b-300x225.jpeg 300w\" sizes=\"auto, (max-width: 640px) 100vw, 640px\" \/><\/a><\/figure><\/li><\/ul><\/figure>\n\n\n\n<h1 class=\"wp-block-heading\">Haberlerge video<\/h1>\n\n\n\n<figure class=\"wp-block-embed is-type-rich is-provider-embed-handler wp-block-embed-embed-handler wp-embed-aspect-4-3 wp-has-aspect-ratio\"><div class=\"wp-block-embed__wrapper\">\nhttps:\/\/youtube.com\/watch?v=mmX_vdqEOWk\n<\/div><\/figure>\n","protected":false},"excerpt":{"rendered":"<p>Ke\u00e7eyatqan y\u0131ln\u0131\u00f1 so\u00f1ki sessiyas\u0131 Nazirler \u015furas\u0131 apparat\u0131nda kadro de\u00f1i\u015fmelerinden ba\u015fland\u0131. &nbsp;2001 senesi dekabr 21 k\u00fcn\u00fc QMC Yuqar\u0131 \u015euras\u0131n\u0131\u00f1 deputatlar\u0131 \u0130gor \u015epakn\u0131\u00f1 istifas\u0131 ve Q\u0131r\u0131m Sa\u011fl\u0131q saqlavn\u0131\u00f1 ya\u00f1\u0131 naziri i\u00e7\u00fcn rey berdiler. Nazir olaraq Aleksandr K\u00f6nevskiy tayinlendi. Bun\u0131\u00f1 kibi deputatlar Medeniy asabal\u0131qn\u0131 qoruv boyunca cumhuriyet komitetini\u00f1 reisi Sergey Turn\u0131 vazifesinden bo\u015fatt\u0131lar. K\u00fcn tertibinde planla\u015ft\u0131r\u0131l\u011fan bir s\u0131ra [&hellip;]<\/p>\n","protected":false},"author":1,"featured_media":28168,"comment_status":"open","ping_status":"open","sticky":false,"template":"","format":"standard","meta":{"inline_featured_image":false,"footnotes":""},"categories":[265],"tags":[],"class_list":["post-28164","post","type-post","status-publish","format-standard","has-post-thumbnail","hentry","category-haberler"],"acf":[],"yoast_head":"<!-- This site is optimized with the Yoast SEO plugin v27.4 - https:\/\/yoast.com\/product\/yoast-seo-wordpress\/ -->\n<title>\u00abQurultay \u2013Ruh\u00bb fraktsiyas\u0131n\u0131\u00f1 deputatlar\u0131 Q\u0131r\u0131m Tasil ve ilim, ya\u015fl\u0131q ve sport nazirini\u00f1 esabat\u0131n\u0131 keskin tenqid ettiler - \u041c\u0435\u0434\u0436\u043b\u0456\u0441<\/title>\n<meta name=\"robots\" content=\"index, follow, max-snippet:-1, max-image-preview:large, max-video-preview:-1\" \/>\n<link rel=\"canonical\" href=\"https:\/\/qtmm.org\/qt\/qurultay-ruh-fraktsiyasinin-deputatlari-qirim-tasil-ve-ilim-yasliq-ve-sport-nazirinin-esabatini-keskin-tenqid-ettiler\/\" \/>\n<meta property=\"og:locale\" content=\"en_US\" \/>\n<meta property=\"og:type\" content=\"article\" \/>\n<meta property=\"og:title\" content=\"\u00abQurultay \u2013Ruh\u00bb fraktsiyas\u0131n\u0131\u00f1 deputatlar\u0131 Q\u0131r\u0131m Tasil ve ilim, ya\u015fl\u0131q ve sport nazirini\u00f1 esabat\u0131n\u0131 keskin tenqid ettiler - \u041c\u0435\u0434\u0436\u043b\u0456\u0441\" \/>\n<meta property=\"og:description\" content=\"Ke\u00e7eyatqan y\u0131ln\u0131\u00f1 so\u00f1ki sessiyas\u0131 Nazirler \u015furas\u0131 apparat\u0131nda kadro de\u00f1i\u015fmelerinden ba\u015fland\u0131. &nbsp;2001 senesi dekabr 21 k\u00fcn\u00fc QMC Yuqar\u0131 \u015euras\u0131n\u0131\u00f1 deputatlar\u0131 \u0130gor \u015epakn\u0131\u00f1 istifas\u0131 ve Q\u0131r\u0131m Sa\u011fl\u0131q saqlavn\u0131\u00f1 ya\u00f1\u0131 naziri i\u00e7\u00fcn rey berdiler. Nazir olaraq Aleksandr K\u00f6nevskiy tayinlendi. Bun\u0131\u00f1 kibi deputatlar Medeniy asabal\u0131qn\u0131 qoruv boyunca cumhuriyet komitetini\u00f1 reisi Sergey Turn\u0131 vazifesinden bo\u015fatt\u0131lar. K\u00fcn tertibinde planla\u015ft\u0131r\u0131l\u011fan bir s\u0131ra [&hellip;]\" \/>\n<meta property=\"og:url\" content=\"https:\/\/qtmm.org\/qt\/qurultay-ruh-fraktsiyasinin-deputatlari-qirim-tasil-ve-ilim-yasliq-ve-sport-nazirinin-esabatini-keskin-tenqid-ettiler\/\" \/>\n<meta property=\"og:site_name\" content=\"\u041c\u0435\u0434\u0436\u043b\u0456\u0441\" \/>\n<meta property=\"article:publisher\" content=\"https:\/\/www.facebook.com\/qtmm.info\/\" \/>\n<meta property=\"article:published_time\" content=\"2011-12-22T20:07:00+00:00\" \/>\n<meta property=\"article:modified_time\" content=\"2022-01-19T20:09:26+00:00\" \/>\n<meta property=\"og:image\" content=\"https:\/\/qtmm.org\/wp-content\/uploads\/2022\/01\/4ef599a9dc45d.jpeg\" \/>\n\t<meta property=\"og:image:width\" content=\"640\" \/>\n\t<meta property=\"og:image:height\" content=\"480\" \/>\n\t<meta property=\"og:image:type\" content=\"image\/jpeg\" \/>\n<meta name=\"author\" content=\"Developer\" \/>\n<meta name=\"twitter:card\" content=\"summary_large_image\" \/>\n<meta name=\"twitter:label1\" content=\"Written by\" \/>\n\t<meta name=\"twitter:data1\" content=\"Developer\" \/>\n\t<meta name=\"twitter:label2\" content=\"Est. reading time\" \/>\n\t<meta name=\"twitter:data2\" content=\"3 minutes\" \/>\n<script type=\"application\/ld+json\" class=\"yoast-schema-graph\">{\"@context\":\"https:\\\/\\\/schema.org\",\"@graph\":[{\"@type\":\"Article\",\"@id\":\"https:\\\/\\\/qtmm.org\\\/qt\\\/qurultay-ruh-fraktsiyasinin-deputatlari-qirim-tasil-ve-ilim-yasliq-ve-sport-nazirinin-esabatini-keskin-tenqid-ettiler\\\/#article\",\"isPartOf\":{\"@id\":\"https:\\\/\\\/qtmm.org\\\/qt\\\/qurultay-ruh-fraktsiyasinin-deputatlari-qirim-tasil-ve-ilim-yasliq-ve-sport-nazirinin-esabatini-keskin-tenqid-ettiler\\\/\"},\"author\":{\"name\":\"Developer\",\"@id\":\"https:\\\/\\\/qtmm.org\\\/qt\\\/#\\\/schema\\\/person\\\/de562469f971dec226ac06e60bbf74a7\"},\"headline\":\"\u00abQurultay \u2013Ruh\u00bb fraktsiyas\u0131n\u0131\u00f1 deputatlar\u0131 Q\u0131r\u0131m Tasil ve ilim, ya\u015fl\u0131q ve sport nazirini\u00f1 esabat\u0131n\u0131 keskin tenqid ettiler\",\"datePublished\":\"2011-12-22T20:07:00+00:00\",\"dateModified\":\"2022-01-19T20:09:26+00:00\",\"mainEntityOfPage\":{\"@id\":\"https:\\\/\\\/qtmm.org\\\/qt\\\/qurultay-ruh-fraktsiyasinin-deputatlari-qirim-tasil-ve-ilim-yasliq-ve-sport-nazirinin-esabatini-keskin-tenqid-ettiler\\\/\"},\"wordCount\":719,\"commentCount\":0,\"publisher\":{\"@id\":\"https:\\\/\\\/qtmm.org\\\/qt\\\/#organization\"},\"image\":{\"@id\":\"https:\\\/\\\/qtmm.org\\\/qt\\\/qurultay-ruh-fraktsiyasinin-deputatlari-qirim-tasil-ve-ilim-yasliq-ve-sport-nazirinin-esabatini-keskin-tenqid-ettiler\\\/#primaryimage\"},\"thumbnailUrl\":\"https:\\\/\\\/qtmm.org\\\/wp-content\\\/uploads\\\/2022\\\/01\\\/4ef599a9dc45d.jpeg\",\"articleSection\":[\"Haberler\"],\"inLanguage\":\"qt\",\"potentialAction\":[{\"@type\":\"CommentAction\",\"name\":\"Comment\",\"target\":[\"https:\\\/\\\/qtmm.org\\\/qt\\\/qurultay-ruh-fraktsiyasinin-deputatlari-qirim-tasil-ve-ilim-yasliq-ve-sport-nazirinin-esabatini-keskin-tenqid-ettiler\\\/#respond\"]}]},{\"@type\":\"WebPage\",\"@id\":\"https:\\\/\\\/qtmm.org\\\/qt\\\/qurultay-ruh-fraktsiyasinin-deputatlari-qirim-tasil-ve-ilim-yasliq-ve-sport-nazirinin-esabatini-keskin-tenqid-ettiler\\\/\",\"url\":\"https:\\\/\\\/qtmm.org\\\/qt\\\/qurultay-ruh-fraktsiyasinin-deputatlari-qirim-tasil-ve-ilim-yasliq-ve-sport-nazirinin-esabatini-keskin-tenqid-ettiler\\\/\",\"name\":\"\u00abQurultay \u2013Ruh\u00bb fraktsiyas\u0131n\u0131\u00f1 deputatlar\u0131 Q\u0131r\u0131m Tasil ve ilim, ya\u015fl\u0131q ve sport nazirini\u00f1 esabat\u0131n\u0131 keskin tenqid ettiler - \u041c\u0435\u0434\u0436\u043b\u0456\u0441\",\"isPartOf\":{\"@id\":\"https:\\\/\\\/qtmm.org\\\/qt\\\/#website\"},\"primaryImageOfPage\":{\"@id\":\"https:\\\/\\\/qtmm.org\\\/qt\\\/qurultay-ruh-fraktsiyasinin-deputatlari-qirim-tasil-ve-ilim-yasliq-ve-sport-nazirinin-esabatini-keskin-tenqid-ettiler\\\/#primaryimage\"},\"image\":{\"@id\":\"https:\\\/\\\/qtmm.org\\\/qt\\\/qurultay-ruh-fraktsiyasinin-deputatlari-qirim-tasil-ve-ilim-yasliq-ve-sport-nazirinin-esabatini-keskin-tenqid-ettiler\\\/#primaryimage\"},\"thumbnailUrl\":\"https:\\\/\\\/qtmm.org\\\/wp-content\\\/uploads\\\/2022\\\/01\\\/4ef599a9dc45d.jpeg\",\"datePublished\":\"2011-12-22T20:07:00+00:00\",\"dateModified\":\"2022-01-19T20:09:26+00:00\",\"breadcrumb\":{\"@id\":\"https:\\\/\\\/qtmm.org\\\/qt\\\/qurultay-ruh-fraktsiyasinin-deputatlari-qirim-tasil-ve-ilim-yasliq-ve-sport-nazirinin-esabatini-keskin-tenqid-ettiler\\\/#breadcrumb\"},\"inLanguage\":\"qt\",\"potentialAction\":[{\"@type\":\"ReadAction\",\"target\":[\"https:\\\/\\\/qtmm.org\\\/qt\\\/qurultay-ruh-fraktsiyasinin-deputatlari-qirim-tasil-ve-ilim-yasliq-ve-sport-nazirinin-esabatini-keskin-tenqid-ettiler\\\/\"]}]},{\"@type\":\"ImageObject\",\"inLanguage\":\"qt\",\"@id\":\"https:\\\/\\\/qtmm.org\\\/qt\\\/qurultay-ruh-fraktsiyasinin-deputatlari-qirim-tasil-ve-ilim-yasliq-ve-sport-nazirinin-esabatini-keskin-tenqid-ettiler\\\/#primaryimage\",\"url\":\"https:\\\/\\\/qtmm.org\\\/wp-content\\\/uploads\\\/2022\\\/01\\\/4ef599a9dc45d.jpeg\",\"contentUrl\":\"https:\\\/\\\/qtmm.org\\\/wp-content\\\/uploads\\\/2022\\\/01\\\/4ef599a9dc45d.jpeg\",\"width\":640,\"height\":480},{\"@type\":\"BreadcrumbList\",\"@id\":\"https:\\\/\\\/qtmm.org\\\/qt\\\/qurultay-ruh-fraktsiyasinin-deputatlari-qirim-tasil-ve-ilim-yasliq-ve-sport-nazirinin-esabatini-keskin-tenqid-ettiler\\\/#breadcrumb\",\"itemListElement\":[{\"@type\":\"ListItem\",\"position\":1,\"name\":\"\u0413\u043e\u043b\u043e\u0432\u043d\u0430\",\"item\":\"https:\\\/\\\/qtmm.org\\\/qt\\\/\"},{\"@type\":\"ListItem\",\"position\":2,\"name\":\"\u00abQurultay \u2013Ruh\u00bb fraktsiyas\u0131n\u0131\u00f1 deputatlar\u0131 Q\u0131r\u0131m Tasil ve ilim, ya\u015fl\u0131q ve sport nazirini\u00f1 esabat\u0131n\u0131 keskin tenqid ettiler\"}]},{\"@type\":\"WebSite\",\"@id\":\"https:\\\/\\\/qtmm.org\\\/qt\\\/#website\",\"url\":\"https:\\\/\\\/qtmm.org\\\/qt\\\/\",\"name\":\"\u041c\u0435\u0434\u0436\u043b\u0456\u0441\",\"description\":\"\",\"publisher\":{\"@id\":\"https:\\\/\\\/qtmm.org\\\/qt\\\/#organization\"},\"potentialAction\":[{\"@type\":\"SearchAction\",\"target\":{\"@type\":\"EntryPoint\",\"urlTemplate\":\"https:\\\/\\\/qtmm.org\\\/qt\\\/?s={search_term_string}\"},\"query-input\":{\"@type\":\"PropertyValueSpecification\",\"valueRequired\":true,\"valueName\":\"search_term_string\"}}],\"inLanguage\":\"qt\"},{\"@type\":\"Organization\",\"@id\":\"https:\\\/\\\/qtmm.org\\\/qt\\\/#organization\",\"name\":\"\u041c\u0435\u0434\u0436\u043b\u0456\u0441\",\"url\":\"https:\\\/\\\/qtmm.org\\\/qt\\\/\",\"logo\":{\"@type\":\"ImageObject\",\"inLanguage\":\"qt\",\"@id\":\"https:\\\/\\\/qtmm.org\\\/qt\\\/#\\\/schema\\\/logo\\\/image\\\/\",\"url\":\"https:\\\/\\\/qtmm.org\\\/wp-content\\\/uploads\\\/2024\\\/12\\\/ua-mejlis-logo-rgb.svg\",\"contentUrl\":\"https:\\\/\\\/qtmm.org\\\/wp-content\\\/uploads\\\/2024\\\/12\\\/ua-mejlis-logo-rgb.svg\",\"caption\":\"\u041c\u0435\u0434\u0436\u043b\u0456\u0441\"},\"image\":{\"@id\":\"https:\\\/\\\/qtmm.org\\\/qt\\\/#\\\/schema\\\/logo\\\/image\\\/\"},\"sameAs\":[\"https:\\\/\\\/www.facebook.com\\\/qtmm.info\\\/\"]},{\"@type\":\"Person\",\"@id\":\"https:\\\/\\\/qtmm.org\\\/qt\\\/#\\\/schema\\\/person\\\/de562469f971dec226ac06e60bbf74a7\",\"name\":\"Developer\",\"image\":{\"@type\":\"ImageObject\",\"inLanguage\":\"qt\",\"@id\":\"https:\\\/\\\/secure.gravatar.com\\\/avatar\\\/392b4cc8fbfeb00b39dfeeab4ee6edded39ffd48e25858637e4765810300227e?s=96&d=mm&r=g\",\"url\":\"https:\\\/\\\/secure.gravatar.com\\\/avatar\\\/392b4cc8fbfeb00b39dfeeab4ee6edded39ffd48e25858637e4765810300227e?s=96&d=mm&r=g\",\"contentUrl\":\"https:\\\/\\\/secure.gravatar.com\\\/avatar\\\/392b4cc8fbfeb00b39dfeeab4ee6edded39ffd48e25858637e4765810300227e?s=96&d=mm&r=g\",\"caption\":\"Developer\"},\"url\":\"https:\\\/\\\/qtmm.org\\\/qt\\\/author\\\/Developer\\\/\"}]}<\/script>\n<!-- \/ Yoast SEO plugin. -->","yoast_head_json":{"title":"\u00abQurultay \u2013Ruh\u00bb fraktsiyas\u0131n\u0131\u00f1 deputatlar\u0131 Q\u0131r\u0131m Tasil ve ilim, ya\u015fl\u0131q ve sport nazirini\u00f1 esabat\u0131n\u0131 keskin tenqid ettiler - \u041c\u0435\u0434\u0436\u043b\u0456\u0441","robots":{"index":"index","follow":"follow","max-snippet":"max-snippet:-1","max-image-preview":"max-image-preview:large","max-video-preview":"max-video-preview:-1"},"canonical":"https:\/\/qtmm.org\/qt\/qurultay-ruh-fraktsiyasinin-deputatlari-qirim-tasil-ve-ilim-yasliq-ve-sport-nazirinin-esabatini-keskin-tenqid-ettiler\/","og_locale":"en_US","og_type":"article","og_title":"\u00abQurultay \u2013Ruh\u00bb fraktsiyas\u0131n\u0131\u00f1 deputatlar\u0131 Q\u0131r\u0131m Tasil ve ilim, ya\u015fl\u0131q ve sport nazirini\u00f1 esabat\u0131n\u0131 keskin tenqid ettiler - \u041c\u0435\u0434\u0436\u043b\u0456\u0441","og_description":"Ke\u00e7eyatqan y\u0131ln\u0131\u00f1 so\u00f1ki sessiyas\u0131 Nazirler \u015furas\u0131 apparat\u0131nda kadro de\u00f1i\u015fmelerinden ba\u015fland\u0131. &nbsp;2001 senesi dekabr 21 k\u00fcn\u00fc QMC Yuqar\u0131 \u015euras\u0131n\u0131\u00f1 deputatlar\u0131 \u0130gor \u015epakn\u0131\u00f1 istifas\u0131 ve Q\u0131r\u0131m Sa\u011fl\u0131q saqlavn\u0131\u00f1 ya\u00f1\u0131 naziri i\u00e7\u00fcn rey berdiler. Nazir olaraq Aleksandr K\u00f6nevskiy tayinlendi. Bun\u0131\u00f1 kibi deputatlar Medeniy asabal\u0131qn\u0131 qoruv boyunca cumhuriyet komitetini\u00f1 reisi Sergey Turn\u0131 vazifesinden bo\u015fatt\u0131lar. K\u00fcn tertibinde planla\u015ft\u0131r\u0131l\u011fan bir s\u0131ra [&hellip;]","og_url":"https:\/\/qtmm.org\/qt\/qurultay-ruh-fraktsiyasinin-deputatlari-qirim-tasil-ve-ilim-yasliq-ve-sport-nazirinin-esabatini-keskin-tenqid-ettiler\/","og_site_name":"\u041c\u0435\u0434\u0436\u043b\u0456\u0441","article_publisher":"https:\/\/www.facebook.com\/qtmm.info\/","article_published_time":"2011-12-22T20:07:00+00:00","article_modified_time":"2022-01-19T20:09:26+00:00","og_image":[{"width":640,"height":480,"url":"https:\/\/qtmm.org\/wp-content\/uploads\/2022\/01\/4ef599a9dc45d.jpeg","type":"image\/jpeg"}],"author":"Developer","twitter_card":"summary_large_image","twitter_misc":{"Written by":"Developer","Est. reading time":"3 minutes"},"schema":{"@context":"https:\/\/schema.org","@graph":[{"@type":"Article","@id":"https:\/\/qtmm.org\/qt\/qurultay-ruh-fraktsiyasinin-deputatlari-qirim-tasil-ve-ilim-yasliq-ve-sport-nazirinin-esabatini-keskin-tenqid-ettiler\/#article","isPartOf":{"@id":"https:\/\/qtmm.org\/qt\/qurultay-ruh-fraktsiyasinin-deputatlari-qirim-tasil-ve-ilim-yasliq-ve-sport-nazirinin-esabatini-keskin-tenqid-ettiler\/"},"author":{"name":"Developer","@id":"https:\/\/qtmm.org\/qt\/#\/schema\/person\/de562469f971dec226ac06e60bbf74a7"},"headline":"\u00abQurultay \u2013Ruh\u00bb fraktsiyas\u0131n\u0131\u00f1 deputatlar\u0131 Q\u0131r\u0131m Tasil ve ilim, ya\u015fl\u0131q ve sport nazirini\u00f1 esabat\u0131n\u0131 keskin tenqid ettiler","datePublished":"2011-12-22T20:07:00+00:00","dateModified":"2022-01-19T20:09:26+00:00","mainEntityOfPage":{"@id":"https:\/\/qtmm.org\/qt\/qurultay-ruh-fraktsiyasinin-deputatlari-qirim-tasil-ve-ilim-yasliq-ve-sport-nazirinin-esabatini-keskin-tenqid-ettiler\/"},"wordCount":719,"commentCount":0,"publisher":{"@id":"https:\/\/qtmm.org\/qt\/#organization"},"image":{"@id":"https:\/\/qtmm.org\/qt\/qurultay-ruh-fraktsiyasinin-deputatlari-qirim-tasil-ve-ilim-yasliq-ve-sport-nazirinin-esabatini-keskin-tenqid-ettiler\/#primaryimage"},"thumbnailUrl":"https:\/\/qtmm.org\/wp-content\/uploads\/2022\/01\/4ef599a9dc45d.jpeg","articleSection":["Haberler"],"inLanguage":"qt","potentialAction":[{"@type":"CommentAction","name":"Comment","target":["https:\/\/qtmm.org\/qt\/qurultay-ruh-fraktsiyasinin-deputatlari-qirim-tasil-ve-ilim-yasliq-ve-sport-nazirinin-esabatini-keskin-tenqid-ettiler\/#respond"]}]},{"@type":"WebPage","@id":"https:\/\/qtmm.org\/qt\/qurultay-ruh-fraktsiyasinin-deputatlari-qirim-tasil-ve-ilim-yasliq-ve-sport-nazirinin-esabatini-keskin-tenqid-ettiler\/","url":"https:\/\/qtmm.org\/qt\/qurultay-ruh-fraktsiyasinin-deputatlari-qirim-tasil-ve-ilim-yasliq-ve-sport-nazirinin-esabatini-keskin-tenqid-ettiler\/","name":"\u00abQurultay \u2013Ruh\u00bb fraktsiyas\u0131n\u0131\u00f1 deputatlar\u0131 Q\u0131r\u0131m Tasil ve ilim, ya\u015fl\u0131q ve sport nazirini\u00f1 esabat\u0131n\u0131 keskin tenqid ettiler - \u041c\u0435\u0434\u0436\u043b\u0456\u0441","isPartOf":{"@id":"https:\/\/qtmm.org\/qt\/#website"},"primaryImageOfPage":{"@id":"https:\/\/qtmm.org\/qt\/qurultay-ruh-fraktsiyasinin-deputatlari-qirim-tasil-ve-ilim-yasliq-ve-sport-nazirinin-esabatini-keskin-tenqid-ettiler\/#primaryimage"},"image":{"@id":"https:\/\/qtmm.org\/qt\/qurultay-ruh-fraktsiyasinin-deputatlari-qirim-tasil-ve-ilim-yasliq-ve-sport-nazirinin-esabatini-keskin-tenqid-ettiler\/#primaryimage"},"thumbnailUrl":"https:\/\/qtmm.org\/wp-content\/uploads\/2022\/01\/4ef599a9dc45d.jpeg","datePublished":"2011-12-22T20:07:00+00:00","dateModified":"2022-01-19T20:09:26+00:00","breadcrumb":{"@id":"https:\/\/qtmm.org\/qt\/qurultay-ruh-fraktsiyasinin-deputatlari-qirim-tasil-ve-ilim-yasliq-ve-sport-nazirinin-esabatini-keskin-tenqid-ettiler\/#breadcrumb"},"inLanguage":"qt","potentialAction":[{"@type":"ReadAction","target":["https:\/\/qtmm.org\/qt\/qurultay-ruh-fraktsiyasinin-deputatlari-qirim-tasil-ve-ilim-yasliq-ve-sport-nazirinin-esabatini-keskin-tenqid-ettiler\/"]}]},{"@type":"ImageObject","inLanguage":"qt","@id":"https:\/\/qtmm.org\/qt\/qurultay-ruh-fraktsiyasinin-deputatlari-qirim-tasil-ve-ilim-yasliq-ve-sport-nazirinin-esabatini-keskin-tenqid-ettiler\/#primaryimage","url":"https:\/\/qtmm.org\/wp-content\/uploads\/2022\/01\/4ef599a9dc45d.jpeg","contentUrl":"https:\/\/qtmm.org\/wp-content\/uploads\/2022\/01\/4ef599a9dc45d.jpeg","width":640,"height":480},{"@type":"BreadcrumbList","@id":"https:\/\/qtmm.org\/qt\/qurultay-ruh-fraktsiyasinin-deputatlari-qirim-tasil-ve-ilim-yasliq-ve-sport-nazirinin-esabatini-keskin-tenqid-ettiler\/#breadcrumb","itemListElement":[{"@type":"ListItem","position":1,"name":"\u0413\u043e\u043b\u043e\u0432\u043d\u0430","item":"https:\/\/qtmm.org\/qt\/"},{"@type":"ListItem","position":2,"name":"\u00abQurultay \u2013Ruh\u00bb fraktsiyas\u0131n\u0131\u00f1 deputatlar\u0131 Q\u0131r\u0131m Tasil ve ilim, ya\u015fl\u0131q ve sport nazirini\u00f1 esabat\u0131n\u0131 keskin tenqid ettiler"}]},{"@type":"WebSite","@id":"https:\/\/qtmm.org\/qt\/#website","url":"https:\/\/qtmm.org\/qt\/","name":"\u041c\u0435\u0434\u0436\u043b\u0456\u0441","description":"","publisher":{"@id":"https:\/\/qtmm.org\/qt\/#organization"},"potentialAction":[{"@type":"SearchAction","target":{"@type":"EntryPoint","urlTemplate":"https:\/\/qtmm.org\/qt\/?s={search_term_string}"},"query-input":{"@type":"PropertyValueSpecification","valueRequired":true,"valueName":"search_term_string"}}],"inLanguage":"qt"},{"@type":"Organization","@id":"https:\/\/qtmm.org\/qt\/#organization","name":"\u041c\u0435\u0434\u0436\u043b\u0456\u0441","url":"https:\/\/qtmm.org\/qt\/","logo":{"@type":"ImageObject","inLanguage":"qt","@id":"https:\/\/qtmm.org\/qt\/#\/schema\/logo\/image\/","url":"https:\/\/qtmm.org\/wp-content\/uploads\/2024\/12\/ua-mejlis-logo-rgb.svg","contentUrl":"https:\/\/qtmm.org\/wp-content\/uploads\/2024\/12\/ua-mejlis-logo-rgb.svg","caption":"\u041c\u0435\u0434\u0436\u043b\u0456\u0441"},"image":{"@id":"https:\/\/qtmm.org\/qt\/#\/schema\/logo\/image\/"},"sameAs":["https:\/\/www.facebook.com\/qtmm.info\/"]},{"@type":"Person","@id":"https:\/\/qtmm.org\/qt\/#\/schema\/person\/de562469f971dec226ac06e60bbf74a7","name":"Developer","image":{"@type":"ImageObject","inLanguage":"qt","@id":"https:\/\/secure.gravatar.com\/avatar\/392b4cc8fbfeb00b39dfeeab4ee6edded39ffd48e25858637e4765810300227e?s=96&d=mm&r=g","url":"https:\/\/secure.gravatar.com\/avatar\/392b4cc8fbfeb00b39dfeeab4ee6edded39ffd48e25858637e4765810300227e?s=96&d=mm&r=g","contentUrl":"https:\/\/secure.gravatar.com\/avatar\/392b4cc8fbfeb00b39dfeeab4ee6edded39ffd48e25858637e4765810300227e?s=96&d=mm&r=g","caption":"Developer"},"url":"https:\/\/qtmm.org\/qt\/author\/Developer\/"}]}},"_links":{"self":[{"href":"https:\/\/qtmm.org\/qt\/wp-json\/wp\/v2\/posts\/28164","targetHints":{"allow":["GET"]}}],"collection":[{"href":"https:\/\/qtmm.org\/qt\/wp-json\/wp\/v2\/posts"}],"about":[{"href":"https:\/\/qtmm.org\/qt\/wp-json\/wp\/v2\/types\/post"}],"author":[{"embeddable":true,"href":"https:\/\/qtmm.org\/qt\/wp-json\/wp\/v2\/users\/1"}],"replies":[{"embeddable":true,"href":"https:\/\/qtmm.org\/qt\/wp-json\/wp\/v2\/comments?post=28164"}],"version-history":[{"count":1,"href":"https:\/\/qtmm.org\/qt\/wp-json\/wp\/v2\/posts\/28164\/revisions"}],"predecessor-version":[{"id":28182,"href":"https:\/\/qtmm.org\/qt\/wp-json\/wp\/v2\/posts\/28164\/revisions\/28182"}],"wp:featuredmedia":[{"embeddable":true,"href":"https:\/\/qtmm.org\/qt\/wp-json\/wp\/v2\/media\/28168"}],"wp:attachment":[{"href":"https:\/\/qtmm.org\/qt\/wp-json\/wp\/v2\/media?parent=28164"}],"wp:term":[{"taxonomy":"category","embeddable":true,"href":"https:\/\/qtmm.org\/qt\/wp-json\/wp\/v2\/categories?post=28164"},{"taxonomy":"post_tag","embeddable":true,"href":"https:\/\/qtmm.org\/qt\/wp-json\/wp\/v2\/tags?post=28164"}],"curies":[{"name":"wp","href":"https:\/\/api.w.org\/{rel}","templated":true}]}}