




{"id":28161,"date":"2011-12-22T23:07:00","date_gmt":"2011-12-22T20:07:00","guid":{"rendered":"http:\/\/qtmm.org\/?p=28161"},"modified":"2022-01-19T23:07:45","modified_gmt":"2022-01-19T20:07:45","slug":"refat-cubarov-pragaga-vatslav-gavel-ile-vedalasuv-merasimine-ketti","status":"publish","type":"post","link":"https:\/\/qtmm.org\/qt\/refat-cubarov-pragaga-vatslav-gavel-ile-vedalasuv-merasimine-ketti\/","title":{"rendered":"Refat \u00c7ubarov Praga\u011fa Vatslav Gavel ile vedala\u015fuv merasimine ketti"},"content":{"rendered":"\n<p>B\u00fct\u00fcnd\u00fcnya q\u0131r\u0131mtatarlar kongressini\u00f1 prezidenti, Q\u0131r\u0131mtatar halq\u0131 Meclis reisini\u00f1 birinci muavini Refat \u00c7ubarov Praga\u011fa \u00c7ehoslovakiyan\u0131\u00f1 so\u00f1ki ve mustaqil \u00c7ehiyan\u0131\u00f1 birinci prezidenti Vatslav Gaveln\u0131\u00f1 cenaze merasimine ketti.<\/p>\n\n\n\n<p>Cenaze 23 dekabr k\u00fcn\u00fc Praga \u015feerindeki aziz Vita kilsesinde olacaq.<\/p>\n\n\n\n<p>Vatslav Gavel dekabr 18 k\u00fcn\u00fc 75 ya\u015f\u0131nda vefat etti.<\/p>\n\n\n\n<p>Bundan evel Q\u0131r\u0131mtatar halq\u0131n\u0131\u00f1 Meclisi V. Gaveln\u0131\u00f1 vefat\u0131 munasebetinen taziyesini bildirgen edi.<\/p>\n","protected":false},"excerpt":{"rendered":"<p>B\u00fct\u00fcnd\u00fcnya q\u0131r\u0131mtatarlar kongressini\u00f1 prezidenti, Q\u0131r\u0131mtatar halq\u0131 Meclis reisini\u00f1 birinci muavini Refat \u00c7ubarov Praga\u011fa \u00c7ehoslovakiyan\u0131\u00f1 so\u00f1ki ve mustaqil \u00c7ehiyan\u0131\u00f1 birinci prezidenti Vatslav Gaveln\u0131\u00f1 cenaze merasimine ketti. Cenaze 23 dekabr k\u00fcn\u00fc Praga \u015feerindeki aziz Vita kilsesinde olacaq. Vatslav Gavel dekabr 18 k\u00fcn\u00fc 75 ya\u015f\u0131nda vefat etti. Bundan evel Q\u0131r\u0131mtatar halq\u0131n\u0131\u00f1 Meclisi V. Gaveln\u0131\u00f1 vefat\u0131 munasebetinen taziyesini bildirgen [&hellip;]<\/p>\n","protected":false},"author":1,"featured_media":0,"comment_status":"open","ping_status":"open","sticky":false,"template":"","format":"standard","meta":{"inline_featured_image":false,"footnotes":""},"categories":[265],"tags":[],"class_list":["post-28161","post","type-post","status-publish","format-standard","hentry","category-haberler"],"acf":[],"yoast_head":"<!-- This site is optimized with the Yoast SEO plugin v27.4 - https:\/\/yoast.com\/product\/yoast-seo-wordpress\/ -->\n<title>Refat \u00c7ubarov Praga\u011fa Vatslav Gavel ile vedala\u015fuv merasimine ketti - \u041c\u0435\u0434\u0436\u043b\u0456\u0441<\/title>\n<meta name=\"robots\" content=\"index, follow, max-snippet:-1, max-image-preview:large, max-video-preview:-1\" \/>\n<link rel=\"canonical\" href=\"https:\/\/qtmm.org\/qt\/refat-cubarov-pragaga-vatslav-gavel-ile-vedalasuv-merasimine-ketti\/\" \/>\n<meta property=\"og:locale\" content=\"en_US\" \/>\n<meta property=\"og:type\" content=\"article\" \/>\n<meta property=\"og:title\" content=\"Refat \u00c7ubarov Praga\u011fa Vatslav Gavel ile vedala\u015fuv merasimine ketti - \u041c\u0435\u0434\u0436\u043b\u0456\u0441\" \/>\n<meta property=\"og:description\" content=\"B\u00fct\u00fcnd\u00fcnya q\u0131r\u0131mtatarlar kongressini\u00f1 prezidenti, Q\u0131r\u0131mtatar halq\u0131 Meclis reisini\u00f1 birinci muavini Refat \u00c7ubarov Praga\u011fa \u00c7ehoslovakiyan\u0131\u00f1 so\u00f1ki ve mustaqil \u00c7ehiyan\u0131\u00f1 birinci prezidenti Vatslav Gaveln\u0131\u00f1 cenaze merasimine ketti. Cenaze 23 dekabr k\u00fcn\u00fc Praga \u015feerindeki aziz Vita kilsesinde olacaq. Vatslav Gavel dekabr 18 k\u00fcn\u00fc 75 ya\u015f\u0131nda vefat etti. Bundan evel Q\u0131r\u0131mtatar halq\u0131n\u0131\u00f1 Meclisi V. Gaveln\u0131\u00f1 vefat\u0131 munasebetinen taziyesini bildirgen [&hellip;]\" \/>\n<meta property=\"og:url\" content=\"https:\/\/qtmm.org\/qt\/refat-cubarov-pragaga-vatslav-gavel-ile-vedalasuv-merasimine-ketti\/\" \/>\n<meta property=\"og:site_name\" content=\"\u041c\u0435\u0434\u0436\u043b\u0456\u0441\" \/>\n<meta property=\"article:publisher\" content=\"https:\/\/www.facebook.com\/qtmm.info\/\" \/>\n<meta property=\"article:published_time\" content=\"2011-12-22T20:07:00+00:00\" \/>\n<meta property=\"article:modified_time\" content=\"2022-01-19T20:07:45+00:00\" \/>\n<meta name=\"author\" content=\"Developer\" \/>\n<meta name=\"twitter:card\" content=\"summary_large_image\" \/>\n<meta name=\"twitter:label1\" content=\"Written by\" \/>\n\t<meta name=\"twitter:data1\" content=\"Developer\" \/>\n<script type=\"application\/ld+json\" class=\"yoast-schema-graph\">{\"@context\":\"https:\\\/\\\/schema.org\",\"@graph\":[{\"@type\":\"Article\",\"@id\":\"https:\\\/\\\/qtmm.org\\\/qt\\\/refat-cubarov-pragaga-vatslav-gavel-ile-vedalasuv-merasimine-ketti\\\/#article\",\"isPartOf\":{\"@id\":\"https:\\\/\\\/qtmm.org\\\/qt\\\/refat-cubarov-pragaga-vatslav-gavel-ile-vedalasuv-merasimine-ketti\\\/\"},\"author\":{\"name\":\"Developer\",\"@id\":\"https:\\\/\\\/qtmm.org\\\/qt\\\/#\\\/schema\\\/person\\\/de562469f971dec226ac06e60bbf74a7\"},\"headline\":\"Refat \u00c7ubarov Praga\u011fa Vatslav Gavel ile vedala\u015fuv merasimine ketti\",\"datePublished\":\"2011-12-22T20:07:00+00:00\",\"dateModified\":\"2022-01-19T20:07:45+00:00\",\"mainEntityOfPage\":{\"@id\":\"https:\\\/\\\/qtmm.org\\\/qt\\\/refat-cubarov-pragaga-vatslav-gavel-ile-vedalasuv-merasimine-ketti\\\/\"},\"wordCount\":79,\"commentCount\":0,\"publisher\":{\"@id\":\"https:\\\/\\\/qtmm.org\\\/qt\\\/#organization\"},\"articleSection\":[\"Haberler\"],\"inLanguage\":\"qt\",\"potentialAction\":[{\"@type\":\"CommentAction\",\"name\":\"Comment\",\"target\":[\"https:\\\/\\\/qtmm.org\\\/qt\\\/refat-cubarov-pragaga-vatslav-gavel-ile-vedalasuv-merasimine-ketti\\\/#respond\"]}]},{\"@type\":\"WebPage\",\"@id\":\"https:\\\/\\\/qtmm.org\\\/qt\\\/refat-cubarov-pragaga-vatslav-gavel-ile-vedalasuv-merasimine-ketti\\\/\",\"url\":\"https:\\\/\\\/qtmm.org\\\/qt\\\/refat-cubarov-pragaga-vatslav-gavel-ile-vedalasuv-merasimine-ketti\\\/\",\"name\":\"Refat \u00c7ubarov Praga\u011fa Vatslav Gavel ile vedala\u015fuv merasimine ketti - \u041c\u0435\u0434\u0436\u043b\u0456\u0441\",\"isPartOf\":{\"@id\":\"https:\\\/\\\/qtmm.org\\\/qt\\\/#website\"},\"datePublished\":\"2011-12-22T20:07:00+00:00\",\"dateModified\":\"2022-01-19T20:07:45+00:00\",\"breadcrumb\":{\"@id\":\"https:\\\/\\\/qtmm.org\\\/qt\\\/refat-cubarov-pragaga-vatslav-gavel-ile-vedalasuv-merasimine-ketti\\\/#breadcrumb\"},\"inLanguage\":\"qt\",\"potentialAction\":[{\"@type\":\"ReadAction\",\"target\":[\"https:\\\/\\\/qtmm.org\\\/qt\\\/refat-cubarov-pragaga-vatslav-gavel-ile-vedalasuv-merasimine-ketti\\\/\"]}]},{\"@type\":\"BreadcrumbList\",\"@id\":\"https:\\\/\\\/qtmm.org\\\/qt\\\/refat-cubarov-pragaga-vatslav-gavel-ile-vedalasuv-merasimine-ketti\\\/#breadcrumb\",\"itemListElement\":[{\"@type\":\"ListItem\",\"position\":1,\"name\":\"\u0413\u043e\u043b\u043e\u0432\u043d\u0430\",\"item\":\"https:\\\/\\\/qtmm.org\\\/qt\\\/\"},{\"@type\":\"ListItem\",\"position\":2,\"name\":\"Refat \u00c7ubarov Praga\u011fa Vatslav Gavel ile vedala\u015fuv merasimine ketti\"}]},{\"@type\":\"WebSite\",\"@id\":\"https:\\\/\\\/qtmm.org\\\/qt\\\/#website\",\"url\":\"https:\\\/\\\/qtmm.org\\\/qt\\\/\",\"name\":\"\u041c\u0435\u0434\u0436\u043b\u0456\u0441\",\"description\":\"\",\"publisher\":{\"@id\":\"https:\\\/\\\/qtmm.org\\\/qt\\\/#organization\"},\"potentialAction\":[{\"@type\":\"SearchAction\",\"target\":{\"@type\":\"EntryPoint\",\"urlTemplate\":\"https:\\\/\\\/qtmm.org\\\/qt\\\/?s={search_term_string}\"},\"query-input\":{\"@type\":\"PropertyValueSpecification\",\"valueRequired\":true,\"valueName\":\"search_term_string\"}}],\"inLanguage\":\"qt\"},{\"@type\":\"Organization\",\"@id\":\"https:\\\/\\\/qtmm.org\\\/qt\\\/#organization\",\"name\":\"\u041c\u0435\u0434\u0436\u043b\u0456\u0441\",\"url\":\"https:\\\/\\\/qtmm.org\\\/qt\\\/\",\"logo\":{\"@type\":\"ImageObject\",\"inLanguage\":\"qt\",\"@id\":\"https:\\\/\\\/qtmm.org\\\/qt\\\/#\\\/schema\\\/logo\\\/image\\\/\",\"url\":\"https:\\\/\\\/qtmm.org\\\/wp-content\\\/uploads\\\/2024\\\/12\\\/ua-mejlis-logo-rgb.svg\",\"contentUrl\":\"https:\\\/\\\/qtmm.org\\\/wp-content\\\/uploads\\\/2024\\\/12\\\/ua-mejlis-logo-rgb.svg\",\"caption\":\"\u041c\u0435\u0434\u0436\u043b\u0456\u0441\"},\"image\":{\"@id\":\"https:\\\/\\\/qtmm.org\\\/qt\\\/#\\\/schema\\\/logo\\\/image\\\/\"},\"sameAs\":[\"https:\\\/\\\/www.facebook.com\\\/qtmm.info\\\/\"]},{\"@type\":\"Person\",\"@id\":\"https:\\\/\\\/qtmm.org\\\/qt\\\/#\\\/schema\\\/person\\\/de562469f971dec226ac06e60bbf74a7\",\"name\":\"Developer\",\"image\":{\"@type\":\"ImageObject\",\"inLanguage\":\"qt\",\"@id\":\"https:\\\/\\\/secure.gravatar.com\\\/avatar\\\/392b4cc8fbfeb00b39dfeeab4ee6edded39ffd48e25858637e4765810300227e?s=96&d=mm&r=g\",\"url\":\"https:\\\/\\\/secure.gravatar.com\\\/avatar\\\/392b4cc8fbfeb00b39dfeeab4ee6edded39ffd48e25858637e4765810300227e?s=96&d=mm&r=g\",\"contentUrl\":\"https:\\\/\\\/secure.gravatar.com\\\/avatar\\\/392b4cc8fbfeb00b39dfeeab4ee6edded39ffd48e25858637e4765810300227e?s=96&d=mm&r=g\",\"caption\":\"Developer\"},\"url\":\"https:\\\/\\\/qtmm.org\\\/qt\\\/author\\\/Developer\\\/\"}]}<\/script>\n<!-- \/ Yoast SEO plugin. -->","yoast_head_json":{"title":"Refat \u00c7ubarov Praga\u011fa Vatslav Gavel ile vedala\u015fuv merasimine ketti - \u041c\u0435\u0434\u0436\u043b\u0456\u0441","robots":{"index":"index","follow":"follow","max-snippet":"max-snippet:-1","max-image-preview":"max-image-preview:large","max-video-preview":"max-video-preview:-1"},"canonical":"https:\/\/qtmm.org\/qt\/refat-cubarov-pragaga-vatslav-gavel-ile-vedalasuv-merasimine-ketti\/","og_locale":"en_US","og_type":"article","og_title":"Refat \u00c7ubarov Praga\u011fa Vatslav Gavel ile vedala\u015fuv merasimine ketti - \u041c\u0435\u0434\u0436\u043b\u0456\u0441","og_description":"B\u00fct\u00fcnd\u00fcnya q\u0131r\u0131mtatarlar kongressini\u00f1 prezidenti, Q\u0131r\u0131mtatar halq\u0131 Meclis reisini\u00f1 birinci muavini Refat \u00c7ubarov Praga\u011fa \u00c7ehoslovakiyan\u0131\u00f1 so\u00f1ki ve mustaqil \u00c7ehiyan\u0131\u00f1 birinci prezidenti Vatslav Gaveln\u0131\u00f1 cenaze merasimine ketti. Cenaze 23 dekabr k\u00fcn\u00fc Praga \u015feerindeki aziz Vita kilsesinde olacaq. Vatslav Gavel dekabr 18 k\u00fcn\u00fc 75 ya\u015f\u0131nda vefat etti. Bundan evel Q\u0131r\u0131mtatar halq\u0131n\u0131\u00f1 Meclisi V. Gaveln\u0131\u00f1 vefat\u0131 munasebetinen taziyesini bildirgen [&hellip;]","og_url":"https:\/\/qtmm.org\/qt\/refat-cubarov-pragaga-vatslav-gavel-ile-vedalasuv-merasimine-ketti\/","og_site_name":"\u041c\u0435\u0434\u0436\u043b\u0456\u0441","article_publisher":"https:\/\/www.facebook.com\/qtmm.info\/","article_published_time":"2011-12-22T20:07:00+00:00","article_modified_time":"2022-01-19T20:07:45+00:00","author":"Developer","twitter_card":"summary_large_image","twitter_misc":{"Written by":"Developer"},"schema":{"@context":"https:\/\/schema.org","@graph":[{"@type":"Article","@id":"https:\/\/qtmm.org\/qt\/refat-cubarov-pragaga-vatslav-gavel-ile-vedalasuv-merasimine-ketti\/#article","isPartOf":{"@id":"https:\/\/qtmm.org\/qt\/refat-cubarov-pragaga-vatslav-gavel-ile-vedalasuv-merasimine-ketti\/"},"author":{"name":"Developer","@id":"https:\/\/qtmm.org\/qt\/#\/schema\/person\/de562469f971dec226ac06e60bbf74a7"},"headline":"Refat \u00c7ubarov Praga\u011fa Vatslav Gavel ile vedala\u015fuv merasimine ketti","datePublished":"2011-12-22T20:07:00+00:00","dateModified":"2022-01-19T20:07:45+00:00","mainEntityOfPage":{"@id":"https:\/\/qtmm.org\/qt\/refat-cubarov-pragaga-vatslav-gavel-ile-vedalasuv-merasimine-ketti\/"},"wordCount":79,"commentCount":0,"publisher":{"@id":"https:\/\/qtmm.org\/qt\/#organization"},"articleSection":["Haberler"],"inLanguage":"qt","potentialAction":[{"@type":"CommentAction","name":"Comment","target":["https:\/\/qtmm.org\/qt\/refat-cubarov-pragaga-vatslav-gavel-ile-vedalasuv-merasimine-ketti\/#respond"]}]},{"@type":"WebPage","@id":"https:\/\/qtmm.org\/qt\/refat-cubarov-pragaga-vatslav-gavel-ile-vedalasuv-merasimine-ketti\/","url":"https:\/\/qtmm.org\/qt\/refat-cubarov-pragaga-vatslav-gavel-ile-vedalasuv-merasimine-ketti\/","name":"Refat \u00c7ubarov Praga\u011fa Vatslav Gavel ile vedala\u015fuv merasimine ketti - \u041c\u0435\u0434\u0436\u043b\u0456\u0441","isPartOf":{"@id":"https:\/\/qtmm.org\/qt\/#website"},"datePublished":"2011-12-22T20:07:00+00:00","dateModified":"2022-01-19T20:07:45+00:00","breadcrumb":{"@id":"https:\/\/qtmm.org\/qt\/refat-cubarov-pragaga-vatslav-gavel-ile-vedalasuv-merasimine-ketti\/#breadcrumb"},"inLanguage":"qt","potentialAction":[{"@type":"ReadAction","target":["https:\/\/qtmm.org\/qt\/refat-cubarov-pragaga-vatslav-gavel-ile-vedalasuv-merasimine-ketti\/"]}]},{"@type":"BreadcrumbList","@id":"https:\/\/qtmm.org\/qt\/refat-cubarov-pragaga-vatslav-gavel-ile-vedalasuv-merasimine-ketti\/#breadcrumb","itemListElement":[{"@type":"ListItem","position":1,"name":"\u0413\u043e\u043b\u043e\u0432\u043d\u0430","item":"https:\/\/qtmm.org\/qt\/"},{"@type":"ListItem","position":2,"name":"Refat \u00c7ubarov Praga\u011fa Vatslav Gavel ile vedala\u015fuv merasimine ketti"}]},{"@type":"WebSite","@id":"https:\/\/qtmm.org\/qt\/#website","url":"https:\/\/qtmm.org\/qt\/","name":"\u041c\u0435\u0434\u0436\u043b\u0456\u0441","description":"","publisher":{"@id":"https:\/\/qtmm.org\/qt\/#organization"},"potentialAction":[{"@type":"SearchAction","target":{"@type":"EntryPoint","urlTemplate":"https:\/\/qtmm.org\/qt\/?s={search_term_string}"},"query-input":{"@type":"PropertyValueSpecification","valueRequired":true,"valueName":"search_term_string"}}],"inLanguage":"qt"},{"@type":"Organization","@id":"https:\/\/qtmm.org\/qt\/#organization","name":"\u041c\u0435\u0434\u0436\u043b\u0456\u0441","url":"https:\/\/qtmm.org\/qt\/","logo":{"@type":"ImageObject","inLanguage":"qt","@id":"https:\/\/qtmm.org\/qt\/#\/schema\/logo\/image\/","url":"https:\/\/qtmm.org\/wp-content\/uploads\/2024\/12\/ua-mejlis-logo-rgb.svg","contentUrl":"https:\/\/qtmm.org\/wp-content\/uploads\/2024\/12\/ua-mejlis-logo-rgb.svg","caption":"\u041c\u0435\u0434\u0436\u043b\u0456\u0441"},"image":{"@id":"https:\/\/qtmm.org\/qt\/#\/schema\/logo\/image\/"},"sameAs":["https:\/\/www.facebook.com\/qtmm.info\/"]},{"@type":"Person","@id":"https:\/\/qtmm.org\/qt\/#\/schema\/person\/de562469f971dec226ac06e60bbf74a7","name":"Developer","image":{"@type":"ImageObject","inLanguage":"qt","@id":"https:\/\/secure.gravatar.com\/avatar\/392b4cc8fbfeb00b39dfeeab4ee6edded39ffd48e25858637e4765810300227e?s=96&d=mm&r=g","url":"https:\/\/secure.gravatar.com\/avatar\/392b4cc8fbfeb00b39dfeeab4ee6edded39ffd48e25858637e4765810300227e?s=96&d=mm&r=g","contentUrl":"https:\/\/secure.gravatar.com\/avatar\/392b4cc8fbfeb00b39dfeeab4ee6edded39ffd48e25858637e4765810300227e?s=96&d=mm&r=g","caption":"Developer"},"url":"https:\/\/qtmm.org\/qt\/author\/Developer\/"}]}},"_links":{"self":[{"href":"https:\/\/qtmm.org\/qt\/wp-json\/wp\/v2\/posts\/28161","targetHints":{"allow":["GET"]}}],"collection":[{"href":"https:\/\/qtmm.org\/qt\/wp-json\/wp\/v2\/posts"}],"about":[{"href":"https:\/\/qtmm.org\/qt\/wp-json\/wp\/v2\/types\/post"}],"author":[{"embeddable":true,"href":"https:\/\/qtmm.org\/qt\/wp-json\/wp\/v2\/users\/1"}],"replies":[{"embeddable":true,"href":"https:\/\/qtmm.org\/qt\/wp-json\/wp\/v2\/comments?post=28161"}],"version-history":[{"count":1,"href":"https:\/\/qtmm.org\/qt\/wp-json\/wp\/v2\/posts\/28161\/revisions"}],"predecessor-version":[{"id":28163,"href":"https:\/\/qtmm.org\/qt\/wp-json\/wp\/v2\/posts\/28161\/revisions\/28163"}],"wp:attachment":[{"href":"https:\/\/qtmm.org\/qt\/wp-json\/wp\/v2\/media?parent=28161"}],"wp:term":[{"taxonomy":"category","embeddable":true,"href":"https:\/\/qtmm.org\/qt\/wp-json\/wp\/v2\/categories?post=28161"},{"taxonomy":"post_tag","embeddable":true,"href":"https:\/\/qtmm.org\/qt\/wp-json\/wp\/v2\/tags?post=28161"}],"curies":[{"name":"wp","href":"https:\/\/api.w.org\/{rel}","templated":true}]}}