




{"id":28154,"date":"2011-12-22T23:05:00","date_gmt":"2011-12-22T20:05:00","guid":{"rendered":"http:\/\/qtmm.org\/?p=28154"},"modified":"2022-01-19T23:05:58","modified_gmt":"2022-01-19T20:05:58","slug":"meclis-reisi-m-cemilev-ukrain-resmiy-delegatsiyasi-erkaninda-isc-ziyaretinen-turkiyege-yol-aldi","status":"publish","type":"post","link":"https:\/\/qtmm.org\/qt\/meclis-reisi-m-cemilev-ukrain-resmiy-delegatsiyasi-erkaninda-isc-ziyaretinen-turkiyege-yol-aldi\/","title":{"rendered":"Meclis reisi M.Cemilev ukrain resmiy delegatsiyas\u0131 erk\u00e2n\u0131nda i\u015f\u00e7 ziyaretinen T\u00fcrkiyege yol ald\u0131"},"content":{"rendered":"\n<p>Ukraina Prezidenti V.Yanukovi\u00e7 dekabr 22-de resmiy ziyaretnen T\u00fcrkiye Cumhuriyetine keldi. Ukraina delegatsiyas\u0131n\u0131\u00f1 erk\u00e2n\u0131na Q\u0131r\u0131mtatar halq\u0131 Meclisini\u00f1 reisi, Ukraina halq deputat\u0131 Mustafa Cemilev de kirdi.<\/p>\n\n\n\n<p>Ziyaret \u00e7er\u00e7ivesinde devlet yolba\u015f\u00e7\u0131s\u0131 T\u00fcrkiyeni\u00f1 Prezidenti Abdulla G\u00fcl ve Ba\u015f nazir Recep Tayip Erdo\u011fan ile k\u00f6r\u00fc\u015fmesi k\u00f6zde tutula.<\/p>\n\n\n\n<p>Ukraina delegatsiyas\u0131 resmiy ziyaretini\u00f1 neticelerine k\u00f6re Meclis reisi M. Cemilev T\u00fcrkiye Cumhuriyeti \u00fck\u00fcmetini\u00f1 vekillerinen k\u00f6r\u00fc\u015f\u00fcvlerni devam etecek.<\/p>\n","protected":false},"excerpt":{"rendered":"<p>Ukraina Prezidenti V.Yanukovi\u00e7 dekabr 22-de resmiy ziyaretnen T\u00fcrkiye Cumhuriyetine keldi. Ukraina delegatsiyas\u0131n\u0131\u00f1 erk\u00e2n\u0131na Q\u0131r\u0131mtatar halq\u0131 Meclisini\u00f1 reisi, Ukraina halq deputat\u0131 Mustafa Cemilev de kirdi. Ziyaret \u00e7er\u00e7ivesinde devlet yolba\u015f\u00e7\u0131s\u0131 T\u00fcrkiyeni\u00f1 Prezidenti Abdulla G\u00fcl ve Ba\u015f nazir Recep Tayip Erdo\u011fan ile k\u00f6r\u00fc\u015fmesi k\u00f6zde tutula. Ukraina delegatsiyas\u0131 resmiy ziyaretini\u00f1 neticelerine k\u00f6re Meclis reisi M. Cemilev T\u00fcrkiye Cumhuriyeti \u00fck\u00fcmetini\u00f1 [&hellip;]<\/p>\n","protected":false},"author":1,"featured_media":0,"comment_status":"open","ping_status":"open","sticky":false,"template":"","format":"standard","meta":{"inline_featured_image":false,"footnotes":""},"categories":[265],"tags":[],"class_list":["post-28154","post","type-post","status-publish","format-standard","hentry","category-haberler"],"acf":[],"yoast_head":"<!-- This site is optimized with the Yoast SEO plugin v27.4 - https:\/\/yoast.com\/product\/yoast-seo-wordpress\/ -->\n<title>Meclis reisi M.Cemilev ukrain resmiy delegatsiyas\u0131 erk\u00e2n\u0131nda i\u015f\u00e7 ziyaretinen T\u00fcrkiyege yol ald\u0131 - \u041c\u0435\u0434\u0436\u043b\u0456\u0441<\/title>\n<meta name=\"robots\" content=\"index, follow, max-snippet:-1, max-image-preview:large, max-video-preview:-1\" \/>\n<link rel=\"canonical\" href=\"https:\/\/qtmm.org\/qt\/meclis-reisi-m-cemilev-ukrain-resmiy-delegatsiyasi-erkaninda-isc-ziyaretinen-turkiyege-yol-aldi\/\" \/>\n<meta property=\"og:locale\" content=\"en_US\" \/>\n<meta property=\"og:type\" content=\"article\" \/>\n<meta property=\"og:title\" content=\"Meclis reisi M.Cemilev ukrain resmiy delegatsiyas\u0131 erk\u00e2n\u0131nda i\u015f\u00e7 ziyaretinen T\u00fcrkiyege yol ald\u0131 - \u041c\u0435\u0434\u0436\u043b\u0456\u0441\" \/>\n<meta property=\"og:description\" content=\"Ukraina Prezidenti V.Yanukovi\u00e7 dekabr 22-de resmiy ziyaretnen T\u00fcrkiye Cumhuriyetine keldi. Ukraina delegatsiyas\u0131n\u0131\u00f1 erk\u00e2n\u0131na Q\u0131r\u0131mtatar halq\u0131 Meclisini\u00f1 reisi, Ukraina halq deputat\u0131 Mustafa Cemilev de kirdi. Ziyaret \u00e7er\u00e7ivesinde devlet yolba\u015f\u00e7\u0131s\u0131 T\u00fcrkiyeni\u00f1 Prezidenti Abdulla G\u00fcl ve Ba\u015f nazir Recep Tayip Erdo\u011fan ile k\u00f6r\u00fc\u015fmesi k\u00f6zde tutula. Ukraina delegatsiyas\u0131 resmiy ziyaretini\u00f1 neticelerine k\u00f6re Meclis reisi M. Cemilev T\u00fcrkiye Cumhuriyeti \u00fck\u00fcmetini\u00f1 [&hellip;]\" \/>\n<meta property=\"og:url\" content=\"https:\/\/qtmm.org\/qt\/meclis-reisi-m-cemilev-ukrain-resmiy-delegatsiyasi-erkaninda-isc-ziyaretinen-turkiyege-yol-aldi\/\" \/>\n<meta property=\"og:site_name\" content=\"\u041c\u0435\u0434\u0436\u043b\u0456\u0441\" \/>\n<meta property=\"article:publisher\" content=\"https:\/\/www.facebook.com\/qtmm.info\/\" \/>\n<meta property=\"article:published_time\" content=\"2011-12-22T20:05:00+00:00\" \/>\n<meta property=\"article:modified_time\" content=\"2022-01-19T20:05:58+00:00\" \/>\n<meta name=\"author\" content=\"Developer\" \/>\n<meta name=\"twitter:card\" content=\"summary_large_image\" \/>\n<meta name=\"twitter:label1\" content=\"Written by\" \/>\n\t<meta name=\"twitter:data1\" content=\"Developer\" \/>\n<script type=\"application\/ld+json\" class=\"yoast-schema-graph\">{\"@context\":\"https:\\\/\\\/schema.org\",\"@graph\":[{\"@type\":\"Article\",\"@id\":\"https:\\\/\\\/qtmm.org\\\/qt\\\/meclis-reisi-m-cemilev-ukrain-resmiy-delegatsiyasi-erkaninda-isc-ziyaretinen-turkiyege-yol-aldi\\\/#article\",\"isPartOf\":{\"@id\":\"https:\\\/\\\/qtmm.org\\\/qt\\\/meclis-reisi-m-cemilev-ukrain-resmiy-delegatsiyasi-erkaninda-isc-ziyaretinen-turkiyege-yol-aldi\\\/\"},\"author\":{\"name\":\"Developer\",\"@id\":\"https:\\\/\\\/qtmm.org\\\/qt\\\/#\\\/schema\\\/person\\\/de562469f971dec226ac06e60bbf74a7\"},\"headline\":\"Meclis reisi M.Cemilev ukrain resmiy delegatsiyas\u0131 erk\u00e2n\u0131nda i\u015f\u00e7 ziyaretinen T\u00fcrkiyege yol ald\u0131\",\"datePublished\":\"2011-12-22T20:05:00+00:00\",\"dateModified\":\"2022-01-19T20:05:58+00:00\",\"mainEntityOfPage\":{\"@id\":\"https:\\\/\\\/qtmm.org\\\/qt\\\/meclis-reisi-m-cemilev-ukrain-resmiy-delegatsiyasi-erkaninda-isc-ziyaretinen-turkiyege-yol-aldi\\\/\"},\"wordCount\":95,\"commentCount\":0,\"publisher\":{\"@id\":\"https:\\\/\\\/qtmm.org\\\/qt\\\/#organization\"},\"articleSection\":[\"Haberler\"],\"inLanguage\":\"qt\",\"potentialAction\":[{\"@type\":\"CommentAction\",\"name\":\"Comment\",\"target\":[\"https:\\\/\\\/qtmm.org\\\/qt\\\/meclis-reisi-m-cemilev-ukrain-resmiy-delegatsiyasi-erkaninda-isc-ziyaretinen-turkiyege-yol-aldi\\\/#respond\"]}]},{\"@type\":\"WebPage\",\"@id\":\"https:\\\/\\\/qtmm.org\\\/qt\\\/meclis-reisi-m-cemilev-ukrain-resmiy-delegatsiyasi-erkaninda-isc-ziyaretinen-turkiyege-yol-aldi\\\/\",\"url\":\"https:\\\/\\\/qtmm.org\\\/qt\\\/meclis-reisi-m-cemilev-ukrain-resmiy-delegatsiyasi-erkaninda-isc-ziyaretinen-turkiyege-yol-aldi\\\/\",\"name\":\"Meclis reisi M.Cemilev ukrain resmiy delegatsiyas\u0131 erk\u00e2n\u0131nda i\u015f\u00e7 ziyaretinen T\u00fcrkiyege yol ald\u0131 - \u041c\u0435\u0434\u0436\u043b\u0456\u0441\",\"isPartOf\":{\"@id\":\"https:\\\/\\\/qtmm.org\\\/qt\\\/#website\"},\"datePublished\":\"2011-12-22T20:05:00+00:00\",\"dateModified\":\"2022-01-19T20:05:58+00:00\",\"breadcrumb\":{\"@id\":\"https:\\\/\\\/qtmm.org\\\/qt\\\/meclis-reisi-m-cemilev-ukrain-resmiy-delegatsiyasi-erkaninda-isc-ziyaretinen-turkiyege-yol-aldi\\\/#breadcrumb\"},\"inLanguage\":\"qt\",\"potentialAction\":[{\"@type\":\"ReadAction\",\"target\":[\"https:\\\/\\\/qtmm.org\\\/qt\\\/meclis-reisi-m-cemilev-ukrain-resmiy-delegatsiyasi-erkaninda-isc-ziyaretinen-turkiyege-yol-aldi\\\/\"]}]},{\"@type\":\"BreadcrumbList\",\"@id\":\"https:\\\/\\\/qtmm.org\\\/qt\\\/meclis-reisi-m-cemilev-ukrain-resmiy-delegatsiyasi-erkaninda-isc-ziyaretinen-turkiyege-yol-aldi\\\/#breadcrumb\",\"itemListElement\":[{\"@type\":\"ListItem\",\"position\":1,\"name\":\"\u0413\u043e\u043b\u043e\u0432\u043d\u0430\",\"item\":\"https:\\\/\\\/qtmm.org\\\/qt\\\/\"},{\"@type\":\"ListItem\",\"position\":2,\"name\":\"Meclis reisi M.Cemilev ukrain resmiy delegatsiyas\u0131 erk\u00e2n\u0131nda i\u015f\u00e7 ziyaretinen T\u00fcrkiyege yol ald\u0131\"}]},{\"@type\":\"WebSite\",\"@id\":\"https:\\\/\\\/qtmm.org\\\/qt\\\/#website\",\"url\":\"https:\\\/\\\/qtmm.org\\\/qt\\\/\",\"name\":\"\u041c\u0435\u0434\u0436\u043b\u0456\u0441\",\"description\":\"\",\"publisher\":{\"@id\":\"https:\\\/\\\/qtmm.org\\\/qt\\\/#organization\"},\"potentialAction\":[{\"@type\":\"SearchAction\",\"target\":{\"@type\":\"EntryPoint\",\"urlTemplate\":\"https:\\\/\\\/qtmm.org\\\/qt\\\/?s={search_term_string}\"},\"query-input\":{\"@type\":\"PropertyValueSpecification\",\"valueRequired\":true,\"valueName\":\"search_term_string\"}}],\"inLanguage\":\"qt\"},{\"@type\":\"Organization\",\"@id\":\"https:\\\/\\\/qtmm.org\\\/qt\\\/#organization\",\"name\":\"\u041c\u0435\u0434\u0436\u043b\u0456\u0441\",\"url\":\"https:\\\/\\\/qtmm.org\\\/qt\\\/\",\"logo\":{\"@type\":\"ImageObject\",\"inLanguage\":\"qt\",\"@id\":\"https:\\\/\\\/qtmm.org\\\/qt\\\/#\\\/schema\\\/logo\\\/image\\\/\",\"url\":\"https:\\\/\\\/qtmm.org\\\/wp-content\\\/uploads\\\/2024\\\/12\\\/ua-mejlis-logo-rgb.svg\",\"contentUrl\":\"https:\\\/\\\/qtmm.org\\\/wp-content\\\/uploads\\\/2024\\\/12\\\/ua-mejlis-logo-rgb.svg\",\"caption\":\"\u041c\u0435\u0434\u0436\u043b\u0456\u0441\"},\"image\":{\"@id\":\"https:\\\/\\\/qtmm.org\\\/qt\\\/#\\\/schema\\\/logo\\\/image\\\/\"},\"sameAs\":[\"https:\\\/\\\/www.facebook.com\\\/qtmm.info\\\/\"]},{\"@type\":\"Person\",\"@id\":\"https:\\\/\\\/qtmm.org\\\/qt\\\/#\\\/schema\\\/person\\\/de562469f971dec226ac06e60bbf74a7\",\"name\":\"Developer\",\"image\":{\"@type\":\"ImageObject\",\"inLanguage\":\"qt\",\"@id\":\"https:\\\/\\\/secure.gravatar.com\\\/avatar\\\/392b4cc8fbfeb00b39dfeeab4ee6edded39ffd48e25858637e4765810300227e?s=96&d=mm&r=g\",\"url\":\"https:\\\/\\\/secure.gravatar.com\\\/avatar\\\/392b4cc8fbfeb00b39dfeeab4ee6edded39ffd48e25858637e4765810300227e?s=96&d=mm&r=g\",\"contentUrl\":\"https:\\\/\\\/secure.gravatar.com\\\/avatar\\\/392b4cc8fbfeb00b39dfeeab4ee6edded39ffd48e25858637e4765810300227e?s=96&d=mm&r=g\",\"caption\":\"Developer\"},\"url\":\"https:\\\/\\\/qtmm.org\\\/qt\\\/author\\\/Developer\\\/\"}]}<\/script>\n<!-- \/ Yoast SEO plugin. -->","yoast_head_json":{"title":"Meclis reisi M.Cemilev ukrain resmiy delegatsiyas\u0131 erk\u00e2n\u0131nda i\u015f\u00e7 ziyaretinen T\u00fcrkiyege yol ald\u0131 - \u041c\u0435\u0434\u0436\u043b\u0456\u0441","robots":{"index":"index","follow":"follow","max-snippet":"max-snippet:-1","max-image-preview":"max-image-preview:large","max-video-preview":"max-video-preview:-1"},"canonical":"https:\/\/qtmm.org\/qt\/meclis-reisi-m-cemilev-ukrain-resmiy-delegatsiyasi-erkaninda-isc-ziyaretinen-turkiyege-yol-aldi\/","og_locale":"en_US","og_type":"article","og_title":"Meclis reisi M.Cemilev ukrain resmiy delegatsiyas\u0131 erk\u00e2n\u0131nda i\u015f\u00e7 ziyaretinen T\u00fcrkiyege yol ald\u0131 - \u041c\u0435\u0434\u0436\u043b\u0456\u0441","og_description":"Ukraina Prezidenti V.Yanukovi\u00e7 dekabr 22-de resmiy ziyaretnen T\u00fcrkiye Cumhuriyetine keldi. Ukraina delegatsiyas\u0131n\u0131\u00f1 erk\u00e2n\u0131na Q\u0131r\u0131mtatar halq\u0131 Meclisini\u00f1 reisi, Ukraina halq deputat\u0131 Mustafa Cemilev de kirdi. Ziyaret \u00e7er\u00e7ivesinde devlet yolba\u015f\u00e7\u0131s\u0131 T\u00fcrkiyeni\u00f1 Prezidenti Abdulla G\u00fcl ve Ba\u015f nazir Recep Tayip Erdo\u011fan ile k\u00f6r\u00fc\u015fmesi k\u00f6zde tutula. Ukraina delegatsiyas\u0131 resmiy ziyaretini\u00f1 neticelerine k\u00f6re Meclis reisi M. Cemilev T\u00fcrkiye Cumhuriyeti \u00fck\u00fcmetini\u00f1 [&hellip;]","og_url":"https:\/\/qtmm.org\/qt\/meclis-reisi-m-cemilev-ukrain-resmiy-delegatsiyasi-erkaninda-isc-ziyaretinen-turkiyege-yol-aldi\/","og_site_name":"\u041c\u0435\u0434\u0436\u043b\u0456\u0441","article_publisher":"https:\/\/www.facebook.com\/qtmm.info\/","article_published_time":"2011-12-22T20:05:00+00:00","article_modified_time":"2022-01-19T20:05:58+00:00","author":"Developer","twitter_card":"summary_large_image","twitter_misc":{"Written by":"Developer"},"schema":{"@context":"https:\/\/schema.org","@graph":[{"@type":"Article","@id":"https:\/\/qtmm.org\/qt\/meclis-reisi-m-cemilev-ukrain-resmiy-delegatsiyasi-erkaninda-isc-ziyaretinen-turkiyege-yol-aldi\/#article","isPartOf":{"@id":"https:\/\/qtmm.org\/qt\/meclis-reisi-m-cemilev-ukrain-resmiy-delegatsiyasi-erkaninda-isc-ziyaretinen-turkiyege-yol-aldi\/"},"author":{"name":"Developer","@id":"https:\/\/qtmm.org\/qt\/#\/schema\/person\/de562469f971dec226ac06e60bbf74a7"},"headline":"Meclis reisi M.Cemilev ukrain resmiy delegatsiyas\u0131 erk\u00e2n\u0131nda i\u015f\u00e7 ziyaretinen T\u00fcrkiyege yol ald\u0131","datePublished":"2011-12-22T20:05:00+00:00","dateModified":"2022-01-19T20:05:58+00:00","mainEntityOfPage":{"@id":"https:\/\/qtmm.org\/qt\/meclis-reisi-m-cemilev-ukrain-resmiy-delegatsiyasi-erkaninda-isc-ziyaretinen-turkiyege-yol-aldi\/"},"wordCount":95,"commentCount":0,"publisher":{"@id":"https:\/\/qtmm.org\/qt\/#organization"},"articleSection":["Haberler"],"inLanguage":"qt","potentialAction":[{"@type":"CommentAction","name":"Comment","target":["https:\/\/qtmm.org\/qt\/meclis-reisi-m-cemilev-ukrain-resmiy-delegatsiyasi-erkaninda-isc-ziyaretinen-turkiyege-yol-aldi\/#respond"]}]},{"@type":"WebPage","@id":"https:\/\/qtmm.org\/qt\/meclis-reisi-m-cemilev-ukrain-resmiy-delegatsiyasi-erkaninda-isc-ziyaretinen-turkiyege-yol-aldi\/","url":"https:\/\/qtmm.org\/qt\/meclis-reisi-m-cemilev-ukrain-resmiy-delegatsiyasi-erkaninda-isc-ziyaretinen-turkiyege-yol-aldi\/","name":"Meclis reisi M.Cemilev ukrain resmiy delegatsiyas\u0131 erk\u00e2n\u0131nda i\u015f\u00e7 ziyaretinen T\u00fcrkiyege yol ald\u0131 - \u041c\u0435\u0434\u0436\u043b\u0456\u0441","isPartOf":{"@id":"https:\/\/qtmm.org\/qt\/#website"},"datePublished":"2011-12-22T20:05:00+00:00","dateModified":"2022-01-19T20:05:58+00:00","breadcrumb":{"@id":"https:\/\/qtmm.org\/qt\/meclis-reisi-m-cemilev-ukrain-resmiy-delegatsiyasi-erkaninda-isc-ziyaretinen-turkiyege-yol-aldi\/#breadcrumb"},"inLanguage":"qt","potentialAction":[{"@type":"ReadAction","target":["https:\/\/qtmm.org\/qt\/meclis-reisi-m-cemilev-ukrain-resmiy-delegatsiyasi-erkaninda-isc-ziyaretinen-turkiyege-yol-aldi\/"]}]},{"@type":"BreadcrumbList","@id":"https:\/\/qtmm.org\/qt\/meclis-reisi-m-cemilev-ukrain-resmiy-delegatsiyasi-erkaninda-isc-ziyaretinen-turkiyege-yol-aldi\/#breadcrumb","itemListElement":[{"@type":"ListItem","position":1,"name":"\u0413\u043e\u043b\u043e\u0432\u043d\u0430","item":"https:\/\/qtmm.org\/qt\/"},{"@type":"ListItem","position":2,"name":"Meclis reisi M.Cemilev ukrain resmiy delegatsiyas\u0131 erk\u00e2n\u0131nda i\u015f\u00e7 ziyaretinen T\u00fcrkiyege yol ald\u0131"}]},{"@type":"WebSite","@id":"https:\/\/qtmm.org\/qt\/#website","url":"https:\/\/qtmm.org\/qt\/","name":"\u041c\u0435\u0434\u0436\u043b\u0456\u0441","description":"","publisher":{"@id":"https:\/\/qtmm.org\/qt\/#organization"},"potentialAction":[{"@type":"SearchAction","target":{"@type":"EntryPoint","urlTemplate":"https:\/\/qtmm.org\/qt\/?s={search_term_string}"},"query-input":{"@type":"PropertyValueSpecification","valueRequired":true,"valueName":"search_term_string"}}],"inLanguage":"qt"},{"@type":"Organization","@id":"https:\/\/qtmm.org\/qt\/#organization","name":"\u041c\u0435\u0434\u0436\u043b\u0456\u0441","url":"https:\/\/qtmm.org\/qt\/","logo":{"@type":"ImageObject","inLanguage":"qt","@id":"https:\/\/qtmm.org\/qt\/#\/schema\/logo\/image\/","url":"https:\/\/qtmm.org\/wp-content\/uploads\/2024\/12\/ua-mejlis-logo-rgb.svg","contentUrl":"https:\/\/qtmm.org\/wp-content\/uploads\/2024\/12\/ua-mejlis-logo-rgb.svg","caption":"\u041c\u0435\u0434\u0436\u043b\u0456\u0441"},"image":{"@id":"https:\/\/qtmm.org\/qt\/#\/schema\/logo\/image\/"},"sameAs":["https:\/\/www.facebook.com\/qtmm.info\/"]},{"@type":"Person","@id":"https:\/\/qtmm.org\/qt\/#\/schema\/person\/de562469f971dec226ac06e60bbf74a7","name":"Developer","image":{"@type":"ImageObject","inLanguage":"qt","@id":"https:\/\/secure.gravatar.com\/avatar\/392b4cc8fbfeb00b39dfeeab4ee6edded39ffd48e25858637e4765810300227e?s=96&d=mm&r=g","url":"https:\/\/secure.gravatar.com\/avatar\/392b4cc8fbfeb00b39dfeeab4ee6edded39ffd48e25858637e4765810300227e?s=96&d=mm&r=g","contentUrl":"https:\/\/secure.gravatar.com\/avatar\/392b4cc8fbfeb00b39dfeeab4ee6edded39ffd48e25858637e4765810300227e?s=96&d=mm&r=g","caption":"Developer"},"url":"https:\/\/qtmm.org\/qt\/author\/Developer\/"}]}},"_links":{"self":[{"href":"https:\/\/qtmm.org\/qt\/wp-json\/wp\/v2\/posts\/28154","targetHints":{"allow":["GET"]}}],"collection":[{"href":"https:\/\/qtmm.org\/qt\/wp-json\/wp\/v2\/posts"}],"about":[{"href":"https:\/\/qtmm.org\/qt\/wp-json\/wp\/v2\/types\/post"}],"author":[{"embeddable":true,"href":"https:\/\/qtmm.org\/qt\/wp-json\/wp\/v2\/users\/1"}],"replies":[{"embeddable":true,"href":"https:\/\/qtmm.org\/qt\/wp-json\/wp\/v2\/comments?post=28154"}],"version-history":[{"count":1,"href":"https:\/\/qtmm.org\/qt\/wp-json\/wp\/v2\/posts\/28154\/revisions"}],"predecessor-version":[{"id":28155,"href":"https:\/\/qtmm.org\/qt\/wp-json\/wp\/v2\/posts\/28154\/revisions\/28155"}],"wp:attachment":[{"href":"https:\/\/qtmm.org\/qt\/wp-json\/wp\/v2\/media?parent=28154"}],"wp:term":[{"taxonomy":"category","embeddable":true,"href":"https:\/\/qtmm.org\/qt\/wp-json\/wp\/v2\/categories?post=28154"},{"taxonomy":"post_tag","embeddable":true,"href":"https:\/\/qtmm.org\/qt\/wp-json\/wp\/v2\/tags?post=28154"}],"curies":[{"name":"wp","href":"https:\/\/api.w.org\/{rel}","templated":true}]}}