




{"id":28152,"date":"2011-12-20T23:04:00","date_gmt":"2011-12-20T20:04:00","guid":{"rendered":"http:\/\/qtmm.org\/?p=28152"},"modified":"2022-01-19T23:05:11","modified_gmt":"2022-01-19T20:05:11","slug":"20-dekabrde-belli-alim-milliy-areketimiznin-en-korumli-vekillerinden-biri-refik-muzafarov-vefat-etti","status":"publish","type":"post","link":"https:\/\/qtmm.org\/qt\/20-dekabrde-belli-alim-milliy-areketimiznin-en-korumli-vekillerinden-biri-refik-muzafarov-vefat-etti\/","title":{"rendered":"20-dekabrde belli alim, Milliy areketimizni\u00f1 e\u00f1 k\u00f6r\u00fcmli vekillerinden biri Refik Muzafarov vefat etti"},"content":{"rendered":"\n<p>20-dekabrde a\u011f\u0131r ve devaml\u0131 hastal\u0131q aram\u0131zdan Milliy areketimizni\u00f1 e\u00f1 k\u00f6r\u00fcmli erbaplar\u0131ndan biri, II Milliy Qurultay delegat\u0131, 1991-1993 seneleri Milliy Meclis azas\u0131, belli alim, filologiya ilimleri doktor\u0131, professor Refik Muzafarovn\u0131 aram\u0131zdan al\u0131p ketti.<\/p>\n\n\n\n<p>Refiq a\u011fa b\u00fct\u00fcn a\u00f1l\u0131 \u00f6m\u00fcrini, zenaat ve cemaat i\u015flerini as\u0131l q\u0131r\u0131m halq\u0131n\u0131 a\u015f\u015fa aqaret ve aqs\u0131zl\u0131qtan, zulum ve so\u00f1 derecede adaletsizlikten qurtarmaq, aqlamaq em de o, \u00f6z\u00fcne has \u015fanl\u0131 tarih\u0131, qaramanlar\u0131, degeri ol\u011fan millettir, degen isbatlav faaliyetine ba\u011f\u0131\u015flad\u0131.<\/p>\n\n\n\n<p>R. Muzafarov 1928 senesi Aq-\u015eeyh (Razdolnoye) rayon\u0131n\u0131\u00f1 B\u00fcy\u00fck-Ass k\u00f6y\u00fcnde do\u011fd\u0131. Gen\u00e7 olaraq cinaiy s\u00fcrg\u00fcnlikni\u00f1 de\u015fetlerini ba\u015f\u0131ndan ke\u00e7irdi. Mektepten so\u00f1, 1957 senesi o, Ta\u015fkent pedagogika institut\u0131n\u0131\u00f1 rus filologiya fakultetini bitire.<\/p>\n\n\n\n<p>1960 senesi Qazanda q\u0131r\u0131mtatar atalar s\u00f6zlerine ba\u011f\u0131\u015flan\u011fan namzetlik, 1967 senesi Bakuda q\u0131r\u0131mtatarlarn\u0131\u00f1 folklor\u0131 ve on\u0131\u00f1 \u015farq slav\u00e2nlarn\u0131\u00f1 a\u011fzaviy-nazm icad\u0131nen ol\u011fan ba\u011f\u0131 mevzus\u0131nda doktorl\u0131q dissertatsiyalar\u0131n\u0131 qor\u00e7alad\u0131. 1969 senesi o\u00f1a professor unvan\u0131n\u0131 berdiler.<\/p>\n\n\n\n<p>\u015eu y\u0131llar\u0131 R. Muzafarov &#8220;\u00d6\u00e7erki folklora t\u00fcrkov&#8221;, &#8220;Russko-t\u00fcrkskiye folklorn\u0131ye sv\u00e2zi&#8221;, &#8220;Kr\u0131mskotatarskiy folklor v russk\u00f6y literature&#8221; ve bir s\u0131ra diger ilmiy i\u015flerni becere, \u015fu c\u00fcmleden, q\u0131r\u0131mtatarca-rus\u00e7a ve rus\u00e7a-q\u0131r\u0131mtatarca lu\u011fatn\u0131 az\u0131rlay.<\/p>\n\n\n\n<p>Bu saada o, k\u00f6r\u00fcmli tetqiqat\u00e7\u0131 ola. On\u0131\u00f1 yapqan ara\u015ft\u0131rmalar\u0131 halq\u0131m\u0131zn\u0131\u00f1 zengin edebiy-maneviy hazinesi ol\u011fan\u0131n\u0131 a\u00e7\u0131qlay ve isbatlay. S\u00fcrg\u00fcnlik y\u0131llar\u0131 bunen o\u011fra\u015fmaq belli bir cesaretni talap ete, \u00e7\u00fcnki medeniy asabal\u0131\u011f\u0131m\u0131z bivasta Q\u0131r\u0131mnen ba\u011fl\u0131 ol\u0131p, yasaq ast\u0131nda edi.<\/p>\n\n\n\n<p>Refiq a\u011fa tek milliy edebiyat, folklornen degil, tarihnen de s\u0131q o\u011fra\u015ft\u0131. Birinci yerde on\u0131\u00f1 i\u00e7\u00fcn sovet-alman cenkini\u00f1 cebelerinde, Q\u0131r\u0131m partizan areketinde q\u0131r\u0131mtatarlarn\u0131\u00f1 faal i\u015ftirakini k\u00f6stermek, devlet seviyesinde uyd\u0131r\u0131l\u011fan sahtelik ve yalanlar\u011fa teren, er taraftan esaslan\u011fan izaat ve cevaplar bermek edi.<br>Bu ilmiy ve cemaat faliyeti i\u00e7\u00fcn alim toqtamay taqiplerge o\u011frad\u0131, defalarca i\u015ften bo\u015fat\u0131ld\u0131, y\u0131larnen i\u015fsiz y\u00fcrdi.<\/p>\n\n\n\n<p>1987 senesi R. Muzafarov Q\u0131r\u0131m\u011fa avdet ola. &#8220;Vatan&#8221; adl\u0131 Q\u0131r\u0131mtatar medeniy-yar\u0131qland\u0131ruv ve ilmiy-tetqiqat merkezinin meydan\u011fa ketire. B\u00f6yle adnen mecmua \u00e7\u0131qara. On\u0131\u00f1 1990-1994 ss. d\u00fcnya y\u00fcz\u00fcni k\u00f6rgen 36 san\u0131nda halq\u0131m\u0131zn\u0131\u00f1 \u015fekillen\u00fcvinen ba\u011fl\u0131, umumen, tarih\u0131m\u0131z ve medeniyetimiz aqq\u0131nda q\u0131ymetli mal\u00fcmatlar derc olund\u0131.<\/p>\n\n\n\n<p>1991 senesi Refiq a\u011fa Milliy Qurultayn\u0131\u00f1 az\u0131rlanuv\u0131nda faal i\u015ftirak ete. 1995 senesi on\u0131\u00f1 eki c\u0131ltl\u0131 &#8220;Kr\u0131mskotatarskaya entsiklopediya&#8221;s\u0131 bas\u0131la.<br>Ya\u00f1\u0131 as\u0131rn\u0131\u00f1 ba\u015f\u0131ndan on\u0131\u00f1 sa\u011fl\u0131\u011f\u0131 \u011fayet zay\u0131fla\u015fa, k\u00f6zleri soqurlana. Ecel on\u0131 qolayl\u0131qnen alma\u011fanday ola\u2026<\/p>\n\n\n\n<p>Refiq Muzafarov vefat et\u00fcvi munasebetinen, on\u0131\u00f1 yan\u0131nda 45 y\u0131ldan ziyade ol\u0131p, b\u00fct\u00fcn me\u015faqqatlar, taqiplerden ke\u00e7mege yard\u0131m etken sad\u0131q \u00f6m\u00fcr arqada\u015f\u0131, Azaliya han\u0131m Krotkaya\u011fa, qarda\u015f\u0131 \u2013 belli ne\u015firci Nuzet Muzafarov\u011fa ve diger yaq\u0131nlar\u0131na teren taziye bildiremiz ve ba\u015f sa\u011fl\u0131\u011f\u0131 tileymiz.<br>Refiq a\u011fa hat\u0131ram\u0131zda daima vatanperverlik, halqqa \u00e7in h\u0131zmette bulunmaq misali, iradeli ve ces\u00fcr insan olaraq ya\u015facaq.<\/p>\n\n\n\n<p class=\"has-text-align-center\"><strong>Alla rahmet eylesin<\/strong><\/p>\n\n\n\n<p class=\"has-text-align-right\"><strong><em>Milliy Meclis azalar\u0131<\/em><\/strong><\/p>\n","protected":false},"excerpt":{"rendered":"<p>20-dekabrde a\u011f\u0131r ve devaml\u0131 hastal\u0131q aram\u0131zdan Milliy areketimizni\u00f1 e\u00f1 k\u00f6r\u00fcmli erbaplar\u0131ndan biri, II Milliy Qurultay delegat\u0131, 1991-1993 seneleri Milliy Meclis azas\u0131, belli alim, filologiya ilimleri doktor\u0131, professor Refik Muzafarovn\u0131 aram\u0131zdan al\u0131p ketti. Refiq a\u011fa b\u00fct\u00fcn a\u00f1l\u0131 \u00f6m\u00fcrini, zenaat ve cemaat i\u015flerini as\u0131l q\u0131r\u0131m halq\u0131n\u0131 a\u015f\u015fa aqaret ve aqs\u0131zl\u0131qtan, zulum ve so\u00f1 derecede adaletsizlikten qurtarmaq, aqlamaq [&hellip;]<\/p>\n","protected":false},"author":1,"featured_media":0,"comment_status":"open","ping_status":"open","sticky":false,"template":"","format":"standard","meta":{"inline_featured_image":false,"footnotes":""},"categories":[265],"tags":[],"class_list":["post-28152","post","type-post","status-publish","format-standard","hentry","category-haberler"],"acf":[],"yoast_head":"<!-- This site is optimized with the Yoast SEO plugin v27.4 - https:\/\/yoast.com\/product\/yoast-seo-wordpress\/ -->\n<title>20-dekabrde belli alim, Milliy areketimizni\u00f1 e\u00f1 k\u00f6r\u00fcmli vekillerinden biri Refik Muzafarov vefat etti - \u041c\u0435\u0434\u0436\u043b\u0456\u0441<\/title>\n<meta name=\"robots\" content=\"index, follow, max-snippet:-1, max-image-preview:large, max-video-preview:-1\" \/>\n<link rel=\"canonical\" href=\"https:\/\/qtmm.org\/qt\/20-dekabrde-belli-alim-milliy-areketimiznin-en-korumli-vekillerinden-biri-refik-muzafarov-vefat-etti\/\" \/>\n<meta property=\"og:locale\" content=\"en_US\" \/>\n<meta property=\"og:type\" content=\"article\" \/>\n<meta property=\"og:title\" content=\"20-dekabrde belli alim, Milliy areketimizni\u00f1 e\u00f1 k\u00f6r\u00fcmli vekillerinden biri Refik Muzafarov vefat etti - \u041c\u0435\u0434\u0436\u043b\u0456\u0441\" \/>\n<meta property=\"og:description\" content=\"20-dekabrde a\u011f\u0131r ve devaml\u0131 hastal\u0131q aram\u0131zdan Milliy areketimizni\u00f1 e\u00f1 k\u00f6r\u00fcmli erbaplar\u0131ndan biri, II Milliy Qurultay delegat\u0131, 1991-1993 seneleri Milliy Meclis azas\u0131, belli alim, filologiya ilimleri doktor\u0131, professor Refik Muzafarovn\u0131 aram\u0131zdan al\u0131p ketti. Refiq a\u011fa b\u00fct\u00fcn a\u00f1l\u0131 \u00f6m\u00fcrini, zenaat ve cemaat i\u015flerini as\u0131l q\u0131r\u0131m halq\u0131n\u0131 a\u015f\u015fa aqaret ve aqs\u0131zl\u0131qtan, zulum ve so\u00f1 derecede adaletsizlikten qurtarmaq, aqlamaq [&hellip;]\" \/>\n<meta property=\"og:url\" content=\"https:\/\/qtmm.org\/qt\/20-dekabrde-belli-alim-milliy-areketimiznin-en-korumli-vekillerinden-biri-refik-muzafarov-vefat-etti\/\" \/>\n<meta property=\"og:site_name\" content=\"\u041c\u0435\u0434\u0436\u043b\u0456\u0441\" \/>\n<meta property=\"article:publisher\" content=\"https:\/\/www.facebook.com\/qtmm.info\/\" \/>\n<meta property=\"article:published_time\" content=\"2011-12-20T20:04:00+00:00\" \/>\n<meta property=\"article:modified_time\" content=\"2022-01-19T20:05:11+00:00\" \/>\n<meta name=\"author\" content=\"Developer\" \/>\n<meta name=\"twitter:card\" content=\"summary_large_image\" \/>\n<meta name=\"twitter:label1\" content=\"Written by\" \/>\n\t<meta name=\"twitter:data1\" content=\"Developer\" \/>\n\t<meta name=\"twitter:label2\" content=\"Est. reading time\" \/>\n\t<meta name=\"twitter:data2\" content=\"3 minutes\" \/>\n<script type=\"application\/ld+json\" class=\"yoast-schema-graph\">{\"@context\":\"https:\\\/\\\/schema.org\",\"@graph\":[{\"@type\":\"Article\",\"@id\":\"https:\\\/\\\/qtmm.org\\\/qt\\\/20-dekabrde-belli-alim-milliy-areketimiznin-en-korumli-vekillerinden-biri-refik-muzafarov-vefat-etti\\\/#article\",\"isPartOf\":{\"@id\":\"https:\\\/\\\/qtmm.org\\\/qt\\\/20-dekabrde-belli-alim-milliy-areketimiznin-en-korumli-vekillerinden-biri-refik-muzafarov-vefat-etti\\\/\"},\"author\":{\"name\":\"Developer\",\"@id\":\"https:\\\/\\\/qtmm.org\\\/qt\\\/#\\\/schema\\\/person\\\/de562469f971dec226ac06e60bbf74a7\"},\"headline\":\"20-dekabrde belli alim, Milliy areketimizni\u00f1 e\u00f1 k\u00f6r\u00fcmli vekillerinden biri Refik Muzafarov vefat etti\",\"datePublished\":\"2011-12-20T20:04:00+00:00\",\"dateModified\":\"2022-01-19T20:05:11+00:00\",\"mainEntityOfPage\":{\"@id\":\"https:\\\/\\\/qtmm.org\\\/qt\\\/20-dekabrde-belli-alim-milliy-areketimiznin-en-korumli-vekillerinden-biri-refik-muzafarov-vefat-etti\\\/\"},\"wordCount\":569,\"commentCount\":0,\"publisher\":{\"@id\":\"https:\\\/\\\/qtmm.org\\\/qt\\\/#organization\"},\"articleSection\":[\"Haberler\"],\"inLanguage\":\"qt\",\"potentialAction\":[{\"@type\":\"CommentAction\",\"name\":\"Comment\",\"target\":[\"https:\\\/\\\/qtmm.org\\\/qt\\\/20-dekabrde-belli-alim-milliy-areketimiznin-en-korumli-vekillerinden-biri-refik-muzafarov-vefat-etti\\\/#respond\"]}]},{\"@type\":\"WebPage\",\"@id\":\"https:\\\/\\\/qtmm.org\\\/qt\\\/20-dekabrde-belli-alim-milliy-areketimiznin-en-korumli-vekillerinden-biri-refik-muzafarov-vefat-etti\\\/\",\"url\":\"https:\\\/\\\/qtmm.org\\\/qt\\\/20-dekabrde-belli-alim-milliy-areketimiznin-en-korumli-vekillerinden-biri-refik-muzafarov-vefat-etti\\\/\",\"name\":\"20-dekabrde belli alim, Milliy areketimizni\u00f1 e\u00f1 k\u00f6r\u00fcmli vekillerinden biri Refik Muzafarov vefat etti - \u041c\u0435\u0434\u0436\u043b\u0456\u0441\",\"isPartOf\":{\"@id\":\"https:\\\/\\\/qtmm.org\\\/qt\\\/#website\"},\"datePublished\":\"2011-12-20T20:04:00+00:00\",\"dateModified\":\"2022-01-19T20:05:11+00:00\",\"breadcrumb\":{\"@id\":\"https:\\\/\\\/qtmm.org\\\/qt\\\/20-dekabrde-belli-alim-milliy-areketimiznin-en-korumli-vekillerinden-biri-refik-muzafarov-vefat-etti\\\/#breadcrumb\"},\"inLanguage\":\"qt\",\"potentialAction\":[{\"@type\":\"ReadAction\",\"target\":[\"https:\\\/\\\/qtmm.org\\\/qt\\\/20-dekabrde-belli-alim-milliy-areketimiznin-en-korumli-vekillerinden-biri-refik-muzafarov-vefat-etti\\\/\"]}]},{\"@type\":\"BreadcrumbList\",\"@id\":\"https:\\\/\\\/qtmm.org\\\/qt\\\/20-dekabrde-belli-alim-milliy-areketimiznin-en-korumli-vekillerinden-biri-refik-muzafarov-vefat-etti\\\/#breadcrumb\",\"itemListElement\":[{\"@type\":\"ListItem\",\"position\":1,\"name\":\"\u0413\u043e\u043b\u043e\u0432\u043d\u0430\",\"item\":\"https:\\\/\\\/qtmm.org\\\/qt\\\/\"},{\"@type\":\"ListItem\",\"position\":2,\"name\":\"20-dekabrde belli alim, Milliy areketimizni\u00f1 e\u00f1 k\u00f6r\u00fcmli vekillerinden biri Refik Muzafarov vefat etti\"}]},{\"@type\":\"WebSite\",\"@id\":\"https:\\\/\\\/qtmm.org\\\/qt\\\/#website\",\"url\":\"https:\\\/\\\/qtmm.org\\\/qt\\\/\",\"name\":\"\u041c\u0435\u0434\u0436\u043b\u0456\u0441\",\"description\":\"\",\"publisher\":{\"@id\":\"https:\\\/\\\/qtmm.org\\\/qt\\\/#organization\"},\"potentialAction\":[{\"@type\":\"SearchAction\",\"target\":{\"@type\":\"EntryPoint\",\"urlTemplate\":\"https:\\\/\\\/qtmm.org\\\/qt\\\/?s={search_term_string}\"},\"query-input\":{\"@type\":\"PropertyValueSpecification\",\"valueRequired\":true,\"valueName\":\"search_term_string\"}}],\"inLanguage\":\"qt\"},{\"@type\":\"Organization\",\"@id\":\"https:\\\/\\\/qtmm.org\\\/qt\\\/#organization\",\"name\":\"\u041c\u0435\u0434\u0436\u043b\u0456\u0441\",\"url\":\"https:\\\/\\\/qtmm.org\\\/qt\\\/\",\"logo\":{\"@type\":\"ImageObject\",\"inLanguage\":\"qt\",\"@id\":\"https:\\\/\\\/qtmm.org\\\/qt\\\/#\\\/schema\\\/logo\\\/image\\\/\",\"url\":\"https:\\\/\\\/qtmm.org\\\/wp-content\\\/uploads\\\/2024\\\/12\\\/ua-mejlis-logo-rgb.svg\",\"contentUrl\":\"https:\\\/\\\/qtmm.org\\\/wp-content\\\/uploads\\\/2024\\\/12\\\/ua-mejlis-logo-rgb.svg\",\"caption\":\"\u041c\u0435\u0434\u0436\u043b\u0456\u0441\"},\"image\":{\"@id\":\"https:\\\/\\\/qtmm.org\\\/qt\\\/#\\\/schema\\\/logo\\\/image\\\/\"},\"sameAs\":[\"https:\\\/\\\/www.facebook.com\\\/qtmm.info\\\/\"]},{\"@type\":\"Person\",\"@id\":\"https:\\\/\\\/qtmm.org\\\/qt\\\/#\\\/schema\\\/person\\\/de562469f971dec226ac06e60bbf74a7\",\"name\":\"Developer\",\"image\":{\"@type\":\"ImageObject\",\"inLanguage\":\"qt\",\"@id\":\"https:\\\/\\\/secure.gravatar.com\\\/avatar\\\/392b4cc8fbfeb00b39dfeeab4ee6edded39ffd48e25858637e4765810300227e?s=96&d=mm&r=g\",\"url\":\"https:\\\/\\\/secure.gravatar.com\\\/avatar\\\/392b4cc8fbfeb00b39dfeeab4ee6edded39ffd48e25858637e4765810300227e?s=96&d=mm&r=g\",\"contentUrl\":\"https:\\\/\\\/secure.gravatar.com\\\/avatar\\\/392b4cc8fbfeb00b39dfeeab4ee6edded39ffd48e25858637e4765810300227e?s=96&d=mm&r=g\",\"caption\":\"Developer\"},\"url\":\"https:\\\/\\\/qtmm.org\\\/qt\\\/author\\\/Developer\\\/\"}]}<\/script>\n<!-- \/ Yoast SEO plugin. -->","yoast_head_json":{"title":"20-dekabrde belli alim, Milliy areketimizni\u00f1 e\u00f1 k\u00f6r\u00fcmli vekillerinden biri Refik Muzafarov vefat etti - \u041c\u0435\u0434\u0436\u043b\u0456\u0441","robots":{"index":"index","follow":"follow","max-snippet":"max-snippet:-1","max-image-preview":"max-image-preview:large","max-video-preview":"max-video-preview:-1"},"canonical":"https:\/\/qtmm.org\/qt\/20-dekabrde-belli-alim-milliy-areketimiznin-en-korumli-vekillerinden-biri-refik-muzafarov-vefat-etti\/","og_locale":"en_US","og_type":"article","og_title":"20-dekabrde belli alim, Milliy areketimizni\u00f1 e\u00f1 k\u00f6r\u00fcmli vekillerinden biri Refik Muzafarov vefat etti - \u041c\u0435\u0434\u0436\u043b\u0456\u0441","og_description":"20-dekabrde a\u011f\u0131r ve devaml\u0131 hastal\u0131q aram\u0131zdan Milliy areketimizni\u00f1 e\u00f1 k\u00f6r\u00fcmli erbaplar\u0131ndan biri, II Milliy Qurultay delegat\u0131, 1991-1993 seneleri Milliy Meclis azas\u0131, belli alim, filologiya ilimleri doktor\u0131, professor Refik Muzafarovn\u0131 aram\u0131zdan al\u0131p ketti. Refiq a\u011fa b\u00fct\u00fcn a\u00f1l\u0131 \u00f6m\u00fcrini, zenaat ve cemaat i\u015flerini as\u0131l q\u0131r\u0131m halq\u0131n\u0131 a\u015f\u015fa aqaret ve aqs\u0131zl\u0131qtan, zulum ve so\u00f1 derecede adaletsizlikten qurtarmaq, aqlamaq [&hellip;]","og_url":"https:\/\/qtmm.org\/qt\/20-dekabrde-belli-alim-milliy-areketimiznin-en-korumli-vekillerinden-biri-refik-muzafarov-vefat-etti\/","og_site_name":"\u041c\u0435\u0434\u0436\u043b\u0456\u0441","article_publisher":"https:\/\/www.facebook.com\/qtmm.info\/","article_published_time":"2011-12-20T20:04:00+00:00","article_modified_time":"2022-01-19T20:05:11+00:00","author":"Developer","twitter_card":"summary_large_image","twitter_misc":{"Written by":"Developer","Est. reading time":"3 minutes"},"schema":{"@context":"https:\/\/schema.org","@graph":[{"@type":"Article","@id":"https:\/\/qtmm.org\/qt\/20-dekabrde-belli-alim-milliy-areketimiznin-en-korumli-vekillerinden-biri-refik-muzafarov-vefat-etti\/#article","isPartOf":{"@id":"https:\/\/qtmm.org\/qt\/20-dekabrde-belli-alim-milliy-areketimiznin-en-korumli-vekillerinden-biri-refik-muzafarov-vefat-etti\/"},"author":{"name":"Developer","@id":"https:\/\/qtmm.org\/qt\/#\/schema\/person\/de562469f971dec226ac06e60bbf74a7"},"headline":"20-dekabrde belli alim, Milliy areketimizni\u00f1 e\u00f1 k\u00f6r\u00fcmli vekillerinden biri Refik Muzafarov vefat etti","datePublished":"2011-12-20T20:04:00+00:00","dateModified":"2022-01-19T20:05:11+00:00","mainEntityOfPage":{"@id":"https:\/\/qtmm.org\/qt\/20-dekabrde-belli-alim-milliy-areketimiznin-en-korumli-vekillerinden-biri-refik-muzafarov-vefat-etti\/"},"wordCount":569,"commentCount":0,"publisher":{"@id":"https:\/\/qtmm.org\/qt\/#organization"},"articleSection":["Haberler"],"inLanguage":"qt","potentialAction":[{"@type":"CommentAction","name":"Comment","target":["https:\/\/qtmm.org\/qt\/20-dekabrde-belli-alim-milliy-areketimiznin-en-korumli-vekillerinden-biri-refik-muzafarov-vefat-etti\/#respond"]}]},{"@type":"WebPage","@id":"https:\/\/qtmm.org\/qt\/20-dekabrde-belli-alim-milliy-areketimiznin-en-korumli-vekillerinden-biri-refik-muzafarov-vefat-etti\/","url":"https:\/\/qtmm.org\/qt\/20-dekabrde-belli-alim-milliy-areketimiznin-en-korumli-vekillerinden-biri-refik-muzafarov-vefat-etti\/","name":"20-dekabrde belli alim, Milliy areketimizni\u00f1 e\u00f1 k\u00f6r\u00fcmli vekillerinden biri Refik Muzafarov vefat etti - \u041c\u0435\u0434\u0436\u043b\u0456\u0441","isPartOf":{"@id":"https:\/\/qtmm.org\/qt\/#website"},"datePublished":"2011-12-20T20:04:00+00:00","dateModified":"2022-01-19T20:05:11+00:00","breadcrumb":{"@id":"https:\/\/qtmm.org\/qt\/20-dekabrde-belli-alim-milliy-areketimiznin-en-korumli-vekillerinden-biri-refik-muzafarov-vefat-etti\/#breadcrumb"},"inLanguage":"qt","potentialAction":[{"@type":"ReadAction","target":["https:\/\/qtmm.org\/qt\/20-dekabrde-belli-alim-milliy-areketimiznin-en-korumli-vekillerinden-biri-refik-muzafarov-vefat-etti\/"]}]},{"@type":"BreadcrumbList","@id":"https:\/\/qtmm.org\/qt\/20-dekabrde-belli-alim-milliy-areketimiznin-en-korumli-vekillerinden-biri-refik-muzafarov-vefat-etti\/#breadcrumb","itemListElement":[{"@type":"ListItem","position":1,"name":"\u0413\u043e\u043b\u043e\u0432\u043d\u0430","item":"https:\/\/qtmm.org\/qt\/"},{"@type":"ListItem","position":2,"name":"20-dekabrde belli alim, Milliy areketimizni\u00f1 e\u00f1 k\u00f6r\u00fcmli vekillerinden biri Refik Muzafarov vefat etti"}]},{"@type":"WebSite","@id":"https:\/\/qtmm.org\/qt\/#website","url":"https:\/\/qtmm.org\/qt\/","name":"\u041c\u0435\u0434\u0436\u043b\u0456\u0441","description":"","publisher":{"@id":"https:\/\/qtmm.org\/qt\/#organization"},"potentialAction":[{"@type":"SearchAction","target":{"@type":"EntryPoint","urlTemplate":"https:\/\/qtmm.org\/qt\/?s={search_term_string}"},"query-input":{"@type":"PropertyValueSpecification","valueRequired":true,"valueName":"search_term_string"}}],"inLanguage":"qt"},{"@type":"Organization","@id":"https:\/\/qtmm.org\/qt\/#organization","name":"\u041c\u0435\u0434\u0436\u043b\u0456\u0441","url":"https:\/\/qtmm.org\/qt\/","logo":{"@type":"ImageObject","inLanguage":"qt","@id":"https:\/\/qtmm.org\/qt\/#\/schema\/logo\/image\/","url":"https:\/\/qtmm.org\/wp-content\/uploads\/2024\/12\/ua-mejlis-logo-rgb.svg","contentUrl":"https:\/\/qtmm.org\/wp-content\/uploads\/2024\/12\/ua-mejlis-logo-rgb.svg","caption":"\u041c\u0435\u0434\u0436\u043b\u0456\u0441"},"image":{"@id":"https:\/\/qtmm.org\/qt\/#\/schema\/logo\/image\/"},"sameAs":["https:\/\/www.facebook.com\/qtmm.info\/"]},{"@type":"Person","@id":"https:\/\/qtmm.org\/qt\/#\/schema\/person\/de562469f971dec226ac06e60bbf74a7","name":"Developer","image":{"@type":"ImageObject","inLanguage":"qt","@id":"https:\/\/secure.gravatar.com\/avatar\/392b4cc8fbfeb00b39dfeeab4ee6edded39ffd48e25858637e4765810300227e?s=96&d=mm&r=g","url":"https:\/\/secure.gravatar.com\/avatar\/392b4cc8fbfeb00b39dfeeab4ee6edded39ffd48e25858637e4765810300227e?s=96&d=mm&r=g","contentUrl":"https:\/\/secure.gravatar.com\/avatar\/392b4cc8fbfeb00b39dfeeab4ee6edded39ffd48e25858637e4765810300227e?s=96&d=mm&r=g","caption":"Developer"},"url":"https:\/\/qtmm.org\/qt\/author\/Developer\/"}]}},"_links":{"self":[{"href":"https:\/\/qtmm.org\/qt\/wp-json\/wp\/v2\/posts\/28152","targetHints":{"allow":["GET"]}}],"collection":[{"href":"https:\/\/qtmm.org\/qt\/wp-json\/wp\/v2\/posts"}],"about":[{"href":"https:\/\/qtmm.org\/qt\/wp-json\/wp\/v2\/types\/post"}],"author":[{"embeddable":true,"href":"https:\/\/qtmm.org\/qt\/wp-json\/wp\/v2\/users\/1"}],"replies":[{"embeddable":true,"href":"https:\/\/qtmm.org\/qt\/wp-json\/wp\/v2\/comments?post=28152"}],"version-history":[{"count":1,"href":"https:\/\/qtmm.org\/qt\/wp-json\/wp\/v2\/posts\/28152\/revisions"}],"predecessor-version":[{"id":28153,"href":"https:\/\/qtmm.org\/qt\/wp-json\/wp\/v2\/posts\/28152\/revisions\/28153"}],"wp:attachment":[{"href":"https:\/\/qtmm.org\/qt\/wp-json\/wp\/v2\/media?parent=28152"}],"wp:term":[{"taxonomy":"category","embeddable":true,"href":"https:\/\/qtmm.org\/qt\/wp-json\/wp\/v2\/categories?post=28152"},{"taxonomy":"post_tag","embeddable":true,"href":"https:\/\/qtmm.org\/qt\/wp-json\/wp\/v2\/tags?post=28152"}],"curies":[{"name":"wp","href":"https:\/\/api.w.org\/{rel}","templated":true}]}}