




{"id":28139,"date":"2011-12-19T23:03:00","date_gmt":"2011-12-19T20:03:00","guid":{"rendered":"http:\/\/qtmm.org\/?p=28139"},"modified":"2022-01-19T23:04:17","modified_gmt":"2022-01-19T20:04:17","slug":"vatslav-gavel-vefati-munasebetinen-meclisnin-taziyesi","status":"publish","type":"post","link":"https:\/\/qtmm.org\/qt\/vatslav-gavel-vefati-munasebetinen-meclisnin-taziyesi\/","title":{"rendered":"Vatslav Gavel vefat\u0131 munasebetinen Meclisni\u00f1 taziyesi"},"content":{"rendered":"\n<p class=\"has-text-align-center\"><strong>Vatslav Gaveln\u0131\u00f1 ad\u0131 HH as\u0131rda bir \u00e7oq halqlar ve millionlarnen insanlarn\u0131 \u00f6z aqlar\u0131 ve munasip ya\u015fay\u0131\u015f i\u00e7\u00fcn k\u00fcre\u015fke ilhamland\u0131r\u011fan me\u015fur insanperverler s\u0131ras\u0131nda e\u00f1 parlaq simvol olaraq saqlan\u0131r<\/strong><\/p>\n\n\n\n<p>2011 senesi dekabr 18 k\u00fcn\u00fc \u00c7ehoslovakiyan\u0131\u00f1 so\u00f1ki,\u00c7ehiya Cumhuriyetini\u00f1 birinci prezidenti Vatslav Gavel 75 ya\u015f\u0131nda vefat etti.<\/p>\n\n\n\n<p>\u0130nsaniyet demokratiya i\u00e7\u00fcn k\u00fcre\u015fken e\u00f1 ces\u00fcr ve sebatl\u0131, \u00f6z \u00f6m\u00fcrinen serbestlikkke \u0131nt\u0131luv rejim h\u0131\u015f\u0131mlar\u0131ndan da k\u00fc\u00e7l\u00fc ol\u011fan\u0131n\u0131 isbat etken adamn\u0131 \u011fay\u0131p etti.<\/p>\n\n\n\n<p>On\u0131\u00f1 1989 senesi dekabr 29-dan 1992 senesi iy\u00fcl 20-ge qadar \u00c7ehoslovakiya prezidenti ve 1993 senesi fevral 2-den 2003 senesi fevral 2-sine qadar \u00c7ehiya Cumhuriyeti Prezidenti s\u0131fat\u0131nda faaliyeti ahl\u00e2qn\u0131 devlet siyasetini\u00f1 temeli olaraq tesis ete bilgen lider temsili old\u0131.<\/p>\n\n\n\n<p>Vatslav Gavel Q\u0131r\u0131m\u011fa qaytmaq ve aq-uquqlar\u0131n\u0131 \u011fayr\u0131dan tiklemek i\u00e7\u00fcn k\u00fcre\u015fken q\u0131r\u0131mtatar halq\u0131na daima g\u00f6\u00f1\u00fclde\u015flik bildirdi. 2011 senesi okt\u00e2br ay\u0131nda Q\u0131r\u0131mtatar halq\u0131 Meclisini\u00f1 delegatsiyas\u0131 Vatslav Gaveln\u0131\u00f1 \u015fahsiy daveti boyunca Pragada &#8220;Forum 2000&#8221; XV halqara konferentsiyas\u0131nda i\u015ftirak etti.<\/p>\n\n\n\n<p>Meclis reisi Mustafa Cemilevnen k\u00f6r\u00fc\u015f\u00fcv devam\u0131nda efsaneviy uquqqoruy\u0131c\u0131 ve totalitar rejimden ke\u00e7ken devletlerde demokratik inki\u015fafn\u0131\u00f1 tarafdar\u0131 Vatslav Gavel Q\u0131r\u0131mtatar halq\u0131n\u0131\u00f1 \u00f6z Vatan\u0131nda aq-uquqlar\u0131n\u0131 \u011fayr\u0131dan tiklev ve Ukrainada on\u0131\u00f1 tel\u00fckesizligini ve inki\u015faf\u0131n\u0131 teminlev boyunca halqara forum ke\u00e7ir\u00fcv te\u015febb\u00fcsine qoltut\u0131p, on\u0131\u00f1 ke\u00e7irilmesine yard\u0131m bermege az\u0131rl\u0131\u011f\u0131n\u0131 bildirdi.<\/p>\n\n\n\n<p>Vatslav Gaveln\u0131\u00f1 apshanelerde ke\u00e7irgen y\u0131llar\u0131 tabiiy ki on\u0131\u00f1 sa\u011fl\u0131\u011f\u0131na tesir etti. Nefes yollar\u0131 hastal\u0131\u011f\u0131na o\u011fra\u011fan Vatslav Gavel pek \u00e7oq y\u0131llar devam\u0131nda bronhitten \u00e7eki\u015fti.<\/p>\n\n\n\n<p>Q\u0131r\u0131mtatar halq\u0131n\u0131\u00f1 Meclisi \u00c7ehiyan\u0131\u00f1 devlet erbab\u0131, zaman\u0131m\u0131zn\u0131\u00f1 b\u00fcy\u00fck gumanisti ve seyyare miqyas\u0131nda uquqqoruy\u0131c\u0131 Vatslav Gaveln\u0131\u00f1 vefat\u0131 munasebetinen on\u0131\u00f1 v\u00e2q\u0131nlar\u0131, soy-aqrabalar\u0131, dost-e\u015fleri ve b\u00fct\u00fcn \u00e7eh halq\u0131na teren taziye bildirip, ba\u015f sa\u011fl\u0131\u011f\u0131 tiley.<\/p>\n\n\n\n<p class=\"has-text-align-right\"><strong>Q\u0131r\u0131mtatar halq\u0131n\u0131\u00f1 Meclisi<br><br>2011 senesi dekabr 18<br><br>Aqmescit \u015f. Q\u0131r\u0131m, Ukraina<\/strong><\/p>\n","protected":false},"excerpt":{"rendered":"<p>Vatslav Gaveln\u0131\u00f1 ad\u0131 HH as\u0131rda bir \u00e7oq halqlar ve millionlarnen insanlarn\u0131 \u00f6z aqlar\u0131 ve munasip ya\u015fay\u0131\u015f i\u00e7\u00fcn k\u00fcre\u015fke ilhamland\u0131r\u011fan me\u015fur insanperverler s\u0131ras\u0131nda e\u00f1 parlaq simvol olaraq saqlan\u0131r 2011 senesi dekabr 18 k\u00fcn\u00fc \u00c7ehoslovakiyan\u0131\u00f1 so\u00f1ki,\u00c7ehiya Cumhuriyetini\u00f1 birinci prezidenti Vatslav Gavel 75 ya\u015f\u0131nda vefat etti. \u0130nsaniyet demokratiya i\u00e7\u00fcn k\u00fcre\u015fken e\u00f1 ces\u00fcr ve sebatl\u0131, \u00f6z \u00f6m\u00fcrinen serbestlikkke \u0131nt\u0131luv [&hellip;]<\/p>\n","protected":false},"author":1,"featured_media":28141,"comment_status":"open","ping_status":"open","sticky":false,"template":"","format":"standard","meta":{"inline_featured_image":false,"footnotes":""},"categories":[265],"tags":[],"class_list":["post-28139","post","type-post","status-publish","format-standard","has-post-thumbnail","hentry","category-haberler"],"acf":[],"yoast_head":"<!-- This site is optimized with the Yoast SEO plugin v27.4 - https:\/\/yoast.com\/product\/yoast-seo-wordpress\/ -->\n<title>Vatslav Gavel vefat\u0131 munasebetinen Meclisni\u00f1 taziyesi - \u041c\u0435\u0434\u0436\u043b\u0456\u0441<\/title>\n<meta name=\"robots\" content=\"index, follow, max-snippet:-1, max-image-preview:large, max-video-preview:-1\" \/>\n<link rel=\"canonical\" href=\"https:\/\/qtmm.org\/qt\/vatslav-gavel-vefati-munasebetinen-meclisnin-taziyesi\/\" \/>\n<meta property=\"og:locale\" content=\"en_US\" \/>\n<meta property=\"og:type\" content=\"article\" \/>\n<meta property=\"og:title\" content=\"Vatslav Gavel vefat\u0131 munasebetinen Meclisni\u00f1 taziyesi - \u041c\u0435\u0434\u0436\u043b\u0456\u0441\" \/>\n<meta property=\"og:description\" content=\"Vatslav Gaveln\u0131\u00f1 ad\u0131 HH as\u0131rda bir \u00e7oq halqlar ve millionlarnen insanlarn\u0131 \u00f6z aqlar\u0131 ve munasip ya\u015fay\u0131\u015f i\u00e7\u00fcn k\u00fcre\u015fke ilhamland\u0131r\u011fan me\u015fur insanperverler s\u0131ras\u0131nda e\u00f1 parlaq simvol olaraq saqlan\u0131r 2011 senesi dekabr 18 k\u00fcn\u00fc \u00c7ehoslovakiyan\u0131\u00f1 so\u00f1ki,\u00c7ehiya Cumhuriyetini\u00f1 birinci prezidenti Vatslav Gavel 75 ya\u015f\u0131nda vefat etti. \u0130nsaniyet demokratiya i\u00e7\u00fcn k\u00fcre\u015fken e\u00f1 ces\u00fcr ve sebatl\u0131, \u00f6z \u00f6m\u00fcrinen serbestlikkke \u0131nt\u0131luv [&hellip;]\" \/>\n<meta property=\"og:url\" content=\"https:\/\/qtmm.org\/qt\/vatslav-gavel-vefati-munasebetinen-meclisnin-taziyesi\/\" \/>\n<meta property=\"og:site_name\" content=\"\u041c\u0435\u0434\u0436\u043b\u0456\u0441\" \/>\n<meta property=\"article:publisher\" content=\"https:\/\/www.facebook.com\/qtmm.info\/\" \/>\n<meta property=\"article:published_time\" content=\"2011-12-19T20:03:00+00:00\" \/>\n<meta property=\"article:modified_time\" content=\"2022-01-19T20:04:17+00:00\" \/>\n<meta property=\"og:image\" content=\"https:\/\/qtmm.org\/wp-content\/uploads\/2022\/01\/vaclav_gavel_i_mdj_v_tekst_1-1.jpeg\" \/>\n\t<meta property=\"og:image:width\" content=\"650\" \/>\n\t<meta property=\"og:image:height\" content=\"390\" \/>\n\t<meta property=\"og:image:type\" content=\"image\/jpeg\" \/>\n<meta name=\"author\" content=\"Developer\" \/>\n<meta name=\"twitter:card\" content=\"summary_large_image\" \/>\n<meta name=\"twitter:label1\" content=\"Written by\" \/>\n\t<meta name=\"twitter:data1\" content=\"Developer\" \/>\n\t<meta name=\"twitter:label2\" content=\"Est. reading time\" \/>\n\t<meta name=\"twitter:data2\" content=\"2 minutes\" \/>\n<script type=\"application\/ld+json\" class=\"yoast-schema-graph\">{\"@context\":\"https:\\\/\\\/schema.org\",\"@graph\":[{\"@type\":\"Article\",\"@id\":\"https:\\\/\\\/qtmm.org\\\/qt\\\/vatslav-gavel-vefati-munasebetinen-meclisnin-taziyesi\\\/#article\",\"isPartOf\":{\"@id\":\"https:\\\/\\\/qtmm.org\\\/qt\\\/vatslav-gavel-vefati-munasebetinen-meclisnin-taziyesi\\\/\"},\"author\":{\"name\":\"Developer\",\"@id\":\"https:\\\/\\\/qtmm.org\\\/qt\\\/#\\\/schema\\\/person\\\/de562469f971dec226ac06e60bbf74a7\"},\"headline\":\"Vatslav Gavel vefat\u0131 munasebetinen Meclisni\u00f1 taziyesi\",\"datePublished\":\"2011-12-19T20:03:00+00:00\",\"dateModified\":\"2022-01-19T20:04:17+00:00\",\"mainEntityOfPage\":{\"@id\":\"https:\\\/\\\/qtmm.org\\\/qt\\\/vatslav-gavel-vefati-munasebetinen-meclisnin-taziyesi\\\/\"},\"wordCount\":347,\"commentCount\":0,\"publisher\":{\"@id\":\"https:\\\/\\\/qtmm.org\\\/qt\\\/#organization\"},\"image\":{\"@id\":\"https:\\\/\\\/qtmm.org\\\/qt\\\/vatslav-gavel-vefati-munasebetinen-meclisnin-taziyesi\\\/#primaryimage\"},\"thumbnailUrl\":\"https:\\\/\\\/qtmm.org\\\/wp-content\\\/uploads\\\/2022\\\/01\\\/vaclav_gavel_i_mdj_v_tekst_1-1.jpeg\",\"articleSection\":[\"Haberler\"],\"inLanguage\":\"qt\",\"potentialAction\":[{\"@type\":\"CommentAction\",\"name\":\"Comment\",\"target\":[\"https:\\\/\\\/qtmm.org\\\/qt\\\/vatslav-gavel-vefati-munasebetinen-meclisnin-taziyesi\\\/#respond\"]}]},{\"@type\":\"WebPage\",\"@id\":\"https:\\\/\\\/qtmm.org\\\/qt\\\/vatslav-gavel-vefati-munasebetinen-meclisnin-taziyesi\\\/\",\"url\":\"https:\\\/\\\/qtmm.org\\\/qt\\\/vatslav-gavel-vefati-munasebetinen-meclisnin-taziyesi\\\/\",\"name\":\"Vatslav Gavel vefat\u0131 munasebetinen Meclisni\u00f1 taziyesi - \u041c\u0435\u0434\u0436\u043b\u0456\u0441\",\"isPartOf\":{\"@id\":\"https:\\\/\\\/qtmm.org\\\/qt\\\/#website\"},\"primaryImageOfPage\":{\"@id\":\"https:\\\/\\\/qtmm.org\\\/qt\\\/vatslav-gavel-vefati-munasebetinen-meclisnin-taziyesi\\\/#primaryimage\"},\"image\":{\"@id\":\"https:\\\/\\\/qtmm.org\\\/qt\\\/vatslav-gavel-vefati-munasebetinen-meclisnin-taziyesi\\\/#primaryimage\"},\"thumbnailUrl\":\"https:\\\/\\\/qtmm.org\\\/wp-content\\\/uploads\\\/2022\\\/01\\\/vaclav_gavel_i_mdj_v_tekst_1-1.jpeg\",\"datePublished\":\"2011-12-19T20:03:00+00:00\",\"dateModified\":\"2022-01-19T20:04:17+00:00\",\"breadcrumb\":{\"@id\":\"https:\\\/\\\/qtmm.org\\\/qt\\\/vatslav-gavel-vefati-munasebetinen-meclisnin-taziyesi\\\/#breadcrumb\"},\"inLanguage\":\"qt\",\"potentialAction\":[{\"@type\":\"ReadAction\",\"target\":[\"https:\\\/\\\/qtmm.org\\\/qt\\\/vatslav-gavel-vefati-munasebetinen-meclisnin-taziyesi\\\/\"]}]},{\"@type\":\"ImageObject\",\"inLanguage\":\"qt\",\"@id\":\"https:\\\/\\\/qtmm.org\\\/qt\\\/vatslav-gavel-vefati-munasebetinen-meclisnin-taziyesi\\\/#primaryimage\",\"url\":\"https:\\\/\\\/qtmm.org\\\/wp-content\\\/uploads\\\/2022\\\/01\\\/vaclav_gavel_i_mdj_v_tekst_1-1.jpeg\",\"contentUrl\":\"https:\\\/\\\/qtmm.org\\\/wp-content\\\/uploads\\\/2022\\\/01\\\/vaclav_gavel_i_mdj_v_tekst_1-1.jpeg\",\"width\":650,\"height\":390},{\"@type\":\"BreadcrumbList\",\"@id\":\"https:\\\/\\\/qtmm.org\\\/qt\\\/vatslav-gavel-vefati-munasebetinen-meclisnin-taziyesi\\\/#breadcrumb\",\"itemListElement\":[{\"@type\":\"ListItem\",\"position\":1,\"name\":\"\u0413\u043e\u043b\u043e\u0432\u043d\u0430\",\"item\":\"https:\\\/\\\/qtmm.org\\\/qt\\\/\"},{\"@type\":\"ListItem\",\"position\":2,\"name\":\"Vatslav Gavel vefat\u0131 munasebetinen Meclisni\u00f1 taziyesi\"}]},{\"@type\":\"WebSite\",\"@id\":\"https:\\\/\\\/qtmm.org\\\/qt\\\/#website\",\"url\":\"https:\\\/\\\/qtmm.org\\\/qt\\\/\",\"name\":\"\u041c\u0435\u0434\u0436\u043b\u0456\u0441\",\"description\":\"\",\"publisher\":{\"@id\":\"https:\\\/\\\/qtmm.org\\\/qt\\\/#organization\"},\"potentialAction\":[{\"@type\":\"SearchAction\",\"target\":{\"@type\":\"EntryPoint\",\"urlTemplate\":\"https:\\\/\\\/qtmm.org\\\/qt\\\/?s={search_term_string}\"},\"query-input\":{\"@type\":\"PropertyValueSpecification\",\"valueRequired\":true,\"valueName\":\"search_term_string\"}}],\"inLanguage\":\"qt\"},{\"@type\":\"Organization\",\"@id\":\"https:\\\/\\\/qtmm.org\\\/qt\\\/#organization\",\"name\":\"\u041c\u0435\u0434\u0436\u043b\u0456\u0441\",\"url\":\"https:\\\/\\\/qtmm.org\\\/qt\\\/\",\"logo\":{\"@type\":\"ImageObject\",\"inLanguage\":\"qt\",\"@id\":\"https:\\\/\\\/qtmm.org\\\/qt\\\/#\\\/schema\\\/logo\\\/image\\\/\",\"url\":\"https:\\\/\\\/qtmm.org\\\/wp-content\\\/uploads\\\/2024\\\/12\\\/ua-mejlis-logo-rgb.svg\",\"contentUrl\":\"https:\\\/\\\/qtmm.org\\\/wp-content\\\/uploads\\\/2024\\\/12\\\/ua-mejlis-logo-rgb.svg\",\"caption\":\"\u041c\u0435\u0434\u0436\u043b\u0456\u0441\"},\"image\":{\"@id\":\"https:\\\/\\\/qtmm.org\\\/qt\\\/#\\\/schema\\\/logo\\\/image\\\/\"},\"sameAs\":[\"https:\\\/\\\/www.facebook.com\\\/qtmm.info\\\/\"]},{\"@type\":\"Person\",\"@id\":\"https:\\\/\\\/qtmm.org\\\/qt\\\/#\\\/schema\\\/person\\\/de562469f971dec226ac06e60bbf74a7\",\"name\":\"Developer\",\"image\":{\"@type\":\"ImageObject\",\"inLanguage\":\"qt\",\"@id\":\"https:\\\/\\\/secure.gravatar.com\\\/avatar\\\/392b4cc8fbfeb00b39dfeeab4ee6edded39ffd48e25858637e4765810300227e?s=96&d=mm&r=g\",\"url\":\"https:\\\/\\\/secure.gravatar.com\\\/avatar\\\/392b4cc8fbfeb00b39dfeeab4ee6edded39ffd48e25858637e4765810300227e?s=96&d=mm&r=g\",\"contentUrl\":\"https:\\\/\\\/secure.gravatar.com\\\/avatar\\\/392b4cc8fbfeb00b39dfeeab4ee6edded39ffd48e25858637e4765810300227e?s=96&d=mm&r=g\",\"caption\":\"Developer\"},\"url\":\"https:\\\/\\\/qtmm.org\\\/qt\\\/author\\\/Developer\\\/\"}]}<\/script>\n<!-- \/ Yoast SEO plugin. -->","yoast_head_json":{"title":"Vatslav Gavel vefat\u0131 munasebetinen Meclisni\u00f1 taziyesi - \u041c\u0435\u0434\u0436\u043b\u0456\u0441","robots":{"index":"index","follow":"follow","max-snippet":"max-snippet:-1","max-image-preview":"max-image-preview:large","max-video-preview":"max-video-preview:-1"},"canonical":"https:\/\/qtmm.org\/qt\/vatslav-gavel-vefati-munasebetinen-meclisnin-taziyesi\/","og_locale":"en_US","og_type":"article","og_title":"Vatslav Gavel vefat\u0131 munasebetinen Meclisni\u00f1 taziyesi - \u041c\u0435\u0434\u0436\u043b\u0456\u0441","og_description":"Vatslav Gaveln\u0131\u00f1 ad\u0131 HH as\u0131rda bir \u00e7oq halqlar ve millionlarnen insanlarn\u0131 \u00f6z aqlar\u0131 ve munasip ya\u015fay\u0131\u015f i\u00e7\u00fcn k\u00fcre\u015fke ilhamland\u0131r\u011fan me\u015fur insanperverler s\u0131ras\u0131nda e\u00f1 parlaq simvol olaraq saqlan\u0131r 2011 senesi dekabr 18 k\u00fcn\u00fc \u00c7ehoslovakiyan\u0131\u00f1 so\u00f1ki,\u00c7ehiya Cumhuriyetini\u00f1 birinci prezidenti Vatslav Gavel 75 ya\u015f\u0131nda vefat etti. \u0130nsaniyet demokratiya i\u00e7\u00fcn k\u00fcre\u015fken e\u00f1 ces\u00fcr ve sebatl\u0131, \u00f6z \u00f6m\u00fcrinen serbestlikkke \u0131nt\u0131luv [&hellip;]","og_url":"https:\/\/qtmm.org\/qt\/vatslav-gavel-vefati-munasebetinen-meclisnin-taziyesi\/","og_site_name":"\u041c\u0435\u0434\u0436\u043b\u0456\u0441","article_publisher":"https:\/\/www.facebook.com\/qtmm.info\/","article_published_time":"2011-12-19T20:03:00+00:00","article_modified_time":"2022-01-19T20:04:17+00:00","og_image":[{"width":650,"height":390,"url":"https:\/\/qtmm.org\/wp-content\/uploads\/2022\/01\/vaclav_gavel_i_mdj_v_tekst_1-1.jpeg","type":"image\/jpeg"}],"author":"Developer","twitter_card":"summary_large_image","twitter_misc":{"Written by":"Developer","Est. reading time":"2 minutes"},"schema":{"@context":"https:\/\/schema.org","@graph":[{"@type":"Article","@id":"https:\/\/qtmm.org\/qt\/vatslav-gavel-vefati-munasebetinen-meclisnin-taziyesi\/#article","isPartOf":{"@id":"https:\/\/qtmm.org\/qt\/vatslav-gavel-vefati-munasebetinen-meclisnin-taziyesi\/"},"author":{"name":"Developer","@id":"https:\/\/qtmm.org\/qt\/#\/schema\/person\/de562469f971dec226ac06e60bbf74a7"},"headline":"Vatslav Gavel vefat\u0131 munasebetinen Meclisni\u00f1 taziyesi","datePublished":"2011-12-19T20:03:00+00:00","dateModified":"2022-01-19T20:04:17+00:00","mainEntityOfPage":{"@id":"https:\/\/qtmm.org\/qt\/vatslav-gavel-vefati-munasebetinen-meclisnin-taziyesi\/"},"wordCount":347,"commentCount":0,"publisher":{"@id":"https:\/\/qtmm.org\/qt\/#organization"},"image":{"@id":"https:\/\/qtmm.org\/qt\/vatslav-gavel-vefati-munasebetinen-meclisnin-taziyesi\/#primaryimage"},"thumbnailUrl":"https:\/\/qtmm.org\/wp-content\/uploads\/2022\/01\/vaclav_gavel_i_mdj_v_tekst_1-1.jpeg","articleSection":["Haberler"],"inLanguage":"qt","potentialAction":[{"@type":"CommentAction","name":"Comment","target":["https:\/\/qtmm.org\/qt\/vatslav-gavel-vefati-munasebetinen-meclisnin-taziyesi\/#respond"]}]},{"@type":"WebPage","@id":"https:\/\/qtmm.org\/qt\/vatslav-gavel-vefati-munasebetinen-meclisnin-taziyesi\/","url":"https:\/\/qtmm.org\/qt\/vatslav-gavel-vefati-munasebetinen-meclisnin-taziyesi\/","name":"Vatslav Gavel vefat\u0131 munasebetinen Meclisni\u00f1 taziyesi - \u041c\u0435\u0434\u0436\u043b\u0456\u0441","isPartOf":{"@id":"https:\/\/qtmm.org\/qt\/#website"},"primaryImageOfPage":{"@id":"https:\/\/qtmm.org\/qt\/vatslav-gavel-vefati-munasebetinen-meclisnin-taziyesi\/#primaryimage"},"image":{"@id":"https:\/\/qtmm.org\/qt\/vatslav-gavel-vefati-munasebetinen-meclisnin-taziyesi\/#primaryimage"},"thumbnailUrl":"https:\/\/qtmm.org\/wp-content\/uploads\/2022\/01\/vaclav_gavel_i_mdj_v_tekst_1-1.jpeg","datePublished":"2011-12-19T20:03:00+00:00","dateModified":"2022-01-19T20:04:17+00:00","breadcrumb":{"@id":"https:\/\/qtmm.org\/qt\/vatslav-gavel-vefati-munasebetinen-meclisnin-taziyesi\/#breadcrumb"},"inLanguage":"qt","potentialAction":[{"@type":"ReadAction","target":["https:\/\/qtmm.org\/qt\/vatslav-gavel-vefati-munasebetinen-meclisnin-taziyesi\/"]}]},{"@type":"ImageObject","inLanguage":"qt","@id":"https:\/\/qtmm.org\/qt\/vatslav-gavel-vefati-munasebetinen-meclisnin-taziyesi\/#primaryimage","url":"https:\/\/qtmm.org\/wp-content\/uploads\/2022\/01\/vaclav_gavel_i_mdj_v_tekst_1-1.jpeg","contentUrl":"https:\/\/qtmm.org\/wp-content\/uploads\/2022\/01\/vaclav_gavel_i_mdj_v_tekst_1-1.jpeg","width":650,"height":390},{"@type":"BreadcrumbList","@id":"https:\/\/qtmm.org\/qt\/vatslav-gavel-vefati-munasebetinen-meclisnin-taziyesi\/#breadcrumb","itemListElement":[{"@type":"ListItem","position":1,"name":"\u0413\u043e\u043b\u043e\u0432\u043d\u0430","item":"https:\/\/qtmm.org\/qt\/"},{"@type":"ListItem","position":2,"name":"Vatslav Gavel vefat\u0131 munasebetinen Meclisni\u00f1 taziyesi"}]},{"@type":"WebSite","@id":"https:\/\/qtmm.org\/qt\/#website","url":"https:\/\/qtmm.org\/qt\/","name":"\u041c\u0435\u0434\u0436\u043b\u0456\u0441","description":"","publisher":{"@id":"https:\/\/qtmm.org\/qt\/#organization"},"potentialAction":[{"@type":"SearchAction","target":{"@type":"EntryPoint","urlTemplate":"https:\/\/qtmm.org\/qt\/?s={search_term_string}"},"query-input":{"@type":"PropertyValueSpecification","valueRequired":true,"valueName":"search_term_string"}}],"inLanguage":"qt"},{"@type":"Organization","@id":"https:\/\/qtmm.org\/qt\/#organization","name":"\u041c\u0435\u0434\u0436\u043b\u0456\u0441","url":"https:\/\/qtmm.org\/qt\/","logo":{"@type":"ImageObject","inLanguage":"qt","@id":"https:\/\/qtmm.org\/qt\/#\/schema\/logo\/image\/","url":"https:\/\/qtmm.org\/wp-content\/uploads\/2024\/12\/ua-mejlis-logo-rgb.svg","contentUrl":"https:\/\/qtmm.org\/wp-content\/uploads\/2024\/12\/ua-mejlis-logo-rgb.svg","caption":"\u041c\u0435\u0434\u0436\u043b\u0456\u0441"},"image":{"@id":"https:\/\/qtmm.org\/qt\/#\/schema\/logo\/image\/"},"sameAs":["https:\/\/www.facebook.com\/qtmm.info\/"]},{"@type":"Person","@id":"https:\/\/qtmm.org\/qt\/#\/schema\/person\/de562469f971dec226ac06e60bbf74a7","name":"Developer","image":{"@type":"ImageObject","inLanguage":"qt","@id":"https:\/\/secure.gravatar.com\/avatar\/392b4cc8fbfeb00b39dfeeab4ee6edded39ffd48e25858637e4765810300227e?s=96&d=mm&r=g","url":"https:\/\/secure.gravatar.com\/avatar\/392b4cc8fbfeb00b39dfeeab4ee6edded39ffd48e25858637e4765810300227e?s=96&d=mm&r=g","contentUrl":"https:\/\/secure.gravatar.com\/avatar\/392b4cc8fbfeb00b39dfeeab4ee6edded39ffd48e25858637e4765810300227e?s=96&d=mm&r=g","caption":"Developer"},"url":"https:\/\/qtmm.org\/qt\/author\/Developer\/"}]}},"_links":{"self":[{"href":"https:\/\/qtmm.org\/qt\/wp-json\/wp\/v2\/posts\/28139","targetHints":{"allow":["GET"]}}],"collection":[{"href":"https:\/\/qtmm.org\/qt\/wp-json\/wp\/v2\/posts"}],"about":[{"href":"https:\/\/qtmm.org\/qt\/wp-json\/wp\/v2\/types\/post"}],"author":[{"embeddable":true,"href":"https:\/\/qtmm.org\/qt\/wp-json\/wp\/v2\/users\/1"}],"replies":[{"embeddable":true,"href":"https:\/\/qtmm.org\/qt\/wp-json\/wp\/v2\/comments?post=28139"}],"version-history":[{"count":1,"href":"https:\/\/qtmm.org\/qt\/wp-json\/wp\/v2\/posts\/28139\/revisions"}],"predecessor-version":[{"id":28150,"href":"https:\/\/qtmm.org\/qt\/wp-json\/wp\/v2\/posts\/28139\/revisions\/28150"}],"wp:featuredmedia":[{"embeddable":true,"href":"https:\/\/qtmm.org\/qt\/wp-json\/wp\/v2\/media\/28141"}],"wp:attachment":[{"href":"https:\/\/qtmm.org\/qt\/wp-json\/wp\/v2\/media?parent=28139"}],"wp:term":[{"taxonomy":"category","embeddable":true,"href":"https:\/\/qtmm.org\/qt\/wp-json\/wp\/v2\/categories?post=28139"},{"taxonomy":"post_tag","embeddable":true,"href":"https:\/\/qtmm.org\/qt\/wp-json\/wp\/v2\/tags?post=28139"}],"curies":[{"name":"wp","href":"https:\/\/api.w.org\/{rel}","templated":true}]}}