




{"id":28019,"date":"2011-12-16T22:59:00","date_gmt":"2011-12-16T19:59:00","guid":{"rendered":"http:\/\/qtmm.org\/?p=28019"},"modified":"2022-01-19T22:59:59","modified_gmt":"2022-01-19T19:59:59","slug":"ali-hamzin-turkiye-cumhuriyetinin-odessadaki-bas-konsuli-huseyin-ergani-ile-korusti","status":"publish","type":"post","link":"https:\/\/qtmm.org\/qt\/ali-hamzin-turkiye-cumhuriyetinin-odessadaki-bas-konsuli-huseyin-ergani-ile-korusti\/","title":{"rendered":"Ali Hamzin T\u00fcrkiye Cumhuriyetini\u00f1 Odessadaki ba\u015f konsul\u0131 Huseyin Ergani ile k\u00f6r\u00fc\u015fti"},"content":{"rendered":"\n<p>2011 senesi Aqmescitte Q\u0131r\u0131mtatar halq\u0131 Meclisi t\u0131\u015fq\u0131 al\u00e2qalar b\u00f6l\u00fcgini\u00f1 ba\u015f\u0131 Ali Hamzin T\u00fcrkiye Cumhuriyetini\u00f1 Odessadaki ba\u015f konsul\u0131 Huseyin Ergani ile k\u00f6r\u00fc\u015fti.<br><br>T\u0130KAn\u0131\u00f1 Q\u0131r\u0131mdaki koordinator\u0131 Ahmet \u00c7inar da i\u015ftirak etken bu k\u00f6r\u00fc\u015f\u00fcvni\u00f1 i\u015ftirak\u00e7ileri s\u00fcrg\u00fcnlikten qaytqan q\u0131r\u0131mtatatarlarn\u0131\u00f1 meselelerini muzakere ettiler.<\/p>\n\n\n\n<p>Musafirlerni\u00f1 ricas\u0131na k\u00f6re Ali Hamzin Ba\u011f\u00e7asaraydaki Hansarayn\u0131 Y\u00dcNESKO variyeti cedveline kirsetmek meselesini de a\u00e7\u0131qlad\u0131.<\/p>\n\n\n\n<p>On\u0131\u00f1 ayr\u0131ca qayd etkenine k\u00f6re, Ukraina, Q\u0131r\u0131m \u00fck\u00fcmetleri, Ba\u011f\u00e7asaray tarihiy-medeniy qoruq reberleri, ukrainal\u0131 ve q\u0131r\u0131ml\u0131 tarih\u00e7\u0131larn\u0131\u00f1 birlikteki areketleri, bun\u0131\u00f1 kibi de Q\u0131r\u0131mtatar halq\u0131 Meclisini\u00f1 b\u00f6yle m\u00fcim meseleni\u00f1 \u00e7eziminde bivasta i\u015ftiraki sayesinde belli m\u00fcsbet neticeler elde etildi.<\/p>\n\n\n\n<p>&nbsp;L\u00e2kin mezk\u00fcr i\u015fni\u00f1 e\u00f1 mes\u00fclietli basq\u0131\u00e7\u0131 daa ileride ol\u011fan\u0131 ve bun\u0131 da birlikte yapmaq l\u00e2zimligi de bildirildi.<\/p>\n\n\n\n<p>Ali Hamzin \u015fun\u0131 da qayd etti ki, bu i\u015fni\u00f1 amelge ke\u00e7mesine Q\u0131r\u0131mn\u0131\u00f1 tarihiy ve medeniy degerliklerini Y\u00dcNESKO variyetini\u00f1 d\u00fcnya cedveline kirset\u00fcv boyunca halqara ekspert komissiyas\u0131n\u0131\u00f1 ba\u015f\u0131 professor Bernd fon Drosteni\u00f1 eki defa ziyareti siltem old\u0131. Bu ziyaretlerni te\u015fkil et\u00fcvde Avropa Birligini\u00f1 Ukrainadaki Joze Manuel Pintu Tey\u015feyra yolba\u015f\u00e7\u0131l\u0131\u011f\u0131ndaki vek\u00e2letligini\u00f1 issesi b\u00fcy\u00fcktir.<\/p>\n\n\n\n<p>K\u00f6r\u00fc\u015f\u00fcvni\u00f1 so\u00f1unda subetde\u015fler Q\u0131r\u0131mda q\u0131r\u0131mtatar halq\u0131n\u0131\u00f1 medeniy variyeti degerliklerini \u00f6gren\u00fcv i\u015fini devam ettirmekni\u00f1 zarurl\u0131\u011f\u0131n\u0131 qayd ettiler.<\/p>\n","protected":false},"excerpt":{"rendered":"<p>2011 senesi Aqmescitte Q\u0131r\u0131mtatar halq\u0131 Meclisi t\u0131\u015fq\u0131 al\u00e2qalar b\u00f6l\u00fcgini\u00f1 ba\u015f\u0131 Ali Hamzin T\u00fcrkiye Cumhuriyetini\u00f1 Odessadaki ba\u015f konsul\u0131 Huseyin Ergani ile k\u00f6r\u00fc\u015fti. T\u0130KAn\u0131\u00f1 Q\u0131r\u0131mdaki koordinator\u0131 Ahmet \u00c7inar da i\u015ftirak etken bu k\u00f6r\u00fc\u015f\u00fcvni\u00f1 i\u015ftirak\u00e7ileri s\u00fcrg\u00fcnlikten qaytqan q\u0131r\u0131mtatatarlarn\u0131\u00f1 meselelerini muzakere ettiler. Musafirlerni\u00f1 ricas\u0131na k\u00f6re Ali Hamzin Ba\u011f\u00e7asaraydaki Hansarayn\u0131 Y\u00dcNESKO variyeti cedveline kirsetmek meselesini de a\u00e7\u0131qlad\u0131. On\u0131\u00f1 ayr\u0131ca qayd [&hellip;]<\/p>\n","protected":false},"author":1,"featured_media":0,"comment_status":"open","ping_status":"open","sticky":false,"template":"","format":"standard","meta":{"inline_featured_image":false,"footnotes":""},"categories":[265],"tags":[],"class_list":["post-28019","post","type-post","status-publish","format-standard","hentry","category-haberler"],"acf":[],"yoast_head":"<!-- This site is optimized with the Yoast SEO plugin v27.4 - https:\/\/yoast.com\/product\/yoast-seo-wordpress\/ -->\n<title>Ali Hamzin T\u00fcrkiye Cumhuriyetini\u00f1 Odessadaki ba\u015f konsul\u0131 Huseyin Ergani ile k\u00f6r\u00fc\u015fti - \u041c\u0435\u0434\u0436\u043b\u0456\u0441<\/title>\n<meta name=\"robots\" content=\"index, follow, max-snippet:-1, max-image-preview:large, max-video-preview:-1\" \/>\n<link rel=\"canonical\" href=\"https:\/\/qtmm.org\/qt\/ali-hamzin-turkiye-cumhuriyetinin-odessadaki-bas-konsuli-huseyin-ergani-ile-korusti\/\" \/>\n<meta property=\"og:locale\" content=\"en_US\" \/>\n<meta property=\"og:type\" content=\"article\" \/>\n<meta property=\"og:title\" content=\"Ali Hamzin T\u00fcrkiye Cumhuriyetini\u00f1 Odessadaki ba\u015f konsul\u0131 Huseyin Ergani ile k\u00f6r\u00fc\u015fti - \u041c\u0435\u0434\u0436\u043b\u0456\u0441\" \/>\n<meta property=\"og:description\" content=\"2011 senesi Aqmescitte Q\u0131r\u0131mtatar halq\u0131 Meclisi t\u0131\u015fq\u0131 al\u00e2qalar b\u00f6l\u00fcgini\u00f1 ba\u015f\u0131 Ali Hamzin T\u00fcrkiye Cumhuriyetini\u00f1 Odessadaki ba\u015f konsul\u0131 Huseyin Ergani ile k\u00f6r\u00fc\u015fti. T\u0130KAn\u0131\u00f1 Q\u0131r\u0131mdaki koordinator\u0131 Ahmet \u00c7inar da i\u015ftirak etken bu k\u00f6r\u00fc\u015f\u00fcvni\u00f1 i\u015ftirak\u00e7ileri s\u00fcrg\u00fcnlikten qaytqan q\u0131r\u0131mtatatarlarn\u0131\u00f1 meselelerini muzakere ettiler. Musafirlerni\u00f1 ricas\u0131na k\u00f6re Ali Hamzin Ba\u011f\u00e7asaraydaki Hansarayn\u0131 Y\u00dcNESKO variyeti cedveline kirsetmek meselesini de a\u00e7\u0131qlad\u0131. On\u0131\u00f1 ayr\u0131ca qayd [&hellip;]\" \/>\n<meta property=\"og:url\" content=\"https:\/\/qtmm.org\/qt\/ali-hamzin-turkiye-cumhuriyetinin-odessadaki-bas-konsuli-huseyin-ergani-ile-korusti\/\" \/>\n<meta property=\"og:site_name\" content=\"\u041c\u0435\u0434\u0436\u043b\u0456\u0441\" \/>\n<meta property=\"article:publisher\" content=\"https:\/\/www.facebook.com\/qtmm.info\/\" \/>\n<meta property=\"article:published_time\" content=\"2011-12-16T19:59:00+00:00\" \/>\n<meta property=\"article:modified_time\" content=\"2022-01-19T19:59:59+00:00\" \/>\n<meta name=\"author\" content=\"Developer\" \/>\n<meta name=\"twitter:card\" content=\"summary_large_image\" \/>\n<meta name=\"twitter:label1\" content=\"Written by\" \/>\n\t<meta name=\"twitter:data1\" content=\"Developer\" \/>\n\t<meta name=\"twitter:label2\" content=\"Est. reading time\" \/>\n\t<meta name=\"twitter:data2\" content=\"1 minute\" \/>\n<script type=\"application\/ld+json\" class=\"yoast-schema-graph\">{\"@context\":\"https:\\\/\\\/schema.org\",\"@graph\":[{\"@type\":\"Article\",\"@id\":\"https:\\\/\\\/qtmm.org\\\/qt\\\/ali-hamzin-turkiye-cumhuriyetinin-odessadaki-bas-konsuli-huseyin-ergani-ile-korusti\\\/#article\",\"isPartOf\":{\"@id\":\"https:\\\/\\\/qtmm.org\\\/qt\\\/ali-hamzin-turkiye-cumhuriyetinin-odessadaki-bas-konsuli-huseyin-ergani-ile-korusti\\\/\"},\"author\":{\"name\":\"Developer\",\"@id\":\"https:\\\/\\\/qtmm.org\\\/qt\\\/#\\\/schema\\\/person\\\/de562469f971dec226ac06e60bbf74a7\"},\"headline\":\"Ali Hamzin T\u00fcrkiye Cumhuriyetini\u00f1 Odessadaki ba\u015f konsul\u0131 Huseyin Ergani ile k\u00f6r\u00fc\u015fti\",\"datePublished\":\"2011-12-16T19:59:00+00:00\",\"dateModified\":\"2022-01-19T19:59:59+00:00\",\"mainEntityOfPage\":{\"@id\":\"https:\\\/\\\/qtmm.org\\\/qt\\\/ali-hamzin-turkiye-cumhuriyetinin-odessadaki-bas-konsuli-huseyin-ergani-ile-korusti\\\/\"},\"wordCount\":260,\"commentCount\":0,\"publisher\":{\"@id\":\"https:\\\/\\\/qtmm.org\\\/qt\\\/#organization\"},\"articleSection\":[\"Haberler\"],\"inLanguage\":\"qt\",\"potentialAction\":[{\"@type\":\"CommentAction\",\"name\":\"Comment\",\"target\":[\"https:\\\/\\\/qtmm.org\\\/qt\\\/ali-hamzin-turkiye-cumhuriyetinin-odessadaki-bas-konsuli-huseyin-ergani-ile-korusti\\\/#respond\"]}]},{\"@type\":\"WebPage\",\"@id\":\"https:\\\/\\\/qtmm.org\\\/qt\\\/ali-hamzin-turkiye-cumhuriyetinin-odessadaki-bas-konsuli-huseyin-ergani-ile-korusti\\\/\",\"url\":\"https:\\\/\\\/qtmm.org\\\/qt\\\/ali-hamzin-turkiye-cumhuriyetinin-odessadaki-bas-konsuli-huseyin-ergani-ile-korusti\\\/\",\"name\":\"Ali Hamzin T\u00fcrkiye Cumhuriyetini\u00f1 Odessadaki ba\u015f konsul\u0131 Huseyin Ergani ile k\u00f6r\u00fc\u015fti - \u041c\u0435\u0434\u0436\u043b\u0456\u0441\",\"isPartOf\":{\"@id\":\"https:\\\/\\\/qtmm.org\\\/qt\\\/#website\"},\"datePublished\":\"2011-12-16T19:59:00+00:00\",\"dateModified\":\"2022-01-19T19:59:59+00:00\",\"breadcrumb\":{\"@id\":\"https:\\\/\\\/qtmm.org\\\/qt\\\/ali-hamzin-turkiye-cumhuriyetinin-odessadaki-bas-konsuli-huseyin-ergani-ile-korusti\\\/#breadcrumb\"},\"inLanguage\":\"qt\",\"potentialAction\":[{\"@type\":\"ReadAction\",\"target\":[\"https:\\\/\\\/qtmm.org\\\/qt\\\/ali-hamzin-turkiye-cumhuriyetinin-odessadaki-bas-konsuli-huseyin-ergani-ile-korusti\\\/\"]}]},{\"@type\":\"BreadcrumbList\",\"@id\":\"https:\\\/\\\/qtmm.org\\\/qt\\\/ali-hamzin-turkiye-cumhuriyetinin-odessadaki-bas-konsuli-huseyin-ergani-ile-korusti\\\/#breadcrumb\",\"itemListElement\":[{\"@type\":\"ListItem\",\"position\":1,\"name\":\"\u0413\u043e\u043b\u043e\u0432\u043d\u0430\",\"item\":\"https:\\\/\\\/qtmm.org\\\/qt\\\/\"},{\"@type\":\"ListItem\",\"position\":2,\"name\":\"Ali Hamzin T\u00fcrkiye Cumhuriyetini\u00f1 Odessadaki ba\u015f konsul\u0131 Huseyin Ergani ile k\u00f6r\u00fc\u015fti\"}]},{\"@type\":\"WebSite\",\"@id\":\"https:\\\/\\\/qtmm.org\\\/qt\\\/#website\",\"url\":\"https:\\\/\\\/qtmm.org\\\/qt\\\/\",\"name\":\"\u041c\u0435\u0434\u0436\u043b\u0456\u0441\",\"description\":\"\",\"publisher\":{\"@id\":\"https:\\\/\\\/qtmm.org\\\/qt\\\/#organization\"},\"potentialAction\":[{\"@type\":\"SearchAction\",\"target\":{\"@type\":\"EntryPoint\",\"urlTemplate\":\"https:\\\/\\\/qtmm.org\\\/qt\\\/?s={search_term_string}\"},\"query-input\":{\"@type\":\"PropertyValueSpecification\",\"valueRequired\":true,\"valueName\":\"search_term_string\"}}],\"inLanguage\":\"qt\"},{\"@type\":\"Organization\",\"@id\":\"https:\\\/\\\/qtmm.org\\\/qt\\\/#organization\",\"name\":\"\u041c\u0435\u0434\u0436\u043b\u0456\u0441\",\"url\":\"https:\\\/\\\/qtmm.org\\\/qt\\\/\",\"logo\":{\"@type\":\"ImageObject\",\"inLanguage\":\"qt\",\"@id\":\"https:\\\/\\\/qtmm.org\\\/qt\\\/#\\\/schema\\\/logo\\\/image\\\/\",\"url\":\"https:\\\/\\\/qtmm.org\\\/wp-content\\\/uploads\\\/2024\\\/12\\\/ua-mejlis-logo-rgb.svg\",\"contentUrl\":\"https:\\\/\\\/qtmm.org\\\/wp-content\\\/uploads\\\/2024\\\/12\\\/ua-mejlis-logo-rgb.svg\",\"caption\":\"\u041c\u0435\u0434\u0436\u043b\u0456\u0441\"},\"image\":{\"@id\":\"https:\\\/\\\/qtmm.org\\\/qt\\\/#\\\/schema\\\/logo\\\/image\\\/\"},\"sameAs\":[\"https:\\\/\\\/www.facebook.com\\\/qtmm.info\\\/\"]},{\"@type\":\"Person\",\"@id\":\"https:\\\/\\\/qtmm.org\\\/qt\\\/#\\\/schema\\\/person\\\/de562469f971dec226ac06e60bbf74a7\",\"name\":\"Developer\",\"image\":{\"@type\":\"ImageObject\",\"inLanguage\":\"qt\",\"@id\":\"https:\\\/\\\/secure.gravatar.com\\\/avatar\\\/392b4cc8fbfeb00b39dfeeab4ee6edded39ffd48e25858637e4765810300227e?s=96&d=mm&r=g\",\"url\":\"https:\\\/\\\/secure.gravatar.com\\\/avatar\\\/392b4cc8fbfeb00b39dfeeab4ee6edded39ffd48e25858637e4765810300227e?s=96&d=mm&r=g\",\"contentUrl\":\"https:\\\/\\\/secure.gravatar.com\\\/avatar\\\/392b4cc8fbfeb00b39dfeeab4ee6edded39ffd48e25858637e4765810300227e?s=96&d=mm&r=g\",\"caption\":\"Developer\"},\"url\":\"https:\\\/\\\/qtmm.org\\\/qt\\\/author\\\/Developer\\\/\"}]}<\/script>\n<!-- \/ Yoast SEO plugin. -->","yoast_head_json":{"title":"Ali Hamzin T\u00fcrkiye Cumhuriyetini\u00f1 Odessadaki ba\u015f konsul\u0131 Huseyin Ergani ile k\u00f6r\u00fc\u015fti - \u041c\u0435\u0434\u0436\u043b\u0456\u0441","robots":{"index":"index","follow":"follow","max-snippet":"max-snippet:-1","max-image-preview":"max-image-preview:large","max-video-preview":"max-video-preview:-1"},"canonical":"https:\/\/qtmm.org\/qt\/ali-hamzin-turkiye-cumhuriyetinin-odessadaki-bas-konsuli-huseyin-ergani-ile-korusti\/","og_locale":"en_US","og_type":"article","og_title":"Ali Hamzin T\u00fcrkiye Cumhuriyetini\u00f1 Odessadaki ba\u015f konsul\u0131 Huseyin Ergani ile k\u00f6r\u00fc\u015fti - \u041c\u0435\u0434\u0436\u043b\u0456\u0441","og_description":"2011 senesi Aqmescitte Q\u0131r\u0131mtatar halq\u0131 Meclisi t\u0131\u015fq\u0131 al\u00e2qalar b\u00f6l\u00fcgini\u00f1 ba\u015f\u0131 Ali Hamzin T\u00fcrkiye Cumhuriyetini\u00f1 Odessadaki ba\u015f konsul\u0131 Huseyin Ergani ile k\u00f6r\u00fc\u015fti. T\u0130KAn\u0131\u00f1 Q\u0131r\u0131mdaki koordinator\u0131 Ahmet \u00c7inar da i\u015ftirak etken bu k\u00f6r\u00fc\u015f\u00fcvni\u00f1 i\u015ftirak\u00e7ileri s\u00fcrg\u00fcnlikten qaytqan q\u0131r\u0131mtatatarlarn\u0131\u00f1 meselelerini muzakere ettiler. Musafirlerni\u00f1 ricas\u0131na k\u00f6re Ali Hamzin Ba\u011f\u00e7asaraydaki Hansarayn\u0131 Y\u00dcNESKO variyeti cedveline kirsetmek meselesini de a\u00e7\u0131qlad\u0131. On\u0131\u00f1 ayr\u0131ca qayd [&hellip;]","og_url":"https:\/\/qtmm.org\/qt\/ali-hamzin-turkiye-cumhuriyetinin-odessadaki-bas-konsuli-huseyin-ergani-ile-korusti\/","og_site_name":"\u041c\u0435\u0434\u0436\u043b\u0456\u0441","article_publisher":"https:\/\/www.facebook.com\/qtmm.info\/","article_published_time":"2011-12-16T19:59:00+00:00","article_modified_time":"2022-01-19T19:59:59+00:00","author":"Developer","twitter_card":"summary_large_image","twitter_misc":{"Written by":"Developer","Est. reading time":"1 minute"},"schema":{"@context":"https:\/\/schema.org","@graph":[{"@type":"Article","@id":"https:\/\/qtmm.org\/qt\/ali-hamzin-turkiye-cumhuriyetinin-odessadaki-bas-konsuli-huseyin-ergani-ile-korusti\/#article","isPartOf":{"@id":"https:\/\/qtmm.org\/qt\/ali-hamzin-turkiye-cumhuriyetinin-odessadaki-bas-konsuli-huseyin-ergani-ile-korusti\/"},"author":{"name":"Developer","@id":"https:\/\/qtmm.org\/qt\/#\/schema\/person\/de562469f971dec226ac06e60bbf74a7"},"headline":"Ali Hamzin T\u00fcrkiye Cumhuriyetini\u00f1 Odessadaki ba\u015f konsul\u0131 Huseyin Ergani ile k\u00f6r\u00fc\u015fti","datePublished":"2011-12-16T19:59:00+00:00","dateModified":"2022-01-19T19:59:59+00:00","mainEntityOfPage":{"@id":"https:\/\/qtmm.org\/qt\/ali-hamzin-turkiye-cumhuriyetinin-odessadaki-bas-konsuli-huseyin-ergani-ile-korusti\/"},"wordCount":260,"commentCount":0,"publisher":{"@id":"https:\/\/qtmm.org\/qt\/#organization"},"articleSection":["Haberler"],"inLanguage":"qt","potentialAction":[{"@type":"CommentAction","name":"Comment","target":["https:\/\/qtmm.org\/qt\/ali-hamzin-turkiye-cumhuriyetinin-odessadaki-bas-konsuli-huseyin-ergani-ile-korusti\/#respond"]}]},{"@type":"WebPage","@id":"https:\/\/qtmm.org\/qt\/ali-hamzin-turkiye-cumhuriyetinin-odessadaki-bas-konsuli-huseyin-ergani-ile-korusti\/","url":"https:\/\/qtmm.org\/qt\/ali-hamzin-turkiye-cumhuriyetinin-odessadaki-bas-konsuli-huseyin-ergani-ile-korusti\/","name":"Ali Hamzin T\u00fcrkiye Cumhuriyetini\u00f1 Odessadaki ba\u015f konsul\u0131 Huseyin Ergani ile k\u00f6r\u00fc\u015fti - \u041c\u0435\u0434\u0436\u043b\u0456\u0441","isPartOf":{"@id":"https:\/\/qtmm.org\/qt\/#website"},"datePublished":"2011-12-16T19:59:00+00:00","dateModified":"2022-01-19T19:59:59+00:00","breadcrumb":{"@id":"https:\/\/qtmm.org\/qt\/ali-hamzin-turkiye-cumhuriyetinin-odessadaki-bas-konsuli-huseyin-ergani-ile-korusti\/#breadcrumb"},"inLanguage":"qt","potentialAction":[{"@type":"ReadAction","target":["https:\/\/qtmm.org\/qt\/ali-hamzin-turkiye-cumhuriyetinin-odessadaki-bas-konsuli-huseyin-ergani-ile-korusti\/"]}]},{"@type":"BreadcrumbList","@id":"https:\/\/qtmm.org\/qt\/ali-hamzin-turkiye-cumhuriyetinin-odessadaki-bas-konsuli-huseyin-ergani-ile-korusti\/#breadcrumb","itemListElement":[{"@type":"ListItem","position":1,"name":"\u0413\u043e\u043b\u043e\u0432\u043d\u0430","item":"https:\/\/qtmm.org\/qt\/"},{"@type":"ListItem","position":2,"name":"Ali Hamzin T\u00fcrkiye Cumhuriyetini\u00f1 Odessadaki ba\u015f konsul\u0131 Huseyin Ergani ile k\u00f6r\u00fc\u015fti"}]},{"@type":"WebSite","@id":"https:\/\/qtmm.org\/qt\/#website","url":"https:\/\/qtmm.org\/qt\/","name":"\u041c\u0435\u0434\u0436\u043b\u0456\u0441","description":"","publisher":{"@id":"https:\/\/qtmm.org\/qt\/#organization"},"potentialAction":[{"@type":"SearchAction","target":{"@type":"EntryPoint","urlTemplate":"https:\/\/qtmm.org\/qt\/?s={search_term_string}"},"query-input":{"@type":"PropertyValueSpecification","valueRequired":true,"valueName":"search_term_string"}}],"inLanguage":"qt"},{"@type":"Organization","@id":"https:\/\/qtmm.org\/qt\/#organization","name":"\u041c\u0435\u0434\u0436\u043b\u0456\u0441","url":"https:\/\/qtmm.org\/qt\/","logo":{"@type":"ImageObject","inLanguage":"qt","@id":"https:\/\/qtmm.org\/qt\/#\/schema\/logo\/image\/","url":"https:\/\/qtmm.org\/wp-content\/uploads\/2024\/12\/ua-mejlis-logo-rgb.svg","contentUrl":"https:\/\/qtmm.org\/wp-content\/uploads\/2024\/12\/ua-mejlis-logo-rgb.svg","caption":"\u041c\u0435\u0434\u0436\u043b\u0456\u0441"},"image":{"@id":"https:\/\/qtmm.org\/qt\/#\/schema\/logo\/image\/"},"sameAs":["https:\/\/www.facebook.com\/qtmm.info\/"]},{"@type":"Person","@id":"https:\/\/qtmm.org\/qt\/#\/schema\/person\/de562469f971dec226ac06e60bbf74a7","name":"Developer","image":{"@type":"ImageObject","inLanguage":"qt","@id":"https:\/\/secure.gravatar.com\/avatar\/392b4cc8fbfeb00b39dfeeab4ee6edded39ffd48e25858637e4765810300227e?s=96&d=mm&r=g","url":"https:\/\/secure.gravatar.com\/avatar\/392b4cc8fbfeb00b39dfeeab4ee6edded39ffd48e25858637e4765810300227e?s=96&d=mm&r=g","contentUrl":"https:\/\/secure.gravatar.com\/avatar\/392b4cc8fbfeb00b39dfeeab4ee6edded39ffd48e25858637e4765810300227e?s=96&d=mm&r=g","caption":"Developer"},"url":"https:\/\/qtmm.org\/qt\/author\/Developer\/"}]}},"_links":{"self":[{"href":"https:\/\/qtmm.org\/qt\/wp-json\/wp\/v2\/posts\/28019","targetHints":{"allow":["GET"]}}],"collection":[{"href":"https:\/\/qtmm.org\/qt\/wp-json\/wp\/v2\/posts"}],"about":[{"href":"https:\/\/qtmm.org\/qt\/wp-json\/wp\/v2\/types\/post"}],"author":[{"embeddable":true,"href":"https:\/\/qtmm.org\/qt\/wp-json\/wp\/v2\/users\/1"}],"replies":[{"embeddable":true,"href":"https:\/\/qtmm.org\/qt\/wp-json\/wp\/v2\/comments?post=28019"}],"version-history":[{"count":1,"href":"https:\/\/qtmm.org\/qt\/wp-json\/wp\/v2\/posts\/28019\/revisions"}],"predecessor-version":[{"id":28020,"href":"https:\/\/qtmm.org\/qt\/wp-json\/wp\/v2\/posts\/28019\/revisions\/28020"}],"wp:attachment":[{"href":"https:\/\/qtmm.org\/qt\/wp-json\/wp\/v2\/media?parent=28019"}],"wp:term":[{"taxonomy":"category","embeddable":true,"href":"https:\/\/qtmm.org\/qt\/wp-json\/wp\/v2\/categories?post=28019"},{"taxonomy":"post_tag","embeddable":true,"href":"https:\/\/qtmm.org\/qt\/wp-json\/wp\/v2\/tags?post=28019"}],"curies":[{"name":"wp","href":"https:\/\/api.w.org\/{rel}","templated":true}]}}