




{"id":28015,"date":"2011-12-15T22:58:00","date_gmt":"2011-12-15T19:58:00","guid":{"rendered":"http:\/\/qtmm.org\/?p=28015"},"modified":"2022-01-19T22:59:09","modified_gmt":"2022-01-19T19:59:09","slug":"r-cubarov-mogilovnin-halqara-forum-boyunca-fikirini-anlamaq-mumkun","status":"publish","type":"post","link":"https:\/\/qtmm.org\/qt\/r-cubarov-mogilovnin-halqara-forum-boyunca-fikirini-anlamaq-mumkun\/","title":{"rendered":"R. \u00c7ubarov: &#8220;Mogil\u00f6vn\u0131\u00f1 Halqara forum boyunca fikirini a\u00f1lamaq m\u00fcmk\u00fcn&#8221;"},"content":{"rendered":"\n<p>Q\u0131r\u0131m Nazirler \u015furas\u0131n\u0131\u00f1 reisi Q\u0131r\u0131mtatar halq\u0131n\u0131\u00f1 \u00f6z Vatan\u0131nda aq-uquqlar\u0131n\u0131 qor\u00e7alav, Ukrainada on\u0131\u00f1 tel\u00fckesizligi ve inki\u015faf\u0131n\u0131 teminlev boyunca halqara forum husus\u0131nda b\u00f6yle fikir bildirmege aql\u0131d\u0131r, dep izaatlad\u0131 QHA informagentligine Q\u0131r\u0131mtatar halq\u0131 Meclisi reisini\u00f1 birinci muavini, Q\u0131r\u0131m Yuqar\u0131 \u015euras\u0131n\u0131\u00f1 deputat\u0131 Refat \u00c7ubarov Q\u0131r\u0131m Nazirler \u015furas\u0131 reisini\u00f1 mezk\u00fcr forum boyunca aytqan s\u00f6zlerini.<\/p>\n\n\n\n<p>C\u00fcmleden, dekabr 13 k\u00fcn\u00fc ol\u011fan matbuat konferentsiyas\u0131nda Q\u0131r\u0131m \u00fck\u00fcmetini\u00f1 ba\u015f\u0131 eger Halqara forum Q\u0131r\u0131m\u011fa para ketirecek olsa, o\u00f1a qoltutma\u011fa az\u0131r ol\u011fan\u0131n\u0131 qayd etti.<br><br>&#8220;Q\u0131r\u0131m cemiyetini\u00f1 i\u00e7timaiy-iqtisadiy problemlerini \u00e7ez\u00fcv ile k\u00fcnde o\u011fra\u015fqan cumhuriyet Nazirler \u015furas\u0131n\u0131\u00f1 reisi Anatoliy Mogil\u00f6v q\u0131r\u0131mtatar meselesini\u00f1 sotsial-iqtisadiy taraflar\u0131na diqqat ay\u0131r\u011fan\u0131n\u0131 a\u00f1lamaq ve aqlamaq m\u00fcmk\u00fcn. \u00c7\u00fcnki q\u0131r\u0131mtatarlar toplu ya\u015fa\u011fan y\u00fczlernen qasabalarn\u0131\u00f1 abadanla\u015ft\u0131r\u0131lmas\u0131 i\u00e7\u00fcn sermiya yetmey, devlet b\u00fccetinden olarn\u0131\u00f1 yeterli miqdarda ay\u0131r\u0131lmas\u0131 da pek zor.&#8221;, &#8211; dedi Refat \u00c7ubarov.<br><br>&nbsp;Bun\u0131\u00f1 kibi de o, Halqara forum\u011fa k\u00f6ntseptual yana\u015fuv planlar\u0131nda &#8220;q\u0131r\u0131mtatar halq\u0131n\u0131\u00f1 qaytuv\u0131, yerle\u015f\u00fcvi ve aq-uquqlar\u0131n\u0131\u00f1 \u011fayr\u0131dan tiklenilmesinen ba\u011fl\u0131 \u00e7oqtan-\u00e7oq uquqiy, siyasiy ve sotsial-iqtisadiy problemlerni\u00f1 al olunmas\u0131 o\u011frunda uquqiy ve iqtisadiy areketler plan\u0131&#8221;n\u0131\u00f1 qabul etilmesi k\u00f6zde tutul\u011fan\u0131n\u0131 da aytt\u0131.<\/p>\n\n\n\n<p>&#8220;Aksince, yaq\u0131n y\u0131llarda onlarnen ya\u00f1\u0131 mekteplerni nas\u0131l qur\u0131p, bi\u00f1lernen i\u015f yerlerni nas\u0131l a\u00e7\u0131p, y\u00fczlernen qasabalarn\u0131 nas\u0131l abadanla\u015ft\u0131r\u0131p olurm\u0131z?&#8221; &#8211; bildirdi \u00f6z firini Meclis reisini\u00f1 muavini ve qo\u015fumca etti: &#8220;\u015eun\u0131 da qayd etmekni m\u00fcim, dep sayam ki, olacaq forumda q\u0131r\u0131mtatar halq\u0131n\u0131\u00f1 qaytuv\u0131, yerle\u015f\u00fcvi ve uquqlar\u0131n\u0131\u00f1 tiklenil\u00fcvinen ba\u011fl\u0131 meselelerni \u00e7ez\u00fcvde Ukraina\u011fa yard\u0131m etmek maqsad\u0131nda devletler taraf\u0131ndan berilgen maliyeviy ve diger resurslarn\u0131 birle\u015ftirgen ve qullan\u0131lmas\u0131n\u0131 nezaret etken mahsus halqara vaquf meydan\u011fa ketirilecek&#8221;<\/p>\n","protected":false},"excerpt":{"rendered":"<p>Q\u0131r\u0131m Nazirler \u015furas\u0131n\u0131\u00f1 reisi Q\u0131r\u0131mtatar halq\u0131n\u0131\u00f1 \u00f6z Vatan\u0131nda aq-uquqlar\u0131n\u0131 qor\u00e7alav, Ukrainada on\u0131\u00f1 tel\u00fckesizligi ve inki\u015faf\u0131n\u0131 teminlev boyunca halqara forum husus\u0131nda b\u00f6yle fikir bildirmege aql\u0131d\u0131r, dep izaatlad\u0131 QHA informagentligine Q\u0131r\u0131mtatar halq\u0131 Meclisi reisini\u00f1 birinci muavini, Q\u0131r\u0131m Yuqar\u0131 \u015euras\u0131n\u0131\u00f1 deputat\u0131 Refat \u00c7ubarov Q\u0131r\u0131m Nazirler \u015furas\u0131 reisini\u00f1 mezk\u00fcr forum boyunca aytqan s\u00f6zlerini. C\u00fcmleden, dekabr 13 k\u00fcn\u00fc ol\u011fan matbuat [&hellip;]<\/p>\n","protected":false},"author":1,"featured_media":0,"comment_status":"open","ping_status":"open","sticky":false,"template":"","format":"standard","meta":{"inline_featured_image":false,"footnotes":""},"categories":[265],"tags":[],"class_list":["post-28015","post","type-post","status-publish","format-standard","hentry","category-haberler"],"acf":[],"yoast_head":"<!-- This site is optimized with the Yoast SEO plugin v27.4 - https:\/\/yoast.com\/product\/yoast-seo-wordpress\/ -->\n<title>R. \u00c7ubarov: &quot;Mogil\u00f6vn\u0131\u00f1 Halqara forum boyunca fikirini a\u00f1lamaq m\u00fcmk\u00fcn&quot; - \u041c\u0435\u0434\u0436\u043b\u0456\u0441<\/title>\n<meta name=\"robots\" content=\"index, follow, max-snippet:-1, max-image-preview:large, max-video-preview:-1\" \/>\n<link rel=\"canonical\" href=\"https:\/\/qtmm.org\/qt\/r-cubarov-mogilovnin-halqara-forum-boyunca-fikirini-anlamaq-mumkun\/\" \/>\n<meta property=\"og:locale\" content=\"en_US\" \/>\n<meta property=\"og:type\" content=\"article\" \/>\n<meta property=\"og:title\" content=\"R. \u00c7ubarov: &quot;Mogil\u00f6vn\u0131\u00f1 Halqara forum boyunca fikirini a\u00f1lamaq m\u00fcmk\u00fcn&quot; - \u041c\u0435\u0434\u0436\u043b\u0456\u0441\" \/>\n<meta property=\"og:description\" content=\"Q\u0131r\u0131m Nazirler \u015furas\u0131n\u0131\u00f1 reisi Q\u0131r\u0131mtatar halq\u0131n\u0131\u00f1 \u00f6z Vatan\u0131nda aq-uquqlar\u0131n\u0131 qor\u00e7alav, Ukrainada on\u0131\u00f1 tel\u00fckesizligi ve inki\u015faf\u0131n\u0131 teminlev boyunca halqara forum husus\u0131nda b\u00f6yle fikir bildirmege aql\u0131d\u0131r, dep izaatlad\u0131 QHA informagentligine Q\u0131r\u0131mtatar halq\u0131 Meclisi reisini\u00f1 birinci muavini, Q\u0131r\u0131m Yuqar\u0131 \u015euras\u0131n\u0131\u00f1 deputat\u0131 Refat \u00c7ubarov Q\u0131r\u0131m Nazirler \u015furas\u0131 reisini\u00f1 mezk\u00fcr forum boyunca aytqan s\u00f6zlerini. C\u00fcmleden, dekabr 13 k\u00fcn\u00fc ol\u011fan matbuat [&hellip;]\" \/>\n<meta property=\"og:url\" content=\"https:\/\/qtmm.org\/qt\/r-cubarov-mogilovnin-halqara-forum-boyunca-fikirini-anlamaq-mumkun\/\" \/>\n<meta property=\"og:site_name\" content=\"\u041c\u0435\u0434\u0436\u043b\u0456\u0441\" \/>\n<meta property=\"article:publisher\" content=\"https:\/\/www.facebook.com\/qtmm.info\/\" \/>\n<meta property=\"article:published_time\" content=\"2011-12-15T19:58:00+00:00\" \/>\n<meta property=\"article:modified_time\" content=\"2022-01-19T19:59:09+00:00\" \/>\n<meta name=\"author\" content=\"Developer\" \/>\n<meta name=\"twitter:card\" content=\"summary_large_image\" \/>\n<meta name=\"twitter:label1\" content=\"Written by\" \/>\n\t<meta name=\"twitter:data1\" content=\"Developer\" \/>\n\t<meta name=\"twitter:label2\" content=\"Est. reading time\" \/>\n\t<meta name=\"twitter:data2\" content=\"2 minutes\" \/>\n<script type=\"application\/ld+json\" class=\"yoast-schema-graph\">{\"@context\":\"https:\\\/\\\/schema.org\",\"@graph\":[{\"@type\":\"Article\",\"@id\":\"https:\\\/\\\/qtmm.org\\\/qt\\\/r-cubarov-mogilovnin-halqara-forum-boyunca-fikirini-anlamaq-mumkun\\\/#article\",\"isPartOf\":{\"@id\":\"https:\\\/\\\/qtmm.org\\\/qt\\\/r-cubarov-mogilovnin-halqara-forum-boyunca-fikirini-anlamaq-mumkun\\\/\"},\"author\":{\"name\":\"Developer\",\"@id\":\"https:\\\/\\\/qtmm.org\\\/qt\\\/#\\\/schema\\\/person\\\/de562469f971dec226ac06e60bbf74a7\"},\"headline\":\"R. \u00c7ubarov: &#8220;Mogil\u00f6vn\u0131\u00f1 Halqara forum boyunca fikirini a\u00f1lamaq m\u00fcmk\u00fcn&#8221;\",\"datePublished\":\"2011-12-15T19:58:00+00:00\",\"dateModified\":\"2022-01-19T19:59:09+00:00\",\"mainEntityOfPage\":{\"@id\":\"https:\\\/\\\/qtmm.org\\\/qt\\\/r-cubarov-mogilovnin-halqara-forum-boyunca-fikirini-anlamaq-mumkun\\\/\"},\"wordCount\":357,\"commentCount\":0,\"publisher\":{\"@id\":\"https:\\\/\\\/qtmm.org\\\/qt\\\/#organization\"},\"articleSection\":[\"Haberler\"],\"inLanguage\":\"qt\",\"potentialAction\":[{\"@type\":\"CommentAction\",\"name\":\"Comment\",\"target\":[\"https:\\\/\\\/qtmm.org\\\/qt\\\/r-cubarov-mogilovnin-halqara-forum-boyunca-fikirini-anlamaq-mumkun\\\/#respond\"]}]},{\"@type\":\"WebPage\",\"@id\":\"https:\\\/\\\/qtmm.org\\\/qt\\\/r-cubarov-mogilovnin-halqara-forum-boyunca-fikirini-anlamaq-mumkun\\\/\",\"url\":\"https:\\\/\\\/qtmm.org\\\/qt\\\/r-cubarov-mogilovnin-halqara-forum-boyunca-fikirini-anlamaq-mumkun\\\/\",\"name\":\"R. \u00c7ubarov: \\\"Mogil\u00f6vn\u0131\u00f1 Halqara forum boyunca fikirini a\u00f1lamaq m\u00fcmk\u00fcn\\\" - \u041c\u0435\u0434\u0436\u043b\u0456\u0441\",\"isPartOf\":{\"@id\":\"https:\\\/\\\/qtmm.org\\\/qt\\\/#website\"},\"datePublished\":\"2011-12-15T19:58:00+00:00\",\"dateModified\":\"2022-01-19T19:59:09+00:00\",\"breadcrumb\":{\"@id\":\"https:\\\/\\\/qtmm.org\\\/qt\\\/r-cubarov-mogilovnin-halqara-forum-boyunca-fikirini-anlamaq-mumkun\\\/#breadcrumb\"},\"inLanguage\":\"qt\",\"potentialAction\":[{\"@type\":\"ReadAction\",\"target\":[\"https:\\\/\\\/qtmm.org\\\/qt\\\/r-cubarov-mogilovnin-halqara-forum-boyunca-fikirini-anlamaq-mumkun\\\/\"]}]},{\"@type\":\"BreadcrumbList\",\"@id\":\"https:\\\/\\\/qtmm.org\\\/qt\\\/r-cubarov-mogilovnin-halqara-forum-boyunca-fikirini-anlamaq-mumkun\\\/#breadcrumb\",\"itemListElement\":[{\"@type\":\"ListItem\",\"position\":1,\"name\":\"\u0413\u043e\u043b\u043e\u0432\u043d\u0430\",\"item\":\"https:\\\/\\\/qtmm.org\\\/qt\\\/\"},{\"@type\":\"ListItem\",\"position\":2,\"name\":\"R. \u00c7ubarov: &#8220;Mogil\u00f6vn\u0131\u00f1 Halqara forum boyunca fikirini a\u00f1lamaq m\u00fcmk\u00fcn&#8221;\"}]},{\"@type\":\"WebSite\",\"@id\":\"https:\\\/\\\/qtmm.org\\\/qt\\\/#website\",\"url\":\"https:\\\/\\\/qtmm.org\\\/qt\\\/\",\"name\":\"\u041c\u0435\u0434\u0436\u043b\u0456\u0441\",\"description\":\"\",\"publisher\":{\"@id\":\"https:\\\/\\\/qtmm.org\\\/qt\\\/#organization\"},\"potentialAction\":[{\"@type\":\"SearchAction\",\"target\":{\"@type\":\"EntryPoint\",\"urlTemplate\":\"https:\\\/\\\/qtmm.org\\\/qt\\\/?s={search_term_string}\"},\"query-input\":{\"@type\":\"PropertyValueSpecification\",\"valueRequired\":true,\"valueName\":\"search_term_string\"}}],\"inLanguage\":\"qt\"},{\"@type\":\"Organization\",\"@id\":\"https:\\\/\\\/qtmm.org\\\/qt\\\/#organization\",\"name\":\"\u041c\u0435\u0434\u0436\u043b\u0456\u0441\",\"url\":\"https:\\\/\\\/qtmm.org\\\/qt\\\/\",\"logo\":{\"@type\":\"ImageObject\",\"inLanguage\":\"qt\",\"@id\":\"https:\\\/\\\/qtmm.org\\\/qt\\\/#\\\/schema\\\/logo\\\/image\\\/\",\"url\":\"https:\\\/\\\/qtmm.org\\\/wp-content\\\/uploads\\\/2024\\\/12\\\/ua-mejlis-logo-rgb.svg\",\"contentUrl\":\"https:\\\/\\\/qtmm.org\\\/wp-content\\\/uploads\\\/2024\\\/12\\\/ua-mejlis-logo-rgb.svg\",\"caption\":\"\u041c\u0435\u0434\u0436\u043b\u0456\u0441\"},\"image\":{\"@id\":\"https:\\\/\\\/qtmm.org\\\/qt\\\/#\\\/schema\\\/logo\\\/image\\\/\"},\"sameAs\":[\"https:\\\/\\\/www.facebook.com\\\/qtmm.info\\\/\"]},{\"@type\":\"Person\",\"@id\":\"https:\\\/\\\/qtmm.org\\\/qt\\\/#\\\/schema\\\/person\\\/de562469f971dec226ac06e60bbf74a7\",\"name\":\"Developer\",\"image\":{\"@type\":\"ImageObject\",\"inLanguage\":\"qt\",\"@id\":\"https:\\\/\\\/secure.gravatar.com\\\/avatar\\\/392b4cc8fbfeb00b39dfeeab4ee6edded39ffd48e25858637e4765810300227e?s=96&d=mm&r=g\",\"url\":\"https:\\\/\\\/secure.gravatar.com\\\/avatar\\\/392b4cc8fbfeb00b39dfeeab4ee6edded39ffd48e25858637e4765810300227e?s=96&d=mm&r=g\",\"contentUrl\":\"https:\\\/\\\/secure.gravatar.com\\\/avatar\\\/392b4cc8fbfeb00b39dfeeab4ee6edded39ffd48e25858637e4765810300227e?s=96&d=mm&r=g\",\"caption\":\"Developer\"},\"url\":\"https:\\\/\\\/qtmm.org\\\/qt\\\/author\\\/Developer\\\/\"}]}<\/script>\n<!-- \/ Yoast SEO plugin. -->","yoast_head_json":{"title":"R. \u00c7ubarov: \"Mogil\u00f6vn\u0131\u00f1 Halqara forum boyunca fikirini a\u00f1lamaq m\u00fcmk\u00fcn\" - \u041c\u0435\u0434\u0436\u043b\u0456\u0441","robots":{"index":"index","follow":"follow","max-snippet":"max-snippet:-1","max-image-preview":"max-image-preview:large","max-video-preview":"max-video-preview:-1"},"canonical":"https:\/\/qtmm.org\/qt\/r-cubarov-mogilovnin-halqara-forum-boyunca-fikirini-anlamaq-mumkun\/","og_locale":"en_US","og_type":"article","og_title":"R. \u00c7ubarov: \"Mogil\u00f6vn\u0131\u00f1 Halqara forum boyunca fikirini a\u00f1lamaq m\u00fcmk\u00fcn\" - \u041c\u0435\u0434\u0436\u043b\u0456\u0441","og_description":"Q\u0131r\u0131m Nazirler \u015furas\u0131n\u0131\u00f1 reisi Q\u0131r\u0131mtatar halq\u0131n\u0131\u00f1 \u00f6z Vatan\u0131nda aq-uquqlar\u0131n\u0131 qor\u00e7alav, Ukrainada on\u0131\u00f1 tel\u00fckesizligi ve inki\u015faf\u0131n\u0131 teminlev boyunca halqara forum husus\u0131nda b\u00f6yle fikir bildirmege aql\u0131d\u0131r, dep izaatlad\u0131 QHA informagentligine Q\u0131r\u0131mtatar halq\u0131 Meclisi reisini\u00f1 birinci muavini, Q\u0131r\u0131m Yuqar\u0131 \u015euras\u0131n\u0131\u00f1 deputat\u0131 Refat \u00c7ubarov Q\u0131r\u0131m Nazirler \u015furas\u0131 reisini\u00f1 mezk\u00fcr forum boyunca aytqan s\u00f6zlerini. C\u00fcmleden, dekabr 13 k\u00fcn\u00fc ol\u011fan matbuat [&hellip;]","og_url":"https:\/\/qtmm.org\/qt\/r-cubarov-mogilovnin-halqara-forum-boyunca-fikirini-anlamaq-mumkun\/","og_site_name":"\u041c\u0435\u0434\u0436\u043b\u0456\u0441","article_publisher":"https:\/\/www.facebook.com\/qtmm.info\/","article_published_time":"2011-12-15T19:58:00+00:00","article_modified_time":"2022-01-19T19:59:09+00:00","author":"Developer","twitter_card":"summary_large_image","twitter_misc":{"Written by":"Developer","Est. reading time":"2 minutes"},"schema":{"@context":"https:\/\/schema.org","@graph":[{"@type":"Article","@id":"https:\/\/qtmm.org\/qt\/r-cubarov-mogilovnin-halqara-forum-boyunca-fikirini-anlamaq-mumkun\/#article","isPartOf":{"@id":"https:\/\/qtmm.org\/qt\/r-cubarov-mogilovnin-halqara-forum-boyunca-fikirini-anlamaq-mumkun\/"},"author":{"name":"Developer","@id":"https:\/\/qtmm.org\/qt\/#\/schema\/person\/de562469f971dec226ac06e60bbf74a7"},"headline":"R. \u00c7ubarov: &#8220;Mogil\u00f6vn\u0131\u00f1 Halqara forum boyunca fikirini a\u00f1lamaq m\u00fcmk\u00fcn&#8221;","datePublished":"2011-12-15T19:58:00+00:00","dateModified":"2022-01-19T19:59:09+00:00","mainEntityOfPage":{"@id":"https:\/\/qtmm.org\/qt\/r-cubarov-mogilovnin-halqara-forum-boyunca-fikirini-anlamaq-mumkun\/"},"wordCount":357,"commentCount":0,"publisher":{"@id":"https:\/\/qtmm.org\/qt\/#organization"},"articleSection":["Haberler"],"inLanguage":"qt","potentialAction":[{"@type":"CommentAction","name":"Comment","target":["https:\/\/qtmm.org\/qt\/r-cubarov-mogilovnin-halqara-forum-boyunca-fikirini-anlamaq-mumkun\/#respond"]}]},{"@type":"WebPage","@id":"https:\/\/qtmm.org\/qt\/r-cubarov-mogilovnin-halqara-forum-boyunca-fikirini-anlamaq-mumkun\/","url":"https:\/\/qtmm.org\/qt\/r-cubarov-mogilovnin-halqara-forum-boyunca-fikirini-anlamaq-mumkun\/","name":"R. \u00c7ubarov: \"Mogil\u00f6vn\u0131\u00f1 Halqara forum boyunca fikirini a\u00f1lamaq m\u00fcmk\u00fcn\" - \u041c\u0435\u0434\u0436\u043b\u0456\u0441","isPartOf":{"@id":"https:\/\/qtmm.org\/qt\/#website"},"datePublished":"2011-12-15T19:58:00+00:00","dateModified":"2022-01-19T19:59:09+00:00","breadcrumb":{"@id":"https:\/\/qtmm.org\/qt\/r-cubarov-mogilovnin-halqara-forum-boyunca-fikirini-anlamaq-mumkun\/#breadcrumb"},"inLanguage":"qt","potentialAction":[{"@type":"ReadAction","target":["https:\/\/qtmm.org\/qt\/r-cubarov-mogilovnin-halqara-forum-boyunca-fikirini-anlamaq-mumkun\/"]}]},{"@type":"BreadcrumbList","@id":"https:\/\/qtmm.org\/qt\/r-cubarov-mogilovnin-halqara-forum-boyunca-fikirini-anlamaq-mumkun\/#breadcrumb","itemListElement":[{"@type":"ListItem","position":1,"name":"\u0413\u043e\u043b\u043e\u0432\u043d\u0430","item":"https:\/\/qtmm.org\/qt\/"},{"@type":"ListItem","position":2,"name":"R. \u00c7ubarov: &#8220;Mogil\u00f6vn\u0131\u00f1 Halqara forum boyunca fikirini a\u00f1lamaq m\u00fcmk\u00fcn&#8221;"}]},{"@type":"WebSite","@id":"https:\/\/qtmm.org\/qt\/#website","url":"https:\/\/qtmm.org\/qt\/","name":"\u041c\u0435\u0434\u0436\u043b\u0456\u0441","description":"","publisher":{"@id":"https:\/\/qtmm.org\/qt\/#organization"},"potentialAction":[{"@type":"SearchAction","target":{"@type":"EntryPoint","urlTemplate":"https:\/\/qtmm.org\/qt\/?s={search_term_string}"},"query-input":{"@type":"PropertyValueSpecification","valueRequired":true,"valueName":"search_term_string"}}],"inLanguage":"qt"},{"@type":"Organization","@id":"https:\/\/qtmm.org\/qt\/#organization","name":"\u041c\u0435\u0434\u0436\u043b\u0456\u0441","url":"https:\/\/qtmm.org\/qt\/","logo":{"@type":"ImageObject","inLanguage":"qt","@id":"https:\/\/qtmm.org\/qt\/#\/schema\/logo\/image\/","url":"https:\/\/qtmm.org\/wp-content\/uploads\/2024\/12\/ua-mejlis-logo-rgb.svg","contentUrl":"https:\/\/qtmm.org\/wp-content\/uploads\/2024\/12\/ua-mejlis-logo-rgb.svg","caption":"\u041c\u0435\u0434\u0436\u043b\u0456\u0441"},"image":{"@id":"https:\/\/qtmm.org\/qt\/#\/schema\/logo\/image\/"},"sameAs":["https:\/\/www.facebook.com\/qtmm.info\/"]},{"@type":"Person","@id":"https:\/\/qtmm.org\/qt\/#\/schema\/person\/de562469f971dec226ac06e60bbf74a7","name":"Developer","image":{"@type":"ImageObject","inLanguage":"qt","@id":"https:\/\/secure.gravatar.com\/avatar\/392b4cc8fbfeb00b39dfeeab4ee6edded39ffd48e25858637e4765810300227e?s=96&d=mm&r=g","url":"https:\/\/secure.gravatar.com\/avatar\/392b4cc8fbfeb00b39dfeeab4ee6edded39ffd48e25858637e4765810300227e?s=96&d=mm&r=g","contentUrl":"https:\/\/secure.gravatar.com\/avatar\/392b4cc8fbfeb00b39dfeeab4ee6edded39ffd48e25858637e4765810300227e?s=96&d=mm&r=g","caption":"Developer"},"url":"https:\/\/qtmm.org\/qt\/author\/Developer\/"}]}},"_links":{"self":[{"href":"https:\/\/qtmm.org\/qt\/wp-json\/wp\/v2\/posts\/28015","targetHints":{"allow":["GET"]}}],"collection":[{"href":"https:\/\/qtmm.org\/qt\/wp-json\/wp\/v2\/posts"}],"about":[{"href":"https:\/\/qtmm.org\/qt\/wp-json\/wp\/v2\/types\/post"}],"author":[{"embeddable":true,"href":"https:\/\/qtmm.org\/qt\/wp-json\/wp\/v2\/users\/1"}],"replies":[{"embeddable":true,"href":"https:\/\/qtmm.org\/qt\/wp-json\/wp\/v2\/comments?post=28015"}],"version-history":[{"count":1,"href":"https:\/\/qtmm.org\/qt\/wp-json\/wp\/v2\/posts\/28015\/revisions"}],"predecessor-version":[{"id":28017,"href":"https:\/\/qtmm.org\/qt\/wp-json\/wp\/v2\/posts\/28015\/revisions\/28017"}],"wp:attachment":[{"href":"https:\/\/qtmm.org\/qt\/wp-json\/wp\/v2\/media?parent=28015"}],"wp:term":[{"taxonomy":"category","embeddable":true,"href":"https:\/\/qtmm.org\/qt\/wp-json\/wp\/v2\/categories?post=28015"},{"taxonomy":"post_tag","embeddable":true,"href":"https:\/\/qtmm.org\/qt\/wp-json\/wp\/v2\/tags?post=28015"}],"curies":[{"name":"wp","href":"https:\/\/api.w.org\/{rel}","templated":true}]}}