




{"id":27571,"date":"2011-12-14T22:48:00","date_gmt":"2011-12-14T19:48:00","guid":{"rendered":"http:\/\/qtmm.org\/?p=27571"},"modified":"2022-01-19T22:48:52","modified_gmt":"2022-01-19T19:48:52","slug":"turkiye-cumhuriyetinin-prezidenti-abdulla-gul-ahmed-ihsan-qirimlinin-vefati-munasebetinen-taziye-bildirdi","status":"publish","type":"post","link":"https:\/\/qtmm.org\/qt\/turkiye-cumhuriyetinin-prezidenti-abdulla-gul-ahmed-ihsan-qirimlinin-vefati-munasebetinen-taziye-bildirdi\/","title":{"rendered":"T\u00fcrkiye Cumhuriyetini\u00f1 Prezidenti Abdulla G\u00fcl Ahmed \u0130hsan Q\u0131r\u0131ml\u0131n\u0131\u00f1 vefat\u0131 munasebetinen taziye bildirdi"},"content":{"rendered":"\n<p>T\u00fcrkiye Cumhuriyetini\u00f1 Prezidenti Abdulla G\u00fcl dekabr 11 k\u00fcn\u00fc T\u00fcrkiyeni\u00f1 sab\u0131q Turizm naziri, T\u00fcrkiye Cumhuriyeti Parlamentini\u00f1 sab\u0131q deputat\u0131, Q\u0131r\u0131mtatar medeniyeti ve yard\u0131mla\u015fma cemiyetini\u00f1 reisi, doktor Ahmed \u0130hsan Q\u0131r\u0131ml\u0131n\u0131\u00f1 vefat\u0131 munasebetinen on\u0131\u00f1 ailesi ve soy-aqrabalar\u0131na taziye bildirip, bu kederli haberni b\u00fcy\u00fck yan\u0131q ile e\u015fitkenini aytt\u0131 ve merhum\u011fa Alladan rahmet istedi.<\/p>\n\n\n\n<p>&#8220;Rahmetli Ahmed \u0130hsan Q\u0131r\u0131ml\u0131 T\u00fcrkiyeni\u00f1 Turizm naziri, T\u00fcrkiye Cumhuriyeti Parlamentini\u00f1 deputat\u0131, \u00e7oq y\u0131llar Q\u0131r\u0131mtatar medeniyeti ve yard\u0131mla\u015fma cemiyetini\u00f1 reisi vazifesinde em q\u0131r\u0131mtatar halq\u0131na, em T\u00fcrkiyege namusl\u0131 h\u0131zmet etip, qalplerimizde ayr\u0131ca yer alacaq&#8221;, &#8211; denile T\u00fcrkiye Cumhuriyeti Prezidentini\u00f1 taziyesinde.<\/p>\n\n\n\n<p>A. G\u00fcl Ahmed \u0130hsan Q\u0131r\u0131ml\u0131n\u0131\u00f1 ailesi ve qarda\u015f q\u0131r\u0131mtatar halq\u0131na \u015fahsen kendi ad\u0131ndan ve T\u00fcrkiye halq\u0131n\u0131\u00f1 ad\u0131ndan ba\u015f sa\u011fl\u0131\u011f\u0131 tiledi.<\/p>\n\n\n\n<p class=\"has-text-align-right\"><a href=\"http:\/\/www.tccb.gov.tr\/\" target=\"_blank\" rel=\"noreferrer noopener\">www.tccb.gov.tr<\/a><\/p>\n","protected":false},"excerpt":{"rendered":"<p>T\u00fcrkiye Cumhuriyetini\u00f1 Prezidenti Abdulla G\u00fcl dekabr 11 k\u00fcn\u00fc T\u00fcrkiyeni\u00f1 sab\u0131q Turizm naziri, T\u00fcrkiye Cumhuriyeti Parlamentini\u00f1 sab\u0131q deputat\u0131, Q\u0131r\u0131mtatar medeniyeti ve yard\u0131mla\u015fma cemiyetini\u00f1 reisi, doktor Ahmed \u0130hsan Q\u0131r\u0131ml\u0131n\u0131\u00f1 vefat\u0131 munasebetinen on\u0131\u00f1 ailesi ve soy-aqrabalar\u0131na taziye bildirip, bu kederli haberni b\u00fcy\u00fck yan\u0131q ile e\u015fitkenini aytt\u0131 ve merhum\u011fa Alladan rahmet istedi. &#8220;Rahmetli Ahmed \u0130hsan Q\u0131r\u0131ml\u0131 T\u00fcrkiyeni\u00f1 Turizm naziri, [&hellip;]<\/p>\n","protected":false},"author":1,"featured_media":0,"comment_status":"open","ping_status":"open","sticky":false,"template":"","format":"standard","meta":{"inline_featured_image":false,"footnotes":""},"categories":[265],"tags":[],"class_list":["post-27571","post","type-post","status-publish","format-standard","hentry","category-haberler"],"acf":[],"yoast_head":"<!-- This site is optimized with the Yoast SEO plugin v27.4 - https:\/\/yoast.com\/product\/yoast-seo-wordpress\/ -->\n<title>T\u00fcrkiye Cumhuriyetini\u00f1 Prezidenti Abdulla G\u00fcl Ahmed \u0130hsan Q\u0131r\u0131ml\u0131n\u0131\u00f1 vefat\u0131 munasebetinen taziye bildirdi - \u041c\u0435\u0434\u0436\u043b\u0456\u0441<\/title>\n<meta name=\"robots\" content=\"index, follow, max-snippet:-1, max-image-preview:large, max-video-preview:-1\" \/>\n<link rel=\"canonical\" href=\"https:\/\/qtmm.org\/qt\/turkiye-cumhuriyetinin-prezidenti-abdulla-gul-ahmed-ihsan-qirimlinin-vefati-munasebetinen-taziye-bildirdi\/\" \/>\n<meta property=\"og:locale\" content=\"en_US\" \/>\n<meta property=\"og:type\" content=\"article\" \/>\n<meta property=\"og:title\" content=\"T\u00fcrkiye Cumhuriyetini\u00f1 Prezidenti Abdulla G\u00fcl Ahmed \u0130hsan Q\u0131r\u0131ml\u0131n\u0131\u00f1 vefat\u0131 munasebetinen taziye bildirdi - \u041c\u0435\u0434\u0436\u043b\u0456\u0441\" \/>\n<meta property=\"og:description\" content=\"T\u00fcrkiye Cumhuriyetini\u00f1 Prezidenti Abdulla G\u00fcl dekabr 11 k\u00fcn\u00fc T\u00fcrkiyeni\u00f1 sab\u0131q Turizm naziri, T\u00fcrkiye Cumhuriyeti Parlamentini\u00f1 sab\u0131q deputat\u0131, Q\u0131r\u0131mtatar medeniyeti ve yard\u0131mla\u015fma cemiyetini\u00f1 reisi, doktor Ahmed \u0130hsan Q\u0131r\u0131ml\u0131n\u0131\u00f1 vefat\u0131 munasebetinen on\u0131\u00f1 ailesi ve soy-aqrabalar\u0131na taziye bildirip, bu kederli haberni b\u00fcy\u00fck yan\u0131q ile e\u015fitkenini aytt\u0131 ve merhum\u011fa Alladan rahmet istedi. &#8220;Rahmetli Ahmed \u0130hsan Q\u0131r\u0131ml\u0131 T\u00fcrkiyeni\u00f1 Turizm naziri, [&hellip;]\" \/>\n<meta property=\"og:url\" content=\"https:\/\/qtmm.org\/qt\/turkiye-cumhuriyetinin-prezidenti-abdulla-gul-ahmed-ihsan-qirimlinin-vefati-munasebetinen-taziye-bildirdi\/\" \/>\n<meta property=\"og:site_name\" content=\"\u041c\u0435\u0434\u0436\u043b\u0456\u0441\" \/>\n<meta property=\"article:publisher\" content=\"https:\/\/www.facebook.com\/qtmm.info\/\" \/>\n<meta property=\"article:published_time\" content=\"2011-12-14T19:48:00+00:00\" \/>\n<meta property=\"article:modified_time\" content=\"2022-01-19T19:48:52+00:00\" \/>\n<meta name=\"author\" content=\"Developer\" \/>\n<meta name=\"twitter:card\" content=\"summary_large_image\" \/>\n<meta name=\"twitter:label1\" content=\"Written by\" \/>\n\t<meta name=\"twitter:data1\" content=\"Developer\" \/>\n\t<meta name=\"twitter:label2\" content=\"Est. reading time\" \/>\n\t<meta name=\"twitter:data2\" content=\"1 minute\" \/>\n<script type=\"application\/ld+json\" class=\"yoast-schema-graph\">{\"@context\":\"https:\\\/\\\/schema.org\",\"@graph\":[{\"@type\":\"Article\",\"@id\":\"https:\\\/\\\/qtmm.org\\\/qt\\\/turkiye-cumhuriyetinin-prezidenti-abdulla-gul-ahmed-ihsan-qirimlinin-vefati-munasebetinen-taziye-bildirdi\\\/#article\",\"isPartOf\":{\"@id\":\"https:\\\/\\\/qtmm.org\\\/qt\\\/turkiye-cumhuriyetinin-prezidenti-abdulla-gul-ahmed-ihsan-qirimlinin-vefati-munasebetinen-taziye-bildirdi\\\/\"},\"author\":{\"name\":\"Developer\",\"@id\":\"https:\\\/\\\/qtmm.org\\\/qt\\\/#\\\/schema\\\/person\\\/de562469f971dec226ac06e60bbf74a7\"},\"headline\":\"T\u00fcrkiye Cumhuriyetini\u00f1 Prezidenti Abdulla G\u00fcl Ahmed \u0130hsan Q\u0131r\u0131ml\u0131n\u0131\u00f1 vefat\u0131 munasebetinen taziye bildirdi\",\"datePublished\":\"2011-12-14T19:48:00+00:00\",\"dateModified\":\"2022-01-19T19:48:52+00:00\",\"mainEntityOfPage\":{\"@id\":\"https:\\\/\\\/qtmm.org\\\/qt\\\/turkiye-cumhuriyetinin-prezidenti-abdulla-gul-ahmed-ihsan-qirimlinin-vefati-munasebetinen-taziye-bildirdi\\\/\"},\"wordCount\":174,\"commentCount\":0,\"publisher\":{\"@id\":\"https:\\\/\\\/qtmm.org\\\/qt\\\/#organization\"},\"articleSection\":[\"Haberler\"],\"inLanguage\":\"qt\",\"potentialAction\":[{\"@type\":\"CommentAction\",\"name\":\"Comment\",\"target\":[\"https:\\\/\\\/qtmm.org\\\/qt\\\/turkiye-cumhuriyetinin-prezidenti-abdulla-gul-ahmed-ihsan-qirimlinin-vefati-munasebetinen-taziye-bildirdi\\\/#respond\"]}]},{\"@type\":\"WebPage\",\"@id\":\"https:\\\/\\\/qtmm.org\\\/qt\\\/turkiye-cumhuriyetinin-prezidenti-abdulla-gul-ahmed-ihsan-qirimlinin-vefati-munasebetinen-taziye-bildirdi\\\/\",\"url\":\"https:\\\/\\\/qtmm.org\\\/qt\\\/turkiye-cumhuriyetinin-prezidenti-abdulla-gul-ahmed-ihsan-qirimlinin-vefati-munasebetinen-taziye-bildirdi\\\/\",\"name\":\"T\u00fcrkiye Cumhuriyetini\u00f1 Prezidenti Abdulla G\u00fcl Ahmed \u0130hsan Q\u0131r\u0131ml\u0131n\u0131\u00f1 vefat\u0131 munasebetinen taziye bildirdi - \u041c\u0435\u0434\u0436\u043b\u0456\u0441\",\"isPartOf\":{\"@id\":\"https:\\\/\\\/qtmm.org\\\/qt\\\/#website\"},\"datePublished\":\"2011-12-14T19:48:00+00:00\",\"dateModified\":\"2022-01-19T19:48:52+00:00\",\"breadcrumb\":{\"@id\":\"https:\\\/\\\/qtmm.org\\\/qt\\\/turkiye-cumhuriyetinin-prezidenti-abdulla-gul-ahmed-ihsan-qirimlinin-vefati-munasebetinen-taziye-bildirdi\\\/#breadcrumb\"},\"inLanguage\":\"qt\",\"potentialAction\":[{\"@type\":\"ReadAction\",\"target\":[\"https:\\\/\\\/qtmm.org\\\/qt\\\/turkiye-cumhuriyetinin-prezidenti-abdulla-gul-ahmed-ihsan-qirimlinin-vefati-munasebetinen-taziye-bildirdi\\\/\"]}]},{\"@type\":\"BreadcrumbList\",\"@id\":\"https:\\\/\\\/qtmm.org\\\/qt\\\/turkiye-cumhuriyetinin-prezidenti-abdulla-gul-ahmed-ihsan-qirimlinin-vefati-munasebetinen-taziye-bildirdi\\\/#breadcrumb\",\"itemListElement\":[{\"@type\":\"ListItem\",\"position\":1,\"name\":\"\u0413\u043e\u043b\u043e\u0432\u043d\u0430\",\"item\":\"https:\\\/\\\/qtmm.org\\\/qt\\\/\"},{\"@type\":\"ListItem\",\"position\":2,\"name\":\"T\u00fcrkiye Cumhuriyetini\u00f1 Prezidenti Abdulla G\u00fcl Ahmed \u0130hsan Q\u0131r\u0131ml\u0131n\u0131\u00f1 vefat\u0131 munasebetinen taziye bildirdi\"}]},{\"@type\":\"WebSite\",\"@id\":\"https:\\\/\\\/qtmm.org\\\/qt\\\/#website\",\"url\":\"https:\\\/\\\/qtmm.org\\\/qt\\\/\",\"name\":\"\u041c\u0435\u0434\u0436\u043b\u0456\u0441\",\"description\":\"\",\"publisher\":{\"@id\":\"https:\\\/\\\/qtmm.org\\\/qt\\\/#organization\"},\"potentialAction\":[{\"@type\":\"SearchAction\",\"target\":{\"@type\":\"EntryPoint\",\"urlTemplate\":\"https:\\\/\\\/qtmm.org\\\/qt\\\/?s={search_term_string}\"},\"query-input\":{\"@type\":\"PropertyValueSpecification\",\"valueRequired\":true,\"valueName\":\"search_term_string\"}}],\"inLanguage\":\"qt\"},{\"@type\":\"Organization\",\"@id\":\"https:\\\/\\\/qtmm.org\\\/qt\\\/#organization\",\"name\":\"\u041c\u0435\u0434\u0436\u043b\u0456\u0441\",\"url\":\"https:\\\/\\\/qtmm.org\\\/qt\\\/\",\"logo\":{\"@type\":\"ImageObject\",\"inLanguage\":\"qt\",\"@id\":\"https:\\\/\\\/qtmm.org\\\/qt\\\/#\\\/schema\\\/logo\\\/image\\\/\",\"url\":\"https:\\\/\\\/qtmm.org\\\/wp-content\\\/uploads\\\/2024\\\/12\\\/ua-mejlis-logo-rgb.svg\",\"contentUrl\":\"https:\\\/\\\/qtmm.org\\\/wp-content\\\/uploads\\\/2024\\\/12\\\/ua-mejlis-logo-rgb.svg\",\"caption\":\"\u041c\u0435\u0434\u0436\u043b\u0456\u0441\"},\"image\":{\"@id\":\"https:\\\/\\\/qtmm.org\\\/qt\\\/#\\\/schema\\\/logo\\\/image\\\/\"},\"sameAs\":[\"https:\\\/\\\/www.facebook.com\\\/qtmm.info\\\/\"]},{\"@type\":\"Person\",\"@id\":\"https:\\\/\\\/qtmm.org\\\/qt\\\/#\\\/schema\\\/person\\\/de562469f971dec226ac06e60bbf74a7\",\"name\":\"Developer\",\"image\":{\"@type\":\"ImageObject\",\"inLanguage\":\"qt\",\"@id\":\"https:\\\/\\\/secure.gravatar.com\\\/avatar\\\/392b4cc8fbfeb00b39dfeeab4ee6edded39ffd48e25858637e4765810300227e?s=96&d=mm&r=g\",\"url\":\"https:\\\/\\\/secure.gravatar.com\\\/avatar\\\/392b4cc8fbfeb00b39dfeeab4ee6edded39ffd48e25858637e4765810300227e?s=96&d=mm&r=g\",\"contentUrl\":\"https:\\\/\\\/secure.gravatar.com\\\/avatar\\\/392b4cc8fbfeb00b39dfeeab4ee6edded39ffd48e25858637e4765810300227e?s=96&d=mm&r=g\",\"caption\":\"Developer\"},\"url\":\"https:\\\/\\\/qtmm.org\\\/qt\\\/author\\\/Developer\\\/\"}]}<\/script>\n<!-- \/ Yoast SEO plugin. -->","yoast_head_json":{"title":"T\u00fcrkiye Cumhuriyetini\u00f1 Prezidenti Abdulla G\u00fcl Ahmed \u0130hsan Q\u0131r\u0131ml\u0131n\u0131\u00f1 vefat\u0131 munasebetinen taziye bildirdi - \u041c\u0435\u0434\u0436\u043b\u0456\u0441","robots":{"index":"index","follow":"follow","max-snippet":"max-snippet:-1","max-image-preview":"max-image-preview:large","max-video-preview":"max-video-preview:-1"},"canonical":"https:\/\/qtmm.org\/qt\/turkiye-cumhuriyetinin-prezidenti-abdulla-gul-ahmed-ihsan-qirimlinin-vefati-munasebetinen-taziye-bildirdi\/","og_locale":"en_US","og_type":"article","og_title":"T\u00fcrkiye Cumhuriyetini\u00f1 Prezidenti Abdulla G\u00fcl Ahmed \u0130hsan Q\u0131r\u0131ml\u0131n\u0131\u00f1 vefat\u0131 munasebetinen taziye bildirdi - \u041c\u0435\u0434\u0436\u043b\u0456\u0441","og_description":"T\u00fcrkiye Cumhuriyetini\u00f1 Prezidenti Abdulla G\u00fcl dekabr 11 k\u00fcn\u00fc T\u00fcrkiyeni\u00f1 sab\u0131q Turizm naziri, T\u00fcrkiye Cumhuriyeti Parlamentini\u00f1 sab\u0131q deputat\u0131, Q\u0131r\u0131mtatar medeniyeti ve yard\u0131mla\u015fma cemiyetini\u00f1 reisi, doktor Ahmed \u0130hsan Q\u0131r\u0131ml\u0131n\u0131\u00f1 vefat\u0131 munasebetinen on\u0131\u00f1 ailesi ve soy-aqrabalar\u0131na taziye bildirip, bu kederli haberni b\u00fcy\u00fck yan\u0131q ile e\u015fitkenini aytt\u0131 ve merhum\u011fa Alladan rahmet istedi. &#8220;Rahmetli Ahmed \u0130hsan Q\u0131r\u0131ml\u0131 T\u00fcrkiyeni\u00f1 Turizm naziri, [&hellip;]","og_url":"https:\/\/qtmm.org\/qt\/turkiye-cumhuriyetinin-prezidenti-abdulla-gul-ahmed-ihsan-qirimlinin-vefati-munasebetinen-taziye-bildirdi\/","og_site_name":"\u041c\u0435\u0434\u0436\u043b\u0456\u0441","article_publisher":"https:\/\/www.facebook.com\/qtmm.info\/","article_published_time":"2011-12-14T19:48:00+00:00","article_modified_time":"2022-01-19T19:48:52+00:00","author":"Developer","twitter_card":"summary_large_image","twitter_misc":{"Written by":"Developer","Est. reading time":"1 minute"},"schema":{"@context":"https:\/\/schema.org","@graph":[{"@type":"Article","@id":"https:\/\/qtmm.org\/qt\/turkiye-cumhuriyetinin-prezidenti-abdulla-gul-ahmed-ihsan-qirimlinin-vefati-munasebetinen-taziye-bildirdi\/#article","isPartOf":{"@id":"https:\/\/qtmm.org\/qt\/turkiye-cumhuriyetinin-prezidenti-abdulla-gul-ahmed-ihsan-qirimlinin-vefati-munasebetinen-taziye-bildirdi\/"},"author":{"name":"Developer","@id":"https:\/\/qtmm.org\/qt\/#\/schema\/person\/de562469f971dec226ac06e60bbf74a7"},"headline":"T\u00fcrkiye Cumhuriyetini\u00f1 Prezidenti Abdulla G\u00fcl Ahmed \u0130hsan Q\u0131r\u0131ml\u0131n\u0131\u00f1 vefat\u0131 munasebetinen taziye bildirdi","datePublished":"2011-12-14T19:48:00+00:00","dateModified":"2022-01-19T19:48:52+00:00","mainEntityOfPage":{"@id":"https:\/\/qtmm.org\/qt\/turkiye-cumhuriyetinin-prezidenti-abdulla-gul-ahmed-ihsan-qirimlinin-vefati-munasebetinen-taziye-bildirdi\/"},"wordCount":174,"commentCount":0,"publisher":{"@id":"https:\/\/qtmm.org\/qt\/#organization"},"articleSection":["Haberler"],"inLanguage":"qt","potentialAction":[{"@type":"CommentAction","name":"Comment","target":["https:\/\/qtmm.org\/qt\/turkiye-cumhuriyetinin-prezidenti-abdulla-gul-ahmed-ihsan-qirimlinin-vefati-munasebetinen-taziye-bildirdi\/#respond"]}]},{"@type":"WebPage","@id":"https:\/\/qtmm.org\/qt\/turkiye-cumhuriyetinin-prezidenti-abdulla-gul-ahmed-ihsan-qirimlinin-vefati-munasebetinen-taziye-bildirdi\/","url":"https:\/\/qtmm.org\/qt\/turkiye-cumhuriyetinin-prezidenti-abdulla-gul-ahmed-ihsan-qirimlinin-vefati-munasebetinen-taziye-bildirdi\/","name":"T\u00fcrkiye Cumhuriyetini\u00f1 Prezidenti Abdulla G\u00fcl Ahmed \u0130hsan Q\u0131r\u0131ml\u0131n\u0131\u00f1 vefat\u0131 munasebetinen taziye bildirdi - \u041c\u0435\u0434\u0436\u043b\u0456\u0441","isPartOf":{"@id":"https:\/\/qtmm.org\/qt\/#website"},"datePublished":"2011-12-14T19:48:00+00:00","dateModified":"2022-01-19T19:48:52+00:00","breadcrumb":{"@id":"https:\/\/qtmm.org\/qt\/turkiye-cumhuriyetinin-prezidenti-abdulla-gul-ahmed-ihsan-qirimlinin-vefati-munasebetinen-taziye-bildirdi\/#breadcrumb"},"inLanguage":"qt","potentialAction":[{"@type":"ReadAction","target":["https:\/\/qtmm.org\/qt\/turkiye-cumhuriyetinin-prezidenti-abdulla-gul-ahmed-ihsan-qirimlinin-vefati-munasebetinen-taziye-bildirdi\/"]}]},{"@type":"BreadcrumbList","@id":"https:\/\/qtmm.org\/qt\/turkiye-cumhuriyetinin-prezidenti-abdulla-gul-ahmed-ihsan-qirimlinin-vefati-munasebetinen-taziye-bildirdi\/#breadcrumb","itemListElement":[{"@type":"ListItem","position":1,"name":"\u0413\u043e\u043b\u043e\u0432\u043d\u0430","item":"https:\/\/qtmm.org\/qt\/"},{"@type":"ListItem","position":2,"name":"T\u00fcrkiye Cumhuriyetini\u00f1 Prezidenti Abdulla G\u00fcl Ahmed \u0130hsan Q\u0131r\u0131ml\u0131n\u0131\u00f1 vefat\u0131 munasebetinen taziye bildirdi"}]},{"@type":"WebSite","@id":"https:\/\/qtmm.org\/qt\/#website","url":"https:\/\/qtmm.org\/qt\/","name":"\u041c\u0435\u0434\u0436\u043b\u0456\u0441","description":"","publisher":{"@id":"https:\/\/qtmm.org\/qt\/#organization"},"potentialAction":[{"@type":"SearchAction","target":{"@type":"EntryPoint","urlTemplate":"https:\/\/qtmm.org\/qt\/?s={search_term_string}"},"query-input":{"@type":"PropertyValueSpecification","valueRequired":true,"valueName":"search_term_string"}}],"inLanguage":"qt"},{"@type":"Organization","@id":"https:\/\/qtmm.org\/qt\/#organization","name":"\u041c\u0435\u0434\u0436\u043b\u0456\u0441","url":"https:\/\/qtmm.org\/qt\/","logo":{"@type":"ImageObject","inLanguage":"qt","@id":"https:\/\/qtmm.org\/qt\/#\/schema\/logo\/image\/","url":"https:\/\/qtmm.org\/wp-content\/uploads\/2024\/12\/ua-mejlis-logo-rgb.svg","contentUrl":"https:\/\/qtmm.org\/wp-content\/uploads\/2024\/12\/ua-mejlis-logo-rgb.svg","caption":"\u041c\u0435\u0434\u0436\u043b\u0456\u0441"},"image":{"@id":"https:\/\/qtmm.org\/qt\/#\/schema\/logo\/image\/"},"sameAs":["https:\/\/www.facebook.com\/qtmm.info\/"]},{"@type":"Person","@id":"https:\/\/qtmm.org\/qt\/#\/schema\/person\/de562469f971dec226ac06e60bbf74a7","name":"Developer","image":{"@type":"ImageObject","inLanguage":"qt","@id":"https:\/\/secure.gravatar.com\/avatar\/392b4cc8fbfeb00b39dfeeab4ee6edded39ffd48e25858637e4765810300227e?s=96&d=mm&r=g","url":"https:\/\/secure.gravatar.com\/avatar\/392b4cc8fbfeb00b39dfeeab4ee6edded39ffd48e25858637e4765810300227e?s=96&d=mm&r=g","contentUrl":"https:\/\/secure.gravatar.com\/avatar\/392b4cc8fbfeb00b39dfeeab4ee6edded39ffd48e25858637e4765810300227e?s=96&d=mm&r=g","caption":"Developer"},"url":"https:\/\/qtmm.org\/qt\/author\/Developer\/"}]}},"_links":{"self":[{"href":"https:\/\/qtmm.org\/qt\/wp-json\/wp\/v2\/posts\/27571","targetHints":{"allow":["GET"]}}],"collection":[{"href":"https:\/\/qtmm.org\/qt\/wp-json\/wp\/v2\/posts"}],"about":[{"href":"https:\/\/qtmm.org\/qt\/wp-json\/wp\/v2\/types\/post"}],"author":[{"embeddable":true,"href":"https:\/\/qtmm.org\/qt\/wp-json\/wp\/v2\/users\/1"}],"replies":[{"embeddable":true,"href":"https:\/\/qtmm.org\/qt\/wp-json\/wp\/v2\/comments?post=27571"}],"version-history":[{"count":1,"href":"https:\/\/qtmm.org\/qt\/wp-json\/wp\/v2\/posts\/27571\/revisions"}],"predecessor-version":[{"id":27576,"href":"https:\/\/qtmm.org\/qt\/wp-json\/wp\/v2\/posts\/27571\/revisions\/27576"}],"wp:attachment":[{"href":"https:\/\/qtmm.org\/qt\/wp-json\/wp\/v2\/media?parent=27571"}],"wp:term":[{"taxonomy":"category","embeddable":true,"href":"https:\/\/qtmm.org\/qt\/wp-json\/wp\/v2\/categories?post=27571"},{"taxonomy":"post_tag","embeddable":true,"href":"https:\/\/qtmm.org\/qt\/wp-json\/wp\/v2\/tags?post=27571"}],"curies":[{"name":"wp","href":"https:\/\/api.w.org\/{rel}","templated":true}]}}