




{"id":27565,"date":"2011-12-14T22:47:00","date_gmt":"2011-12-14T19:47:00","guid":{"rendered":"http:\/\/qtmm.org\/?p=27565"},"modified":"2022-01-19T22:48:04","modified_gmt":"2022-01-19T19:48:04","slug":"ankara-ahmed-ihsan-qirimlini-sonki-yolga-ozgardi","status":"publish","type":"post","link":"https:\/\/qtmm.org\/qt\/ankara-ahmed-ihsan-qirimlini-sonki-yolga-ozgardi\/","title":{"rendered":"Ankara Ahmed \u0130hsan Q\u0131r\u0131ml\u0131n\u0131 so\u00f1ki yol\u011fa oz\u011fard\u0131"},"content":{"rendered":"\n<p>Ankara \u015feerindeki Qocatepe camisinde 13 dekabr k\u00fcn\u00fc T\u00fcrkiyeni\u00f1 sab\u0131q Turizm naziri, Q\u0131r\u0131mtatar medeniyeti ve yard\u0131mla\u015fma cemiyetini\u00f1 reisi doktor Ahmed \u0130hsan Q\u0131r\u0131ml\u0131n\u0131\u00f1 cenaze namaz\u0131 q\u0131l\u0131nd\u0131. Namazdan so\u00f1 anda bulun\u011fanlar merhumn\u0131\u00f1 \u00f6m\u00fcr arqada\u015f\u0131 \u00c7i\u00e7ek Q\u0131r\u0131ml\u0131, o\u011fullar\u0131 Haqan ve Cihan\u011fa emirallah ayt\u0131p, ba\u015f sa\u011fl\u0131\u011f\u0131 bildirdiler.<\/p>\n\n\n\n<p>Vedala\u015fuv merasiminde T\u00fcrkiye T\u0131\u015fq\u0131 i\u015fleri naziri Ahmet Davutoglu, T\u00fcrkiye Turizm ve medeniyet naziri Ertugrul G\u00fcnay, Milliy Hareket partiyas\u0131n\u0131\u00f1 ba\u015f\u0131 Devlet Bah\u00e7eli, T\u00fcrkiye Demokratik partiyas\u0131n\u0131\u00f1 yetek\u00e7isi Nam\u0131k Kemal Zeybek, bun\u0131\u00f1 kibi de bir \u00e7oq eski ve bug\u00fcnki deputatlar i\u015ftirak ettiler.<\/p>\n\n\n\n<p>1987 senesinden Q\u0131r\u0131mtatar medeniyeti ve yard\u0131mla\u015fma dernegine yolba\u015f\u00e7\u0131l\u0131q yapqan Ahmed \u0130hsan Q\u0131r\u0131ml\u0131nen Q\u0131r\u0131mdan kelgen delegatsiya da vedala\u015ft\u0131. Q\u0131r\u0131m delegatsiyas\u0131 Q\u0131r\u0131mtatar halq\u0131 Meclisini\u00f1 reisi Mustafa Cemilev, B\u00fct\u00fcnd\u00fcnya q\u0131r\u0131mtatarlar kongressini\u00f1 prezidenti Refat \u00c7ubarov, T\u00fcrkiyeni\u00f1 Aqmescitteki fahriy konsul\u0131 Seyran Osmanov, Meclis reisini\u00f1 mesleat\u00e7\u0131s\u0131 \u0130smet Y\u00fcksel, &#8220;Kr\u0131m&#8221; devlet teleradio kompaniyas\u0131 q\u0131r\u0131mtatar tilinde programmalar\u0131 icadiy birle\u015fmesini\u00f1 direktor\u0131 Seitisl\u00e2m Ki\u015fveyev, &#8220;Bizim Q\u0131r\u0131m&#8221; gen\u00e7ler halqara cemaat te\u015fkil\u00e2t\u0131n\u0131\u00f1 reisi Abduraman Egizden ibaret edi.<\/p>\n\n\n\n<p>Cenaze namaz\u0131ndan so\u00f1 Ahmet Davutoglu, Ertugrul G\u00fcnay, Devlet Bah\u00e7eli ve Mustafa Cemilev tabutn\u0131 araba\u011fa qoyd\u0131lar. Ahmed \u0130hsan Q\u0131r\u0131ml\u0131 Bal\u0131kesir \u015feerinde defn etilecek.<br><br>&#8220;QHA&#8221; informatsion agentligini\u00f1 materiallar\u0131 esas\u0131nda<\/p>\n","protected":false},"excerpt":{"rendered":"<p>Ankara \u015feerindeki Qocatepe camisinde 13 dekabr k\u00fcn\u00fc T\u00fcrkiyeni\u00f1 sab\u0131q Turizm naziri, Q\u0131r\u0131mtatar medeniyeti ve yard\u0131mla\u015fma cemiyetini\u00f1 reisi doktor Ahmed \u0130hsan Q\u0131r\u0131ml\u0131n\u0131\u00f1 cenaze namaz\u0131 q\u0131l\u0131nd\u0131. Namazdan so\u00f1 anda bulun\u011fanlar merhumn\u0131\u00f1 \u00f6m\u00fcr arqada\u015f\u0131 \u00c7i\u00e7ek Q\u0131r\u0131ml\u0131, o\u011fullar\u0131 Haqan ve Cihan\u011fa emirallah ayt\u0131p, ba\u015f sa\u011fl\u0131\u011f\u0131 bildirdiler. Vedala\u015fuv merasiminde T\u00fcrkiye T\u0131\u015fq\u0131 i\u015fleri naziri Ahmet Davutoglu, T\u00fcrkiye Turizm ve medeniyet naziri [&hellip;]<\/p>\n","protected":false},"author":1,"featured_media":0,"comment_status":"open","ping_status":"open","sticky":false,"template":"","format":"standard","meta":{"inline_featured_image":false,"footnotes":""},"categories":[265],"tags":[],"class_list":["post-27565","post","type-post","status-publish","format-standard","hentry","category-haberler"],"acf":[],"yoast_head":"<!-- This site is optimized with the Yoast SEO plugin v27.4 - https:\/\/yoast.com\/product\/yoast-seo-wordpress\/ -->\n<title>Ankara Ahmed \u0130hsan Q\u0131r\u0131ml\u0131n\u0131 so\u00f1ki yol\u011fa oz\u011fard\u0131 - \u041c\u0435\u0434\u0436\u043b\u0456\u0441<\/title>\n<meta name=\"robots\" content=\"index, follow, max-snippet:-1, max-image-preview:large, max-video-preview:-1\" \/>\n<link rel=\"canonical\" href=\"https:\/\/qtmm.org\/qt\/ankara-ahmed-ihsan-qirimlini-sonki-yolga-ozgardi\/\" \/>\n<meta property=\"og:locale\" content=\"en_US\" \/>\n<meta property=\"og:type\" content=\"article\" \/>\n<meta property=\"og:title\" content=\"Ankara Ahmed \u0130hsan Q\u0131r\u0131ml\u0131n\u0131 so\u00f1ki yol\u011fa oz\u011fard\u0131 - \u041c\u0435\u0434\u0436\u043b\u0456\u0441\" \/>\n<meta property=\"og:description\" content=\"Ankara \u015feerindeki Qocatepe camisinde 13 dekabr k\u00fcn\u00fc T\u00fcrkiyeni\u00f1 sab\u0131q Turizm naziri, Q\u0131r\u0131mtatar medeniyeti ve yard\u0131mla\u015fma cemiyetini\u00f1 reisi doktor Ahmed \u0130hsan Q\u0131r\u0131ml\u0131n\u0131\u00f1 cenaze namaz\u0131 q\u0131l\u0131nd\u0131. Namazdan so\u00f1 anda bulun\u011fanlar merhumn\u0131\u00f1 \u00f6m\u00fcr arqada\u015f\u0131 \u00c7i\u00e7ek Q\u0131r\u0131ml\u0131, o\u011fullar\u0131 Haqan ve Cihan\u011fa emirallah ayt\u0131p, ba\u015f sa\u011fl\u0131\u011f\u0131 bildirdiler. Vedala\u015fuv merasiminde T\u00fcrkiye T\u0131\u015fq\u0131 i\u015fleri naziri Ahmet Davutoglu, T\u00fcrkiye Turizm ve medeniyet naziri [&hellip;]\" \/>\n<meta property=\"og:url\" content=\"https:\/\/qtmm.org\/qt\/ankara-ahmed-ihsan-qirimlini-sonki-yolga-ozgardi\/\" \/>\n<meta property=\"og:site_name\" content=\"\u041c\u0435\u0434\u0436\u043b\u0456\u0441\" \/>\n<meta property=\"article:publisher\" content=\"https:\/\/www.facebook.com\/qtmm.info\/\" \/>\n<meta property=\"article:published_time\" content=\"2011-12-14T19:47:00+00:00\" \/>\n<meta property=\"article:modified_time\" content=\"2022-01-19T19:48:04+00:00\" \/>\n<meta name=\"author\" content=\"Developer\" \/>\n<meta name=\"twitter:card\" content=\"summary_large_image\" \/>\n<meta name=\"twitter:label1\" content=\"Written by\" \/>\n\t<meta name=\"twitter:data1\" content=\"Developer\" \/>\n\t<meta name=\"twitter:label2\" content=\"Est. reading time\" \/>\n\t<meta name=\"twitter:data2\" content=\"1 minute\" \/>\n<script type=\"application\/ld+json\" class=\"yoast-schema-graph\">{\"@context\":\"https:\\\/\\\/schema.org\",\"@graph\":[{\"@type\":\"Article\",\"@id\":\"https:\\\/\\\/qtmm.org\\\/qt\\\/ankara-ahmed-ihsan-qirimlini-sonki-yolga-ozgardi\\\/#article\",\"isPartOf\":{\"@id\":\"https:\\\/\\\/qtmm.org\\\/qt\\\/ankara-ahmed-ihsan-qirimlini-sonki-yolga-ozgardi\\\/\"},\"author\":{\"name\":\"Developer\",\"@id\":\"https:\\\/\\\/qtmm.org\\\/qt\\\/#\\\/schema\\\/person\\\/de562469f971dec226ac06e60bbf74a7\"},\"headline\":\"Ankara Ahmed \u0130hsan Q\u0131r\u0131ml\u0131n\u0131 so\u00f1ki yol\u011fa oz\u011fard\u0131\",\"datePublished\":\"2011-12-14T19:47:00+00:00\",\"dateModified\":\"2022-01-19T19:48:04+00:00\",\"mainEntityOfPage\":{\"@id\":\"https:\\\/\\\/qtmm.org\\\/qt\\\/ankara-ahmed-ihsan-qirimlini-sonki-yolga-ozgardi\\\/\"},\"wordCount\":264,\"commentCount\":0,\"publisher\":{\"@id\":\"https:\\\/\\\/qtmm.org\\\/qt\\\/#organization\"},\"articleSection\":[\"Haberler\"],\"inLanguage\":\"qt\",\"potentialAction\":[{\"@type\":\"CommentAction\",\"name\":\"Comment\",\"target\":[\"https:\\\/\\\/qtmm.org\\\/qt\\\/ankara-ahmed-ihsan-qirimlini-sonki-yolga-ozgardi\\\/#respond\"]}]},{\"@type\":\"WebPage\",\"@id\":\"https:\\\/\\\/qtmm.org\\\/qt\\\/ankara-ahmed-ihsan-qirimlini-sonki-yolga-ozgardi\\\/\",\"url\":\"https:\\\/\\\/qtmm.org\\\/qt\\\/ankara-ahmed-ihsan-qirimlini-sonki-yolga-ozgardi\\\/\",\"name\":\"Ankara Ahmed \u0130hsan Q\u0131r\u0131ml\u0131n\u0131 so\u00f1ki yol\u011fa oz\u011fard\u0131 - \u041c\u0435\u0434\u0436\u043b\u0456\u0441\",\"isPartOf\":{\"@id\":\"https:\\\/\\\/qtmm.org\\\/qt\\\/#website\"},\"datePublished\":\"2011-12-14T19:47:00+00:00\",\"dateModified\":\"2022-01-19T19:48:04+00:00\",\"breadcrumb\":{\"@id\":\"https:\\\/\\\/qtmm.org\\\/qt\\\/ankara-ahmed-ihsan-qirimlini-sonki-yolga-ozgardi\\\/#breadcrumb\"},\"inLanguage\":\"qt\",\"potentialAction\":[{\"@type\":\"ReadAction\",\"target\":[\"https:\\\/\\\/qtmm.org\\\/qt\\\/ankara-ahmed-ihsan-qirimlini-sonki-yolga-ozgardi\\\/\"]}]},{\"@type\":\"BreadcrumbList\",\"@id\":\"https:\\\/\\\/qtmm.org\\\/qt\\\/ankara-ahmed-ihsan-qirimlini-sonki-yolga-ozgardi\\\/#breadcrumb\",\"itemListElement\":[{\"@type\":\"ListItem\",\"position\":1,\"name\":\"\u0413\u043e\u043b\u043e\u0432\u043d\u0430\",\"item\":\"https:\\\/\\\/qtmm.org\\\/qt\\\/\"},{\"@type\":\"ListItem\",\"position\":2,\"name\":\"Ankara Ahmed \u0130hsan Q\u0131r\u0131ml\u0131n\u0131 so\u00f1ki yol\u011fa oz\u011fard\u0131\"}]},{\"@type\":\"WebSite\",\"@id\":\"https:\\\/\\\/qtmm.org\\\/qt\\\/#website\",\"url\":\"https:\\\/\\\/qtmm.org\\\/qt\\\/\",\"name\":\"\u041c\u0435\u0434\u0436\u043b\u0456\u0441\",\"description\":\"\",\"publisher\":{\"@id\":\"https:\\\/\\\/qtmm.org\\\/qt\\\/#organization\"},\"potentialAction\":[{\"@type\":\"SearchAction\",\"target\":{\"@type\":\"EntryPoint\",\"urlTemplate\":\"https:\\\/\\\/qtmm.org\\\/qt\\\/?s={search_term_string}\"},\"query-input\":{\"@type\":\"PropertyValueSpecification\",\"valueRequired\":true,\"valueName\":\"search_term_string\"}}],\"inLanguage\":\"qt\"},{\"@type\":\"Organization\",\"@id\":\"https:\\\/\\\/qtmm.org\\\/qt\\\/#organization\",\"name\":\"\u041c\u0435\u0434\u0436\u043b\u0456\u0441\",\"url\":\"https:\\\/\\\/qtmm.org\\\/qt\\\/\",\"logo\":{\"@type\":\"ImageObject\",\"inLanguage\":\"qt\",\"@id\":\"https:\\\/\\\/qtmm.org\\\/qt\\\/#\\\/schema\\\/logo\\\/image\\\/\",\"url\":\"https:\\\/\\\/qtmm.org\\\/wp-content\\\/uploads\\\/2024\\\/12\\\/ua-mejlis-logo-rgb.svg\",\"contentUrl\":\"https:\\\/\\\/qtmm.org\\\/wp-content\\\/uploads\\\/2024\\\/12\\\/ua-mejlis-logo-rgb.svg\",\"caption\":\"\u041c\u0435\u0434\u0436\u043b\u0456\u0441\"},\"image\":{\"@id\":\"https:\\\/\\\/qtmm.org\\\/qt\\\/#\\\/schema\\\/logo\\\/image\\\/\"},\"sameAs\":[\"https:\\\/\\\/www.facebook.com\\\/qtmm.info\\\/\"]},{\"@type\":\"Person\",\"@id\":\"https:\\\/\\\/qtmm.org\\\/qt\\\/#\\\/schema\\\/person\\\/de562469f971dec226ac06e60bbf74a7\",\"name\":\"Developer\",\"image\":{\"@type\":\"ImageObject\",\"inLanguage\":\"qt\",\"@id\":\"https:\\\/\\\/secure.gravatar.com\\\/avatar\\\/392b4cc8fbfeb00b39dfeeab4ee6edded39ffd48e25858637e4765810300227e?s=96&d=mm&r=g\",\"url\":\"https:\\\/\\\/secure.gravatar.com\\\/avatar\\\/392b4cc8fbfeb00b39dfeeab4ee6edded39ffd48e25858637e4765810300227e?s=96&d=mm&r=g\",\"contentUrl\":\"https:\\\/\\\/secure.gravatar.com\\\/avatar\\\/392b4cc8fbfeb00b39dfeeab4ee6edded39ffd48e25858637e4765810300227e?s=96&d=mm&r=g\",\"caption\":\"Developer\"},\"url\":\"https:\\\/\\\/qtmm.org\\\/qt\\\/author\\\/Developer\\\/\"}]}<\/script>\n<!-- \/ Yoast SEO plugin. -->","yoast_head_json":{"title":"Ankara Ahmed \u0130hsan Q\u0131r\u0131ml\u0131n\u0131 so\u00f1ki yol\u011fa oz\u011fard\u0131 - \u041c\u0435\u0434\u0436\u043b\u0456\u0441","robots":{"index":"index","follow":"follow","max-snippet":"max-snippet:-1","max-image-preview":"max-image-preview:large","max-video-preview":"max-video-preview:-1"},"canonical":"https:\/\/qtmm.org\/qt\/ankara-ahmed-ihsan-qirimlini-sonki-yolga-ozgardi\/","og_locale":"en_US","og_type":"article","og_title":"Ankara Ahmed \u0130hsan Q\u0131r\u0131ml\u0131n\u0131 so\u00f1ki yol\u011fa oz\u011fard\u0131 - \u041c\u0435\u0434\u0436\u043b\u0456\u0441","og_description":"Ankara \u015feerindeki Qocatepe camisinde 13 dekabr k\u00fcn\u00fc T\u00fcrkiyeni\u00f1 sab\u0131q Turizm naziri, Q\u0131r\u0131mtatar medeniyeti ve yard\u0131mla\u015fma cemiyetini\u00f1 reisi doktor Ahmed \u0130hsan Q\u0131r\u0131ml\u0131n\u0131\u00f1 cenaze namaz\u0131 q\u0131l\u0131nd\u0131. Namazdan so\u00f1 anda bulun\u011fanlar merhumn\u0131\u00f1 \u00f6m\u00fcr arqada\u015f\u0131 \u00c7i\u00e7ek Q\u0131r\u0131ml\u0131, o\u011fullar\u0131 Haqan ve Cihan\u011fa emirallah ayt\u0131p, ba\u015f sa\u011fl\u0131\u011f\u0131 bildirdiler. Vedala\u015fuv merasiminde T\u00fcrkiye T\u0131\u015fq\u0131 i\u015fleri naziri Ahmet Davutoglu, T\u00fcrkiye Turizm ve medeniyet naziri [&hellip;]","og_url":"https:\/\/qtmm.org\/qt\/ankara-ahmed-ihsan-qirimlini-sonki-yolga-ozgardi\/","og_site_name":"\u041c\u0435\u0434\u0436\u043b\u0456\u0441","article_publisher":"https:\/\/www.facebook.com\/qtmm.info\/","article_published_time":"2011-12-14T19:47:00+00:00","article_modified_time":"2022-01-19T19:48:04+00:00","author":"Developer","twitter_card":"summary_large_image","twitter_misc":{"Written by":"Developer","Est. reading time":"1 minute"},"schema":{"@context":"https:\/\/schema.org","@graph":[{"@type":"Article","@id":"https:\/\/qtmm.org\/qt\/ankara-ahmed-ihsan-qirimlini-sonki-yolga-ozgardi\/#article","isPartOf":{"@id":"https:\/\/qtmm.org\/qt\/ankara-ahmed-ihsan-qirimlini-sonki-yolga-ozgardi\/"},"author":{"name":"Developer","@id":"https:\/\/qtmm.org\/qt\/#\/schema\/person\/de562469f971dec226ac06e60bbf74a7"},"headline":"Ankara Ahmed \u0130hsan Q\u0131r\u0131ml\u0131n\u0131 so\u00f1ki yol\u011fa oz\u011fard\u0131","datePublished":"2011-12-14T19:47:00+00:00","dateModified":"2022-01-19T19:48:04+00:00","mainEntityOfPage":{"@id":"https:\/\/qtmm.org\/qt\/ankara-ahmed-ihsan-qirimlini-sonki-yolga-ozgardi\/"},"wordCount":264,"commentCount":0,"publisher":{"@id":"https:\/\/qtmm.org\/qt\/#organization"},"articleSection":["Haberler"],"inLanguage":"qt","potentialAction":[{"@type":"CommentAction","name":"Comment","target":["https:\/\/qtmm.org\/qt\/ankara-ahmed-ihsan-qirimlini-sonki-yolga-ozgardi\/#respond"]}]},{"@type":"WebPage","@id":"https:\/\/qtmm.org\/qt\/ankara-ahmed-ihsan-qirimlini-sonki-yolga-ozgardi\/","url":"https:\/\/qtmm.org\/qt\/ankara-ahmed-ihsan-qirimlini-sonki-yolga-ozgardi\/","name":"Ankara Ahmed \u0130hsan Q\u0131r\u0131ml\u0131n\u0131 so\u00f1ki yol\u011fa oz\u011fard\u0131 - \u041c\u0435\u0434\u0436\u043b\u0456\u0441","isPartOf":{"@id":"https:\/\/qtmm.org\/qt\/#website"},"datePublished":"2011-12-14T19:47:00+00:00","dateModified":"2022-01-19T19:48:04+00:00","breadcrumb":{"@id":"https:\/\/qtmm.org\/qt\/ankara-ahmed-ihsan-qirimlini-sonki-yolga-ozgardi\/#breadcrumb"},"inLanguage":"qt","potentialAction":[{"@type":"ReadAction","target":["https:\/\/qtmm.org\/qt\/ankara-ahmed-ihsan-qirimlini-sonki-yolga-ozgardi\/"]}]},{"@type":"BreadcrumbList","@id":"https:\/\/qtmm.org\/qt\/ankara-ahmed-ihsan-qirimlini-sonki-yolga-ozgardi\/#breadcrumb","itemListElement":[{"@type":"ListItem","position":1,"name":"\u0413\u043e\u043b\u043e\u0432\u043d\u0430","item":"https:\/\/qtmm.org\/qt\/"},{"@type":"ListItem","position":2,"name":"Ankara Ahmed \u0130hsan Q\u0131r\u0131ml\u0131n\u0131 so\u00f1ki yol\u011fa oz\u011fard\u0131"}]},{"@type":"WebSite","@id":"https:\/\/qtmm.org\/qt\/#website","url":"https:\/\/qtmm.org\/qt\/","name":"\u041c\u0435\u0434\u0436\u043b\u0456\u0441","description":"","publisher":{"@id":"https:\/\/qtmm.org\/qt\/#organization"},"potentialAction":[{"@type":"SearchAction","target":{"@type":"EntryPoint","urlTemplate":"https:\/\/qtmm.org\/qt\/?s={search_term_string}"},"query-input":{"@type":"PropertyValueSpecification","valueRequired":true,"valueName":"search_term_string"}}],"inLanguage":"qt"},{"@type":"Organization","@id":"https:\/\/qtmm.org\/qt\/#organization","name":"\u041c\u0435\u0434\u0436\u043b\u0456\u0441","url":"https:\/\/qtmm.org\/qt\/","logo":{"@type":"ImageObject","inLanguage":"qt","@id":"https:\/\/qtmm.org\/qt\/#\/schema\/logo\/image\/","url":"https:\/\/qtmm.org\/wp-content\/uploads\/2024\/12\/ua-mejlis-logo-rgb.svg","contentUrl":"https:\/\/qtmm.org\/wp-content\/uploads\/2024\/12\/ua-mejlis-logo-rgb.svg","caption":"\u041c\u0435\u0434\u0436\u043b\u0456\u0441"},"image":{"@id":"https:\/\/qtmm.org\/qt\/#\/schema\/logo\/image\/"},"sameAs":["https:\/\/www.facebook.com\/qtmm.info\/"]},{"@type":"Person","@id":"https:\/\/qtmm.org\/qt\/#\/schema\/person\/de562469f971dec226ac06e60bbf74a7","name":"Developer","image":{"@type":"ImageObject","inLanguage":"qt","@id":"https:\/\/secure.gravatar.com\/avatar\/392b4cc8fbfeb00b39dfeeab4ee6edded39ffd48e25858637e4765810300227e?s=96&d=mm&r=g","url":"https:\/\/secure.gravatar.com\/avatar\/392b4cc8fbfeb00b39dfeeab4ee6edded39ffd48e25858637e4765810300227e?s=96&d=mm&r=g","contentUrl":"https:\/\/secure.gravatar.com\/avatar\/392b4cc8fbfeb00b39dfeeab4ee6edded39ffd48e25858637e4765810300227e?s=96&d=mm&r=g","caption":"Developer"},"url":"https:\/\/qtmm.org\/qt\/author\/Developer\/"}]}},"_links":{"self":[{"href":"https:\/\/qtmm.org\/qt\/wp-json\/wp\/v2\/posts\/27565","targetHints":{"allow":["GET"]}}],"collection":[{"href":"https:\/\/qtmm.org\/qt\/wp-json\/wp\/v2\/posts"}],"about":[{"href":"https:\/\/qtmm.org\/qt\/wp-json\/wp\/v2\/types\/post"}],"author":[{"embeddable":true,"href":"https:\/\/qtmm.org\/qt\/wp-json\/wp\/v2\/users\/1"}],"replies":[{"embeddable":true,"href":"https:\/\/qtmm.org\/qt\/wp-json\/wp\/v2\/comments?post=27565"}],"version-history":[{"count":1,"href":"https:\/\/qtmm.org\/qt\/wp-json\/wp\/v2\/posts\/27565\/revisions"}],"predecessor-version":[{"id":27566,"href":"https:\/\/qtmm.org\/qt\/wp-json\/wp\/v2\/posts\/27565\/revisions\/27566"}],"wp:attachment":[{"href":"https:\/\/qtmm.org\/qt\/wp-json\/wp\/v2\/media?parent=27565"}],"wp:term":[{"taxonomy":"category","embeddable":true,"href":"https:\/\/qtmm.org\/qt\/wp-json\/wp\/v2\/categories?post=27565"},{"taxonomy":"post_tag","embeddable":true,"href":"https:\/\/qtmm.org\/qt\/wp-json\/wp\/v2\/tags?post=27565"}],"curies":[{"name":"wp","href":"https:\/\/api.w.org\/{rel}","templated":true}]}}