




{"id":27561,"date":"2011-12-13T22:46:00","date_gmt":"2011-12-13T19:46:00","guid":{"rendered":"http:\/\/qtmm.org\/?p=27561"},"modified":"2022-01-19T22:47:22","modified_gmt":"2022-01-19T19:47:22","slug":"qirimdan-turkiyege-ahmed-ihsan-qirimlinin-cenazesine-qirimtatar-delegatsiyasi-meclis-reisi-yolbasciliginda-ketti","status":"publish","type":"post","link":"https:\/\/qtmm.org\/qt\/qirimdan-turkiyege-ahmed-ihsan-qirimlinin-cenazesine-qirimtatar-delegatsiyasi-meclis-reisi-yolbasciliginda-ketti\/","title":{"rendered":"Q\u0131r\u0131mdan T\u00fcrkiyege Ahmed \u0130hsan Q\u0131r\u0131ml\u0131n\u0131\u00f1 cenazesine q\u0131r\u0131mtatar delegatsiyas\u0131 Meclis reisi yolba\u015f\u00e7\u0131l\u0131\u011f\u0131nda ketti"},"content":{"rendered":"\n<p>2011 senesi dekabr 11 k\u00fcn\u00fc T\u00fcrkiyede 92 ya\u015f\u0131nda T\u00fcrkiyede Q\u0131r\u0131mtatar medeniyeti ve yard\u0131mla\u015fma cemiyetleri umumiy merkezini\u00f1 reisi, T\u00fcrkiyeni\u00f1 belli cemaat ve devlet erbab\u0131, &#8220;Ukraina-T\u00fcrkiye&#8221; cemiyetini\u00f1 prezidenti Ahmed \u0130hsan Q\u0131r\u0131ml\u0131 vefat etti.<\/p>\n\n\n\n<p>Ahmed \u0130hsan Q\u0131r\u0131ml\u0131n\u0131\u00f1 dekabr 13 k\u00fcn\u00fc olacaq cenazesine q\u0131r\u0131mtatar delegatsiyas\u0131 Meclis reisi Mustafa Cemilevni\u00f1 yolba\u015f\u00e7\u0131l\u0131\u011f\u0131nda Q\u0131r\u0131mdan T\u00fcrkiyege u\u00e7\u0131p ketti.<\/p>\n\n\n\n<p>Delegatsiya erk\u00e2n\u0131na B\u00fct\u00fcnd\u00fcnya q\u0131r\u0131mtatarlar kongressini\u00f1 prezidenti Refat \u00c7ubarov, T\u00fcrkiye Cumhuriyetini\u00f1 Aqmescitteki fahriy konsul\u0131 Seyran Osmanov, Meclis reisini\u00f1 mesleat\u00e7\u0131s\u0131 \u0130smet Y\u00fcksel, &#8220;Kr\u0131m&#8221; devlet teleradiokompaniyas\u0131 q\u0131r\u0131mtatar yay\u0131nlar icadiy birle\u015fmesini\u00f1 direktor\u0131 Seitisl\u00e2m Ki\u015fveyev, &#8220;Bizim Q\u0131r\u0131m&#8221; halqara gen\u00e7ler te\u015fkil\u00e2t\u0131n\u0131\u00f1 ba\u015f\u0131 Abduraman Egiz kirdi.<\/p>\n\n\n\n<p>Ahmed \u0130hsan Q\u0131r\u0131ml\u0131nen vedala\u015fuv merasimi 2011 senesi dekabr 13 k\u00fcn\u00fc Ankarada T\u00fcrkiye Cumhuriyeti Parlamenti binas\u0131nda ke\u00e7irilecek. Cenaze namas\u0131 da dekabr 13 k\u00fcn\u00fc Qocatepe camisinde q\u0131l\u0131nacaq.<\/p>\n\n\n\n<p>Ahmed \u0130hsan Q\u0131r\u0131ml\u0131 dekabr 14 k\u00fcn\u00fc Bal\u0131kesir \u015feerindeki mezarl\u0131qta defn etilecek.<\/p>\n","protected":false},"excerpt":{"rendered":"<p>2011 senesi dekabr 11 k\u00fcn\u00fc T\u00fcrkiyede 92 ya\u015f\u0131nda T\u00fcrkiyede Q\u0131r\u0131mtatar medeniyeti ve yard\u0131mla\u015fma cemiyetleri umumiy merkezini\u00f1 reisi, T\u00fcrkiyeni\u00f1 belli cemaat ve devlet erbab\u0131, &#8220;Ukraina-T\u00fcrkiye&#8221; cemiyetini\u00f1 prezidenti Ahmed \u0130hsan Q\u0131r\u0131ml\u0131 vefat etti. Ahmed \u0130hsan Q\u0131r\u0131ml\u0131n\u0131\u00f1 dekabr 13 k\u00fcn\u00fc olacaq cenazesine q\u0131r\u0131mtatar delegatsiyas\u0131 Meclis reisi Mustafa Cemilevni\u00f1 yolba\u015f\u00e7\u0131l\u0131\u011f\u0131nda Q\u0131r\u0131mdan T\u00fcrkiyege u\u00e7\u0131p ketti. Delegatsiya erk\u00e2n\u0131na B\u00fct\u00fcnd\u00fcnya q\u0131r\u0131mtatarlar kongressini\u00f1 [&hellip;]<\/p>\n","protected":false},"author":1,"featured_media":0,"comment_status":"open","ping_status":"open","sticky":false,"template":"","format":"standard","meta":{"inline_featured_image":false,"footnotes":""},"categories":[265],"tags":[],"class_list":["post-27561","post","type-post","status-publish","format-standard","hentry","category-haberler"],"acf":[],"yoast_head":"<!-- This site is optimized with the Yoast SEO plugin v27.4 - https:\/\/yoast.com\/product\/yoast-seo-wordpress\/ -->\n<title>Q\u0131r\u0131mdan T\u00fcrkiyege Ahmed \u0130hsan Q\u0131r\u0131ml\u0131n\u0131\u00f1 cenazesine q\u0131r\u0131mtatar delegatsiyas\u0131 Meclis reisi yolba\u015f\u00e7\u0131l\u0131\u011f\u0131nda ketti - \u041c\u0435\u0434\u0436\u043b\u0456\u0441<\/title>\n<meta name=\"robots\" content=\"index, follow, max-snippet:-1, max-image-preview:large, max-video-preview:-1\" \/>\n<link rel=\"canonical\" href=\"https:\/\/qtmm.org\/qt\/qirimdan-turkiyege-ahmed-ihsan-qirimlinin-cenazesine-qirimtatar-delegatsiyasi-meclis-reisi-yolbasciliginda-ketti\/\" \/>\n<meta property=\"og:locale\" content=\"en_US\" \/>\n<meta property=\"og:type\" content=\"article\" \/>\n<meta property=\"og:title\" content=\"Q\u0131r\u0131mdan T\u00fcrkiyege Ahmed \u0130hsan Q\u0131r\u0131ml\u0131n\u0131\u00f1 cenazesine q\u0131r\u0131mtatar delegatsiyas\u0131 Meclis reisi yolba\u015f\u00e7\u0131l\u0131\u011f\u0131nda ketti - \u041c\u0435\u0434\u0436\u043b\u0456\u0441\" \/>\n<meta property=\"og:description\" content=\"2011 senesi dekabr 11 k\u00fcn\u00fc T\u00fcrkiyede 92 ya\u015f\u0131nda T\u00fcrkiyede Q\u0131r\u0131mtatar medeniyeti ve yard\u0131mla\u015fma cemiyetleri umumiy merkezini\u00f1 reisi, T\u00fcrkiyeni\u00f1 belli cemaat ve devlet erbab\u0131, &#8220;Ukraina-T\u00fcrkiye&#8221; cemiyetini\u00f1 prezidenti Ahmed \u0130hsan Q\u0131r\u0131ml\u0131 vefat etti. Ahmed \u0130hsan Q\u0131r\u0131ml\u0131n\u0131\u00f1 dekabr 13 k\u00fcn\u00fc olacaq cenazesine q\u0131r\u0131mtatar delegatsiyas\u0131 Meclis reisi Mustafa Cemilevni\u00f1 yolba\u015f\u00e7\u0131l\u0131\u011f\u0131nda Q\u0131r\u0131mdan T\u00fcrkiyege u\u00e7\u0131p ketti. Delegatsiya erk\u00e2n\u0131na B\u00fct\u00fcnd\u00fcnya q\u0131r\u0131mtatarlar kongressini\u00f1 [&hellip;]\" \/>\n<meta property=\"og:url\" content=\"https:\/\/qtmm.org\/qt\/qirimdan-turkiyege-ahmed-ihsan-qirimlinin-cenazesine-qirimtatar-delegatsiyasi-meclis-reisi-yolbasciliginda-ketti\/\" \/>\n<meta property=\"og:site_name\" content=\"\u041c\u0435\u0434\u0436\u043b\u0456\u0441\" \/>\n<meta property=\"article:publisher\" content=\"https:\/\/www.facebook.com\/qtmm.info\/\" \/>\n<meta property=\"article:published_time\" content=\"2011-12-13T19:46:00+00:00\" \/>\n<meta property=\"article:modified_time\" content=\"2022-01-19T19:47:22+00:00\" \/>\n<meta name=\"author\" content=\"Developer\" \/>\n<meta name=\"twitter:card\" content=\"summary_large_image\" \/>\n<meta name=\"twitter:label1\" content=\"Written by\" \/>\n\t<meta name=\"twitter:data1\" content=\"Developer\" \/>\n\t<meta name=\"twitter:label2\" content=\"Est. reading time\" \/>\n\t<meta name=\"twitter:data2\" content=\"1 minute\" \/>\n<script type=\"application\/ld+json\" class=\"yoast-schema-graph\">{\"@context\":\"https:\\\/\\\/schema.org\",\"@graph\":[{\"@type\":\"Article\",\"@id\":\"https:\\\/\\\/qtmm.org\\\/qt\\\/qirimdan-turkiyege-ahmed-ihsan-qirimlinin-cenazesine-qirimtatar-delegatsiyasi-meclis-reisi-yolbasciliginda-ketti\\\/#article\",\"isPartOf\":{\"@id\":\"https:\\\/\\\/qtmm.org\\\/qt\\\/qirimdan-turkiyege-ahmed-ihsan-qirimlinin-cenazesine-qirimtatar-delegatsiyasi-meclis-reisi-yolbasciliginda-ketti\\\/\"},\"author\":{\"name\":\"Developer\",\"@id\":\"https:\\\/\\\/qtmm.org\\\/qt\\\/#\\\/schema\\\/person\\\/de562469f971dec226ac06e60bbf74a7\"},\"headline\":\"Q\u0131r\u0131mdan T\u00fcrkiyege Ahmed \u0130hsan Q\u0131r\u0131ml\u0131n\u0131\u00f1 cenazesine q\u0131r\u0131mtatar delegatsiyas\u0131 Meclis reisi yolba\u015f\u00e7\u0131l\u0131\u011f\u0131nda ketti\",\"datePublished\":\"2011-12-13T19:46:00+00:00\",\"dateModified\":\"2022-01-19T19:47:22+00:00\",\"mainEntityOfPage\":{\"@id\":\"https:\\\/\\\/qtmm.org\\\/qt\\\/qirimdan-turkiyege-ahmed-ihsan-qirimlinin-cenazesine-qirimtatar-delegatsiyasi-meclis-reisi-yolbasciliginda-ketti\\\/\"},\"wordCount\":202,\"commentCount\":0,\"publisher\":{\"@id\":\"https:\\\/\\\/qtmm.org\\\/qt\\\/#organization\"},\"articleSection\":[\"Haberler\"],\"inLanguage\":\"qt\",\"potentialAction\":[{\"@type\":\"CommentAction\",\"name\":\"Comment\",\"target\":[\"https:\\\/\\\/qtmm.org\\\/qt\\\/qirimdan-turkiyege-ahmed-ihsan-qirimlinin-cenazesine-qirimtatar-delegatsiyasi-meclis-reisi-yolbasciliginda-ketti\\\/#respond\"]}]},{\"@type\":\"WebPage\",\"@id\":\"https:\\\/\\\/qtmm.org\\\/qt\\\/qirimdan-turkiyege-ahmed-ihsan-qirimlinin-cenazesine-qirimtatar-delegatsiyasi-meclis-reisi-yolbasciliginda-ketti\\\/\",\"url\":\"https:\\\/\\\/qtmm.org\\\/qt\\\/qirimdan-turkiyege-ahmed-ihsan-qirimlinin-cenazesine-qirimtatar-delegatsiyasi-meclis-reisi-yolbasciliginda-ketti\\\/\",\"name\":\"Q\u0131r\u0131mdan T\u00fcrkiyege Ahmed \u0130hsan Q\u0131r\u0131ml\u0131n\u0131\u00f1 cenazesine q\u0131r\u0131mtatar delegatsiyas\u0131 Meclis reisi yolba\u015f\u00e7\u0131l\u0131\u011f\u0131nda ketti - \u041c\u0435\u0434\u0436\u043b\u0456\u0441\",\"isPartOf\":{\"@id\":\"https:\\\/\\\/qtmm.org\\\/qt\\\/#website\"},\"datePublished\":\"2011-12-13T19:46:00+00:00\",\"dateModified\":\"2022-01-19T19:47:22+00:00\",\"breadcrumb\":{\"@id\":\"https:\\\/\\\/qtmm.org\\\/qt\\\/qirimdan-turkiyege-ahmed-ihsan-qirimlinin-cenazesine-qirimtatar-delegatsiyasi-meclis-reisi-yolbasciliginda-ketti\\\/#breadcrumb\"},\"inLanguage\":\"qt\",\"potentialAction\":[{\"@type\":\"ReadAction\",\"target\":[\"https:\\\/\\\/qtmm.org\\\/qt\\\/qirimdan-turkiyege-ahmed-ihsan-qirimlinin-cenazesine-qirimtatar-delegatsiyasi-meclis-reisi-yolbasciliginda-ketti\\\/\"]}]},{\"@type\":\"BreadcrumbList\",\"@id\":\"https:\\\/\\\/qtmm.org\\\/qt\\\/qirimdan-turkiyege-ahmed-ihsan-qirimlinin-cenazesine-qirimtatar-delegatsiyasi-meclis-reisi-yolbasciliginda-ketti\\\/#breadcrumb\",\"itemListElement\":[{\"@type\":\"ListItem\",\"position\":1,\"name\":\"\u0413\u043e\u043b\u043e\u0432\u043d\u0430\",\"item\":\"https:\\\/\\\/qtmm.org\\\/qt\\\/\"},{\"@type\":\"ListItem\",\"position\":2,\"name\":\"Q\u0131r\u0131mdan T\u00fcrkiyege Ahmed \u0130hsan Q\u0131r\u0131ml\u0131n\u0131\u00f1 cenazesine q\u0131r\u0131mtatar delegatsiyas\u0131 Meclis reisi yolba\u015f\u00e7\u0131l\u0131\u011f\u0131nda ketti\"}]},{\"@type\":\"WebSite\",\"@id\":\"https:\\\/\\\/qtmm.org\\\/qt\\\/#website\",\"url\":\"https:\\\/\\\/qtmm.org\\\/qt\\\/\",\"name\":\"\u041c\u0435\u0434\u0436\u043b\u0456\u0441\",\"description\":\"\",\"publisher\":{\"@id\":\"https:\\\/\\\/qtmm.org\\\/qt\\\/#organization\"},\"potentialAction\":[{\"@type\":\"SearchAction\",\"target\":{\"@type\":\"EntryPoint\",\"urlTemplate\":\"https:\\\/\\\/qtmm.org\\\/qt\\\/?s={search_term_string}\"},\"query-input\":{\"@type\":\"PropertyValueSpecification\",\"valueRequired\":true,\"valueName\":\"search_term_string\"}}],\"inLanguage\":\"qt\"},{\"@type\":\"Organization\",\"@id\":\"https:\\\/\\\/qtmm.org\\\/qt\\\/#organization\",\"name\":\"\u041c\u0435\u0434\u0436\u043b\u0456\u0441\",\"url\":\"https:\\\/\\\/qtmm.org\\\/qt\\\/\",\"logo\":{\"@type\":\"ImageObject\",\"inLanguage\":\"qt\",\"@id\":\"https:\\\/\\\/qtmm.org\\\/qt\\\/#\\\/schema\\\/logo\\\/image\\\/\",\"url\":\"https:\\\/\\\/qtmm.org\\\/wp-content\\\/uploads\\\/2024\\\/12\\\/ua-mejlis-logo-rgb.svg\",\"contentUrl\":\"https:\\\/\\\/qtmm.org\\\/wp-content\\\/uploads\\\/2024\\\/12\\\/ua-mejlis-logo-rgb.svg\",\"caption\":\"\u041c\u0435\u0434\u0436\u043b\u0456\u0441\"},\"image\":{\"@id\":\"https:\\\/\\\/qtmm.org\\\/qt\\\/#\\\/schema\\\/logo\\\/image\\\/\"},\"sameAs\":[\"https:\\\/\\\/www.facebook.com\\\/qtmm.info\\\/\"]},{\"@type\":\"Person\",\"@id\":\"https:\\\/\\\/qtmm.org\\\/qt\\\/#\\\/schema\\\/person\\\/de562469f971dec226ac06e60bbf74a7\",\"name\":\"Developer\",\"image\":{\"@type\":\"ImageObject\",\"inLanguage\":\"qt\",\"@id\":\"https:\\\/\\\/secure.gravatar.com\\\/avatar\\\/392b4cc8fbfeb00b39dfeeab4ee6edded39ffd48e25858637e4765810300227e?s=96&d=mm&r=g\",\"url\":\"https:\\\/\\\/secure.gravatar.com\\\/avatar\\\/392b4cc8fbfeb00b39dfeeab4ee6edded39ffd48e25858637e4765810300227e?s=96&d=mm&r=g\",\"contentUrl\":\"https:\\\/\\\/secure.gravatar.com\\\/avatar\\\/392b4cc8fbfeb00b39dfeeab4ee6edded39ffd48e25858637e4765810300227e?s=96&d=mm&r=g\",\"caption\":\"Developer\"},\"url\":\"https:\\\/\\\/qtmm.org\\\/qt\\\/author\\\/Developer\\\/\"}]}<\/script>\n<!-- \/ Yoast SEO plugin. -->","yoast_head_json":{"title":"Q\u0131r\u0131mdan T\u00fcrkiyege Ahmed \u0130hsan Q\u0131r\u0131ml\u0131n\u0131\u00f1 cenazesine q\u0131r\u0131mtatar delegatsiyas\u0131 Meclis reisi yolba\u015f\u00e7\u0131l\u0131\u011f\u0131nda ketti - \u041c\u0435\u0434\u0436\u043b\u0456\u0441","robots":{"index":"index","follow":"follow","max-snippet":"max-snippet:-1","max-image-preview":"max-image-preview:large","max-video-preview":"max-video-preview:-1"},"canonical":"https:\/\/qtmm.org\/qt\/qirimdan-turkiyege-ahmed-ihsan-qirimlinin-cenazesine-qirimtatar-delegatsiyasi-meclis-reisi-yolbasciliginda-ketti\/","og_locale":"en_US","og_type":"article","og_title":"Q\u0131r\u0131mdan T\u00fcrkiyege Ahmed \u0130hsan Q\u0131r\u0131ml\u0131n\u0131\u00f1 cenazesine q\u0131r\u0131mtatar delegatsiyas\u0131 Meclis reisi yolba\u015f\u00e7\u0131l\u0131\u011f\u0131nda ketti - \u041c\u0435\u0434\u0436\u043b\u0456\u0441","og_description":"2011 senesi dekabr 11 k\u00fcn\u00fc T\u00fcrkiyede 92 ya\u015f\u0131nda T\u00fcrkiyede Q\u0131r\u0131mtatar medeniyeti ve yard\u0131mla\u015fma cemiyetleri umumiy merkezini\u00f1 reisi, T\u00fcrkiyeni\u00f1 belli cemaat ve devlet erbab\u0131, &#8220;Ukraina-T\u00fcrkiye&#8221; cemiyetini\u00f1 prezidenti Ahmed \u0130hsan Q\u0131r\u0131ml\u0131 vefat etti. Ahmed \u0130hsan Q\u0131r\u0131ml\u0131n\u0131\u00f1 dekabr 13 k\u00fcn\u00fc olacaq cenazesine q\u0131r\u0131mtatar delegatsiyas\u0131 Meclis reisi Mustafa Cemilevni\u00f1 yolba\u015f\u00e7\u0131l\u0131\u011f\u0131nda Q\u0131r\u0131mdan T\u00fcrkiyege u\u00e7\u0131p ketti. Delegatsiya erk\u00e2n\u0131na B\u00fct\u00fcnd\u00fcnya q\u0131r\u0131mtatarlar kongressini\u00f1 [&hellip;]","og_url":"https:\/\/qtmm.org\/qt\/qirimdan-turkiyege-ahmed-ihsan-qirimlinin-cenazesine-qirimtatar-delegatsiyasi-meclis-reisi-yolbasciliginda-ketti\/","og_site_name":"\u041c\u0435\u0434\u0436\u043b\u0456\u0441","article_publisher":"https:\/\/www.facebook.com\/qtmm.info\/","article_published_time":"2011-12-13T19:46:00+00:00","article_modified_time":"2022-01-19T19:47:22+00:00","author":"Developer","twitter_card":"summary_large_image","twitter_misc":{"Written by":"Developer","Est. reading time":"1 minute"},"schema":{"@context":"https:\/\/schema.org","@graph":[{"@type":"Article","@id":"https:\/\/qtmm.org\/qt\/qirimdan-turkiyege-ahmed-ihsan-qirimlinin-cenazesine-qirimtatar-delegatsiyasi-meclis-reisi-yolbasciliginda-ketti\/#article","isPartOf":{"@id":"https:\/\/qtmm.org\/qt\/qirimdan-turkiyege-ahmed-ihsan-qirimlinin-cenazesine-qirimtatar-delegatsiyasi-meclis-reisi-yolbasciliginda-ketti\/"},"author":{"name":"Developer","@id":"https:\/\/qtmm.org\/qt\/#\/schema\/person\/de562469f971dec226ac06e60bbf74a7"},"headline":"Q\u0131r\u0131mdan T\u00fcrkiyege Ahmed \u0130hsan Q\u0131r\u0131ml\u0131n\u0131\u00f1 cenazesine q\u0131r\u0131mtatar delegatsiyas\u0131 Meclis reisi yolba\u015f\u00e7\u0131l\u0131\u011f\u0131nda ketti","datePublished":"2011-12-13T19:46:00+00:00","dateModified":"2022-01-19T19:47:22+00:00","mainEntityOfPage":{"@id":"https:\/\/qtmm.org\/qt\/qirimdan-turkiyege-ahmed-ihsan-qirimlinin-cenazesine-qirimtatar-delegatsiyasi-meclis-reisi-yolbasciliginda-ketti\/"},"wordCount":202,"commentCount":0,"publisher":{"@id":"https:\/\/qtmm.org\/qt\/#organization"},"articleSection":["Haberler"],"inLanguage":"qt","potentialAction":[{"@type":"CommentAction","name":"Comment","target":["https:\/\/qtmm.org\/qt\/qirimdan-turkiyege-ahmed-ihsan-qirimlinin-cenazesine-qirimtatar-delegatsiyasi-meclis-reisi-yolbasciliginda-ketti\/#respond"]}]},{"@type":"WebPage","@id":"https:\/\/qtmm.org\/qt\/qirimdan-turkiyege-ahmed-ihsan-qirimlinin-cenazesine-qirimtatar-delegatsiyasi-meclis-reisi-yolbasciliginda-ketti\/","url":"https:\/\/qtmm.org\/qt\/qirimdan-turkiyege-ahmed-ihsan-qirimlinin-cenazesine-qirimtatar-delegatsiyasi-meclis-reisi-yolbasciliginda-ketti\/","name":"Q\u0131r\u0131mdan T\u00fcrkiyege Ahmed \u0130hsan Q\u0131r\u0131ml\u0131n\u0131\u00f1 cenazesine q\u0131r\u0131mtatar delegatsiyas\u0131 Meclis reisi yolba\u015f\u00e7\u0131l\u0131\u011f\u0131nda ketti - \u041c\u0435\u0434\u0436\u043b\u0456\u0441","isPartOf":{"@id":"https:\/\/qtmm.org\/qt\/#website"},"datePublished":"2011-12-13T19:46:00+00:00","dateModified":"2022-01-19T19:47:22+00:00","breadcrumb":{"@id":"https:\/\/qtmm.org\/qt\/qirimdan-turkiyege-ahmed-ihsan-qirimlinin-cenazesine-qirimtatar-delegatsiyasi-meclis-reisi-yolbasciliginda-ketti\/#breadcrumb"},"inLanguage":"qt","potentialAction":[{"@type":"ReadAction","target":["https:\/\/qtmm.org\/qt\/qirimdan-turkiyege-ahmed-ihsan-qirimlinin-cenazesine-qirimtatar-delegatsiyasi-meclis-reisi-yolbasciliginda-ketti\/"]}]},{"@type":"BreadcrumbList","@id":"https:\/\/qtmm.org\/qt\/qirimdan-turkiyege-ahmed-ihsan-qirimlinin-cenazesine-qirimtatar-delegatsiyasi-meclis-reisi-yolbasciliginda-ketti\/#breadcrumb","itemListElement":[{"@type":"ListItem","position":1,"name":"\u0413\u043e\u043b\u043e\u0432\u043d\u0430","item":"https:\/\/qtmm.org\/qt\/"},{"@type":"ListItem","position":2,"name":"Q\u0131r\u0131mdan T\u00fcrkiyege Ahmed \u0130hsan Q\u0131r\u0131ml\u0131n\u0131\u00f1 cenazesine q\u0131r\u0131mtatar delegatsiyas\u0131 Meclis reisi yolba\u015f\u00e7\u0131l\u0131\u011f\u0131nda ketti"}]},{"@type":"WebSite","@id":"https:\/\/qtmm.org\/qt\/#website","url":"https:\/\/qtmm.org\/qt\/","name":"\u041c\u0435\u0434\u0436\u043b\u0456\u0441","description":"","publisher":{"@id":"https:\/\/qtmm.org\/qt\/#organization"},"potentialAction":[{"@type":"SearchAction","target":{"@type":"EntryPoint","urlTemplate":"https:\/\/qtmm.org\/qt\/?s={search_term_string}"},"query-input":{"@type":"PropertyValueSpecification","valueRequired":true,"valueName":"search_term_string"}}],"inLanguage":"qt"},{"@type":"Organization","@id":"https:\/\/qtmm.org\/qt\/#organization","name":"\u041c\u0435\u0434\u0436\u043b\u0456\u0441","url":"https:\/\/qtmm.org\/qt\/","logo":{"@type":"ImageObject","inLanguage":"qt","@id":"https:\/\/qtmm.org\/qt\/#\/schema\/logo\/image\/","url":"https:\/\/qtmm.org\/wp-content\/uploads\/2024\/12\/ua-mejlis-logo-rgb.svg","contentUrl":"https:\/\/qtmm.org\/wp-content\/uploads\/2024\/12\/ua-mejlis-logo-rgb.svg","caption":"\u041c\u0435\u0434\u0436\u043b\u0456\u0441"},"image":{"@id":"https:\/\/qtmm.org\/qt\/#\/schema\/logo\/image\/"},"sameAs":["https:\/\/www.facebook.com\/qtmm.info\/"]},{"@type":"Person","@id":"https:\/\/qtmm.org\/qt\/#\/schema\/person\/de562469f971dec226ac06e60bbf74a7","name":"Developer","image":{"@type":"ImageObject","inLanguage":"qt","@id":"https:\/\/secure.gravatar.com\/avatar\/392b4cc8fbfeb00b39dfeeab4ee6edded39ffd48e25858637e4765810300227e?s=96&d=mm&r=g","url":"https:\/\/secure.gravatar.com\/avatar\/392b4cc8fbfeb00b39dfeeab4ee6edded39ffd48e25858637e4765810300227e?s=96&d=mm&r=g","contentUrl":"https:\/\/secure.gravatar.com\/avatar\/392b4cc8fbfeb00b39dfeeab4ee6edded39ffd48e25858637e4765810300227e?s=96&d=mm&r=g","caption":"Developer"},"url":"https:\/\/qtmm.org\/qt\/author\/Developer\/"}]}},"_links":{"self":[{"href":"https:\/\/qtmm.org\/qt\/wp-json\/wp\/v2\/posts\/27561","targetHints":{"allow":["GET"]}}],"collection":[{"href":"https:\/\/qtmm.org\/qt\/wp-json\/wp\/v2\/posts"}],"about":[{"href":"https:\/\/qtmm.org\/qt\/wp-json\/wp\/v2\/types\/post"}],"author":[{"embeddable":true,"href":"https:\/\/qtmm.org\/qt\/wp-json\/wp\/v2\/users\/1"}],"replies":[{"embeddable":true,"href":"https:\/\/qtmm.org\/qt\/wp-json\/wp\/v2\/comments?post=27561"}],"version-history":[{"count":1,"href":"https:\/\/qtmm.org\/qt\/wp-json\/wp\/v2\/posts\/27561\/revisions"}],"predecessor-version":[{"id":27563,"href":"https:\/\/qtmm.org\/qt\/wp-json\/wp\/v2\/posts\/27561\/revisions\/27563"}],"wp:attachment":[{"href":"https:\/\/qtmm.org\/qt\/wp-json\/wp\/v2\/media?parent=27561"}],"wp:term":[{"taxonomy":"category","embeddable":true,"href":"https:\/\/qtmm.org\/qt\/wp-json\/wp\/v2\/categories?post=27561"},{"taxonomy":"post_tag","embeddable":true,"href":"https:\/\/qtmm.org\/qt\/wp-json\/wp\/v2\/tags?post=27561"}],"curies":[{"name":"wp","href":"https:\/\/api.w.org\/{rel}","templated":true}]}}