




{"id":27536,"date":"2011-12-12T22:44:00","date_gmt":"2011-12-12T19:44:00","guid":{"rendered":"http:\/\/qtmm.org\/?p=27536"},"modified":"2022-01-19T22:46:04","modified_gmt":"2022-01-19T19:46:04","slug":"elvida-bizim-coq-qiymetli-emcemiz","status":"publish","type":"post","link":"https:\/\/qtmm.org\/qt\/elvida-bizim-coq-qiymetli-emcemiz\/","title":{"rendered":"Elvida, bizim \u00e7oq q\u0131ymetli emcemiz!"},"content":{"rendered":"\n<p>Ankaradan, qalplerimizni s\u0131\u00f1\u0131rs\u0131z&nbsp; keder ile sar\u0131p al\u011fan, qafalar\u0131m\u0131zn\u0131 inanmamaq al\u0131nda tutqan qara haber keldi \u2013 92 ya\u015ftaki Ahmet \u0130hsan Q\u0131r\u0131ml\u0131n\u0131\u00f1 y\u00fcregi uruvdan toqtad\u0131.<\/p>\n\n\n\n<p>Aram\u0131zn\u0131 milliy areketimizni\u00f1 e\u00f1 k\u00f6r\u00fcmli erbaplar\u0131ndan biri, Q\u0131r\u0131m ve on\u0131\u00f1 as\u0131l halq\u0131-evl\u00e2d\u0131 \u00e7e\u00e7eklenmesini k\u00f6rmek daima arzu etken em de bun\u0131\u00f1 \u00fczerinde&nbsp; \u00f6m\u00fcri devam\u0131nda usanmastan \u00e7al\u0131\u015fqan,&nbsp; T\u00fcrk-ukrain dostluq cemiyetini\u00f1 reisi, so\u00f1ki 24 sene i\u00e7inde Q\u0131r\u0131m T\u00fcrkleri K\u00fcltur ve Yard\u0131mla\u015fma Dernegi ba\u015f\u0131 olmas\u0131n\u0131 \u00f6z\u00fcni\u00f1 e\u00f1 \u015ferefli vazifesi, dep say\u011fan&nbsp; ate\u015fin vatanperver ve b\u00fcy\u00fck insan terk etti.<\/p>\n\n\n\n<p>Ahmet emce de\u015fetli s\u00fcrg\u00fcnlik aqq\u0131nda e\u015fitkeninden ba\u015flap,&nbsp; so\u00f1 nefesinece q\u0131r\u0131mtatar halq\u0131n\u0131\u00f1 milliy meselesini imk\u00e2n\u0131 ol\u011fan yerde ve dairede qoyma\u011fa, a\u00f1latma\u011fa, cemaat\u00e7\u0131l\u0131qn\u0131\u00f1 diqqat\u0131n\u0131 o\u00f1a celp etmege, munasebetini bildirtmege ve ba\u015fqa areketler yapma\u011fa t\u0131r\u0131\u015ft\u0131.<\/p>\n\n\n\n<p>O, 1949 senesi \u0130ngilterede, 1950-1957 seneleri Amerika Qo\u015fma \u015etatlar\u0131nda ve diger memleketlerde \u00f6tkerilgen nufuzl\u0131 konferentsiyalarda \u00e7\u0131q\u0131\u015flar yap\u0131p, 1944 senesi milletimize qar\u015f\u0131 yap\u0131l\u011fan cinayet &#8211; insaniyetlikke qar\u015f\u0131 yap\u0131l\u011fan cinayettir, genotsiddir, dep a\u00f1latt\u0131.<\/p>\n\n\n\n<p>A. Q\u0131r\u0131ml\u0131 T\u00fcrkiye devlet erbab\u0131 ol\u011fan y\u0131llar\u0131 \u00e7e\u015fit halqara tedbirlerde q\u0131r\u0131mtatarlar\u011fa nisbeten yap\u0131l\u011fan aqs\u0131zl\u0131qlarn\u0131&nbsp; a\u00e7\u0131qlad\u0131. So\u00f1ki y\u0131llar\u0131 da o, aza ol\u011fan Demokratiya ve Azatl\u0131q B\u00fct\u00fcnd\u00fcnya \u0130ttifaq\u0131 adl\u0131 te\u015fkil\u00e2tn\u0131\u00f1 topla\u015fuvlar\u0131nda, mu\u015faverelerinde milliy meselemiz aqq\u0131nda eyecannen tariflemekte edi.<\/p>\n\n\n\n<p>Ahmet \u0130hsan Q\u0131r\u0131ml\u0131n\u0131\u00f1 dedesi \u2013 Ba\u011f\u00e7asaray \u00fclemalar\u0131ndan ol\u011fan Aqseit Memet efendi &#8211; Q\u0131r\u0131m cenkinden so\u00f1 fena, m\u00fcdhi\u015f y\u0131llarda, daa do\u011frus\u0131 1861 senesi, qorantas\u0131n\u0131 m\u00fcstemleke esirinden&nbsp; qurtarmaq i\u00e7\u00fcn T\u00fcrkiyege oz\u011far\u0131r eken, \u00f6z\u00fc do\u011fmu\u015f Efendik\u00f6yge qaytaca\u011f\u0131n\u0131 bildire em de: &#8220;Men m\u0131nda qalacam. Etim-kemigim topraq olacaq. \u00dczerimde otlar \u00e7\u0131qacaq. Olarn\u0131\u00f1 qoqus\u0131na torunlar\u0131m buraya kelecek\u2026&#8221;, dey.<\/p>\n\n\n\n<p>B\u00f6yleliknen, qoranta T\u00fcrkiyeni\u00f1 bat\u0131 topraqlan\u0131na kelip, tam\u0131r ata ve 1920 senesi \u00e7e\u00e7ek\u00a0 ay\u0131 (aprel) 23-k\u00fcn\u00fc m\u0131nda, Bal\u0131qesir \u015feerini\u00f1\u00a0 Mecidiye maallesinde d\u00fcnya\u011fa Ahmet \u0130hsan kele. 1937-senesi o, Bal\u0131qesirde orta tasil mektebini bitirip, \u0130stanbulda ingliz tilini \u00f6grenmek maqsad\u0131nen k\u00f6llecge kire. Muvafaqiyetli oquv, temelli az\u0131rl\u0131q neticesinde Ahmet \u0130hsan \u0130stanbul universitetini\u00f1 tibbiyat fakultetine qabul oluna. M\u0131nda o, tek ilimde degil, cemaat faaliyetinde de \u00f6z istidat\u0131n\u0131 k\u00f6stere ve bir s\u0131ra student te\u015fkil\u00e2tlar\u0131n\u0131\u00f1 yolba\u015f\u00e7\u0131s\u0131 ola.<\/p>\n\n\n\n<figure class=\"wp-block-image size-full\"><img loading=\"lazy\" decoding=\"async\" width=\"384\" height=\"512\" src=\"http:\/\/qtmm.org\/wp-content\/uploads\/2022\/01\/v_tekst_1-1.jpeg\" alt=\"\" class=\"wp-image-27544\" srcset=\"https:\/\/qtmm.org\/wp-content\/uploads\/2022\/01\/v_tekst_1-1.jpeg 384w, https:\/\/qtmm.org\/wp-content\/uploads\/2022\/01\/v_tekst_1-1-225x300.jpeg 225w\" sizes=\"auto, (max-width: 384px) 100vw, 384px\" \/><\/figure>\n\n\n\n<p>Universitetni bitirip ve orduda borcun\u0131 \u00f6dep, bala hastal\u0131qlar\u0131 boyunca m\u00fctehass\u0131s ol\u011fan A. Q\u0131r\u0131ml\u0131 Londonda naml\u0131 bir klinikada ameliyat ke\u00e7e. Zenaatn\u0131\u00f1 m\u00fckemmel saibi olmaq yollar\u0131 1950 senesi on\u0131 Amerika Qo\u015fma \u015etatlar\u0131na ketire. \u00dc\u00e7 y\u0131l&nbsp; o, m\u0131nda \u00e7e\u015fit klinikalarda \u00e7al\u0131\u015fa, eki y\u0131ldan ziyade A. Eyn\u015fteyn ad\u0131na Tibbiyat Merkezinde ocal\u0131q yapa.<\/p>\n\n\n\n<p>\u0130ngilterede de, Aq\u015eda da Ahmet emce T\u00fcrk studentleri ve T\u00fcrk diasporas\u0131 te\u015fkil\u00e2tlar\u0131n\u0131\u00f1 i\u015finde faallik k\u00f6stere, yetek\u00e7ilerden biri ola. O, Amerikada Q\u0131r\u0131mtatar Cemiyetini\u00f1 \u00e7al\u0131\u015fmalar\u0131na da \u00f6z salmaql\u0131 issesini qo\u015fa. A. Q\u0131r\u0131ml\u0131n\u0131\u00f1 yard\u0131m\u0131 ve h\u0131zmetleri o derecede ola ki, on\u0131 Amerikadaki semetde\u015flerimiz so\u00f1ra bu Cemiyetni\u00f1 Fahriy reisi saylaylar.<\/p>\n\n\n\n<p>T\u00fcrkiyege o, b\u00fcy\u00fck tecribeli ekim ve cemaat erbab\u0131 olaraq qayta. Zenaat\u0131 boyunca Bal\u0131qesirde \u00e7al\u0131\u015fa, siyasiy faaliyet al\u0131p bara, Demokratik firqan\u0131\u00f1 vil\u00e2yet b\u00f6l\u00fcgine reberlik yapa.<\/p>\n\n\n\n<p>1961 senesi Ahmet \u0130hsan Q\u0131r\u0131ml\u0131 Adalet firqas\u0131ndan T\u00fcrkiye B\u00fcy\u00fck Milliy Meclisini\u00f1 deputat\u0131&nbsp; saylana ve 16 y\u0131l devam\u0131nda halq vekili, Milliy Mudafaa ve&nbsp; Halqara munasebetler boyunca Komissiyalar\u0131n\u0131\u00f1 azas\u0131 ola. 1973-1974 seneleri T\u00fcrkiye Cumhuriyetini\u00f1 Turizm Veziri vazifesini eda ete.<\/p>\n\n\n\n<p>Bu aliy dereceli, mes\u00fcl vazifelerde&nbsp; Ahmet emce ealini\u00f1 sa\u011fl\u0131q saqlav\u0131 ve diger m\u00fcim meselelernen ba\u011fl\u0131 \u00e7oqtan-\u00e7oq konferentsiyalarn\u0131\u00f1 maruzac\u0131s\u0131 ola, halqara k\u00f6r\u00fc\u015f\u00fcvler, muzakereler ve leyihalarda&nbsp; i\u015ftirak ete. O, Cavaharlal Neru, \u0130ndira Gandi kibi bir s\u0131ra d\u00fcnyaca belli siyaset\u00e7iler ve devlet erbaplar\u0131nen&nbsp; \u015fahsen tan\u0131\u015f edi.<\/p>\n\n\n\n<p>1987 senesi Ahmet \u0130hsan Q\u0131r\u0131ml\u0131 bundan 32 y\u0131l evel meydan\u011fa ketirilgen Q\u0131r\u0131m T\u00fcrkleri K\u00fcltur ve Yard\u0131mla\u015fma Dernegini\u00f1 yolba\u015f\u00e7\u0131s\u0131 ola. Bundan so\u00f1, dernekni\u00f1 faaliyeti baya\u011f\u0131 canlana ve semerele\u015fe, \u00e7\u00fcnki on\u0131\u00f1 ba\u015f\u0131nda \u011fayet zengin siyasiy ve devlet idarecilik tecribeni\u00f1 saibi turmaqta.<\/p>\n\n\n\n<p>T\u00fcrkiyege Q\u0131r\u0131mdan y\u00fczlernen vatanda\u015flar\u0131m\u0131z, e\u00f1-evel\u00e2 sanat\u00e7\u0131lar\u0131m\u0131z bar\u0131p, andaki bayramlarda, medeniy tedbirlerde milliy degerliklerimizni numai\u015f eteler. T\u00fcrkiyeni\u00f1 aliy oquv yurtlar\u0131nda oqu\u011fan talebelerimizge 16-17 y\u0131ldan berli destek yap\u0131la. Milliy mekteplerimizge baya\u011f\u0131 qol tutula. Vatanda\u015flar\u0131m\u0131z\u011fa \u00e7e\u015fit saalarda ba\u015fqa yard\u0131mlar etile.<\/p>\n\n\n\n<p>Bu so\u00f1us\u0131z i\u015flerde, umumen, halq\u0131m\u0131zn\u0131\u00f1 Vatan\u0131na qaytmas\u0131 ve yerle\u015fmesinde&nbsp; dernekni\u00f1 em de \u015fahsen Ahmet emceni\u00f1 issesi qocaman old\u0131. Biz o\u00f1a temenna etemiz ve \u00f6z s\u0131\u00f1\u0131rs\u0131z te\u015fekk\u00fcrlerimizni bildiremiz.<\/p>\n\n\n\n<p>Ahmet \u0130hsan Q\u0131r\u0131ml\u0131 torun borcun\u0131 yerine ketirdi \u2013 dedesi Aqseit Memet efendi mezar\u0131 \u00e7e\u00e7eklerini\u00f1 qoqus\u0131na seslendi, keldi.&nbsp; On\u0131\u00f1 so\u00f1 derecede alicenap vatanperver i\u015fleri, milletimizni\u00f1 birlik-beraberligine do\u011frulan\u011fan s\u00f6zleri ve areketleri&nbsp; qalplerimizde ve halqm\u0131zn\u0131\u00f1 hat\u0131ras\u0131nda daima ya\u015facaqt\u0131r. On\u0131\u00f1 ad\u0131 Q\u0131r\u0131m k\u00f6yleri, \u015feerleri soqaqlar\u0131nda ve diger l\u00e2y\u0131q yerlerde m\u0131tlaq ebediyle\u015ftirilecektir.<\/p>\n\n\n\n<p>Millet o\u011frunda b\u00fcy\u00fck h\u0131zmetler etip, b\u00fcy\u00fck ya\u015fqa yetken safda\u015f\u0131m\u0131z Ahmet \u0130hsan Q\u0131r\u0131ml\u0131n\u0131\u00f1 vefat et\u00fcvi munasebetinen on\u0131\u00f1 qorantas\u0131na \u2013 \u00f6m\u00fcr arqada\u015f\u0131 say\u011f\u0131l\u0131 \u00c7i\u00e7ek han\u0131m\u011fa, o\u011fullar\u0131 Haqan ve Cihan beylerge, torunlar\u0131na ve diger aqrabalar\u0131na samimiy taziyemizni bildiremiz ve ba\u015f sa\u011fl\u0131\u011f\u0131 tileymiz.&nbsp;<\/p>\n\n\n\n<p class=\"has-text-align-center\"><strong>Elvida, bizim \u00e7oq q\u0131ymetli emcemiz!<\/strong><\/p>\n\n\n\n<p class=\"has-text-align-center\"><strong>Alla rahmet eylesin!<\/strong><\/p>\n\n\n\n<p class=\"has-text-align-right\"><em><strong>Q\u0131r\u0131mtatar Milliy Meclisi<\/strong><\/em><\/p>\n\n\n\n<p class=\"has-text-align-right\"><em><strong>Q\u0131r\u0131m M\u00fcftiyligi<\/strong><\/em><\/p>\n\n\n\n<p class=\"has-text-align-right\"><em><strong>Q\u0131r\u0131mtatar cemaat te\u015fkil\u00e2tlar\u0131<\/strong><\/em><\/p>\n","protected":false},"excerpt":{"rendered":"<p>Ankaradan, qalplerimizni s\u0131\u00f1\u0131rs\u0131z&nbsp; keder ile sar\u0131p al\u011fan, qafalar\u0131m\u0131zn\u0131 inanmamaq al\u0131nda tutqan qara haber keldi \u2013 92 ya\u015ftaki Ahmet \u0130hsan Q\u0131r\u0131ml\u0131n\u0131\u00f1 y\u00fcregi uruvdan toqtad\u0131. Aram\u0131zn\u0131 milliy areketimizni\u00f1 e\u00f1 k\u00f6r\u00fcmli erbaplar\u0131ndan biri, Q\u0131r\u0131m ve on\u0131\u00f1 as\u0131l halq\u0131-evl\u00e2d\u0131 \u00e7e\u00e7eklenmesini k\u00f6rmek daima arzu etken em de bun\u0131\u00f1 \u00fczerinde&nbsp; \u00f6m\u00fcri devam\u0131nda usanmastan \u00e7al\u0131\u015fqan,&nbsp; T\u00fcrk-ukrain dostluq cemiyetini\u00f1 reisi, so\u00f1ki 24 sene [&hellip;]<\/p>\n","protected":false},"author":1,"featured_media":27538,"comment_status":"open","ping_status":"open","sticky":false,"template":"","format":"standard","meta":{"inline_featured_image":false,"footnotes":""},"categories":[265],"tags":[],"class_list":["post-27536","post","type-post","status-publish","format-standard","has-post-thumbnail","hentry","category-haberler"],"acf":[],"yoast_head":"<!-- This site is optimized with the Yoast SEO plugin v27.4 - https:\/\/yoast.com\/product\/yoast-seo-wordpress\/ -->\n<title>Elvida, bizim \u00e7oq q\u0131ymetli emcemiz! - \u041c\u0435\u0434\u0436\u043b\u0456\u0441<\/title>\n<meta name=\"robots\" content=\"index, follow, max-snippet:-1, max-image-preview:large, max-video-preview:-1\" \/>\n<link rel=\"canonical\" href=\"https:\/\/qtmm.org\/qt\/elvida-bizim-coq-qiymetli-emcemiz\/\" \/>\n<meta property=\"og:locale\" content=\"en_US\" \/>\n<meta property=\"og:type\" content=\"article\" \/>\n<meta property=\"og:title\" content=\"Elvida, bizim \u00e7oq q\u0131ymetli emcemiz! - \u041c\u0435\u0434\u0436\u043b\u0456\u0441\" \/>\n<meta property=\"og:description\" content=\"Ankaradan, qalplerimizni s\u0131\u00f1\u0131rs\u0131z&nbsp; keder ile sar\u0131p al\u011fan, qafalar\u0131m\u0131zn\u0131 inanmamaq al\u0131nda tutqan qara haber keldi \u2013 92 ya\u015ftaki Ahmet \u0130hsan Q\u0131r\u0131ml\u0131n\u0131\u00f1 y\u00fcregi uruvdan toqtad\u0131. Aram\u0131zn\u0131 milliy areketimizni\u00f1 e\u00f1 k\u00f6r\u00fcmli erbaplar\u0131ndan biri, Q\u0131r\u0131m ve on\u0131\u00f1 as\u0131l halq\u0131-evl\u00e2d\u0131 \u00e7e\u00e7eklenmesini k\u00f6rmek daima arzu etken em de bun\u0131\u00f1 \u00fczerinde&nbsp; \u00f6m\u00fcri devam\u0131nda usanmastan \u00e7al\u0131\u015fqan,&nbsp; T\u00fcrk-ukrain dostluq cemiyetini\u00f1 reisi, so\u00f1ki 24 sene [&hellip;]\" \/>\n<meta property=\"og:url\" content=\"https:\/\/qtmm.org\/qt\/elvida-bizim-coq-qiymetli-emcemiz\/\" \/>\n<meta property=\"og:site_name\" content=\"\u041c\u0435\u0434\u0436\u043b\u0456\u0441\" \/>\n<meta property=\"article:publisher\" content=\"https:\/\/www.facebook.com\/qtmm.info\/\" \/>\n<meta property=\"article:published_time\" content=\"2011-12-12T19:44:00+00:00\" \/>\n<meta property=\"article:modified_time\" content=\"2022-01-19T19:46:04+00:00\" \/>\n<meta property=\"og:image\" content=\"https:\/\/qtmm.org\/wp-content\/uploads\/2022\/01\/eski_bakan_kirimli_vefat_etti_h3887_kopiya.jpeg\" \/>\n\t<meta property=\"og:image:width\" content=\"650\" \/>\n\t<meta property=\"og:image:height\" content=\"327\" \/>\n\t<meta property=\"og:image:type\" content=\"image\/jpeg\" \/>\n<meta name=\"author\" content=\"Developer\" \/>\n<meta name=\"twitter:card\" content=\"summary_large_image\" \/>\n<meta name=\"twitter:label1\" content=\"Written by\" \/>\n\t<meta name=\"twitter:data1\" content=\"Developer\" \/>\n\t<meta name=\"twitter:label2\" content=\"Est. reading time\" \/>\n\t<meta name=\"twitter:data2\" content=\"5 minutes\" \/>\n<script type=\"application\/ld+json\" class=\"yoast-schema-graph\">{\"@context\":\"https:\\\/\\\/schema.org\",\"@graph\":[{\"@type\":\"Article\",\"@id\":\"https:\\\/\\\/qtmm.org\\\/qt\\\/elvida-bizim-coq-qiymetli-emcemiz\\\/#article\",\"isPartOf\":{\"@id\":\"https:\\\/\\\/qtmm.org\\\/qt\\\/elvida-bizim-coq-qiymetli-emcemiz\\\/\"},\"author\":{\"name\":\"Developer\",\"@id\":\"https:\\\/\\\/qtmm.org\\\/qt\\\/#\\\/schema\\\/person\\\/de562469f971dec226ac06e60bbf74a7\"},\"headline\":\"Elvida, bizim \u00e7oq q\u0131ymetli emcemiz!\",\"datePublished\":\"2011-12-12T19:44:00+00:00\",\"dateModified\":\"2022-01-19T19:46:04+00:00\",\"mainEntityOfPage\":{\"@id\":\"https:\\\/\\\/qtmm.org\\\/qt\\\/elvida-bizim-coq-qiymetli-emcemiz\\\/\"},\"wordCount\":1027,\"commentCount\":0,\"publisher\":{\"@id\":\"https:\\\/\\\/qtmm.org\\\/qt\\\/#organization\"},\"image\":{\"@id\":\"https:\\\/\\\/qtmm.org\\\/qt\\\/elvida-bizim-coq-qiymetli-emcemiz\\\/#primaryimage\"},\"thumbnailUrl\":\"https:\\\/\\\/qtmm.org\\\/wp-content\\\/uploads\\\/2022\\\/01\\\/eski_bakan_kirimli_vefat_etti_h3887_kopiya.jpeg\",\"articleSection\":[\"Haberler\"],\"inLanguage\":\"qt\",\"potentialAction\":[{\"@type\":\"CommentAction\",\"name\":\"Comment\",\"target\":[\"https:\\\/\\\/qtmm.org\\\/qt\\\/elvida-bizim-coq-qiymetli-emcemiz\\\/#respond\"]}]},{\"@type\":\"WebPage\",\"@id\":\"https:\\\/\\\/qtmm.org\\\/qt\\\/elvida-bizim-coq-qiymetli-emcemiz\\\/\",\"url\":\"https:\\\/\\\/qtmm.org\\\/qt\\\/elvida-bizim-coq-qiymetli-emcemiz\\\/\",\"name\":\"Elvida, bizim \u00e7oq q\u0131ymetli emcemiz! - \u041c\u0435\u0434\u0436\u043b\u0456\u0441\",\"isPartOf\":{\"@id\":\"https:\\\/\\\/qtmm.org\\\/qt\\\/#website\"},\"primaryImageOfPage\":{\"@id\":\"https:\\\/\\\/qtmm.org\\\/qt\\\/elvida-bizim-coq-qiymetli-emcemiz\\\/#primaryimage\"},\"image\":{\"@id\":\"https:\\\/\\\/qtmm.org\\\/qt\\\/elvida-bizim-coq-qiymetli-emcemiz\\\/#primaryimage\"},\"thumbnailUrl\":\"https:\\\/\\\/qtmm.org\\\/wp-content\\\/uploads\\\/2022\\\/01\\\/eski_bakan_kirimli_vefat_etti_h3887_kopiya.jpeg\",\"datePublished\":\"2011-12-12T19:44:00+00:00\",\"dateModified\":\"2022-01-19T19:46:04+00:00\",\"breadcrumb\":{\"@id\":\"https:\\\/\\\/qtmm.org\\\/qt\\\/elvida-bizim-coq-qiymetli-emcemiz\\\/#breadcrumb\"},\"inLanguage\":\"qt\",\"potentialAction\":[{\"@type\":\"ReadAction\",\"target\":[\"https:\\\/\\\/qtmm.org\\\/qt\\\/elvida-bizim-coq-qiymetli-emcemiz\\\/\"]}]},{\"@type\":\"ImageObject\",\"inLanguage\":\"qt\",\"@id\":\"https:\\\/\\\/qtmm.org\\\/qt\\\/elvida-bizim-coq-qiymetli-emcemiz\\\/#primaryimage\",\"url\":\"https:\\\/\\\/qtmm.org\\\/wp-content\\\/uploads\\\/2022\\\/01\\\/eski_bakan_kirimli_vefat_etti_h3887_kopiya.jpeg\",\"contentUrl\":\"https:\\\/\\\/qtmm.org\\\/wp-content\\\/uploads\\\/2022\\\/01\\\/eski_bakan_kirimli_vefat_etti_h3887_kopiya.jpeg\",\"width\":650,\"height\":327,\"caption\":\"?????????????????????????????????????????????????????????\"},{\"@type\":\"BreadcrumbList\",\"@id\":\"https:\\\/\\\/qtmm.org\\\/qt\\\/elvida-bizim-coq-qiymetli-emcemiz\\\/#breadcrumb\",\"itemListElement\":[{\"@type\":\"ListItem\",\"position\":1,\"name\":\"\u0413\u043e\u043b\u043e\u0432\u043d\u0430\",\"item\":\"https:\\\/\\\/qtmm.org\\\/qt\\\/\"},{\"@type\":\"ListItem\",\"position\":2,\"name\":\"Elvida, bizim \u00e7oq q\u0131ymetli emcemiz!\"}]},{\"@type\":\"WebSite\",\"@id\":\"https:\\\/\\\/qtmm.org\\\/qt\\\/#website\",\"url\":\"https:\\\/\\\/qtmm.org\\\/qt\\\/\",\"name\":\"\u041c\u0435\u0434\u0436\u043b\u0456\u0441\",\"description\":\"\",\"publisher\":{\"@id\":\"https:\\\/\\\/qtmm.org\\\/qt\\\/#organization\"},\"potentialAction\":[{\"@type\":\"SearchAction\",\"target\":{\"@type\":\"EntryPoint\",\"urlTemplate\":\"https:\\\/\\\/qtmm.org\\\/qt\\\/?s={search_term_string}\"},\"query-input\":{\"@type\":\"PropertyValueSpecification\",\"valueRequired\":true,\"valueName\":\"search_term_string\"}}],\"inLanguage\":\"qt\"},{\"@type\":\"Organization\",\"@id\":\"https:\\\/\\\/qtmm.org\\\/qt\\\/#organization\",\"name\":\"\u041c\u0435\u0434\u0436\u043b\u0456\u0441\",\"url\":\"https:\\\/\\\/qtmm.org\\\/qt\\\/\",\"logo\":{\"@type\":\"ImageObject\",\"inLanguage\":\"qt\",\"@id\":\"https:\\\/\\\/qtmm.org\\\/qt\\\/#\\\/schema\\\/logo\\\/image\\\/\",\"url\":\"https:\\\/\\\/qtmm.org\\\/wp-content\\\/uploads\\\/2024\\\/12\\\/ua-mejlis-logo-rgb.svg\",\"contentUrl\":\"https:\\\/\\\/qtmm.org\\\/wp-content\\\/uploads\\\/2024\\\/12\\\/ua-mejlis-logo-rgb.svg\",\"caption\":\"\u041c\u0435\u0434\u0436\u043b\u0456\u0441\"},\"image\":{\"@id\":\"https:\\\/\\\/qtmm.org\\\/qt\\\/#\\\/schema\\\/logo\\\/image\\\/\"},\"sameAs\":[\"https:\\\/\\\/www.facebook.com\\\/qtmm.info\\\/\"]},{\"@type\":\"Person\",\"@id\":\"https:\\\/\\\/qtmm.org\\\/qt\\\/#\\\/schema\\\/person\\\/de562469f971dec226ac06e60bbf74a7\",\"name\":\"Developer\",\"image\":{\"@type\":\"ImageObject\",\"inLanguage\":\"qt\",\"@id\":\"https:\\\/\\\/secure.gravatar.com\\\/avatar\\\/392b4cc8fbfeb00b39dfeeab4ee6edded39ffd48e25858637e4765810300227e?s=96&d=mm&r=g\",\"url\":\"https:\\\/\\\/secure.gravatar.com\\\/avatar\\\/392b4cc8fbfeb00b39dfeeab4ee6edded39ffd48e25858637e4765810300227e?s=96&d=mm&r=g\",\"contentUrl\":\"https:\\\/\\\/secure.gravatar.com\\\/avatar\\\/392b4cc8fbfeb00b39dfeeab4ee6edded39ffd48e25858637e4765810300227e?s=96&d=mm&r=g\",\"caption\":\"Developer\"},\"url\":\"https:\\\/\\\/qtmm.org\\\/qt\\\/author\\\/Developer\\\/\"}]}<\/script>\n<!-- \/ Yoast SEO plugin. -->","yoast_head_json":{"title":"Elvida, bizim \u00e7oq q\u0131ymetli emcemiz! - \u041c\u0435\u0434\u0436\u043b\u0456\u0441","robots":{"index":"index","follow":"follow","max-snippet":"max-snippet:-1","max-image-preview":"max-image-preview:large","max-video-preview":"max-video-preview:-1"},"canonical":"https:\/\/qtmm.org\/qt\/elvida-bizim-coq-qiymetli-emcemiz\/","og_locale":"en_US","og_type":"article","og_title":"Elvida, bizim \u00e7oq q\u0131ymetli emcemiz! - \u041c\u0435\u0434\u0436\u043b\u0456\u0441","og_description":"Ankaradan, qalplerimizni s\u0131\u00f1\u0131rs\u0131z&nbsp; keder ile sar\u0131p al\u011fan, qafalar\u0131m\u0131zn\u0131 inanmamaq al\u0131nda tutqan qara haber keldi \u2013 92 ya\u015ftaki Ahmet \u0130hsan Q\u0131r\u0131ml\u0131n\u0131\u00f1 y\u00fcregi uruvdan toqtad\u0131. Aram\u0131zn\u0131 milliy areketimizni\u00f1 e\u00f1 k\u00f6r\u00fcmli erbaplar\u0131ndan biri, Q\u0131r\u0131m ve on\u0131\u00f1 as\u0131l halq\u0131-evl\u00e2d\u0131 \u00e7e\u00e7eklenmesini k\u00f6rmek daima arzu etken em de bun\u0131\u00f1 \u00fczerinde&nbsp; \u00f6m\u00fcri devam\u0131nda usanmastan \u00e7al\u0131\u015fqan,&nbsp; T\u00fcrk-ukrain dostluq cemiyetini\u00f1 reisi, so\u00f1ki 24 sene [&hellip;]","og_url":"https:\/\/qtmm.org\/qt\/elvida-bizim-coq-qiymetli-emcemiz\/","og_site_name":"\u041c\u0435\u0434\u0436\u043b\u0456\u0441","article_publisher":"https:\/\/www.facebook.com\/qtmm.info\/","article_published_time":"2011-12-12T19:44:00+00:00","article_modified_time":"2022-01-19T19:46:04+00:00","og_image":[{"width":650,"height":327,"url":"https:\/\/qtmm.org\/wp-content\/uploads\/2022\/01\/eski_bakan_kirimli_vefat_etti_h3887_kopiya.jpeg","type":"image\/jpeg"}],"author":"Developer","twitter_card":"summary_large_image","twitter_misc":{"Written by":"Developer","Est. reading time":"5 minutes"},"schema":{"@context":"https:\/\/schema.org","@graph":[{"@type":"Article","@id":"https:\/\/qtmm.org\/qt\/elvida-bizim-coq-qiymetli-emcemiz\/#article","isPartOf":{"@id":"https:\/\/qtmm.org\/qt\/elvida-bizim-coq-qiymetli-emcemiz\/"},"author":{"name":"Developer","@id":"https:\/\/qtmm.org\/qt\/#\/schema\/person\/de562469f971dec226ac06e60bbf74a7"},"headline":"Elvida, bizim \u00e7oq q\u0131ymetli emcemiz!","datePublished":"2011-12-12T19:44:00+00:00","dateModified":"2022-01-19T19:46:04+00:00","mainEntityOfPage":{"@id":"https:\/\/qtmm.org\/qt\/elvida-bizim-coq-qiymetli-emcemiz\/"},"wordCount":1027,"commentCount":0,"publisher":{"@id":"https:\/\/qtmm.org\/qt\/#organization"},"image":{"@id":"https:\/\/qtmm.org\/qt\/elvida-bizim-coq-qiymetli-emcemiz\/#primaryimage"},"thumbnailUrl":"https:\/\/qtmm.org\/wp-content\/uploads\/2022\/01\/eski_bakan_kirimli_vefat_etti_h3887_kopiya.jpeg","articleSection":["Haberler"],"inLanguage":"qt","potentialAction":[{"@type":"CommentAction","name":"Comment","target":["https:\/\/qtmm.org\/qt\/elvida-bizim-coq-qiymetli-emcemiz\/#respond"]}]},{"@type":"WebPage","@id":"https:\/\/qtmm.org\/qt\/elvida-bizim-coq-qiymetli-emcemiz\/","url":"https:\/\/qtmm.org\/qt\/elvida-bizim-coq-qiymetli-emcemiz\/","name":"Elvida, bizim \u00e7oq q\u0131ymetli emcemiz! - \u041c\u0435\u0434\u0436\u043b\u0456\u0441","isPartOf":{"@id":"https:\/\/qtmm.org\/qt\/#website"},"primaryImageOfPage":{"@id":"https:\/\/qtmm.org\/qt\/elvida-bizim-coq-qiymetli-emcemiz\/#primaryimage"},"image":{"@id":"https:\/\/qtmm.org\/qt\/elvida-bizim-coq-qiymetli-emcemiz\/#primaryimage"},"thumbnailUrl":"https:\/\/qtmm.org\/wp-content\/uploads\/2022\/01\/eski_bakan_kirimli_vefat_etti_h3887_kopiya.jpeg","datePublished":"2011-12-12T19:44:00+00:00","dateModified":"2022-01-19T19:46:04+00:00","breadcrumb":{"@id":"https:\/\/qtmm.org\/qt\/elvida-bizim-coq-qiymetli-emcemiz\/#breadcrumb"},"inLanguage":"qt","potentialAction":[{"@type":"ReadAction","target":["https:\/\/qtmm.org\/qt\/elvida-bizim-coq-qiymetli-emcemiz\/"]}]},{"@type":"ImageObject","inLanguage":"qt","@id":"https:\/\/qtmm.org\/qt\/elvida-bizim-coq-qiymetli-emcemiz\/#primaryimage","url":"https:\/\/qtmm.org\/wp-content\/uploads\/2022\/01\/eski_bakan_kirimli_vefat_etti_h3887_kopiya.jpeg","contentUrl":"https:\/\/qtmm.org\/wp-content\/uploads\/2022\/01\/eski_bakan_kirimli_vefat_etti_h3887_kopiya.jpeg","width":650,"height":327,"caption":"?????????????????????????????????????????????????????????"},{"@type":"BreadcrumbList","@id":"https:\/\/qtmm.org\/qt\/elvida-bizim-coq-qiymetli-emcemiz\/#breadcrumb","itemListElement":[{"@type":"ListItem","position":1,"name":"\u0413\u043e\u043b\u043e\u0432\u043d\u0430","item":"https:\/\/qtmm.org\/qt\/"},{"@type":"ListItem","position":2,"name":"Elvida, bizim \u00e7oq q\u0131ymetli emcemiz!"}]},{"@type":"WebSite","@id":"https:\/\/qtmm.org\/qt\/#website","url":"https:\/\/qtmm.org\/qt\/","name":"\u041c\u0435\u0434\u0436\u043b\u0456\u0441","description":"","publisher":{"@id":"https:\/\/qtmm.org\/qt\/#organization"},"potentialAction":[{"@type":"SearchAction","target":{"@type":"EntryPoint","urlTemplate":"https:\/\/qtmm.org\/qt\/?s={search_term_string}"},"query-input":{"@type":"PropertyValueSpecification","valueRequired":true,"valueName":"search_term_string"}}],"inLanguage":"qt"},{"@type":"Organization","@id":"https:\/\/qtmm.org\/qt\/#organization","name":"\u041c\u0435\u0434\u0436\u043b\u0456\u0441","url":"https:\/\/qtmm.org\/qt\/","logo":{"@type":"ImageObject","inLanguage":"qt","@id":"https:\/\/qtmm.org\/qt\/#\/schema\/logo\/image\/","url":"https:\/\/qtmm.org\/wp-content\/uploads\/2024\/12\/ua-mejlis-logo-rgb.svg","contentUrl":"https:\/\/qtmm.org\/wp-content\/uploads\/2024\/12\/ua-mejlis-logo-rgb.svg","caption":"\u041c\u0435\u0434\u0436\u043b\u0456\u0441"},"image":{"@id":"https:\/\/qtmm.org\/qt\/#\/schema\/logo\/image\/"},"sameAs":["https:\/\/www.facebook.com\/qtmm.info\/"]},{"@type":"Person","@id":"https:\/\/qtmm.org\/qt\/#\/schema\/person\/de562469f971dec226ac06e60bbf74a7","name":"Developer","image":{"@type":"ImageObject","inLanguage":"qt","@id":"https:\/\/secure.gravatar.com\/avatar\/392b4cc8fbfeb00b39dfeeab4ee6edded39ffd48e25858637e4765810300227e?s=96&d=mm&r=g","url":"https:\/\/secure.gravatar.com\/avatar\/392b4cc8fbfeb00b39dfeeab4ee6edded39ffd48e25858637e4765810300227e?s=96&d=mm&r=g","contentUrl":"https:\/\/secure.gravatar.com\/avatar\/392b4cc8fbfeb00b39dfeeab4ee6edded39ffd48e25858637e4765810300227e?s=96&d=mm&r=g","caption":"Developer"},"url":"https:\/\/qtmm.org\/qt\/author\/Developer\/"}]}},"_links":{"self":[{"href":"https:\/\/qtmm.org\/qt\/wp-json\/wp\/v2\/posts\/27536","targetHints":{"allow":["GET"]}}],"collection":[{"href":"https:\/\/qtmm.org\/qt\/wp-json\/wp\/v2\/posts"}],"about":[{"href":"https:\/\/qtmm.org\/qt\/wp-json\/wp\/v2\/types\/post"}],"author":[{"embeddable":true,"href":"https:\/\/qtmm.org\/qt\/wp-json\/wp\/v2\/users\/1"}],"replies":[{"embeddable":true,"href":"https:\/\/qtmm.org\/qt\/wp-json\/wp\/v2\/comments?post=27536"}],"version-history":[{"count":1,"href":"https:\/\/qtmm.org\/qt\/wp-json\/wp\/v2\/posts\/27536\/revisions"}],"predecessor-version":[{"id":27552,"href":"https:\/\/qtmm.org\/qt\/wp-json\/wp\/v2\/posts\/27536\/revisions\/27552"}],"wp:featuredmedia":[{"embeddable":true,"href":"https:\/\/qtmm.org\/qt\/wp-json\/wp\/v2\/media\/27538"}],"wp:attachment":[{"href":"https:\/\/qtmm.org\/qt\/wp-json\/wp\/v2\/media?parent=27536"}],"wp:term":[{"taxonomy":"category","embeddable":true,"href":"https:\/\/qtmm.org\/qt\/wp-json\/wp\/v2\/categories?post=27536"},{"taxonomy":"post_tag","embeddable":true,"href":"https:\/\/qtmm.org\/qt\/wp-json\/wp\/v2\/tags?post=27536"}],"curies":[{"name":"wp","href":"https:\/\/api.w.org\/{rel}","templated":true}]}}