




{"id":27467,"date":"2011-12-10T22:40:00","date_gmt":"2011-12-10T19:40:00","guid":{"rendered":"http:\/\/qtmm.org\/?p=27467"},"modified":"2022-01-19T22:41:35","modified_gmt":"2022-01-19T19:41:35","slug":"halqara-insan-uquqlari-kunune-bagislangan-butunqirim-mitinginin-qarari","status":"publish","type":"post","link":"https:\/\/qtmm.org\/qt\/halqara-insan-uquqlari-kunune-bagislangan-butunqirim-mitinginin-qarari\/","title":{"rendered":"Halqara insan uquqlar\u0131 k\u00fcn\u00fcne ba\u011f\u0131\u015flan\u011fan B\u00fct\u00fcnq\u0131r\u0131m mitingini\u00f1 qarar\u0131"},"content":{"rendered":"\n<p>2011 senesi dekabr 10 &nbsp; &nbsp; &nbsp; &nbsp; &nbsp; &nbsp; &nbsp; &nbsp; &nbsp; &nbsp; &nbsp; &nbsp; &nbsp; &nbsp; &nbsp; &nbsp; &nbsp; &nbsp; &nbsp; &nbsp; &nbsp; &nbsp; &nbsp; &nbsp; &nbsp; &nbsp; &nbsp; &nbsp; &nbsp; &nbsp; &nbsp; &nbsp; &nbsp; &nbsp; &nbsp; &nbsp; &nbsp; &nbsp; &nbsp; &nbsp; &nbsp; &nbsp; &nbsp; &nbsp; &nbsp; &nbsp; &nbsp; &nbsp; &nbsp; &nbsp; &nbsp; &nbsp; &nbsp; Aqmescit<\/p>\n\n\n\n<p class=\"has-text-align-center\"><strong>T\u0130LDE, F\u0130K\u0130RDE, \u0130\u015eTE \u2013 B\u0130RL\u0130K!<\/strong><\/p>\n\n\n\n<p>\u0130nsan uquqlar\u0131 ve serbestligi em de halqlarn\u0131\u00f1 \u00f6z-\u00f6z\u00fcni belgilev aqq\u0131 halqara uquqn\u0131\u00f1 Birle\u015fken Milletler Te\u015fkil\u00e2t\u0131n\u0131\u00f1 Nizamnamesinde pekitilgen esas printsipleri b\u00fct\u00fcn devletler i\u00e7\u00fcn mecburiydir.<\/p>\n\n\n\n<p>1954 senesi Birle\u015fken Milletler Komiteti Nizamnamesi, so\u00f1ra Umumiy insan uquqlar\u0131 deklaratsiyas\u0131, Grajdanl\u0131q ve siyasiy uquqlar aqq\u0131nda halqara pakt, \u0130qtisadiy, sotsial ve medeniy aqlar aqq\u0131nda halqara paktlar qabul etilgen so\u00f1 devirde insaniyet inki\u015faf\u0131 \u015fundan del\u00e2let bere ki, bu printsiplerge riayet etmegen devletler \u00f6z vatanda\u015flar\u0131 ve cemiyetlerini\u00f1 inki\u015faf\u0131 i\u00e7\u00fcn normal ve adaletli \u015faraitlerni teminlep olamaz.<\/p>\n\n\n\n<p>Biz, Aqmescitte dekabr 10 k\u00fcn\u00fc ke\u00e7irilmekte ol\u011fan B\u00fct\u00fcnq\u0131r\u0131m mitingini\u00f1 i\u015ftirak\u00e7ileri, mustaqil ve demokratik Ukraina devleti qurulmas\u0131n\u0131\u00f1, on\u0131\u00f1 Avropa Birligine kirmek maqsadlar\u0131na uy\u011fan\u0131m\u0131z alda beyan etemiz ki, Ukrainada insan uquqlar\u0131 temin etilmemesi, on y\u0131llarnen s\u00fcrg\u00fcnlikten so\u00f1ra \u00f6z Vatan\u0131na qaytmaqta ol\u011fan q\u0131r\u0131mtatar halq\u0131 uquqlar\u0131n\u0131\u00f1 \u011fayr\u0131dan tiklenilmemesi Ukrainada epsi grajdanlar\u0131n\u0131\u00f1 musaviyligi, adalet ve munasip ya\u015fay\u0131\u015fn\u0131 teminleyebilecek grajdan cemiyetini\u00f1 \u015fekillenmesine mania olur.<\/p>\n\n\n\n<p>Ayn\u0131 zamanda Avropa Ke\u00f1e\u015fi, Avropa Birligi, \u00d6BSE, Birle\u015fken Milletler Komitetini\u00f1 vazifedar \u015fah\u0131slar\u0131na, bun\u0131\u00f1 kibi de Ukrainada akkreditatsiya etilgen diplomatik missiya yetek\u00e7ilerine Ukrainada q\u0131r\u0131mtatarlarn\u0131\u00f1 hususiy ve umumiy aqlar\u0131n\u0131\u00f1 teminat\u0131 i\u00e7\u00fcn uquqiy \u015farait olma\u011fan\u0131nen belgilengende q\u0131r\u0131mtatar halq\u0131n\u0131\u00f1 vaziyetine diqqat ay\u0131r\u011fanlar\u0131 i\u00e7\u00fcn te\u015fekk\u00fcr bildirerek, Ukraina Prezidenti, Ukraina Yuqar\u0131 \u015euras\u0131, siyasiy partiya ve cemaat te\u015fkil\u00e2tlar\u0131n\u0131 Q\u0131r\u0131mtatar halq\u0131n\u0131\u00f1 \u00f6z vatan\u0131nda aqlar\u0131n\u0131 \u011fayr\u0131dan tiklev, on\u0131\u00f1 Ukrainada inki\u015faf\u0131 ve tel\u00fckesizligini teminlev boyunca halqara forum ke\u00e7ir\u00fcv te\u015febb\u00fcsine qoltutmalar\u0131na \u00e7a\u011f\u0131ram\u0131z.<\/p>\n\n\n\n<p>Q\u0131r\u0131mtatar halq\u0131n\u0131\u00f1 \u00f6z vatan\u0131nda aqlar\u0131n\u0131 \u011fayr\u0131dan tiklev, on\u0131\u00f1 Ukrainada inki\u015faf\u0131 ve tel\u00fckesizligini teminlev boyunca halqara forumn\u0131\u00f1 Avropa ve halqara te\u015fkil\u00e2tlarn\u0131\u00f1 imayesi alt\u0131nda ke\u00e7irilmesini\u00f1 m\u00fcimligi a\u015fa\u011f\u0131daki maddelernen belgilene:<\/p>\n\n\n\n<p>&#8211; SSSR kommunist rejimi taraf\u0131ndan 1944 senesi may\u0131s 18-de q\u0131r\u0131mtatar halq\u0131 s\u00fcrg\u00fcnligini\u00f1 ve on y\u0131llarnen s\u00fcrg\u00fcnlik yerlerinde tutul\u011fan\u0131n\u0131\u00f1 aqibetlerini yoq et\u00fcv zarurl\u0131\u011f\u0131<\/p>\n\n\n\n<p>&#8211; Ukrain devletine Q\u0131r\u0131mtatar halq\u0131n\u0131\u00f1 siyasiy, iqtisadiy, sotsial ve medeniyet aqlar\u0131n\u0131\u00f1 \u011fayr\u0131dan tiklemesine, bun\u0131\u00f1 kibi de on\u0131\u00f1 \u00f6z Vatan\u0131nda yerle\u015fmesini temin etken qanunlarn\u0131\u00f1 qabul etmesine er tarafl\u0131 yard\u0131m k\u00f6stermek zarurl\u0131\u011f\u0131<\/p>\n\n\n\n<p>&#8211; insan uquq\u0131 ve q\u0131r\u0131mtatar halq\u0131n\u0131\u00f1 aqlar\u0131 \u011fayr\u0131dan tiklenilmesi ve halqara insan ve halq uquqlar\u0131 aqq\u0131nda aktlar\u0131nda pekitilgeni kibi riayet etilmesinde demokratik ve mustaqil Ukraina\u011fa yard\u0131m bermek zarurl\u0131\u011f\u0131.<\/p>\n\n\n\n<p>Biz, B\u00fct\u00fcnq\u0131r\u0131m mitingini\u00f1 i\u015ftirak\u00e7ileri, q\u0131r\u0131mtatar halq\u0131n\u0131\u00f1 Q\u0131r\u0131mtatar halq\u0131n\u0131\u00f1 birdemligi ve maneviy birligini pekitmek, q\u0131r\u0131mtatar halq\u0131n\u0131\u00f1 saylanma organlar\u0131 ol\u011fan Q\u0131r\u0131mtatar halq\u0131 Qurultay\u0131, Milliy Meclisi, regional ve yerli meclislerni inki\u015faf ettirmek ve pekitmek i\u00e7\u00fcn biz b\u00fct\u00fcn \u00e7are-tedbirlerni k\u00f6rermiz.<\/p>\n\n\n\n<p>Biz q\u0131r\u0131mtatar halq\u0131n\u0131\u00f1 ulu evl\u00e2d\u0131 \u0130smail Gasprinskiyni\u00f1 &#8220;Tilde, fikirde, i\u015fte \u2013 birlik!&#8221; s\u00f6zleri Q\u0131r\u0131mn\u0131\u00f1 milleti ve diniy mens\u00fcpliginden qatiy nazar b\u00fct\u00fcn sakinleri i\u00e7\u00fcn Q\u0131r\u0131m ve on\u0131\u00f1 kelecegi o\u011frunda birle\u015ftirici davet olaca\u011f\u0131na eminmiz.<\/p>\n\n\n\n<p class=\"has-text-align-right\"><strong><em>Halqara insan uquqlar\u0131 k\u00fcn\u00fcne ba\u011f\u0131\u015flan\u011fan B\u00fct\u00fcnq\u0131r\u0131m mitinginde qabul etildi.<\/em><\/strong><\/p>\n\n\n\n<p class=\"has-text-align-right\"><strong><em>Miting i\u015ftirak\u00e7ilerini\u00f1 say\u0131s\u0131 5000-den ziyade insann\u0131 te\u015fkil etti.<\/em><\/strong><\/p>\n\n\n\n<p class=\"has-text-align-right\"><strong><em>2011 senesi dekabr 10, Aqmescit \u015f.<\/em><\/strong><\/p>\n","protected":false},"excerpt":{"rendered":"<p>2011 senesi dekabr 10 &nbsp; &nbsp; &nbsp; &nbsp; &nbsp; &nbsp; &nbsp; &nbsp; &nbsp; &nbsp; &nbsp; &nbsp; &nbsp; &nbsp; &nbsp; &nbsp; &nbsp; &nbsp; &nbsp; &nbsp; &nbsp; &nbsp; &nbsp; &nbsp; &nbsp; &nbsp; &nbsp; &nbsp; &nbsp; &nbsp; &nbsp; &nbsp; &nbsp; &nbsp; &nbsp; &nbsp; &nbsp; &nbsp; &nbsp; &nbsp; &nbsp; &nbsp; &nbsp; &nbsp; &nbsp; &nbsp; &nbsp; &nbsp; &nbsp; &nbsp; &nbsp; [&hellip;]<\/p>\n","protected":false},"author":1,"featured_media":0,"comment_status":"open","ping_status":"open","sticky":false,"template":"","format":"standard","meta":{"inline_featured_image":false,"footnotes":""},"categories":[265],"tags":[],"class_list":["post-27467","post","type-post","status-publish","format-standard","hentry","category-haberler"],"acf":[],"yoast_head":"<!-- This site is optimized with the Yoast SEO plugin v27.4 - https:\/\/yoast.com\/product\/yoast-seo-wordpress\/ -->\n<title>Halqara insan uquqlar\u0131 k\u00fcn\u00fcne ba\u011f\u0131\u015flan\u011fan B\u00fct\u00fcnq\u0131r\u0131m mitingini\u00f1 qarar\u0131 - \u041c\u0435\u0434\u0436\u043b\u0456\u0441<\/title>\n<meta name=\"robots\" content=\"index, follow, max-snippet:-1, max-image-preview:large, max-video-preview:-1\" \/>\n<link rel=\"canonical\" href=\"https:\/\/qtmm.org\/qt\/halqara-insan-uquqlari-kunune-bagislangan-butunqirim-mitinginin-qarari\/\" \/>\n<meta property=\"og:locale\" content=\"en_US\" \/>\n<meta property=\"og:type\" content=\"article\" \/>\n<meta property=\"og:title\" content=\"Halqara insan uquqlar\u0131 k\u00fcn\u00fcne ba\u011f\u0131\u015flan\u011fan B\u00fct\u00fcnq\u0131r\u0131m mitingini\u00f1 qarar\u0131 - \u041c\u0435\u0434\u0436\u043b\u0456\u0441\" \/>\n<meta property=\"og:description\" content=\"2011 senesi dekabr 10 &nbsp; &nbsp; &nbsp; &nbsp; &nbsp; &nbsp; &nbsp; &nbsp; &nbsp; &nbsp; &nbsp; &nbsp; &nbsp; &nbsp; &nbsp; &nbsp; &nbsp; &nbsp; &nbsp; &nbsp; &nbsp; &nbsp; &nbsp; &nbsp; &nbsp; &nbsp; &nbsp; &nbsp; &nbsp; &nbsp; &nbsp; &nbsp; &nbsp; &nbsp; &nbsp; &nbsp; &nbsp; &nbsp; &nbsp; &nbsp; &nbsp; &nbsp; &nbsp; &nbsp; &nbsp; &nbsp; &nbsp; &nbsp; &nbsp; &nbsp; &nbsp; [&hellip;]\" \/>\n<meta property=\"og:url\" content=\"https:\/\/qtmm.org\/qt\/halqara-insan-uquqlari-kunune-bagislangan-butunqirim-mitinginin-qarari\/\" \/>\n<meta property=\"og:site_name\" content=\"\u041c\u0435\u0434\u0436\u043b\u0456\u0441\" \/>\n<meta property=\"article:publisher\" content=\"https:\/\/www.facebook.com\/qtmm.info\/\" \/>\n<meta property=\"article:published_time\" content=\"2011-12-10T19:40:00+00:00\" \/>\n<meta property=\"article:modified_time\" content=\"2022-01-19T19:41:35+00:00\" \/>\n<meta name=\"author\" content=\"Developer\" \/>\n<meta name=\"twitter:card\" content=\"summary_large_image\" \/>\n<meta name=\"twitter:label1\" content=\"Written by\" \/>\n\t<meta name=\"twitter:data1\" content=\"Developer\" \/>\n\t<meta name=\"twitter:label2\" content=\"Est. reading time\" \/>\n\t<meta name=\"twitter:data2\" content=\"3 minutes\" \/>\n<script type=\"application\/ld+json\" class=\"yoast-schema-graph\">{\"@context\":\"https:\\\/\\\/schema.org\",\"@graph\":[{\"@type\":\"Article\",\"@id\":\"https:\\\/\\\/qtmm.org\\\/qt\\\/halqara-insan-uquqlari-kunune-bagislangan-butunqirim-mitinginin-qarari\\\/#article\",\"isPartOf\":{\"@id\":\"https:\\\/\\\/qtmm.org\\\/qt\\\/halqara-insan-uquqlari-kunune-bagislangan-butunqirim-mitinginin-qarari\\\/\"},\"author\":{\"name\":\"Developer\",\"@id\":\"https:\\\/\\\/qtmm.org\\\/qt\\\/#\\\/schema\\\/person\\\/de562469f971dec226ac06e60bbf74a7\"},\"headline\":\"Halqara insan uquqlar\u0131 k\u00fcn\u00fcne ba\u011f\u0131\u015flan\u011fan B\u00fct\u00fcnq\u0131r\u0131m mitingini\u00f1 qarar\u0131\",\"datePublished\":\"2011-12-10T19:40:00+00:00\",\"dateModified\":\"2022-01-19T19:41:35+00:00\",\"mainEntityOfPage\":{\"@id\":\"https:\\\/\\\/qtmm.org\\\/qt\\\/halqara-insan-uquqlari-kunune-bagislangan-butunqirim-mitinginin-qarari\\\/\"},\"wordCount\":657,\"commentCount\":0,\"publisher\":{\"@id\":\"https:\\\/\\\/qtmm.org\\\/qt\\\/#organization\"},\"articleSection\":[\"Haberler\"],\"inLanguage\":\"qt\",\"potentialAction\":[{\"@type\":\"CommentAction\",\"name\":\"Comment\",\"target\":[\"https:\\\/\\\/qtmm.org\\\/qt\\\/halqara-insan-uquqlari-kunune-bagislangan-butunqirim-mitinginin-qarari\\\/#respond\"]}]},{\"@type\":\"WebPage\",\"@id\":\"https:\\\/\\\/qtmm.org\\\/qt\\\/halqara-insan-uquqlari-kunune-bagislangan-butunqirim-mitinginin-qarari\\\/\",\"url\":\"https:\\\/\\\/qtmm.org\\\/qt\\\/halqara-insan-uquqlari-kunune-bagislangan-butunqirim-mitinginin-qarari\\\/\",\"name\":\"Halqara insan uquqlar\u0131 k\u00fcn\u00fcne ba\u011f\u0131\u015flan\u011fan B\u00fct\u00fcnq\u0131r\u0131m mitingini\u00f1 qarar\u0131 - \u041c\u0435\u0434\u0436\u043b\u0456\u0441\",\"isPartOf\":{\"@id\":\"https:\\\/\\\/qtmm.org\\\/qt\\\/#website\"},\"datePublished\":\"2011-12-10T19:40:00+00:00\",\"dateModified\":\"2022-01-19T19:41:35+00:00\",\"breadcrumb\":{\"@id\":\"https:\\\/\\\/qtmm.org\\\/qt\\\/halqara-insan-uquqlari-kunune-bagislangan-butunqirim-mitinginin-qarari\\\/#breadcrumb\"},\"inLanguage\":\"qt\",\"potentialAction\":[{\"@type\":\"ReadAction\",\"target\":[\"https:\\\/\\\/qtmm.org\\\/qt\\\/halqara-insan-uquqlari-kunune-bagislangan-butunqirim-mitinginin-qarari\\\/\"]}]},{\"@type\":\"BreadcrumbList\",\"@id\":\"https:\\\/\\\/qtmm.org\\\/qt\\\/halqara-insan-uquqlari-kunune-bagislangan-butunqirim-mitinginin-qarari\\\/#breadcrumb\",\"itemListElement\":[{\"@type\":\"ListItem\",\"position\":1,\"name\":\"\u0413\u043e\u043b\u043e\u0432\u043d\u0430\",\"item\":\"https:\\\/\\\/qtmm.org\\\/qt\\\/\"},{\"@type\":\"ListItem\",\"position\":2,\"name\":\"Halqara insan uquqlar\u0131 k\u00fcn\u00fcne ba\u011f\u0131\u015flan\u011fan B\u00fct\u00fcnq\u0131r\u0131m mitingini\u00f1 qarar\u0131\"}]},{\"@type\":\"WebSite\",\"@id\":\"https:\\\/\\\/qtmm.org\\\/qt\\\/#website\",\"url\":\"https:\\\/\\\/qtmm.org\\\/qt\\\/\",\"name\":\"\u041c\u0435\u0434\u0436\u043b\u0456\u0441\",\"description\":\"\",\"publisher\":{\"@id\":\"https:\\\/\\\/qtmm.org\\\/qt\\\/#organization\"},\"potentialAction\":[{\"@type\":\"SearchAction\",\"target\":{\"@type\":\"EntryPoint\",\"urlTemplate\":\"https:\\\/\\\/qtmm.org\\\/qt\\\/?s={search_term_string}\"},\"query-input\":{\"@type\":\"PropertyValueSpecification\",\"valueRequired\":true,\"valueName\":\"search_term_string\"}}],\"inLanguage\":\"qt\"},{\"@type\":\"Organization\",\"@id\":\"https:\\\/\\\/qtmm.org\\\/qt\\\/#organization\",\"name\":\"\u041c\u0435\u0434\u0436\u043b\u0456\u0441\",\"url\":\"https:\\\/\\\/qtmm.org\\\/qt\\\/\",\"logo\":{\"@type\":\"ImageObject\",\"inLanguage\":\"qt\",\"@id\":\"https:\\\/\\\/qtmm.org\\\/qt\\\/#\\\/schema\\\/logo\\\/image\\\/\",\"url\":\"https:\\\/\\\/qtmm.org\\\/wp-content\\\/uploads\\\/2024\\\/12\\\/ua-mejlis-logo-rgb.svg\",\"contentUrl\":\"https:\\\/\\\/qtmm.org\\\/wp-content\\\/uploads\\\/2024\\\/12\\\/ua-mejlis-logo-rgb.svg\",\"caption\":\"\u041c\u0435\u0434\u0436\u043b\u0456\u0441\"},\"image\":{\"@id\":\"https:\\\/\\\/qtmm.org\\\/qt\\\/#\\\/schema\\\/logo\\\/image\\\/\"},\"sameAs\":[\"https:\\\/\\\/www.facebook.com\\\/qtmm.info\\\/\"]},{\"@type\":\"Person\",\"@id\":\"https:\\\/\\\/qtmm.org\\\/qt\\\/#\\\/schema\\\/person\\\/de562469f971dec226ac06e60bbf74a7\",\"name\":\"Developer\",\"image\":{\"@type\":\"ImageObject\",\"inLanguage\":\"qt\",\"@id\":\"https:\\\/\\\/secure.gravatar.com\\\/avatar\\\/392b4cc8fbfeb00b39dfeeab4ee6edded39ffd48e25858637e4765810300227e?s=96&d=mm&r=g\",\"url\":\"https:\\\/\\\/secure.gravatar.com\\\/avatar\\\/392b4cc8fbfeb00b39dfeeab4ee6edded39ffd48e25858637e4765810300227e?s=96&d=mm&r=g\",\"contentUrl\":\"https:\\\/\\\/secure.gravatar.com\\\/avatar\\\/392b4cc8fbfeb00b39dfeeab4ee6edded39ffd48e25858637e4765810300227e?s=96&d=mm&r=g\",\"caption\":\"Developer\"},\"url\":\"https:\\\/\\\/qtmm.org\\\/qt\\\/author\\\/Developer\\\/\"}]}<\/script>\n<!-- \/ Yoast SEO plugin. -->","yoast_head_json":{"title":"Halqara insan uquqlar\u0131 k\u00fcn\u00fcne ba\u011f\u0131\u015flan\u011fan B\u00fct\u00fcnq\u0131r\u0131m mitingini\u00f1 qarar\u0131 - \u041c\u0435\u0434\u0436\u043b\u0456\u0441","robots":{"index":"index","follow":"follow","max-snippet":"max-snippet:-1","max-image-preview":"max-image-preview:large","max-video-preview":"max-video-preview:-1"},"canonical":"https:\/\/qtmm.org\/qt\/halqara-insan-uquqlari-kunune-bagislangan-butunqirim-mitinginin-qarari\/","og_locale":"en_US","og_type":"article","og_title":"Halqara insan uquqlar\u0131 k\u00fcn\u00fcne ba\u011f\u0131\u015flan\u011fan B\u00fct\u00fcnq\u0131r\u0131m mitingini\u00f1 qarar\u0131 - \u041c\u0435\u0434\u0436\u043b\u0456\u0441","og_description":"2011 senesi dekabr 10 &nbsp; &nbsp; &nbsp; &nbsp; &nbsp; &nbsp; &nbsp; &nbsp; &nbsp; &nbsp; &nbsp; &nbsp; &nbsp; &nbsp; &nbsp; &nbsp; &nbsp; &nbsp; &nbsp; &nbsp; &nbsp; &nbsp; &nbsp; &nbsp; &nbsp; &nbsp; &nbsp; &nbsp; &nbsp; &nbsp; &nbsp; &nbsp; &nbsp; &nbsp; &nbsp; &nbsp; &nbsp; &nbsp; &nbsp; &nbsp; &nbsp; &nbsp; &nbsp; &nbsp; &nbsp; &nbsp; &nbsp; &nbsp; &nbsp; &nbsp; &nbsp; [&hellip;]","og_url":"https:\/\/qtmm.org\/qt\/halqara-insan-uquqlari-kunune-bagislangan-butunqirim-mitinginin-qarari\/","og_site_name":"\u041c\u0435\u0434\u0436\u043b\u0456\u0441","article_publisher":"https:\/\/www.facebook.com\/qtmm.info\/","article_published_time":"2011-12-10T19:40:00+00:00","article_modified_time":"2022-01-19T19:41:35+00:00","author":"Developer","twitter_card":"summary_large_image","twitter_misc":{"Written by":"Developer","Est. reading time":"3 minutes"},"schema":{"@context":"https:\/\/schema.org","@graph":[{"@type":"Article","@id":"https:\/\/qtmm.org\/qt\/halqara-insan-uquqlari-kunune-bagislangan-butunqirim-mitinginin-qarari\/#article","isPartOf":{"@id":"https:\/\/qtmm.org\/qt\/halqara-insan-uquqlari-kunune-bagislangan-butunqirim-mitinginin-qarari\/"},"author":{"name":"Developer","@id":"https:\/\/qtmm.org\/qt\/#\/schema\/person\/de562469f971dec226ac06e60bbf74a7"},"headline":"Halqara insan uquqlar\u0131 k\u00fcn\u00fcne ba\u011f\u0131\u015flan\u011fan B\u00fct\u00fcnq\u0131r\u0131m mitingini\u00f1 qarar\u0131","datePublished":"2011-12-10T19:40:00+00:00","dateModified":"2022-01-19T19:41:35+00:00","mainEntityOfPage":{"@id":"https:\/\/qtmm.org\/qt\/halqara-insan-uquqlari-kunune-bagislangan-butunqirim-mitinginin-qarari\/"},"wordCount":657,"commentCount":0,"publisher":{"@id":"https:\/\/qtmm.org\/qt\/#organization"},"articleSection":["Haberler"],"inLanguage":"qt","potentialAction":[{"@type":"CommentAction","name":"Comment","target":["https:\/\/qtmm.org\/qt\/halqara-insan-uquqlari-kunune-bagislangan-butunqirim-mitinginin-qarari\/#respond"]}]},{"@type":"WebPage","@id":"https:\/\/qtmm.org\/qt\/halqara-insan-uquqlari-kunune-bagislangan-butunqirim-mitinginin-qarari\/","url":"https:\/\/qtmm.org\/qt\/halqara-insan-uquqlari-kunune-bagislangan-butunqirim-mitinginin-qarari\/","name":"Halqara insan uquqlar\u0131 k\u00fcn\u00fcne ba\u011f\u0131\u015flan\u011fan B\u00fct\u00fcnq\u0131r\u0131m mitingini\u00f1 qarar\u0131 - \u041c\u0435\u0434\u0436\u043b\u0456\u0441","isPartOf":{"@id":"https:\/\/qtmm.org\/qt\/#website"},"datePublished":"2011-12-10T19:40:00+00:00","dateModified":"2022-01-19T19:41:35+00:00","breadcrumb":{"@id":"https:\/\/qtmm.org\/qt\/halqara-insan-uquqlari-kunune-bagislangan-butunqirim-mitinginin-qarari\/#breadcrumb"},"inLanguage":"qt","potentialAction":[{"@type":"ReadAction","target":["https:\/\/qtmm.org\/qt\/halqara-insan-uquqlari-kunune-bagislangan-butunqirim-mitinginin-qarari\/"]}]},{"@type":"BreadcrumbList","@id":"https:\/\/qtmm.org\/qt\/halqara-insan-uquqlari-kunune-bagislangan-butunqirim-mitinginin-qarari\/#breadcrumb","itemListElement":[{"@type":"ListItem","position":1,"name":"\u0413\u043e\u043b\u043e\u0432\u043d\u0430","item":"https:\/\/qtmm.org\/qt\/"},{"@type":"ListItem","position":2,"name":"Halqara insan uquqlar\u0131 k\u00fcn\u00fcne ba\u011f\u0131\u015flan\u011fan B\u00fct\u00fcnq\u0131r\u0131m mitingini\u00f1 qarar\u0131"}]},{"@type":"WebSite","@id":"https:\/\/qtmm.org\/qt\/#website","url":"https:\/\/qtmm.org\/qt\/","name":"\u041c\u0435\u0434\u0436\u043b\u0456\u0441","description":"","publisher":{"@id":"https:\/\/qtmm.org\/qt\/#organization"},"potentialAction":[{"@type":"SearchAction","target":{"@type":"EntryPoint","urlTemplate":"https:\/\/qtmm.org\/qt\/?s={search_term_string}"},"query-input":{"@type":"PropertyValueSpecification","valueRequired":true,"valueName":"search_term_string"}}],"inLanguage":"qt"},{"@type":"Organization","@id":"https:\/\/qtmm.org\/qt\/#organization","name":"\u041c\u0435\u0434\u0436\u043b\u0456\u0441","url":"https:\/\/qtmm.org\/qt\/","logo":{"@type":"ImageObject","inLanguage":"qt","@id":"https:\/\/qtmm.org\/qt\/#\/schema\/logo\/image\/","url":"https:\/\/qtmm.org\/wp-content\/uploads\/2024\/12\/ua-mejlis-logo-rgb.svg","contentUrl":"https:\/\/qtmm.org\/wp-content\/uploads\/2024\/12\/ua-mejlis-logo-rgb.svg","caption":"\u041c\u0435\u0434\u0436\u043b\u0456\u0441"},"image":{"@id":"https:\/\/qtmm.org\/qt\/#\/schema\/logo\/image\/"},"sameAs":["https:\/\/www.facebook.com\/qtmm.info\/"]},{"@type":"Person","@id":"https:\/\/qtmm.org\/qt\/#\/schema\/person\/de562469f971dec226ac06e60bbf74a7","name":"Developer","image":{"@type":"ImageObject","inLanguage":"qt","@id":"https:\/\/secure.gravatar.com\/avatar\/392b4cc8fbfeb00b39dfeeab4ee6edded39ffd48e25858637e4765810300227e?s=96&d=mm&r=g","url":"https:\/\/secure.gravatar.com\/avatar\/392b4cc8fbfeb00b39dfeeab4ee6edded39ffd48e25858637e4765810300227e?s=96&d=mm&r=g","contentUrl":"https:\/\/secure.gravatar.com\/avatar\/392b4cc8fbfeb00b39dfeeab4ee6edded39ffd48e25858637e4765810300227e?s=96&d=mm&r=g","caption":"Developer"},"url":"https:\/\/qtmm.org\/qt\/author\/Developer\/"}]}},"_links":{"self":[{"href":"https:\/\/qtmm.org\/qt\/wp-json\/wp\/v2\/posts\/27467","targetHints":{"allow":["GET"]}}],"collection":[{"href":"https:\/\/qtmm.org\/qt\/wp-json\/wp\/v2\/posts"}],"about":[{"href":"https:\/\/qtmm.org\/qt\/wp-json\/wp\/v2\/types\/post"}],"author":[{"embeddable":true,"href":"https:\/\/qtmm.org\/qt\/wp-json\/wp\/v2\/users\/1"}],"replies":[{"embeddable":true,"href":"https:\/\/qtmm.org\/qt\/wp-json\/wp\/v2\/comments?post=27467"}],"version-history":[{"count":1,"href":"https:\/\/qtmm.org\/qt\/wp-json\/wp\/v2\/posts\/27467\/revisions"}],"predecessor-version":[{"id":27469,"href":"https:\/\/qtmm.org\/qt\/wp-json\/wp\/v2\/posts\/27467\/revisions\/27469"}],"wp:attachment":[{"href":"https:\/\/qtmm.org\/qt\/wp-json\/wp\/v2\/media?parent=27467"}],"wp:term":[{"taxonomy":"category","embeddable":true,"href":"https:\/\/qtmm.org\/qt\/wp-json\/wp\/v2\/categories?post=27467"},{"taxonomy":"post_tag","embeddable":true,"href":"https:\/\/qtmm.org\/qt\/wp-json\/wp\/v2\/tags?post=27467"}],"curies":[{"name":"wp","href":"https:\/\/api.w.org\/{rel}","templated":true}]}}