




{"id":27460,"date":"2011-12-08T22:40:00","date_gmt":"2011-12-08T19:40:00","guid":{"rendered":"http:\/\/qtmm.org\/?p=27460"},"modified":"2022-01-19T22:40:30","modified_gmt":"2022-01-19T19:40:30","slug":"meclis-reisi-m-cemilev-turkiye-cumhuriyetinin-ukrainadaki-yani-elcisinen-korusti","status":"publish","type":"post","link":"https:\/\/qtmm.org\/qt\/meclis-reisi-m-cemilev-turkiye-cumhuriyetinin-ukrainadaki-yani-elcisinen-korusti\/","title":{"rendered":"Meclis reisi M.Cemilev T\u00fcrkiye Cumhuriyetini\u00f1 Ukrainadaki ya\u00f1\u0131 el\u00e7isinen k\u00f6r\u00fc\u015fti"},"content":{"rendered":"\n<p>Q\u0131r\u0131mtatar halq\u0131 Meclisini\u00f1 reisi, Ukraina halq deputat\u0131 M.Cemilev 8 dekabr k\u00fcn\u00fc Kiyevde T\u00fcrkiye Cumhuriyetini\u00f1 Ukrainadaki ya\u00f1\u0131 el\u00e7isi Mehmat Samsar ile k\u00f6r\u00fc\u015fip, Q\u0131r\u0131mdaki vaziyetni, q\u0131r\u0131mtatarlarn\u0131\u00f1 esas problemleri.<\/p>\n\n\n\n<p>Meclisni\u00f1 muhtariyattaki ya\u00f1\u0131 \u00fck\u00fcmet yolba\u015f\u00e7\u0131s\u0131nen munasebetleri, Ukraina Prezidenti Viktor Yanukovi\u00e7ni\u00f1 T\u00fcrkiyege resmiy ziyaretini muzakere ettiler.<\/p>\n\n\n\n<p>Bundan da \u011fayr\u0131 Meclis reisi M.Cemilev ve T\u00fcrkiye Cumhuriyetini\u00f1 Ukrainadaki ya\u00f1\u0131 el\u00e7isi M. Samsar a\u011f\u0131mdaki y\u0131ln\u0131\u00f1 yanvar ay\u0131nda Meclis reisini\u00f1 T\u00fcrkiye ba\u015f naziri R.T. Erdo\u011fan ile k\u00f6r\u00fc\u015f\u00fcvinde baq\u0131l\u011fan meselelerge de diqqat ay\u0131rd\u0131lar.<\/p>\n\n\n\n<p>Mustafa Cemilev hat\u0131rlatt\u0131 ki, Tr\u00fckiye \u00fck\u00fcmetini\u00f1 ba\u015f\u0131 ile qonu\u015fuv devam\u0131nda T\u00fcrkiye taraf\u0131ndan q\u0131r\u0131mtatarlarn\u0131\u00f1 baz\u0131 sotsial problemlerini\u00f1 \u00e7ezimine, \u015fu c\u00fcmleden Q\u0131r\u0131mda mektep, mesken evler, medeniy merkez ve diger obyektlerni\u00f1 quruc\u0131l\u0131\u011f\u0131na yard\u0131m et\u00fcv boyunca evelden muzakere olun\u011fan programmalarn\u0131\u00f1 ker\u00e7ekle\u015ftirmek istiqballeri aqq\u0131nda s\u00f6z y\u00fcrsetilgen edi.<\/p>\n\n\n\n<p>T\u00fcrkiye el\u00e7isi Ukraina Prezidenti Viktor Yanukovi\u00e7ni\u00f1 T\u00fcrkiyege resmiy ziyaretini\u00f1 neticelerine yek\u00fcn \u00e7ekildikten so\u00f1ra Q\u0131r\u0131mn\u0131 ziyaret etmek niyeti aqq\u0131nda bildirdi.<\/p>\n\n\n\n<p>K\u00f6r\u00fc\u015f\u00fcvde Meclis reisini\u00f1 yard\u0131mc\u0131lar\u0131 Aleksey Skorik ve Aslan \u00dcmerov, bun\u0131\u00f1 kibi de T\u00fcrkiye Cumhuriyetini\u00f1 Ukrainadaki el\u00e7ilikni\u00f1 k\u00e2tibi Berk Ege i\u015ftirak ettiler.<\/p>\n","protected":false},"excerpt":{"rendered":"<p>Q\u0131r\u0131mtatar halq\u0131 Meclisini\u00f1 reisi, Ukraina halq deputat\u0131 M.Cemilev 8 dekabr k\u00fcn\u00fc Kiyevde T\u00fcrkiye Cumhuriyetini\u00f1 Ukrainadaki ya\u00f1\u0131 el\u00e7isi Mehmat Samsar ile k\u00f6r\u00fc\u015fip, Q\u0131r\u0131mdaki vaziyetni, q\u0131r\u0131mtatarlarn\u0131\u00f1 esas problemleri. Meclisni\u00f1 muhtariyattaki ya\u00f1\u0131 \u00fck\u00fcmet yolba\u015f\u00e7\u0131s\u0131nen munasebetleri, Ukraina Prezidenti Viktor Yanukovi\u00e7ni\u00f1 T\u00fcrkiyege resmiy ziyaretini muzakere ettiler. Bundan da \u011fayr\u0131 Meclis reisi M.Cemilev ve T\u00fcrkiye Cumhuriyetini\u00f1 Ukrainadaki ya\u00f1\u0131 el\u00e7isi M. Samsar [&hellip;]<\/p>\n","protected":false},"author":1,"featured_media":0,"comment_status":"open","ping_status":"open","sticky":false,"template":"","format":"standard","meta":{"inline_featured_image":false,"footnotes":""},"categories":[265],"tags":[],"class_list":["post-27460","post","type-post","status-publish","format-standard","hentry","category-haberler"],"acf":[],"yoast_head":"<!-- This site is optimized with the Yoast SEO plugin v27.4 - https:\/\/yoast.com\/product\/yoast-seo-wordpress\/ -->\n<title>Meclis reisi M.Cemilev T\u00fcrkiye Cumhuriyetini\u00f1 Ukrainadaki ya\u00f1\u0131 el\u00e7isinen k\u00f6r\u00fc\u015fti - \u041c\u0435\u0434\u0436\u043b\u0456\u0441<\/title>\n<meta name=\"robots\" content=\"index, follow, max-snippet:-1, max-image-preview:large, max-video-preview:-1\" \/>\n<link rel=\"canonical\" href=\"https:\/\/qtmm.org\/qt\/meclis-reisi-m-cemilev-turkiye-cumhuriyetinin-ukrainadaki-yani-elcisinen-korusti\/\" \/>\n<meta property=\"og:locale\" content=\"en_US\" \/>\n<meta property=\"og:type\" content=\"article\" \/>\n<meta property=\"og:title\" content=\"Meclis reisi M.Cemilev T\u00fcrkiye Cumhuriyetini\u00f1 Ukrainadaki ya\u00f1\u0131 el\u00e7isinen k\u00f6r\u00fc\u015fti - \u041c\u0435\u0434\u0436\u043b\u0456\u0441\" \/>\n<meta property=\"og:description\" content=\"Q\u0131r\u0131mtatar halq\u0131 Meclisini\u00f1 reisi, Ukraina halq deputat\u0131 M.Cemilev 8 dekabr k\u00fcn\u00fc Kiyevde T\u00fcrkiye Cumhuriyetini\u00f1 Ukrainadaki ya\u00f1\u0131 el\u00e7isi Mehmat Samsar ile k\u00f6r\u00fc\u015fip, Q\u0131r\u0131mdaki vaziyetni, q\u0131r\u0131mtatarlarn\u0131\u00f1 esas problemleri. Meclisni\u00f1 muhtariyattaki ya\u00f1\u0131 \u00fck\u00fcmet yolba\u015f\u00e7\u0131s\u0131nen munasebetleri, Ukraina Prezidenti Viktor Yanukovi\u00e7ni\u00f1 T\u00fcrkiyege resmiy ziyaretini muzakere ettiler. Bundan da \u011fayr\u0131 Meclis reisi M.Cemilev ve T\u00fcrkiye Cumhuriyetini\u00f1 Ukrainadaki ya\u00f1\u0131 el\u00e7isi M. Samsar [&hellip;]\" \/>\n<meta property=\"og:url\" content=\"https:\/\/qtmm.org\/qt\/meclis-reisi-m-cemilev-turkiye-cumhuriyetinin-ukrainadaki-yani-elcisinen-korusti\/\" \/>\n<meta property=\"og:site_name\" content=\"\u041c\u0435\u0434\u0436\u043b\u0456\u0441\" \/>\n<meta property=\"article:publisher\" content=\"https:\/\/www.facebook.com\/qtmm.info\/\" \/>\n<meta property=\"article:published_time\" content=\"2011-12-08T19:40:00+00:00\" \/>\n<meta property=\"article:modified_time\" content=\"2022-01-19T19:40:30+00:00\" \/>\n<meta name=\"author\" content=\"Developer\" \/>\n<meta name=\"twitter:card\" content=\"summary_large_image\" \/>\n<meta name=\"twitter:label1\" content=\"Written by\" \/>\n\t<meta name=\"twitter:data1\" content=\"Developer\" \/>\n\t<meta name=\"twitter:label2\" content=\"Est. reading time\" \/>\n\t<meta name=\"twitter:data2\" content=\"1 minute\" \/>\n<script type=\"application\/ld+json\" class=\"yoast-schema-graph\">{\"@context\":\"https:\\\/\\\/schema.org\",\"@graph\":[{\"@type\":\"Article\",\"@id\":\"https:\\\/\\\/qtmm.org\\\/qt\\\/meclis-reisi-m-cemilev-turkiye-cumhuriyetinin-ukrainadaki-yani-elcisinen-korusti\\\/#article\",\"isPartOf\":{\"@id\":\"https:\\\/\\\/qtmm.org\\\/qt\\\/meclis-reisi-m-cemilev-turkiye-cumhuriyetinin-ukrainadaki-yani-elcisinen-korusti\\\/\"},\"author\":{\"name\":\"Developer\",\"@id\":\"https:\\\/\\\/qtmm.org\\\/qt\\\/#\\\/schema\\\/person\\\/de562469f971dec226ac06e60bbf74a7\"},\"headline\":\"Meclis reisi M.Cemilev T\u00fcrkiye Cumhuriyetini\u00f1 Ukrainadaki ya\u00f1\u0131 el\u00e7isinen k\u00f6r\u00fc\u015fti\",\"datePublished\":\"2011-12-08T19:40:00+00:00\",\"dateModified\":\"2022-01-19T19:40:30+00:00\",\"mainEntityOfPage\":{\"@id\":\"https:\\\/\\\/qtmm.org\\\/qt\\\/meclis-reisi-m-cemilev-turkiye-cumhuriyetinin-ukrainadaki-yani-elcisinen-korusti\\\/\"},\"wordCount\":239,\"commentCount\":0,\"publisher\":{\"@id\":\"https:\\\/\\\/qtmm.org\\\/qt\\\/#organization\"},\"articleSection\":[\"Haberler\"],\"inLanguage\":\"qt\",\"potentialAction\":[{\"@type\":\"CommentAction\",\"name\":\"Comment\",\"target\":[\"https:\\\/\\\/qtmm.org\\\/qt\\\/meclis-reisi-m-cemilev-turkiye-cumhuriyetinin-ukrainadaki-yani-elcisinen-korusti\\\/#respond\"]}]},{\"@type\":\"WebPage\",\"@id\":\"https:\\\/\\\/qtmm.org\\\/qt\\\/meclis-reisi-m-cemilev-turkiye-cumhuriyetinin-ukrainadaki-yani-elcisinen-korusti\\\/\",\"url\":\"https:\\\/\\\/qtmm.org\\\/qt\\\/meclis-reisi-m-cemilev-turkiye-cumhuriyetinin-ukrainadaki-yani-elcisinen-korusti\\\/\",\"name\":\"Meclis reisi M.Cemilev T\u00fcrkiye Cumhuriyetini\u00f1 Ukrainadaki ya\u00f1\u0131 el\u00e7isinen k\u00f6r\u00fc\u015fti - \u041c\u0435\u0434\u0436\u043b\u0456\u0441\",\"isPartOf\":{\"@id\":\"https:\\\/\\\/qtmm.org\\\/qt\\\/#website\"},\"datePublished\":\"2011-12-08T19:40:00+00:00\",\"dateModified\":\"2022-01-19T19:40:30+00:00\",\"breadcrumb\":{\"@id\":\"https:\\\/\\\/qtmm.org\\\/qt\\\/meclis-reisi-m-cemilev-turkiye-cumhuriyetinin-ukrainadaki-yani-elcisinen-korusti\\\/#breadcrumb\"},\"inLanguage\":\"qt\",\"potentialAction\":[{\"@type\":\"ReadAction\",\"target\":[\"https:\\\/\\\/qtmm.org\\\/qt\\\/meclis-reisi-m-cemilev-turkiye-cumhuriyetinin-ukrainadaki-yani-elcisinen-korusti\\\/\"]}]},{\"@type\":\"BreadcrumbList\",\"@id\":\"https:\\\/\\\/qtmm.org\\\/qt\\\/meclis-reisi-m-cemilev-turkiye-cumhuriyetinin-ukrainadaki-yani-elcisinen-korusti\\\/#breadcrumb\",\"itemListElement\":[{\"@type\":\"ListItem\",\"position\":1,\"name\":\"\u0413\u043e\u043b\u043e\u0432\u043d\u0430\",\"item\":\"https:\\\/\\\/qtmm.org\\\/qt\\\/\"},{\"@type\":\"ListItem\",\"position\":2,\"name\":\"Meclis reisi M.Cemilev T\u00fcrkiye Cumhuriyetini\u00f1 Ukrainadaki ya\u00f1\u0131 el\u00e7isinen k\u00f6r\u00fc\u015fti\"}]},{\"@type\":\"WebSite\",\"@id\":\"https:\\\/\\\/qtmm.org\\\/qt\\\/#website\",\"url\":\"https:\\\/\\\/qtmm.org\\\/qt\\\/\",\"name\":\"\u041c\u0435\u0434\u0436\u043b\u0456\u0441\",\"description\":\"\",\"publisher\":{\"@id\":\"https:\\\/\\\/qtmm.org\\\/qt\\\/#organization\"},\"potentialAction\":[{\"@type\":\"SearchAction\",\"target\":{\"@type\":\"EntryPoint\",\"urlTemplate\":\"https:\\\/\\\/qtmm.org\\\/qt\\\/?s={search_term_string}\"},\"query-input\":{\"@type\":\"PropertyValueSpecification\",\"valueRequired\":true,\"valueName\":\"search_term_string\"}}],\"inLanguage\":\"qt\"},{\"@type\":\"Organization\",\"@id\":\"https:\\\/\\\/qtmm.org\\\/qt\\\/#organization\",\"name\":\"\u041c\u0435\u0434\u0436\u043b\u0456\u0441\",\"url\":\"https:\\\/\\\/qtmm.org\\\/qt\\\/\",\"logo\":{\"@type\":\"ImageObject\",\"inLanguage\":\"qt\",\"@id\":\"https:\\\/\\\/qtmm.org\\\/qt\\\/#\\\/schema\\\/logo\\\/image\\\/\",\"url\":\"https:\\\/\\\/qtmm.org\\\/wp-content\\\/uploads\\\/2024\\\/12\\\/ua-mejlis-logo-rgb.svg\",\"contentUrl\":\"https:\\\/\\\/qtmm.org\\\/wp-content\\\/uploads\\\/2024\\\/12\\\/ua-mejlis-logo-rgb.svg\",\"caption\":\"\u041c\u0435\u0434\u0436\u043b\u0456\u0441\"},\"image\":{\"@id\":\"https:\\\/\\\/qtmm.org\\\/qt\\\/#\\\/schema\\\/logo\\\/image\\\/\"},\"sameAs\":[\"https:\\\/\\\/www.facebook.com\\\/qtmm.info\\\/\"]},{\"@type\":\"Person\",\"@id\":\"https:\\\/\\\/qtmm.org\\\/qt\\\/#\\\/schema\\\/person\\\/de562469f971dec226ac06e60bbf74a7\",\"name\":\"Developer\",\"image\":{\"@type\":\"ImageObject\",\"inLanguage\":\"qt\",\"@id\":\"https:\\\/\\\/secure.gravatar.com\\\/avatar\\\/392b4cc8fbfeb00b39dfeeab4ee6edded39ffd48e25858637e4765810300227e?s=96&d=mm&r=g\",\"url\":\"https:\\\/\\\/secure.gravatar.com\\\/avatar\\\/392b4cc8fbfeb00b39dfeeab4ee6edded39ffd48e25858637e4765810300227e?s=96&d=mm&r=g\",\"contentUrl\":\"https:\\\/\\\/secure.gravatar.com\\\/avatar\\\/392b4cc8fbfeb00b39dfeeab4ee6edded39ffd48e25858637e4765810300227e?s=96&d=mm&r=g\",\"caption\":\"Developer\"},\"url\":\"https:\\\/\\\/qtmm.org\\\/qt\\\/author\\\/Developer\\\/\"}]}<\/script>\n<!-- \/ Yoast SEO plugin. -->","yoast_head_json":{"title":"Meclis reisi M.Cemilev T\u00fcrkiye Cumhuriyetini\u00f1 Ukrainadaki ya\u00f1\u0131 el\u00e7isinen k\u00f6r\u00fc\u015fti - \u041c\u0435\u0434\u0436\u043b\u0456\u0441","robots":{"index":"index","follow":"follow","max-snippet":"max-snippet:-1","max-image-preview":"max-image-preview:large","max-video-preview":"max-video-preview:-1"},"canonical":"https:\/\/qtmm.org\/qt\/meclis-reisi-m-cemilev-turkiye-cumhuriyetinin-ukrainadaki-yani-elcisinen-korusti\/","og_locale":"en_US","og_type":"article","og_title":"Meclis reisi M.Cemilev T\u00fcrkiye Cumhuriyetini\u00f1 Ukrainadaki ya\u00f1\u0131 el\u00e7isinen k\u00f6r\u00fc\u015fti - \u041c\u0435\u0434\u0436\u043b\u0456\u0441","og_description":"Q\u0131r\u0131mtatar halq\u0131 Meclisini\u00f1 reisi, Ukraina halq deputat\u0131 M.Cemilev 8 dekabr k\u00fcn\u00fc Kiyevde T\u00fcrkiye Cumhuriyetini\u00f1 Ukrainadaki ya\u00f1\u0131 el\u00e7isi Mehmat Samsar ile k\u00f6r\u00fc\u015fip, Q\u0131r\u0131mdaki vaziyetni, q\u0131r\u0131mtatarlarn\u0131\u00f1 esas problemleri. Meclisni\u00f1 muhtariyattaki ya\u00f1\u0131 \u00fck\u00fcmet yolba\u015f\u00e7\u0131s\u0131nen munasebetleri, Ukraina Prezidenti Viktor Yanukovi\u00e7ni\u00f1 T\u00fcrkiyege resmiy ziyaretini muzakere ettiler. Bundan da \u011fayr\u0131 Meclis reisi M.Cemilev ve T\u00fcrkiye Cumhuriyetini\u00f1 Ukrainadaki ya\u00f1\u0131 el\u00e7isi M. Samsar [&hellip;]","og_url":"https:\/\/qtmm.org\/qt\/meclis-reisi-m-cemilev-turkiye-cumhuriyetinin-ukrainadaki-yani-elcisinen-korusti\/","og_site_name":"\u041c\u0435\u0434\u0436\u043b\u0456\u0441","article_publisher":"https:\/\/www.facebook.com\/qtmm.info\/","article_published_time":"2011-12-08T19:40:00+00:00","article_modified_time":"2022-01-19T19:40:30+00:00","author":"Developer","twitter_card":"summary_large_image","twitter_misc":{"Written by":"Developer","Est. reading time":"1 minute"},"schema":{"@context":"https:\/\/schema.org","@graph":[{"@type":"Article","@id":"https:\/\/qtmm.org\/qt\/meclis-reisi-m-cemilev-turkiye-cumhuriyetinin-ukrainadaki-yani-elcisinen-korusti\/#article","isPartOf":{"@id":"https:\/\/qtmm.org\/qt\/meclis-reisi-m-cemilev-turkiye-cumhuriyetinin-ukrainadaki-yani-elcisinen-korusti\/"},"author":{"name":"Developer","@id":"https:\/\/qtmm.org\/qt\/#\/schema\/person\/de562469f971dec226ac06e60bbf74a7"},"headline":"Meclis reisi M.Cemilev T\u00fcrkiye Cumhuriyetini\u00f1 Ukrainadaki ya\u00f1\u0131 el\u00e7isinen k\u00f6r\u00fc\u015fti","datePublished":"2011-12-08T19:40:00+00:00","dateModified":"2022-01-19T19:40:30+00:00","mainEntityOfPage":{"@id":"https:\/\/qtmm.org\/qt\/meclis-reisi-m-cemilev-turkiye-cumhuriyetinin-ukrainadaki-yani-elcisinen-korusti\/"},"wordCount":239,"commentCount":0,"publisher":{"@id":"https:\/\/qtmm.org\/qt\/#organization"},"articleSection":["Haberler"],"inLanguage":"qt","potentialAction":[{"@type":"CommentAction","name":"Comment","target":["https:\/\/qtmm.org\/qt\/meclis-reisi-m-cemilev-turkiye-cumhuriyetinin-ukrainadaki-yani-elcisinen-korusti\/#respond"]}]},{"@type":"WebPage","@id":"https:\/\/qtmm.org\/qt\/meclis-reisi-m-cemilev-turkiye-cumhuriyetinin-ukrainadaki-yani-elcisinen-korusti\/","url":"https:\/\/qtmm.org\/qt\/meclis-reisi-m-cemilev-turkiye-cumhuriyetinin-ukrainadaki-yani-elcisinen-korusti\/","name":"Meclis reisi M.Cemilev T\u00fcrkiye Cumhuriyetini\u00f1 Ukrainadaki ya\u00f1\u0131 el\u00e7isinen k\u00f6r\u00fc\u015fti - \u041c\u0435\u0434\u0436\u043b\u0456\u0441","isPartOf":{"@id":"https:\/\/qtmm.org\/qt\/#website"},"datePublished":"2011-12-08T19:40:00+00:00","dateModified":"2022-01-19T19:40:30+00:00","breadcrumb":{"@id":"https:\/\/qtmm.org\/qt\/meclis-reisi-m-cemilev-turkiye-cumhuriyetinin-ukrainadaki-yani-elcisinen-korusti\/#breadcrumb"},"inLanguage":"qt","potentialAction":[{"@type":"ReadAction","target":["https:\/\/qtmm.org\/qt\/meclis-reisi-m-cemilev-turkiye-cumhuriyetinin-ukrainadaki-yani-elcisinen-korusti\/"]}]},{"@type":"BreadcrumbList","@id":"https:\/\/qtmm.org\/qt\/meclis-reisi-m-cemilev-turkiye-cumhuriyetinin-ukrainadaki-yani-elcisinen-korusti\/#breadcrumb","itemListElement":[{"@type":"ListItem","position":1,"name":"\u0413\u043e\u043b\u043e\u0432\u043d\u0430","item":"https:\/\/qtmm.org\/qt\/"},{"@type":"ListItem","position":2,"name":"Meclis reisi M.Cemilev T\u00fcrkiye Cumhuriyetini\u00f1 Ukrainadaki ya\u00f1\u0131 el\u00e7isinen k\u00f6r\u00fc\u015fti"}]},{"@type":"WebSite","@id":"https:\/\/qtmm.org\/qt\/#website","url":"https:\/\/qtmm.org\/qt\/","name":"\u041c\u0435\u0434\u0436\u043b\u0456\u0441","description":"","publisher":{"@id":"https:\/\/qtmm.org\/qt\/#organization"},"potentialAction":[{"@type":"SearchAction","target":{"@type":"EntryPoint","urlTemplate":"https:\/\/qtmm.org\/qt\/?s={search_term_string}"},"query-input":{"@type":"PropertyValueSpecification","valueRequired":true,"valueName":"search_term_string"}}],"inLanguage":"qt"},{"@type":"Organization","@id":"https:\/\/qtmm.org\/qt\/#organization","name":"\u041c\u0435\u0434\u0436\u043b\u0456\u0441","url":"https:\/\/qtmm.org\/qt\/","logo":{"@type":"ImageObject","inLanguage":"qt","@id":"https:\/\/qtmm.org\/qt\/#\/schema\/logo\/image\/","url":"https:\/\/qtmm.org\/wp-content\/uploads\/2024\/12\/ua-mejlis-logo-rgb.svg","contentUrl":"https:\/\/qtmm.org\/wp-content\/uploads\/2024\/12\/ua-mejlis-logo-rgb.svg","caption":"\u041c\u0435\u0434\u0436\u043b\u0456\u0441"},"image":{"@id":"https:\/\/qtmm.org\/qt\/#\/schema\/logo\/image\/"},"sameAs":["https:\/\/www.facebook.com\/qtmm.info\/"]},{"@type":"Person","@id":"https:\/\/qtmm.org\/qt\/#\/schema\/person\/de562469f971dec226ac06e60bbf74a7","name":"Developer","image":{"@type":"ImageObject","inLanguage":"qt","@id":"https:\/\/secure.gravatar.com\/avatar\/392b4cc8fbfeb00b39dfeeab4ee6edded39ffd48e25858637e4765810300227e?s=96&d=mm&r=g","url":"https:\/\/secure.gravatar.com\/avatar\/392b4cc8fbfeb00b39dfeeab4ee6edded39ffd48e25858637e4765810300227e?s=96&d=mm&r=g","contentUrl":"https:\/\/secure.gravatar.com\/avatar\/392b4cc8fbfeb00b39dfeeab4ee6edded39ffd48e25858637e4765810300227e?s=96&d=mm&r=g","caption":"Developer"},"url":"https:\/\/qtmm.org\/qt\/author\/Developer\/"}]}},"_links":{"self":[{"href":"https:\/\/qtmm.org\/qt\/wp-json\/wp\/v2\/posts\/27460","targetHints":{"allow":["GET"]}}],"collection":[{"href":"https:\/\/qtmm.org\/qt\/wp-json\/wp\/v2\/posts"}],"about":[{"href":"https:\/\/qtmm.org\/qt\/wp-json\/wp\/v2\/types\/post"}],"author":[{"embeddable":true,"href":"https:\/\/qtmm.org\/qt\/wp-json\/wp\/v2\/users\/1"}],"replies":[{"embeddable":true,"href":"https:\/\/qtmm.org\/qt\/wp-json\/wp\/v2\/comments?post=27460"}],"version-history":[{"count":1,"href":"https:\/\/qtmm.org\/qt\/wp-json\/wp\/v2\/posts\/27460\/revisions"}],"predecessor-version":[{"id":27466,"href":"https:\/\/qtmm.org\/qt\/wp-json\/wp\/v2\/posts\/27460\/revisions\/27466"}],"wp:attachment":[{"href":"https:\/\/qtmm.org\/qt\/wp-json\/wp\/v2\/media?parent=27460"}],"wp:term":[{"taxonomy":"category","embeddable":true,"href":"https:\/\/qtmm.org\/qt\/wp-json\/wp\/v2\/categories?post=27460"},{"taxonomy":"post_tag","embeddable":true,"href":"https:\/\/qtmm.org\/qt\/wp-json\/wp\/v2\/tags?post=27460"}],"curies":[{"name":"wp","href":"https:\/\/api.w.org\/{rel}","templated":true}]}}